{"id":26104,"date":"2022-10-20T07:30:00","date_gmt":"2022-10-20T11:30:00","guid":{"rendered":"https:\/\/ktfnews.com\/?p=26104"},"modified":"2022-10-20T08:25:36","modified_gmt":"2022-10-20T12:25:36","slug":"historic-climate-law-signed-by-biden-has-catholic-fingerprints-all-over-it","status":"publish","type":"post","link":"https:\/\/ktfnews.com\/pt\/historic-climate-law-signed-by-biden-has-catholic-fingerprints-all-over-it\/","title":{"rendered":"Historic climate law, signed by Biden, has Catholic fingerprints all over it"},"content":{"rendered":"<p class=\"qtranxs-available-languages-message qtranxs-available-languages-message-pt\">Desculpe, este conte\u00fado s\u00f3 est\u00e1 dispon\u00edvel em <a href=\"https:\/\/ktfnews.com\/en\/wp-json\/wp\/v2\/posts\/26104\" class=\"qtranxs-available-language-link qtranxs-available-language-link-en\" title=\"English\">Ingl\u00eas (Eua)<\/a> e <a href=\"https:\/\/ktfnews.com\/es\/wp-json\/wp\/v2\/posts\/26104\" class=\"qtranxs-available-language-link qtranxs-available-language-link-es\" title=\"Espa\u00f1ol\">Espanhol Europeu<\/a>.<\/p>","protected":false},"excerpt":{"rendered":"<p>Desculpe, este conte\u00fado s\u00f3 est\u00e1 dispon\u00edvel em Ingl\u00eas (Eua) e Espanhol Europeu.<!-- AddThis Advanced Settings generic via filter on wp_trim_excerpt --><\/p>\n","protected":false},"author":6,"featured_media":26105,"comment_status":"open","ping_status":"open","sticky":false,"template":"","format":"standard","meta":{"episode_type":"","audio_file":"","duration":"","filesize":"","date_recorded":"","explicit":"","block":"","filesize_raw":"","_FSMCFIC_featured_image_caption":"Image: Eric Haynes and Shawn Meng from Flickr.com","_FSMCFIC_featured_image_nocaption":"","_FSMCFIC_featured_image_hide":"","_links_to":"","_links_to_target":""},"categories":[722,32],"tags":[954,834],"featured_image_urls":{"medium":"https:\/\/ktfnews.com\/wp-content\/uploads\/2022\/10\/joe-biden-climate-bill-1280-774-300x181.jpg","large":"https:\/\/ktfnews.com\/wp-content\/uploads\/2022\/10\/joe-biden-climate-bill-1280-774-1024x619.jpg","thumbnail":"https:\/\/ktfnews.com\/wp-content\/uploads\/2022\/10\/joe-biden-climate-bill-1280-774-150x150.jpg","medium_large":"https:\/\/ktfnews.com\/wp-content\/uploads\/2022\/10\/joe-biden-climate-bill-1280-774-768x464.jpg","team-small":"https:\/\/ktfnews.com\/wp-content\/uploads\/2022\/10\/joe-biden-climate-bill-1280-774-138x162.jpg","team-overview":"https:\/\/ktfnews.com\/wp-content\/uploads\/2022\/10\/joe-biden-climate-bill-1280-774-200x279.jpg","team-big":"https:\/\/ktfnews.com\/wp-content\/uploads\/2022\/10\/joe-biden-climate-bill-1280-774-540x270.jpg","two-columns":"https:\/\/ktfnews.com\/wp-content\/uploads\/2022\/10\/joe-biden-climate-bill-1280-774-379x242.jpg","one-column":"https:\/\/ktfnews.com\/wp-content\/uploads\/2022\/10\/joe-biden-climate-bill-1280-774-379x242.jpg","mini-square":"https:\/\/ktfnews.com\/wp-content\/uploads\/2022\/10\/joe-biden-climate-bill-1280-774-70x70.jpg","portfolio-widget-mainpage":"https:\/\/ktfnews.com\/wp-content\/uploads\/2022\/10\/joe-biden-climate-bill-1280-774-335x195.jpg","portfolio-single-ajax":"https:\/\/ktfnews.com\/wp-content\/uploads\/2022\/10\/joe-biden-climate-bill-1280-774-670x280.jpg","portfolio-single-big":"https:\/\/ktfnews.com\/wp-content\/uploads\/2022\/10\/joe-biden-climate-bill-1280-774-685x480.jpg","portfolio-single-small":"https:\/\/ktfnews.com\/wp-content\/uploads\/2022\/10\/joe-biden-climate-bill-1280-774-685x280.jpg","portfolio-single-full-big":"https:\/\/ktfnews.com\/wp-content\/uploads\/2022\/10\/joe-biden-climate-bill-1280-774-960x590.jpg","portfolio-single-full-small":"https:\/\/ktfnews.com\/wp-content\/uploads\/2022\/10\/joe-biden-climate-bill-1280-774-960x250.jpg","gallery-post":"https:\/\/ktfnews.com\/wp-content\/uploads\/2022\/10\/joe-biden-climate-bill-1280-774-182x126.jpg","gallery-post-smaller":"https:\/\/ktfnews.com\/wp-content\/uploads\/2022\/10\/joe-biden-climate-bill-1280-774-158x100.jpg","gallery-standard":"https:\/\/ktfnews.com\/wp-content\/uploads\/2022\/10\/joe-biden-climate-bill-1280-774-257x169.jpg","tooltip-preview":"https:\/\/ktfnews.com\/wp-content\/uploads\/2022\/10\/joe-biden-climate-bill-1280-774-227x133.jpg","widget-content-slider":"https:\/\/ktfnews.com\/wp-content\/uploads\/2022\/10\/joe-biden-climate-bill-1280-774-230x137.jpg","post-top-articles":"https:\/\/ktfnews.com\/wp-content\/uploads\/2022\/10\/joe-biden-climate-bill-1280-774-130x100.jpg","post-single-wide":"https:\/\/ktfnews.com\/wp-content\/uploads\/2022\/10\/joe-biden-climate-bill-1280-774-595x360.jpg","post-single-wide-nocrop":"https:\/\/ktfnews.com\/wp-content\/uploads\/2022\/10\/joe-biden-climate-bill-1280-774-595x360.jpg","post-single-wide-mobile":"https:\/\/ktfnews.com\/wp-content\/uploads\/2022\/10\/joe-biden-climate-bill-1280-774-320x190.jpg","post-single-wide-small":"https:\/\/ktfnews.com\/wp-content\/uploads\/2022\/10\/joe-biden-climate-bill-1280-774-595x190.jpg","post-single-square":"https:\/\/ktfnews.com\/wp-content\/uploads\/2022\/10\/joe-biden-climate-bill-1280-774-120x120.jpg","post-single-full-small":"https:\/\/ktfnews.com\/wp-content\/uploads\/2022\/10\/joe-biden-climate-bill-1280-774-950x360.jpg","post-single-full-big":"https:\/\/ktfnews.com\/wp-content\/uploads\/2022\/10\/joe-biden-climate-bill-1280-774-950x590.jpg","photo-blog":"https:\/\/ktfnews.com\/wp-content\/uploads\/2022\/10\/joe-biden-climate-bill-1280-774-768x464.jpg"},"appp_media":null,"yoast_head":"<!-- This site is optimized with the Yoast SEO plugin v17.3 - https:\/\/yoast.com\/wordpress\/plugins\/seo\/ -->\n<meta name=\"robots\" content=\"index, follow, max-snippet:-1, max-image-preview:large, max-video-preview:-1\" \/>\n<link rel=\"canonical\" href=\"https:\/\/ktfnews.com\/historic-climate-law-signed-by-biden-has-catholic-fingerprints-all-over-it\/\" \/>\n<meta property=\"og:locale\" content=\"pt_PT\" \/>\n<meta property=\"og:type\" content=\"article\" \/>\n<meta property=\"og:title\" content=\"[:en]Historic climate law, signed by Biden, has Catholic fingerprints all over it[:es]La hist\u00f3rica ley del clima, firmada por Biden, tiene las huellas de los cat\u00f3licos[:] - KEEP the FAITH\" \/>\n<meta property=\"og:description\" content=\"Desculpe, este conte\u00fado s\u00f3 est\u00e1 dispon\u00edvel em Ingl\u00eas (Eua) e Espanhol Europeu.\" \/>\n<meta property=\"og:url\" content=\"https:\/\/ktfnews.com\/historic-climate-law-signed-by-biden-has-catholic-fingerprints-all-over-it\/\" \/>\n<meta property=\"og:site_name\" content=\"KEEP the FAITH\" \/>\n<meta property=\"article:publisher\" content=\"https:\/\/www.facebook.com\/ktfministry\" \/>\n<meta property=\"article:published_time\" content=\"2022-10-20T11:30:00+00:00\" \/>\n<meta property=\"article:modified_time\" content=\"2022-10-20T12:25:36+00:00\" \/>\n<meta property=\"og:image\" content=\"https:\/\/ktfnews.com\/wp-content\/uploads\/2022\/10\/joe-biden-climate-bill-1280-774.jpg\" \/>\n\t<meta property=\"og:image:width\" content=\"1280\" \/>\n\t<meta property=\"og:image:height\" content=\"774\" \/>\n<meta name=\"twitter:card\" content=\"summary_large_image\" \/>\n<meta name=\"twitter:creator\" content=\"@ktfministry\" \/>\n<meta name=\"twitter:site\" content=\"@ktfministry\" \/>\n<meta name=\"twitter:label1\" content=\"Escrito por\" \/>\n\t<meta name=\"twitter:data1\" content=\"Pastor Hal Mayer\" \/>\n\t<meta name=\"twitter:label2\" content=\"Tempo estimado de leitura\" \/>\n\t<meta name=\"twitter:data2\" content=\"12 minutos\" \/>\n<script type=\"application\/ld+json\" class=\"yoast-schema-graph\">{\"@context\":\"https:\/\/schema.org\",\"@graph\":[{\"@type\":\"WebSite\",\"@id\":\"https:\/\/ktfnews.com\/#website\",\"url\":\"https:\/\/ktfnews.com\/\",\"name\":\"KEEP the FAITH\",\"description\":\"Preparing you for the final conflict between good and evil.\",\"potentialAction\":[{\"@type\":\"SearchAction\",\"target\":{\"@type\":\"EntryPoint\",\"urlTemplate\":\"https:\/\/ktfnews.com\/?s={search_term_string}\"},\"query-input\":\"required name=search_term_string\"}],\"inLanguage\":\"pt-PT\"},{\"@type\":\"ImageObject\",\"@id\":\"https:\/\/ktfnews.com\/historic-climate-law-signed-by-biden-has-catholic-fingerprints-all-over-it\/#primaryimage\",\"inLanguage\":\"pt-PT\",\"url\":\"https:\/\/ktfnews.com\/wp-content\/uploads\/2022\/10\/joe-biden-climate-bill-1280-774.jpg\",\"contentUrl\":\"https:\/\/ktfnews.com\/wp-content\/uploads\/2022\/10\/joe-biden-climate-bill-1280-774.jpg\",\"width\":1280,\"height\":774},{\"@type\":\"WebPage\",\"@id\":\"https:\/\/ktfnews.com\/historic-climate-law-signed-by-biden-has-catholic-fingerprints-all-over-it\/#webpage\",\"url\":\"https:\/\/ktfnews.com\/historic-climate-law-signed-by-biden-has-catholic-fingerprints-all-over-it\/\",\"name\":\"[:en]Historic climate law, signed by Biden, has Catholic fingerprints all over it[:es]La hist\\u00f3rica ley del clima, firmada por Biden, tiene las huellas de los cat\\u00f3licos[:] - KEEP the FAITH\",\"isPartOf\":{\"@id\":\"https:\/\/ktfnews.com\/#website\"},\"primaryImageOfPage\":{\"@id\":\"https:\/\/ktfnews.com\/historic-climate-law-signed-by-biden-has-catholic-fingerprints-all-over-it\/#primaryimage\"},\"datePublished\":\"2022-10-20T11:30:00+00:00\",\"dateModified\":\"2022-10-20T12:25:36+00:00\",\"author\":{\"@id\":\"https:\/\/ktfnews.com\/#\/schema\/person\/ba4174513d9169cf8e229b7d8d60410d\"},\"breadcrumb\":{\"@id\":\"https:\/\/ktfnews.com\/historic-climate-law-signed-by-biden-has-catholic-fingerprints-all-over-it\/#breadcrumb\"},\"inLanguage\":\"pt-PT\",\"potentialAction\":[{\"@type\":\"ReadAction\",\"target\":[\"https:\/\/ktfnews.com\/historic-climate-law-signed-by-biden-has-catholic-fingerprints-all-over-it\/\"]}]},{\"@type\":\"BreadcrumbList\",\"@id\":\"https:\/\/ktfnews.com\/historic-climate-law-signed-by-biden-has-catholic-fingerprints-all-over-it\/#breadcrumb\",\"itemListElement\":[{\"@type\":\"ListItem\",\"position\":1,\"name\":\"Home\",\"item\":\"https:\/\/ktfnews.com\/\"},{\"@type\":\"ListItem\",\"position\":2,\"name\":\"Briefings\",\"item\":\"https:\/\/ktfnews.com\/category\/briefings\/\"},{\"@type\":\"ListItem\",\"position\":3,\"name\":\"Prophetic Intelligence Briefings\",\"item\":\"https:\/\/ktfnews.com\/category\/briefings\/news\/\"},{\"@type\":\"ListItem\",\"position\":4,\"name\":\"Historic climate law, signed by Biden, has Catholic fingerprints all over it\"}]},{\"@type\":\"Person\",\"@id\":\"https:\/\/ktfnews.com\/#\/schema\/person\/ba4174513d9169cf8e229b7d8d60410d\",\"name\":\"Pastor Hal Mayer\",\"image\":{\"@type\":\"ImageObject\",\"@id\":\"https:\/\/ktfnews.com\/#personlogo\",\"inLanguage\":\"pt-PT\",\"url\":\"https:\/\/secure.gravatar.com\/avatar\/051bac95ae650254c5a03467b9456599?s=96&d=mm&r=g\",\"contentUrl\":\"https:\/\/secure.gravatar.com\/avatar\/051bac95ae650254c5a03467b9456599?s=96&d=mm&r=g\",\"caption\":\"Pastor Hal Mayer\"},\"description\":\"Pastor Hal Mayer is speaker and director of Keep the Faith Ministry. For the last 20 years Pastor Mayer\\u2019s monthly prophetic analysis on CD and online has revealed the striking evidence of fulfilling prophecy to many thousands of subscribers all over the world. Pastor Mayer\\u2019s background in history and Bible prophecy give him unique insights and perspectives that have blessed many and helped them make a deeper commitment to the Lord. Keep the Faith Ministry helps those who want to keep abreast of fulfilling prophecy and who want to understand and navigate the unique and difficult circumstances of the end-times. Keep the Faith Ministry helps to prepare you for the second coming of Christ. Pastor Mayer is married to Betsy for more than 40 years. They have no children of their own. \\u201cThe times in which we live are thrilling, because the things prophesied in God\\u2019s word are actually coming to pass in this generation,\\u201d says Pastor Mayer. \\u201cIn a time when the distinctive end-time truths of God\\u2019s word are being censored, and life in this world is becoming more and more chaotic, Keep the Faith is a voice of strength and encouragement.\\u201d\",\"url\":\"https:\/\/ktfnews.com\/pt\/author\/hal\/\"}]}<\/script>\n<!-- \/ Yoast SEO plugin. -->","yoast_head_json":{"robots":{"index":"index","follow":"follow","max-snippet":"max-snippet:-1","max-image-preview":"max-image-preview:large","max-video-preview":"max-video-preview:-1"},"canonical":"https:\/\/ktfnews.com\/historic-climate-law-signed-by-biden-has-catholic-fingerprints-all-over-it\/","og_locale":"pt_PT","og_type":"article","og_title":"[:en]Historic climate law, signed by Biden, has Catholic fingerprints all over it[:es]La hist\u00f3rica ley del clima, firmada por Biden, tiene las huellas de los cat\u00f3licos[:] - KEEP the FAITH","og_description":"Desculpe, este conte\u00fado s\u00f3 est\u00e1 dispon\u00edvel em Ingl\u00eas (Eua) e Espanhol Europeu.","og_url":"https:\/\/ktfnews.com\/historic-climate-law-signed-by-biden-has-catholic-fingerprints-all-over-it\/","og_site_name":"KEEP the FAITH","article_publisher":"https:\/\/www.facebook.com\/ktfministry","article_published_time":"2022-10-20T11:30:00+00:00","article_modified_time":"2022-10-20T12:25:36+00:00","og_image":[{"width":1280,"height":774,"url":"https:\/\/ktfnews.com\/wp-content\/uploads\/2022\/10\/joe-biden-climate-bill-1280-774.jpg","type":"image\/jpeg"}],"twitter_card":"summary_large_image","twitter_creator":"@ktfministry","twitter_site":"@ktfministry","twitter_misc":{"Escrito por":"Pastor Hal Mayer","Tempo estimado de leitura":"12 minutos"},"schema":{"@context":"https:\/\/schema.org","@graph":[{"@type":"WebSite","@id":"https:\/\/ktfnews.com\/#website","url":"https:\/\/ktfnews.com\/","name":"KEEP the FAITH","description":"Preparing you for the final conflict between good and evil.","potentialAction":[{"@type":"SearchAction","target":{"@type":"EntryPoint","urlTemplate":"https:\/\/ktfnews.com\/?s={search_term_string}"},"query-input":"required name=search_term_string"}],"inLanguage":"pt-PT"},{"@type":"ImageObject","@id":"https:\/\/ktfnews.com\/historic-climate-law-signed-by-biden-has-catholic-fingerprints-all-over-it\/#primaryimage","inLanguage":"pt-PT","url":"https:\/\/ktfnews.com\/wp-content\/uploads\/2022\/10\/joe-biden-climate-bill-1280-774.jpg","contentUrl":"https:\/\/ktfnews.com\/wp-content\/uploads\/2022\/10\/joe-biden-climate-bill-1280-774.jpg","width":1280,"height":774},{"@type":"WebPage","@id":"https:\/\/ktfnews.com\/historic-climate-law-signed-by-biden-has-catholic-fingerprints-all-over-it\/#webpage","url":"https:\/\/ktfnews.com\/historic-climate-law-signed-by-biden-has-catholic-fingerprints-all-over-it\/","name":"[:en]Historic climate law, signed by Biden, has Catholic fingerprints all over it[:es]La hist\u00f3rica ley del clima, firmada por Biden, tiene las huellas de los cat\u00f3licos[:] - KEEP the FAITH","isPartOf":{"@id":"https:\/\/ktfnews.com\/#website"},"primaryImageOfPage":{"@id":"https:\/\/ktfnews.com\/historic-climate-law-signed-by-biden-has-catholic-fingerprints-all-over-it\/#primaryimage"},"datePublished":"2022-10-20T11:30:00+00:00","dateModified":"2022-10-20T12:25:36+00:00","author":{"@id":"https:\/\/ktfnews.com\/#\/schema\/person\/ba4174513d9169cf8e229b7d8d60410d"},"breadcrumb":{"@id":"https:\/\/ktfnews.com\/historic-climate-law-signed-by-biden-has-catholic-fingerprints-all-over-it\/#breadcrumb"},"inLanguage":"pt-PT","potentialAction":[{"@type":"ReadAction","target":["https:\/\/ktfnews.com\/historic-climate-law-signed-by-biden-has-catholic-fingerprints-all-over-it\/"]}]},{"@type":"BreadcrumbList","@id":"https:\/\/ktfnews.com\/historic-climate-law-signed-by-biden-has-catholic-fingerprints-all-over-it\/#breadcrumb","itemListElement":[{"@type":"ListItem","position":1,"name":"Home","item":"https:\/\/ktfnews.com\/"},{"@type":"ListItem","position":2,"name":"Briefings","item":"https:\/\/ktfnews.com\/category\/briefings\/"},{"@type":"ListItem","position":3,"name":"Prophetic Intelligence Briefings","item":"https:\/\/ktfnews.com\/category\/briefings\/news\/"},{"@type":"ListItem","position":4,"name":"Historic climate law, signed by Biden, has Catholic fingerprints all over it"}]},{"@type":"Person","@id":"https:\/\/ktfnews.com\/#\/schema\/person\/ba4174513d9169cf8e229b7d8d60410d","name":"Pastor Hal Mayer","image":{"@type":"ImageObject","@id":"https:\/\/ktfnews.com\/#personlogo","inLanguage":"pt-PT","url":"https:\/\/secure.gravatar.com\/avatar\/051bac95ae650254c5a03467b9456599?s=96&d=mm&r=g","contentUrl":"https:\/\/secure.gravatar.com\/avatar\/051bac95ae650254c5a03467b9456599?s=96&d=mm&r=g","caption":"Pastor Hal Mayer"},"description":"Pastor Hal Mayer is speaker and director of Keep the Faith Ministry. For the last 20 years Pastor Mayer\u2019s monthly prophetic analysis on CD and online has revealed the striking evidence of fulfilling prophecy to many thousands of subscribers all over the world. Pastor Mayer\u2019s background in history and Bible prophecy give him unique insights and perspectives that have blessed many and helped them make a deeper commitment to the Lord. Keep the Faith Ministry helps those who want to keep abreast of fulfilling prophecy and who want to understand and navigate the unique and difficult circumstances of the end-times. Keep the Faith Ministry helps to prepare you for the second coming of Christ. Pastor Mayer is married to Betsy for more than 40 years. They have no children of their own. \u201cThe times in which we live are thrilling, because the things prophesied in God\u2019s word are actually coming to pass in this generation,\u201d says Pastor Mayer. \u201cIn a time when the distinctive end-time truths of God\u2019s word are being censored, and life in this world is becoming more and more chaotic, Keep the Faith is a voice of strength and encouragement.\u201d","url":"https:\/\/ktfnews.com\/pt\/author\/hal\/"}]}},"_links":{"self":[{"href":"https:\/\/ktfnews.com\/pt\/wp-json\/wp\/v2\/posts\/26104"}],"collection":[{"href":"https:\/\/ktfnews.com\/pt\/wp-json\/wp\/v2\/posts"}],"about":[{"href":"https:\/\/ktfnews.com\/pt\/wp-json\/wp\/v2\/types\/post"}],"author":[{"embeddable":true,"href":"https:\/\/ktfnews.com\/pt\/wp-json\/wp\/v2\/users\/6"}],"replies":[{"embeddable":true,"href":"https:\/\/ktfnews.com\/pt\/wp-json\/wp\/v2\/comments?post=26104"}],"version-history":[{"count":3,"href":"https:\/\/ktfnews.com\/pt\/wp-json\/wp\/v2\/posts\/26104\/revisions"}],"predecessor-version":[{"id":26111,"href":"https:\/\/ktfnews.com\/pt\/wp-json\/wp\/v2\/posts\/26104\/revisions\/26111"}],"wp:featuredmedia":[{"embeddable":true,"href":"https:\/\/ktfnews.com\/pt\/wp-json\/wp\/v2\/media\/26105"}],"wp:attachment":[{"href":"https:\/\/ktfnews.com\/pt\/wp-json\/wp\/v2\/media?parent=26104"}],"wp:term":[{"taxonomy":"category","embeddable":true,"href":"https:\/\/ktfnews.com\/pt\/wp-json\/wp\/v2\/categories?post=26104"},{"taxonomy":"post_tag","embeddable":true,"href":"https:\/\/ktfnews.com\/pt\/wp-json\/wp\/v2\/tags?post=26104"}],"curies":[{"name":"wp","href":"https:\/\/api.w.org\/{rel}","templated":true}]}}