{"id":9822,"date":"2016-10-18T01:30:53","date_gmt":"2016-10-18T05:30:53","guid":{"rendered":"http:\/\/ktfnews.com\/?p=9822"},"modified":"2016-10-20T15:15:04","modified_gmt":"2016-10-20T19:15:04","slug":"new-black-pope-chosen","status":"publish","type":"post","link":"https:\/\/ktfnews.com\/es\/new-black-pope-chosen\/","title":{"rendered":"Se Elige el Nuevo Papa Negro"},"content":{"rendered":"<p>El viernes 14 de octubre de 2016, Arturo Sosa Abascal S. J., de 67 a\u00f1os, fue elegido como el nuevo Superior General de la Compa\u00f1\u00eda de Jes\u00fas (los jesuitas). \u00c9l es el reemplazo de Adolfo Nicol\u00e1s Pach\u00f3n, S. J.. La Compa\u00f1\u00eda de Jes\u00fas, como se les llama oficialmente, es la mayor organizaci\u00f3n religiosa masculina en la iglesia cat\u00f3lica. Cuenta oficialmente con cerca de 17.000 miembros en todo el mundo.<\/p>\n<p>Abascal naci\u00f3 en Caracas, Venezuela y fue ordenado sacerdote en julio de 1977. Antes de convertirse en el Superior General era el delegado para la Curia, las Casas y Obras Interprovinciales de la Sociedad de Jes\u00fas en Roma. \u00c9l tiene un t\u00edtulo de la Universidad Cat\u00f3lica de Venezuela y un doctorado en ciencias pol\u00edticas de la Universidad Central de Venezuela.<\/p>\n<p>\u00c9l es el Superior General n\u00famero 31. Curiosamente, su historia es paralela a la del Papa Francisco. Se ha convertido en el primer latinoamericano en ser elegido como Superior General de los jesuitas. Su distinguida carrera entre los cat\u00f3licos romanos incluye su designaci\u00f3n como el provincial jesuita de Venezuela, similar a Jorge Bergoglio en Argentina. Antes de eso, \u00e9l estaba a cargo del apostolado social de la Compa\u00f1\u00eda de Jes\u00fas en Venezuela desde el cual supervisaba el sistema escolar cat\u00f3lico masivo en ese pa\u00eds. Tambi\u00e9n fue jefe del Centro Gumilla, una organizaci\u00f3n de investigaci\u00f3n y acci\u00f3n social dirigida por los jesuitas.<\/p>\n<p>El Centro Gumilla intenta fomentar el crecimiento de la organizaci\u00f3n y fortalecimiento de la comunidad. La acci\u00f3n social tiene relaci\u00f3n con el trabajo realizado entre la gente com\u00fan, especialmente los pobres. Su objetivo es fomentar la confianza y la popularidad de los jesuitas y animar a la gente a sentirse insatisfecha con el sistema de gobierno existente para facilitar el cambio, lo cual, naturalmente, favorece a la iglesia cat\u00f3lica. El Centro Gumilla tambi\u00e9n celebra foros p\u00fablicos sobre temas como el resultado de las elecciones y el futuro del pa\u00eds. Sosa es un experto en ciencias pol\u00edticas, y entiende la forma de organizar las comunidades para facilitar el cambio siempre que sea posible, en nombre de ayudar a los pobres.<\/p>\n<p>Sosa \u00abconoce de primera mano el r\u00e9gimen venezolano de Maduro. Su elecci\u00f3n parece estar dise\u00f1ada, en parte, para reforzar la mediaci\u00f3n del Vaticano en la situaci\u00f3n del r\u00e1pido deterioro en Venezuela\u00bb, lo cual fortalece a la iglesia cat\u00f3lica en el pa\u00eds comunista.<\/p>\n<p>Sosa fue miembro del Consejo de la Fundaci\u00f3n de la Universidad Cat\u00f3lica Andr\u00e9s Bello y Rector de la Universidad Cat\u00f3lica del T\u00e1chira, Venezuela, ambas universidades jesuitas. Ha impartido clases como profesor visitante sobre estudios latinoamericanos en la Universidad de Georgetown en los EE.UU. Habla espa\u00f1ol, italiano, ingl\u00e9s y comprende el franc\u00e9s.<\/p>\n<p>En el 2014, fue elegido como Consejero General por Adolfo Nicol\u00e1s durante la 35a Congregaci\u00f3n General. En ese mismo a\u00f1o, se uni\u00f3 a la curia de la Compa\u00f1\u00eda de Jes\u00fas en Roma, como Delegado de la Curia, para las Casas Interprovinciales y Obras de la Compa\u00f1\u00eda de Jes\u00fas en Roma. Estas instituciones est\u00e1n directamente bajo el Superior General de los Jesuitas. Y en ellas se incluyen la Pontificia Universidad Gregoriana, el Pontificio Instituto B\u00edblico, el Pontificio Instituto Oriental y el Observatorio del Vaticano. Quiz\u00e1s su predecesor, Adolfo Nicol\u00e1s, lo trajo a Roma para prepararlo para un potencial liderazgo jesuita y luego hacer que fuese elegido.<\/p>\n<p>Sosa fue elegido despu\u00e9s de una semana de murmuratio, un proceso pol\u00edtico de los jesuitas en el cual unos 212 electores debaten unos con otros sobre los posibles superiores generales, similar al c\u00f3nclave romano. Despu\u00e9s de un tiempo suficiente para desarrollar su influencia pol\u00edtica, se emiten los votos para el nuevo Superior General. No est\u00e1 claro cu\u00e1ntas votaciones eran necesarias pero al parecer s\u00f3lo tard\u00f3 un par de horas.<\/p>\n<p>La Compa\u00f1\u00eda de Jes\u00fas tiene una larga historia de socavar la verdad de Dios, particularmente la reforma protestante. El movimiento ecum\u00e9nico, el cual ha despojado esencialmente a las iglesias protestantes de su protesta por las ense\u00f1anzas y pr\u00e1cticas de Roma, ha sido influenciado en gran medida por los jesuitas. El nuevo Superior General, sin duda, continuar\u00e1 con esta tradici\u00f3n y as\u00ed contribuir\u00e1 para que el mundo se maraville en pos de la bestia y lograr que todos los hombres le adoren.<\/p>\n<p>\u00abEn toda la cristiandad se ve\u00eda amenazado el protestantismo por formidables enemigos. Pasados los primeros triunfos de la Reforma, Roma reuni\u00f3 nuevas fuerzas con la esperanza de acabar con ella. Entonces fue cuando naci\u00f3 la orden de los jesuitas, que iba a ser el m\u00e1s cruel, el menos escrupuloso y el m\u00e1s formidable de todos los campeones del papado. Libres de todo lazo terrenal y de todo inter\u00e9s humano, insensibles a la voz del afecto natural, sordos a los argumentos de la raz\u00f3n y a la voz de la conciencia, no reconoc\u00edan los miembros m\u00e1s ley, ni m\u00e1s sujeci\u00f3n que las de su orden, y no ten\u00edan m\u00e1s preocupaci\u00f3n que la de extender su poder\u00edo\u2026 Para combatir contra estas fuerzas [del protestantismo], el jesuitismo inspiraba a sus adeptos un fanatismo tal, que los habilitaba para soportar peligros similares y oponer al poder de la verdad todas las armas del enga\u00f1o. Para ellos ning\u00fan crimen era demasiado grande, ninguna mentira demasiado vil, ning\u00fan disfraz demasiado dif\u00edcil de llevar. Ligados por votos de pobreza y de humildad perpetuas, estudiaban el arte de adue\u00f1arse de la riqueza y del poder para consagrarlos a la destrucci\u00f3n del protestantismo y al restablecimiento de la supremac\u00eda papal\u201d. El Conflicto de los Siglos, p\u00e1g. 249.<\/p>\n<hr>\n<h3>Source References<\/h3>\n<ul>\n<li>\n<h5><a href=\"https:\/\/es.wikipedia.org\/wiki\/Arturo_Sosa_Abascal\" target=\"_blank\">Wikipedia: Arturo Sosa<\/a><\/h5>\n<\/li>\n<\/ul>\n<ul>\n<li>\n<h5><a href=\"https:\/\/es.wikipedia.org\/wiki\/Compa\u00f1%C3%ADa_de_Jes\u00fas\" target=\"_blank\">Compa\u00f1\u00eda de Jes\u00fas<\/a><\/h5>\n<\/li>\n<\/ul>\n<ul>\n<li>\n<h5><a href=\"https:\/\/es.wikipedia.org\/wiki\/Centro_Gumilla\" target=\"_blank\">Wikipedia: Centro Gumilla<\/a><\/h5>\n<\/li>\n<\/ul>\n<ul>\n<li>\n<h5><a href=\"https:\/\/cruxnow.com\/vatican\/2016\/10\/14\/jesuits-elect-first-latin-american-general\/\" target=\"_blank\">Jesuits elect first Latin-American general<\/a><\/h5>\n<\/li>\n<\/ul>\n<p><\/p>\n<!-- AddThis Advanced Settings generic via filter on the_content -->","protected":false},"excerpt":{"rendered":"<p>El viernes 14 de octubre de 2016, Arturo Sosa Abascal S. J., de 67 a\u00f1os, fue elegido como el nuevo Superior General de la Compa\u00f1\u00eda de Jes\u00fas (los jesuitas). \u00c9l es el reemplazo de Adolfo Nicol\u00e1s Pach\u00f3n, S. J.. La&#8230;<!-- AddThis Advanced Settings generic via filter on wp_trim_excerpt --><\/p>\n","protected":false},"author":6,"featured_media":0,"comment_status":"open","ping_status":"open","sticky":false,"template":"","format":"standard","meta":{"episode_type":"","audio_file":"","duration":"","filesize":"","date_recorded":"","explicit":"","block":"","filesize_raw":"","_FSMCFIC_featured_image_caption":"","_FSMCFIC_featured_image_nocaption":"","_FSMCFIC_featured_image_hide":"","_links_to":"","_links_to_target":""},"categories":[722,32],"tags":[138,65,112,151],"featured_image_urls":{},"appp_media":null,"yoast_head":"<!-- This site is optimized with the Yoast SEO plugin v17.3 - https:\/\/yoast.com\/wordpress\/plugins\/seo\/ -->\n<meta name=\"robots\" content=\"index, follow, max-snippet:-1, max-image-preview:large, max-video-preview:-1\" \/>\n<link rel=\"canonical\" href=\"https:\/\/ktfnews.com\/new-black-pope-chosen\/\" \/>\n<meta property=\"og:locale\" content=\"es_ES\" \/>\n<meta property=\"og:type\" content=\"article\" \/>\n<meta property=\"og:title\" content=\"[:en]New Black Pope Chosen[:es]Se Elige el Nuevo Papa Negro[:] - KEEP the FAITH\" \/>\n<meta property=\"og:description\" content=\"El viernes 14 de octubre de 2016, Arturo Sosa Abascal S. J., de 67 a\u00f1os, fue elegido como el nuevo Superior General de la Compa\u00f1\u00eda de Jes\u00fas (los jesuitas). \u00c9l es el reemplazo de Adolfo Nicol\u00e1s Pach\u00f3n, S. J.. La...\" \/>\n<meta property=\"og:url\" content=\"https:\/\/ktfnews.com\/new-black-pope-chosen\/\" \/>\n<meta property=\"og:site_name\" content=\"KEEP the FAITH\" \/>\n<meta property=\"article:publisher\" content=\"https:\/\/www.facebook.com\/ktfministry\" \/>\n<meta property=\"article:published_time\" content=\"2016-10-18T05:30:53+00:00\" \/>\n<meta property=\"article:modified_time\" content=\"2016-10-20T19:15:04+00:00\" \/>\n<meta property=\"og:image\" content=\"https:\/\/ktfnews.com\/wp-content\/uploads\/2016\/10\/750x420x161015_GC36_Thanksgiving_Mass_Arturo_Sosa_SJ_Election_IE_250-750x420.jpg.pagespeed.ic_.Y63VnoR4lr.jpg\" \/>\n\t<meta property=\"og:image:width\" content=\"750\" \/>\n\t<meta property=\"og:image:height\" content=\"420\" \/>\n<meta name=\"twitter:card\" content=\"summary_large_image\" \/>\n<meta name=\"twitter:creator\" content=\"@ktfministry\" \/>\n<meta name=\"twitter:site\" content=\"@ktfministry\" \/>\n<meta name=\"twitter:label1\" content=\"Escrito por\" \/>\n\t<meta name=\"twitter:data1\" content=\"Pastor Hal Mayer\" \/>\n\t<meta name=\"twitter:label2\" content=\"Tiempo de lectura\" \/>\n\t<meta name=\"twitter:data2\" content=\"9 minutos\" \/>\n<script type=\"application\/ld+json\" class=\"yoast-schema-graph\">{\"@context\":\"https:\/\/schema.org\",\"@graph\":[{\"@type\":\"WebSite\",\"@id\":\"https:\/\/ktfnews.com\/#website\",\"url\":\"https:\/\/ktfnews.com\/\",\"name\":\"KEEP the FAITH\",\"description\":\"Preparing you for the final conflict between good and evil.\",\"potentialAction\":[{\"@type\":\"SearchAction\",\"target\":{\"@type\":\"EntryPoint\",\"urlTemplate\":\"https:\/\/ktfnews.com\/?s={search_term_string}\"},\"query-input\":\"required name=search_term_string\"}],\"inLanguage\":\"es\"},{\"@type\":\"WebPage\",\"@id\":\"https:\/\/ktfnews.com\/new-black-pope-chosen\/#webpage\",\"url\":\"https:\/\/ktfnews.com\/new-black-pope-chosen\/\",\"name\":\"[:en]New Black Pope Chosen[:es]Se Elige el Nuevo Papa Negro[:] - KEEP the FAITH\",\"isPartOf\":{\"@id\":\"https:\/\/ktfnews.com\/#website\"},\"datePublished\":\"2016-10-18T05:30:53+00:00\",\"dateModified\":\"2016-10-20T19:15:04+00:00\",\"author\":{\"@id\":\"https:\/\/ktfnews.com\/#\/schema\/person\/ba4174513d9169cf8e229b7d8d60410d\"},\"breadcrumb\":{\"@id\":\"https:\/\/ktfnews.com\/new-black-pope-chosen\/#breadcrumb\"},\"inLanguage\":\"es\",\"potentialAction\":[{\"@type\":\"ReadAction\",\"target\":[\"https:\/\/ktfnews.com\/new-black-pope-chosen\/\"]}]},{\"@type\":\"BreadcrumbList\",\"@id\":\"https:\/\/ktfnews.com\/new-black-pope-chosen\/#breadcrumb\",\"itemListElement\":[{\"@type\":\"ListItem\",\"position\":1,\"name\":\"Home\",\"item\":\"https:\/\/ktfnews.com\/\"},{\"@type\":\"ListItem\",\"position\":2,\"name\":\"Briefings\",\"item\":\"https:\/\/ktfnews.com\/category\/briefings\/\"},{\"@type\":\"ListItem\",\"position\":3,\"name\":\"Prophetic Intelligence Briefings\",\"item\":\"https:\/\/ktfnews.com\/category\/briefings\/news\/\"},{\"@type\":\"ListItem\",\"position\":4,\"name\":\"New Black Pope Chosen\"}]},{\"@type\":\"Person\",\"@id\":\"https:\/\/ktfnews.com\/#\/schema\/person\/ba4174513d9169cf8e229b7d8d60410d\",\"name\":\"Pastor Hal Mayer\",\"image\":{\"@type\":\"ImageObject\",\"@id\":\"https:\/\/ktfnews.com\/#personlogo\",\"inLanguage\":\"es\",\"url\":\"https:\/\/secure.gravatar.com\/avatar\/051bac95ae650254c5a03467b9456599?s=96&d=mm&r=g\",\"contentUrl\":\"https:\/\/secure.gravatar.com\/avatar\/051bac95ae650254c5a03467b9456599?s=96&d=mm&r=g\",\"caption\":\"Pastor Hal Mayer\"},\"description\":\"Pastor Hal Mayer is speaker and director of Keep the Faith Ministry. For the last 20 years Pastor Mayer\\u2019s monthly prophetic analysis on CD and online has revealed the striking evidence of fulfilling prophecy to many thousands of subscribers all over the world. Pastor Mayer\\u2019s background in history and Bible prophecy give him unique insights and perspectives that have blessed many and helped them make a deeper commitment to the Lord. Keep the Faith Ministry helps those who want to keep abreast of fulfilling prophecy and who want to understand and navigate the unique and difficult circumstances of the end-times. Keep the Faith Ministry helps to prepare you for the second coming of Christ. Pastor Mayer is married to Betsy for more than 40 years. They have no children of their own. \\u201cThe times in which we live are thrilling, because the things prophesied in God\\u2019s word are actually coming to pass in this generation,\\u201d says Pastor Mayer. \\u201cIn a time when the distinctive end-time truths of God\\u2019s word are being censored, and life in this world is becoming more and more chaotic, Keep the Faith is a voice of strength and encouragement.\\u201d\",\"url\":\"https:\/\/ktfnews.com\/es\/author\/hal\/\"}]}<\/script>\n<!-- \/ Yoast SEO plugin. -->","yoast_head_json":{"robots":{"index":"index","follow":"follow","max-snippet":"max-snippet:-1","max-image-preview":"max-image-preview:large","max-video-preview":"max-video-preview:-1"},"canonical":"https:\/\/ktfnews.com\/new-black-pope-chosen\/","og_locale":"es_ES","og_type":"article","og_title":"[:en]New Black Pope Chosen[:es]Se Elige el Nuevo Papa Negro[:] - KEEP the FAITH","og_description":"El viernes 14 de octubre de 2016, Arturo Sosa Abascal S. J., de 67 a\u00f1os, fue elegido como el nuevo Superior General de la Compa\u00f1\u00eda de Jes\u00fas (los jesuitas). \u00c9l es el reemplazo de Adolfo Nicol\u00e1s Pach\u00f3n, S. J.. La...","og_url":"https:\/\/ktfnews.com\/new-black-pope-chosen\/","og_site_name":"KEEP the FAITH","article_publisher":"https:\/\/www.facebook.com\/ktfministry","article_published_time":"2016-10-18T05:30:53+00:00","article_modified_time":"2016-10-20T19:15:04+00:00","og_image":[{"width":750,"height":420,"url":"https:\/\/ktfnews.com\/wp-content\/uploads\/2016\/10\/750x420x161015_GC36_Thanksgiving_Mass_Arturo_Sosa_SJ_Election_IE_250-750x420.jpg.pagespeed.ic_.Y63VnoR4lr.jpg","type":"image\/jpeg"}],"twitter_card":"summary_large_image","twitter_creator":"@ktfministry","twitter_site":"@ktfministry","twitter_misc":{"Escrito por":"Pastor Hal Mayer","Tiempo de lectura":"9 minutos"},"schema":{"@context":"https:\/\/schema.org","@graph":[{"@type":"WebSite","@id":"https:\/\/ktfnews.com\/#website","url":"https:\/\/ktfnews.com\/","name":"KEEP the FAITH","description":"Preparing you for the final conflict between good and evil.","potentialAction":[{"@type":"SearchAction","target":{"@type":"EntryPoint","urlTemplate":"https:\/\/ktfnews.com\/?s={search_term_string}"},"query-input":"required name=search_term_string"}],"inLanguage":"es"},{"@type":"WebPage","@id":"https:\/\/ktfnews.com\/new-black-pope-chosen\/#webpage","url":"https:\/\/ktfnews.com\/new-black-pope-chosen\/","name":"[:en]New Black Pope Chosen[:es]Se Elige el Nuevo Papa Negro[:] - KEEP the FAITH","isPartOf":{"@id":"https:\/\/ktfnews.com\/#website"},"datePublished":"2016-10-18T05:30:53+00:00","dateModified":"2016-10-20T19:15:04+00:00","author":{"@id":"https:\/\/ktfnews.com\/#\/schema\/person\/ba4174513d9169cf8e229b7d8d60410d"},"breadcrumb":{"@id":"https:\/\/ktfnews.com\/new-black-pope-chosen\/#breadcrumb"},"inLanguage":"es","potentialAction":[{"@type":"ReadAction","target":["https:\/\/ktfnews.com\/new-black-pope-chosen\/"]}]},{"@type":"BreadcrumbList","@id":"https:\/\/ktfnews.com\/new-black-pope-chosen\/#breadcrumb","itemListElement":[{"@type":"ListItem","position":1,"name":"Home","item":"https:\/\/ktfnews.com\/"},{"@type":"ListItem","position":2,"name":"Briefings","item":"https:\/\/ktfnews.com\/category\/briefings\/"},{"@type":"ListItem","position":3,"name":"Prophetic Intelligence Briefings","item":"https:\/\/ktfnews.com\/category\/briefings\/news\/"},{"@type":"ListItem","position":4,"name":"New Black Pope Chosen"}]},{"@type":"Person","@id":"https:\/\/ktfnews.com\/#\/schema\/person\/ba4174513d9169cf8e229b7d8d60410d","name":"Pastor Hal Mayer","image":{"@type":"ImageObject","@id":"https:\/\/ktfnews.com\/#personlogo","inLanguage":"es","url":"https:\/\/secure.gravatar.com\/avatar\/051bac95ae650254c5a03467b9456599?s=96&d=mm&r=g","contentUrl":"https:\/\/secure.gravatar.com\/avatar\/051bac95ae650254c5a03467b9456599?s=96&d=mm&r=g","caption":"Pastor Hal Mayer"},"description":"Pastor Hal Mayer is speaker and director of Keep the Faith Ministry. For the last 20 years Pastor Mayer\u2019s monthly prophetic analysis on CD and online has revealed the striking evidence of fulfilling prophecy to many thousands of subscribers all over the world. Pastor Mayer\u2019s background in history and Bible prophecy give him unique insights and perspectives that have blessed many and helped them make a deeper commitment to the Lord. Keep the Faith Ministry helps those who want to keep abreast of fulfilling prophecy and who want to understand and navigate the unique and difficult circumstances of the end-times. Keep the Faith Ministry helps to prepare you for the second coming of Christ. Pastor Mayer is married to Betsy for more than 40 years. They have no children of their own. \u201cThe times in which we live are thrilling, because the things prophesied in God\u2019s word are actually coming to pass in this generation,\u201d says Pastor Mayer. \u201cIn a time when the distinctive end-time truths of God\u2019s word are being censored, and life in this world is becoming more and more chaotic, Keep the Faith is a voice of strength and encouragement.\u201d","url":"https:\/\/ktfnews.com\/es\/author\/hal\/"}]}},"_links":{"self":[{"href":"https:\/\/ktfnews.com\/es\/wp-json\/wp\/v2\/posts\/9822"}],"collection":[{"href":"https:\/\/ktfnews.com\/es\/wp-json\/wp\/v2\/posts"}],"about":[{"href":"https:\/\/ktfnews.com\/es\/wp-json\/wp\/v2\/types\/post"}],"author":[{"embeddable":true,"href":"https:\/\/ktfnews.com\/es\/wp-json\/wp\/v2\/users\/6"}],"replies":[{"embeddable":true,"href":"https:\/\/ktfnews.com\/es\/wp-json\/wp\/v2\/comments?post=9822"}],"version-history":[{"count":0,"href":"https:\/\/ktfnews.com\/es\/wp-json\/wp\/v2\/posts\/9822\/revisions"}],"wp:attachment":[{"href":"https:\/\/ktfnews.com\/es\/wp-json\/wp\/v2\/media?parent=9822"}],"wp:term":[{"taxonomy":"category","embeddable":true,"href":"https:\/\/ktfnews.com\/es\/wp-json\/wp\/v2\/categories?post=9822"},{"taxonomy":"post_tag","embeddable":true,"href":"https:\/\/ktfnews.com\/es\/wp-json\/wp\/v2\/tags?post=9822"}],"curies":[{"name":"wp","href":"https:\/\/api.w.org\/{rel}","templated":true}]}}