{"id":9771,"date":"2016-10-13T01:30:22","date_gmt":"2016-10-13T05:30:22","guid":{"rendered":"http:\/\/ktfnews.com\/?p=9771"},"modified":"2016-10-20T15:01:42","modified_gmt":"2016-10-20T19:01:42","slug":"look-pushing-globalist-ttip","status":"publish","type":"post","link":"https:\/\/ktfnews.com\/es\/look-pushing-globalist-ttip\/","title":{"rendered":"Vean Qui\u00e9n Presiona el Tratado Globalista TTIP"},"content":{"rendered":"<p>Mientras muchos europeos planificaban la protesta para el 17 de septiembre contra el tratado de la Asociaci\u00f3n Transatl\u00e1ntica de Comercio e Inversi\u00f3n (TTIP), el cardenal Reinhard Marx de Munich-Freising, presidente de la Comisi\u00f3n de las Conferencias Episcopales de la Comunidad Europea, dijo que el acuerdo podr\u00eda \u00abcontribuir a un mundo con un orden econ\u00f3mico m\u00e1s justo\u00bb, sobre todo si se abr\u00eda a los pa\u00edses m\u00e1s pobres.<\/p>\n<p>\u00abUn orden econ\u00f3mico mundial justo requiere normas comunes, y el TTIP podr\u00eda ser una manera de lograrlo\u00bb, dijo. \u00abDados los enormes retos sociales y medioambientales de hoy en d\u00eda, no voy a tener una buena sensaci\u00f3n si Europa se retira de la conformaci\u00f3n de la globalizaci\u00f3n y deja los temas y acciones a otros\u00bb, agreg\u00f3 el cardenal.<\/p>\n<p>\u00abNecesitamos un sistema de comercio justo en el marco de una econom\u00eda de mercado social y mundial; los responsables deben seguir negociando y no simplemente renunciar a la ligera\u00bb, expres\u00f3.<\/p>\n<p>Los negociadores de los Estados Unidos y la UE dijeron que esperan concluir el tratado a fines de 2016, el cual ha estado en negociaci\u00f3n desde 2013, y afirman que este promover\u00eda el empleo y salarios m\u00e1s altos.<\/p>\n<p>En una \u00abposici\u00f3n com\u00fan\u00bb y sin precedentes, publicada a mediados de junio, la COMECE y la Conferencia Episcopal de Estados Unidos se comprometieron a trabajar juntos durante las negociaciones. Agregaron que en lugar de la b\u00fasqueda de beneficios, un tratado debe asegurar el desarrollo sostenible, el cuidado de la creaci\u00f3n y la participaci\u00f3n de los ciudadanos as\u00ed como la defensa de las normas laborales acordadas a nivel internacional dando prioridad a prevenir da\u00f1os a las generaciones actuales o futuras.<\/p>\n<p>No hay duda de que van a trabajar juntos y coordinar\u00e1n sus esfuerzos con los pol\u00edticos de ambos lados del oc\u00e9ano Atl\u00e1ntico para conseguir que el acuerdo sea aprobado.<\/p>\n<p>\u00abLas pol\u00edticas comerciales deben basarse en criterios \u00e9ticos centrados en las personas, en la b\u00fasqueda del bien com\u00fan para nuestros pa\u00edses y para todas las personas en todo el mundo\u00bb, dijo el comunicado.<\/p>\n<p>La centralizaci\u00f3n del poder comienza con los acuerdos comerciales. Esos tratados comerciales conducen a organizaciones supranacionales que los regulen. Esto conlleva a la convergencia econ\u00f3mica y m\u00e1s entidades supranacionales que regulen las naciones en el acuerdo. La Uni\u00f3n Europea, la cual comenz\u00f3 con un acuerdo comercial, es un ejemplo cl\u00e1sico de este proceso. Los acuerdos de libre comercio no son libres. Ellos est\u00e1n regulados y controlados.<\/p>\n<p>El Vaticano es una organizaci\u00f3n globalista y quiere ver el surgimiento de organizaciones supranacionales centralizadas para poder estar implicada en la regulaci\u00f3n de ellas y prepararles para una religi\u00f3n global. Roma trabaja detr\u00e1s del tel\u00f3n con los comerciantes y reyes de la tierra para conseguir sus acuerdos comerciales, los cuales a su vez le dan m\u00e1s prestigio y poder.<\/p>\n<p>Los Estados Unidos y el Vaticano, as\u00ed como los eur\u00f3cratas de Bruselas, est\u00e1n trabajando juntos para organizar un gobierno global. Todos ellos est\u00e1n trabajando en el inter\u00e9s de Roma.<\/p>\n<p>Hablando del castigo de Roma, la Biblia dice: \u00bb Los mercaderes de estas cosas, que se han enriquecido a costa de ella, se parar\u00e1n lejos por el temor de su tormento, llorando y lamentando, y diciendo: !Ay, ay, de la gran ciudad, que estaba vestida de lino fino, de p\u00farpura y de escarlata, y estaba adornada de oro, de piedras preciosas y de perlas! Porque en una hora han sido consumidas tantas riquezas\u00bb. Apocalipsis 18: 15\u201317.<\/p>\n<hr>\n<h3>Source References<\/h3>\n<ul>\n<li>\n<h5><a href=\"https:\/\/cruxnow.com\/global-church\/2016\/09\/14\/german-cardinal-defends-controversial-euus-trade-treaty\/\" target=\"_blank\">German cardinal defends controversial EU\/US trade treaty<\/a><\/h5>\n<\/li>\n<\/ul>\n<p><\/p>\n<!-- AddThis Advanced Settings generic via filter on the_content -->","protected":false},"excerpt":{"rendered":"<p>Mientras muchos europeos planificaban la protesta para el 17 de septiembre contra el tratado de la Asociaci\u00f3n Transatl\u00e1ntica de Comercio e Inversi\u00f3n (TTIP), el cardenal Reinhard Marx de Munich-Freising, presidente de la Comisi\u00f3n de las Conferencias Episcopales de la Comunidad&#8230;<!-- AddThis Advanced Settings generic via filter on wp_trim_excerpt --><\/p>\n","protected":false},"author":6,"featured_media":0,"comment_status":"open","ping_status":"open","sticky":false,"template":"","format":"standard","meta":{"episode_type":"","audio_file":"","duration":"","filesize":"","date_recorded":"","explicit":"","block":"","filesize_raw":"","_FSMCFIC_featured_image_caption":"","_FSMCFIC_featured_image_nocaption":"","_FSMCFIC_featured_image_hide":"","_links_to":"","_links_to_target":""},"categories":[722,32],"tags":[138,232,253,365,1565,420,151],"featured_image_urls":{},"appp_media":null,"yoast_head":"<!-- This site is optimized with the Yoast SEO plugin v17.3 - https:\/\/yoast.com\/wordpress\/plugins\/seo\/ -->\n<meta name=\"robots\" content=\"index, follow, max-snippet:-1, max-image-preview:large, max-video-preview:-1\" \/>\n<link rel=\"canonical\" href=\"https:\/\/ktfnews.com\/de\/look-pushing-globalist-ttip\/\" \/>\n<meta property=\"og:locale\" content=\"es_ES\" \/>\n<meta property=\"og:type\" content=\"article\" \/>\n<meta property=\"og:title\" content=\"[:en]Look who is pushing for the Globalist TTIP[:es]Vean Qui\u00e9n Presiona el Tratado Globalista TTIP[:] - KEEP the FAITH\" \/>\n<meta property=\"og:description\" content=\"Mientras muchos europeos planificaban la protesta para el 17 de septiembre contra el tratado de la Asociaci\u00f3n Transatl\u00e1ntica de Comercio e Inversi\u00f3n (TTIP), el cardenal Reinhard Marx de Munich-Freising, presidente de la Comisi\u00f3n de las Conferencias Episcopales de la Comunidad...\" \/>\n<meta property=\"og:url\" content=\"https:\/\/ktfnews.com\/de\/look-pushing-globalist-ttip\/\" \/>\n<meta property=\"og:site_name\" content=\"KEEP the FAITH\" \/>\n<meta property=\"article:publisher\" content=\"https:\/\/www.facebook.com\/ktfministry\" \/>\n<meta property=\"article:published_time\" content=\"2016-10-13T05:30:22+00:00\" \/>\n<meta property=\"article:modified_time\" content=\"2016-10-20T19:01:42+00:00\" \/>\n<meta property=\"og:image\" content=\"https:\/\/ktfnews.com\/wp-content\/uploads\/2016\/10\/2016-09-30-Police-investigating-Cardinal-Pel.jpg\" \/>\n\t<meta property=\"og:image:width\" content=\"680\" \/>\n\t<meta property=\"og:image:height\" content=\"450\" \/>\n<meta name=\"twitter:card\" content=\"summary_large_image\" \/>\n<meta name=\"twitter:creator\" content=\"@ktfministry\" \/>\n<meta name=\"twitter:site\" content=\"@ktfministry\" \/>\n<meta name=\"twitter:label1\" content=\"Escrito por\" \/>\n\t<meta name=\"twitter:data1\" content=\"Pastor Hal Mayer\" \/>\n\t<meta name=\"twitter:label2\" content=\"Tiempo de lectura\" \/>\n\t<meta name=\"twitter:data2\" content=\"6 minutos\" \/>\n<script type=\"application\/ld+json\" class=\"yoast-schema-graph\">{\"@context\":\"https:\/\/schema.org\",\"@graph\":[{\"@type\":\"WebSite\",\"@id\":\"https:\/\/ktfnews.com\/#website\",\"url\":\"https:\/\/ktfnews.com\/\",\"name\":\"KEEP the FAITH\",\"description\":\"Preparing you for the final conflict between good and evil.\",\"potentialAction\":[{\"@type\":\"SearchAction\",\"target\":{\"@type\":\"EntryPoint\",\"urlTemplate\":\"https:\/\/ktfnews.com\/?s={search_term_string}\"},\"query-input\":\"required name=search_term_string\"}],\"inLanguage\":\"es\"},{\"@type\":\"WebPage\",\"@id\":\"https:\/\/ktfnews.com\/de\/look-pushing-globalist-ttip\/#webpage\",\"url\":\"https:\/\/ktfnews.com\/de\/look-pushing-globalist-ttip\/\",\"name\":\"[:en]Look who is pushing for the Globalist TTIP[:es]Vean Qui\\u00e9n Presiona el Tratado Globalista TTIP[:] - KEEP the FAITH\",\"isPartOf\":{\"@id\":\"https:\/\/ktfnews.com\/#website\"},\"datePublished\":\"2016-10-13T05:30:22+00:00\",\"dateModified\":\"2016-10-20T19:01:42+00:00\",\"author\":{\"@id\":\"https:\/\/ktfnews.com\/#\/schema\/person\/ba4174513d9169cf8e229b7d8d60410d\"},\"breadcrumb\":{\"@id\":\"https:\/\/ktfnews.com\/de\/look-pushing-globalist-ttip\/#breadcrumb\"},\"inLanguage\":\"es\",\"potentialAction\":[{\"@type\":\"ReadAction\",\"target\":[\"https:\/\/ktfnews.com\/de\/look-pushing-globalist-ttip\/\"]}]},{\"@type\":\"BreadcrumbList\",\"@id\":\"https:\/\/ktfnews.com\/de\/look-pushing-globalist-ttip\/#breadcrumb\",\"itemListElement\":[{\"@type\":\"ListItem\",\"position\":1,\"name\":\"Home\",\"item\":\"https:\/\/ktfnews.com\/\"},{\"@type\":\"ListItem\",\"position\":2,\"name\":\"Briefings\",\"item\":\"https:\/\/ktfnews.com\/category\/briefings\/\"},{\"@type\":\"ListItem\",\"position\":3,\"name\":\"Prophetic Intelligence Briefings\",\"item\":\"https:\/\/ktfnews.com\/category\/briefings\/news\/\"},{\"@type\":\"ListItem\",\"position\":4,\"name\":\"Look who is pushing for the Globalist TTIP\"}]},{\"@type\":\"Person\",\"@id\":\"https:\/\/ktfnews.com\/#\/schema\/person\/ba4174513d9169cf8e229b7d8d60410d\",\"name\":\"Pastor Hal Mayer\",\"image\":{\"@type\":\"ImageObject\",\"@id\":\"https:\/\/ktfnews.com\/#personlogo\",\"inLanguage\":\"es\",\"url\":\"https:\/\/secure.gravatar.com\/avatar\/051bac95ae650254c5a03467b9456599?s=96&d=mm&r=g\",\"contentUrl\":\"https:\/\/secure.gravatar.com\/avatar\/051bac95ae650254c5a03467b9456599?s=96&d=mm&r=g\",\"caption\":\"Pastor Hal Mayer\"},\"description\":\"Pastor Hal Mayer is speaker and director of Keep the Faith Ministry. For the last 20 years Pastor Mayer\\u2019s monthly prophetic analysis on CD and online has revealed the striking evidence of fulfilling prophecy to many thousands of subscribers all over the world. Pastor Mayer\\u2019s background in history and Bible prophecy give him unique insights and perspectives that have blessed many and helped them make a deeper commitment to the Lord. Keep the Faith Ministry helps those who want to keep abreast of fulfilling prophecy and who want to understand and navigate the unique and difficult circumstances of the end-times. Keep the Faith Ministry helps to prepare you for the second coming of Christ. Pastor Mayer is married to Betsy for more than 40 years. They have no children of their own. \\u201cThe times in which we live are thrilling, because the things prophesied in God\\u2019s word are actually coming to pass in this generation,\\u201d says Pastor Mayer. \\u201cIn a time when the distinctive end-time truths of God\\u2019s word are being censored, and life in this world is becoming more and more chaotic, Keep the Faith is a voice of strength and encouragement.\\u201d\",\"url\":\"https:\/\/ktfnews.com\/es\/author\/hal\/\"}]}<\/script>\n<!-- \/ Yoast SEO plugin. -->","yoast_head_json":{"robots":{"index":"index","follow":"follow","max-snippet":"max-snippet:-1","max-image-preview":"max-image-preview:large","max-video-preview":"max-video-preview:-1"},"canonical":"https:\/\/ktfnews.com\/de\/look-pushing-globalist-ttip\/","og_locale":"es_ES","og_type":"article","og_title":"[:en]Look who is pushing for the Globalist TTIP[:es]Vean Qui\u00e9n Presiona el Tratado Globalista TTIP[:] - KEEP the FAITH","og_description":"Mientras muchos europeos planificaban la protesta para el 17 de septiembre contra el tratado de la Asociaci\u00f3n Transatl\u00e1ntica de Comercio e Inversi\u00f3n (TTIP), el cardenal Reinhard Marx de Munich-Freising, presidente de la Comisi\u00f3n de las Conferencias Episcopales de la Comunidad...","og_url":"https:\/\/ktfnews.com\/de\/look-pushing-globalist-ttip\/","og_site_name":"KEEP the FAITH","article_publisher":"https:\/\/www.facebook.com\/ktfministry","article_published_time":"2016-10-13T05:30:22+00:00","article_modified_time":"2016-10-20T19:01:42+00:00","og_image":[{"width":680,"height":450,"url":"https:\/\/ktfnews.com\/wp-content\/uploads\/2016\/10\/2016-09-30-Police-investigating-Cardinal-Pel.jpg","type":"image\/jpeg"}],"twitter_card":"summary_large_image","twitter_creator":"@ktfministry","twitter_site":"@ktfministry","twitter_misc":{"Escrito por":"Pastor Hal Mayer","Tiempo de lectura":"6 minutos"},"schema":{"@context":"https:\/\/schema.org","@graph":[{"@type":"WebSite","@id":"https:\/\/ktfnews.com\/#website","url":"https:\/\/ktfnews.com\/","name":"KEEP the FAITH","description":"Preparing you for the final conflict between good and evil.","potentialAction":[{"@type":"SearchAction","target":{"@type":"EntryPoint","urlTemplate":"https:\/\/ktfnews.com\/?s={search_term_string}"},"query-input":"required name=search_term_string"}],"inLanguage":"es"},{"@type":"WebPage","@id":"https:\/\/ktfnews.com\/de\/look-pushing-globalist-ttip\/#webpage","url":"https:\/\/ktfnews.com\/de\/look-pushing-globalist-ttip\/","name":"[:en]Look who is pushing for the Globalist TTIP[:es]Vean Qui\u00e9n Presiona el Tratado Globalista TTIP[:] - KEEP the FAITH","isPartOf":{"@id":"https:\/\/ktfnews.com\/#website"},"datePublished":"2016-10-13T05:30:22+00:00","dateModified":"2016-10-20T19:01:42+00:00","author":{"@id":"https:\/\/ktfnews.com\/#\/schema\/person\/ba4174513d9169cf8e229b7d8d60410d"},"breadcrumb":{"@id":"https:\/\/ktfnews.com\/de\/look-pushing-globalist-ttip\/#breadcrumb"},"inLanguage":"es","potentialAction":[{"@type":"ReadAction","target":["https:\/\/ktfnews.com\/de\/look-pushing-globalist-ttip\/"]}]},{"@type":"BreadcrumbList","@id":"https:\/\/ktfnews.com\/de\/look-pushing-globalist-ttip\/#breadcrumb","itemListElement":[{"@type":"ListItem","position":1,"name":"Home","item":"https:\/\/ktfnews.com\/"},{"@type":"ListItem","position":2,"name":"Briefings","item":"https:\/\/ktfnews.com\/category\/briefings\/"},{"@type":"ListItem","position":3,"name":"Prophetic Intelligence Briefings","item":"https:\/\/ktfnews.com\/category\/briefings\/news\/"},{"@type":"ListItem","position":4,"name":"Look who is pushing for the Globalist TTIP"}]},{"@type":"Person","@id":"https:\/\/ktfnews.com\/#\/schema\/person\/ba4174513d9169cf8e229b7d8d60410d","name":"Pastor Hal Mayer","image":{"@type":"ImageObject","@id":"https:\/\/ktfnews.com\/#personlogo","inLanguage":"es","url":"https:\/\/secure.gravatar.com\/avatar\/051bac95ae650254c5a03467b9456599?s=96&d=mm&r=g","contentUrl":"https:\/\/secure.gravatar.com\/avatar\/051bac95ae650254c5a03467b9456599?s=96&d=mm&r=g","caption":"Pastor Hal Mayer"},"description":"Pastor Hal Mayer is speaker and director of Keep the Faith Ministry. For the last 20 years Pastor Mayer\u2019s monthly prophetic analysis on CD and online has revealed the striking evidence of fulfilling prophecy to many thousands of subscribers all over the world. Pastor Mayer\u2019s background in history and Bible prophecy give him unique insights and perspectives that have blessed many and helped them make a deeper commitment to the Lord. Keep the Faith Ministry helps those who want to keep abreast of fulfilling prophecy and who want to understand and navigate the unique and difficult circumstances of the end-times. Keep the Faith Ministry helps to prepare you for the second coming of Christ. Pastor Mayer is married to Betsy for more than 40 years. They have no children of their own. \u201cThe times in which we live are thrilling, because the things prophesied in God\u2019s word are actually coming to pass in this generation,\u201d says Pastor Mayer. \u201cIn a time when the distinctive end-time truths of God\u2019s word are being censored, and life in this world is becoming more and more chaotic, Keep the Faith is a voice of strength and encouragement.\u201d","url":"https:\/\/ktfnews.com\/es\/author\/hal\/"}]}},"_links":{"self":[{"href":"https:\/\/ktfnews.com\/es\/wp-json\/wp\/v2\/posts\/9771"}],"collection":[{"href":"https:\/\/ktfnews.com\/es\/wp-json\/wp\/v2\/posts"}],"about":[{"href":"https:\/\/ktfnews.com\/es\/wp-json\/wp\/v2\/types\/post"}],"author":[{"embeddable":true,"href":"https:\/\/ktfnews.com\/es\/wp-json\/wp\/v2\/users\/6"}],"replies":[{"embeddable":true,"href":"https:\/\/ktfnews.com\/es\/wp-json\/wp\/v2\/comments?post=9771"}],"version-history":[{"count":0,"href":"https:\/\/ktfnews.com\/es\/wp-json\/wp\/v2\/posts\/9771\/revisions"}],"wp:attachment":[{"href":"https:\/\/ktfnews.com\/es\/wp-json\/wp\/v2\/media?parent=9771"}],"wp:term":[{"taxonomy":"category","embeddable":true,"href":"https:\/\/ktfnews.com\/es\/wp-json\/wp\/v2\/categories?post=9771"},{"taxonomy":"post_tag","embeddable":true,"href":"https:\/\/ktfnews.com\/es\/wp-json\/wp\/v2\/tags?post=9771"}],"curies":[{"name":"wp","href":"https:\/\/api.w.org\/{rel}","templated":true}]}}