{"id":9755,"date":"2016-10-06T01:30:25","date_gmt":"2016-10-06T05:30:25","guid":{"rendered":"http:\/\/ktfnews.com\/?p=9755"},"modified":"2016-10-20T14:34:46","modified_gmt":"2016-10-20T18:34:46","slug":"president-obama-calls-world-religion","status":"publish","type":"post","link":"https:\/\/ktfnews.com\/es\/president-obama-calls-world-religion\/","title":{"rendered":"Presidente Obama Pide una Religi\u00f3n Mundial"},"content":{"rendered":"<p>El presidente Obama disert\u00f3 otra vez ante las Naciones Unidas en septiembre. Su discurso estuvo saturado de globalizaci\u00f3n. Sugiri\u00f3 que las naciones \u00abpoderosas\u00bb como los Estados Unidos deb\u00edan subordinarse a la ONU e hizo el llamado para que haya un sistema global de orden.<\/p>\n<p>Obama se\u00f1al\u00f3 que 25 a\u00f1os despu\u00e9s del fin de la Guerra Fr\u00eda, el mundo est\u00e1 \u00ablleno de incertidumbre, malestar y conflicto\u00bb. Eso no deber\u00eda causarnos sorpresa. La Biblia predijo eso y m\u00e1s. Es una de las se\u00f1ales del tiempo del fin. \u00abY habr\u00e1 se\u00f1ales en el sol, en la luna y en las estrellas, y sobre la tierra, angustia entre las naciones, perplejas a causa del rugido del mar y de las olas&#8230;\u00bb Lucas 21:25 (LBA).<\/p>\n<p>Obama continu\u00f3 diciendo: \u00abA pesar del enorme progreso, la gente ha venido perdiendo confianza en las instituciones. Cada vez se hace m\u00e1s dif\u00edcil gobernar y las tensiones entre naciones se forman m\u00e1s r\u00e1pido. Por lo que creo que en este momento todos nos enfrentamos a una decisi\u00f3n. Podemos elegir presionar para avanzar hacia un mejor modelo de cooperaci\u00f3n e integraci\u00f3n. O podemos retirarnos a un mundo profundamente dividido y finalmente, en conflicto a lo largo de las l\u00edneas ancestrales de naci\u00f3n, tribu, raza y religi\u00f3n\u00bb.<\/p>\n<p>\u00bfSe entiende esto? \u00c9l est\u00e1 llamando a cada naci\u00f3n, tribu, raza y religi\u00f3n para que se unan. \u00bfQu\u00e9 dice la Biblia acerca de los Estados Unidos? \u00abY ejerce toda la autoridad de la primera bestia en presencia de ella, y hace que la tierra y los moradores de ella adoren a la primera bestia, cuya herida mortal fue sanada\u00bb. Apocalipsis 13:12. El presidente Obama tambi\u00e9n est\u00e1 pidiendo una religi\u00f3n mundial.<\/p>\n<p>El presidente Obama inst\u00f3 a los l\u00edderes mundiales a \u00abseguir adelante\u00bb en el \u00abcamino existente de la integraci\u00f3n global\u00bb, a pesar de los desaf\u00edos que \u00e9l atribuye al \u00abfundamentalismo religioso\u00bb, \u00abnacionalismo agresivo\u00bb y \u00abvulgar populismo\u00bb.<\/p>\n<p>As\u00ed que tanto el presidente como el Papa condenan el fundamentalismo religioso. Por supuesto, que actualmente se le define como el fundamentalismo violento vinculado usualmente a los islamistas radicales. Pero realmente est\u00e1 preparando el escenario para la lucha real contra el pueblo de Dios que se aferre a la verdad b\u00edblica del S\u00e1bado.<\/p>\n<p>El presidente Obama habl\u00f3 en c\u00f3digo para los conservadores. Expres\u00f3 que aquellos que comparten los valores conservadores est\u00e1n tratando de restaurar \u00abuna era m\u00e1s sencilla, mejor y libre de contaminaci\u00f3n exterior\u00bb. \u00abNo podemos descartar esta visi\u00f3n puesto que es poderosa\u00bb, agreg\u00f3. \u00abRefleja la insatisfacci\u00f3n entre muchos de nuestros ciudadanos. No creo que esa visi\u00f3n pueda ofrecer la seguridad o prosperidad a largo plazo pero s\u00ed creo que nos puede ayudar a reconocer, en un nivel muy b\u00e1sico, nuestra humanidad com\u00fan\u00bb.<\/p>\n<p>\u00c9l est\u00e1 hablando del bien com\u00fan, un concepto papal que insta a todas las naciones y tendencias pol\u00edticas a unirse y apoyar lo que es mejor para toda la humanidad.<\/p>\n<p>El Presidente present\u00f3 varias formas de avanzar hacia la globalizaci\u00f3n. Entre ellas est\u00e1 comprendida la eliminaci\u00f3n de \u00abla desigualdad salarial,\u00bb la lucha contra el \u00abcambio clim\u00e1tico\u00bb, abrazar la integraci\u00f3n cultural, dar fin al fundamentalismo y mantener la cooperaci\u00f3n internacional. Estos tambi\u00e9n son objetivos papales.<\/p>\n<p>\u00abSi naciones poderosas como la m\u00eda aceptan restricciones\u00bb, afirm\u00f3, \u00abentonces podremos sustituir la guerra con la cooperaci\u00f3n\u00bb. En nombre de la promoci\u00f3n de la paz, el Presidente se est\u00e1 alineando con el Papa y la ONU, e invitando a la guerra contra el fundamentalismo, el cambio clim\u00e1tico y la injusticia social. \u00bfPodr\u00edan los Estados Unidos liderar el camino hacia la restricci\u00f3n de la libertad religiosa y la introducci\u00f3n de una ley dominical como modelo para todo el mundo? Ya se est\u00e1n dirigiendo hacia ese punto.<\/p>\n<p>\u00abCuando las iglesias principales de los Estados Unidos, uni\u00e9ndose en puntos comunes de doctrina, influyan sobre el estado para que imponga los decretos y las instituciones de ellas, entonces la Am\u00e9rica protestante habr\u00e1 formado una imagen de la jerarqu\u00eda romana, y la inflicci\u00f3n de penas civiles contra los disidentes vendr\u00e1 de por s\u00ed sola\u201d. El Conflicto de los Siglos, p\u00e1g. 498.<\/p>\n<p>El presidente de EE.UU. ya est\u00e1 presionando para que haya una religi\u00f3n mundial. \u00bfQu\u00e9 tan f\u00e1cil ser\u00e1 para un presidente con una agenda similar el adoptar la presi\u00f3n de las iglesias a fin de promover una ley dominical en los Estados Unidos? Ya se est\u00e1 preparando el escenario. Ya casi llegamos a ese nivel.<\/p>\n<hr>\n<h3>Source References<\/h3>\n<ul>\n<li>\n<h5><a href=\"http:\/\/www.nytimes.com\/es\/2016\/09\/20\/obama-se-despide-de-la-onu-con-una-alerta-sobre-el-peligro-de-los-nacionalismos\/\" target=\"_blank\">Obama se despide de la ONU con una alerta sobre el peligro de los nacionalismos<\/a><\/h5>\n<\/li>\n<\/ul>\n<ul>\n<li>\n<h5><a href=\"http:\/\/www.charismanews.com\/politics\/issues\/60040-president-obama-s-last-un-speech-is-steeped-in-globalism\" target=\"_blank\">President Obama&#8217;s Last UN Speech Is Steeped in Globalism<\/a><\/h5>\n<\/li>\n<\/ul>\n<p><\/p>\n<!-- AddThis Advanced Settings generic via filter on the_content -->","protected":false},"excerpt":{"rendered":"<p>El presidente Obama disert\u00f3 otra vez ante las Naciones Unidas en septiembre. Su discurso estuvo saturado de globalizaci\u00f3n. Sugiri\u00f3 que las naciones \u00abpoderosas\u00bb como los Estados Unidos deb\u00edan subordinarse a la ONU e hizo el llamado para que haya un&#8230;<!-- AddThis Advanced Settings generic via filter on wp_trim_excerpt --><\/p>\n","protected":false},"author":6,"featured_media":0,"comment_status":"open","ping_status":"open","sticky":false,"template":"","format":"standard","meta":{"episode_type":"","audio_file":"","duration":"","filesize":"","date_recorded":"","explicit":"","block":"","filesize_raw":"","_FSMCFIC_featured_image_caption":"","_FSMCFIC_featured_image_nocaption":"","_FSMCFIC_featured_image_hide":"","_links_to":"","_links_to_target":""},"categories":[722,32],"tags":[951,1280,253,816,1202,420],"featured_image_urls":{},"appp_media":null,"yoast_head":"<!-- This site is optimized with the Yoast SEO plugin v17.3 - https:\/\/yoast.com\/wordpress\/plugins\/seo\/ -->\n<meta name=\"robots\" content=\"index, follow, max-snippet:-1, max-image-preview:large, max-video-preview:-1\" \/>\n<link rel=\"canonical\" href=\"https:\/\/ktfnews.com\/president-obama-calls-world-religion\/\" \/>\n<meta property=\"og:locale\" content=\"es_ES\" \/>\n<meta property=\"og:type\" content=\"article\" \/>\n<meta property=\"og:title\" content=\"[:en]President Obama Calls for World Religion[:es]Presidente Obama Pide una Religi\u00f3n Mundial[:] - KEEP the FAITH\" \/>\n<meta property=\"og:description\" content=\"El presidente Obama disert\u00f3 otra vez ante las Naciones Unidas en septiembre. Su discurso estuvo saturado de globalizaci\u00f3n. Sugiri\u00f3 que las naciones \u00abpoderosas\u00bb como los Estados Unidos deb\u00edan subordinarse a la ONU e hizo el llamado para que haya un...\" \/>\n<meta property=\"og:url\" content=\"https:\/\/ktfnews.com\/president-obama-calls-world-religion\/\" \/>\n<meta property=\"og:site_name\" content=\"KEEP the FAITH\" \/>\n<meta property=\"article:publisher\" content=\"https:\/\/www.facebook.com\/ktfministry\" \/>\n<meta property=\"article:published_time\" content=\"2016-10-06T05:30:25+00:00\" \/>\n<meta property=\"article:modified_time\" content=\"2016-10-20T18:34:46+00:00\" \/>\n<meta property=\"og:image\" content=\"https:\/\/ktfnews.com\/wp-content\/uploads\/2016\/10\/President-Obama-UN-General-Assembly-Reuters.jpg\" \/>\n\t<meta property=\"og:image:width\" content=\"618\" \/>\n\t<meta property=\"og:image:height\" content=\"340\" \/>\n<meta name=\"twitter:card\" content=\"summary_large_image\" \/>\n<meta name=\"twitter:creator\" content=\"@ktfministry\" \/>\n<meta name=\"twitter:site\" content=\"@ktfministry\" \/>\n<meta name=\"twitter:label1\" content=\"Escrito por\" \/>\n\t<meta name=\"twitter:data1\" content=\"Pastor Hal Mayer\" \/>\n\t<meta name=\"twitter:label2\" content=\"Tiempo de lectura\" \/>\n\t<meta name=\"twitter:data2\" content=\"7 minutos\" \/>\n<script type=\"application\/ld+json\" class=\"yoast-schema-graph\">{\"@context\":\"https:\/\/schema.org\",\"@graph\":[{\"@type\":\"WebSite\",\"@id\":\"https:\/\/ktfnews.com\/#website\",\"url\":\"https:\/\/ktfnews.com\/\",\"name\":\"KEEP the FAITH\",\"description\":\"Preparing you for the final conflict between good and evil.\",\"potentialAction\":[{\"@type\":\"SearchAction\",\"target\":{\"@type\":\"EntryPoint\",\"urlTemplate\":\"https:\/\/ktfnews.com\/?s={search_term_string}\"},\"query-input\":\"required name=search_term_string\"}],\"inLanguage\":\"es\"},{\"@type\":\"WebPage\",\"@id\":\"https:\/\/ktfnews.com\/president-obama-calls-world-religion\/#webpage\",\"url\":\"https:\/\/ktfnews.com\/president-obama-calls-world-religion\/\",\"name\":\"[:en]President Obama Calls for World Religion[:es]Presidente Obama Pide una Religi\\u00f3n Mundial[:] - KEEP the FAITH\",\"isPartOf\":{\"@id\":\"https:\/\/ktfnews.com\/#website\"},\"datePublished\":\"2016-10-06T05:30:25+00:00\",\"dateModified\":\"2016-10-20T18:34:46+00:00\",\"author\":{\"@id\":\"https:\/\/ktfnews.com\/#\/schema\/person\/ba4174513d9169cf8e229b7d8d60410d\"},\"breadcrumb\":{\"@id\":\"https:\/\/ktfnews.com\/president-obama-calls-world-religion\/#breadcrumb\"},\"inLanguage\":\"es\",\"potentialAction\":[{\"@type\":\"ReadAction\",\"target\":[\"https:\/\/ktfnews.com\/president-obama-calls-world-religion\/\"]}]},{\"@type\":\"BreadcrumbList\",\"@id\":\"https:\/\/ktfnews.com\/president-obama-calls-world-religion\/#breadcrumb\",\"itemListElement\":[{\"@type\":\"ListItem\",\"position\":1,\"name\":\"Home\",\"item\":\"https:\/\/ktfnews.com\/\"},{\"@type\":\"ListItem\",\"position\":2,\"name\":\"Briefings\",\"item\":\"https:\/\/ktfnews.com\/category\/briefings\/\"},{\"@type\":\"ListItem\",\"position\":3,\"name\":\"Prophetic Intelligence Briefings\",\"item\":\"https:\/\/ktfnews.com\/category\/briefings\/news\/\"},{\"@type\":\"ListItem\",\"position\":4,\"name\":\"President Obama Calls for World Religion\"}]},{\"@type\":\"Person\",\"@id\":\"https:\/\/ktfnews.com\/#\/schema\/person\/ba4174513d9169cf8e229b7d8d60410d\",\"name\":\"Pastor Hal Mayer\",\"image\":{\"@type\":\"ImageObject\",\"@id\":\"https:\/\/ktfnews.com\/#personlogo\",\"inLanguage\":\"es\",\"url\":\"https:\/\/secure.gravatar.com\/avatar\/051bac95ae650254c5a03467b9456599?s=96&d=mm&r=g\",\"contentUrl\":\"https:\/\/secure.gravatar.com\/avatar\/051bac95ae650254c5a03467b9456599?s=96&d=mm&r=g\",\"caption\":\"Pastor Hal Mayer\"},\"description\":\"Pastor Hal Mayer is speaker and director of Keep the Faith Ministry. For the last 20 years Pastor Mayer\\u2019s monthly prophetic analysis on CD and online has revealed the striking evidence of fulfilling prophecy to many thousands of subscribers all over the world. Pastor Mayer\\u2019s background in history and Bible prophecy give him unique insights and perspectives that have blessed many and helped them make a deeper commitment to the Lord. Keep the Faith Ministry helps those who want to keep abreast of fulfilling prophecy and who want to understand and navigate the unique and difficult circumstances of the end-times. Keep the Faith Ministry helps to prepare you for the second coming of Christ. Pastor Mayer is married to Betsy for more than 40 years. They have no children of their own. \\u201cThe times in which we live are thrilling, because the things prophesied in God\\u2019s word are actually coming to pass in this generation,\\u201d says Pastor Mayer. \\u201cIn a time when the distinctive end-time truths of God\\u2019s word are being censored, and life in this world is becoming more and more chaotic, Keep the Faith is a voice of strength and encouragement.\\u201d\",\"url\":\"https:\/\/ktfnews.com\/es\/author\/hal\/\"}]}<\/script>\n<!-- \/ Yoast SEO plugin. -->","yoast_head_json":{"robots":{"index":"index","follow":"follow","max-snippet":"max-snippet:-1","max-image-preview":"max-image-preview:large","max-video-preview":"max-video-preview:-1"},"canonical":"https:\/\/ktfnews.com\/president-obama-calls-world-religion\/","og_locale":"es_ES","og_type":"article","og_title":"[:en]President Obama Calls for World Religion[:es]Presidente Obama Pide una Religi\u00f3n Mundial[:] - KEEP the FAITH","og_description":"El presidente Obama disert\u00f3 otra vez ante las Naciones Unidas en septiembre. Su discurso estuvo saturado de globalizaci\u00f3n. Sugiri\u00f3 que las naciones \u00abpoderosas\u00bb como los Estados Unidos deb\u00edan subordinarse a la ONU e hizo el llamado para que haya un...","og_url":"https:\/\/ktfnews.com\/president-obama-calls-world-religion\/","og_site_name":"KEEP the FAITH","article_publisher":"https:\/\/www.facebook.com\/ktfministry","article_published_time":"2016-10-06T05:30:25+00:00","article_modified_time":"2016-10-20T18:34:46+00:00","og_image":[{"width":618,"height":340,"url":"https:\/\/ktfnews.com\/wp-content\/uploads\/2016\/10\/President-Obama-UN-General-Assembly-Reuters.jpg","type":"image\/jpeg"}],"twitter_card":"summary_large_image","twitter_creator":"@ktfministry","twitter_site":"@ktfministry","twitter_misc":{"Escrito por":"Pastor Hal Mayer","Tiempo de lectura":"7 minutos"},"schema":{"@context":"https:\/\/schema.org","@graph":[{"@type":"WebSite","@id":"https:\/\/ktfnews.com\/#website","url":"https:\/\/ktfnews.com\/","name":"KEEP the FAITH","description":"Preparing you for the final conflict between good and evil.","potentialAction":[{"@type":"SearchAction","target":{"@type":"EntryPoint","urlTemplate":"https:\/\/ktfnews.com\/?s={search_term_string}"},"query-input":"required name=search_term_string"}],"inLanguage":"es"},{"@type":"WebPage","@id":"https:\/\/ktfnews.com\/president-obama-calls-world-religion\/#webpage","url":"https:\/\/ktfnews.com\/president-obama-calls-world-religion\/","name":"[:en]President Obama Calls for World Religion[:es]Presidente Obama Pide una Religi\u00f3n Mundial[:] - KEEP the FAITH","isPartOf":{"@id":"https:\/\/ktfnews.com\/#website"},"datePublished":"2016-10-06T05:30:25+00:00","dateModified":"2016-10-20T18:34:46+00:00","author":{"@id":"https:\/\/ktfnews.com\/#\/schema\/person\/ba4174513d9169cf8e229b7d8d60410d"},"breadcrumb":{"@id":"https:\/\/ktfnews.com\/president-obama-calls-world-religion\/#breadcrumb"},"inLanguage":"es","potentialAction":[{"@type":"ReadAction","target":["https:\/\/ktfnews.com\/president-obama-calls-world-religion\/"]}]},{"@type":"BreadcrumbList","@id":"https:\/\/ktfnews.com\/president-obama-calls-world-religion\/#breadcrumb","itemListElement":[{"@type":"ListItem","position":1,"name":"Home","item":"https:\/\/ktfnews.com\/"},{"@type":"ListItem","position":2,"name":"Briefings","item":"https:\/\/ktfnews.com\/category\/briefings\/"},{"@type":"ListItem","position":3,"name":"Prophetic Intelligence Briefings","item":"https:\/\/ktfnews.com\/category\/briefings\/news\/"},{"@type":"ListItem","position":4,"name":"President Obama Calls for World Religion"}]},{"@type":"Person","@id":"https:\/\/ktfnews.com\/#\/schema\/person\/ba4174513d9169cf8e229b7d8d60410d","name":"Pastor Hal Mayer","image":{"@type":"ImageObject","@id":"https:\/\/ktfnews.com\/#personlogo","inLanguage":"es","url":"https:\/\/secure.gravatar.com\/avatar\/051bac95ae650254c5a03467b9456599?s=96&d=mm&r=g","contentUrl":"https:\/\/secure.gravatar.com\/avatar\/051bac95ae650254c5a03467b9456599?s=96&d=mm&r=g","caption":"Pastor Hal Mayer"},"description":"Pastor Hal Mayer is speaker and director of Keep the Faith Ministry. For the last 20 years Pastor Mayer\u2019s monthly prophetic analysis on CD and online has revealed the striking evidence of fulfilling prophecy to many thousands of subscribers all over the world. Pastor Mayer\u2019s background in history and Bible prophecy give him unique insights and perspectives that have blessed many and helped them make a deeper commitment to the Lord. Keep the Faith Ministry helps those who want to keep abreast of fulfilling prophecy and who want to understand and navigate the unique and difficult circumstances of the end-times. Keep the Faith Ministry helps to prepare you for the second coming of Christ. Pastor Mayer is married to Betsy for more than 40 years. They have no children of their own. \u201cThe times in which we live are thrilling, because the things prophesied in God\u2019s word are actually coming to pass in this generation,\u201d says Pastor Mayer. \u201cIn a time when the distinctive end-time truths of God\u2019s word are being censored, and life in this world is becoming more and more chaotic, Keep the Faith is a voice of strength and encouragement.\u201d","url":"https:\/\/ktfnews.com\/es\/author\/hal\/"}]}},"_links":{"self":[{"href":"https:\/\/ktfnews.com\/es\/wp-json\/wp\/v2\/posts\/9755"}],"collection":[{"href":"https:\/\/ktfnews.com\/es\/wp-json\/wp\/v2\/posts"}],"about":[{"href":"https:\/\/ktfnews.com\/es\/wp-json\/wp\/v2\/types\/post"}],"author":[{"embeddable":true,"href":"https:\/\/ktfnews.com\/es\/wp-json\/wp\/v2\/users\/6"}],"replies":[{"embeddable":true,"href":"https:\/\/ktfnews.com\/es\/wp-json\/wp\/v2\/comments?post=9755"}],"version-history":[{"count":0,"href":"https:\/\/ktfnews.com\/es\/wp-json\/wp\/v2\/posts\/9755\/revisions"}],"wp:attachment":[{"href":"https:\/\/ktfnews.com\/es\/wp-json\/wp\/v2\/media?parent=9755"}],"wp:term":[{"taxonomy":"category","embeddable":true,"href":"https:\/\/ktfnews.com\/es\/wp-json\/wp\/v2\/categories?post=9755"},{"taxonomy":"post_tag","embeddable":true,"href":"https:\/\/ktfnews.com\/es\/wp-json\/wp\/v2\/tags?post=9755"}],"curies":[{"name":"wp","href":"https:\/\/api.w.org\/{rel}","templated":true}]}}