{"id":9575,"date":"2016-09-08T01:30:35","date_gmt":"2016-09-08T05:30:35","guid":{"rendered":"http:\/\/ktfnews.com\/?p=9575"},"modified":"2016-09-20T17:16:26","modified_gmt":"2016-09-20T21:16:26","slug":"berlin-preparing-war","status":"publish","type":"post","link":"https:\/\/ktfnews.com\/es\/berlin-preparing-war\/","title":{"rendered":"Berl\u00edn se Prepara para la Guerra"},"content":{"rendered":"<p>Alemania ha tomado por completo \u00absu papel de l\u00edder natural en los asuntos econ\u00f3micos y monetarios de la UE\u00bb, de acuerdo con el Consejo Europeo de Relaciones Exteriores. Durante los \u00faltimos diez a\u00f1os, la Rep\u00fablica Federal de Alemania se ha convertido indiscutiblemente en la mayor potencia de la UE. \u00abLas elites pol\u00edticas de todos los estados miembros est\u00e1n de acuerdo en que Alemania es el m\u00e1s influyente\u00bb. En consecuencia, los \u00absocios de la UE\u00bb necesitan \u00abdecidir c\u00f3mo manejar el poder de Alemania\u00bb.<\/p>\n<p>Recientemente, Berl\u00edn tambi\u00e9n ha \u00abtomado un papel m\u00e1s protag\u00f3nico en la pol\u00edtica exterior y de seguridad. Ha \u00abasumido un papel fundamental\u00bb en la respuesta de Europa a sus tres \u201cprincipales retos de la pol\u00edtica exterior de 2015,\u00bb incluyendo el conflicto en Ucrania, la \u00faltima erupci\u00f3n de la crisis econ\u00f3mica en Grecia y la crisis de refugiados. Hace poco, el Presidente del Comit\u00e9 de Asuntos Exteriores del Bundestag, Norbert R\u00f6ttgen (CDU), confirm\u00f3 en una entrevista con los medios: \u00abDebemos acostumbrarnos al hecho de que tenemos claramente un papel de liderazgo en la UE.\u00bb<\/p>\n<p>\u00abPor s\u00ed misma\u00bb, Alemania es \u00abdemasiado peque\u00f1a para efectuar cambios en las pol\u00edticas globales\u00bb, pero puede utilizar los pa\u00edses de la UE para \u00abempujar juntos sobre cuestiones de integraci\u00f3n y de pol\u00edtica exterior\u00bb, logrando que Europa tenga el \u00abpeso pol\u00edtico que Alemania necesita para lograr sus intereses\u00bb.<\/p>\n<p>No todos est\u00e1n satisfechos con este arreglo. Existe \u00abfrustraci\u00f3n por el dominio alem\u00e1n\u00bb. \u00abLa clase pol\u00edtica de Alemania\u00bb sigue considerando que la UE es \u00abel mejor marco disponible para la articulaci\u00f3n de sus intereses nacionales\u00bb, en lugar de contemplar los intereses de la UE en conjunto.<\/p>\n<p>Adem\u00e1s, \u00abBerl\u00edn ha comenzado a tomar un enfoque m\u00e1s pragm\u00e1tico hacia la OTAN\u00bb. Ya no insiste en buscar soluciones dentro del marco de la UE para asegurar el predominio alem\u00e1n. Si es necesario, Berl\u00edn est\u00e1 lista para recurrir a los recursos de la OTAN si as\u00ed lo ve factible.<\/p>\n<p>El tema de Alemania o la forma en que el resto de los pa\u00edses de la UE deben relacionarse con su poder, se encuentra \u00abnuevamente en el centro de la pol\u00edtica europea\u00bb. Los socios de Berl\u00edn en la UE tendr\u00e1n \u00abque decidir c\u00f3mo hacerle frente a la fortaleza de Alemania\u00bb. No va a desaparecer y \u00abno va a tener el equilibrio que ten\u00eda antes de la unificaci\u00f3n en 1990\u00bb.<\/p>\n<p>Berl\u00edn est\u00e1 llevando a cabo una pol\u00edtica abiertamente globalista, que incluye preparativos para la guerra; tales como una acumulaci\u00f3n masiva de servicios militares y de inteligencia. Y tambi\u00e9n est\u00e1 exigiendo que sus socios de la UE hagan lo mismo. \u00abEl objetivo es tener una fuerza militar europea com\u00fan\u00bb, declar\u00f3 en julio, el Ministro de Econom\u00eda alem\u00e1n y Vicecanciller, Sigmar Gabriel (SPD). Se han aprobado varias propuestas por el Bundestag, tales como el \u00abConcepto de Defensa Civil\u00bb, que incluye la constituci\u00f3n de un estado de emergencia que lleve a nuevas alturas la vigilancia interna y la represi\u00f3n en toda la UE. Recientemente el Ministro del Interior hizo la invitaci\u00f3n a \u00abla intensificaci\u00f3n de los controles fronterizos exteriores\u00bb de Alemania y a un \u00ab\u00edndice de entrada y salida\u00bb, en el que incluso los ciudadanos de la UE sean registrados sistem\u00e1ticamente cada vez que crucen una frontera. Tomadas en conjunto, estas propuestas apuntan hacia la preparaci\u00f3n para la guerra.<\/p>\n<p>\u00abY oir\u00e9is de guerras y rumores de guerra.\u00bb Mateo 24: 6.<\/p>\n<hr>\n<h3>Source References<\/h3>\n<ul>\n<li>\n<h5><a href=\"http:\/\/www.german-foreign-policy.com\/en\/fulltext\/58965\" target=\"_blank\">Leading from the Center<\/a><\/li>\n<\/h5>\n<\/ul>\n<p><\/p>\n<!-- AddThis Advanced Settings generic via filter on the_content -->","protected":false},"excerpt":{"rendered":"<p>Alemania ha tomado por completo \u00absu papel de l\u00edder natural en los asuntos econ\u00f3micos y monetarios de la UE\u00bb, de acuerdo con el Consejo Europeo de Relaciones Exteriores. Durante los \u00faltimos diez a\u00f1os, la Rep\u00fablica Federal de Alemania se ha&#8230;<!-- AddThis Advanced Settings generic via filter on wp_trim_excerpt --><\/p>\n","protected":false},"author":6,"featured_media":0,"comment_status":"open","ping_status":"open","sticky":false,"template":"","format":"standard","meta":{"episode_type":"","audio_file":"","duration":"","filesize":"","date_recorded":"","explicit":"","block":"","filesize_raw":"","_FSMCFIC_featured_image_caption":"","_FSMCFIC_featured_image_nocaption":"","_FSMCFIC_featured_image_hide":"","_links_to":"","_links_to_target":""},"categories":[722,32],"tags":[183,205,253,501,356,71],"featured_image_urls":{},"appp_media":null,"yoast_head":"<!-- This site is optimized with the Yoast SEO plugin v17.3 - https:\/\/yoast.com\/wordpress\/plugins\/seo\/ -->\n<meta name=\"robots\" content=\"index, follow, max-snippet:-1, max-image-preview:large, max-video-preview:-1\" \/>\n<link rel=\"canonical\" href=\"https:\/\/ktfnews.com\/es\/berlin-preparing-war\/\" \/>\n<meta property=\"og:locale\" content=\"es_ES\" \/>\n<meta property=\"og:type\" content=\"article\" \/>\n<meta property=\"og:title\" content=\"[:en]Berlin Preparing for War[:es]Berl\u00edn se Prepara para la Guerra[:] - KEEP the FAITH\" \/>\n<meta property=\"og:description\" content=\"Alemania ha tomado por completo \u00absu papel de l\u00edder natural en los asuntos econ\u00f3micos y monetarios de la UE\u00bb, de acuerdo con el Consejo Europeo de Relaciones Exteriores. Durante los \u00faltimos diez a\u00f1os, la Rep\u00fablica Federal de Alemania se ha...\" \/>\n<meta property=\"og:url\" content=\"https:\/\/ktfnews.com\/es\/berlin-preparing-war\/\" \/>\n<meta property=\"og:site_name\" content=\"KEEP the FAITH\" \/>\n<meta property=\"article:publisher\" content=\"https:\/\/www.facebook.com\/ktfministry\" \/>\n<meta property=\"article:published_time\" content=\"2016-09-08T05:30:35+00:00\" \/>\n<meta property=\"article:modified_time\" content=\"2016-09-20T21:16:26+00:00\" \/>\n<meta property=\"og:image\" content=\"https:\/\/ktfnews.com\/wp-content\/uploads\/2016\/09\/Germany_plans_to_send_troops_this_year_in_Lithuania_for_military_exercises_640_001.jpg\" \/>\n\t<meta property=\"og:image:width\" content=\"640\" \/>\n\t<meta property=\"og:image:height\" content=\"427\" \/>\n<meta name=\"twitter:card\" content=\"summary_large_image\" \/>\n<meta name=\"twitter:creator\" content=\"@ktfministry\" \/>\n<meta name=\"twitter:site\" content=\"@ktfministry\" \/>\n<meta name=\"twitter:label1\" content=\"Escrito por\" \/>\n\t<meta name=\"twitter:data1\" content=\"Pastor Hal Mayer\" \/>\n\t<meta name=\"twitter:label2\" content=\"Tiempo de lectura\" \/>\n\t<meta name=\"twitter:data2\" content=\"6 minutos\" \/>\n<script type=\"application\/ld+json\" class=\"yoast-schema-graph\">{\"@context\":\"https:\/\/schema.org\",\"@graph\":[{\"@type\":\"WebSite\",\"@id\":\"https:\/\/ktfnews.com\/#website\",\"url\":\"https:\/\/ktfnews.com\/\",\"name\":\"KEEP the FAITH\",\"description\":\"Preparing you for the final conflict between good and evil.\",\"potentialAction\":[{\"@type\":\"SearchAction\",\"target\":{\"@type\":\"EntryPoint\",\"urlTemplate\":\"https:\/\/ktfnews.com\/?s={search_term_string}\"},\"query-input\":\"required name=search_term_string\"}],\"inLanguage\":\"es\"},{\"@type\":\"WebPage\",\"@id\":\"https:\/\/ktfnews.com\/es\/berlin-preparing-war\/#webpage\",\"url\":\"https:\/\/ktfnews.com\/es\/berlin-preparing-war\/\",\"name\":\"[:en]Berlin Preparing for War[:es]Berl\\u00edn se Prepara para la Guerra[:] - KEEP the FAITH\",\"isPartOf\":{\"@id\":\"https:\/\/ktfnews.com\/#website\"},\"datePublished\":\"2016-09-08T05:30:35+00:00\",\"dateModified\":\"2016-09-20T21:16:26+00:00\",\"author\":{\"@id\":\"https:\/\/ktfnews.com\/#\/schema\/person\/ba4174513d9169cf8e229b7d8d60410d\"},\"breadcrumb\":{\"@id\":\"https:\/\/ktfnews.com\/es\/berlin-preparing-war\/#breadcrumb\"},\"inLanguage\":\"es\",\"potentialAction\":[{\"@type\":\"ReadAction\",\"target\":[\"https:\/\/ktfnews.com\/es\/berlin-preparing-war\/\"]}]},{\"@type\":\"BreadcrumbList\",\"@id\":\"https:\/\/ktfnews.com\/es\/berlin-preparing-war\/#breadcrumb\",\"itemListElement\":[{\"@type\":\"ListItem\",\"position\":1,\"name\":\"Home\",\"item\":\"https:\/\/ktfnews.com\/\"},{\"@type\":\"ListItem\",\"position\":2,\"name\":\"Briefings\",\"item\":\"https:\/\/ktfnews.com\/category\/briefings\/\"},{\"@type\":\"ListItem\",\"position\":3,\"name\":\"Prophetic Intelligence Briefings\",\"item\":\"https:\/\/ktfnews.com\/category\/briefings\/news\/\"},{\"@type\":\"ListItem\",\"position\":4,\"name\":\"Berlin Preparing for War\"}]},{\"@type\":\"Person\",\"@id\":\"https:\/\/ktfnews.com\/#\/schema\/person\/ba4174513d9169cf8e229b7d8d60410d\",\"name\":\"Pastor Hal Mayer\",\"image\":{\"@type\":\"ImageObject\",\"@id\":\"https:\/\/ktfnews.com\/#personlogo\",\"inLanguage\":\"es\",\"url\":\"https:\/\/secure.gravatar.com\/avatar\/051bac95ae650254c5a03467b9456599?s=96&d=mm&r=g\",\"contentUrl\":\"https:\/\/secure.gravatar.com\/avatar\/051bac95ae650254c5a03467b9456599?s=96&d=mm&r=g\",\"caption\":\"Pastor Hal Mayer\"},\"description\":\"Pastor Hal Mayer is speaker and director of Keep the Faith Ministry. For the last 20 years Pastor Mayer\\u2019s monthly prophetic analysis on CD and online has revealed the striking evidence of fulfilling prophecy to many thousands of subscribers all over the world. Pastor Mayer\\u2019s background in history and Bible prophecy give him unique insights and perspectives that have blessed many and helped them make a deeper commitment to the Lord. Keep the Faith Ministry helps those who want to keep abreast of fulfilling prophecy and who want to understand and navigate the unique and difficult circumstances of the end-times. Keep the Faith Ministry helps to prepare you for the second coming of Christ. Pastor Mayer is married to Betsy for more than 40 years. They have no children of their own. \\u201cThe times in which we live are thrilling, because the things prophesied in God\\u2019s word are actually coming to pass in this generation,\\u201d says Pastor Mayer. \\u201cIn a time when the distinctive end-time truths of God\\u2019s word are being censored, and life in this world is becoming more and more chaotic, Keep the Faith is a voice of strength and encouragement.\\u201d\",\"url\":\"https:\/\/ktfnews.com\/es\/author\/hal\/\"}]}<\/script>\n<!-- \/ Yoast SEO plugin. -->","yoast_head_json":{"robots":{"index":"index","follow":"follow","max-snippet":"max-snippet:-1","max-image-preview":"max-image-preview:large","max-video-preview":"max-video-preview:-1"},"canonical":"https:\/\/ktfnews.com\/es\/berlin-preparing-war\/","og_locale":"es_ES","og_type":"article","og_title":"[:en]Berlin Preparing for War[:es]Berl\u00edn se Prepara para la Guerra[:] - KEEP the FAITH","og_description":"Alemania ha tomado por completo \u00absu papel de l\u00edder natural en los asuntos econ\u00f3micos y monetarios de la UE\u00bb, de acuerdo con el Consejo Europeo de Relaciones Exteriores. Durante los \u00faltimos diez a\u00f1os, la Rep\u00fablica Federal de Alemania se ha...","og_url":"https:\/\/ktfnews.com\/es\/berlin-preparing-war\/","og_site_name":"KEEP the FAITH","article_publisher":"https:\/\/www.facebook.com\/ktfministry","article_published_time":"2016-09-08T05:30:35+00:00","article_modified_time":"2016-09-20T21:16:26+00:00","og_image":[{"width":640,"height":427,"url":"https:\/\/ktfnews.com\/wp-content\/uploads\/2016\/09\/Germany_plans_to_send_troops_this_year_in_Lithuania_for_military_exercises_640_001.jpg","type":"image\/jpeg"}],"twitter_card":"summary_large_image","twitter_creator":"@ktfministry","twitter_site":"@ktfministry","twitter_misc":{"Escrito por":"Pastor Hal Mayer","Tiempo de lectura":"6 minutos"},"schema":{"@context":"https:\/\/schema.org","@graph":[{"@type":"WebSite","@id":"https:\/\/ktfnews.com\/#website","url":"https:\/\/ktfnews.com\/","name":"KEEP the FAITH","description":"Preparing you for the final conflict between good and evil.","potentialAction":[{"@type":"SearchAction","target":{"@type":"EntryPoint","urlTemplate":"https:\/\/ktfnews.com\/?s={search_term_string}"},"query-input":"required name=search_term_string"}],"inLanguage":"es"},{"@type":"WebPage","@id":"https:\/\/ktfnews.com\/es\/berlin-preparing-war\/#webpage","url":"https:\/\/ktfnews.com\/es\/berlin-preparing-war\/","name":"[:en]Berlin Preparing for War[:es]Berl\u00edn se Prepara para la Guerra[:] - KEEP the FAITH","isPartOf":{"@id":"https:\/\/ktfnews.com\/#website"},"datePublished":"2016-09-08T05:30:35+00:00","dateModified":"2016-09-20T21:16:26+00:00","author":{"@id":"https:\/\/ktfnews.com\/#\/schema\/person\/ba4174513d9169cf8e229b7d8d60410d"},"breadcrumb":{"@id":"https:\/\/ktfnews.com\/es\/berlin-preparing-war\/#breadcrumb"},"inLanguage":"es","potentialAction":[{"@type":"ReadAction","target":["https:\/\/ktfnews.com\/es\/berlin-preparing-war\/"]}]},{"@type":"BreadcrumbList","@id":"https:\/\/ktfnews.com\/es\/berlin-preparing-war\/#breadcrumb","itemListElement":[{"@type":"ListItem","position":1,"name":"Home","item":"https:\/\/ktfnews.com\/"},{"@type":"ListItem","position":2,"name":"Briefings","item":"https:\/\/ktfnews.com\/category\/briefings\/"},{"@type":"ListItem","position":3,"name":"Prophetic Intelligence Briefings","item":"https:\/\/ktfnews.com\/category\/briefings\/news\/"},{"@type":"ListItem","position":4,"name":"Berlin Preparing for War"}]},{"@type":"Person","@id":"https:\/\/ktfnews.com\/#\/schema\/person\/ba4174513d9169cf8e229b7d8d60410d","name":"Pastor Hal Mayer","image":{"@type":"ImageObject","@id":"https:\/\/ktfnews.com\/#personlogo","inLanguage":"es","url":"https:\/\/secure.gravatar.com\/avatar\/051bac95ae650254c5a03467b9456599?s=96&d=mm&r=g","contentUrl":"https:\/\/secure.gravatar.com\/avatar\/051bac95ae650254c5a03467b9456599?s=96&d=mm&r=g","caption":"Pastor Hal Mayer"},"description":"Pastor Hal Mayer is speaker and director of Keep the Faith Ministry. For the last 20 years Pastor Mayer\u2019s monthly prophetic analysis on CD and online has revealed the striking evidence of fulfilling prophecy to many thousands of subscribers all over the world. Pastor Mayer\u2019s background in history and Bible prophecy give him unique insights and perspectives that have blessed many and helped them make a deeper commitment to the Lord. Keep the Faith Ministry helps those who want to keep abreast of fulfilling prophecy and who want to understand and navigate the unique and difficult circumstances of the end-times. Keep the Faith Ministry helps to prepare you for the second coming of Christ. Pastor Mayer is married to Betsy for more than 40 years. They have no children of their own. \u201cThe times in which we live are thrilling, because the things prophesied in God\u2019s word are actually coming to pass in this generation,\u201d says Pastor Mayer. \u201cIn a time when the distinctive end-time truths of God\u2019s word are being censored, and life in this world is becoming more and more chaotic, Keep the Faith is a voice of strength and encouragement.\u201d","url":"https:\/\/ktfnews.com\/es\/author\/hal\/"}]}},"_links":{"self":[{"href":"https:\/\/ktfnews.com\/es\/wp-json\/wp\/v2\/posts\/9575"}],"collection":[{"href":"https:\/\/ktfnews.com\/es\/wp-json\/wp\/v2\/posts"}],"about":[{"href":"https:\/\/ktfnews.com\/es\/wp-json\/wp\/v2\/types\/post"}],"author":[{"embeddable":true,"href":"https:\/\/ktfnews.com\/es\/wp-json\/wp\/v2\/users\/6"}],"replies":[{"embeddable":true,"href":"https:\/\/ktfnews.com\/es\/wp-json\/wp\/v2\/comments?post=9575"}],"version-history":[{"count":0,"href":"https:\/\/ktfnews.com\/es\/wp-json\/wp\/v2\/posts\/9575\/revisions"}],"wp:attachment":[{"href":"https:\/\/ktfnews.com\/es\/wp-json\/wp\/v2\/media?parent=9575"}],"wp:term":[{"taxonomy":"category","embeddable":true,"href":"https:\/\/ktfnews.com\/es\/wp-json\/wp\/v2\/categories?post=9575"},{"taxonomy":"post_tag","embeddable":true,"href":"https:\/\/ktfnews.com\/es\/wp-json\/wp\/v2\/tags?post=9575"}],"curies":[{"name":"wp","href":"https:\/\/api.w.org\/{rel}","templated":true}]}}