{"id":8594,"date":"2016-03-18T02:00:19","date_gmt":"2016-03-18T06:00:19","guid":{"rendered":"http:\/\/ktfnews.com\/?p=8594"},"modified":"2016-03-24T20:32:03","modified_gmt":"2016-03-25T00:32:03","slug":"pope-francis-calls-europe-rediscover-culture-catholicism","status":"publish","type":"post","link":"https:\/\/ktfnews.com\/es\/pope-francis-calls-europe-rediscover-culture-catholicism\/","title":{"rendered":"El Papa Francisco Invita a Europa para que Redescubra su Cultura: el Catolicismo"},"content":{"rendered":"<p>El Papa Francisco describi\u00f3 la crisis migratoria de Europa como una \u00abinvasi\u00f3n \u00e1rabe\u00bb, y agreg\u00f3 que \u00abEuropa se est\u00e1 debilitando\u00bb por \u00abolvidar su propia historia&#8230;\u00bb, es decir, su historia cat\u00f3lica. \u00abHay algo que me molesta\u00bb, dijo el Papa Francisco. \u00abPor supuesto que la globalizaci\u00f3n nos une y por lo tanto tiene aspectos positivos. Sin embargo, creo que hay [aspectos] buenos y menos buenos de la globalizaci\u00f3n\u201d. Para el Papa Francisco, la globalizaci\u00f3n debe lograr la \u201cuni\u00f3n de las naciones pero conservando la identidad, la cultura y riqueza de cada pueblo y naci\u00f3n\u201d. Y por cultura, se est\u00e1 refiriendo a su cultura religiosa, su cultura cat\u00f3lica.<\/p>\n<p>Continu\u00f3 diciendo que \u00abel \u00fanico continente que puede traer un poco de unidad al mundo es Europa\u00bb. En referencia al catolicismo, dijo: \u00abSi Europa quiere rejuvenecer, debe redescubrir sus ra\u00edces culturales.\u00bb O sea, se est\u00e1 hablando de sus ra\u00edces cat\u00f3licas. \u00abDe todos los pa\u00edses occidentales, Europa tiene las ra\u00edces m\u00e1s profundas y m\u00e1s fuertes&#8230;\u00bb, continu\u00f3. \u00abPero Europa se debilita al olvidar su propia historia. Es entonces cuando se corre el riesgo de convertirse en un lugar vac\u00edo\u00bb, indic\u00f3.<\/p>\n<p>Adem\u00e1s expres\u00f3: \u00abAlgunas veces me pregunto d\u00f3nde se encontrar\u00e1 una Schumann o un Adenauer, grandes fundadores de la Uni\u00f3n Europea\u00bb. Tras la fundaci\u00f3n de la Uni\u00f3n Europea, Schumann y Adenauer trataron de restablecer el Santo Imperio Romano.<\/p>\n<p>Pero para dar gran claridad de que se estaba refiriendo a la cultura cat\u00f3lica de Europa, el Papa Francisco se refiri\u00f3 a la feroz constituci\u00f3n secular de Francia: \u00abTu secularismo est\u00e1 incompleto&#8230; Necesitamos un secularismo sano. En el mundo hispano se dice que Francia es la hija mayor de la Iglesia pero no necesariamente la hija m\u00e1s fiel\u00bb.<\/p>\n<p>El redescubrimiento de la cultura cat\u00f3lica de Europa ayudar\u00eda a sanar la herida mortal infligida a la Iglesia por la Reforma y la Revoluci\u00f3n Francesa.<\/p>\n<p>\u00abY su herida mortal fue sanada\u00bb. Apocalipsis 13.3.<\/p>\n<p>http:\/\/www.infovaticana.com\/2016\/03\/07\/papa-francisco-europa-vive-una-invasion-musulmana\/<\/p>\n<p><\/p>\n<!-- AddThis Advanced Settings generic via filter on the_content -->","protected":false},"excerpt":{"rendered":"<p>El Papa Francisco describi\u00f3 la crisis migratoria de Europa como una \u00abinvasi\u00f3n \u00e1rabe\u00bb, y agreg\u00f3 que \u00abEuropa se est\u00e1 debilitando\u00bb por \u00abolvidar su propia historia&#8230;\u00bb, es decir, su historia cat\u00f3lica. \u00abHay algo que me molesta\u00bb, dijo el Papa Francisco. \u00abPor&#8230;<!-- AddThis Advanced Settings generic via filter on wp_trim_excerpt --><\/p>\n","protected":false},"author":6,"featured_media":0,"comment_status":"open","ping_status":"open","sticky":false,"template":"","format":"standard","meta":{"episode_type":"","audio_file":"","duration":"","filesize":"","date_recorded":"","explicit":"","block":"","filesize_raw":"","_FSMCFIC_featured_image_caption":"","_FSMCFIC_featured_image_nocaption":"","_FSMCFIC_featured_image_hide":"","_links_to":"","_links_to_target":""},"categories":[722,32],"tags":[232,1003,1363,111,1364],"featured_image_urls":{},"appp_media":null,"yoast_head":"<!-- This site is optimized with the Yoast SEO plugin v17.3 - https:\/\/yoast.com\/wordpress\/plugins\/seo\/ -->\n<meta name=\"robots\" content=\"index, follow, max-snippet:-1, max-image-preview:large, max-video-preview:-1\" \/>\n<link rel=\"canonical\" href=\"https:\/\/ktfnews.com\/pope-francis-calls-europe-rediscover-culture-catholicism\/\" \/>\n<meta property=\"og:locale\" content=\"es_ES\" \/>\n<meta property=\"og:type\" content=\"article\" \/>\n<meta property=\"og:title\" content=\"[:en]El Papa Francisco Invita a Europa para que Redescubra su Cultura: el Catolicismo[:es]El Papa Francisco Invita a Europa para que Redescubra su Cultura: el Catolicismo[:] - KEEP the FAITH\" \/>\n<meta property=\"og:description\" content=\"El Papa Francisco describi\u00f3 la crisis migratoria de Europa como una \u00abinvasi\u00f3n \u00e1rabe\u00bb, y agreg\u00f3 que \u00abEuropa se est\u00e1 debilitando\u00bb por \u00abolvidar su propia historia&#8230;\u00bb, es decir, su historia cat\u00f3lica. \u00abHay algo que me molesta\u00bb, dijo el Papa Francisco. \u00abPor...\" \/>\n<meta property=\"og:url\" content=\"https:\/\/ktfnews.com\/pope-francis-calls-europe-rediscover-culture-catholicism\/\" \/>\n<meta property=\"og:site_name\" content=\"KEEP the FAITH\" \/>\n<meta property=\"article:publisher\" content=\"https:\/\/www.facebook.com\/ktfministry\" \/>\n<meta property=\"article:published_time\" content=\"2016-03-18T06:00:19+00:00\" \/>\n<meta property=\"article:modified_time\" content=\"2016-03-25T00:32:03+00:00\" \/>\n<meta property=\"og:image\" content=\"https:\/\/ktfnews.com\/wp-content\/uploads\/2016\/03\/Screen-Shot-2016-03-04-at-18.10.45-640x480.png\" \/>\n\t<meta property=\"og:image:width\" content=\"640\" \/>\n\t<meta property=\"og:image:height\" content=\"480\" \/>\n<meta name=\"twitter:card\" content=\"summary_large_image\" \/>\n<meta name=\"twitter:creator\" content=\"@ktfministry\" \/>\n<meta name=\"twitter:site\" content=\"@ktfministry\" \/>\n<meta name=\"twitter:label1\" content=\"Escrito por\" \/>\n\t<meta name=\"twitter:data1\" content=\"Pastor Hal Mayer\" \/>\n\t<meta name=\"twitter:label2\" content=\"Tiempo de lectura\" \/>\n\t<meta name=\"twitter:data2\" content=\"4 minutos\" \/>\n<script type=\"application\/ld+json\" class=\"yoast-schema-graph\">{\"@context\":\"https:\/\/schema.org\",\"@graph\":[{\"@type\":\"WebSite\",\"@id\":\"https:\/\/ktfnews.com\/#website\",\"url\":\"https:\/\/ktfnews.com\/\",\"name\":\"KEEP the FAITH\",\"description\":\"Preparing you for the final conflict between good and evil.\",\"potentialAction\":[{\"@type\":\"SearchAction\",\"target\":{\"@type\":\"EntryPoint\",\"urlTemplate\":\"https:\/\/ktfnews.com\/?s={search_term_string}\"},\"query-input\":\"required name=search_term_string\"}],\"inLanguage\":\"es\"},{\"@type\":\"WebPage\",\"@id\":\"https:\/\/ktfnews.com\/pope-francis-calls-europe-rediscover-culture-catholicism\/#webpage\",\"url\":\"https:\/\/ktfnews.com\/pope-francis-calls-europe-rediscover-culture-catholicism\/\",\"name\":\"[:en]El Papa Francisco Invita a Europa para que Redescubra su Cultura: el Catolicismo[:es]El Papa Francisco Invita a Europa para que Redescubra su Cultura: el Catolicismo[:] - KEEP the FAITH\",\"isPartOf\":{\"@id\":\"https:\/\/ktfnews.com\/#website\"},\"datePublished\":\"2016-03-18T06:00:19+00:00\",\"dateModified\":\"2016-03-25T00:32:03+00:00\",\"author\":{\"@id\":\"https:\/\/ktfnews.com\/#\/schema\/person\/ba4174513d9169cf8e229b7d8d60410d\"},\"breadcrumb\":{\"@id\":\"https:\/\/ktfnews.com\/pope-francis-calls-europe-rediscover-culture-catholicism\/#breadcrumb\"},\"inLanguage\":\"es\",\"potentialAction\":[{\"@type\":\"ReadAction\",\"target\":[\"https:\/\/ktfnews.com\/pope-francis-calls-europe-rediscover-culture-catholicism\/\"]}]},{\"@type\":\"BreadcrumbList\",\"@id\":\"https:\/\/ktfnews.com\/pope-francis-calls-europe-rediscover-culture-catholicism\/#breadcrumb\",\"itemListElement\":[{\"@type\":\"ListItem\",\"position\":1,\"name\":\"Home\",\"item\":\"https:\/\/ktfnews.com\/\"},{\"@type\":\"ListItem\",\"position\":2,\"name\":\"Briefings\",\"item\":\"https:\/\/ktfnews.com\/category\/briefings\/\"},{\"@type\":\"ListItem\",\"position\":3,\"name\":\"Prophetic Intelligence Briefings\",\"item\":\"https:\/\/ktfnews.com\/category\/briefings\/news\/\"},{\"@type\":\"ListItem\",\"position\":4,\"name\":\"El Papa Francisco Invita a Europa para que Redescubra su Cultura: el Catolicismo\"}]},{\"@type\":\"Person\",\"@id\":\"https:\/\/ktfnews.com\/#\/schema\/person\/ba4174513d9169cf8e229b7d8d60410d\",\"name\":\"Pastor Hal Mayer\",\"image\":{\"@type\":\"ImageObject\",\"@id\":\"https:\/\/ktfnews.com\/#personlogo\",\"inLanguage\":\"es\",\"url\":\"https:\/\/secure.gravatar.com\/avatar\/051bac95ae650254c5a03467b9456599?s=96&d=mm&r=g\",\"contentUrl\":\"https:\/\/secure.gravatar.com\/avatar\/051bac95ae650254c5a03467b9456599?s=96&d=mm&r=g\",\"caption\":\"Pastor Hal Mayer\"},\"description\":\"Pastor Hal Mayer is speaker and director of Keep the Faith Ministry. For the last 20 years Pastor Mayer\\u2019s monthly prophetic analysis on CD and online has revealed the striking evidence of fulfilling prophecy to many thousands of subscribers all over the world. Pastor Mayer\\u2019s background in history and Bible prophecy give him unique insights and perspectives that have blessed many and helped them make a deeper commitment to the Lord. Keep the Faith Ministry helps those who want to keep abreast of fulfilling prophecy and who want to understand and navigate the unique and difficult circumstances of the end-times. Keep the Faith Ministry helps to prepare you for the second coming of Christ. Pastor Mayer is married to Betsy for more than 40 years. They have no children of their own. \\u201cThe times in which we live are thrilling, because the things prophesied in God\\u2019s word are actually coming to pass in this generation,\\u201d says Pastor Mayer. \\u201cIn a time when the distinctive end-time truths of God\\u2019s word are being censored, and life in this world is becoming more and more chaotic, Keep the Faith is a voice of strength and encouragement.\\u201d\",\"url\":\"https:\/\/ktfnews.com\/es\/author\/hal\/\"}]}<\/script>\n<!-- \/ Yoast SEO plugin. -->","yoast_head_json":{"robots":{"index":"index","follow":"follow","max-snippet":"max-snippet:-1","max-image-preview":"max-image-preview:large","max-video-preview":"max-video-preview:-1"},"canonical":"https:\/\/ktfnews.com\/pope-francis-calls-europe-rediscover-culture-catholicism\/","og_locale":"es_ES","og_type":"article","og_title":"[:en]El Papa Francisco Invita a Europa para que Redescubra su Cultura: el Catolicismo[:es]El Papa Francisco Invita a Europa para que Redescubra su Cultura: el Catolicismo[:] - KEEP the FAITH","og_description":"El Papa Francisco describi\u00f3 la crisis migratoria de Europa como una \u00abinvasi\u00f3n \u00e1rabe\u00bb, y agreg\u00f3 que \u00abEuropa se est\u00e1 debilitando\u00bb por \u00abolvidar su propia historia&#8230;\u00bb, es decir, su historia cat\u00f3lica. \u00abHay algo que me molesta\u00bb, dijo el Papa Francisco. \u00abPor...","og_url":"https:\/\/ktfnews.com\/pope-francis-calls-europe-rediscover-culture-catholicism\/","og_site_name":"KEEP the FAITH","article_publisher":"https:\/\/www.facebook.com\/ktfministry","article_published_time":"2016-03-18T06:00:19+00:00","article_modified_time":"2016-03-25T00:32:03+00:00","og_image":[{"width":640,"height":480,"url":"https:\/\/ktfnews.com\/wp-content\/uploads\/2016\/03\/Screen-Shot-2016-03-04-at-18.10.45-640x480.png","type":"image\/png"}],"twitter_card":"summary_large_image","twitter_creator":"@ktfministry","twitter_site":"@ktfministry","twitter_misc":{"Escrito por":"Pastor Hal Mayer","Tiempo de lectura":"4 minutos"},"schema":{"@context":"https:\/\/schema.org","@graph":[{"@type":"WebSite","@id":"https:\/\/ktfnews.com\/#website","url":"https:\/\/ktfnews.com\/","name":"KEEP the FAITH","description":"Preparing you for the final conflict between good and evil.","potentialAction":[{"@type":"SearchAction","target":{"@type":"EntryPoint","urlTemplate":"https:\/\/ktfnews.com\/?s={search_term_string}"},"query-input":"required name=search_term_string"}],"inLanguage":"es"},{"@type":"WebPage","@id":"https:\/\/ktfnews.com\/pope-francis-calls-europe-rediscover-culture-catholicism\/#webpage","url":"https:\/\/ktfnews.com\/pope-francis-calls-europe-rediscover-culture-catholicism\/","name":"[:en]El Papa Francisco Invita a Europa para que Redescubra su Cultura: el Catolicismo[:es]El Papa Francisco Invita a Europa para que Redescubra su Cultura: el Catolicismo[:] - KEEP the FAITH","isPartOf":{"@id":"https:\/\/ktfnews.com\/#website"},"datePublished":"2016-03-18T06:00:19+00:00","dateModified":"2016-03-25T00:32:03+00:00","author":{"@id":"https:\/\/ktfnews.com\/#\/schema\/person\/ba4174513d9169cf8e229b7d8d60410d"},"breadcrumb":{"@id":"https:\/\/ktfnews.com\/pope-francis-calls-europe-rediscover-culture-catholicism\/#breadcrumb"},"inLanguage":"es","potentialAction":[{"@type":"ReadAction","target":["https:\/\/ktfnews.com\/pope-francis-calls-europe-rediscover-culture-catholicism\/"]}]},{"@type":"BreadcrumbList","@id":"https:\/\/ktfnews.com\/pope-francis-calls-europe-rediscover-culture-catholicism\/#breadcrumb","itemListElement":[{"@type":"ListItem","position":1,"name":"Home","item":"https:\/\/ktfnews.com\/"},{"@type":"ListItem","position":2,"name":"Briefings","item":"https:\/\/ktfnews.com\/category\/briefings\/"},{"@type":"ListItem","position":3,"name":"Prophetic Intelligence Briefings","item":"https:\/\/ktfnews.com\/category\/briefings\/news\/"},{"@type":"ListItem","position":4,"name":"El Papa Francisco Invita a Europa para que Redescubra su Cultura: el Catolicismo"}]},{"@type":"Person","@id":"https:\/\/ktfnews.com\/#\/schema\/person\/ba4174513d9169cf8e229b7d8d60410d","name":"Pastor Hal Mayer","image":{"@type":"ImageObject","@id":"https:\/\/ktfnews.com\/#personlogo","inLanguage":"es","url":"https:\/\/secure.gravatar.com\/avatar\/051bac95ae650254c5a03467b9456599?s=96&d=mm&r=g","contentUrl":"https:\/\/secure.gravatar.com\/avatar\/051bac95ae650254c5a03467b9456599?s=96&d=mm&r=g","caption":"Pastor Hal Mayer"},"description":"Pastor Hal Mayer is speaker and director of Keep the Faith Ministry. For the last 20 years Pastor Mayer\u2019s monthly prophetic analysis on CD and online has revealed the striking evidence of fulfilling prophecy to many thousands of subscribers all over the world. Pastor Mayer\u2019s background in history and Bible prophecy give him unique insights and perspectives that have blessed many and helped them make a deeper commitment to the Lord. Keep the Faith Ministry helps those who want to keep abreast of fulfilling prophecy and who want to understand and navigate the unique and difficult circumstances of the end-times. Keep the Faith Ministry helps to prepare you for the second coming of Christ. Pastor Mayer is married to Betsy for more than 40 years. They have no children of their own. \u201cThe times in which we live are thrilling, because the things prophesied in God\u2019s word are actually coming to pass in this generation,\u201d says Pastor Mayer. \u201cIn a time when the distinctive end-time truths of God\u2019s word are being censored, and life in this world is becoming more and more chaotic, Keep the Faith is a voice of strength and encouragement.\u201d","url":"https:\/\/ktfnews.com\/es\/author\/hal\/"}]}},"_links":{"self":[{"href":"https:\/\/ktfnews.com\/es\/wp-json\/wp\/v2\/posts\/8594"}],"collection":[{"href":"https:\/\/ktfnews.com\/es\/wp-json\/wp\/v2\/posts"}],"about":[{"href":"https:\/\/ktfnews.com\/es\/wp-json\/wp\/v2\/types\/post"}],"author":[{"embeddable":true,"href":"https:\/\/ktfnews.com\/es\/wp-json\/wp\/v2\/users\/6"}],"replies":[{"embeddable":true,"href":"https:\/\/ktfnews.com\/es\/wp-json\/wp\/v2\/comments?post=8594"}],"version-history":[{"count":0,"href":"https:\/\/ktfnews.com\/es\/wp-json\/wp\/v2\/posts\/8594\/revisions"}],"wp:attachment":[{"href":"https:\/\/ktfnews.com\/es\/wp-json\/wp\/v2\/media?parent=8594"}],"wp:term":[{"taxonomy":"category","embeddable":true,"href":"https:\/\/ktfnews.com\/es\/wp-json\/wp\/v2\/categories?post=8594"},{"taxonomy":"post_tag","embeddable":true,"href":"https:\/\/ktfnews.com\/es\/wp-json\/wp\/v2\/tags?post=8594"}],"curies":[{"name":"wp","href":"https:\/\/api.w.org\/{rel}","templated":true}]}}