{"id":8587,"date":"2016-03-17T02:00:02","date_gmt":"2016-03-17T06:00:02","guid":{"rendered":"http:\/\/ktfnews.com\/?p=8587"},"modified":"2016-03-24T20:24:11","modified_gmt":"2016-03-25T00:24:11","slug":"pope-francis-silent-chiapas-persecution","status":"publish","type":"post","link":"https:\/\/ktfnews.com\/es\/pope-francis-silent-chiapas-persecution\/","title":{"rendered":"El Papa Francisco Guarda Silencio sobre la Persecuci\u00f3n en Chiapas"},"content":{"rendered":"<p>A menudo el Papa Francisco ha hablado sobre la persecuci\u00f3n de los cristianos por parte de los  extremistas musulmanes e incluso lo ha llamado un \u00abecumenismo de sangre\u00bb. Pero ha guardado silencio sobre la persecuci\u00f3n a los protestantes por parte de los cat\u00f3licos [en Chiapas] a pesar de haber viajado recientemente a M\u00e9xico.<\/p>\n<p>Por dos a\u00f1os, 27 familias protestantes en Chiapas no han tenido servicio de agua ni energ\u00eda debido a que se negaron a donar dinero o participar de celebraciones y eventos cat\u00f3licos. A pesar de que en M\u00e9xico existe una garant\u00eda constitucional para la libertad religiosa, los protestantes tuvieron que negociar un acuerdo con las autoridades locales.<\/p>\n<p>Al mismo tiempo, en otro pueblo de Chiapas, un oficial cat\u00f3lico se neg\u00f3 a permitir que un hombre protestante de edad avanzada fuera sepultado all\u00ed. El hombre era parte de las 12 familias protestantes que en el 2012 fueron expulsadas del pueblo por su fe. Desde entonces han estado viviendo en un refugio para personas sin hogar en las cercan\u00edas de San Crist\u00f3bal de las Casas. El Papa celebr\u00f3 una misa all\u00ed pero no se refiri\u00f3 a la persecuci\u00f3n cat\u00f3lica que se ha levantado contra los protestantes.<\/p>\n<p>\u00abLos protestantes de Chiapas han sido expulsados de sus hogares y tierras. No solo se les priva de sus servicios sino que a veces tambi\u00e9n reciben amenazas de linchamiento. Justo un d\u00eda antes de la visita de Francisco, una iglesia evang\u00e9lica fue atacada y quemada.<\/p>\n<p>A menudo, las leyes tienen el prop\u00f3sito de \u00abpreservar su cultura\u00bb. Por ejemplo, \u00ablas autoridades locales proclaman que su pueblo o municipio debe ser exclusivo en la tenencia de una religi\u00f3n en particular y que por lo tanto, debe prohibir la entrada de miembros de otras religiones, hacer obligatorio la participaci\u00f3n en actividades relacionadas con la religi\u00f3n \u201coficial\u201d e intentar forzar a los habitantes que practican otras religiones para se conviertan a tal religi\u00f3n\u201d.<\/p>\n<p>Debido a que siguen ocurriendo violaciones graves de la libertad religiosa y contin\u00faan las tensiones entre las religiones, John Allen Jr., editor asociado de Crux, expres\u00f3 que el silencio del Papa sobre la persecuci\u00f3n cat\u00f3lica a los protestantes es \u00abuna omisi\u00f3n sorprendente\u00bb.<\/p>\n<p>Las persecuciones sectarias revelan la existencia de un esp\u00edritu subyacente con los principios del Papado, los cuales ser\u00e1n resucitados en una escala global cuando sea el momento adecuado.<\/p>\n<p>\u00abY t\u00e9ngase presente que Roma se jacta de no variar jam\u00e1s\u201d. El Conflicto de los Siglos, p\u00e1gina 638.<\/p>\n<p><strong>Source Reference<\/strong><\/p>\n<ul>\n<li><a href=\"http:\/\/www.noticiacristiana.com\/sociedad\/persecuciones\/2016\/02\/iglesia-evangelica-es-incendiada-en-chiapas-antes-de-la-visita-del-papa-francisco.html\" target=\"_blank\">Iglesia evang\u00e9lica es incendiada en Chiapas antes de la visita del Papa Francisco<\/a><\/li>\n<\/ul>\n<ul>\n<li><a href=\"http:\/\/www.christianitytoday.com\/gleanings\/2016\/february\/pope-francis-catholic-persecution-protestant-mexico-chiapas.html\" target=\"_blank\">Pope Francis Quiet on Catholic Persecution of Protestants in Mexico<\/a><\/li>\n<\/ul>\n<ul>\n<li><a href=\"http:\/\/www.csw.org.uk\/2015\/09\/04\/press\/2758\/article.htm\" target=\"_blank\">MEXICO PROTESTANTS BARRED FROM VILLAGE IN CHIAPAS<\/a><\/li>\n<\/ul>\n<ul>\n<li><a href=\"http:\/\/evangelicalfocus.com\/world\/1370\/AEvangelical_church_burnt_in_Chiapas_before_Pope_Francis_visit\" target=\"_blank\">Evangelical church burnt in Chiapas ahead of Pope Francis\u2019 visit<\/a><\/li>\n<\/ul>\n<p><\/p>\n<!-- AddThis Advanced Settings generic via filter on the_content -->","protected":false},"excerpt":{"rendered":"<p>A menudo el Papa Francisco ha hablado sobre la persecuci\u00f3n de los cristianos por parte de los extremistas musulmanes e incluso lo ha llamado un \u00abecumenismo de sangre\u00bb. Pero ha guardado silencio sobre la persecuci\u00f3n a los protestantes por parte&#8230;<!-- AddThis Advanced Settings generic via filter on wp_trim_excerpt --><\/p>\n","protected":false},"author":6,"featured_media":0,"comment_status":"open","ping_status":"open","sticky":false,"template":"","format":"standard","meta":{"episode_type":"","audio_file":"","duration":"","filesize":"","date_recorded":"","explicit":"","block":"","filesize_raw":"","_FSMCFIC_featured_image_caption":"","_FSMCFIC_featured_image_nocaption":"","_FSMCFIC_featured_image_hide":"","_links_to":"","_links_to_target":""},"categories":[722,32],"tags":[138,1219,111,476,394],"featured_image_urls":{},"appp_media":null,"yoast_head":"<!-- This site is optimized with the Yoast SEO plugin v17.3 - https:\/\/yoast.com\/wordpress\/plugins\/seo\/ -->\n<meta name=\"robots\" content=\"index, follow, max-snippet:-1, max-image-preview:large, max-video-preview:-1\" \/>\n<link rel=\"canonical\" href=\"https:\/\/ktfnews.com\/pope-francis-silent-chiapas-persecution\/\" \/>\n<meta property=\"og:locale\" content=\"es_ES\" \/>\n<meta property=\"og:type\" content=\"article\" \/>\n<meta property=\"og:title\" content=\"[:en]Pope Francis Silent on Chiapas Persecution[:es]El Papa Francisco Guarda Silencio sobre la Persecuci\u00f3n en Chiapas[:] - KEEP the FAITH\" \/>\n<meta property=\"og:description\" content=\"A menudo el Papa Francisco ha hablado sobre la persecuci\u00f3n de los cristianos por parte de los extremistas musulmanes e incluso lo ha llamado un \u00abecumenismo de sangre\u00bb. Pero ha guardado silencio sobre la persecuci\u00f3n a los protestantes por parte...\" \/>\n<meta property=\"og:url\" content=\"https:\/\/ktfnews.com\/pope-francis-silent-chiapas-persecution\/\" \/>\n<meta property=\"og:site_name\" content=\"KEEP the FAITH\" \/>\n<meta property=\"article:publisher\" content=\"https:\/\/www.facebook.com\/ktfministry\" \/>\n<meta property=\"article:published_time\" content=\"2016-03-17T06:00:02+00:00\" \/>\n<meta property=\"article:modified_time\" content=\"2016-03-25T00:24:11+00:00\" \/>\n<meta property=\"og:image\" content=\"https:\/\/ktfnews.com\/wp-content\/uploads\/2016\/03\/Screen-Shot-2016-03-14-at-22.54.57.png\" \/>\n\t<meta property=\"og:image:width\" content=\"620\" \/>\n\t<meta property=\"og:image:height\" content=\"350\" \/>\n<meta name=\"twitter:card\" content=\"summary_large_image\" \/>\n<meta name=\"twitter:creator\" content=\"@ktfministry\" \/>\n<meta name=\"twitter:site\" content=\"@ktfministry\" \/>\n<meta name=\"twitter:label1\" content=\"Escrito por\" \/>\n\t<meta name=\"twitter:data1\" content=\"Pastor Hal Mayer\" \/>\n\t<meta name=\"twitter:label2\" content=\"Tiempo de lectura\" \/>\n\t<meta name=\"twitter:data2\" content=\"4 minutos\" \/>\n<script type=\"application\/ld+json\" class=\"yoast-schema-graph\">{\"@context\":\"https:\/\/schema.org\",\"@graph\":[{\"@type\":\"WebSite\",\"@id\":\"https:\/\/ktfnews.com\/#website\",\"url\":\"https:\/\/ktfnews.com\/\",\"name\":\"KEEP the FAITH\",\"description\":\"Preparing you for the final conflict between good and evil.\",\"potentialAction\":[{\"@type\":\"SearchAction\",\"target\":{\"@type\":\"EntryPoint\",\"urlTemplate\":\"https:\/\/ktfnews.com\/?s={search_term_string}\"},\"query-input\":\"required name=search_term_string\"}],\"inLanguage\":\"es\"},{\"@type\":\"WebPage\",\"@id\":\"https:\/\/ktfnews.com\/pope-francis-silent-chiapas-persecution\/#webpage\",\"url\":\"https:\/\/ktfnews.com\/pope-francis-silent-chiapas-persecution\/\",\"name\":\"[:en]Pope Francis Silent on Chiapas Persecution[:es]El Papa Francisco Guarda Silencio sobre la Persecuci\\u00f3n en Chiapas[:] - KEEP the FAITH\",\"isPartOf\":{\"@id\":\"https:\/\/ktfnews.com\/#website\"},\"datePublished\":\"2016-03-17T06:00:02+00:00\",\"dateModified\":\"2016-03-25T00:24:11+00:00\",\"author\":{\"@id\":\"https:\/\/ktfnews.com\/#\/schema\/person\/ba4174513d9169cf8e229b7d8d60410d\"},\"breadcrumb\":{\"@id\":\"https:\/\/ktfnews.com\/pope-francis-silent-chiapas-persecution\/#breadcrumb\"},\"inLanguage\":\"es\",\"potentialAction\":[{\"@type\":\"ReadAction\",\"target\":[\"https:\/\/ktfnews.com\/pope-francis-silent-chiapas-persecution\/\"]}]},{\"@type\":\"BreadcrumbList\",\"@id\":\"https:\/\/ktfnews.com\/pope-francis-silent-chiapas-persecution\/#breadcrumb\",\"itemListElement\":[{\"@type\":\"ListItem\",\"position\":1,\"name\":\"Home\",\"item\":\"https:\/\/ktfnews.com\/\"},{\"@type\":\"ListItem\",\"position\":2,\"name\":\"Briefings\",\"item\":\"https:\/\/ktfnews.com\/category\/briefings\/\"},{\"@type\":\"ListItem\",\"position\":3,\"name\":\"Prophetic Intelligence Briefings\",\"item\":\"https:\/\/ktfnews.com\/category\/briefings\/news\/\"},{\"@type\":\"ListItem\",\"position\":4,\"name\":\"Pope Francis Silent on Chiapas Persecution\"}]},{\"@type\":\"Person\",\"@id\":\"https:\/\/ktfnews.com\/#\/schema\/person\/ba4174513d9169cf8e229b7d8d60410d\",\"name\":\"Pastor Hal Mayer\",\"image\":{\"@type\":\"ImageObject\",\"@id\":\"https:\/\/ktfnews.com\/#personlogo\",\"inLanguage\":\"es\",\"url\":\"https:\/\/secure.gravatar.com\/avatar\/051bac95ae650254c5a03467b9456599?s=96&d=mm&r=g\",\"contentUrl\":\"https:\/\/secure.gravatar.com\/avatar\/051bac95ae650254c5a03467b9456599?s=96&d=mm&r=g\",\"caption\":\"Pastor Hal Mayer\"},\"description\":\"Pastor Hal Mayer is speaker and director of Keep the Faith Ministry. For the last 20 years Pastor Mayer\\u2019s monthly prophetic analysis on CD and online has revealed the striking evidence of fulfilling prophecy to many thousands of subscribers all over the world. Pastor Mayer\\u2019s background in history and Bible prophecy give him unique insights and perspectives that have blessed many and helped them make a deeper commitment to the Lord. Keep the Faith Ministry helps those who want to keep abreast of fulfilling prophecy and who want to understand and navigate the unique and difficult circumstances of the end-times. Keep the Faith Ministry helps to prepare you for the second coming of Christ. Pastor Mayer is married to Betsy for more than 40 years. They have no children of their own. \\u201cThe times in which we live are thrilling, because the things prophesied in God\\u2019s word are actually coming to pass in this generation,\\u201d says Pastor Mayer. \\u201cIn a time when the distinctive end-time truths of God\\u2019s word are being censored, and life in this world is becoming more and more chaotic, Keep the Faith is a voice of strength and encouragement.\\u201d\",\"url\":\"https:\/\/ktfnews.com\/es\/author\/hal\/\"}]}<\/script>\n<!-- \/ Yoast SEO plugin. -->","yoast_head_json":{"robots":{"index":"index","follow":"follow","max-snippet":"max-snippet:-1","max-image-preview":"max-image-preview:large","max-video-preview":"max-video-preview:-1"},"canonical":"https:\/\/ktfnews.com\/pope-francis-silent-chiapas-persecution\/","og_locale":"es_ES","og_type":"article","og_title":"[:en]Pope Francis Silent on Chiapas Persecution[:es]El Papa Francisco Guarda Silencio sobre la Persecuci\u00f3n en Chiapas[:] - KEEP the FAITH","og_description":"A menudo el Papa Francisco ha hablado sobre la persecuci\u00f3n de los cristianos por parte de los extremistas musulmanes e incluso lo ha llamado un \u00abecumenismo de sangre\u00bb. Pero ha guardado silencio sobre la persecuci\u00f3n a los protestantes por parte...","og_url":"https:\/\/ktfnews.com\/pope-francis-silent-chiapas-persecution\/","og_site_name":"KEEP the FAITH","article_publisher":"https:\/\/www.facebook.com\/ktfministry","article_published_time":"2016-03-17T06:00:02+00:00","article_modified_time":"2016-03-25T00:24:11+00:00","og_image":[{"width":620,"height":350,"url":"https:\/\/ktfnews.com\/wp-content\/uploads\/2016\/03\/Screen-Shot-2016-03-14-at-22.54.57.png","type":"image\/png"}],"twitter_card":"summary_large_image","twitter_creator":"@ktfministry","twitter_site":"@ktfministry","twitter_misc":{"Escrito por":"Pastor Hal Mayer","Tiempo de lectura":"4 minutos"},"schema":{"@context":"https:\/\/schema.org","@graph":[{"@type":"WebSite","@id":"https:\/\/ktfnews.com\/#website","url":"https:\/\/ktfnews.com\/","name":"KEEP the FAITH","description":"Preparing you for the final conflict between good and evil.","potentialAction":[{"@type":"SearchAction","target":{"@type":"EntryPoint","urlTemplate":"https:\/\/ktfnews.com\/?s={search_term_string}"},"query-input":"required name=search_term_string"}],"inLanguage":"es"},{"@type":"WebPage","@id":"https:\/\/ktfnews.com\/pope-francis-silent-chiapas-persecution\/#webpage","url":"https:\/\/ktfnews.com\/pope-francis-silent-chiapas-persecution\/","name":"[:en]Pope Francis Silent on Chiapas Persecution[:es]El Papa Francisco Guarda Silencio sobre la Persecuci\u00f3n en Chiapas[:] - KEEP the FAITH","isPartOf":{"@id":"https:\/\/ktfnews.com\/#website"},"datePublished":"2016-03-17T06:00:02+00:00","dateModified":"2016-03-25T00:24:11+00:00","author":{"@id":"https:\/\/ktfnews.com\/#\/schema\/person\/ba4174513d9169cf8e229b7d8d60410d"},"breadcrumb":{"@id":"https:\/\/ktfnews.com\/pope-francis-silent-chiapas-persecution\/#breadcrumb"},"inLanguage":"es","potentialAction":[{"@type":"ReadAction","target":["https:\/\/ktfnews.com\/pope-francis-silent-chiapas-persecution\/"]}]},{"@type":"BreadcrumbList","@id":"https:\/\/ktfnews.com\/pope-francis-silent-chiapas-persecution\/#breadcrumb","itemListElement":[{"@type":"ListItem","position":1,"name":"Home","item":"https:\/\/ktfnews.com\/"},{"@type":"ListItem","position":2,"name":"Briefings","item":"https:\/\/ktfnews.com\/category\/briefings\/"},{"@type":"ListItem","position":3,"name":"Prophetic Intelligence Briefings","item":"https:\/\/ktfnews.com\/category\/briefings\/news\/"},{"@type":"ListItem","position":4,"name":"Pope Francis Silent on Chiapas Persecution"}]},{"@type":"Person","@id":"https:\/\/ktfnews.com\/#\/schema\/person\/ba4174513d9169cf8e229b7d8d60410d","name":"Pastor Hal Mayer","image":{"@type":"ImageObject","@id":"https:\/\/ktfnews.com\/#personlogo","inLanguage":"es","url":"https:\/\/secure.gravatar.com\/avatar\/051bac95ae650254c5a03467b9456599?s=96&d=mm&r=g","contentUrl":"https:\/\/secure.gravatar.com\/avatar\/051bac95ae650254c5a03467b9456599?s=96&d=mm&r=g","caption":"Pastor Hal Mayer"},"description":"Pastor Hal Mayer is speaker and director of Keep the Faith Ministry. For the last 20 years Pastor Mayer\u2019s monthly prophetic analysis on CD and online has revealed the striking evidence of fulfilling prophecy to many thousands of subscribers all over the world. Pastor Mayer\u2019s background in history and Bible prophecy give him unique insights and perspectives that have blessed many and helped them make a deeper commitment to the Lord. Keep the Faith Ministry helps those who want to keep abreast of fulfilling prophecy and who want to understand and navigate the unique and difficult circumstances of the end-times. Keep the Faith Ministry helps to prepare you for the second coming of Christ. Pastor Mayer is married to Betsy for more than 40 years. They have no children of their own. \u201cThe times in which we live are thrilling, because the things prophesied in God\u2019s word are actually coming to pass in this generation,\u201d says Pastor Mayer. \u201cIn a time when the distinctive end-time truths of God\u2019s word are being censored, and life in this world is becoming more and more chaotic, Keep the Faith is a voice of strength and encouragement.\u201d","url":"https:\/\/ktfnews.com\/es\/author\/hal\/"}]}},"_links":{"self":[{"href":"https:\/\/ktfnews.com\/es\/wp-json\/wp\/v2\/posts\/8587"}],"collection":[{"href":"https:\/\/ktfnews.com\/es\/wp-json\/wp\/v2\/posts"}],"about":[{"href":"https:\/\/ktfnews.com\/es\/wp-json\/wp\/v2\/types\/post"}],"author":[{"embeddable":true,"href":"https:\/\/ktfnews.com\/es\/wp-json\/wp\/v2\/users\/6"}],"replies":[{"embeddable":true,"href":"https:\/\/ktfnews.com\/es\/wp-json\/wp\/v2\/comments?post=8587"}],"version-history":[{"count":0,"href":"https:\/\/ktfnews.com\/es\/wp-json\/wp\/v2\/posts\/8587\/revisions"}],"wp:attachment":[{"href":"https:\/\/ktfnews.com\/es\/wp-json\/wp\/v2\/media?parent=8587"}],"wp:term":[{"taxonomy":"category","embeddable":true,"href":"https:\/\/ktfnews.com\/es\/wp-json\/wp\/v2\/categories?post=8587"},{"taxonomy":"post_tag","embeddable":true,"href":"https:\/\/ktfnews.com\/es\/wp-json\/wp\/v2\/tags?post=8587"}],"curies":[{"name":"wp","href":"https:\/\/api.w.org\/{rel}","templated":true}]}}