{"id":8377,"date":"2016-02-10T02:00:49","date_gmt":"2016-02-10T07:00:49","guid":{"rendered":"http:\/\/ktfnews.com\/?p=8377"},"modified":"2016-02-21T15:02:08","modified_gmt":"2016-02-21T20:02:08","slug":"why-did-pope-francis-and-patriarch-kirill-meet","status":"publish","type":"post","link":"https:\/\/ktfnews.com\/es\/why-did-pope-francis-and-patriarch-kirill-meet\/","title":{"rendered":"\u00bfPor qu\u00e9 se Reunieron el Papa Francisco y el Patriarca Kirill?"},"content":{"rendered":"<p>En una reciente conferencia de prensa en Roma, el Metropolita Hilari\u00f3n de Volokolamsk dijo: \u00abEs necesario dejar a un lado los desacuerdos internos y unir esfuerzos para salvar al cristianismo en las regiones que est\u00e1n sufriendo la m\u00e1s severa persecuci\u00f3n\u201d. Hilari\u00f3n es el Presidente del Departamento de Relaciones Exteriores Eclesi\u00e1sticas del Patriarcado de la Iglesia Ortodoxa Rusa.<\/p>\n<p>De acuerdo con el Metropolita, la unidad entre la Iglesia Ortodoxa y la Cat\u00f3lica no era posible a causa de las heridas purulentas y abiertas que ha dejado la agravante situaci\u00f3n en Ucrania. Expres\u00f3 que es una \u00abherida que sangra y que nunca sanar\u00e1 la cual impide la plena normalizaci\u00f3n de las relaciones entre las dos Iglesias\u00bb.<\/p>\n<p>\u00abSin embargo\u00bb, dijo el Metropolita Hilari\u00f3n, \u00abla situaci\u00f3n que se ha desarrollado hoy en el Oriente Medio, en \u00c1frica del Norte y Central y en algunas otras regiones, en las que los extremistas est\u00e1n perpetrando un verdadero genocidio de la poblaci\u00f3n cristiana, ha requerido medidas urgentes y una cooperaci\u00f3n m\u00e1s estrecha entre las Iglesias cristianas. Debido a la tr\u00e1gica situaci\u00f3n actual, es necesario dejar a un lado los desacuerdos internos y unir esfuerzos para salvar el cristianismo en aquellas regiones sometidas a la m\u00e1s severa persecuci\u00f3n\u00bb.<\/p>\n<p>El Sagrado Consejo de Obispos Ortodoxos Rusos ha hecho un \u00abllamado para que el a\u00f1o 2016 sea un a\u00f1o de esfuerzos especiales en este sentido\u00bb.<\/p>\n<p>\u00abPor lo tanto,\u00bb continu\u00f3 Hilari\u00f3n, \u00aba pesar de los obst\u00e1culos que a\u00fan permanecen y que son de naturaleza eclesial, se ha decidido que se realice con urgencia una reuni\u00f3n entre su Santidad, el Patriarca Kirill y el Papa Francisco de Roma. El problema de la persecuci\u00f3n contra los cristianos ser\u00e1 el tema principal de la reuni\u00f3n\u00bb.<\/p>\n<p>La reuni\u00f3n tuvo lugar en Cuba. El Patriarca Kirill no quer\u00eda que la reuni\u00f3n se llevara a cabo en Europa debido a las divisiones y conflictos hist\u00f3ricos. Casualmente, el Patriarca visit\u00f3 a Am\u00e9rica Latina coincidiendo con la visita del Papa a M\u00e9xico. Entonces acordaron reunirse en Cuba para firmar un comunicado en conjunto.<\/p>\n<p>Es un hecho muy significativo que despu\u00e9s de tantos a\u00f1os de no llegar a ning\u00fan acuerdo en las negociaciones, ahora el radicalismo isl\u00e1mico est\u00e9 sirviendo de catalizador para que las dos iglesias se unan a fin de oponerse al Estado isl\u00e1mico.<\/p>\n<p>\u00abTodo el mundo se maravill\u00f3 en pos de&#8230;\u00bb Apocalipsis 13: 3.<\/p>\n<p><strong>Source Reference<\/strong><\/p>\n<ul>\n<li><a href=\"https:\/\/www.aciprensa.com\/noticias\/ortodoxos-dan-detalles-del-encuentro-entre-papa-francisco-y-patriarca-ruso-kirill-en-cuba-33705\/\" target=\"_blank\">Ortodoxos dan detalles del encuentro entre Papa Francisco y Patriarca ruso Kirill en Cuba<\/a><\/li>\n<\/ul>\n<ul>\n<li><a href=\"https:\/\/zenit.org\/articles\/orthodox-official-pope-and-patriarch-will-meet-because-of-genocide-of-christians-in-mideast\/\" target=\"_blank\">Orthodox Official: Pope and Patriarch Will Meet Because of Genocide of Christians in Mideast<\/a><\/li>\n<\/ul>\n<p><\/p>\n<!-- AddThis Advanced Settings generic via filter on the_content -->","protected":false},"excerpt":{"rendered":"<p>En una reciente conferencia de prensa en Roma, el Metropolita Hilari\u00f3n de Volokolamsk dijo: \u00abEs necesario dejar a un lado los desacuerdos internos y unir esfuerzos para salvar al cristianismo en las regiones que est\u00e1n sufriendo la m\u00e1s severa persecuci\u00f3n\u201d&#8230;.<!-- AddThis Advanced Settings generic via filter on wp_trim_excerpt --><\/p>\n","protected":false},"author":6,"featured_media":0,"comment_status":"open","ping_status":"open","sticky":false,"template":"","format":"standard","meta":{"episode_type":"","audio_file":"","duration":"","filesize":"","date_recorded":"","explicit":"","block":"","filesize_raw":"","_FSMCFIC_featured_image_caption":"","_FSMCFIC_featured_image_nocaption":"","_FSMCFIC_featured_image_hide":"","_links_to":"","_links_to_target":""},"categories":[722,32],"tags":[514,1219,111,1325],"featured_image_urls":{},"appp_media":null,"yoast_head":"<!-- This site is optimized with the Yoast SEO plugin v17.3 - https:\/\/yoast.com\/wordpress\/plugins\/seo\/ -->\n<meta name=\"robots\" content=\"index, follow, max-snippet:-1, max-image-preview:large, max-video-preview:-1\" \/>\n<link rel=\"canonical\" href=\"https:\/\/ktfnews.com\/why-did-pope-francis-and-patriarch-kirill-meet\/\" \/>\n<meta property=\"og:locale\" content=\"es_ES\" \/>\n<meta property=\"og:type\" content=\"article\" \/>\n<meta property=\"og:title\" content=\"[:en]Why did Pope Francis and Patriarch Kirill Meet?[:es]\u00bfPor qu\u00e9 se Reunieron el Papa Francisco y el Patriarca Kirill?[:] - KEEP the FAITH\" \/>\n<meta property=\"og:description\" content=\"En una reciente conferencia de prensa en Roma, el Metropolita Hilari\u00f3n de Volokolamsk dijo: \u00abEs necesario dejar a un lado los desacuerdos internos y unir esfuerzos para salvar al cristianismo en las regiones que est\u00e1n sufriendo la m\u00e1s severa persecuci\u00f3n\u201d....\" \/>\n<meta property=\"og:url\" content=\"https:\/\/ktfnews.com\/why-did-pope-francis-and-patriarch-kirill-meet\/\" \/>\n<meta property=\"og:site_name\" content=\"KEEP the FAITH\" \/>\n<meta property=\"article:publisher\" content=\"https:\/\/www.facebook.com\/ktfministry\" \/>\n<meta property=\"article:published_time\" content=\"2016-02-10T07:00:49+00:00\" \/>\n<meta property=\"article:modified_time\" content=\"2016-02-21T20:02:08+00:00\" \/>\n<meta property=\"og:image\" content=\"https:\/\/ktfnews.com\/wp-content\/uploads\/2016\/02\/Screen-Shot-2016-02-05-at-1.40.55-PM-740x493.png\" \/>\n\t<meta property=\"og:image:width\" content=\"740\" \/>\n\t<meta property=\"og:image:height\" content=\"493\" \/>\n<meta name=\"twitter:card\" content=\"summary_large_image\" \/>\n<meta name=\"twitter:creator\" content=\"@ktfministry\" \/>\n<meta name=\"twitter:site\" content=\"@ktfministry\" \/>\n<meta name=\"twitter:label1\" content=\"Escrito por\" \/>\n\t<meta name=\"twitter:data1\" content=\"Pastor Hal Mayer\" \/>\n\t<meta name=\"twitter:label2\" content=\"Tiempo de lectura\" \/>\n\t<meta name=\"twitter:data2\" content=\"4 minutos\" \/>\n<script type=\"application\/ld+json\" class=\"yoast-schema-graph\">{\"@context\":\"https:\/\/schema.org\",\"@graph\":[{\"@type\":\"WebSite\",\"@id\":\"https:\/\/ktfnews.com\/#website\",\"url\":\"https:\/\/ktfnews.com\/\",\"name\":\"KEEP the FAITH\",\"description\":\"Preparing you for the final conflict between good and evil.\",\"potentialAction\":[{\"@type\":\"SearchAction\",\"target\":{\"@type\":\"EntryPoint\",\"urlTemplate\":\"https:\/\/ktfnews.com\/?s={search_term_string}\"},\"query-input\":\"required name=search_term_string\"}],\"inLanguage\":\"es\"},{\"@type\":\"WebPage\",\"@id\":\"https:\/\/ktfnews.com\/why-did-pope-francis-and-patriarch-kirill-meet\/#webpage\",\"url\":\"https:\/\/ktfnews.com\/why-did-pope-francis-and-patriarch-kirill-meet\/\",\"name\":\"[:en]Why did Pope Francis and Patriarch Kirill Meet?[:es]\\u00bfPor qu\\u00e9 se Reunieron el Papa Francisco y el Patriarca Kirill?[:] - KEEP the FAITH\",\"isPartOf\":{\"@id\":\"https:\/\/ktfnews.com\/#website\"},\"datePublished\":\"2016-02-10T07:00:49+00:00\",\"dateModified\":\"2016-02-21T20:02:08+00:00\",\"author\":{\"@id\":\"https:\/\/ktfnews.com\/#\/schema\/person\/ba4174513d9169cf8e229b7d8d60410d\"},\"breadcrumb\":{\"@id\":\"https:\/\/ktfnews.com\/why-did-pope-francis-and-patriarch-kirill-meet\/#breadcrumb\"},\"inLanguage\":\"es\",\"potentialAction\":[{\"@type\":\"ReadAction\",\"target\":[\"https:\/\/ktfnews.com\/why-did-pope-francis-and-patriarch-kirill-meet\/\"]}]},{\"@type\":\"BreadcrumbList\",\"@id\":\"https:\/\/ktfnews.com\/why-did-pope-francis-and-patriarch-kirill-meet\/#breadcrumb\",\"itemListElement\":[{\"@type\":\"ListItem\",\"position\":1,\"name\":\"Home\",\"item\":\"https:\/\/ktfnews.com\/\"},{\"@type\":\"ListItem\",\"position\":2,\"name\":\"Briefings\",\"item\":\"https:\/\/ktfnews.com\/category\/briefings\/\"},{\"@type\":\"ListItem\",\"position\":3,\"name\":\"Prophetic Intelligence Briefings\",\"item\":\"https:\/\/ktfnews.com\/category\/briefings\/news\/\"},{\"@type\":\"ListItem\",\"position\":4,\"name\":\"Why did Pope Francis and Patriarch Kirill Meet?\"}]},{\"@type\":\"Person\",\"@id\":\"https:\/\/ktfnews.com\/#\/schema\/person\/ba4174513d9169cf8e229b7d8d60410d\",\"name\":\"Pastor Hal Mayer\",\"image\":{\"@type\":\"ImageObject\",\"@id\":\"https:\/\/ktfnews.com\/#personlogo\",\"inLanguage\":\"es\",\"url\":\"https:\/\/secure.gravatar.com\/avatar\/051bac95ae650254c5a03467b9456599?s=96&d=mm&r=g\",\"contentUrl\":\"https:\/\/secure.gravatar.com\/avatar\/051bac95ae650254c5a03467b9456599?s=96&d=mm&r=g\",\"caption\":\"Pastor Hal Mayer\"},\"description\":\"Pastor Hal Mayer is speaker and director of Keep the Faith Ministry. For the last 20 years Pastor Mayer\\u2019s monthly prophetic analysis on CD and online has revealed the striking evidence of fulfilling prophecy to many thousands of subscribers all over the world. Pastor Mayer\\u2019s background in history and Bible prophecy give him unique insights and perspectives that have blessed many and helped them make a deeper commitment to the Lord. Keep the Faith Ministry helps those who want to keep abreast of fulfilling prophecy and who want to understand and navigate the unique and difficult circumstances of the end-times. Keep the Faith Ministry helps to prepare you for the second coming of Christ. Pastor Mayer is married to Betsy for more than 40 years. They have no children of their own. \\u201cThe times in which we live are thrilling, because the things prophesied in God\\u2019s word are actually coming to pass in this generation,\\u201d says Pastor Mayer. \\u201cIn a time when the distinctive end-time truths of God\\u2019s word are being censored, and life in this world is becoming more and more chaotic, Keep the Faith is a voice of strength and encouragement.\\u201d\",\"url\":\"https:\/\/ktfnews.com\/es\/author\/hal\/\"}]}<\/script>\n<!-- \/ Yoast SEO plugin. -->","yoast_head_json":{"robots":{"index":"index","follow":"follow","max-snippet":"max-snippet:-1","max-image-preview":"max-image-preview:large","max-video-preview":"max-video-preview:-1"},"canonical":"https:\/\/ktfnews.com\/why-did-pope-francis-and-patriarch-kirill-meet\/","og_locale":"es_ES","og_type":"article","og_title":"[:en]Why did Pope Francis and Patriarch Kirill Meet?[:es]\u00bfPor qu\u00e9 se Reunieron el Papa Francisco y el Patriarca Kirill?[:] - KEEP the FAITH","og_description":"En una reciente conferencia de prensa en Roma, el Metropolita Hilari\u00f3n de Volokolamsk dijo: \u00abEs necesario dejar a un lado los desacuerdos internos y unir esfuerzos para salvar al cristianismo en las regiones que est\u00e1n sufriendo la m\u00e1s severa persecuci\u00f3n\u201d....","og_url":"https:\/\/ktfnews.com\/why-did-pope-francis-and-patriarch-kirill-meet\/","og_site_name":"KEEP the FAITH","article_publisher":"https:\/\/www.facebook.com\/ktfministry","article_published_time":"2016-02-10T07:00:49+00:00","article_modified_time":"2016-02-21T20:02:08+00:00","og_image":[{"width":740,"height":493,"url":"https:\/\/ktfnews.com\/wp-content\/uploads\/2016\/02\/Screen-Shot-2016-02-05-at-1.40.55-PM-740x493.png","type":"image\/png"}],"twitter_card":"summary_large_image","twitter_creator":"@ktfministry","twitter_site":"@ktfministry","twitter_misc":{"Escrito por":"Pastor Hal Mayer","Tiempo de lectura":"4 minutos"},"schema":{"@context":"https:\/\/schema.org","@graph":[{"@type":"WebSite","@id":"https:\/\/ktfnews.com\/#website","url":"https:\/\/ktfnews.com\/","name":"KEEP the FAITH","description":"Preparing you for the final conflict between good and evil.","potentialAction":[{"@type":"SearchAction","target":{"@type":"EntryPoint","urlTemplate":"https:\/\/ktfnews.com\/?s={search_term_string}"},"query-input":"required name=search_term_string"}],"inLanguage":"es"},{"@type":"WebPage","@id":"https:\/\/ktfnews.com\/why-did-pope-francis-and-patriarch-kirill-meet\/#webpage","url":"https:\/\/ktfnews.com\/why-did-pope-francis-and-patriarch-kirill-meet\/","name":"[:en]Why did Pope Francis and Patriarch Kirill Meet?[:es]\u00bfPor qu\u00e9 se Reunieron el Papa Francisco y el Patriarca Kirill?[:] - KEEP the FAITH","isPartOf":{"@id":"https:\/\/ktfnews.com\/#website"},"datePublished":"2016-02-10T07:00:49+00:00","dateModified":"2016-02-21T20:02:08+00:00","author":{"@id":"https:\/\/ktfnews.com\/#\/schema\/person\/ba4174513d9169cf8e229b7d8d60410d"},"breadcrumb":{"@id":"https:\/\/ktfnews.com\/why-did-pope-francis-and-patriarch-kirill-meet\/#breadcrumb"},"inLanguage":"es","potentialAction":[{"@type":"ReadAction","target":["https:\/\/ktfnews.com\/why-did-pope-francis-and-patriarch-kirill-meet\/"]}]},{"@type":"BreadcrumbList","@id":"https:\/\/ktfnews.com\/why-did-pope-francis-and-patriarch-kirill-meet\/#breadcrumb","itemListElement":[{"@type":"ListItem","position":1,"name":"Home","item":"https:\/\/ktfnews.com\/"},{"@type":"ListItem","position":2,"name":"Briefings","item":"https:\/\/ktfnews.com\/category\/briefings\/"},{"@type":"ListItem","position":3,"name":"Prophetic Intelligence Briefings","item":"https:\/\/ktfnews.com\/category\/briefings\/news\/"},{"@type":"ListItem","position":4,"name":"Why did Pope Francis and Patriarch Kirill Meet?"}]},{"@type":"Person","@id":"https:\/\/ktfnews.com\/#\/schema\/person\/ba4174513d9169cf8e229b7d8d60410d","name":"Pastor Hal Mayer","image":{"@type":"ImageObject","@id":"https:\/\/ktfnews.com\/#personlogo","inLanguage":"es","url":"https:\/\/secure.gravatar.com\/avatar\/051bac95ae650254c5a03467b9456599?s=96&d=mm&r=g","contentUrl":"https:\/\/secure.gravatar.com\/avatar\/051bac95ae650254c5a03467b9456599?s=96&d=mm&r=g","caption":"Pastor Hal Mayer"},"description":"Pastor Hal Mayer is speaker and director of Keep the Faith Ministry. For the last 20 years Pastor Mayer\u2019s monthly prophetic analysis on CD and online has revealed the striking evidence of fulfilling prophecy to many thousands of subscribers all over the world. Pastor Mayer\u2019s background in history and Bible prophecy give him unique insights and perspectives that have blessed many and helped them make a deeper commitment to the Lord. Keep the Faith Ministry helps those who want to keep abreast of fulfilling prophecy and who want to understand and navigate the unique and difficult circumstances of the end-times. Keep the Faith Ministry helps to prepare you for the second coming of Christ. Pastor Mayer is married to Betsy for more than 40 years. They have no children of their own. \u201cThe times in which we live are thrilling, because the things prophesied in God\u2019s word are actually coming to pass in this generation,\u201d says Pastor Mayer. \u201cIn a time when the distinctive end-time truths of God\u2019s word are being censored, and life in this world is becoming more and more chaotic, Keep the Faith is a voice of strength and encouragement.\u201d","url":"https:\/\/ktfnews.com\/es\/author\/hal\/"}]}},"_links":{"self":[{"href":"https:\/\/ktfnews.com\/es\/wp-json\/wp\/v2\/posts\/8377"}],"collection":[{"href":"https:\/\/ktfnews.com\/es\/wp-json\/wp\/v2\/posts"}],"about":[{"href":"https:\/\/ktfnews.com\/es\/wp-json\/wp\/v2\/types\/post"}],"author":[{"embeddable":true,"href":"https:\/\/ktfnews.com\/es\/wp-json\/wp\/v2\/users\/6"}],"replies":[{"embeddable":true,"href":"https:\/\/ktfnews.com\/es\/wp-json\/wp\/v2\/comments?post=8377"}],"version-history":[{"count":0,"href":"https:\/\/ktfnews.com\/es\/wp-json\/wp\/v2\/posts\/8377\/revisions"}],"wp:attachment":[{"href":"https:\/\/ktfnews.com\/es\/wp-json\/wp\/v2\/media?parent=8377"}],"wp:term":[{"taxonomy":"category","embeddable":true,"href":"https:\/\/ktfnews.com\/es\/wp-json\/wp\/v2\/categories?post=8377"},{"taxonomy":"post_tag","embeddable":true,"href":"https:\/\/ktfnews.com\/es\/wp-json\/wp\/v2\/tags?post=8377"}],"curies":[{"name":"wp","href":"https:\/\/api.w.org\/{rel}","templated":true}]}}