{"id":34187,"date":"2026-08-11T05:30:55","date_gmt":"2026-08-11T09:30:55","guid":{"rendered":"https:\/\/ktfnews.com\/?p=34187"},"modified":"2026-08-14T01:36:24","modified_gmt":"2026-08-14T05:36:24","slug":"magnitude-7-4-quake-rocks-western-colombia-killing-at-least-111-people","status":"publish","type":"post","link":"https:\/\/ktfnews.com\/es\/magnitude-7-4-quake-rocks-western-colombia-killing-at-least-111-people\/","title":{"rendered":"Terremoto de magnitud 7.4 sacude el oeste de Colombia, dejando al menos 111 muertos"},"content":{"rendered":"<p><i>AP News<\/i>, por Astrid Su\u00e1rez, Megan Janetsky y Juan D\u00edaz: Un potente terremoto de magnitud 7.4 sacudi\u00f3 el oeste de Colombia el lunes, dejando al menos 111 muertos, cientos de edificios da\u00f1ados y muchos atrapados bajo los escombros mientras sus seres queridos y rescatistas buscaban entre ellos.<\/p>\n<p>Equipos de b\u00fasqueda y civiles rebuscaban entre los restos de edificios destruidos en Cali, la tercera ciudad m\u00e1s grande del pa\u00eds, pasando grandes trozos de concreto y otros escombros a una larga fila de voluntarios.<\/p>\n<p>\u201cNuestro edificio qued\u00f3 pr\u00e1cticamente en ruinas, \u00bfy el de al lado? Completamente derrumbado\u201d, dijo \u00c1lvaro L\u00f3pez, quien acunaba a su perro mientras observaba la b\u00fasqueda. La desesperada escena recordaba las labores de b\u00fasqueda que a\u00fan contin\u00faan en la vecina Venezuela semanas despu\u00e9s de que ese pa\u00eds fuera devastado por dos fuertes terremotos.<\/p>\n<p>Adem\u00e1s de Cali, el sismo devast\u00f3 ciudades en todo el oeste de Colombia, incluyendo Pereira, Quibd\u00f3 y Manizales, y se sinti\u00f3 en los vecinos Ecuador y Panam\u00e1. El epicentro se localiz\u00f3 en San Jos\u00e9 del Palmar, una comunidad de aproximadamente 4.800 habitantes en la regi\u00f3n del Choc\u00f3, a unos 400 kil\u00f3metros al oeste de Bogot\u00e1, seg\u00fan el Servicio Geol\u00f3gico de Estados Unidos.<\/p>\n<p>El presidente de Colombia, Abelardo de la Espriella, inform\u00f3 que al menos 87 personas resultaron heridas y alrededor de 1.600 edificios sufrieron da\u00f1os, incluyendo al menos 61 que se derrumbaron por completo. Declar\u00f3 el estado de emergencia para agilizar la financiaci\u00f3n de la recuperaci\u00f3n tras el sismo.<\/p>\n<p>\u00abNo vamos a abandonar a la gente. Los llevamos en el coraz\u00f3n y los atenderemos con toda nuestra determinaci\u00f3n\u00bb, afirm\u00f3.<\/p>\n<p><strong>El terremoto m\u00e1s potente registrado en Colombia en lo que va del siglo.<\/strong><\/p>\n<p>El Servicio Geol\u00f3gico de Colombia inform\u00f3 que el sismo del lunes fue el m\u00e1s fuerte registrado en el pa\u00eds \u00aben el siglo XXI\u00bb y que fue seguido por varias r\u00e9plicas.<\/p>\n<p>La regi\u00f3n del Pac\u00edfico colombiano, alrededor del epicentro, se encuentra en el Cintur\u00f3n de Fuego, la l\u00ednea de fallas s\u00edsmicas que rodea el Oc\u00e9ano Pac\u00edfico, donde ocurren la mayor\u00eda de los terremotos del mundo. El Pac\u00edfico, en particular la regi\u00f3n del Choc\u00f3, es una de las m\u00e1s pobres de Colombia, ubicada en medio de una densa selva. Gran parte del Choc\u00f3 solo es accesible por barco o avi\u00f3n, lo que podr\u00eda dificultar la evaluaci\u00f3n de la magnitud total del desastre.<\/p>\n<p>Las autoridades locales informaron que el n\u00famero de fallecidos incluye al menos 40 personas en la regi\u00f3n de Risaralda, donde se ubica Pereira, y 27 en la regi\u00f3n del Valle del Cauca, donde se ubica Cali, entre ellas tres ni\u00f1os. Las autoridades tambi\u00e9n confirmaron nueve fallecidos en el Choc\u00f3, dos en la regi\u00f3n de Caldas y un hombre de 73 a\u00f1os en la regi\u00f3n de Antioquia. No se ha determinado a\u00fan d\u00f3nde fallecieron las otras 32 personas.<\/p>\n<p>Los terremotos dejaron a muchos en la naci\u00f3n andina conmocionados despu\u00e9s de que dos sismos consecutivos devastaran la vecina Venezuela a finales de junio, destruyendo cientos de edificios y causando la muerte de m\u00e1s de 6300 personas.<\/p>\n<p><strong>El \u00abAnillo de Fuego\u00bb entre las zonas m\u00e1s inestables del planeta.<\/strong><\/p>\n<p>Para la tarde del lunes, la gente hab\u00eda comenzado a reportar la desaparici\u00f3n de sus seres queridos en bases de datos digitales, tal como lo hicieron los civiles tras los terremotos en Venezuela. Una base de datos contaba con m\u00e1s de 2000 personas, principalmente en Cali y Pereira, y la cifra segu\u00eda aumentando.<\/p>\n<p>Entre las fotos de los desaparecidos se encontraba la de una joven madre con su beb\u00e9 en Pereira; otra mostraba a una mujer de 80 a\u00f1os en Cali cuya familia buscaba desesperadamente informaci\u00f3n tras el derrumbe de su edificio.<\/p>\n<p><strong>Ciudades devastadas.<\/strong><\/p>\n<p>Jorge Moncayo, un taxista de 64 a\u00f1os de Cali, relat\u00f3 haber visto columnas de polvo elevarse por toda la ciudad al derrumbarse los edificios. Residentes y rescatistas buscaban sobrevivientes entre los escombros. El gobierno local inform\u00f3 que varias personas permanec\u00edan atrapadas en algunos de los 380 edificios da\u00f1ados de la ciudad.<\/p>\n<p>\u201cToda mi casa tembl\u00f3. Nunca hab\u00eda vivido un terremoto tan fuerte\u201d, dijo. \u201cLe damos gracias a Dios por estar vivos\u201d.<\/p>\n<p>Se desconoc\u00eda la magnitud de los da\u00f1os en Choc\u00f3, una regi\u00f3n remota donde las autoridades reportaron decenas de heridos y edificios da\u00f1ados, pero pocos detalles m\u00e1s. La se\u00f1al telef\u00f3nica estaba cortada en gran parte de Quibd\u00f3, la capital de la regi\u00f3n. La ciudad m\u00e1s cercana al epicentro del terremoto, San Jos\u00e9 del Palmar, no tiene aeropuerto y se encuentra en la cima de una sierra, junto a una carretera que une Cali y Pereira.<\/p>\n<p>En Pereira, m\u00e1s al sur, en las monta\u00f1as cafetaleras de Colombia, fotos y videos difundidos por los medios locales mostraban trozos del techo del aeropuerto cayendo sobre viajeros que buscaban refugio y gritaban. La gente corr\u00eda entre escombros y nubes de polvo, y los residentes informaron que tiendas, edificios residenciales y casas se derrumbaron por toda la ciudad. El alcalde de Pereira, Mauricio Salazar, declar\u00f3 a una emisora \u200b\u200bde radio local que hab\u00eda al menos 15 edificios derrumbados donde se tem\u00eda que hubiera personas atrapadas.<\/p>\n<p>En la cercana Manizales, una de las torres de la catedral neog\u00f3tica se derrumb\u00f3 sobre la nave. El alcalde Jorge Eduardo Rojas pidi\u00f3 a los residentes que permanecieran al aire libre ante la posibilidad de r\u00e9plicas. Las autoridades informaron que se suspendieron los vuelos en los aeropuertos de Manizales, Quibd\u00f3, Armenia, Cartago, Buenaventura y Pereira mientras evaluaban los da\u00f1os.<\/p>\n<p><strong>Ofertas de ayuda de toda Am\u00e9rica<\/strong><\/p>\n<p>Los sismos de baja magnitud, conocidos como \u201ctemblores\u201d, son comunes en el centro y oeste de Colombia, pero los que superan la magnitud 6.0 son raros. En 1999, un sismo de magnitud 6.2 cerca de la ciudad de Armenia caus\u00f3 la muerte de m\u00e1s de 1100 personas.<\/p>\n<p>La respuesta al terremoto representa el primer gran desaf\u00edo para De la Espriella, aliado de Trump, quien jur\u00f3 como presidente el fin de semana. Figura controvertida por su promesa de una represi\u00f3n total contra los grupos criminales, De la Espriella afirm\u00f3 haber asumido personalmente la direcci\u00f3n de la respuesta del gobierno ante la emergencia.<\/p>\n<p>El lunes por la noche, el Departamento de Estado de Estados Unidos anunci\u00f3 que proporcionar\u00eda 15.5 millones de d\u00f3lares para refugio de emergencia, alimentos y otra ayuda para la respuesta al terremoto. Gobiernos de toda Latinoam\u00e9rica tambi\u00e9n se sumaron a la iniciativa.<\/p>\n<p>El presidente de El Salvador, Nayib Bukele, y la presidenta de M\u00e9xico, Claudia Sheinbaum \u2014cuyos pa\u00edses fueron de los principales proveedores de ayuda a Venezuela tras su reciente crisis\u2014 manifestaron su disposici\u00f3n a ayudar a Colombia.<\/p>\n<p>\u201cDesde El Salvador, estamos en comunicaci\u00f3n y listos para brindar apoyo inmediato con nuestros equipos de rescate, personal m\u00e9dico, param\u00e9dicos, suministros o cualquier otra asistencia que nuestros hermanos y hermanas colombianos consideren necesaria\u201d, dijo Bukele.<\/p>\n<p>El presidente chileno, Jos\u00e9 Antonio Kast, afirm\u00f3 que Chile, uno de los pa\u00edses m\u00e1s propensos a los terremotos en la regi\u00f3n, \u201cconoce el dolor y el desaf\u00edo que dejan los sismos\u201d y prometi\u00f3 ayuda.<\/p>\n<p>Conexi\u00f3n prof\u00e9tica:<br \/>\n\u201cPorque se levantar\u00e1 naci\u00f3n contra naci\u00f3n, y reino contra reino; y habr\u00e1 hambres, y pestilencias, y terremotos en diferentes lugares.\u201d Mateo 24:7<\/p>\n<hr \/>\n<h3>Source References<\/h3>\n<ul>\n<li>\n<h5><a href=\"https:\/\/apnews.com\/article\/colombia-ecuador-earthquake-26fd40f93272d834fced47a4a673edc9\" target=\"_blank\" rel=\"noopener\">Magnitude 7.4 quake rocks western Colombia, killing at least 111 people<\/a><\/h5>\n<\/li>\n<\/ul>\n<p><\/p>\n<!-- AddThis Advanced Settings generic via filter on the_content -->","protected":false},"excerpt":{"rendered":"<p>AP News, por Astrid Su\u00e1rez, Megan Janetsky y Juan D\u00edaz: Un potente terremoto de magnitud 7.4 sacudi\u00f3 el oeste de Colombia el lunes, dejando al menos 111 muertos, cientos de edificios da\u00f1ados y muchos atrapados bajo los escombros mientras sus&#8230;<!-- AddThis Advanced Settings generic via filter on wp_trim_excerpt --><\/p>\n","protected":false},"author":6,"featured_media":34188,"comment_status":"open","ping_status":"open","sticky":false,"template":"","format":"standard","meta":{"episode_type":"","audio_file":"","duration":"","filesize":"","date_recorded":"","explicit":"","block":"","filesize_raw":"","_FSMCFIC_featured_image_caption":"Image: Free Malaysia Today","_FSMCFIC_featured_image_nocaption":null,"_FSMCFIC_featured_image_hide":null,"_links_to":"","_links_to_target":""},"categories":[722,32],"tags":[2853,617],"featured_image_urls":{"medium":"https:\/\/ktfnews.com\/wp-content\/uploads\/2026\/08\/columbia-search-party-1280-774-300x181.jpg","large":"https:\/\/ktfnews.com\/wp-content\/uploads\/2026\/08\/columbia-search-party-1280-774-1024x619.jpg","thumbnail":"https:\/\/ktfnews.com\/wp-content\/uploads\/2026\/08\/columbia-search-party-1280-774-150x150.jpg","medium_large":"https:\/\/ktfnews.com\/wp-content\/uploads\/2026\/08\/columbia-search-party-1280-774-768x464.jpg","team-small":"https:\/\/ktfnews.com\/wp-content\/uploads\/2026\/08\/columbia-search-party-1280-774-138x162.jpg","team-overview":"https:\/\/ktfnews.com\/wp-content\/uploads\/2026\/08\/columbia-search-party-1280-774-200x279.jpg","team-big":"https:\/\/ktfnews.com\/wp-content\/uploads\/2026\/08\/columbia-search-party-1280-774-540x270.jpg","two-columns":"https:\/\/ktfnews.com\/wp-content\/uploads\/2026\/08\/columbia-search-party-1280-774-379x242.jpg","one-column":"https:\/\/ktfnews.com\/wp-content\/uploads\/2026\/08\/columbia-search-party-1280-774-379x242.jpg","mini-square":"https:\/\/ktfnews.com\/wp-content\/uploads\/2026\/08\/columbia-search-party-1280-774-70x70.jpg","portfolio-widget-mainpage":"https:\/\/ktfnews.com\/wp-content\/uploads\/2026\/08\/columbia-search-party-1280-774-335x195.jpg","portfolio-single-ajax":"https:\/\/ktfnews.com\/wp-content\/uploads\/2026\/08\/columbia-search-party-1280-774-670x280.jpg","portfolio-single-big":"https:\/\/ktfnews.com\/wp-content\/uploads\/2026\/08\/columbia-search-party-1280-774-685x480.jpg","portfolio-single-small":"https:\/\/ktfnews.com\/wp-content\/uploads\/2026\/08\/columbia-search-party-1280-774-685x280.jpg","portfolio-single-full-big":"https:\/\/ktfnews.com\/wp-content\/uploads\/2026\/08\/columbia-search-party-1280-774-960x590.jpg","portfolio-single-full-small":"https:\/\/ktfnews.com\/wp-content\/uploads\/2026\/08\/columbia-search-party-1280-774-960x250.jpg","gallery-post":"https:\/\/ktfnews.com\/wp-content\/uploads\/2026\/08\/columbia-search-party-1280-774-182x126.jpg","gallery-post-smaller":"https:\/\/ktfnews.com\/wp-content\/uploads\/2026\/08\/columbia-search-party-1280-774-158x100.jpg","gallery-standard":"https:\/\/ktfnews.com\/wp-content\/uploads\/2026\/08\/columbia-search-party-1280-774-257x169.jpg","tooltip-preview":"https:\/\/ktfnews.com\/wp-content\/uploads\/2026\/08\/columbia-search-party-1280-774-227x133.jpg","widget-content-slider":"https:\/\/ktfnews.com\/wp-content\/uploads\/2026\/08\/columbia-search-party-1280-774-230x137.jpg","post-top-articles":"https:\/\/ktfnews.com\/wp-content\/uploads\/2026\/08\/columbia-search-party-1280-774-130x100.jpg","post-single-wide":"https:\/\/ktfnews.com\/wp-content\/uploads\/2026\/08\/columbia-search-party-1280-774-595x360.jpg","post-single-wide-nocrop":"https:\/\/ktfnews.com\/wp-content\/uploads\/2026\/08\/columbia-search-party-1280-774-595x360.jpg","post-single-wide-mobile":"https:\/\/ktfnews.com\/wp-content\/uploads\/2026\/08\/columbia-search-party-1280-774-320x190.jpg","post-single-wide-small":"https:\/\/ktfnews.com\/wp-content\/uploads\/2026\/08\/columbia-search-party-1280-774-595x190.jpg","post-single-square":"https:\/\/ktfnews.com\/wp-content\/uploads\/2026\/08\/columbia-search-party-1280-774-120x120.jpg","post-single-full-small":"https:\/\/ktfnews.com\/wp-content\/uploads\/2026\/08\/columbia-search-party-1280-774-950x360.jpg","post-single-full-big":"https:\/\/ktfnews.com\/wp-content\/uploads\/2026\/08\/columbia-search-party-1280-774-950x590.jpg","photo-blog":"https:\/\/ktfnews.com\/wp-content\/uploads\/2026\/08\/columbia-search-party-1280-774-768x464.jpg"},"appp_media":null,"yoast_head":"<!-- This site is optimized with the Yoast SEO plugin v17.3 - https:\/\/yoast.com\/wordpress\/plugins\/seo\/ -->\n<meta name=\"robots\" content=\"index, follow, max-snippet:-1, max-image-preview:large, max-video-preview:-1\" \/>\n<link rel=\"canonical\" href=\"https:\/\/ktfnews.com\/magnitude-7-4-quake-rocks-western-colombia-killing-at-least-111-people\/\" \/>\n<meta property=\"og:locale\" content=\"es_ES\" \/>\n<meta property=\"og:type\" content=\"article\" \/>\n<meta property=\"og:title\" content=\"[:en]Magnitude 7.4 quake rocks western Colombia, killing at least 111 people[:es]Terremoto de magnitud 7.4 sacude el oeste de Colombia, dejando al menos 111 muertos[:] - KEEP the FAITH\" \/>\n<meta property=\"og:description\" content=\"AP News, por Astrid Su\u00e1rez, Megan Janetsky y Juan D\u00edaz: Un potente terremoto de magnitud 7.4 sacudi\u00f3 el oeste de Colombia el lunes, dejando al menos 111 muertos, cientos de edificios da\u00f1ados y muchos atrapados bajo los escombros mientras sus...\" \/>\n<meta property=\"og:url\" content=\"https:\/\/ktfnews.com\/magnitude-7-4-quake-rocks-western-colombia-killing-at-least-111-people\/\" \/>\n<meta property=\"og:site_name\" content=\"KEEP the FAITH\" \/>\n<meta property=\"article:publisher\" content=\"https:\/\/www.facebook.com\/ktfministry\" \/>\n<meta property=\"article:published_time\" content=\"2026-08-11T09:30:55+00:00\" \/>\n<meta property=\"article:modified_time\" content=\"2026-08-14T05:36:24+00:00\" \/>\n<meta property=\"og:image\" content=\"https:\/\/ktfnews.com\/wp-content\/uploads\/2026\/08\/columbia-search-party-1280-774.jpg\" \/>\n\t<meta property=\"og:image:width\" content=\"1280\" \/>\n\t<meta property=\"og:image:height\" content=\"774\" \/>\n<meta name=\"twitter:card\" content=\"summary_large_image\" \/>\n<meta name=\"twitter:creator\" content=\"@ktfministry\" \/>\n<meta name=\"twitter:site\" content=\"@ktfministry\" \/>\n<meta name=\"twitter:label1\" content=\"Escrito por\" \/>\n\t<meta name=\"twitter:data1\" content=\"Pastor Hal Mayer\" \/>\n\t<meta name=\"twitter:label2\" content=\"Tiempo de lectura\" \/>\n\t<meta name=\"twitter:data2\" content=\"10 minutos\" \/>\n<script type=\"application\/ld+json\" class=\"yoast-schema-graph\">{\"@context\":\"https:\/\/schema.org\",\"@graph\":[{\"@type\":\"WebSite\",\"@id\":\"https:\/\/ktfnews.com\/#website\",\"url\":\"https:\/\/ktfnews.com\/\",\"name\":\"KEEP the FAITH\",\"description\":\"Preparing you for the final conflict between good and evil.\",\"potentialAction\":[{\"@type\":\"SearchAction\",\"target\":{\"@type\":\"EntryPoint\",\"urlTemplate\":\"https:\/\/ktfnews.com\/?s={search_term_string}\"},\"query-input\":\"required name=search_term_string\"}],\"inLanguage\":\"es\"},{\"@type\":\"ImageObject\",\"@id\":\"https:\/\/ktfnews.com\/magnitude-7-4-quake-rocks-western-colombia-killing-at-least-111-people\/#primaryimage\",\"inLanguage\":\"es\",\"url\":\"https:\/\/ktfnews.com\/wp-content\/uploads\/2026\/08\/columbia-search-party-1280-774.jpg\",\"contentUrl\":\"https:\/\/ktfnews.com\/wp-content\/uploads\/2026\/08\/columbia-search-party-1280-774.jpg\",\"width\":1280,\"height\":774},{\"@type\":\"WebPage\",\"@id\":\"https:\/\/ktfnews.com\/magnitude-7-4-quake-rocks-western-colombia-killing-at-least-111-people\/#webpage\",\"url\":\"https:\/\/ktfnews.com\/magnitude-7-4-quake-rocks-western-colombia-killing-at-least-111-people\/\",\"name\":\"[:en]Magnitude 7.4 quake rocks western Colombia, killing at least 111 people[:es]Terremoto de magnitud 7.4 sacude el oeste de Colombia, dejando al menos 111 muertos[:] - KEEP the FAITH\",\"isPartOf\":{\"@id\":\"https:\/\/ktfnews.com\/#website\"},\"primaryImageOfPage\":{\"@id\":\"https:\/\/ktfnews.com\/magnitude-7-4-quake-rocks-western-colombia-killing-at-least-111-people\/#primaryimage\"},\"datePublished\":\"2026-08-11T09:30:55+00:00\",\"dateModified\":\"2026-08-14T05:36:24+00:00\",\"author\":{\"@id\":\"https:\/\/ktfnews.com\/#\/schema\/person\/ba4174513d9169cf8e229b7d8d60410d\"},\"breadcrumb\":{\"@id\":\"https:\/\/ktfnews.com\/magnitude-7-4-quake-rocks-western-colombia-killing-at-least-111-people\/#breadcrumb\"},\"inLanguage\":\"es\",\"potentialAction\":[{\"@type\":\"ReadAction\",\"target\":[\"https:\/\/ktfnews.com\/magnitude-7-4-quake-rocks-western-colombia-killing-at-least-111-people\/\"]}]},{\"@type\":\"BreadcrumbList\",\"@id\":\"https:\/\/ktfnews.com\/magnitude-7-4-quake-rocks-western-colombia-killing-at-least-111-people\/#breadcrumb\",\"itemListElement\":[{\"@type\":\"ListItem\",\"position\":1,\"name\":\"Home\",\"item\":\"https:\/\/ktfnews.com\/\"},{\"@type\":\"ListItem\",\"position\":2,\"name\":\"Briefings\",\"item\":\"https:\/\/ktfnews.com\/category\/briefings\/\"},{\"@type\":\"ListItem\",\"position\":3,\"name\":\"Prophetic Intelligence Briefings\",\"item\":\"https:\/\/ktfnews.com\/category\/briefings\/news\/\"},{\"@type\":\"ListItem\",\"position\":4,\"name\":\"Magnitude 7.4 quake rocks western Colombia, killing at least 111 people\"}]},{\"@type\":\"Person\",\"@id\":\"https:\/\/ktfnews.com\/#\/schema\/person\/ba4174513d9169cf8e229b7d8d60410d\",\"name\":\"Pastor Hal Mayer\",\"image\":{\"@type\":\"ImageObject\",\"@id\":\"https:\/\/ktfnews.com\/#personlogo\",\"inLanguage\":\"es\",\"url\":\"https:\/\/secure.gravatar.com\/avatar\/051bac95ae650254c5a03467b9456599?s=96&d=mm&r=g\",\"contentUrl\":\"https:\/\/secure.gravatar.com\/avatar\/051bac95ae650254c5a03467b9456599?s=96&d=mm&r=g\",\"caption\":\"Pastor Hal Mayer\"},\"description\":\"Pastor Hal Mayer is speaker and director of Keep the Faith Ministry. For the last 20 years Pastor Mayer\\u2019s monthly prophetic analysis on CD and online has revealed the striking evidence of fulfilling prophecy to many thousands of subscribers all over the world. Pastor Mayer\\u2019s background in history and Bible prophecy give him unique insights and perspectives that have blessed many and helped them make a deeper commitment to the Lord. Keep the Faith Ministry helps those who want to keep abreast of fulfilling prophecy and who want to understand and navigate the unique and difficult circumstances of the end-times. Keep the Faith Ministry helps to prepare you for the second coming of Christ. Pastor Mayer is married to Betsy for more than 40 years. They have no children of their own. \\u201cThe times in which we live are thrilling, because the things prophesied in God\\u2019s word are actually coming to pass in this generation,\\u201d says Pastor Mayer. \\u201cIn a time when the distinctive end-time truths of God\\u2019s word are being censored, and life in this world is becoming more and more chaotic, Keep the Faith is a voice of strength and encouragement.\\u201d\",\"url\":\"https:\/\/ktfnews.com\/es\/author\/hal\/\"}]}<\/script>\n<!-- \/ Yoast SEO plugin. -->","yoast_head_json":{"robots":{"index":"index","follow":"follow","max-snippet":"max-snippet:-1","max-image-preview":"max-image-preview:large","max-video-preview":"max-video-preview:-1"},"canonical":"https:\/\/ktfnews.com\/magnitude-7-4-quake-rocks-western-colombia-killing-at-least-111-people\/","og_locale":"es_ES","og_type":"article","og_title":"[:en]Magnitude 7.4 quake rocks western Colombia, killing at least 111 people[:es]Terremoto de magnitud 7.4 sacude el oeste de Colombia, dejando al menos 111 muertos[:] - KEEP the FAITH","og_description":"AP News, por Astrid Su\u00e1rez, Megan Janetsky y Juan D\u00edaz: Un potente terremoto de magnitud 7.4 sacudi\u00f3 el oeste de Colombia el lunes, dejando al menos 111 muertos, cientos de edificios da\u00f1ados y muchos atrapados bajo los escombros mientras sus...","og_url":"https:\/\/ktfnews.com\/magnitude-7-4-quake-rocks-western-colombia-killing-at-least-111-people\/","og_site_name":"KEEP the FAITH","article_publisher":"https:\/\/www.facebook.com\/ktfministry","article_published_time":"2026-08-11T09:30:55+00:00","article_modified_time":"2026-08-14T05:36:24+00:00","og_image":[{"width":1280,"height":774,"url":"https:\/\/ktfnews.com\/wp-content\/uploads\/2026\/08\/columbia-search-party-1280-774.jpg","type":"image\/jpeg"}],"twitter_card":"summary_large_image","twitter_creator":"@ktfministry","twitter_site":"@ktfministry","twitter_misc":{"Escrito por":"Pastor Hal Mayer","Tiempo de lectura":"10 minutos"},"schema":{"@context":"https:\/\/schema.org","@graph":[{"@type":"WebSite","@id":"https:\/\/ktfnews.com\/#website","url":"https:\/\/ktfnews.com\/","name":"KEEP the FAITH","description":"Preparing you for the final conflict between good and evil.","potentialAction":[{"@type":"SearchAction","target":{"@type":"EntryPoint","urlTemplate":"https:\/\/ktfnews.com\/?s={search_term_string}"},"query-input":"required name=search_term_string"}],"inLanguage":"es"},{"@type":"ImageObject","@id":"https:\/\/ktfnews.com\/magnitude-7-4-quake-rocks-western-colombia-killing-at-least-111-people\/#primaryimage","inLanguage":"es","url":"https:\/\/ktfnews.com\/wp-content\/uploads\/2026\/08\/columbia-search-party-1280-774.jpg","contentUrl":"https:\/\/ktfnews.com\/wp-content\/uploads\/2026\/08\/columbia-search-party-1280-774.jpg","width":1280,"height":774},{"@type":"WebPage","@id":"https:\/\/ktfnews.com\/magnitude-7-4-quake-rocks-western-colombia-killing-at-least-111-people\/#webpage","url":"https:\/\/ktfnews.com\/magnitude-7-4-quake-rocks-western-colombia-killing-at-least-111-people\/","name":"[:en]Magnitude 7.4 quake rocks western Colombia, killing at least 111 people[:es]Terremoto de magnitud 7.4 sacude el oeste de Colombia, dejando al menos 111 muertos[:] - KEEP the FAITH","isPartOf":{"@id":"https:\/\/ktfnews.com\/#website"},"primaryImageOfPage":{"@id":"https:\/\/ktfnews.com\/magnitude-7-4-quake-rocks-western-colombia-killing-at-least-111-people\/#primaryimage"},"datePublished":"2026-08-11T09:30:55+00:00","dateModified":"2026-08-14T05:36:24+00:00","author":{"@id":"https:\/\/ktfnews.com\/#\/schema\/person\/ba4174513d9169cf8e229b7d8d60410d"},"breadcrumb":{"@id":"https:\/\/ktfnews.com\/magnitude-7-4-quake-rocks-western-colombia-killing-at-least-111-people\/#breadcrumb"},"inLanguage":"es","potentialAction":[{"@type":"ReadAction","target":["https:\/\/ktfnews.com\/magnitude-7-4-quake-rocks-western-colombia-killing-at-least-111-people\/"]}]},{"@type":"BreadcrumbList","@id":"https:\/\/ktfnews.com\/magnitude-7-4-quake-rocks-western-colombia-killing-at-least-111-people\/#breadcrumb","itemListElement":[{"@type":"ListItem","position":1,"name":"Home","item":"https:\/\/ktfnews.com\/"},{"@type":"ListItem","position":2,"name":"Briefings","item":"https:\/\/ktfnews.com\/category\/briefings\/"},{"@type":"ListItem","position":3,"name":"Prophetic Intelligence Briefings","item":"https:\/\/ktfnews.com\/category\/briefings\/news\/"},{"@type":"ListItem","position":4,"name":"Magnitude 7.4 quake rocks western Colombia, killing at least 111 people"}]},{"@type":"Person","@id":"https:\/\/ktfnews.com\/#\/schema\/person\/ba4174513d9169cf8e229b7d8d60410d","name":"Pastor Hal Mayer","image":{"@type":"ImageObject","@id":"https:\/\/ktfnews.com\/#personlogo","inLanguage":"es","url":"https:\/\/secure.gravatar.com\/avatar\/051bac95ae650254c5a03467b9456599?s=96&d=mm&r=g","contentUrl":"https:\/\/secure.gravatar.com\/avatar\/051bac95ae650254c5a03467b9456599?s=96&d=mm&r=g","caption":"Pastor Hal Mayer"},"description":"Pastor Hal Mayer is speaker and director of Keep the Faith Ministry. For the last 20 years Pastor Mayer\u2019s monthly prophetic analysis on CD and online has revealed the striking evidence of fulfilling prophecy to many thousands of subscribers all over the world. Pastor Mayer\u2019s background in history and Bible prophecy give him unique insights and perspectives that have blessed many and helped them make a deeper commitment to the Lord. Keep the Faith Ministry helps those who want to keep abreast of fulfilling prophecy and who want to understand and navigate the unique and difficult circumstances of the end-times. Keep the Faith Ministry helps to prepare you for the second coming of Christ. Pastor Mayer is married to Betsy for more than 40 years. They have no children of their own. \u201cThe times in which we live are thrilling, because the things prophesied in God\u2019s word are actually coming to pass in this generation,\u201d says Pastor Mayer. \u201cIn a time when the distinctive end-time truths of God\u2019s word are being censored, and life in this world is becoming more and more chaotic, Keep the Faith is a voice of strength and encouragement.\u201d","url":"https:\/\/ktfnews.com\/es\/author\/hal\/"}]}},"_links":{"self":[{"href":"https:\/\/ktfnews.com\/es\/wp-json\/wp\/v2\/posts\/34187"}],"collection":[{"href":"https:\/\/ktfnews.com\/es\/wp-json\/wp\/v2\/posts"}],"about":[{"href":"https:\/\/ktfnews.com\/es\/wp-json\/wp\/v2\/types\/post"}],"author":[{"embeddable":true,"href":"https:\/\/ktfnews.com\/es\/wp-json\/wp\/v2\/users\/6"}],"replies":[{"embeddable":true,"href":"https:\/\/ktfnews.com\/es\/wp-json\/wp\/v2\/comments?post=34187"}],"version-history":[{"count":3,"href":"https:\/\/ktfnews.com\/es\/wp-json\/wp\/v2\/posts\/34187\/revisions"}],"predecessor-version":[{"id":34215,"href":"https:\/\/ktfnews.com\/es\/wp-json\/wp\/v2\/posts\/34187\/revisions\/34215"}],"wp:featuredmedia":[{"embeddable":true,"href":"https:\/\/ktfnews.com\/es\/wp-json\/wp\/v2\/media\/34188"}],"wp:attachment":[{"href":"https:\/\/ktfnews.com\/es\/wp-json\/wp\/v2\/media?parent=34187"}],"wp:term":[{"taxonomy":"category","embeddable":true,"href":"https:\/\/ktfnews.com\/es\/wp-json\/wp\/v2\/categories?post=34187"},{"taxonomy":"post_tag","embeddable":true,"href":"https:\/\/ktfnews.com\/es\/wp-json\/wp\/v2\/tags?post=34187"}],"curies":[{"name":"wp","href":"https:\/\/api.w.org\/{rel}","templated":true}]}}