{"id":34070,"date":"2026-07-14T05:30:23","date_gmt":"2026-07-14T09:30:23","guid":{"rendered":"https:\/\/ktfnews.com\/?p=34070"},"modified":"2026-08-12T00:29:03","modified_gmt":"2026-08-12T04:29:03","slug":"twelve-killed-23-missing-in-one-of-spains-deadliest-wildfires","status":"publish","type":"post","link":"https:\/\/ktfnews.com\/es\/twelve-killed-23-missing-in-one-of-spains-deadliest-wildfires\/","title":{"rendered":"Doce muertos y veintitr\u00e9s desaparecidos en uno de los incendios forestales m\u00e1s mort\u00edferos de Espa\u00f1a"},"content":{"rendered":"<p><i>Detroit News<\/i>, por Loyola P\u00e9rez de Villegas Muniz y Emma Pinedo: Al menos doce personas murieron al intentar huir de un incendio forestal en el sur de Espa\u00f1a y veintitr\u00e9s permanecen desaparecidas, informaron las autoridades el viernes, mientras los bomberos luchaban por controlar uno de los incendios m\u00e1s devastadores registrados en el pa\u00eds.<\/p>\n<p>Entre las v\u00edctimas se encontraba un espa\u00f1ol y el resto parec\u00edan ser extranjeros que ignoraron las instrucciones de permanecer en sus casas, declar\u00f3 Antonio Sanz, jefe de emergencias de la regi\u00f3n de Andaluc\u00eda.<\/p>\n<p>Las v\u00edctimas intentaron huir en coche, pero fueron alcanzadas por las llamas que se propagaron r\u00e1pidamente, avivadas por el viento, a trav\u00e9s de una zona boscosa cerca de la localidad de Los Gallardos, en la provincia de Almer\u00eda, explic\u00f3.<\/p>\n<p>Cuatro personas, que parec\u00edan ser brit\u00e1nicas por la posici\u00f3n del volante de su coche, murieron en un veh\u00edculo, a\u00f1adi\u00f3. Otras ocho personas fueron halladas muertas tras abandonar aparentemente sus coches e intentar escapar a pie por una ruta que no figuraba en el plan de evacuaci\u00f3n. Muchos de los cad\u00e1veres calcinados a\u00fan deb\u00edan ser identificados mediante pruebas de ADN, seg\u00fan indic\u00f3.<\/p>\n<p>\u00abEl fuego se propag\u00f3 como la p\u00f3lvora\u00bb, declar\u00f3 a la prensa Juan Manuel Moreno, presidente de la Generalitat de Andaluc\u00eda, calificando el incendio como \u00abuno de los m\u00e1s r\u00e1pidos y complejos que hemos visto\u00bb. A\u00f1adi\u00f3 que se esperaban vientos m\u00e1s fuertes el viernes por la tarde.<\/p>\n<p>Algunos de los desaparecidos eran probablemente excursionistas sorprendidos en el bosque, explic\u00f3 Moreno. Los equipos de rescate encontraron varios bastones en el lugar.<\/p>\n<p>Las circunstancias recuerdan a las ocurridas en la vecina Portugal en junio de 2017, cuando un gran incendio forestal durante una ola de calor caus\u00f3 la muerte de m\u00e1s de 60 personas, la mitad de las cuales fallecieron calcinadas en sus coches.<\/p>\n<p><strong>Inicio temprano de la temporada de incendios forestales en Espa\u00f1a<\/strong><\/p>\n<p>Una serie de olas de calor a principios de verano han dejado gran parte de Espa\u00f1a reseca y vulnerable a cualquier chispa, lo que ha propiciado un inicio temprano de la temporada de incendios forestales.<\/p>\n<p>En lo que va de a\u00f1o, se han quemado unas 57.000 hect\u00e1reas, aproximadamente la mitad de la media anual de las \u00faltimas dos d\u00e9cadas y el 40% de la superficie total quemada en la Uni\u00f3n Europea, seg\u00fan el Sistema Europeo de Informaci\u00f3n sobre Incendios Forestales.<\/p>\n<p>\u00abNormalmente no vemos estos incendios hasta agosto. Ahora empiezan antes porque la vegetaci\u00f3n se seca antes\u00bb, declar\u00f3 Rom\u00e1n Garc\u00eda, bombero forestal de Salamanca, a la cadena p\u00fablica TVE.<\/p>\n<p>Una ola de calor sin precedentes el pasado agosto provoc\u00f3 la peor temporada de incendios forestales en tres d\u00e9cadas, calcinando 330.000 hect\u00e1reas, una superficie equivalente al doble de Londres.<\/p>\n<p>El presidente del Gobierno, Pedro S\u00e1nchez, reconoci\u00f3 entonces que la prevenci\u00f3n de incendios forestales hab\u00eda sido \u00abclaramente insuficiente\u00bb y la gesti\u00f3n forestal inadecuada, y se comprometi\u00f3 a hacer \u00abtodo lo necesario\u00bb para garantizar que incendios de tal magnitud no volvieran a producirse.<\/p>\n<p>El viernes, S\u00e1nchez ofreci\u00f3 sus condolencias a las familias de las v\u00edctimas y expres\u00f3 su \u00abenorme tristeza y desolaci\u00f3n\u00bb.<\/p>\n<p>Mientras las autoridades intentaban identificar a los fallecidos y localizar a los desaparecidos, familiares angustiados de todo el mundo publicaron mensajes en redes sociales y foros locales.<\/p>\n<p>Una mujer irlandesa inform\u00f3 que su hija, que conduc\u00eda un Ford Fiesta rojo y llevaba a su perro, estaba desaparecida. Otra persona de Estados Unidos dijo que su hermano formaba parte de un grupo de diez personas que intentaron escapar por un valle junto a un arroyo.<\/p>\n<p>Se cree que el incendio se origin\u00f3 por un cable el\u00e9ctrico roto que cay\u00f3 en una zanja junto a una carretera. Seg\u00fan Moreno, el fuego se propag\u00f3 a una velocidad de 15 kil\u00f3metros (9,32 millas) en dos horas. Sin embargo, un portavoz de la compa\u00f1\u00eda el\u00e9ctrica Endesa contradijo esta versi\u00f3n, afirmando que el cable no ten\u00eda voltaje.<\/p>\n<p>En el pueblo de Bedar, donde casi la mitad de los 1.009 habitantes eran brit\u00e1nicos en 2022, seg\u00fan datos oficiales, la polic\u00eda fue casa por casa para persuadir a los residentes, a veces reacios, de que evacuaran sus hogares cuando las llamas se acercaban a las casas el d\u00eda anterior.<\/p>\n<p>\u201cSon brit\u00e1nicos, residentes belgas. Incluso he oficiado algunas de sus bodas. Siento tristeza y un profundo dolor\u201d, declar\u00f3 el alcalde de Bedar, \u00c1ngel Collado, en TVE, haciendo una pausa para recomponerse.<\/p>\n<p>El n\u00famero de fallecidos ya supera el de 2005, cuando once bomberos perdieron la vida en un incendio en la provincia central de Guadalajara, provocado por una barbacoa.<\/p>\n<p>Moreno advirti\u00f3 que Espa\u00f1a se enfrenta a una temporada de incendios forestales especialmente dif\u00edcil, despu\u00e9s de que las abundantes lluvias invernales propiciaran un crecimiento excesivo de la vegetaci\u00f3n, que al secarse se convirti\u00f3 en combustible ideal para los incendios.<\/p>\n<p>\u201cA\u00fan nos queda un largo verano por delante\u201d, concluy\u00f3.<\/p>\n<p>Conexi\u00f3n Prof\u00e9tica:<br \/>\n\u00abPronto habr\u00e1 un cambio repentino en la manera en que Dios act\u00faa. El mundo, en su perversidad, sufre calamidades: inundaciones, tormentas, incendios, terremotos, hambrunas, guerras y derramamiento de sangre. El Se\u00f1or es lento para la ira y grande en poder; sin embargo, no absolver\u00e1 a los imp\u00edos. &#8216;El Se\u00f1or tiene su camino en el torbellino y en la tempestad, y las nubes son el polvo de sus pies.&#8217; \u00a1Ojal\u00e1 los hombres comprendieran la paciencia y la longanimidad de Dios! \u00c9l est\u00e1 refrenando sus propios atributos. Su poder omnipotente est\u00e1 bajo el control de la Omnipotencia. \u00a1Ojal\u00e1 los hombres comprendieran que Dios se niega a cansarse de la perversidad del mundo y a\u00fan ofrece la esperanza del perd\u00f3n incluso a los m\u00e1s indignos! Pero su paciencia no durar\u00e1 para siempre. \u00bfQui\u00e9n est\u00e1 preparado para el cambio repentino que tendr\u00e1 lugar en la manera en que Dios trata a los pecadores? \u00bfQui\u00e9n estar\u00e1 preparado para escapar del castigo que sin duda caer\u00e1 sobre los transgresores?\u00bb <i>Eventos Finales<\/i>, 356.<\/p>\n<hr \/>\n<h3>Source References<\/h3>\n<ul>\n<li>\n<h5><a href=\"https:\/\/www.detroitnews.com\/story\/news\/world\/2026\/07\/10\/spain-wildfires-summer-heatwave\/90874166007\/\" target=\"_blank\" rel=\"noopener\">Twelve killed, 23 missing in one of Spain&#8217;s deadliest wildfires<\/a><\/h5>\n<\/li>\n<\/ul>\n<p><\/p>\n<!-- AddThis Advanced Settings generic via filter on the_content -->","protected":false},"excerpt":{"rendered":"<p>Detroit News, por Loyola P\u00e9rez de Villegas Muniz y Emma Pinedo: Al menos doce personas murieron al intentar huir de un incendio forestal en el sur de Espa\u00f1a y veintitr\u00e9s permanecen desaparecidas, informaron las autoridades el viernes, mientras los bomberos&#8230;<!-- AddThis Advanced Settings generic via filter on wp_trim_excerpt --><\/p>\n","protected":false},"author":6,"featured_media":34071,"comment_status":"open","ping_status":"open","sticky":false,"template":"","format":"standard","meta":{"episode_type":"","audio_file":"","duration":"","filesize":"","date_recorded":"","explicit":"","block":"","filesize_raw":"","_FSMCFIC_featured_image_caption":"Image: Alonso Escamez from Wikimedia Commons","_FSMCFIC_featured_image_nocaption":null,"_FSMCFIC_featured_image_hide":null,"_links_to":"","_links_to_target":""},"categories":[722,32],"tags":[1262,90,1290],"featured_image_urls":{"medium":"https:\/\/ktfnews.com\/wp-content\/uploads\/2026\/07\/spain-wildfire-1280-774-300x181.jpg","large":"https:\/\/ktfnews.com\/wp-content\/uploads\/2026\/07\/spain-wildfire-1280-774-1024x619.jpg","thumbnail":"https:\/\/ktfnews.com\/wp-content\/uploads\/2026\/07\/spain-wildfire-1280-774-150x150.jpg","medium_large":"https:\/\/ktfnews.com\/wp-content\/uploads\/2026\/07\/spain-wildfire-1280-774-768x464.jpg","team-small":"https:\/\/ktfnews.com\/wp-content\/uploads\/2026\/07\/spain-wildfire-1280-774-138x162.jpg","team-overview":"https:\/\/ktfnews.com\/wp-content\/uploads\/2026\/07\/spain-wildfire-1280-774-200x279.jpg","team-big":"https:\/\/ktfnews.com\/wp-content\/uploads\/2026\/07\/spain-wildfire-1280-774-540x270.jpg","two-columns":"https:\/\/ktfnews.com\/wp-content\/uploads\/2026\/07\/spain-wildfire-1280-774-379x242.jpg","one-column":"https:\/\/ktfnews.com\/wp-content\/uploads\/2026\/07\/spain-wildfire-1280-774-379x242.jpg","mini-square":"https:\/\/ktfnews.com\/wp-content\/uploads\/2026\/07\/spain-wildfire-1280-774-70x70.jpg","portfolio-widget-mainpage":"https:\/\/ktfnews.com\/wp-content\/uploads\/2026\/07\/spain-wildfire-1280-774-335x195.jpg","portfolio-single-ajax":"https:\/\/ktfnews.com\/wp-content\/uploads\/2026\/07\/spain-wildfire-1280-774-670x280.jpg","portfolio-single-big":"https:\/\/ktfnews.com\/wp-content\/uploads\/2026\/07\/spain-wildfire-1280-774-685x480.jpg","portfolio-single-small":"https:\/\/ktfnews.com\/wp-content\/uploads\/2026\/07\/spain-wildfire-1280-774-685x280.jpg","portfolio-single-full-big":"https:\/\/ktfnews.com\/wp-content\/uploads\/2026\/07\/spain-wildfire-1280-774-960x590.jpg","portfolio-single-full-small":"https:\/\/ktfnews.com\/wp-content\/uploads\/2026\/07\/spain-wildfire-1280-774-960x250.jpg","gallery-post":"https:\/\/ktfnews.com\/wp-content\/uploads\/2026\/07\/spain-wildfire-1280-774-182x126.jpg","gallery-post-smaller":"https:\/\/ktfnews.com\/wp-content\/uploads\/2026\/07\/spain-wildfire-1280-774-158x100.jpg","gallery-standard":"https:\/\/ktfnews.com\/wp-content\/uploads\/2026\/07\/spain-wildfire-1280-774-257x169.jpg","tooltip-preview":"https:\/\/ktfnews.com\/wp-content\/uploads\/2026\/07\/spain-wildfire-1280-774-227x133.jpg","widget-content-slider":"https:\/\/ktfnews.com\/wp-content\/uploads\/2026\/07\/spain-wildfire-1280-774-230x137.jpg","post-top-articles":"https:\/\/ktfnews.com\/wp-content\/uploads\/2026\/07\/spain-wildfire-1280-774-130x100.jpg","post-single-wide":"https:\/\/ktfnews.com\/wp-content\/uploads\/2026\/07\/spain-wildfire-1280-774-595x360.jpg","post-single-wide-nocrop":"https:\/\/ktfnews.com\/wp-content\/uploads\/2026\/07\/spain-wildfire-1280-774-595x360.jpg","post-single-wide-mobile":"https:\/\/ktfnews.com\/wp-content\/uploads\/2026\/07\/spain-wildfire-1280-774-320x190.jpg","post-single-wide-small":"https:\/\/ktfnews.com\/wp-content\/uploads\/2026\/07\/spain-wildfire-1280-774-595x190.jpg","post-single-square":"https:\/\/ktfnews.com\/wp-content\/uploads\/2026\/07\/spain-wildfire-1280-774-120x120.jpg","post-single-full-small":"https:\/\/ktfnews.com\/wp-content\/uploads\/2026\/07\/spain-wildfire-1280-774-950x360.jpg","post-single-full-big":"https:\/\/ktfnews.com\/wp-content\/uploads\/2026\/07\/spain-wildfire-1280-774-950x590.jpg","photo-blog":"https:\/\/ktfnews.com\/wp-content\/uploads\/2026\/07\/spain-wildfire-1280-774-768x464.jpg"},"appp_media":null,"yoast_head":"<!-- This site is optimized with the Yoast SEO plugin v17.3 - https:\/\/yoast.com\/wordpress\/plugins\/seo\/ -->\n<meta name=\"robots\" content=\"index, follow, max-snippet:-1, max-image-preview:large, max-video-preview:-1\" \/>\n<link rel=\"canonical\" href=\"https:\/\/ktfnews.com\/twelve-killed-23-missing-in-one-of-spains-deadliest-wildfires\/\" \/>\n<meta property=\"og:locale\" content=\"es_ES\" \/>\n<meta property=\"og:type\" content=\"article\" \/>\n<meta property=\"og:title\" content=\"[:en]Twelve killed, 23 missing in one of Spain&#039;s deadliest wildfires[:es]Doce muertos y veintitr\u00e9s desaparecidos en uno de los incendios forestales m\u00e1s mort\u00edferos de Espa\u00f1a[:] - KEEP the FAITH\" \/>\n<meta property=\"og:description\" content=\"Detroit News, por Loyola P\u00e9rez de Villegas Muniz y Emma Pinedo: Al menos doce personas murieron al intentar huir de un incendio forestal en el sur de Espa\u00f1a y veintitr\u00e9s permanecen desaparecidas, informaron las autoridades el viernes, mientras los bomberos...\" \/>\n<meta property=\"og:url\" content=\"https:\/\/ktfnews.com\/twelve-killed-23-missing-in-one-of-spains-deadliest-wildfires\/\" \/>\n<meta property=\"og:site_name\" content=\"KEEP the FAITH\" \/>\n<meta property=\"article:publisher\" content=\"https:\/\/www.facebook.com\/ktfministry\" \/>\n<meta property=\"article:published_time\" content=\"2026-07-14T09:30:23+00:00\" \/>\n<meta property=\"article:modified_time\" content=\"2026-08-12T04:29:03+00:00\" \/>\n<meta property=\"og:image\" content=\"https:\/\/ktfnews.com\/wp-content\/uploads\/2026\/07\/spain-wildfire-1280-774.jpg\" \/>\n\t<meta property=\"og:image:width\" content=\"1280\" \/>\n\t<meta property=\"og:image:height\" content=\"774\" \/>\n<meta name=\"twitter:card\" content=\"summary_large_image\" \/>\n<meta name=\"twitter:creator\" content=\"@ktfministry\" \/>\n<meta name=\"twitter:site\" content=\"@ktfministry\" \/>\n<meta name=\"twitter:label1\" content=\"Escrito por\" \/>\n\t<meta name=\"twitter:data1\" content=\"Pastor Hal Mayer\" \/>\n\t<meta name=\"twitter:label2\" content=\"Tiempo de lectura\" \/>\n\t<meta name=\"twitter:data2\" content=\"2 minutos\" \/>\n<script type=\"application\/ld+json\" class=\"yoast-schema-graph\">{\"@context\":\"https:\/\/schema.org\",\"@graph\":[{\"@type\":\"WebSite\",\"@id\":\"https:\/\/ktfnews.com\/#website\",\"url\":\"https:\/\/ktfnews.com\/\",\"name\":\"KEEP the FAITH\",\"description\":\"Preparing you for the final conflict between good and evil.\",\"potentialAction\":[{\"@type\":\"SearchAction\",\"target\":{\"@type\":\"EntryPoint\",\"urlTemplate\":\"https:\/\/ktfnews.com\/?s={search_term_string}\"},\"query-input\":\"required name=search_term_string\"}],\"inLanguage\":\"es\"},{\"@type\":\"ImageObject\",\"@id\":\"https:\/\/ktfnews.com\/twelve-killed-23-missing-in-one-of-spains-deadliest-wildfires\/#primaryimage\",\"inLanguage\":\"es\",\"url\":\"https:\/\/ktfnews.com\/wp-content\/uploads\/2026\/07\/spain-wildfire-1280-774.jpg\",\"contentUrl\":\"https:\/\/ktfnews.com\/wp-content\/uploads\/2026\/07\/spain-wildfire-1280-774.jpg\",\"width\":1280,\"height\":774},{\"@type\":\"WebPage\",\"@id\":\"https:\/\/ktfnews.com\/twelve-killed-23-missing-in-one-of-spains-deadliest-wildfires\/#webpage\",\"url\":\"https:\/\/ktfnews.com\/twelve-killed-23-missing-in-one-of-spains-deadliest-wildfires\/\",\"name\":\"[:en]Twelve killed, 23 missing in one of Spain's deadliest wildfires[:es]Doce muertos y veintitr\\u00e9s desaparecidos en uno de los incendios forestales m\\u00e1s mort\\u00edferos de Espa\\u00f1a[:] - KEEP the FAITH\",\"isPartOf\":{\"@id\":\"https:\/\/ktfnews.com\/#website\"},\"primaryImageOfPage\":{\"@id\":\"https:\/\/ktfnews.com\/twelve-killed-23-missing-in-one-of-spains-deadliest-wildfires\/#primaryimage\"},\"datePublished\":\"2026-07-14T09:30:23+00:00\",\"dateModified\":\"2026-08-12T04:29:03+00:00\",\"author\":{\"@id\":\"https:\/\/ktfnews.com\/#\/schema\/person\/ba4174513d9169cf8e229b7d8d60410d\"},\"breadcrumb\":{\"@id\":\"https:\/\/ktfnews.com\/twelve-killed-23-missing-in-one-of-spains-deadliest-wildfires\/#breadcrumb\"},\"inLanguage\":\"es\",\"potentialAction\":[{\"@type\":\"ReadAction\",\"target\":[\"https:\/\/ktfnews.com\/twelve-killed-23-missing-in-one-of-spains-deadliest-wildfires\/\"]}]},{\"@type\":\"BreadcrumbList\",\"@id\":\"https:\/\/ktfnews.com\/twelve-killed-23-missing-in-one-of-spains-deadliest-wildfires\/#breadcrumb\",\"itemListElement\":[{\"@type\":\"ListItem\",\"position\":1,\"name\":\"Home\",\"item\":\"https:\/\/ktfnews.com\/\"},{\"@type\":\"ListItem\",\"position\":2,\"name\":\"Briefings\",\"item\":\"https:\/\/ktfnews.com\/category\/briefings\/\"},{\"@type\":\"ListItem\",\"position\":3,\"name\":\"Prophetic Intelligence Briefings\",\"item\":\"https:\/\/ktfnews.com\/category\/briefings\/news\/\"},{\"@type\":\"ListItem\",\"position\":4,\"name\":\"Twelve killed, 23 missing in one of Spain&#8217;s deadliest wildfires\"}]},{\"@type\":\"Person\",\"@id\":\"https:\/\/ktfnews.com\/#\/schema\/person\/ba4174513d9169cf8e229b7d8d60410d\",\"name\":\"Pastor Hal Mayer\",\"image\":{\"@type\":\"ImageObject\",\"@id\":\"https:\/\/ktfnews.com\/#personlogo\",\"inLanguage\":\"es\",\"url\":\"https:\/\/secure.gravatar.com\/avatar\/051bac95ae650254c5a03467b9456599?s=96&d=mm&r=g\",\"contentUrl\":\"https:\/\/secure.gravatar.com\/avatar\/051bac95ae650254c5a03467b9456599?s=96&d=mm&r=g\",\"caption\":\"Pastor Hal Mayer\"},\"description\":\"Pastor Hal Mayer is speaker and director of Keep the Faith Ministry. For the last 20 years Pastor Mayer\\u2019s monthly prophetic analysis on CD and online has revealed the striking evidence of fulfilling prophecy to many thousands of subscribers all over the world. Pastor Mayer\\u2019s background in history and Bible prophecy give him unique insights and perspectives that have blessed many and helped them make a deeper commitment to the Lord. Keep the Faith Ministry helps those who want to keep abreast of fulfilling prophecy and who want to understand and navigate the unique and difficult circumstances of the end-times. Keep the Faith Ministry helps to prepare you for the second coming of Christ. Pastor Mayer is married to Betsy for more than 40 years. They have no children of their own. \\u201cThe times in which we live are thrilling, because the things prophesied in God\\u2019s word are actually coming to pass in this generation,\\u201d says Pastor Mayer. \\u201cIn a time when the distinctive end-time truths of God\\u2019s word are being censored, and life in this world is becoming more and more chaotic, Keep the Faith is a voice of strength and encouragement.\\u201d\",\"url\":\"https:\/\/ktfnews.com\/es\/author\/hal\/\"}]}<\/script>\n<!-- \/ Yoast SEO plugin. -->","yoast_head_json":{"robots":{"index":"index","follow":"follow","max-snippet":"max-snippet:-1","max-image-preview":"max-image-preview:large","max-video-preview":"max-video-preview:-1"},"canonical":"https:\/\/ktfnews.com\/twelve-killed-23-missing-in-one-of-spains-deadliest-wildfires\/","og_locale":"es_ES","og_type":"article","og_title":"[:en]Twelve killed, 23 missing in one of Spain's deadliest wildfires[:es]Doce muertos y veintitr\u00e9s desaparecidos en uno de los incendios forestales m\u00e1s mort\u00edferos de Espa\u00f1a[:] - KEEP the FAITH","og_description":"Detroit News, por Loyola P\u00e9rez de Villegas Muniz y Emma Pinedo: Al menos doce personas murieron al intentar huir de un incendio forestal en el sur de Espa\u00f1a y veintitr\u00e9s permanecen desaparecidas, informaron las autoridades el viernes, mientras los bomberos...","og_url":"https:\/\/ktfnews.com\/twelve-killed-23-missing-in-one-of-spains-deadliest-wildfires\/","og_site_name":"KEEP the FAITH","article_publisher":"https:\/\/www.facebook.com\/ktfministry","article_published_time":"2026-07-14T09:30:23+00:00","article_modified_time":"2026-08-12T04:29:03+00:00","og_image":[{"width":1280,"height":774,"url":"https:\/\/ktfnews.com\/wp-content\/uploads\/2026\/07\/spain-wildfire-1280-774.jpg","type":"image\/jpeg"}],"twitter_card":"summary_large_image","twitter_creator":"@ktfministry","twitter_site":"@ktfministry","twitter_misc":{"Escrito por":"Pastor Hal Mayer","Tiempo de lectura":"2 minutos"},"schema":{"@context":"https:\/\/schema.org","@graph":[{"@type":"WebSite","@id":"https:\/\/ktfnews.com\/#website","url":"https:\/\/ktfnews.com\/","name":"KEEP the FAITH","description":"Preparing you for the final conflict between good and evil.","potentialAction":[{"@type":"SearchAction","target":{"@type":"EntryPoint","urlTemplate":"https:\/\/ktfnews.com\/?s={search_term_string}"},"query-input":"required name=search_term_string"}],"inLanguage":"es"},{"@type":"ImageObject","@id":"https:\/\/ktfnews.com\/twelve-killed-23-missing-in-one-of-spains-deadliest-wildfires\/#primaryimage","inLanguage":"es","url":"https:\/\/ktfnews.com\/wp-content\/uploads\/2026\/07\/spain-wildfire-1280-774.jpg","contentUrl":"https:\/\/ktfnews.com\/wp-content\/uploads\/2026\/07\/spain-wildfire-1280-774.jpg","width":1280,"height":774},{"@type":"WebPage","@id":"https:\/\/ktfnews.com\/twelve-killed-23-missing-in-one-of-spains-deadliest-wildfires\/#webpage","url":"https:\/\/ktfnews.com\/twelve-killed-23-missing-in-one-of-spains-deadliest-wildfires\/","name":"[:en]Twelve killed, 23 missing in one of Spain's deadliest wildfires[:es]Doce muertos y veintitr\u00e9s desaparecidos en uno de los incendios forestales m\u00e1s mort\u00edferos de Espa\u00f1a[:] - KEEP the FAITH","isPartOf":{"@id":"https:\/\/ktfnews.com\/#website"},"primaryImageOfPage":{"@id":"https:\/\/ktfnews.com\/twelve-killed-23-missing-in-one-of-spains-deadliest-wildfires\/#primaryimage"},"datePublished":"2026-07-14T09:30:23+00:00","dateModified":"2026-08-12T04:29:03+00:00","author":{"@id":"https:\/\/ktfnews.com\/#\/schema\/person\/ba4174513d9169cf8e229b7d8d60410d"},"breadcrumb":{"@id":"https:\/\/ktfnews.com\/twelve-killed-23-missing-in-one-of-spains-deadliest-wildfires\/#breadcrumb"},"inLanguage":"es","potentialAction":[{"@type":"ReadAction","target":["https:\/\/ktfnews.com\/twelve-killed-23-missing-in-one-of-spains-deadliest-wildfires\/"]}]},{"@type":"BreadcrumbList","@id":"https:\/\/ktfnews.com\/twelve-killed-23-missing-in-one-of-spains-deadliest-wildfires\/#breadcrumb","itemListElement":[{"@type":"ListItem","position":1,"name":"Home","item":"https:\/\/ktfnews.com\/"},{"@type":"ListItem","position":2,"name":"Briefings","item":"https:\/\/ktfnews.com\/category\/briefings\/"},{"@type":"ListItem","position":3,"name":"Prophetic Intelligence Briefings","item":"https:\/\/ktfnews.com\/category\/briefings\/news\/"},{"@type":"ListItem","position":4,"name":"Twelve killed, 23 missing in one of Spain&#8217;s deadliest wildfires"}]},{"@type":"Person","@id":"https:\/\/ktfnews.com\/#\/schema\/person\/ba4174513d9169cf8e229b7d8d60410d","name":"Pastor Hal Mayer","image":{"@type":"ImageObject","@id":"https:\/\/ktfnews.com\/#personlogo","inLanguage":"es","url":"https:\/\/secure.gravatar.com\/avatar\/051bac95ae650254c5a03467b9456599?s=96&d=mm&r=g","contentUrl":"https:\/\/secure.gravatar.com\/avatar\/051bac95ae650254c5a03467b9456599?s=96&d=mm&r=g","caption":"Pastor Hal Mayer"},"description":"Pastor Hal Mayer is speaker and director of Keep the Faith Ministry. For the last 20 years Pastor Mayer\u2019s monthly prophetic analysis on CD and online has revealed the striking evidence of fulfilling prophecy to many thousands of subscribers all over the world. Pastor Mayer\u2019s background in history and Bible prophecy give him unique insights and perspectives that have blessed many and helped them make a deeper commitment to the Lord. Keep the Faith Ministry helps those who want to keep abreast of fulfilling prophecy and who want to understand and navigate the unique and difficult circumstances of the end-times. Keep the Faith Ministry helps to prepare you for the second coming of Christ. Pastor Mayer is married to Betsy for more than 40 years. They have no children of their own. \u201cThe times in which we live are thrilling, because the things prophesied in God\u2019s word are actually coming to pass in this generation,\u201d says Pastor Mayer. \u201cIn a time when the distinctive end-time truths of God\u2019s word are being censored, and life in this world is becoming more and more chaotic, Keep the Faith is a voice of strength and encouragement.\u201d","url":"https:\/\/ktfnews.com\/es\/author\/hal\/"}]}},"_links":{"self":[{"href":"https:\/\/ktfnews.com\/es\/wp-json\/wp\/v2\/posts\/34070"}],"collection":[{"href":"https:\/\/ktfnews.com\/es\/wp-json\/wp\/v2\/posts"}],"about":[{"href":"https:\/\/ktfnews.com\/es\/wp-json\/wp\/v2\/types\/post"}],"author":[{"embeddable":true,"href":"https:\/\/ktfnews.com\/es\/wp-json\/wp\/v2\/users\/6"}],"replies":[{"embeddable":true,"href":"https:\/\/ktfnews.com\/es\/wp-json\/wp\/v2\/comments?post=34070"}],"version-history":[{"count":3,"href":"https:\/\/ktfnews.com\/es\/wp-json\/wp\/v2\/posts\/34070\/revisions"}],"predecessor-version":[{"id":34194,"href":"https:\/\/ktfnews.com\/es\/wp-json\/wp\/v2\/posts\/34070\/revisions\/34194"}],"wp:featuredmedia":[{"embeddable":true,"href":"https:\/\/ktfnews.com\/es\/wp-json\/wp\/v2\/media\/34071"}],"wp:attachment":[{"href":"https:\/\/ktfnews.com\/es\/wp-json\/wp\/v2\/media?parent=34070"}],"wp:term":[{"taxonomy":"category","embeddable":true,"href":"https:\/\/ktfnews.com\/es\/wp-json\/wp\/v2\/categories?post=34070"},{"taxonomy":"post_tag","embeddable":true,"href":"https:\/\/ktfnews.com\/es\/wp-json\/wp\/v2\/tags?post=34070"}],"curies":[{"name":"wp","href":"https:\/\/api.w.org\/{rel}","templated":true}]}}