{"id":33576,"date":"2026-04-06T05:30:22","date_gmt":"2026-04-06T09:30:22","guid":{"rendered":"https:\/\/ktfnews.com\/?p=33576"},"modified":"2026-04-20T02:34:28","modified_gmt":"2026-04-20T06:34:28","slug":"pope-leo-urges-peace-in-first-easter-mass-as-christians-celebrate-in-jerusalem-gaza-and-tehran","status":"publish","type":"post","link":"https:\/\/ktfnews.com\/es\/pope-leo-urges-peace-in-first-easter-mass-as-christians-celebrate-in-jerusalem-gaza-and-tehran\/","title":{"rendered":"El Papa Le\u00f3n XIV exhorta a la paz en su primera Misa de Pascua mientras los cristianos celebran en Jerusal\u00e9n, Gaza y Teher\u00e1n"},"content":{"rendered":"<p><i>AP News<\/i>, por Colleen Barry y Paolo Santalucia: El Papa Le\u00f3n XIV celebr\u00f3 el domingo su primera Misa de Pascua como pont\u00edfice con un llamado a deponer las armas y buscar la paz en los conflictos mundiales a trav\u00e9s del di\u00e1logo, pero se apart\u00f3 de la tradici\u00f3n de enumerar los males del mundo en la bendici\u00f3n Urbi et Orbi desde la logia de la Bas\u00edlica de San Pedro.<\/p>\n<p>Le\u00f3n XIV, el primer Papa nacido en Estados Unidos, enfatiz\u00f3 el mensaje de esperanza de la Pascua como celebraci\u00f3n de la resurrecci\u00f3n de Jes\u00fas tras su crucifixi\u00f3n.<\/p>\n<p>\u00ab\u00a1Dejemos que nuestros corazones sean transformados por su inmenso amor por nosotros! \u00a1Que quienes tienen armas las depongan! \u00a1Que quienes tienen el poder de desatar guerras elijan la paz! \u00a1No una paz impuesta por la fuerza, sino a trav\u00e9s del di\u00e1logo! \u00a1No con el deseo de dominar a los dem\u00e1s, sino de encontrarnos con ellos!\u00bb, implor\u00f3 el Papa.<\/p>\n<p>Con la guerra entre Estados Unidos e Israel contra Ir\u00e1n en su segundo mes y la campa\u00f1a rusa en Ucrania, Leo reconoci\u00f3 una sensaci\u00f3n de indiferencia \u00abante la muerte de miles de personas\u2026 ante las repercusiones del odio y la divisi\u00f3n que siembran los conflictos\u2026 ante las consecuencias econ\u00f3micas y sociales que producen\u00bb.<\/p>\n<p>Sin mencionar las guerras por su nombre, Leo cit\u00f3 a su predecesor, el Papa Francisco, quien durante su \u00faltima aparici\u00f3n p\u00fablica desde la misma logia la pasada Pascua record\u00f3 a los fieles la \u00abgran sed de muerte, de matar, que presenciamos cada d\u00eda\u00bb.<\/p>\n<p>Francisco, debilitado por una larga enfermedad, falleci\u00f3 al d\u00eda siguiente, Lunes de Pascua.<\/p>\n<p>La bendici\u00f3n Urbi et Orbi, que en lat\u00edn significa \u00aba la ciudad y al mundo\u00bb, tradicionalmente incluye una letan\u00eda de los males del mundo. Le\u00f3n XIII sigui\u00f3 esta f\u00f3rmula durante su bendici\u00f3n navide\u00f1a. No hubo una explicaci\u00f3n inmediata para este cambio.<\/p>\n<p>Anteriormente, Le\u00f3n XIII se dirigi\u00f3 a unos 50.000 fieles desde un altar al aire libre en la Plaza de San Pedro, flanqueado por rosas blancas, mientras que las escaleras que conduc\u00edan a la plaza donde se congregaban los fieles estaban adornadas con plantas perennes de primavera, que simb\u00f3licamente resonaban con las palabras del Papa.<\/p>\n<p>En su homil\u00eda, implor\u00f3 a los fieles que mantuvieran la esperanza ante la muerte, que acecha \u00aben los abusos que aplastan a los m\u00e1s d\u00e9biles, a causa de la idolatr\u00eda del lucro que saquea los recursos de la tierra, a causa de la violencia de la guerra que mata y destruye\u00bb.<\/p>\n<p>Desde la logia, el Papa anunci\u00f3 una vigilia de oraci\u00f3n por la paz el 11 de abril en la bas\u00edlica.<\/p>\n<p><strong>Peque\u00f1os cambios en las tradiciones<\/strong><\/p>\n<p>Leo salud\u00f3 a los fieles de todo el mundo en 10 idiomas, incluyendo \u00e1rabe, chino y lat\u00edn, reviviendo una pr\u00e1ctica que su predecesor, el Papa Francisco, hab\u00eda dejado de lado.<\/p>\n<p>Antes de retirarse a la bas\u00edlica, Leo sali\u00f3 de la sombra de la logia y salud\u00f3 a la multitud que lo aclamaba. Posteriormente, salud\u00f3 a la gente en la plaza desde el papam\u00f3vil que lo llev\u00f3 por la Via della Conciliazione hasta el r\u00edo T\u00edber y de regreso.<\/p>\n<p>Durante la intensa Semana Santa, Leo tambi\u00e9n recuper\u00f3 la tradici\u00f3n de lavar los pies de los sacerdotes el Jueves Santo, un gesto de aliento hacia el clero, despu\u00e9s de que Francisco optara por un camino m\u00e1s inclusivo, visitando prisiones y residencias para discapacitados para lavar los pies de mujeres, no cristianos y presos.<\/p>\n<p>El pont\u00edfice, de 70 a\u00f1os, tambi\u00e9n se convirti\u00f3 en el primer papa en d\u00e9cadas en llevar la cruz de madera durante las 14 estaciones del V\u00eda Crucis el Viernes Santo.<\/p>\n<p><strong>Cristianos en Tierra Santa celebran una Pascua sobria<\/strong><\/p>\n<p>Las ceremonias tradicionales en la Iglesia del Santo Sepulcro, venerada por los cristianos como el lugar tradicional de la crucifixi\u00f3n y resurrecci\u00f3n de Jes\u00fas, se redujeron en virtud de un acuerdo con la polic\u00eda israel\u00ed. Las autoridades han limitado el tama\u00f1o de las reuniones p\u00fablicas debido a los continuos ataques con misiles.<\/p>\n<p>Las restricciones tambi\u00e9n empa\u00f1aron la celebraci\u00f3n del reciente mes sagrado musulm\u00e1n del Ramad\u00e1n y la festividad del Eid al-Fitr, as\u00ed como la actual festividad jud\u00eda de la Pascua. El domingo, la bendici\u00f3n sacerdotal jud\u00eda en el Muro de las Lamentaciones, a la que normalmente asisten decenas de miles de personas, se limit\u00f3 a tan solo 50.<\/p>\n<p>Las restricciones han tensado las relaciones entre las autoridades israel\u00edes y los l\u00edderes cristianos. La semana pasada, la polic\u00eda impidi\u00f3 que dos de los principales l\u00edderes religiosos de la Iglesia, incluido el Patriarca Latino Pierbattista Pizzaballa, celebraran el Domingo de Ramos en la Iglesia del Santo Sepulcro.<\/p>\n<p><strong>La peque\u00f1a comunidad cristiana palestina de Gaza celebra su primera Pascua desde el alto el fuego.<\/strong><\/p>\n<p>En la iglesia de la Sagrada Familia en la ciudad de Gaza, cat\u00f3licos de todas las edades se reunieron para una misa de Pascua tradicional. Cantando, formaron una fila en el pasillo, esperando su turno para besar un dibujo de Jes\u00fas que sosten\u00eda un miembro del clero, quien limpiaba el marco de cristal entre cada turno.<\/p>\n<p>\u00abHay una gran alegr\u00eda, especialmente despu\u00e9s del alto el fuego y tras casi tres a\u00f1os de sufrimiento y de no poder celebrar todas las fiestas religiosas\u00bb, dijo George Anton, de la ciudad de Gaza. \u00abLa gente se siente algo aliviada y m\u00e1s tranquila\u00bb.<\/p>\n<p><strong>Cristianos armenios intentan mostrar normalidad celebrando en Ir\u00e1n<\/strong><\/p>\n<p>Los cristianos armenios celebraron la Pascua en una iglesia de la capital iran\u00ed el domingo, esforz\u00e1ndose por mantener una sensaci\u00f3n de normalidad cinco semanas despu\u00e9s del inicio de la guerra.<\/p>\n<p>Familias se abrazaron y los ni\u00f1os intercambiaron huevos pintados en la catedral de San Sarkis, en el centro de Teher\u00e1n. La capital de Ir\u00e1n ha sido blanco de ataques a\u00e9reos diarios desde que Estados Unidos e Israel iniciaron la guerra el 28 de febrero.<\/p>\n<p>\u00abNos guste o no, tenemos ni\u00f1os peque\u00f1os que no entienden lo que est\u00e1 pasando\u00bb, dijo Juanita Arakel, de 40 a\u00f1os, profesora de ingl\u00e9s. \u00abSolo necesitan sentirse normales\u00bb.<\/p>\n<p>La Rep\u00fablica Isl\u00e1mica, con una poblaci\u00f3n de alrededor de 90 millones de habitantes, alberga a unos 300.000 cristianos, en su mayor\u00eda armenios, y tres esca\u00f1os en el parlamento est\u00e1n reservados para cristianos.<\/p>\n<p>\u00abNuestras s\u00faplicas y oraciones son para que podamos poner fin a esta guerra\u00bb, dijo Sepuh Sargsyan, arzobispo de la di\u00f3cesis armenia de Teher\u00e1n. \u00abNuestras s\u00faplicas y oraciones son para que podamos poner fin a esta guerra\u00bb.<\/p>\n<p>Conexi\u00f3n Prof\u00e9tica:<br \/>\n\u201cCon su sagacidad har\u00e1 prosperar el enga\u00f1o en su mano; y en su coraz\u00f3n se engrandecer\u00e1, y sin aviso destruir\u00e1 a muchos; y se levantar\u00e1 contra el Pr\u00edncipe de los pr\u00edncipes, pero ser\u00e1 quebrantado, aunque no por mano humana.\u201d Daniel 8:25<\/p>\n<hr \/>\n<h3>Source References<\/h3>\n<ul>\n<li>\n<h5><a href=\"https:\/\/apnews.com\/article\/vatican-pope-easter-urbi-et-orbi-611de44cf58ffa153f00ae1145ad3130\" target=\"_blank\" rel=\"noopener\">Pope Leo urges peace in first Easter Mass as Christians celebrate in Jerusalem, Gaza and Tehran<\/a><\/h5>\n<\/li>\n<\/ul>\n<p><\/p>\n<!-- AddThis Advanced Settings generic via filter on the_content -->","protected":false},"excerpt":{"rendered":"<p>AP News, por Colleen Barry y Paolo Santalucia: El Papa Le\u00f3n XIV celebr\u00f3 el domingo su primera Misa de Pascua como pont\u00edfice con un llamado a deponer las armas y buscar la paz en los conflictos mundiales a trav\u00e9s del&#8230;<!-- AddThis Advanced Settings generic via filter on wp_trim_excerpt --><\/p>\n","protected":false},"author":6,"featured_media":33577,"comment_status":"open","ping_status":"open","sticky":false,"template":"","format":"standard","meta":{"episode_type":"","audio_file":"","duration":"","filesize":"","date_recorded":"","explicit":"","block":"","filesize_raw":"","_FSMCFIC_featured_image_caption":"Image: Edgar Beltr\u00e1n \/ The Pillar from Wikimedia Commons","_FSMCFIC_featured_image_nocaption":null,"_FSMCFIC_featured_image_hide":null,"_links_to":"","_links_to_target":""},"categories":[722,32],"tags":[52,2677,1638,2828],"featured_image_urls":{"medium":"https:\/\/ktfnews.com\/wp-content\/uploads\/2026\/04\/pope-leo-easter-1280-774-300x181.jpg","large":"https:\/\/ktfnews.com\/wp-content\/uploads\/2026\/04\/pope-leo-easter-1280-774-1024x619.jpg","thumbnail":"https:\/\/ktfnews.com\/wp-content\/uploads\/2026\/04\/pope-leo-easter-1280-774-150x150.jpg","medium_large":"https:\/\/ktfnews.com\/wp-content\/uploads\/2026\/04\/pope-leo-easter-1280-774-768x464.jpg","team-small":"https:\/\/ktfnews.com\/wp-content\/uploads\/2026\/04\/pope-leo-easter-1280-774-138x162.jpg","team-overview":"https:\/\/ktfnews.com\/wp-content\/uploads\/2026\/04\/pope-leo-easter-1280-774-200x279.jpg","team-big":"https:\/\/ktfnews.com\/wp-content\/uploads\/2026\/04\/pope-leo-easter-1280-774-540x270.jpg","two-columns":"https:\/\/ktfnews.com\/wp-content\/uploads\/2026\/04\/pope-leo-easter-1280-774-379x242.jpg","one-column":"https:\/\/ktfnews.com\/wp-content\/uploads\/2026\/04\/pope-leo-easter-1280-774-379x242.jpg","mini-square":"https:\/\/ktfnews.com\/wp-content\/uploads\/2026\/04\/pope-leo-easter-1280-774-70x70.jpg","portfolio-widget-mainpage":"https:\/\/ktfnews.com\/wp-content\/uploads\/2026\/04\/pope-leo-easter-1280-774-335x195.jpg","portfolio-single-ajax":"https:\/\/ktfnews.com\/wp-content\/uploads\/2026\/04\/pope-leo-easter-1280-774-670x280.jpg","portfolio-single-big":"https:\/\/ktfnews.com\/wp-content\/uploads\/2026\/04\/pope-leo-easter-1280-774-685x480.jpg","portfolio-single-small":"https:\/\/ktfnews.com\/wp-content\/uploads\/2026\/04\/pope-leo-easter-1280-774-685x280.jpg","portfolio-single-full-big":"https:\/\/ktfnews.com\/wp-content\/uploads\/2026\/04\/pope-leo-easter-1280-774-960x590.jpg","portfolio-single-full-small":"https:\/\/ktfnews.com\/wp-content\/uploads\/2026\/04\/pope-leo-easter-1280-774-960x250.jpg","gallery-post":"https:\/\/ktfnews.com\/wp-content\/uploads\/2026\/04\/pope-leo-easter-1280-774-182x126.jpg","gallery-post-smaller":"https:\/\/ktfnews.com\/wp-content\/uploads\/2026\/04\/pope-leo-easter-1280-774-158x100.jpg","gallery-standard":"https:\/\/ktfnews.com\/wp-content\/uploads\/2026\/04\/pope-leo-easter-1280-774-257x169.jpg","tooltip-preview":"https:\/\/ktfnews.com\/wp-content\/uploads\/2026\/04\/pope-leo-easter-1280-774-227x133.jpg","widget-content-slider":"https:\/\/ktfnews.com\/wp-content\/uploads\/2026\/04\/pope-leo-easter-1280-774-230x137.jpg","post-top-articles":"https:\/\/ktfnews.com\/wp-content\/uploads\/2026\/04\/pope-leo-easter-1280-774-130x100.jpg","post-single-wide":"https:\/\/ktfnews.com\/wp-content\/uploads\/2026\/04\/pope-leo-easter-1280-774-595x360.jpg","post-single-wide-nocrop":"https:\/\/ktfnews.com\/wp-content\/uploads\/2026\/04\/pope-leo-easter-1280-774-595x360.jpg","post-single-wide-mobile":"https:\/\/ktfnews.com\/wp-content\/uploads\/2026\/04\/pope-leo-easter-1280-774-320x190.jpg","post-single-wide-small":"https:\/\/ktfnews.com\/wp-content\/uploads\/2026\/04\/pope-leo-easter-1280-774-595x190.jpg","post-single-square":"https:\/\/ktfnews.com\/wp-content\/uploads\/2026\/04\/pope-leo-easter-1280-774-120x120.jpg","post-single-full-small":"https:\/\/ktfnews.com\/wp-content\/uploads\/2026\/04\/pope-leo-easter-1280-774-950x360.jpg","post-single-full-big":"https:\/\/ktfnews.com\/wp-content\/uploads\/2026\/04\/pope-leo-easter-1280-774-950x590.jpg","photo-blog":"https:\/\/ktfnews.com\/wp-content\/uploads\/2026\/04\/pope-leo-easter-1280-774-768x464.jpg"},"appp_media":null,"yoast_head":"<!-- This site is optimized with the Yoast SEO plugin v17.3 - https:\/\/yoast.com\/wordpress\/plugins\/seo\/ -->\n<meta name=\"robots\" content=\"index, follow, max-snippet:-1, max-image-preview:large, max-video-preview:-1\" \/>\n<link rel=\"canonical\" href=\"https:\/\/ktfnews.com\/pope-leo-urges-peace-in-first-easter-mass-as-christians-celebrate-in-jerusalem-gaza-and-tehran\/\" \/>\n<meta property=\"og:locale\" content=\"es_ES\" \/>\n<meta property=\"og:type\" content=\"article\" \/>\n<meta property=\"og:title\" content=\"[:en]Pope Leo urges peace in first Easter Mass as Christians celebrate in Jerusalem, Gaza and Tehran[:es]El Papa Le\u00f3n XIV exhorta a la paz en su primera Misa de Pascua mientras los cristianos celebran en Jerusal\u00e9n, Gaza y Teher\u00e1n[:] - KEEP the FAITH\" \/>\n<meta property=\"og:description\" content=\"AP News, por Colleen Barry y Paolo Santalucia: El Papa Le\u00f3n XIV celebr\u00f3 el domingo su primera Misa de Pascua como pont\u00edfice con un llamado a deponer las armas y buscar la paz en los conflictos mundiales a trav\u00e9s del...\" \/>\n<meta property=\"og:url\" content=\"https:\/\/ktfnews.com\/pope-leo-urges-peace-in-first-easter-mass-as-christians-celebrate-in-jerusalem-gaza-and-tehran\/\" \/>\n<meta property=\"og:site_name\" content=\"KEEP the FAITH\" \/>\n<meta property=\"article:publisher\" content=\"https:\/\/www.facebook.com\/ktfministry\" \/>\n<meta property=\"article:published_time\" content=\"2026-04-06T09:30:22+00:00\" \/>\n<meta property=\"article:modified_time\" content=\"2026-04-20T06:34:28+00:00\" \/>\n<meta property=\"og:image\" content=\"https:\/\/ktfnews.com\/wp-content\/uploads\/2026\/04\/pope-leo-easter-1280-774.jpg\" \/>\n\t<meta property=\"og:image:width\" content=\"1280\" \/>\n\t<meta property=\"og:image:height\" content=\"774\" \/>\n<meta name=\"twitter:card\" content=\"summary_large_image\" \/>\n<meta name=\"twitter:creator\" content=\"@ktfministry\" \/>\n<meta name=\"twitter:site\" content=\"@ktfministry\" \/>\n<meta name=\"twitter:label1\" content=\"Escrito por\" \/>\n\t<meta name=\"twitter:data1\" content=\"Pastor Hal Mayer\" \/>\n\t<meta name=\"twitter:label2\" content=\"Tiempo de lectura\" \/>\n\t<meta name=\"twitter:data2\" content=\"2 minutos\" \/>\n<script type=\"application\/ld+json\" class=\"yoast-schema-graph\">{\"@context\":\"https:\/\/schema.org\",\"@graph\":[{\"@type\":\"WebSite\",\"@id\":\"https:\/\/ktfnews.com\/#website\",\"url\":\"https:\/\/ktfnews.com\/\",\"name\":\"KEEP the FAITH\",\"description\":\"Preparing you for the final conflict between good and evil.\",\"potentialAction\":[{\"@type\":\"SearchAction\",\"target\":{\"@type\":\"EntryPoint\",\"urlTemplate\":\"https:\/\/ktfnews.com\/?s={search_term_string}\"},\"query-input\":\"required name=search_term_string\"}],\"inLanguage\":\"es\"},{\"@type\":\"ImageObject\",\"@id\":\"https:\/\/ktfnews.com\/pope-leo-urges-peace-in-first-easter-mass-as-christians-celebrate-in-jerusalem-gaza-and-tehran\/#primaryimage\",\"inLanguage\":\"es\",\"url\":\"https:\/\/ktfnews.com\/wp-content\/uploads\/2026\/04\/pope-leo-easter-1280-774.jpg\",\"contentUrl\":\"https:\/\/ktfnews.com\/wp-content\/uploads\/2026\/04\/pope-leo-easter-1280-774.jpg\",\"width\":1280,\"height\":774},{\"@type\":\"WebPage\",\"@id\":\"https:\/\/ktfnews.com\/pope-leo-urges-peace-in-first-easter-mass-as-christians-celebrate-in-jerusalem-gaza-and-tehran\/#webpage\",\"url\":\"https:\/\/ktfnews.com\/pope-leo-urges-peace-in-first-easter-mass-as-christians-celebrate-in-jerusalem-gaza-and-tehran\/\",\"name\":\"[:en]Pope Leo urges peace in first Easter Mass as Christians celebrate in Jerusalem, Gaza and Tehran[:es]El Papa Le\\u00f3n XIV exhorta a la paz en su primera Misa de Pascua mientras los cristianos celebran en Jerusal\\u00e9n, Gaza y Teher\\u00e1n[:] - KEEP the FAITH\",\"isPartOf\":{\"@id\":\"https:\/\/ktfnews.com\/#website\"},\"primaryImageOfPage\":{\"@id\":\"https:\/\/ktfnews.com\/pope-leo-urges-peace-in-first-easter-mass-as-christians-celebrate-in-jerusalem-gaza-and-tehran\/#primaryimage\"},\"datePublished\":\"2026-04-06T09:30:22+00:00\",\"dateModified\":\"2026-04-20T06:34:28+00:00\",\"author\":{\"@id\":\"https:\/\/ktfnews.com\/#\/schema\/person\/ba4174513d9169cf8e229b7d8d60410d\"},\"breadcrumb\":{\"@id\":\"https:\/\/ktfnews.com\/pope-leo-urges-peace-in-first-easter-mass-as-christians-celebrate-in-jerusalem-gaza-and-tehran\/#breadcrumb\"},\"inLanguage\":\"es\",\"potentialAction\":[{\"@type\":\"ReadAction\",\"target\":[\"https:\/\/ktfnews.com\/pope-leo-urges-peace-in-first-easter-mass-as-christians-celebrate-in-jerusalem-gaza-and-tehran\/\"]}]},{\"@type\":\"BreadcrumbList\",\"@id\":\"https:\/\/ktfnews.com\/pope-leo-urges-peace-in-first-easter-mass-as-christians-celebrate-in-jerusalem-gaza-and-tehran\/#breadcrumb\",\"itemListElement\":[{\"@type\":\"ListItem\",\"position\":1,\"name\":\"Home\",\"item\":\"https:\/\/ktfnews.com\/\"},{\"@type\":\"ListItem\",\"position\":2,\"name\":\"Briefings\",\"item\":\"https:\/\/ktfnews.com\/category\/briefings\/\"},{\"@type\":\"ListItem\",\"position\":3,\"name\":\"Prophetic Intelligence Briefings\",\"item\":\"https:\/\/ktfnews.com\/category\/briefings\/news\/\"},{\"@type\":\"ListItem\",\"position\":4,\"name\":\"Pope Leo urges peace in first Easter Mass as Christians celebrate in Jerusalem, Gaza and Tehran\"}]},{\"@type\":\"Person\",\"@id\":\"https:\/\/ktfnews.com\/#\/schema\/person\/ba4174513d9169cf8e229b7d8d60410d\",\"name\":\"Pastor Hal Mayer\",\"image\":{\"@type\":\"ImageObject\",\"@id\":\"https:\/\/ktfnews.com\/#personlogo\",\"inLanguage\":\"es\",\"url\":\"https:\/\/secure.gravatar.com\/avatar\/051bac95ae650254c5a03467b9456599?s=96&d=mm&r=g\",\"contentUrl\":\"https:\/\/secure.gravatar.com\/avatar\/051bac95ae650254c5a03467b9456599?s=96&d=mm&r=g\",\"caption\":\"Pastor Hal Mayer\"},\"description\":\"Pastor Hal Mayer is speaker and director of Keep the Faith Ministry. For the last 20 years Pastor Mayer\\u2019s monthly prophetic analysis on CD and online has revealed the striking evidence of fulfilling prophecy to many thousands of subscribers all over the world. Pastor Mayer\\u2019s background in history and Bible prophecy give him unique insights and perspectives that have blessed many and helped them make a deeper commitment to the Lord. Keep the Faith Ministry helps those who want to keep abreast of fulfilling prophecy and who want to understand and navigate the unique and difficult circumstances of the end-times. Keep the Faith Ministry helps to prepare you for the second coming of Christ. Pastor Mayer is married to Betsy for more than 40 years. They have no children of their own. \\u201cThe times in which we live are thrilling, because the things prophesied in God\\u2019s word are actually coming to pass in this generation,\\u201d says Pastor Mayer. \\u201cIn a time when the distinctive end-time truths of God\\u2019s word are being censored, and life in this world is becoming more and more chaotic, Keep the Faith is a voice of strength and encouragement.\\u201d\",\"url\":\"https:\/\/ktfnews.com\/es\/author\/hal\/\"}]}<\/script>\n<!-- \/ Yoast SEO plugin. -->","yoast_head_json":{"robots":{"index":"index","follow":"follow","max-snippet":"max-snippet:-1","max-image-preview":"max-image-preview:large","max-video-preview":"max-video-preview:-1"},"canonical":"https:\/\/ktfnews.com\/pope-leo-urges-peace-in-first-easter-mass-as-christians-celebrate-in-jerusalem-gaza-and-tehran\/","og_locale":"es_ES","og_type":"article","og_title":"[:en]Pope Leo urges peace in first Easter Mass as Christians celebrate in Jerusalem, Gaza and Tehran[:es]El Papa Le\u00f3n XIV exhorta a la paz en su primera Misa de Pascua mientras los cristianos celebran en Jerusal\u00e9n, Gaza y Teher\u00e1n[:] - KEEP the FAITH","og_description":"AP News, por Colleen Barry y Paolo Santalucia: El Papa Le\u00f3n XIV celebr\u00f3 el domingo su primera Misa de Pascua como pont\u00edfice con un llamado a deponer las armas y buscar la paz en los conflictos mundiales a trav\u00e9s del...","og_url":"https:\/\/ktfnews.com\/pope-leo-urges-peace-in-first-easter-mass-as-christians-celebrate-in-jerusalem-gaza-and-tehran\/","og_site_name":"KEEP the FAITH","article_publisher":"https:\/\/www.facebook.com\/ktfministry","article_published_time":"2026-04-06T09:30:22+00:00","article_modified_time":"2026-04-20T06:34:28+00:00","og_image":[{"width":1280,"height":774,"url":"https:\/\/ktfnews.com\/wp-content\/uploads\/2026\/04\/pope-leo-easter-1280-774.jpg","type":"image\/jpeg"}],"twitter_card":"summary_large_image","twitter_creator":"@ktfministry","twitter_site":"@ktfministry","twitter_misc":{"Escrito por":"Pastor Hal Mayer","Tiempo de lectura":"2 minutos"},"schema":{"@context":"https:\/\/schema.org","@graph":[{"@type":"WebSite","@id":"https:\/\/ktfnews.com\/#website","url":"https:\/\/ktfnews.com\/","name":"KEEP the FAITH","description":"Preparing you for the final conflict between good and evil.","potentialAction":[{"@type":"SearchAction","target":{"@type":"EntryPoint","urlTemplate":"https:\/\/ktfnews.com\/?s={search_term_string}"},"query-input":"required name=search_term_string"}],"inLanguage":"es"},{"@type":"ImageObject","@id":"https:\/\/ktfnews.com\/pope-leo-urges-peace-in-first-easter-mass-as-christians-celebrate-in-jerusalem-gaza-and-tehran\/#primaryimage","inLanguage":"es","url":"https:\/\/ktfnews.com\/wp-content\/uploads\/2026\/04\/pope-leo-easter-1280-774.jpg","contentUrl":"https:\/\/ktfnews.com\/wp-content\/uploads\/2026\/04\/pope-leo-easter-1280-774.jpg","width":1280,"height":774},{"@type":"WebPage","@id":"https:\/\/ktfnews.com\/pope-leo-urges-peace-in-first-easter-mass-as-christians-celebrate-in-jerusalem-gaza-and-tehran\/#webpage","url":"https:\/\/ktfnews.com\/pope-leo-urges-peace-in-first-easter-mass-as-christians-celebrate-in-jerusalem-gaza-and-tehran\/","name":"[:en]Pope Leo urges peace in first Easter Mass as Christians celebrate in Jerusalem, Gaza and Tehran[:es]El Papa Le\u00f3n XIV exhorta a la paz en su primera Misa de Pascua mientras los cristianos celebran en Jerusal\u00e9n, Gaza y Teher\u00e1n[:] - KEEP the FAITH","isPartOf":{"@id":"https:\/\/ktfnews.com\/#website"},"primaryImageOfPage":{"@id":"https:\/\/ktfnews.com\/pope-leo-urges-peace-in-first-easter-mass-as-christians-celebrate-in-jerusalem-gaza-and-tehran\/#primaryimage"},"datePublished":"2026-04-06T09:30:22+00:00","dateModified":"2026-04-20T06:34:28+00:00","author":{"@id":"https:\/\/ktfnews.com\/#\/schema\/person\/ba4174513d9169cf8e229b7d8d60410d"},"breadcrumb":{"@id":"https:\/\/ktfnews.com\/pope-leo-urges-peace-in-first-easter-mass-as-christians-celebrate-in-jerusalem-gaza-and-tehran\/#breadcrumb"},"inLanguage":"es","potentialAction":[{"@type":"ReadAction","target":["https:\/\/ktfnews.com\/pope-leo-urges-peace-in-first-easter-mass-as-christians-celebrate-in-jerusalem-gaza-and-tehran\/"]}]},{"@type":"BreadcrumbList","@id":"https:\/\/ktfnews.com\/pope-leo-urges-peace-in-first-easter-mass-as-christians-celebrate-in-jerusalem-gaza-and-tehran\/#breadcrumb","itemListElement":[{"@type":"ListItem","position":1,"name":"Home","item":"https:\/\/ktfnews.com\/"},{"@type":"ListItem","position":2,"name":"Briefings","item":"https:\/\/ktfnews.com\/category\/briefings\/"},{"@type":"ListItem","position":3,"name":"Prophetic Intelligence Briefings","item":"https:\/\/ktfnews.com\/category\/briefings\/news\/"},{"@type":"ListItem","position":4,"name":"Pope Leo urges peace in first Easter Mass as Christians celebrate in Jerusalem, Gaza and Tehran"}]},{"@type":"Person","@id":"https:\/\/ktfnews.com\/#\/schema\/person\/ba4174513d9169cf8e229b7d8d60410d","name":"Pastor Hal Mayer","image":{"@type":"ImageObject","@id":"https:\/\/ktfnews.com\/#personlogo","inLanguage":"es","url":"https:\/\/secure.gravatar.com\/avatar\/051bac95ae650254c5a03467b9456599?s=96&d=mm&r=g","contentUrl":"https:\/\/secure.gravatar.com\/avatar\/051bac95ae650254c5a03467b9456599?s=96&d=mm&r=g","caption":"Pastor Hal Mayer"},"description":"Pastor Hal Mayer is speaker and director of Keep the Faith Ministry. For the last 20 years Pastor Mayer\u2019s monthly prophetic analysis on CD and online has revealed the striking evidence of fulfilling prophecy to many thousands of subscribers all over the world. Pastor Mayer\u2019s background in history and Bible prophecy give him unique insights and perspectives that have blessed many and helped them make a deeper commitment to the Lord. Keep the Faith Ministry helps those who want to keep abreast of fulfilling prophecy and who want to understand and navigate the unique and difficult circumstances of the end-times. Keep the Faith Ministry helps to prepare you for the second coming of Christ. Pastor Mayer is married to Betsy for more than 40 years. They have no children of their own. \u201cThe times in which we live are thrilling, because the things prophesied in God\u2019s word are actually coming to pass in this generation,\u201d says Pastor Mayer. \u201cIn a time when the distinctive end-time truths of God\u2019s word are being censored, and life in this world is becoming more and more chaotic, Keep the Faith is a voice of strength and encouragement.\u201d","url":"https:\/\/ktfnews.com\/es\/author\/hal\/"}]}},"_links":{"self":[{"href":"https:\/\/ktfnews.com\/es\/wp-json\/wp\/v2\/posts\/33576"}],"collection":[{"href":"https:\/\/ktfnews.com\/es\/wp-json\/wp\/v2\/posts"}],"about":[{"href":"https:\/\/ktfnews.com\/es\/wp-json\/wp\/v2\/types\/post"}],"author":[{"embeddable":true,"href":"https:\/\/ktfnews.com\/es\/wp-json\/wp\/v2\/users\/6"}],"replies":[{"embeddable":true,"href":"https:\/\/ktfnews.com\/es\/wp-json\/wp\/v2\/comments?post=33576"}],"version-history":[{"count":2,"href":"https:\/\/ktfnews.com\/es\/wp-json\/wp\/v2\/posts\/33576\/revisions"}],"predecessor-version":[{"id":33645,"href":"https:\/\/ktfnews.com\/es\/wp-json\/wp\/v2\/posts\/33576\/revisions\/33645"}],"wp:featuredmedia":[{"embeddable":true,"href":"https:\/\/ktfnews.com\/es\/wp-json\/wp\/v2\/media\/33577"}],"wp:attachment":[{"href":"https:\/\/ktfnews.com\/es\/wp-json\/wp\/v2\/media?parent=33576"}],"wp:term":[{"taxonomy":"category","embeddable":true,"href":"https:\/\/ktfnews.com\/es\/wp-json\/wp\/v2\/categories?post=33576"},{"taxonomy":"post_tag","embeddable":true,"href":"https:\/\/ktfnews.com\/es\/wp-json\/wp\/v2\/tags?post=33576"}],"curies":[{"name":"wp","href":"https:\/\/api.w.org\/{rel}","templated":true}]}}