{"id":31657,"date":"2025-04-18T06:30:16","date_gmt":"2025-04-18T10:30:16","guid":{"rendered":"https:\/\/ktfnews.com\/?p=31657"},"modified":"2025-04-21T01:44:03","modified_gmt":"2025-04-21T05:44:03","slug":"the-epidemic-of-political-violence-tesla-elon-musk-and-luigi-mangione","status":"publish","type":"post","link":"https:\/\/ktfnews.com\/es\/the-epidemic-of-political-violence-tesla-elon-musk-and-luigi-mangione\/","title":{"rendered":"La epidemia de la violencia pol\u00edtica: Tesla, Elon Musk y Luigi Mangione"},"content":{"rendered":"<p><i>The Christian Post<\/i>, por Richard D. Land: En los \u00faltimos meses se han perpetrado cientos, si no miles, de actos de violencia contra Tesla Corporation y su creador, Elon Musk. Los concesionarios de autom\u00f3viles Tesla han sido incendiados y vandalizados y miles de autom\u00f3viles Tesla de propiedad individual han sido vandalizados y desfigurados. Literalmente, miles de coches Tesla han sido da\u00f1ados o pintarrajeados con graffitis condenando a Elon Musk como un nazi o al coche como un \u00abSwasticar\u00bb. <\/p>\n<p>La iron\u00eda aqu\u00ed es que hasta hace muy poco Elon Musk era un \u00abni\u00f1o mimado\u00bb de la izquierda por lo ecol\u00f3gicos que eran los coches Tesla. Los Tesla se hab\u00edan convertido en lo que los Volvo en los a\u00f1os 60, el coche de moda de la izquierda \u00absensiblera\u00bb. <\/p>\n<p>Ahora, Elon Musk se ha convertido en un archivillano de la izquierda. \u00bfPor qu\u00e9? En primer lugar, Musk se convirti\u00f3 en la fuerza impulsora del Departamento de Eficiencia Gubernamental (DOGE), que ha sido el instrumento utilizado por la Administraci\u00f3n Trump para sacar a la luz el alucinante despilfarro en los gastos del Gobierno federal. <\/p>\n<p>En segundo lugar, Elon Musk compr\u00f3 X, antes conocido como Twitter, limitando as\u00ed seriamente la capacidad de la Administraci\u00f3n Biden para seguir censurando los medios sociales de discurso conservador. Mucha gente cree que sin la compra de Twitter por parte de Musk, y sin hacer p\u00fablicos los intentos manifiestos de ejercer la censura por parte de la Administraci\u00f3n Biden, el presidente Trump no habr\u00eda ganado las elecciones de 2024.<\/p>\n<p>Sea cual sea la motivaci\u00f3n de la animadversi\u00f3n manifiesta hacia el Sr. Musk, la expresi\u00f3n violenta de esa oposici\u00f3n al Sr. Musk es ilegal y profundamente inquietante. Este estallido de violencia a escala nacional es una prueba m\u00e1s de que segmentos cada vez m\u00e1s numerosos de la poblaci\u00f3n estadounidense han rechazado el Estado de Derecho y han adoptado la violencia como alternativa leg\u00edtima. <\/p>\n<p>Este deslizamiento de la sociedad hacia la generalizaci\u00f3n de la violencia como discurso pol\u00edtico leg\u00edtimo lleva d\u00e9cadas cobrando fuerza y haciendo met\u00e1stasis. La violencia generada junto con el movimiento \u00abBlack Lives Matter\u00bb en 2020 ilustr\u00f3 el crecimiento exponencial de la aceptaci\u00f3n de la violencia como expresi\u00f3n pol\u00edtica leg\u00edtima. La oleada de apoyo popular al presunto asesino de Nueva York Luigi Mangione y las amenazas de muerte contra la fiscal general de Estados Unidos, Pamela Bondi, por pedir la pena de muerte para Mangione ponen de manifiesto hasta qu\u00e9 punto la aceptaci\u00f3n de la violencia por motivos pol\u00edticos ha envenenado nuestra cultura. <\/p>\n<p>Como estadounidenses, debemos prestar atenci\u00f3n a estas se\u00f1ales de peligro y rechazar colectiva y vehementemente esta evoluci\u00f3n destructiva. La aceptaci\u00f3n generalizada del comportamiento violento como forma leg\u00edtima de protesta pol\u00edtica socavar\u00e1 inevitablemente el Estado de Derecho, que es la base fundamental de todo nuestro sistema de gobierno. El \u00abEstado de derecho\u00bb es la aceptaci\u00f3n generalizada de que las personas obedecen la ley, incluso cuando no est\u00e1n de acuerdo con ella, y no se arrogan el \u00abderecho\u00bb a protestar empleando la violencia. <\/p>\n<p>El \u00abEstado de Derecho\u00bb es la aceptaci\u00f3n generalizada de que las personas obedecen la ley, incluso cuando no est\u00e1n de acuerdo con ella, y no se arrogan el \u00abderecho\u00bb a protestar empleando la violencia. <\/p>\n<p>El imperio de la ley (en lugar de la tiran\u00eda de una mayor\u00eda o una minor\u00eda) est\u00e1 codificado en la Constituci\u00f3n. Su gloriosa \u00abCarta de Derechos\u00bb es la piedra angular del sistema y la filosof\u00eda de gobierno estadounidenses.<\/p>\n<p>Un ejemplo cl\u00e1sico de c\u00f3mo funciona el sistema y por qu\u00e9 es la maravilla del mundo es el de Bush contra Gore en 2000. Como muchos de ustedes recordar\u00e1n, las elecciones presidenciales de 2000 se redujeron a si Bush o Gore obtendr\u00edan los votos electorales en el estado de Florida. El caso lleg\u00f3 al Tribunal Supremo de EE.UU., que fall\u00f3 5 a 4 a favor de Bush. <\/p>\n<p>Las encuestas de la \u00e9poca mostraban que aproximadamente 4 de cada 5 votantes de Gore no estaban de acuerdo con la decisi\u00f3n del Tribunal Supremo, pero la aceptaron y siguieron adelante, decididos a presentar un argumento m\u00e1s convincente en las siguientes elecciones. <\/p>\n<p>Probablemente no hubiera m\u00e1s de cinco o diez naciones en el mundo en las que las elecciones de Bush contra Gore se hubieran decidido tan pac\u00edficamente como en Estados Unidos. Dudo seriamente que un Bush contra Gore se decidiera hoy tan pac\u00edficamente como en 2000. <\/p>\n<p>Entonces, \u00bfc\u00f3mo combatir el asalto de la violencia pol\u00edtica al Estado de Derecho? Tenemos que volver a hacer hincapi\u00e9 en el rechazo de la violencia y la aceptaci\u00f3n del Estado de Derecho. <\/p>\n<p>\u00bfQu\u00e9 hacemos si no estamos de acuerdo con una acci\u00f3n gubernamental o una ley? La Primera Enmienda de la Constituci\u00f3n dice que tenemos \u00abel derecho del pueblo a reunirse pac\u00edficamente y a solicitar al Gobierno la reparaci\u00f3n de agravios\u00bb. Obs\u00e9rvese que dice \u00abpac\u00edficamente\u00bb. Evidentemente, algunos estadounidenses necesitan que se les recuerde esto. Despu\u00e9s de todo, durante los violentos d\u00edas de las protestas de Black Lives Matter, el comentarista de ABC y CNN Chris Cuomo lleg\u00f3 a preguntar: \u00ab\u00bfQui\u00e9n dijo que las protestas ten\u00edan que ser pac\u00edficas?\u00bb. La respuesta es, la Constituci\u00f3n, Chris.<\/p>\n<p>Afortunadamente, tenemos un ejemplo verdaderamente inspirador de c\u00f3mo protestar pac\u00edficamente contra lo que consideramos leyes injustas. Ese ejemplo, por supuesto, es el incomparable reverendo Dr. Martin Luther King, Jr. <\/p>\n<p>Enfrentado a las injusticias manifiestas del sistema de segregaci\u00f3n de Jim Crow, despleg\u00f3 la estrategia de las protestas no violentas. Como explic\u00f3 el Dr. King en su magn\u00edfica \u00abCarta desde la c\u00e1rcel de Birmingham\u00bb, estaba en la c\u00e1rcel porque se negaba a obedecer lo que consideraba una \u00abley injusta\u00bb. No emple\u00f3 la violencia, sino que busc\u00f3 una reparaci\u00f3n pac\u00edfica y despu\u00e9s fue pac\u00edficamente a la c\u00e1rcel. <\/p>\n<p>Uno de los hechos que dieron a \u00abLa carta desde la c\u00e1rcel de Birmingham\u00bb su poder moral y su convicci\u00f3n fue que fue escrita desde la c\u00e1rcel de Birmingham, no desde el Hilton de Birmingham. <\/p>\n<p>Las protestas pac\u00edficas y no violentas del Dr. King obligaron a los estadounidenses a enfrentarse a la hipocres\u00eda moral de la segregaci\u00f3n de Jim Crow en \u00abla tierra de la libertad\u00bb. Sin su valiente liderazgo, y el de las multitudes que se inspiraron para seguirle, Estados Unidos habr\u00eda tenido sin duda m\u00e1s dificultades para librarse de la segregaci\u00f3n y el camino habr\u00eda sido mucho m\u00e1s violento. <\/p>\n<p>\u00bfExisten l\u00edmites a lo que pueden conseguir las protestas no violentas? La historia sugiere que la respuesta definitiva es s\u00ed. Al parecer, una vez preguntaron al Dr. King por el conflicto entre dos de sus h\u00e9roes, Mahatma Gandhi (1869-1948) y Dietrich Bonhoeffer (1906-1945), dos de los m\u00e1s famosos defensores y practicantes de la protesta no violenta. Supuestamente, el Dr. King fue preguntado por el hecho de que Bonhoeffer acabara abandonando la protesta no violenta al aceptar participar en el infructuoso complot para asesinar a Adolfo Hitler.<\/p>\n<p>El Dr. King supuestamente respondi\u00f3: \u00abSi tu adversario tiene conciencia, sigue a Gandhi. Si tu enemigo no tiene conciencia, sigue a Bonhoeffer\u00bb.<\/p>\n<p>Si el Dr. King no dijo esto, ojal\u00e1 lo hubiera dicho. La afirmaci\u00f3n subyace a la verdad esencial de que existe una diferencia fundamental entre el oponente de Gandhi (el Imperio Brit\u00e1nico) y el oponente de Bonhoeffer (la Alemania nazi). La resistencia no violenta llev\u00f3 finalmente a los brit\u00e1nicos a hacer lo correcto y conceder la independencia a la India. La resistencia no violenta no habr\u00eda funcionado contra la personificaci\u00f3n del mal que era el Tercer Reich. <\/p>\n<p>La lecci\u00f3n para los estadounidenses es clara. Nuestros oponentes pol\u00edticos tienen, en \u00faltima instancia, una conciencia a la que se puede apelar, y las protestas no violentas combinadas con la participaci\u00f3n activa en el proceso pol\u00edtico prevalecer\u00e1n si podemos convencer a suficientes estadounidenses de la rectitud de nuestra causa. As\u00ed pues, el umbral para recurrir a la protesta violenta es mucho, mucho, mucho m\u00e1s alto en un pa\u00eds donde se puede recurrir a un proceso pol\u00edtico pac\u00edfico.<\/p>\n<p>Bajo cualquier criterio justo, Estados Unidos de Am\u00e9rica es una sociedad con un list\u00f3n incre\u00edblemente alto antes de que est\u00e9 justificado recurrir a la violencia pol\u00edtica. Deber\u00edamos oponernos en\u00e9rgicamente, por todos los medios legales, a quienes quieren destruir el Estado de Derecho recurriendo a la violencia pol\u00edtica.<\/p>\n<p>Conexi\u00f3n Prof\u00e9tica:<br \/>\n\u201cAl mismo tiempo la anarqu\u00eda trata de hacer desaparecer toda ley, no s\u00f3lo divina sino humana. La concentraci\u00f3n de la riqueza y el poder, las vastas combinaciones hechas para el enriquecimiento de unos pocos a expensas de la mayor\u00eda; la uni\u00f3n de las clases m\u00e1s pobres para organizar la defensa de sus intereses y derechos; el esp\u00edritu de inquietud, desorden y derramamiento de sangre; la propagaci\u00f3n mundial de las mismas ense\u00f1anzas que produjeron la Revoluci\u00f3n Francesa, tienden a envolver al mundo entero en una lucha similar a la que convulsion\u00f3 a Francia.\u201d <i>EL Evangelismo<\/i>, p\u00e1g. 229.<\/p>\n<hr \/>\n<h3>Source References<\/h3>\n<ul>\n<li>\n<h5><a href=\"https:\/\/www.christianpost.com\/voices\/the-epidemic-of-political-violence-tesla-and-luigi-mangione.html\" target=\"_blank\" rel=\"noopener\">The epidemic of political violence: Tesla, Elon Musk and Luigi Mangione<\/a><\/h5>\n<\/li>\n<\/ul>\n<p><\/p>\n<!-- AddThis Advanced Settings generic via filter on the_content -->","protected":false},"excerpt":{"rendered":"<p>The Christian Post, por Richard D. Land: En los \u00faltimos meses se han perpetrado cientos, si no miles, de actos de violencia contra Tesla Corporation y su creador, Elon Musk. Los concesionarios de autom\u00f3viles Tesla han sido incendiados y vandalizados&#8230;<!-- AddThis Advanced Settings generic via filter on wp_trim_excerpt --><\/p>\n","protected":false},"author":6,"featured_media":31658,"comment_status":"open","ping_status":"open","sticky":false,"template":"","format":"standard","meta":{"episode_type":"","audio_file":"","duration":"","filesize":"","date_recorded":"","explicit":"","block":"","filesize_raw":"","_FSMCFIC_featured_image_caption":"Image: Chad Davis from flickr.com","_FSMCFIC_featured_image_nocaption":null,"_FSMCFIC_featured_image_hide":null,"_links_to":"","_links_to_target":""},"categories":[722,32],"tags":[2097,920,1803],"featured_image_urls":{"medium":"https:\/\/ktfnews.com\/wp-content\/uploads\/2025\/04\/tesla-protest-1280-774-300x181.jpg","large":"https:\/\/ktfnews.com\/wp-content\/uploads\/2025\/04\/tesla-protest-1280-774-1024x619.jpg","thumbnail":"https:\/\/ktfnews.com\/wp-content\/uploads\/2025\/04\/tesla-protest-1280-774-150x150.jpg","medium_large":"https:\/\/ktfnews.com\/wp-content\/uploads\/2025\/04\/tesla-protest-1280-774-768x464.jpg","team-small":"https:\/\/ktfnews.com\/wp-content\/uploads\/2025\/04\/tesla-protest-1280-774-138x162.jpg","team-overview":"https:\/\/ktfnews.com\/wp-content\/uploads\/2025\/04\/tesla-protest-1280-774-200x279.jpg","team-big":"https:\/\/ktfnews.com\/wp-content\/uploads\/2025\/04\/tesla-protest-1280-774-540x270.jpg","two-columns":"https:\/\/ktfnews.com\/wp-content\/uploads\/2025\/04\/tesla-protest-1280-774-379x242.jpg","one-column":"https:\/\/ktfnews.com\/wp-content\/uploads\/2025\/04\/tesla-protest-1280-774-379x242.jpg","mini-square":"https:\/\/ktfnews.com\/wp-content\/uploads\/2025\/04\/tesla-protest-1280-774-70x70.jpg","portfolio-widget-mainpage":"https:\/\/ktfnews.com\/wp-content\/uploads\/2025\/04\/tesla-protest-1280-774-335x195.jpg","portfolio-single-ajax":"https:\/\/ktfnews.com\/wp-content\/uploads\/2025\/04\/tesla-protest-1280-774-670x280.jpg","portfolio-single-big":"https:\/\/ktfnews.com\/wp-content\/uploads\/2025\/04\/tesla-protest-1280-774-685x480.jpg","portfolio-single-small":"https:\/\/ktfnews.com\/wp-content\/uploads\/2025\/04\/tesla-protest-1280-774-685x280.jpg","portfolio-single-full-big":"https:\/\/ktfnews.com\/wp-content\/uploads\/2025\/04\/tesla-protest-1280-774-960x590.jpg","portfolio-single-full-small":"https:\/\/ktfnews.com\/wp-content\/uploads\/2025\/04\/tesla-protest-1280-774-960x250.jpg","gallery-post":"https:\/\/ktfnews.com\/wp-content\/uploads\/2025\/04\/tesla-protest-1280-774-182x126.jpg","gallery-post-smaller":"https:\/\/ktfnews.com\/wp-content\/uploads\/2025\/04\/tesla-protest-1280-774-158x100.jpg","gallery-standard":"https:\/\/ktfnews.com\/wp-content\/uploads\/2025\/04\/tesla-protest-1280-774-257x169.jpg","tooltip-preview":"https:\/\/ktfnews.com\/wp-content\/uploads\/2025\/04\/tesla-protest-1280-774-227x133.jpg","widget-content-slider":"https:\/\/ktfnews.com\/wp-content\/uploads\/2025\/04\/tesla-protest-1280-774-230x137.jpg","post-top-articles":"https:\/\/ktfnews.com\/wp-content\/uploads\/2025\/04\/tesla-protest-1280-774-130x100.jpg","post-single-wide":"https:\/\/ktfnews.com\/wp-content\/uploads\/2025\/04\/tesla-protest-1280-774-595x360.jpg","post-single-wide-nocrop":"https:\/\/ktfnews.com\/wp-content\/uploads\/2025\/04\/tesla-protest-1280-774-595x360.jpg","post-single-wide-mobile":"https:\/\/ktfnews.com\/wp-content\/uploads\/2025\/04\/tesla-protest-1280-774-320x190.jpg","post-single-wide-small":"https:\/\/ktfnews.com\/wp-content\/uploads\/2025\/04\/tesla-protest-1280-774-595x190.jpg","post-single-square":"https:\/\/ktfnews.com\/wp-content\/uploads\/2025\/04\/tesla-protest-1280-774-120x120.jpg","post-single-full-small":"https:\/\/ktfnews.com\/wp-content\/uploads\/2025\/04\/tesla-protest-1280-774-950x360.jpg","post-single-full-big":"https:\/\/ktfnews.com\/wp-content\/uploads\/2025\/04\/tesla-protest-1280-774-950x590.jpg","photo-blog":"https:\/\/ktfnews.com\/wp-content\/uploads\/2025\/04\/tesla-protest-1280-774-768x464.jpg"},"appp_media":null,"yoast_head":"<!-- This site is optimized with the Yoast SEO plugin v17.3 - https:\/\/yoast.com\/wordpress\/plugins\/seo\/ -->\n<meta name=\"robots\" content=\"index, follow, max-snippet:-1, max-image-preview:large, max-video-preview:-1\" \/>\n<link rel=\"canonical\" href=\"https:\/\/ktfnews.com\/the-epidemic-of-political-violence-tesla-elon-musk-and-luigi-mangione\/\" \/>\n<meta property=\"og:locale\" content=\"es_ES\" \/>\n<meta property=\"og:type\" content=\"article\" \/>\n<meta property=\"og:title\" content=\"[:en]The epidemic of political violence: Tesla, Elon Musk and Luigi Mangione[:es]La epidemia de la violencia pol\u00edtica: Tesla, Elon Musk y Luigi Mangione[:] - KEEP the FAITH\" \/>\n<meta property=\"og:description\" content=\"The Christian Post, por Richard D. Land: En los \u00faltimos meses se han perpetrado cientos, si no miles, de actos de violencia contra Tesla Corporation y su creador, Elon Musk. Los concesionarios de autom\u00f3viles Tesla han sido incendiados y vandalizados...\" \/>\n<meta property=\"og:url\" content=\"https:\/\/ktfnews.com\/the-epidemic-of-political-violence-tesla-elon-musk-and-luigi-mangione\/\" \/>\n<meta property=\"og:site_name\" content=\"KEEP the FAITH\" \/>\n<meta property=\"article:publisher\" content=\"https:\/\/www.facebook.com\/ktfministry\" \/>\n<meta property=\"article:published_time\" content=\"2025-04-18T10:30:16+00:00\" \/>\n<meta property=\"article:modified_time\" content=\"2025-04-21T05:44:03+00:00\" \/>\n<meta property=\"og:image\" content=\"https:\/\/ktfnews.com\/wp-content\/uploads\/2025\/04\/tesla-protest-1280-774.jpg\" \/>\n\t<meta property=\"og:image:width\" content=\"1280\" \/>\n\t<meta property=\"og:image:height\" content=\"774\" \/>\n<meta name=\"twitter:card\" content=\"summary_large_image\" \/>\n<meta name=\"twitter:creator\" content=\"@ktfministry\" \/>\n<meta name=\"twitter:site\" content=\"@ktfministry\" \/>\n<meta name=\"twitter:label1\" content=\"Escrito por\" \/>\n\t<meta name=\"twitter:data1\" content=\"Pastor Hal Mayer\" \/>\n\t<meta name=\"twitter:label2\" content=\"Tiempo de lectura\" \/>\n\t<meta name=\"twitter:data2\" content=\"10 minutos\" \/>\n<script type=\"application\/ld+json\" class=\"yoast-schema-graph\">{\"@context\":\"https:\/\/schema.org\",\"@graph\":[{\"@type\":\"WebSite\",\"@id\":\"https:\/\/ktfnews.com\/#website\",\"url\":\"https:\/\/ktfnews.com\/\",\"name\":\"KEEP the FAITH\",\"description\":\"Preparing you for the final conflict between good and evil.\",\"potentialAction\":[{\"@type\":\"SearchAction\",\"target\":{\"@type\":\"EntryPoint\",\"urlTemplate\":\"https:\/\/ktfnews.com\/?s={search_term_string}\"},\"query-input\":\"required name=search_term_string\"}],\"inLanguage\":\"es\"},{\"@type\":\"ImageObject\",\"@id\":\"https:\/\/ktfnews.com\/the-epidemic-of-political-violence-tesla-elon-musk-and-luigi-mangione\/#primaryimage\",\"inLanguage\":\"es\",\"url\":\"https:\/\/ktfnews.com\/wp-content\/uploads\/2025\/04\/tesla-protest-1280-774.jpg\",\"contentUrl\":\"https:\/\/ktfnews.com\/wp-content\/uploads\/2025\/04\/tesla-protest-1280-774.jpg\",\"width\":1280,\"height\":774},{\"@type\":\"WebPage\",\"@id\":\"https:\/\/ktfnews.com\/the-epidemic-of-political-violence-tesla-elon-musk-and-luigi-mangione\/#webpage\",\"url\":\"https:\/\/ktfnews.com\/the-epidemic-of-political-violence-tesla-elon-musk-and-luigi-mangione\/\",\"name\":\"[:en]The epidemic of political violence: Tesla, Elon Musk and Luigi Mangione[:es]La epidemia de la violencia pol\\u00edtica: Tesla, Elon Musk y Luigi Mangione[:] - KEEP the FAITH\",\"isPartOf\":{\"@id\":\"https:\/\/ktfnews.com\/#website\"},\"primaryImageOfPage\":{\"@id\":\"https:\/\/ktfnews.com\/the-epidemic-of-political-violence-tesla-elon-musk-and-luigi-mangione\/#primaryimage\"},\"datePublished\":\"2025-04-18T10:30:16+00:00\",\"dateModified\":\"2025-04-21T05:44:03+00:00\",\"author\":{\"@id\":\"https:\/\/ktfnews.com\/#\/schema\/person\/ba4174513d9169cf8e229b7d8d60410d\"},\"breadcrumb\":{\"@id\":\"https:\/\/ktfnews.com\/the-epidemic-of-political-violence-tesla-elon-musk-and-luigi-mangione\/#breadcrumb\"},\"inLanguage\":\"es\",\"potentialAction\":[{\"@type\":\"ReadAction\",\"target\":[\"https:\/\/ktfnews.com\/the-epidemic-of-political-violence-tesla-elon-musk-and-luigi-mangione\/\"]}]},{\"@type\":\"BreadcrumbList\",\"@id\":\"https:\/\/ktfnews.com\/the-epidemic-of-political-violence-tesla-elon-musk-and-luigi-mangione\/#breadcrumb\",\"itemListElement\":[{\"@type\":\"ListItem\",\"position\":1,\"name\":\"Home\",\"item\":\"https:\/\/ktfnews.com\/\"},{\"@type\":\"ListItem\",\"position\":2,\"name\":\"Briefings\",\"item\":\"https:\/\/ktfnews.com\/category\/briefings\/\"},{\"@type\":\"ListItem\",\"position\":3,\"name\":\"Prophetic Intelligence Briefings\",\"item\":\"https:\/\/ktfnews.com\/category\/briefings\/news\/\"},{\"@type\":\"ListItem\",\"position\":4,\"name\":\"The epidemic of political violence: Tesla, Elon Musk and Luigi Mangione\"}]},{\"@type\":\"Person\",\"@id\":\"https:\/\/ktfnews.com\/#\/schema\/person\/ba4174513d9169cf8e229b7d8d60410d\",\"name\":\"Pastor Hal Mayer\",\"image\":{\"@type\":\"ImageObject\",\"@id\":\"https:\/\/ktfnews.com\/#personlogo\",\"inLanguage\":\"es\",\"url\":\"https:\/\/secure.gravatar.com\/avatar\/051bac95ae650254c5a03467b9456599?s=96&d=mm&r=g\",\"contentUrl\":\"https:\/\/secure.gravatar.com\/avatar\/051bac95ae650254c5a03467b9456599?s=96&d=mm&r=g\",\"caption\":\"Pastor Hal Mayer\"},\"description\":\"Pastor Hal Mayer is speaker and director of Keep the Faith Ministry. For the last 20 years Pastor Mayer\\u2019s monthly prophetic analysis on CD and online has revealed the striking evidence of fulfilling prophecy to many thousands of subscribers all over the world. Pastor Mayer\\u2019s background in history and Bible prophecy give him unique insights and perspectives that have blessed many and helped them make a deeper commitment to the Lord. Keep the Faith Ministry helps those who want to keep abreast of fulfilling prophecy and who want to understand and navigate the unique and difficult circumstances of the end-times. Keep the Faith Ministry helps to prepare you for the second coming of Christ. Pastor Mayer is married to Betsy for more than 40 years. They have no children of their own. \\u201cThe times in which we live are thrilling, because the things prophesied in God\\u2019s word are actually coming to pass in this generation,\\u201d says Pastor Mayer. \\u201cIn a time when the distinctive end-time truths of God\\u2019s word are being censored, and life in this world is becoming more and more chaotic, Keep the Faith is a voice of strength and encouragement.\\u201d\",\"url\":\"https:\/\/ktfnews.com\/es\/author\/hal\/\"}]}<\/script>\n<!-- \/ Yoast SEO plugin. -->","yoast_head_json":{"robots":{"index":"index","follow":"follow","max-snippet":"max-snippet:-1","max-image-preview":"max-image-preview:large","max-video-preview":"max-video-preview:-1"},"canonical":"https:\/\/ktfnews.com\/the-epidemic-of-political-violence-tesla-elon-musk-and-luigi-mangione\/","og_locale":"es_ES","og_type":"article","og_title":"[:en]The epidemic of political violence: Tesla, Elon Musk and Luigi Mangione[:es]La epidemia de la violencia pol\u00edtica: Tesla, Elon Musk y Luigi Mangione[:] - KEEP the FAITH","og_description":"The Christian Post, por Richard D. Land: En los \u00faltimos meses se han perpetrado cientos, si no miles, de actos de violencia contra Tesla Corporation y su creador, Elon Musk. Los concesionarios de autom\u00f3viles Tesla han sido incendiados y vandalizados...","og_url":"https:\/\/ktfnews.com\/the-epidemic-of-political-violence-tesla-elon-musk-and-luigi-mangione\/","og_site_name":"KEEP the FAITH","article_publisher":"https:\/\/www.facebook.com\/ktfministry","article_published_time":"2025-04-18T10:30:16+00:00","article_modified_time":"2025-04-21T05:44:03+00:00","og_image":[{"width":1280,"height":774,"url":"https:\/\/ktfnews.com\/wp-content\/uploads\/2025\/04\/tesla-protest-1280-774.jpg","type":"image\/jpeg"}],"twitter_card":"summary_large_image","twitter_creator":"@ktfministry","twitter_site":"@ktfministry","twitter_misc":{"Escrito por":"Pastor Hal Mayer","Tiempo de lectura":"10 minutos"},"schema":{"@context":"https:\/\/schema.org","@graph":[{"@type":"WebSite","@id":"https:\/\/ktfnews.com\/#website","url":"https:\/\/ktfnews.com\/","name":"KEEP the FAITH","description":"Preparing you for the final conflict between good and evil.","potentialAction":[{"@type":"SearchAction","target":{"@type":"EntryPoint","urlTemplate":"https:\/\/ktfnews.com\/?s={search_term_string}"},"query-input":"required name=search_term_string"}],"inLanguage":"es"},{"@type":"ImageObject","@id":"https:\/\/ktfnews.com\/the-epidemic-of-political-violence-tesla-elon-musk-and-luigi-mangione\/#primaryimage","inLanguage":"es","url":"https:\/\/ktfnews.com\/wp-content\/uploads\/2025\/04\/tesla-protest-1280-774.jpg","contentUrl":"https:\/\/ktfnews.com\/wp-content\/uploads\/2025\/04\/tesla-protest-1280-774.jpg","width":1280,"height":774},{"@type":"WebPage","@id":"https:\/\/ktfnews.com\/the-epidemic-of-political-violence-tesla-elon-musk-and-luigi-mangione\/#webpage","url":"https:\/\/ktfnews.com\/the-epidemic-of-political-violence-tesla-elon-musk-and-luigi-mangione\/","name":"[:en]The epidemic of political violence: Tesla, Elon Musk and Luigi Mangione[:es]La epidemia de la violencia pol\u00edtica: Tesla, Elon Musk y Luigi Mangione[:] - KEEP the FAITH","isPartOf":{"@id":"https:\/\/ktfnews.com\/#website"},"primaryImageOfPage":{"@id":"https:\/\/ktfnews.com\/the-epidemic-of-political-violence-tesla-elon-musk-and-luigi-mangione\/#primaryimage"},"datePublished":"2025-04-18T10:30:16+00:00","dateModified":"2025-04-21T05:44:03+00:00","author":{"@id":"https:\/\/ktfnews.com\/#\/schema\/person\/ba4174513d9169cf8e229b7d8d60410d"},"breadcrumb":{"@id":"https:\/\/ktfnews.com\/the-epidemic-of-political-violence-tesla-elon-musk-and-luigi-mangione\/#breadcrumb"},"inLanguage":"es","potentialAction":[{"@type":"ReadAction","target":["https:\/\/ktfnews.com\/the-epidemic-of-political-violence-tesla-elon-musk-and-luigi-mangione\/"]}]},{"@type":"BreadcrumbList","@id":"https:\/\/ktfnews.com\/the-epidemic-of-political-violence-tesla-elon-musk-and-luigi-mangione\/#breadcrumb","itemListElement":[{"@type":"ListItem","position":1,"name":"Home","item":"https:\/\/ktfnews.com\/"},{"@type":"ListItem","position":2,"name":"Briefings","item":"https:\/\/ktfnews.com\/category\/briefings\/"},{"@type":"ListItem","position":3,"name":"Prophetic Intelligence Briefings","item":"https:\/\/ktfnews.com\/category\/briefings\/news\/"},{"@type":"ListItem","position":4,"name":"The epidemic of political violence: Tesla, Elon Musk and Luigi Mangione"}]},{"@type":"Person","@id":"https:\/\/ktfnews.com\/#\/schema\/person\/ba4174513d9169cf8e229b7d8d60410d","name":"Pastor Hal Mayer","image":{"@type":"ImageObject","@id":"https:\/\/ktfnews.com\/#personlogo","inLanguage":"es","url":"https:\/\/secure.gravatar.com\/avatar\/051bac95ae650254c5a03467b9456599?s=96&d=mm&r=g","contentUrl":"https:\/\/secure.gravatar.com\/avatar\/051bac95ae650254c5a03467b9456599?s=96&d=mm&r=g","caption":"Pastor Hal Mayer"},"description":"Pastor Hal Mayer is speaker and director of Keep the Faith Ministry. For the last 20 years Pastor Mayer\u2019s monthly prophetic analysis on CD and online has revealed the striking evidence of fulfilling prophecy to many thousands of subscribers all over the world. Pastor Mayer\u2019s background in history and Bible prophecy give him unique insights and perspectives that have blessed many and helped them make a deeper commitment to the Lord. Keep the Faith Ministry helps those who want to keep abreast of fulfilling prophecy and who want to understand and navigate the unique and difficult circumstances of the end-times. Keep the Faith Ministry helps to prepare you for the second coming of Christ. Pastor Mayer is married to Betsy for more than 40 years. They have no children of their own. \u201cThe times in which we live are thrilling, because the things prophesied in God\u2019s word are actually coming to pass in this generation,\u201d says Pastor Mayer. \u201cIn a time when the distinctive end-time truths of God\u2019s word are being censored, and life in this world is becoming more and more chaotic, Keep the Faith is a voice of strength and encouragement.\u201d","url":"https:\/\/ktfnews.com\/es\/author\/hal\/"}]}},"_links":{"self":[{"href":"https:\/\/ktfnews.com\/es\/wp-json\/wp\/v2\/posts\/31657"}],"collection":[{"href":"https:\/\/ktfnews.com\/es\/wp-json\/wp\/v2\/posts"}],"about":[{"href":"https:\/\/ktfnews.com\/es\/wp-json\/wp\/v2\/types\/post"}],"author":[{"embeddable":true,"href":"https:\/\/ktfnews.com\/es\/wp-json\/wp\/v2\/users\/6"}],"replies":[{"embeddable":true,"href":"https:\/\/ktfnews.com\/es\/wp-json\/wp\/v2\/comments?post=31657"}],"version-history":[{"count":2,"href":"https:\/\/ktfnews.com\/es\/wp-json\/wp\/v2\/posts\/31657\/revisions"}],"predecessor-version":[{"id":31669,"href":"https:\/\/ktfnews.com\/es\/wp-json\/wp\/v2\/posts\/31657\/revisions\/31669"}],"wp:featuredmedia":[{"embeddable":true,"href":"https:\/\/ktfnews.com\/es\/wp-json\/wp\/v2\/media\/31658"}],"wp:attachment":[{"href":"https:\/\/ktfnews.com\/es\/wp-json\/wp\/v2\/media?parent=31657"}],"wp:term":[{"taxonomy":"category","embeddable":true,"href":"https:\/\/ktfnews.com\/es\/wp-json\/wp\/v2\/categories?post=31657"},{"taxonomy":"post_tag","embeddable":true,"href":"https:\/\/ktfnews.com\/es\/wp-json\/wp\/v2\/tags?post=31657"}],"curies":[{"name":"wp","href":"https:\/\/api.w.org\/{rel}","templated":true}]}}