{"id":31535,"date":"2025-03-27T07:30:43","date_gmt":"2025-03-27T11:30:43","guid":{"rendered":"https:\/\/ktfnews.com\/?p=31535"},"modified":"2025-03-27T20:18:19","modified_gmt":"2025-03-28T00:18:19","slug":"poland-and-baltic-nations-plan-to-withdraw-from-landmine-convention","status":"publish","type":"post","link":"https:\/\/ktfnews.com\/es\/poland-and-baltic-nations-plan-to-withdraw-from-landmine-convention\/","title":{"rendered":"Polonia y los pa\u00edses b\u00e1lticos planean retirarse de la convenci\u00f3n sobre minas terrestres"},"content":{"rendered":"<p><i>Reuters<\/i>, por Andrius Sytas y Barbara Erling: Polonia, Lituania, Letonia y Estonia, pa\u00edses miembros de la OTAN, tienen previsto retirarse de la Convenci\u00f3n de Ottawa sobre la prohibici\u00f3n de minas antipersonas debido a la amenaza militar de su vecina Rusia, seg\u00fan informaron el martes los cuatro pa\u00edses.<\/p>\n<p>Abandonar el tratado de 1997, ratificado o al que se han adherido m\u00e1s de 160 naciones, permitir\u00e1 a Polonia y a los tres pa\u00edses b\u00e1lticos volver a almacenar y utilizar minas terrestres.<\/p>\n<p>\u00abLas amenazas militares a los Estados miembros de la OTAN fronterizos con Rusia y Bielorrusia han aumentado significativamente\u00bb, afirmaron los ministros de Defensa de los pa\u00edses en una declaraci\u00f3n conjunta.<\/p>\n<p>\u00abCon esta decisi\u00f3n enviamos un mensaje claro: nuestros pa\u00edses est\u00e1n preparados y pueden utilizar todas las medidas necesarias para defender nuestras necesidades de seguridad\u00bb.<\/p>\n<p>Los cuatro pa\u00edses comparten fronteras con Rusia. Polonia, Lituania y Letonia tambi\u00e9n comparten fronteras con Bielorrusia, aliada de Mosc\u00fa.<\/p>\n<p>El anuncio se produce cuando Ucrania y Rusia podr\u00edan estar a punto de acordar un alto el fuego de 30 d\u00edas y avanzar hacia un final m\u00e1s permanente del conflicto de tres a\u00f1os desencadenado por la invasi\u00f3n rusa de Ucrania.<\/p>\n<p>Polonia y los pa\u00edses b\u00e1lticos temen que el fin de la guerra en Ucrania lleve a Rusia a rearmarse y atacarlos a ellos. Los cuatro estuvieron bajo el dominio de Mosc\u00fa durante la Guerra Fr\u00eda.<\/p>\n<p>\u00abPolonia no puede tener las manos atadas\u00bb, declar\u00f3 en rueda de prensa el Viceprimer Ministro polaco, Wladyslaw Kosiniak-Kamysz.<\/p>\n<p><strong>DESARME MUNDIAL<\/strong><\/p>\n<p>La Convenci\u00f3n de Ottawa de 1997 formaba parte de una serie de acuerdos internacionales celebrados tras el final de la Guerra Fr\u00eda para fomentar el desarme mundial. Los activistas contra las minas antipersona ganaron el Premio Nobel de la Paz ese mismo a\u00f1o. Las minas han matado o mutilado a decenas de miles de civiles en todo el mundo, muchos de ellos mucho tiempo despu\u00e9s de finalizados los conflictos.<\/p>\n<p>El Comit\u00e9 Internacional de la Cruz Roja manifest\u00f3 su \u00abhonda preocupaci\u00f3n\u00bb por la medida.<\/p>\n<p>\u00abReintroducir estas terribles armas supondr\u00eda un preocupante paso atr\u00e1s\u00bb, declar\u00f3 a Reuters Cordula Droege, Jefa de Asuntos Jur\u00eddicos del CICR. \u00abLas minas antipersona tienen una utilidad militar limitada, pero consecuencias humanitarias devastadoras\u00bb.<\/p>\n<p>Rusia, Estados Unidos, China, India e Israel figuran entre los pa\u00edses que no han firmado ni ratificado el tratado.<\/p>\n<p>En 2008 se adopt\u00f3 la Convenci\u00f3n sobre Municiones en Racimo, armas explosivas que liberan submuniciones m\u00e1s peque\u00f1as en una vasta zona. Al igual que las minas terrestres, no discriminan entre combatientes y civiles.<\/p>\n<p>Estados Unidos, que no firm\u00f3 esa convenci\u00f3n, transfiri\u00f3 en 2023 municiones de racimo a Ucrania para ayudarla a defenderse de Rusia.<\/p>\n<p><strong>FINLANDIA PODR\u00cdA SEGUIR<\/strong><\/p>\n<p>Otros pa\u00edses podr\u00edan seguir el ejemplo de Polonia y los pa\u00edses b\u00e1lticos. Finlandia, el \u00faltimo pa\u00eds de la UE que firm\u00f3 la Convenci\u00f3n de Ottawa en 2012, ha declarado que est\u00e1 considerando la posibilidad de retirarse, alegando el uso de este tipo de armas por parte de Rusia en Ucrania. Finlandia comparte 1.340 km de frontera con Rusia.<\/p>\n<p>En diciembre, el ministro de Defensa finland\u00e9s, Antti Hakkanen, declar\u00f3 a Reuters: \u00abHemos examinado muy de cerca, a trav\u00e9s de los servicios de inteligencia, c\u00f3mo opera Rusia en Ucrania, concretamente su uso masivo de infanter\u00eda y tambi\u00e9n su uso masivo de minas\u00bb.<\/p>\n<p>\u00abEste asunto de la infanter\u00eda es uno de los argumentos a favor de que merece la pena examinar el uso de minas antipersona\u00bb, afirm\u00f3.<\/p>\n<p>El presidente de la Comisi\u00f3n de Defensa del Parlamento finland\u00e9s, Jukka Kopra, dijo el martes que la decisi\u00f3n de Polonia y los pa\u00edses b\u00e1lticos era \u00abbuena y acertada\u00bb.<\/p>\n<p>Polonia dijo que pod\u00eda retirarse de la convenci\u00f3n aprobando una ley en el parlamento y obteniendo la aprobaci\u00f3n del presidente, seguida de una notificaci\u00f3n formal a la ONU. La retirada entrar\u00eda en vigor seis meses despu\u00e9s.<\/p>\n<p>En Estonia, el gobierno debe proponer la ley y el parlamento votarla, seg\u00fan el Ministerio de Asuntos Exteriores.<\/p>\n<p>En Lituania, el Presidente deber\u00e1 proponer al Parlamento la denuncia de la Convenci\u00f3n, seg\u00fan el Ministerio de Asuntos Exteriores, y tres quintas partes de los diputados deber\u00e1n apoyarla.<\/p>\n<p>Conexi\u00f3n Prof\u00e9tica:<br \/>\n\u201cEstamos en el umbral de grandes y solemnes acontecimientos. Las profec\u00edas se est\u00e1n cumpliendo. Se est\u00e1 registrando en los libros del cielo una historia extra\u00f1a y significativa; acontecimientos que, como se declar\u00f3, suceder\u00edan poco antes del gran d\u00eda de Dios. Todo en el mundo est\u00e1 alterado. Las naciones se han airado y se realizan grandes preparativos para la guerra. Una naci\u00f3n conspira contra otra y un reino contra otro. El gran d\u00eda de Dios se apresura r\u00e1pidamente. Pero aunque las naciones alistan sus fuerzas para la guerra y el derramamiento de sangre, todav\u00eda est\u00e1 en vigencia la orden dada a los \u00e1ngeles de que retengan los cuatro vientos hasta que los siervos de Dios sean sellados en sus frentes.\u201d <i>Mensajes Selectos<\/i>, p\u00e1g. 259.<\/p>\n<hr \/>\n<h3>Source References<\/h3>\n<ul>\n<li>\n<h5><a href=\"https:\/\/www.reuters.com\/world\/europe\/poland-baltic-nations-pull-out-landmines-convention-2025-03-18\/\" target=\"_blank\" rel=\"noopener\">Poland and Baltic nations plan to withdraw from landmine convention<\/a><\/h5>\n<\/li>\n<\/ul>\n<p><\/p>\n<!-- AddThis Advanced Settings generic via filter on the_content -->","protected":false},"excerpt":{"rendered":"<p>Reuters, por Andrius Sytas y Barbara Erling: Polonia, Lituania, Letonia y Estonia, pa\u00edses miembros de la OTAN, tienen previsto retirarse de la Convenci\u00f3n de Ottawa sobre la prohibici\u00f3n de minas antipersonas debido a la amenaza militar de su vecina Rusia,&#8230;<!-- AddThis Advanced Settings generic via filter on wp_trim_excerpt --><\/p>\n","protected":false},"author":6,"featured_media":31536,"comment_status":"open","ping_status":"open","sticky":false,"template":"","format":"standard","meta":{"episode_type":"","audio_file":"","duration":"","filesize":"","date_recorded":"","explicit":"","block":"","filesize_raw":"","_FSMCFIC_featured_image_caption":"Image: U.S. Army Europe from flickr.com","_FSMCFIC_featured_image_nocaption":null,"_FSMCFIC_featured_image_hide":null,"_links_to":"","_links_to_target":""},"categories":[722,32],"tags":[356,577],"featured_image_urls":{"medium":"https:\/\/ktfnews.com\/wp-content\/uploads\/2025\/03\/polish-military-1280-774-300x181.jpg","large":"https:\/\/ktfnews.com\/wp-content\/uploads\/2025\/03\/polish-military-1280-774-1024x619.jpg","thumbnail":"https:\/\/ktfnews.com\/wp-content\/uploads\/2025\/03\/polish-military-1280-774-150x150.jpg","medium_large":"https:\/\/ktfnews.com\/wp-content\/uploads\/2025\/03\/polish-military-1280-774-768x464.jpg","team-small":"https:\/\/ktfnews.com\/wp-content\/uploads\/2025\/03\/polish-military-1280-774-138x162.jpg","team-overview":"https:\/\/ktfnews.com\/wp-content\/uploads\/2025\/03\/polish-military-1280-774-200x279.jpg","team-big":"https:\/\/ktfnews.com\/wp-content\/uploads\/2025\/03\/polish-military-1280-774-540x270.jpg","two-columns":"https:\/\/ktfnews.com\/wp-content\/uploads\/2025\/03\/polish-military-1280-774-379x242.jpg","one-column":"https:\/\/ktfnews.com\/wp-content\/uploads\/2025\/03\/polish-military-1280-774-379x242.jpg","mini-square":"https:\/\/ktfnews.com\/wp-content\/uploads\/2025\/03\/polish-military-1280-774-70x70.jpg","portfolio-widget-mainpage":"https:\/\/ktfnews.com\/wp-content\/uploads\/2025\/03\/polish-military-1280-774-335x195.jpg","portfolio-single-ajax":"https:\/\/ktfnews.com\/wp-content\/uploads\/2025\/03\/polish-military-1280-774-670x280.jpg","portfolio-single-big":"https:\/\/ktfnews.com\/wp-content\/uploads\/2025\/03\/polish-military-1280-774-685x480.jpg","portfolio-single-small":"https:\/\/ktfnews.com\/wp-content\/uploads\/2025\/03\/polish-military-1280-774-685x280.jpg","portfolio-single-full-big":"https:\/\/ktfnews.com\/wp-content\/uploads\/2025\/03\/polish-military-1280-774-960x590.jpg","portfolio-single-full-small":"https:\/\/ktfnews.com\/wp-content\/uploads\/2025\/03\/polish-military-1280-774-960x250.jpg","gallery-post":"https:\/\/ktfnews.com\/wp-content\/uploads\/2025\/03\/polish-military-1280-774-182x126.jpg","gallery-post-smaller":"https:\/\/ktfnews.com\/wp-content\/uploads\/2025\/03\/polish-military-1280-774-158x100.jpg","gallery-standard":"https:\/\/ktfnews.com\/wp-content\/uploads\/2025\/03\/polish-military-1280-774-257x169.jpg","tooltip-preview":"https:\/\/ktfnews.com\/wp-content\/uploads\/2025\/03\/polish-military-1280-774-227x133.jpg","widget-content-slider":"https:\/\/ktfnews.com\/wp-content\/uploads\/2025\/03\/polish-military-1280-774-230x137.jpg","post-top-articles":"https:\/\/ktfnews.com\/wp-content\/uploads\/2025\/03\/polish-military-1280-774-130x100.jpg","post-single-wide":"https:\/\/ktfnews.com\/wp-content\/uploads\/2025\/03\/polish-military-1280-774-595x360.jpg","post-single-wide-nocrop":"https:\/\/ktfnews.com\/wp-content\/uploads\/2025\/03\/polish-military-1280-774-595x360.jpg","post-single-wide-mobile":"https:\/\/ktfnews.com\/wp-content\/uploads\/2025\/03\/polish-military-1280-774-320x190.jpg","post-single-wide-small":"https:\/\/ktfnews.com\/wp-content\/uploads\/2025\/03\/polish-military-1280-774-595x190.jpg","post-single-square":"https:\/\/ktfnews.com\/wp-content\/uploads\/2025\/03\/polish-military-1280-774-120x120.jpg","post-single-full-small":"https:\/\/ktfnews.com\/wp-content\/uploads\/2025\/03\/polish-military-1280-774-950x360.jpg","post-single-full-big":"https:\/\/ktfnews.com\/wp-content\/uploads\/2025\/03\/polish-military-1280-774-950x590.jpg","photo-blog":"https:\/\/ktfnews.com\/wp-content\/uploads\/2025\/03\/polish-military-1280-774-768x464.jpg"},"appp_media":null,"yoast_head":"<!-- This site is optimized with the Yoast SEO plugin v17.3 - https:\/\/yoast.com\/wordpress\/plugins\/seo\/ -->\n<meta name=\"robots\" content=\"index, follow, max-snippet:-1, max-image-preview:large, max-video-preview:-1\" \/>\n<link rel=\"canonical\" href=\"https:\/\/ktfnews.com\/poland-and-baltic-nations-plan-to-withdraw-from-landmine-convention\/\" \/>\n<meta property=\"og:locale\" content=\"es_ES\" \/>\n<meta property=\"og:type\" content=\"article\" \/>\n<meta property=\"og:title\" content=\"[:en]Poland and Baltic nations plan to withdraw from landmine convention[:es]Polonia y los pa\u00edses b\u00e1lticos planean retirarse de la convenci\u00f3n sobre minas terrestres[:] - KEEP the FAITH\" \/>\n<meta property=\"og:description\" content=\"Reuters, por Andrius Sytas y Barbara Erling: Polonia, Lituania, Letonia y Estonia, pa\u00edses miembros de la OTAN, tienen previsto retirarse de la Convenci\u00f3n de Ottawa sobre la prohibici\u00f3n de minas antipersonas debido a la amenaza militar de su vecina Rusia,...\" \/>\n<meta property=\"og:url\" content=\"https:\/\/ktfnews.com\/poland-and-baltic-nations-plan-to-withdraw-from-landmine-convention\/\" \/>\n<meta property=\"og:site_name\" content=\"KEEP the FAITH\" \/>\n<meta property=\"article:publisher\" content=\"https:\/\/www.facebook.com\/ktfministry\" \/>\n<meta property=\"article:published_time\" content=\"2025-03-27T11:30:43+00:00\" \/>\n<meta property=\"article:modified_time\" content=\"2025-03-28T00:18:19+00:00\" \/>\n<meta property=\"og:image\" content=\"https:\/\/ktfnews.com\/wp-content\/uploads\/2025\/03\/polish-military-1280-774.jpg\" \/>\n\t<meta property=\"og:image:width\" content=\"1280\" \/>\n\t<meta property=\"og:image:height\" content=\"774\" \/>\n<meta name=\"twitter:card\" content=\"summary_large_image\" \/>\n<meta name=\"twitter:creator\" content=\"@ktfministry\" \/>\n<meta name=\"twitter:site\" content=\"@ktfministry\" \/>\n<meta name=\"twitter:label1\" content=\"Escrito por\" \/>\n\t<meta name=\"twitter:data1\" content=\"Pastor Hal Mayer\" \/>\n\t<meta name=\"twitter:label2\" content=\"Tiempo de lectura\" \/>\n\t<meta name=\"twitter:data2\" content=\"10 minutos\" \/>\n<script type=\"application\/ld+json\" class=\"yoast-schema-graph\">{\"@context\":\"https:\/\/schema.org\",\"@graph\":[{\"@type\":\"WebSite\",\"@id\":\"https:\/\/ktfnews.com\/#website\",\"url\":\"https:\/\/ktfnews.com\/\",\"name\":\"KEEP the FAITH\",\"description\":\"Preparing you for the final conflict between good and evil.\",\"potentialAction\":[{\"@type\":\"SearchAction\",\"target\":{\"@type\":\"EntryPoint\",\"urlTemplate\":\"https:\/\/ktfnews.com\/?s={search_term_string}\"},\"query-input\":\"required name=search_term_string\"}],\"inLanguage\":\"es\"},{\"@type\":\"ImageObject\",\"@id\":\"https:\/\/ktfnews.com\/poland-and-baltic-nations-plan-to-withdraw-from-landmine-convention\/#primaryimage\",\"inLanguage\":\"es\",\"url\":\"https:\/\/ktfnews.com\/wp-content\/uploads\/2025\/03\/polish-military-1280-774.jpg\",\"contentUrl\":\"https:\/\/ktfnews.com\/wp-content\/uploads\/2025\/03\/polish-military-1280-774.jpg\",\"width\":1280,\"height\":774},{\"@type\":\"WebPage\",\"@id\":\"https:\/\/ktfnews.com\/poland-and-baltic-nations-plan-to-withdraw-from-landmine-convention\/#webpage\",\"url\":\"https:\/\/ktfnews.com\/poland-and-baltic-nations-plan-to-withdraw-from-landmine-convention\/\",\"name\":\"[:en]Poland and Baltic nations plan to withdraw from landmine convention[:es]Polonia y los pa\\u00edses b\\u00e1lticos planean retirarse de la convenci\\u00f3n sobre minas terrestres[:] - KEEP the FAITH\",\"isPartOf\":{\"@id\":\"https:\/\/ktfnews.com\/#website\"},\"primaryImageOfPage\":{\"@id\":\"https:\/\/ktfnews.com\/poland-and-baltic-nations-plan-to-withdraw-from-landmine-convention\/#primaryimage\"},\"datePublished\":\"2025-03-27T11:30:43+00:00\",\"dateModified\":\"2025-03-28T00:18:19+00:00\",\"author\":{\"@id\":\"https:\/\/ktfnews.com\/#\/schema\/person\/ba4174513d9169cf8e229b7d8d60410d\"},\"breadcrumb\":{\"@id\":\"https:\/\/ktfnews.com\/poland-and-baltic-nations-plan-to-withdraw-from-landmine-convention\/#breadcrumb\"},\"inLanguage\":\"es\",\"potentialAction\":[{\"@type\":\"ReadAction\",\"target\":[\"https:\/\/ktfnews.com\/poland-and-baltic-nations-plan-to-withdraw-from-landmine-convention\/\"]}]},{\"@type\":\"BreadcrumbList\",\"@id\":\"https:\/\/ktfnews.com\/poland-and-baltic-nations-plan-to-withdraw-from-landmine-convention\/#breadcrumb\",\"itemListElement\":[{\"@type\":\"ListItem\",\"position\":1,\"name\":\"Home\",\"item\":\"https:\/\/ktfnews.com\/\"},{\"@type\":\"ListItem\",\"position\":2,\"name\":\"Briefings\",\"item\":\"https:\/\/ktfnews.com\/category\/briefings\/\"},{\"@type\":\"ListItem\",\"position\":3,\"name\":\"Prophetic Intelligence Briefings\",\"item\":\"https:\/\/ktfnews.com\/category\/briefings\/news\/\"},{\"@type\":\"ListItem\",\"position\":4,\"name\":\"Poland and Baltic nations plan to withdraw from landmine convention\"}]},{\"@type\":\"Person\",\"@id\":\"https:\/\/ktfnews.com\/#\/schema\/person\/ba4174513d9169cf8e229b7d8d60410d\",\"name\":\"Pastor Hal Mayer\",\"image\":{\"@type\":\"ImageObject\",\"@id\":\"https:\/\/ktfnews.com\/#personlogo\",\"inLanguage\":\"es\",\"url\":\"https:\/\/secure.gravatar.com\/avatar\/051bac95ae650254c5a03467b9456599?s=96&d=mm&r=g\",\"contentUrl\":\"https:\/\/secure.gravatar.com\/avatar\/051bac95ae650254c5a03467b9456599?s=96&d=mm&r=g\",\"caption\":\"Pastor Hal Mayer\"},\"description\":\"Pastor Hal Mayer is speaker and director of Keep the Faith Ministry. For the last 20 years Pastor Mayer\\u2019s monthly prophetic analysis on CD and online has revealed the striking evidence of fulfilling prophecy to many thousands of subscribers all over the world. Pastor Mayer\\u2019s background in history and Bible prophecy give him unique insights and perspectives that have blessed many and helped them make a deeper commitment to the Lord. Keep the Faith Ministry helps those who want to keep abreast of fulfilling prophecy and who want to understand and navigate the unique and difficult circumstances of the end-times. Keep the Faith Ministry helps to prepare you for the second coming of Christ. Pastor Mayer is married to Betsy for more than 40 years. They have no children of their own. \\u201cThe times in which we live are thrilling, because the things prophesied in God\\u2019s word are actually coming to pass in this generation,\\u201d says Pastor Mayer. \\u201cIn a time when the distinctive end-time truths of God\\u2019s word are being censored, and life in this world is becoming more and more chaotic, Keep the Faith is a voice of strength and encouragement.\\u201d\",\"url\":\"https:\/\/ktfnews.com\/es\/author\/hal\/\"}]}<\/script>\n<!-- \/ Yoast SEO plugin. -->","yoast_head_json":{"robots":{"index":"index","follow":"follow","max-snippet":"max-snippet:-1","max-image-preview":"max-image-preview:large","max-video-preview":"max-video-preview:-1"},"canonical":"https:\/\/ktfnews.com\/poland-and-baltic-nations-plan-to-withdraw-from-landmine-convention\/","og_locale":"es_ES","og_type":"article","og_title":"[:en]Poland and Baltic nations plan to withdraw from landmine convention[:es]Polonia y los pa\u00edses b\u00e1lticos planean retirarse de la convenci\u00f3n sobre minas terrestres[:] - KEEP the FAITH","og_description":"Reuters, por Andrius Sytas y Barbara Erling: Polonia, Lituania, Letonia y Estonia, pa\u00edses miembros de la OTAN, tienen previsto retirarse de la Convenci\u00f3n de Ottawa sobre la prohibici\u00f3n de minas antipersonas debido a la amenaza militar de su vecina Rusia,...","og_url":"https:\/\/ktfnews.com\/poland-and-baltic-nations-plan-to-withdraw-from-landmine-convention\/","og_site_name":"KEEP the FAITH","article_publisher":"https:\/\/www.facebook.com\/ktfministry","article_published_time":"2025-03-27T11:30:43+00:00","article_modified_time":"2025-03-28T00:18:19+00:00","og_image":[{"width":1280,"height":774,"url":"https:\/\/ktfnews.com\/wp-content\/uploads\/2025\/03\/polish-military-1280-774.jpg","type":"image\/jpeg"}],"twitter_card":"summary_large_image","twitter_creator":"@ktfministry","twitter_site":"@ktfministry","twitter_misc":{"Escrito por":"Pastor Hal Mayer","Tiempo de lectura":"10 minutos"},"schema":{"@context":"https:\/\/schema.org","@graph":[{"@type":"WebSite","@id":"https:\/\/ktfnews.com\/#website","url":"https:\/\/ktfnews.com\/","name":"KEEP the FAITH","description":"Preparing you for the final conflict between good and evil.","potentialAction":[{"@type":"SearchAction","target":{"@type":"EntryPoint","urlTemplate":"https:\/\/ktfnews.com\/?s={search_term_string}"},"query-input":"required name=search_term_string"}],"inLanguage":"es"},{"@type":"ImageObject","@id":"https:\/\/ktfnews.com\/poland-and-baltic-nations-plan-to-withdraw-from-landmine-convention\/#primaryimage","inLanguage":"es","url":"https:\/\/ktfnews.com\/wp-content\/uploads\/2025\/03\/polish-military-1280-774.jpg","contentUrl":"https:\/\/ktfnews.com\/wp-content\/uploads\/2025\/03\/polish-military-1280-774.jpg","width":1280,"height":774},{"@type":"WebPage","@id":"https:\/\/ktfnews.com\/poland-and-baltic-nations-plan-to-withdraw-from-landmine-convention\/#webpage","url":"https:\/\/ktfnews.com\/poland-and-baltic-nations-plan-to-withdraw-from-landmine-convention\/","name":"[:en]Poland and Baltic nations plan to withdraw from landmine convention[:es]Polonia y los pa\u00edses b\u00e1lticos planean retirarse de la convenci\u00f3n sobre minas terrestres[:] - KEEP the FAITH","isPartOf":{"@id":"https:\/\/ktfnews.com\/#website"},"primaryImageOfPage":{"@id":"https:\/\/ktfnews.com\/poland-and-baltic-nations-plan-to-withdraw-from-landmine-convention\/#primaryimage"},"datePublished":"2025-03-27T11:30:43+00:00","dateModified":"2025-03-28T00:18:19+00:00","author":{"@id":"https:\/\/ktfnews.com\/#\/schema\/person\/ba4174513d9169cf8e229b7d8d60410d"},"breadcrumb":{"@id":"https:\/\/ktfnews.com\/poland-and-baltic-nations-plan-to-withdraw-from-landmine-convention\/#breadcrumb"},"inLanguage":"es","potentialAction":[{"@type":"ReadAction","target":["https:\/\/ktfnews.com\/poland-and-baltic-nations-plan-to-withdraw-from-landmine-convention\/"]}]},{"@type":"BreadcrumbList","@id":"https:\/\/ktfnews.com\/poland-and-baltic-nations-plan-to-withdraw-from-landmine-convention\/#breadcrumb","itemListElement":[{"@type":"ListItem","position":1,"name":"Home","item":"https:\/\/ktfnews.com\/"},{"@type":"ListItem","position":2,"name":"Briefings","item":"https:\/\/ktfnews.com\/category\/briefings\/"},{"@type":"ListItem","position":3,"name":"Prophetic Intelligence Briefings","item":"https:\/\/ktfnews.com\/category\/briefings\/news\/"},{"@type":"ListItem","position":4,"name":"Poland and Baltic nations plan to withdraw from landmine convention"}]},{"@type":"Person","@id":"https:\/\/ktfnews.com\/#\/schema\/person\/ba4174513d9169cf8e229b7d8d60410d","name":"Pastor Hal Mayer","image":{"@type":"ImageObject","@id":"https:\/\/ktfnews.com\/#personlogo","inLanguage":"es","url":"https:\/\/secure.gravatar.com\/avatar\/051bac95ae650254c5a03467b9456599?s=96&d=mm&r=g","contentUrl":"https:\/\/secure.gravatar.com\/avatar\/051bac95ae650254c5a03467b9456599?s=96&d=mm&r=g","caption":"Pastor Hal Mayer"},"description":"Pastor Hal Mayer is speaker and director of Keep the Faith Ministry. For the last 20 years Pastor Mayer\u2019s monthly prophetic analysis on CD and online has revealed the striking evidence of fulfilling prophecy to many thousands of subscribers all over the world. Pastor Mayer\u2019s background in history and Bible prophecy give him unique insights and perspectives that have blessed many and helped them make a deeper commitment to the Lord. Keep the Faith Ministry helps those who want to keep abreast of fulfilling prophecy and who want to understand and navigate the unique and difficult circumstances of the end-times. Keep the Faith Ministry helps to prepare you for the second coming of Christ. Pastor Mayer is married to Betsy for more than 40 years. They have no children of their own. \u201cThe times in which we live are thrilling, because the things prophesied in God\u2019s word are actually coming to pass in this generation,\u201d says Pastor Mayer. \u201cIn a time when the distinctive end-time truths of God\u2019s word are being censored, and life in this world is becoming more and more chaotic, Keep the Faith is a voice of strength and encouragement.\u201d","url":"https:\/\/ktfnews.com\/es\/author\/hal\/"}]}},"_links":{"self":[{"href":"https:\/\/ktfnews.com\/es\/wp-json\/wp\/v2\/posts\/31535"}],"collection":[{"href":"https:\/\/ktfnews.com\/es\/wp-json\/wp\/v2\/posts"}],"about":[{"href":"https:\/\/ktfnews.com\/es\/wp-json\/wp\/v2\/types\/post"}],"author":[{"embeddable":true,"href":"https:\/\/ktfnews.com\/es\/wp-json\/wp\/v2\/users\/6"}],"replies":[{"embeddable":true,"href":"https:\/\/ktfnews.com\/es\/wp-json\/wp\/v2\/comments?post=31535"}],"version-history":[{"count":1,"href":"https:\/\/ktfnews.com\/es\/wp-json\/wp\/v2\/posts\/31535\/revisions"}],"predecessor-version":[{"id":31537,"href":"https:\/\/ktfnews.com\/es\/wp-json\/wp\/v2\/posts\/31535\/revisions\/31537"}],"wp:featuredmedia":[{"embeddable":true,"href":"https:\/\/ktfnews.com\/es\/wp-json\/wp\/v2\/media\/31536"}],"wp:attachment":[{"href":"https:\/\/ktfnews.com\/es\/wp-json\/wp\/v2\/media?parent=31535"}],"wp:term":[{"taxonomy":"category","embeddable":true,"href":"https:\/\/ktfnews.com\/es\/wp-json\/wp\/v2\/categories?post=31535"},{"taxonomy":"post_tag","embeddable":true,"href":"https:\/\/ktfnews.com\/es\/wp-json\/wp\/v2\/tags?post=31535"}],"curies":[{"name":"wp","href":"https:\/\/api.w.org\/{rel}","templated":true}]}}