{"id":31498,"date":"2025-03-20T07:30:45","date_gmt":"2025-03-20T11:30:45","guid":{"rendered":"https:\/\/ktfnews.com\/?p=31498"},"modified":"2025-03-20T18:11:57","modified_gmt":"2025-03-20T22:11:57","slug":"amish-children-in-ny-face-compulsory-vaccination-as-court-crushes-religious-freedom","status":"publish","type":"post","link":"https:\/\/ktfnews.com\/es\/amish-children-in-ny-face-compulsory-vaccination-as-court-crushes-religious-freedom\/","title":{"rendered":"Los ni\u00f1os amish de Nueva York se enfrentan a la vacunaci\u00f3n obligatoria cuando un tribunal aplasta la libertad religiosa"},"content":{"rendered":"<p><i>St. Vincent Times<\/i>: En un escalofriante golpe a la libertad religiosa, los ni\u00f1os amish de Nueva York se ven ahora obligados a recibir vacunas en contra de las creencias profundamente arraigadas de sus familias, bajo la amenaza de multas masivas y la exclusi\u00f3n de sus propias escuelas privadas.<\/p>\n<p>La sentencia, dictada por el Tribunal de Apelaciones del Segundo Circuito de Estados Unidos el 3 de marzo de 2025, marca un oscuro hito en la extralimitaci\u00f3n gubernamental, despojando de sus derechos constitucionales a una de las comunidades religiosas m\u00e1s pac\u00edficas de Estados Unidos.<\/p>\n<p>Los amish, conocidos por su firme compromiso con la fe y la autosuficiencia, se han resistido durante mucho tiempo a las intervenciones m\u00e9dicas impuestas por el gobierno. Durante siglos han vivido apartados de la sociedad moderna, rechazando la injerencia exterior en su modo de vida.<\/p>\n<p>Pero con la derogaci\u00f3n de las exenciones religiosas en Nueva York -una ley impulsada a ra\u00edz de un brote de sarampi\u00f3n en 2019-, los amish se vieron ante una disyuntiva imposible: violar su conciencia vacunando a sus hijos o enfrentarse a penas econ\u00f3micas paralizantes y al exilio educativo.<\/p>\n<p>Y ahora, el Estado ha dejado brutalmente clara su postura. Los informes indican que las familias y las escuelas amish ya han recibido multas por un total de 118.000 d\u00f3lares por negarse a cumplir.<\/p>\n<p>La sentencia del Segundo Circuito desestim\u00f3 las objeciones de los amish, argumentando que la derogaci\u00f3n de las exenciones religiosas es \u00abneutral\u00bb y se aplica a todos los ni\u00f1os, independientemente de si asisten a escuelas p\u00fablicas, privadas o parroquiales. El tribunal insisti\u00f3 en que la ley responde a un inter\u00e9s imperioso de salud p\u00fablica, a pesar de establecer exenciones m\u00e9dicas para quienes tengan un certificado m\u00e9dico y negar la misma protecci\u00f3n a quienes tengan objeciones religiosas.<\/p>\n<p>Este doble rasero es flagrante. Los amish no piden un trato especial, simplemente que se les deje vivir en paz seg\u00fan su fe, un derecho que se supone que protege la Primera Enmienda.<\/p>\n<p>La reacci\u00f3n a la sentencia ha sido r\u00e1pida y furiosa. Las redes sociales han estallado de indignaci\u00f3n, con mensajes en X calific\u00e1ndola de \u00abhorrible violaci\u00f3n de las libertades b\u00e1sicas\u00bb. Un usuario advirti\u00f3: \u00abSi pueden imponer esto a los amish, los derechos de nadie est\u00e1n a salvo\u00bb. Otro se\u00f1alaba la hipocres\u00eda: \u00abNueva York afirma que se trata de seguridad, pero dejan entrar a los ni\u00f1os no vacunados con una nota del m\u00e9dico, pero no con una oraci\u00f3n\u00bb.<\/p>\n<p>Este sentimiento subraya la creciente preocupaci\u00f3n de que la represi\u00f3n de las exenciones religiosas forme parte de un esfuerzo m\u00e1s amplio por erosionar las libertades individuales bajo el pretexto de la salud p\u00fablica. Varios estados, como California, Connecticut y Maine, ya han seguido el ejemplo de Nueva York, eliminando las exenciones religiosas en los \u00faltimos a\u00f1os.<\/p>\n<p>La persecuci\u00f3n de los amish es especialmente atroz, dado su estilo de vida aislado. A diferencia de las grandes comunidades urbanas, las escuelas amish son peque\u00f1as, privadas y gestionadas por la comunidad, lo que supone un riesgo m\u00ednimo de brotes masivos de enfermedades. Sus aproximadamente 25.000 residentes en Nueva York viven en gran medida apartados de la sociedad dominante, lo que hace que la justificaci\u00f3n de salud p\u00fablica del estado para la vacunaci\u00f3n forzosa parezca endeble en el mejor de los casos.<\/p>\n<p>A pesar de ello, las autoridades neoyorquinas se han apoyado en el brote de sarampi\u00f3n de 2018-2019 -centrado principalmente en otros grupos no vacunados- para justificar el aplastamiento de los derechos de los amish. Los cr\u00edticos argumentan que se trata de una excusa fabricada, en la que el estado opta por una aplicaci\u00f3n de mano dura en lugar de alternativas razonables, como las campa\u00f1as de vacunaci\u00f3n voluntaria.<\/p>\n<p><strong>Un precedente legal con consecuencias peligrosas<\/strong><\/p>\n<p>Los juristas advierten de que esta sentencia sienta un precedente peligroso. Los amish hab\u00edan basado su impugnaci\u00f3n en el caso Wisconsin contra Yoder (1972), una sentencia del Tribunal Supremo que defend\u00eda su derecho a eximir a sus hijos de la ense\u00f1anza secundaria obligatoria por motivos religiosos. Pero el Segundo Circuito dej\u00f3 de lado estos argumentos, alegando que las vacunaciones obligatorias no alteran fundamentalmente el modo de vida de los amish de la misma manera.<\/p>\n<p>Ese razonamiento, sin embargo, ignora una realidad crucial: obligar a un ni\u00f1o a recibir una intervenci\u00f3n m\u00e9dica en contra de las creencias religiosas de sus padres es un ataque directo a su autonom\u00eda e identidad.<\/p>\n<p>El fiscal general de Alabama, Steve Marshall, junto con otros 19 estados, hab\u00eda presentado un escrito legal en apoyo de los amish, denunciando las acciones de Nueva York como acoso contra un grupo que \u00abs\u00f3lo quiere vivir su fe entre ellos\u00bb. Advirti\u00f3 que las sanciones del estado -incluidas las denuncias de amenazas de confiscar propiedades escolares amish- son violaciones flagrantes de las protecciones de la Primera Enmienda. La negativa del tribunal a reconocer estas preocupaciones s\u00f3lo se suma a la creciente indignaci\u00f3n.<\/p>\n<p>Esta sentencia no s\u00f3lo tiene que ver con la salud p\u00fablica, sino con el control gubernamental. Al obligar a las comunidades religiosas a acatar las normas, el Estado est\u00e1 sentando un precedente que pronto podr\u00eda utilizarse contra cualquiera que se atreva a desafiar sus mandatos.<\/p>\n<p>Este caso dista mucho de estar resuelto. Ya se han presentado recursos legales y cada vez son m\u00e1s las peticiones de intervenci\u00f3n del Tribunal Supremo. Pero una cosa est\u00e1 clara: los amish est\u00e1n ahora en primera l\u00ednea de la batalla por la libertad religiosa en Estados Unidos.<\/p>\n<p>Su resistencia silenciosa frente a la tiran\u00eda es un claro recordatorio de que cuando el gobierno pisotea los derechos de un grupo, es s\u00f3lo cuesti\u00f3n de tiempo que lo haga con el resto de nosotros.<\/p>\n<p>Conexi\u00f3n Prof\u00e9tica:<br \/>\n\u201cEl estandarte de la verdad y de la libertad religiosa sostenido en alto por los fundadores de la iglesia evang\u00e9lica y por los testigos de Dios durante los siglos que desde entonces han pasado, ha sido, para este \u00faltimo conflicto, confiado a nuestras manos. La responsabilidad de este gran don descansa sobre aquellos a quienes Dios ha bendecido con un conocimiento de su Palabra. Hemos de recibir esta Palabra como autoridad suprema. Hemos de reconocer los gobiernos humanos como instituciones ordenadas por Dios mismo, y ense\u00f1ar la obediencia a ellos como un deber sagrado, dentro de su leg\u00edtima esfera. Pero cuando sus demandas est\u00e9n en pugna con las de Dios, hemos de obedecer a Dios antes que a los hombres. La palabra de Dios debe ser reconocida sobre toda otra legislaci\u00f3n humana. Un \u201cAs\u00ed dice Jehov\u00e1\u201d no ha de ser puesto a un lado por un \u201cAs\u00ed dice la iglesia\u201d o un \u201cAs\u00ed dice el estado.\u201d La corona de Cristo ha de ser elevada por sobre las diademas de los potentados terrenales.\u201d <i>Los Hechos de los Ap\u00f3stoles<\/i>, p\u00e1g. 56.<\/p>\n<hr \/>\n<h3>Source References<\/h3>\n<ul>\n<li>\n<h5><a href=\"https:\/\/www.stvincenttimes.com\/amish-children-in-ny-face-compulsory-vaccination-as-court-crushes-religious-freedom\/\" target=\"_blank\" rel=\"noopener\">Amish children in NY face compulsory vaccination as court crushes religious freedom<\/a><\/h5>\n<\/li>\n<\/ul>\n<p><\/p>\n<!-- AddThis Advanced Settings generic via filter on the_content -->","protected":false},"excerpt":{"rendered":"<p>St. Vincent Times: En un escalofriante golpe a la libertad religiosa, los ni\u00f1os amish de Nueva York se ven ahora obligados a recibir vacunas en contra de las creencias profundamente arraigadas de sus familias, bajo la amenaza de multas masivas&#8230;<!-- AddThis Advanced Settings generic via filter on wp_trim_excerpt --><\/p>\n","protected":false},"author":6,"featured_media":31499,"comment_status":"open","ping_status":"open","sticky":false,"template":"","format":"standard","meta":{"episode_type":"","audio_file":"","duration":"","filesize":"","date_recorded":"","explicit":"","block":"","filesize_raw":"","_FSMCFIC_featured_image_caption":"Image: johnny_appleseed1774 from flickr.com","_FSMCFIC_featured_image_nocaption":null,"_FSMCFIC_featured_image_hide":null,"_links_to":"","_links_to_target":""},"categories":[722,32],"tags":[2824,1010,476,420,2700],"featured_image_urls":{"medium":"https:\/\/ktfnews.com\/wp-content\/uploads\/2025\/03\/amish-family-1280-774-300x181.jpg","large":"https:\/\/ktfnews.com\/wp-content\/uploads\/2025\/03\/amish-family-1280-774-1024x619.jpg","thumbnail":"https:\/\/ktfnews.com\/wp-content\/uploads\/2025\/03\/amish-family-1280-774-150x150.jpg","medium_large":"https:\/\/ktfnews.com\/wp-content\/uploads\/2025\/03\/amish-family-1280-774-768x464.jpg","team-small":"https:\/\/ktfnews.com\/wp-content\/uploads\/2025\/03\/amish-family-1280-774-138x162.jpg","team-overview":"https:\/\/ktfnews.com\/wp-content\/uploads\/2025\/03\/amish-family-1280-774-200x279.jpg","team-big":"https:\/\/ktfnews.com\/wp-content\/uploads\/2025\/03\/amish-family-1280-774-540x270.jpg","two-columns":"https:\/\/ktfnews.com\/wp-content\/uploads\/2025\/03\/amish-family-1280-774-379x242.jpg","one-column":"https:\/\/ktfnews.com\/wp-content\/uploads\/2025\/03\/amish-family-1280-774-379x242.jpg","mini-square":"https:\/\/ktfnews.com\/wp-content\/uploads\/2025\/03\/amish-family-1280-774-70x70.jpg","portfolio-widget-mainpage":"https:\/\/ktfnews.com\/wp-content\/uploads\/2025\/03\/amish-family-1280-774-335x195.jpg","portfolio-single-ajax":"https:\/\/ktfnews.com\/wp-content\/uploads\/2025\/03\/amish-family-1280-774-670x280.jpg","portfolio-single-big":"https:\/\/ktfnews.com\/wp-content\/uploads\/2025\/03\/amish-family-1280-774-685x480.jpg","portfolio-single-small":"https:\/\/ktfnews.com\/wp-content\/uploads\/2025\/03\/amish-family-1280-774-685x280.jpg","portfolio-single-full-big":"https:\/\/ktfnews.com\/wp-content\/uploads\/2025\/03\/amish-family-1280-774-960x590.jpg","portfolio-single-full-small":"https:\/\/ktfnews.com\/wp-content\/uploads\/2025\/03\/amish-family-1280-774-960x250.jpg","gallery-post":"https:\/\/ktfnews.com\/wp-content\/uploads\/2025\/03\/amish-family-1280-774-182x126.jpg","gallery-post-smaller":"https:\/\/ktfnews.com\/wp-content\/uploads\/2025\/03\/amish-family-1280-774-158x100.jpg","gallery-standard":"https:\/\/ktfnews.com\/wp-content\/uploads\/2025\/03\/amish-family-1280-774-257x169.jpg","tooltip-preview":"https:\/\/ktfnews.com\/wp-content\/uploads\/2025\/03\/amish-family-1280-774-227x133.jpg","widget-content-slider":"https:\/\/ktfnews.com\/wp-content\/uploads\/2025\/03\/amish-family-1280-774-230x137.jpg","post-top-articles":"https:\/\/ktfnews.com\/wp-content\/uploads\/2025\/03\/amish-family-1280-774-130x100.jpg","post-single-wide":"https:\/\/ktfnews.com\/wp-content\/uploads\/2025\/03\/amish-family-1280-774-595x360.jpg","post-single-wide-nocrop":"https:\/\/ktfnews.com\/wp-content\/uploads\/2025\/03\/amish-family-1280-774-595x360.jpg","post-single-wide-mobile":"https:\/\/ktfnews.com\/wp-content\/uploads\/2025\/03\/amish-family-1280-774-320x190.jpg","post-single-wide-small":"https:\/\/ktfnews.com\/wp-content\/uploads\/2025\/03\/amish-family-1280-774-595x190.jpg","post-single-square":"https:\/\/ktfnews.com\/wp-content\/uploads\/2025\/03\/amish-family-1280-774-120x120.jpg","post-single-full-small":"https:\/\/ktfnews.com\/wp-content\/uploads\/2025\/03\/amish-family-1280-774-950x360.jpg","post-single-full-big":"https:\/\/ktfnews.com\/wp-content\/uploads\/2025\/03\/amish-family-1280-774-950x590.jpg","photo-blog":"https:\/\/ktfnews.com\/wp-content\/uploads\/2025\/03\/amish-family-1280-774-768x464.jpg"},"appp_media":null,"yoast_head":"<!-- This site is optimized with the Yoast SEO plugin v17.3 - https:\/\/yoast.com\/wordpress\/plugins\/seo\/ -->\n<meta name=\"robots\" content=\"index, follow, max-snippet:-1, max-image-preview:large, max-video-preview:-1\" \/>\n<link rel=\"canonical\" href=\"https:\/\/ktfnews.com\/amish-children-in-ny-face-compulsory-vaccination-as-court-crushes-religious-freedom\/\" \/>\n<meta property=\"og:locale\" content=\"es_ES\" \/>\n<meta property=\"og:type\" content=\"article\" \/>\n<meta property=\"og:title\" content=\"[:en]Amish children in NY face compulsory vaccination as court crushes religious freedom[:es]Los ni\u00f1os amish de Nueva York se enfrentan a la vacunaci\u00f3n obligatoria cuando un tribunal aplasta la libertad religiosa[:] - KEEP the FAITH\" \/>\n<meta property=\"og:description\" content=\"St. Vincent Times: En un escalofriante golpe a la libertad religiosa, los ni\u00f1os amish de Nueva York se ven ahora obligados a recibir vacunas en contra de las creencias profundamente arraigadas de sus familias, bajo la amenaza de multas masivas...\" \/>\n<meta property=\"og:url\" content=\"https:\/\/ktfnews.com\/amish-children-in-ny-face-compulsory-vaccination-as-court-crushes-religious-freedom\/\" \/>\n<meta property=\"og:site_name\" content=\"KEEP the FAITH\" \/>\n<meta property=\"article:publisher\" content=\"https:\/\/www.facebook.com\/ktfministry\" \/>\n<meta property=\"article:published_time\" content=\"2025-03-20T11:30:45+00:00\" \/>\n<meta property=\"article:modified_time\" content=\"2025-03-20T22:11:57+00:00\" \/>\n<meta property=\"og:image\" content=\"https:\/\/ktfnews.com\/wp-content\/uploads\/2025\/03\/amish-family-1280-774.jpg\" \/>\n\t<meta property=\"og:image:width\" content=\"1280\" \/>\n\t<meta property=\"og:image:height\" content=\"774\" \/>\n<meta name=\"twitter:card\" content=\"summary_large_image\" \/>\n<meta name=\"twitter:creator\" content=\"@ktfministry\" \/>\n<meta name=\"twitter:site\" content=\"@ktfministry\" \/>\n<meta name=\"twitter:label1\" content=\"Escrito por\" \/>\n\t<meta name=\"twitter:data1\" content=\"Pastor Hal Mayer\" \/>\n\t<meta name=\"twitter:label2\" content=\"Tiempo de lectura\" \/>\n\t<meta name=\"twitter:data2\" content=\"10 minutos\" \/>\n<script type=\"application\/ld+json\" class=\"yoast-schema-graph\">{\"@context\":\"https:\/\/schema.org\",\"@graph\":[{\"@type\":\"WebSite\",\"@id\":\"https:\/\/ktfnews.com\/#website\",\"url\":\"https:\/\/ktfnews.com\/\",\"name\":\"KEEP the FAITH\",\"description\":\"Preparing you for the final conflict between good and evil.\",\"potentialAction\":[{\"@type\":\"SearchAction\",\"target\":{\"@type\":\"EntryPoint\",\"urlTemplate\":\"https:\/\/ktfnews.com\/?s={search_term_string}\"},\"query-input\":\"required name=search_term_string\"}],\"inLanguage\":\"es\"},{\"@type\":\"ImageObject\",\"@id\":\"https:\/\/ktfnews.com\/amish-children-in-ny-face-compulsory-vaccination-as-court-crushes-religious-freedom\/#primaryimage\",\"inLanguage\":\"es\",\"url\":\"https:\/\/ktfnews.com\/wp-content\/uploads\/2025\/03\/amish-family-1280-774.jpg\",\"contentUrl\":\"https:\/\/ktfnews.com\/wp-content\/uploads\/2025\/03\/amish-family-1280-774.jpg\",\"width\":1280,\"height\":774},{\"@type\":\"WebPage\",\"@id\":\"https:\/\/ktfnews.com\/amish-children-in-ny-face-compulsory-vaccination-as-court-crushes-religious-freedom\/#webpage\",\"url\":\"https:\/\/ktfnews.com\/amish-children-in-ny-face-compulsory-vaccination-as-court-crushes-religious-freedom\/\",\"name\":\"[:en]Amish children in NY face compulsory vaccination as court crushes religious freedom[:es]Los ni\\u00f1os amish de Nueva York se enfrentan a la vacunaci\\u00f3n obligatoria cuando un tribunal aplasta la libertad religiosa[:] - KEEP the FAITH\",\"isPartOf\":{\"@id\":\"https:\/\/ktfnews.com\/#website\"},\"primaryImageOfPage\":{\"@id\":\"https:\/\/ktfnews.com\/amish-children-in-ny-face-compulsory-vaccination-as-court-crushes-religious-freedom\/#primaryimage\"},\"datePublished\":\"2025-03-20T11:30:45+00:00\",\"dateModified\":\"2025-03-20T22:11:57+00:00\",\"author\":{\"@id\":\"https:\/\/ktfnews.com\/#\/schema\/person\/ba4174513d9169cf8e229b7d8d60410d\"},\"breadcrumb\":{\"@id\":\"https:\/\/ktfnews.com\/amish-children-in-ny-face-compulsory-vaccination-as-court-crushes-religious-freedom\/#breadcrumb\"},\"inLanguage\":\"es\",\"potentialAction\":[{\"@type\":\"ReadAction\",\"target\":[\"https:\/\/ktfnews.com\/amish-children-in-ny-face-compulsory-vaccination-as-court-crushes-religious-freedom\/\"]}]},{\"@type\":\"BreadcrumbList\",\"@id\":\"https:\/\/ktfnews.com\/amish-children-in-ny-face-compulsory-vaccination-as-court-crushes-religious-freedom\/#breadcrumb\",\"itemListElement\":[{\"@type\":\"ListItem\",\"position\":1,\"name\":\"Home\",\"item\":\"https:\/\/ktfnews.com\/\"},{\"@type\":\"ListItem\",\"position\":2,\"name\":\"Briefings\",\"item\":\"https:\/\/ktfnews.com\/category\/briefings\/\"},{\"@type\":\"ListItem\",\"position\":3,\"name\":\"Prophetic Intelligence Briefings\",\"item\":\"https:\/\/ktfnews.com\/category\/briefings\/news\/\"},{\"@type\":\"ListItem\",\"position\":4,\"name\":\"Amish children in NY face compulsory vaccination as court crushes religious freedom\"}]},{\"@type\":\"Person\",\"@id\":\"https:\/\/ktfnews.com\/#\/schema\/person\/ba4174513d9169cf8e229b7d8d60410d\",\"name\":\"Pastor Hal Mayer\",\"image\":{\"@type\":\"ImageObject\",\"@id\":\"https:\/\/ktfnews.com\/#personlogo\",\"inLanguage\":\"es\",\"url\":\"https:\/\/secure.gravatar.com\/avatar\/051bac95ae650254c5a03467b9456599?s=96&d=mm&r=g\",\"contentUrl\":\"https:\/\/secure.gravatar.com\/avatar\/051bac95ae650254c5a03467b9456599?s=96&d=mm&r=g\",\"caption\":\"Pastor Hal Mayer\"},\"description\":\"Pastor Hal Mayer is speaker and director of Keep the Faith Ministry. For the last 20 years Pastor Mayer\\u2019s monthly prophetic analysis on CD and online has revealed the striking evidence of fulfilling prophecy to many thousands of subscribers all over the world. Pastor Mayer\\u2019s background in history and Bible prophecy give him unique insights and perspectives that have blessed many and helped them make a deeper commitment to the Lord. Keep the Faith Ministry helps those who want to keep abreast of fulfilling prophecy and who want to understand and navigate the unique and difficult circumstances of the end-times. Keep the Faith Ministry helps to prepare you for the second coming of Christ. Pastor Mayer is married to Betsy for more than 40 years. They have no children of their own. \\u201cThe times in which we live are thrilling, because the things prophesied in God\\u2019s word are actually coming to pass in this generation,\\u201d says Pastor Mayer. \\u201cIn a time when the distinctive end-time truths of God\\u2019s word are being censored, and life in this world is becoming more and more chaotic, Keep the Faith is a voice of strength and encouragement.\\u201d\",\"url\":\"https:\/\/ktfnews.com\/es\/author\/hal\/\"}]}<\/script>\n<!-- \/ Yoast SEO plugin. -->","yoast_head_json":{"robots":{"index":"index","follow":"follow","max-snippet":"max-snippet:-1","max-image-preview":"max-image-preview:large","max-video-preview":"max-video-preview:-1"},"canonical":"https:\/\/ktfnews.com\/amish-children-in-ny-face-compulsory-vaccination-as-court-crushes-religious-freedom\/","og_locale":"es_ES","og_type":"article","og_title":"[:en]Amish children in NY face compulsory vaccination as court crushes religious freedom[:es]Los ni\u00f1os amish de Nueva York se enfrentan a la vacunaci\u00f3n obligatoria cuando un tribunal aplasta la libertad religiosa[:] - KEEP the FAITH","og_description":"St. Vincent Times: En un escalofriante golpe a la libertad religiosa, los ni\u00f1os amish de Nueva York se ven ahora obligados a recibir vacunas en contra de las creencias profundamente arraigadas de sus familias, bajo la amenaza de multas masivas...","og_url":"https:\/\/ktfnews.com\/amish-children-in-ny-face-compulsory-vaccination-as-court-crushes-religious-freedom\/","og_site_name":"KEEP the FAITH","article_publisher":"https:\/\/www.facebook.com\/ktfministry","article_published_time":"2025-03-20T11:30:45+00:00","article_modified_time":"2025-03-20T22:11:57+00:00","og_image":[{"width":1280,"height":774,"url":"https:\/\/ktfnews.com\/wp-content\/uploads\/2025\/03\/amish-family-1280-774.jpg","type":"image\/jpeg"}],"twitter_card":"summary_large_image","twitter_creator":"@ktfministry","twitter_site":"@ktfministry","twitter_misc":{"Escrito por":"Pastor Hal Mayer","Tiempo de lectura":"10 minutos"},"schema":{"@context":"https:\/\/schema.org","@graph":[{"@type":"WebSite","@id":"https:\/\/ktfnews.com\/#website","url":"https:\/\/ktfnews.com\/","name":"KEEP the FAITH","description":"Preparing you for the final conflict between good and evil.","potentialAction":[{"@type":"SearchAction","target":{"@type":"EntryPoint","urlTemplate":"https:\/\/ktfnews.com\/?s={search_term_string}"},"query-input":"required name=search_term_string"}],"inLanguage":"es"},{"@type":"ImageObject","@id":"https:\/\/ktfnews.com\/amish-children-in-ny-face-compulsory-vaccination-as-court-crushes-religious-freedom\/#primaryimage","inLanguage":"es","url":"https:\/\/ktfnews.com\/wp-content\/uploads\/2025\/03\/amish-family-1280-774.jpg","contentUrl":"https:\/\/ktfnews.com\/wp-content\/uploads\/2025\/03\/amish-family-1280-774.jpg","width":1280,"height":774},{"@type":"WebPage","@id":"https:\/\/ktfnews.com\/amish-children-in-ny-face-compulsory-vaccination-as-court-crushes-religious-freedom\/#webpage","url":"https:\/\/ktfnews.com\/amish-children-in-ny-face-compulsory-vaccination-as-court-crushes-religious-freedom\/","name":"[:en]Amish children in NY face compulsory vaccination as court crushes religious freedom[:es]Los ni\u00f1os amish de Nueva York se enfrentan a la vacunaci\u00f3n obligatoria cuando un tribunal aplasta la libertad religiosa[:] - KEEP the FAITH","isPartOf":{"@id":"https:\/\/ktfnews.com\/#website"},"primaryImageOfPage":{"@id":"https:\/\/ktfnews.com\/amish-children-in-ny-face-compulsory-vaccination-as-court-crushes-religious-freedom\/#primaryimage"},"datePublished":"2025-03-20T11:30:45+00:00","dateModified":"2025-03-20T22:11:57+00:00","author":{"@id":"https:\/\/ktfnews.com\/#\/schema\/person\/ba4174513d9169cf8e229b7d8d60410d"},"breadcrumb":{"@id":"https:\/\/ktfnews.com\/amish-children-in-ny-face-compulsory-vaccination-as-court-crushes-religious-freedom\/#breadcrumb"},"inLanguage":"es","potentialAction":[{"@type":"ReadAction","target":["https:\/\/ktfnews.com\/amish-children-in-ny-face-compulsory-vaccination-as-court-crushes-religious-freedom\/"]}]},{"@type":"BreadcrumbList","@id":"https:\/\/ktfnews.com\/amish-children-in-ny-face-compulsory-vaccination-as-court-crushes-religious-freedom\/#breadcrumb","itemListElement":[{"@type":"ListItem","position":1,"name":"Home","item":"https:\/\/ktfnews.com\/"},{"@type":"ListItem","position":2,"name":"Briefings","item":"https:\/\/ktfnews.com\/category\/briefings\/"},{"@type":"ListItem","position":3,"name":"Prophetic Intelligence Briefings","item":"https:\/\/ktfnews.com\/category\/briefings\/news\/"},{"@type":"ListItem","position":4,"name":"Amish children in NY face compulsory vaccination as court crushes religious freedom"}]},{"@type":"Person","@id":"https:\/\/ktfnews.com\/#\/schema\/person\/ba4174513d9169cf8e229b7d8d60410d","name":"Pastor Hal Mayer","image":{"@type":"ImageObject","@id":"https:\/\/ktfnews.com\/#personlogo","inLanguage":"es","url":"https:\/\/secure.gravatar.com\/avatar\/051bac95ae650254c5a03467b9456599?s=96&d=mm&r=g","contentUrl":"https:\/\/secure.gravatar.com\/avatar\/051bac95ae650254c5a03467b9456599?s=96&d=mm&r=g","caption":"Pastor Hal Mayer"},"description":"Pastor Hal Mayer is speaker and director of Keep the Faith Ministry. For the last 20 years Pastor Mayer\u2019s monthly prophetic analysis on CD and online has revealed the striking evidence of fulfilling prophecy to many thousands of subscribers all over the world. Pastor Mayer\u2019s background in history and Bible prophecy give him unique insights and perspectives that have blessed many and helped them make a deeper commitment to the Lord. Keep the Faith Ministry helps those who want to keep abreast of fulfilling prophecy and who want to understand and navigate the unique and difficult circumstances of the end-times. Keep the Faith Ministry helps to prepare you for the second coming of Christ. Pastor Mayer is married to Betsy for more than 40 years. They have no children of their own. \u201cThe times in which we live are thrilling, because the things prophesied in God\u2019s word are actually coming to pass in this generation,\u201d says Pastor Mayer. \u201cIn a time when the distinctive end-time truths of God\u2019s word are being censored, and life in this world is becoming more and more chaotic, Keep the Faith is a voice of strength and encouragement.\u201d","url":"https:\/\/ktfnews.com\/es\/author\/hal\/"}]}},"_links":{"self":[{"href":"https:\/\/ktfnews.com\/es\/wp-json\/wp\/v2\/posts\/31498"}],"collection":[{"href":"https:\/\/ktfnews.com\/es\/wp-json\/wp\/v2\/posts"}],"about":[{"href":"https:\/\/ktfnews.com\/es\/wp-json\/wp\/v2\/types\/post"}],"author":[{"embeddable":true,"href":"https:\/\/ktfnews.com\/es\/wp-json\/wp\/v2\/users\/6"}],"replies":[{"embeddable":true,"href":"https:\/\/ktfnews.com\/es\/wp-json\/wp\/v2\/comments?post=31498"}],"version-history":[{"count":1,"href":"https:\/\/ktfnews.com\/es\/wp-json\/wp\/v2\/posts\/31498\/revisions"}],"predecessor-version":[{"id":31500,"href":"https:\/\/ktfnews.com\/es\/wp-json\/wp\/v2\/posts\/31498\/revisions\/31500"}],"wp:featuredmedia":[{"embeddable":true,"href":"https:\/\/ktfnews.com\/es\/wp-json\/wp\/v2\/media\/31499"}],"wp:attachment":[{"href":"https:\/\/ktfnews.com\/es\/wp-json\/wp\/v2\/media?parent=31498"}],"wp:term":[{"taxonomy":"category","embeddable":true,"href":"https:\/\/ktfnews.com\/es\/wp-json\/wp\/v2\/categories?post=31498"},{"taxonomy":"post_tag","embeddable":true,"href":"https:\/\/ktfnews.com\/es\/wp-json\/wp\/v2\/tags?post=31498"}],"curies":[{"name":"wp","href":"https:\/\/api.w.org\/{rel}","templated":true}]}}