{"id":30234,"date":"2024-08-09T07:30:15","date_gmt":"2024-08-09T11:30:15","guid":{"rendered":"https:\/\/ktfnews.com\/?p=30234"},"modified":"2024-08-12T23:27:25","modified_gmt":"2024-08-13T03:27:25","slug":"biden-heading-to-situation-room-as-iran-threatens-attack-on-israel","status":"publish","type":"post","link":"https:\/\/ktfnews.com\/es\/biden-heading-to-situation-room-as-iran-threatens-attack-on-israel\/","title":{"rendered":"Biden se dirige a la Sala de Situaciones mientras Ir\u00e1n amenaza con atacar a Israel"},"content":{"rendered":"<p><i>Daily Mail<\/i>, por Germania Rodr\u00edguez: El presidente Joe Biden tiene previsto reunirse con su equipo de seguridad nacional en la Sala de Situaci\u00f3n a \u00faltima hora del lunes, en medio de las crecientes tensiones entre Ir\u00e1n e Israel.<\/p>\n<p>La Rep\u00fablica Isl\u00e1mica podr\u00eda atacar Israel en las pr\u00f3ximas 24 a 48 horas tras un importante ataque de Hezbol\u00e1 que dej\u00f3 heridos a dos soldados de las FDI, han advertido altos diplom\u00e1ticos occidentales.<\/p>\n<p>El secretario de Estado, Anthony Blinken, dijo ayer en el G7 que era inminente un ataque en respuesta al asesinato por Israel del l\u00edder pol\u00edtico de Ham\u00e1s, Ismail Haniyeh, en Teher\u00e1n, y de Fuad Shukr, en Beirut, seg\u00fan inform\u00f3 Axios.<\/p>\n<p>Mientras tanto, el secretario de Defensa, Lloyd J. Austin III, habr\u00eda hablado el domingo con su hom\u00f3logo israel\u00ed, Yoav Gallant, para asegurar al Estado jud\u00edo el apoyo de Estados Unidos.<\/p>\n<p>Ser\u00eda la segunda vez durante la creciente crisis en Oriente Pr\u00f3ximo que Ir\u00e1n ataca directamente a Israel, la primera fue en abril, cuando envi\u00f3 una salva de misiles y aviones no tripulados durante la noche.<\/p>\n<p>Pero a diferencia del ataque de abril, Estados Unidos admiti\u00f3 en una llamada privada con los miembros del G7 que no sabe c\u00f3mo ser\u00e1 el esperado ataque de represalia.<\/p>\n<p>El portavoz del Ministerio de Asuntos Exteriores, Nasser Kanani, declar\u00f3 en una conferencia de prensa: \u00abNadie tiene derecho a dudar del derecho legal de Ir\u00e1n a castigar al r\u00e9gimen sionista\u00bb.<\/p>\n<p>Por su parte, el general Hossein Salami, jefe de la paramilitar Guardia Revolucionaria iran\u00ed, amenaz\u00f3 a Israel advirti\u00e9ndole de que estaba \u00abcavando su propia tumba\u00bb al proseguir su guerra contra el grupo terrorista Ham\u00e1s.<\/p>\n<p>Ver\u00e1n el resultado de su error. Ver\u00e1n cu\u00e1ndo, c\u00f3mo y d\u00f3nde recibir\u00e1n su respuesta\u00bb, declar\u00f3 Salami en un discurso.<\/p>\n<p>Las amenazas de Ir\u00e1n se producen pocas horas despu\u00e9s de que Hezbol\u00e1, respaldada por el r\u00e9gimen iran\u00ed, lanzara un paquete con 30 misiles desde L\u00edbano hacia la alta Galilea.<\/p>\n<p>Im\u00e1genes de la regi\u00f3n mostraron c\u00f3mo el sistema de defensa antia\u00e9rea israel\u00ed C\u00fapula de Hierro disparaba misiles defensivos para interceptar la andanada.<\/p>\n<p>A pesar de ello, dos soldados israel\u00edes resultaron heridos en el ataque, que tambi\u00e9n provoc\u00f3 un incendio en el norte de Israel.<\/p>\n<p>Hizbul\u00e1 dijo en un comunicado que hab\u00eda atacado una base militar en el norte de Israel en respuesta a los \u00abataques y asesinatos\u00bb perpetrados por Israel en varias aldeas del sur del L\u00edbano.<\/p>\n<p>La escalada de tensiones entre Israel, Hezbol\u00e1 e Ir\u00e1n ha hecho crecer el temor a que estalle una guerra total en Oriente Pr\u00f3ximo entre Israel y los apoderados de Teher\u00e1n.<\/p>\n<p>El primer ministro israel\u00ed, Benjam\u00edn Netanyahu, afirm\u00f3 que su pa\u00eds ya est\u00e1 inmerso en una \u00abguerra de m\u00faltiples frentes\u00bb con Ir\u00e1n, y a\u00f1adi\u00f3 en una reuni\u00f3n del Gabinete celebrada el domingo que Israel est\u00e1 preparado para cualquier escenario.<\/p>\n<p>Netanyahu tambi\u00e9n ha sido acusado de no estar \u00absinceramente interesado en un alto el fuego\u00bb, ya que Haniyeh, de Ham\u00e1s, era el principal negociador de alto el fuego del grupo terrorista.<\/p>\n<p>El experto en Oriente Pr\u00f3ximo Andreas Krieg afirm\u00f3 que su asesinato, as\u00ed como el de Shukur, ech\u00f3 por tierra meses de trabajo realizado por mediadores estadounidenses, qatar\u00edes y egipcios.<\/p>\n<p>A pesar de la ret\u00f3rica cada vez m\u00e1s b\u00e9lica y de la disminuci\u00f3n de las esperanzas de un alto el fuego permanente, muchos de los aliados de Israel est\u00e1n trabajando para rebajar las tensiones en la regi\u00f3n.<\/p>\n<p>Estados Unidos declar\u00f3 en la convocatoria del G7 del domingo que su decisi\u00f3n de aumentar su capacidad militar en la regi\u00f3n era para reforzar la defensa.<\/p>\n<p>Tambi\u00e9n se inform\u00f3 de que hab\u00eda pedido a los dem\u00e1s miembros que ejercieran presi\u00f3n diplom\u00e1tica sobre Israel, Ir\u00e1n y Hezbol\u00e1 en un intento de rebajar las tensiones.<\/p>\n<p>Los ministros del G7 manifestaron en un comunicado: \u00abExpresamos nuestra profunda preocupaci\u00f3n por el aumento de la tensi\u00f3n en Oriente Medio, que amenaza con desencadenar un conflicto m\u00e1s amplio en la regi\u00f3n.<\/p>\n<p>Instamos a todas las partes implicadas a que se abstengan de perpetuar el actual ciclo destructivo de represalias violentas, a que rebajen la tensi\u00f3n y se comprometan de forma constructiva con la desescalada. Ning\u00fan pa\u00eds o naci\u00f3n saldr\u00e1 ganando con una nueva escalada en Oriente Medio\u00bb.<\/p>\n<p>Mientras tanto, varias naciones han ordenado a sus ciudadanos que abandonen la regi\u00f3n ante el temor de que fracasen las medidas diplom\u00e1ticas para contrarrestar las crecientes tensiones.<\/p>\n<p>Jap\u00f3n y Turqu\u00eda han ordenado hoy a sus ciudadanos que abandonen el L\u00edbano, mientras que Francia e Italia lo hicieron un d\u00eda antes.<\/p>\n<p>Israel ha prometido destruir a Ham\u00e1s en represalia por su ataque sin precedentes del 7 de octubre contra Israel, que caus\u00f3 la muerte de 1.197 personas, en su mayor\u00eda civiles, seg\u00fan un recuento de AFP basado en cifras oficiales israel\u00edes.<\/p>\n<p>Los militantes tambi\u00e9n tomaron 251 rehenes, 111 de los cuales siguen cautivos en Gaza, entre ellos 39 que, seg\u00fan el ej\u00e9rcito, han muerto.<\/p>\n<p>La campa\u00f1a de represalias de Israel ha causado la muerte de al menos 39.583 personas en Gaza, seg\u00fan el Ministerio de Sanidad del territorio, que no da detalles de las muertes de civiles y militantes.<\/p>\n<p>Conexi\u00f3n Prof\u00e9tica:<br \/>\n\u201cEstamos en el umbral de grandes y solemnes acontecimientos. Las profec\u00edas se est\u00e1n cumpliendo. Una historia extraordinaria y memorable se est\u00e1 registrando en los libros del cielo. Todo en nuestro mundo est\u00e1 en agitaci\u00f3n. Hay guerras y rumores de guerra. Las naciones est\u00e1n airadas y ha llegado el tiempo en que deben ser juzgados los muertos. Los acontecimientos est\u00e1n cambiando para no demorar la llegada del d\u00eda de Dios, que se vendr\u00e1 prestamente. Queda, por as\u00ed decirlo, solamente un poco de tiempo. Pero aunque ya se levanta naci\u00f3n contra naci\u00f3n, y reino contra reino, no existe todav\u00eda una conflagraci\u00f3n general. Los cuatro vientos ser\u00e1n retenidos hasta que los siervos de Dios sean sellados en sus frentes. Entonces las potencias de la tierra dispondr\u00e1n sus fuerzas para la \u00faltima gran batalla\u201d. <i>Testimonios para la Iglesia<\/i>, vol.6.<\/p>\n<hr \/>\n<h3>Source References<\/h3>\n<ul>\n<li>\n<h5><a href=\"https:\/\/www.dailymail.co.uk\/news\/article-13710045\/Biden-israel-iran-Situation-Room-attack-white-house.html\" target=\"_blank\" rel=\"noopener\">Biden heading to Situation Room as Iran threatens attack on Israel<\/a><\/h5>\n<\/li>\n<\/ul>\n<p><\/p>\n<!-- AddThis Advanced Settings generic via filter on the_content -->","protected":false},"excerpt":{"rendered":"<p>Daily Mail, por Germania Rodr\u00edguez: El presidente Joe Biden tiene previsto reunirse con su equipo de seguridad nacional en la Sala de Situaci\u00f3n a \u00faltima hora del lunes, en medio de las crecientes tensiones entre Ir\u00e1n e Israel. La Rep\u00fablica&#8230;<!-- AddThis Advanced Settings generic via filter on wp_trim_excerpt --><\/p>\n","protected":false},"author":6,"featured_media":30235,"comment_status":"open","ping_status":"open","sticky":false,"template":"","format":"standard","meta":{"episode_type":"","audio_file":"","duration":"","filesize":"","date_recorded":"","explicit":"","block":"","filesize_raw":"","_FSMCFIC_featured_image_caption":"Image: Lisa Ferdinando from flickr.com","_FSMCFIC_featured_image_nocaption":null,"_FSMCFIC_featured_image_hide":null,"_links_to":"","_links_to_target":""},"categories":[722,32],"tags":[258,106,834,420],"featured_image_urls":{"medium":"https:\/\/ktfnews.com\/wp-content\/uploads\/2024\/08\/biden-speaking-1280-774-300x181.jpg","large":"https:\/\/ktfnews.com\/wp-content\/uploads\/2024\/08\/biden-speaking-1280-774-1024x619.jpg","thumbnail":"https:\/\/ktfnews.com\/wp-content\/uploads\/2024\/08\/biden-speaking-1280-774-150x150.jpg","medium_large":"https:\/\/ktfnews.com\/wp-content\/uploads\/2024\/08\/biden-speaking-1280-774-768x464.jpg","team-small":"https:\/\/ktfnews.com\/wp-content\/uploads\/2024\/08\/biden-speaking-1280-774-138x162.jpg","team-overview":"https:\/\/ktfnews.com\/wp-content\/uploads\/2024\/08\/biden-speaking-1280-774-200x279.jpg","team-big":"https:\/\/ktfnews.com\/wp-content\/uploads\/2024\/08\/biden-speaking-1280-774-540x270.jpg","two-columns":"https:\/\/ktfnews.com\/wp-content\/uploads\/2024\/08\/biden-speaking-1280-774-379x242.jpg","one-column":"https:\/\/ktfnews.com\/wp-content\/uploads\/2024\/08\/biden-speaking-1280-774-379x242.jpg","mini-square":"https:\/\/ktfnews.com\/wp-content\/uploads\/2024\/08\/biden-speaking-1280-774-70x70.jpg","portfolio-widget-mainpage":"https:\/\/ktfnews.com\/wp-content\/uploads\/2024\/08\/biden-speaking-1280-774-335x195.jpg","portfolio-single-ajax":"https:\/\/ktfnews.com\/wp-content\/uploads\/2024\/08\/biden-speaking-1280-774-670x280.jpg","portfolio-single-big":"https:\/\/ktfnews.com\/wp-content\/uploads\/2024\/08\/biden-speaking-1280-774-685x480.jpg","portfolio-single-small":"https:\/\/ktfnews.com\/wp-content\/uploads\/2024\/08\/biden-speaking-1280-774-685x280.jpg","portfolio-single-full-big":"https:\/\/ktfnews.com\/wp-content\/uploads\/2024\/08\/biden-speaking-1280-774-960x590.jpg","portfolio-single-full-small":"https:\/\/ktfnews.com\/wp-content\/uploads\/2024\/08\/biden-speaking-1280-774-960x250.jpg","gallery-post":"https:\/\/ktfnews.com\/wp-content\/uploads\/2024\/08\/biden-speaking-1280-774-182x126.jpg","gallery-post-smaller":"https:\/\/ktfnews.com\/wp-content\/uploads\/2024\/08\/biden-speaking-1280-774-158x100.jpg","gallery-standard":"https:\/\/ktfnews.com\/wp-content\/uploads\/2024\/08\/biden-speaking-1280-774-257x169.jpg","tooltip-preview":"https:\/\/ktfnews.com\/wp-content\/uploads\/2024\/08\/biden-speaking-1280-774-227x133.jpg","widget-content-slider":"https:\/\/ktfnews.com\/wp-content\/uploads\/2024\/08\/biden-speaking-1280-774-230x137.jpg","post-top-articles":"https:\/\/ktfnews.com\/wp-content\/uploads\/2024\/08\/biden-speaking-1280-774-130x100.jpg","post-single-wide":"https:\/\/ktfnews.com\/wp-content\/uploads\/2024\/08\/biden-speaking-1280-774-595x360.jpg","post-single-wide-nocrop":"https:\/\/ktfnews.com\/wp-content\/uploads\/2024\/08\/biden-speaking-1280-774-595x360.jpg","post-single-wide-mobile":"https:\/\/ktfnews.com\/wp-content\/uploads\/2024\/08\/biden-speaking-1280-774-320x190.jpg","post-single-wide-small":"https:\/\/ktfnews.com\/wp-content\/uploads\/2024\/08\/biden-speaking-1280-774-595x190.jpg","post-single-square":"https:\/\/ktfnews.com\/wp-content\/uploads\/2024\/08\/biden-speaking-1280-774-120x120.jpg","post-single-full-small":"https:\/\/ktfnews.com\/wp-content\/uploads\/2024\/08\/biden-speaking-1280-774-950x360.jpg","post-single-full-big":"https:\/\/ktfnews.com\/wp-content\/uploads\/2024\/08\/biden-speaking-1280-774-950x590.jpg","photo-blog":"https:\/\/ktfnews.com\/wp-content\/uploads\/2024\/08\/biden-speaking-1280-774-768x464.jpg"},"appp_media":null,"yoast_head":"<!-- This site is optimized with the Yoast SEO plugin v17.3 - https:\/\/yoast.com\/wordpress\/plugins\/seo\/ -->\n<meta name=\"robots\" content=\"index, follow, max-snippet:-1, max-image-preview:large, max-video-preview:-1\" \/>\n<link rel=\"canonical\" href=\"https:\/\/ktfnews.com\/biden-heading-to-situation-room-as-iran-threatens-attack-on-israel\/\" \/>\n<meta property=\"og:locale\" content=\"es_ES\" \/>\n<meta property=\"og:type\" content=\"article\" \/>\n<meta property=\"og:title\" content=\"[:en]Biden heading to Situation Room as Iran threatens attack on Israel[:es]Biden se dirige a la Sala de Situaciones mientras Ir\u00e1n amenaza con atacar a Israel[:] - KEEP the FAITH\" \/>\n<meta property=\"og:description\" content=\"Daily Mail, por Germania Rodr\u00edguez: El presidente Joe Biden tiene previsto reunirse con su equipo de seguridad nacional en la Sala de Situaci\u00f3n a \u00faltima hora del lunes, en medio de las crecientes tensiones entre Ir\u00e1n e Israel. La Rep\u00fablica...\" \/>\n<meta property=\"og:url\" content=\"https:\/\/ktfnews.com\/biden-heading-to-situation-room-as-iran-threatens-attack-on-israel\/\" \/>\n<meta property=\"og:site_name\" content=\"KEEP the FAITH\" \/>\n<meta property=\"article:publisher\" content=\"https:\/\/www.facebook.com\/ktfministry\" \/>\n<meta property=\"article:published_time\" content=\"2024-08-09T11:30:15+00:00\" \/>\n<meta property=\"article:modified_time\" content=\"2024-08-13T03:27:25+00:00\" \/>\n<meta property=\"og:image\" content=\"https:\/\/ktfnews.com\/wp-content\/uploads\/2024\/08\/biden-speaking-1280-774.jpg\" \/>\n\t<meta property=\"og:image:width\" content=\"1280\" \/>\n\t<meta property=\"og:image:height\" content=\"774\" \/>\n<meta name=\"twitter:card\" content=\"summary_large_image\" \/>\n<meta name=\"twitter:creator\" content=\"@ktfministry\" \/>\n<meta name=\"twitter:site\" content=\"@ktfministry\" \/>\n<meta name=\"twitter:label1\" content=\"Escrito por\" \/>\n\t<meta name=\"twitter:data1\" content=\"Pastor Hal Mayer\" \/>\n\t<meta name=\"twitter:label2\" content=\"Tiempo de lectura\" \/>\n\t<meta name=\"twitter:data2\" content=\"10 minutos\" \/>\n<script type=\"application\/ld+json\" class=\"yoast-schema-graph\">{\"@context\":\"https:\/\/schema.org\",\"@graph\":[{\"@type\":\"WebSite\",\"@id\":\"https:\/\/ktfnews.com\/#website\",\"url\":\"https:\/\/ktfnews.com\/\",\"name\":\"KEEP the FAITH\",\"description\":\"Preparing you for the final conflict between good and evil.\",\"potentialAction\":[{\"@type\":\"SearchAction\",\"target\":{\"@type\":\"EntryPoint\",\"urlTemplate\":\"https:\/\/ktfnews.com\/?s={search_term_string}\"},\"query-input\":\"required name=search_term_string\"}],\"inLanguage\":\"es\"},{\"@type\":\"ImageObject\",\"@id\":\"https:\/\/ktfnews.com\/biden-heading-to-situation-room-as-iran-threatens-attack-on-israel\/#primaryimage\",\"inLanguage\":\"es\",\"url\":\"https:\/\/ktfnews.com\/wp-content\/uploads\/2024\/08\/biden-speaking-1280-774.jpg\",\"contentUrl\":\"https:\/\/ktfnews.com\/wp-content\/uploads\/2024\/08\/biden-speaking-1280-774.jpg\",\"width\":1280,\"height\":774},{\"@type\":\"WebPage\",\"@id\":\"https:\/\/ktfnews.com\/biden-heading-to-situation-room-as-iran-threatens-attack-on-israel\/#webpage\",\"url\":\"https:\/\/ktfnews.com\/biden-heading-to-situation-room-as-iran-threatens-attack-on-israel\/\",\"name\":\"[:en]Biden heading to Situation Room as Iran threatens attack on Israel[:es]Biden se dirige a la Sala de Situaciones mientras Ir\\u00e1n amenaza con atacar a Israel[:] - KEEP the FAITH\",\"isPartOf\":{\"@id\":\"https:\/\/ktfnews.com\/#website\"},\"primaryImageOfPage\":{\"@id\":\"https:\/\/ktfnews.com\/biden-heading-to-situation-room-as-iran-threatens-attack-on-israel\/#primaryimage\"},\"datePublished\":\"2024-08-09T11:30:15+00:00\",\"dateModified\":\"2024-08-13T03:27:25+00:00\",\"author\":{\"@id\":\"https:\/\/ktfnews.com\/#\/schema\/person\/ba4174513d9169cf8e229b7d8d60410d\"},\"breadcrumb\":{\"@id\":\"https:\/\/ktfnews.com\/biden-heading-to-situation-room-as-iran-threatens-attack-on-israel\/#breadcrumb\"},\"inLanguage\":\"es\",\"potentialAction\":[{\"@type\":\"ReadAction\",\"target\":[\"https:\/\/ktfnews.com\/biden-heading-to-situation-room-as-iran-threatens-attack-on-israel\/\"]}]},{\"@type\":\"BreadcrumbList\",\"@id\":\"https:\/\/ktfnews.com\/biden-heading-to-situation-room-as-iran-threatens-attack-on-israel\/#breadcrumb\",\"itemListElement\":[{\"@type\":\"ListItem\",\"position\":1,\"name\":\"Home\",\"item\":\"https:\/\/ktfnews.com\/\"},{\"@type\":\"ListItem\",\"position\":2,\"name\":\"Briefings\",\"item\":\"https:\/\/ktfnews.com\/category\/briefings\/\"},{\"@type\":\"ListItem\",\"position\":3,\"name\":\"Prophetic Intelligence Briefings\",\"item\":\"https:\/\/ktfnews.com\/category\/briefings\/news\/\"},{\"@type\":\"ListItem\",\"position\":4,\"name\":\"Biden heading to Situation Room as Iran threatens attack on Israel\"}]},{\"@type\":\"Person\",\"@id\":\"https:\/\/ktfnews.com\/#\/schema\/person\/ba4174513d9169cf8e229b7d8d60410d\",\"name\":\"Pastor Hal Mayer\",\"image\":{\"@type\":\"ImageObject\",\"@id\":\"https:\/\/ktfnews.com\/#personlogo\",\"inLanguage\":\"es\",\"url\":\"https:\/\/secure.gravatar.com\/avatar\/051bac95ae650254c5a03467b9456599?s=96&d=mm&r=g\",\"contentUrl\":\"https:\/\/secure.gravatar.com\/avatar\/051bac95ae650254c5a03467b9456599?s=96&d=mm&r=g\",\"caption\":\"Pastor Hal Mayer\"},\"description\":\"Pastor Hal Mayer is speaker and director of Keep the Faith Ministry. For the last 20 years Pastor Mayer\\u2019s monthly prophetic analysis on CD and online has revealed the striking evidence of fulfilling prophecy to many thousands of subscribers all over the world. Pastor Mayer\\u2019s background in history and Bible prophecy give him unique insights and perspectives that have blessed many and helped them make a deeper commitment to the Lord. Keep the Faith Ministry helps those who want to keep abreast of fulfilling prophecy and who want to understand and navigate the unique and difficult circumstances of the end-times. Keep the Faith Ministry helps to prepare you for the second coming of Christ. Pastor Mayer is married to Betsy for more than 40 years. They have no children of their own. \\u201cThe times in which we live are thrilling, because the things prophesied in God\\u2019s word are actually coming to pass in this generation,\\u201d says Pastor Mayer. \\u201cIn a time when the distinctive end-time truths of God\\u2019s word are being censored, and life in this world is becoming more and more chaotic, Keep the Faith is a voice of strength and encouragement.\\u201d\",\"url\":\"https:\/\/ktfnews.com\/es\/author\/hal\/\"}]}<\/script>\n<!-- \/ Yoast SEO plugin. -->","yoast_head_json":{"robots":{"index":"index","follow":"follow","max-snippet":"max-snippet:-1","max-image-preview":"max-image-preview:large","max-video-preview":"max-video-preview:-1"},"canonical":"https:\/\/ktfnews.com\/biden-heading-to-situation-room-as-iran-threatens-attack-on-israel\/","og_locale":"es_ES","og_type":"article","og_title":"[:en]Biden heading to Situation Room as Iran threatens attack on Israel[:es]Biden se dirige a la Sala de Situaciones mientras Ir\u00e1n amenaza con atacar a Israel[:] - KEEP the FAITH","og_description":"Daily Mail, por Germania Rodr\u00edguez: El presidente Joe Biden tiene previsto reunirse con su equipo de seguridad nacional en la Sala de Situaci\u00f3n a \u00faltima hora del lunes, en medio de las crecientes tensiones entre Ir\u00e1n e Israel. La Rep\u00fablica...","og_url":"https:\/\/ktfnews.com\/biden-heading-to-situation-room-as-iran-threatens-attack-on-israel\/","og_site_name":"KEEP the FAITH","article_publisher":"https:\/\/www.facebook.com\/ktfministry","article_published_time":"2024-08-09T11:30:15+00:00","article_modified_time":"2024-08-13T03:27:25+00:00","og_image":[{"width":1280,"height":774,"url":"https:\/\/ktfnews.com\/wp-content\/uploads\/2024\/08\/biden-speaking-1280-774.jpg","type":"image\/jpeg"}],"twitter_card":"summary_large_image","twitter_creator":"@ktfministry","twitter_site":"@ktfministry","twitter_misc":{"Escrito por":"Pastor Hal Mayer","Tiempo de lectura":"10 minutos"},"schema":{"@context":"https:\/\/schema.org","@graph":[{"@type":"WebSite","@id":"https:\/\/ktfnews.com\/#website","url":"https:\/\/ktfnews.com\/","name":"KEEP the FAITH","description":"Preparing you for the final conflict between good and evil.","potentialAction":[{"@type":"SearchAction","target":{"@type":"EntryPoint","urlTemplate":"https:\/\/ktfnews.com\/?s={search_term_string}"},"query-input":"required name=search_term_string"}],"inLanguage":"es"},{"@type":"ImageObject","@id":"https:\/\/ktfnews.com\/biden-heading-to-situation-room-as-iran-threatens-attack-on-israel\/#primaryimage","inLanguage":"es","url":"https:\/\/ktfnews.com\/wp-content\/uploads\/2024\/08\/biden-speaking-1280-774.jpg","contentUrl":"https:\/\/ktfnews.com\/wp-content\/uploads\/2024\/08\/biden-speaking-1280-774.jpg","width":1280,"height":774},{"@type":"WebPage","@id":"https:\/\/ktfnews.com\/biden-heading-to-situation-room-as-iran-threatens-attack-on-israel\/#webpage","url":"https:\/\/ktfnews.com\/biden-heading-to-situation-room-as-iran-threatens-attack-on-israel\/","name":"[:en]Biden heading to Situation Room as Iran threatens attack on Israel[:es]Biden se dirige a la Sala de Situaciones mientras Ir\u00e1n amenaza con atacar a Israel[:] - KEEP the FAITH","isPartOf":{"@id":"https:\/\/ktfnews.com\/#website"},"primaryImageOfPage":{"@id":"https:\/\/ktfnews.com\/biden-heading-to-situation-room-as-iran-threatens-attack-on-israel\/#primaryimage"},"datePublished":"2024-08-09T11:30:15+00:00","dateModified":"2024-08-13T03:27:25+00:00","author":{"@id":"https:\/\/ktfnews.com\/#\/schema\/person\/ba4174513d9169cf8e229b7d8d60410d"},"breadcrumb":{"@id":"https:\/\/ktfnews.com\/biden-heading-to-situation-room-as-iran-threatens-attack-on-israel\/#breadcrumb"},"inLanguage":"es","potentialAction":[{"@type":"ReadAction","target":["https:\/\/ktfnews.com\/biden-heading-to-situation-room-as-iran-threatens-attack-on-israel\/"]}]},{"@type":"BreadcrumbList","@id":"https:\/\/ktfnews.com\/biden-heading-to-situation-room-as-iran-threatens-attack-on-israel\/#breadcrumb","itemListElement":[{"@type":"ListItem","position":1,"name":"Home","item":"https:\/\/ktfnews.com\/"},{"@type":"ListItem","position":2,"name":"Briefings","item":"https:\/\/ktfnews.com\/category\/briefings\/"},{"@type":"ListItem","position":3,"name":"Prophetic Intelligence Briefings","item":"https:\/\/ktfnews.com\/category\/briefings\/news\/"},{"@type":"ListItem","position":4,"name":"Biden heading to Situation Room as Iran threatens attack on Israel"}]},{"@type":"Person","@id":"https:\/\/ktfnews.com\/#\/schema\/person\/ba4174513d9169cf8e229b7d8d60410d","name":"Pastor Hal Mayer","image":{"@type":"ImageObject","@id":"https:\/\/ktfnews.com\/#personlogo","inLanguage":"es","url":"https:\/\/secure.gravatar.com\/avatar\/051bac95ae650254c5a03467b9456599?s=96&d=mm&r=g","contentUrl":"https:\/\/secure.gravatar.com\/avatar\/051bac95ae650254c5a03467b9456599?s=96&d=mm&r=g","caption":"Pastor Hal Mayer"},"description":"Pastor Hal Mayer is speaker and director of Keep the Faith Ministry. For the last 20 years Pastor Mayer\u2019s monthly prophetic analysis on CD and online has revealed the striking evidence of fulfilling prophecy to many thousands of subscribers all over the world. Pastor Mayer\u2019s background in history and Bible prophecy give him unique insights and perspectives that have blessed many and helped them make a deeper commitment to the Lord. Keep the Faith Ministry helps those who want to keep abreast of fulfilling prophecy and who want to understand and navigate the unique and difficult circumstances of the end-times. Keep the Faith Ministry helps to prepare you for the second coming of Christ. Pastor Mayer is married to Betsy for more than 40 years. They have no children of their own. \u201cThe times in which we live are thrilling, because the things prophesied in God\u2019s word are actually coming to pass in this generation,\u201d says Pastor Mayer. \u201cIn a time when the distinctive end-time truths of God\u2019s word are being censored, and life in this world is becoming more and more chaotic, Keep the Faith is a voice of strength and encouragement.\u201d","url":"https:\/\/ktfnews.com\/es\/author\/hal\/"}]}},"_links":{"self":[{"href":"https:\/\/ktfnews.com\/es\/wp-json\/wp\/v2\/posts\/30234"}],"collection":[{"href":"https:\/\/ktfnews.com\/es\/wp-json\/wp\/v2\/posts"}],"about":[{"href":"https:\/\/ktfnews.com\/es\/wp-json\/wp\/v2\/types\/post"}],"author":[{"embeddable":true,"href":"https:\/\/ktfnews.com\/es\/wp-json\/wp\/v2\/users\/6"}],"replies":[{"embeddable":true,"href":"https:\/\/ktfnews.com\/es\/wp-json\/wp\/v2\/comments?post=30234"}],"version-history":[{"count":2,"href":"https:\/\/ktfnews.com\/es\/wp-json\/wp\/v2\/posts\/30234\/revisions"}],"predecessor-version":[{"id":30266,"href":"https:\/\/ktfnews.com\/es\/wp-json\/wp\/v2\/posts\/30234\/revisions\/30266"}],"wp:featuredmedia":[{"embeddable":true,"href":"https:\/\/ktfnews.com\/es\/wp-json\/wp\/v2\/media\/30235"}],"wp:attachment":[{"href":"https:\/\/ktfnews.com\/es\/wp-json\/wp\/v2\/media?parent=30234"}],"wp:term":[{"taxonomy":"category","embeddable":true,"href":"https:\/\/ktfnews.com\/es\/wp-json\/wp\/v2\/categories?post=30234"},{"taxonomy":"post_tag","embeddable":true,"href":"https:\/\/ktfnews.com\/es\/wp-json\/wp\/v2\/tags?post=30234"}],"curies":[{"name":"wp","href":"https:\/\/api.w.org\/{rel}","templated":true}]}}