{"id":29664,"date":"2024-05-02T07:30:34","date_gmt":"2024-05-02T11:30:34","guid":{"rendered":"https:\/\/ktfnews.com\/?p=29664"},"modified":"2024-05-07T22:27:45","modified_gmt":"2024-05-08T02:27:45","slug":"biblical-beliefs-on-trial-paivi-rasanen-hate-speech-case-appealed-to-supreme-court","status":"publish","type":"post","link":"https:\/\/ktfnews.com\/es\/biblical-beliefs-on-trial-paivi-rasanen-hate-speech-case-appealed-to-supreme-court\/","title":{"rendered":"Las creencias b\u00edblicas a juicio: El caso de \u00abincitaci\u00f3n al odio\u00bb de P\u00e4ivi R\u00e4s\u00e4nen recurrido ante el Tribunal Supremo"},"content":{"rendered":"<p><i>El Conservador Europeo<\/i>: La ex ministra del Interior finlandesa, P\u00e4ivi R\u00e4s\u00e4nen, juzgada y absuelta por unanimidad por dos tribunales, ha recurrido su caso de libertad de expresi\u00f3n ante el Tribunal Supremo del pa\u00eds. La acusaci\u00f3n pide decenas de miles de euros en multas.<\/p>\n<p>R\u00e4s\u00e4nen, doctora en Medicina y parlamentaria en activo, fue investigada por primera vez en 2019 por un tuit en el que cuestionaba la participaci\u00f3n de su iglesia en un acto del &#8216;Orgullo&#8217; LGTB de Helsinki, haciendo referencia al Libro de los Romanos de la Biblia, cap\u00edtulo 1, vers\u00edculos 24-27: \u00abLos hombres tambi\u00e9n abandonaron las relaciones naturales con las mujeres y se inflamaron de lujuria unos por otros. Los hombres cometieron actos vergonzosos con otros hombres, y recibieron en s\u00ed mismos el debido castigo por su error\u00bb.<\/p>\n<p>La polic\u00eda tambi\u00e9n investig\u00f3 un folleto de 24 p\u00e1ginas que R\u00e4s\u00e4nen cre\u00f3 para su iglesia en 2004, en el que discut\u00eda la visi\u00f3n b\u00edblica de la homosexualidad, el matrimonio y el papel de la familia en la sociedad. Por ello, fue juzgada en 2022 junto con el obispo Juhana Pohjola por \u00abagitaci\u00f3n contra un grupo minoritario\u00bb, una forma de \u00abincitaci\u00f3n al odio\u00bb penal que en la legislaci\u00f3n finlandesa se encuadra en el apartado de \u00abcr\u00edmenes de guerra y cr\u00edmenes contra la humanidad\u00bb. Ambos fueron absueltos, despu\u00e9s de que un tribunal de Helsinki declarara que \u00abno corresponde al tribunal de distrito interpretar conceptos b\u00edblicos\u00bb.<\/p>\n<p>Los fiscales recurrieron el caso ante un tribunal superior, que en noviembre de 2023 confirm\u00f3 la absoluci\u00f3n del tribunal inferior.<\/p>\n<p>\u00abLa decisi\u00f3n del Tribunal Supremo sobre la apelaci\u00f3n me ha sorprendido totalmente\u00bb, dijo R\u00e4s\u00e4nen:<\/p>\n<p>Estoy confiado y tranquilo. Estoy dispuesto a seguir defendiendo la libertad de expresi\u00f3n y la libertad religiosa ante el Tribunal Supremo de Finlandia y, si es necesario, tambi\u00e9n ante el Tribunal Europeo de Derechos Humanos.<\/p>\n<p>No se trataba s\u00f3lo de mis opiniones, sino de la libertad de expresi\u00f3n de todos. Espero que con la sentencia del Tribunal Supremo, otros no tengan que pasar por el mismo calvario. He considerado un privilegio y un honor defender la libertad de expresi\u00f3n, que es un derecho fundamental en un Estado democr\u00e1tico. <\/p>\n<p>Alliance Defending Freedom (ADF International), el grupo de defensa legal que impugn\u00f3 con \u00e9xito ante un tribunal belga el intento de un alcalde de la zona de Bruselas de cerrar la conferencia NatCon a principios de esta semana, ha estado coordinando su apoyo legal, y seguir\u00e1 haci\u00e9ndolo.<\/p>\n<p>Comentando el recurso ante el Tribunal Supremo, el Director Ejecutivo de ADF International, Paul Coleman, dijo,<\/p>\n<p>Este caso marca un hito en la historia de la censura progresiva en Europa. En una naci\u00f3n democr\u00e1tica occidental en 2024, nadie deber\u00eda ser juzgado por su fe; sin embargo, a lo largo del proceso contra P\u00e4ivi R\u00e4s\u00e4nen y el obispo Pohjola, hemos visto algo parecido a un juicio por \u00abherej\u00eda\u00bb, en el que los cristianos son arrastrados ante los tribunales por tener creencias que difieren de la ortodoxia aprobada del momento.<\/p>\n<p>En un comentario anterior sobre el caso para The European Conservative, la escritora de ADF International Sofia H\u00f6rder dijo:<\/p>\n<p>Las normas sobre lo que se puede y no se puede decir son reescritas continuamente por quienes ostentan el poder&#8230; las leyes sobre \u00abincitaci\u00f3n al odio\u00bb, peligrosamente vagas e inherentemente subjetivas, se prestan con demasiada facilidad a abusos legales con consecuencias muy reales.<\/p>\n<p>Conexi\u00f3n Prof\u00e9tica:<br \/>\n\u201cBienaventurados los que padecen persecuci\u00f3n por causa de la justicia: porque de ellos es el reino de los cielos. Bienaventurados sois cuando os vituperaren y os persiguieran, y dijeren de vosotros todo mal por mi causa, mintiendo. Gozaos y alegraos; porque vuestra merced es grande en los cielos; que as\u00ed persiguieron a los profetas que fueron antes de vosotros.\u00bb \u2028El mundo ama el pecado y aborrece la justicia, y \u00e9sta era la causa de su hostilidad hacia Jes\u00fas. Todos los que rechazan su amor infinito hallar\u00e1n en el cristianismo un elemento perturbador. La luz de Cristo disipa las tinieblas que cubren sus pecados, y les manifiesta la necesidad de una reforma. Mientras los que se entregan a la influencia del Esp\u00edritu Santo empiezan a guerrear contra s\u00ed mismos, los que se aferran al pecado combaten la verdad y a sus representantes.\u201d <i>El Deseado de Todas las Gentes<\/i>, p\u00e1g.  272<\/p>\n<hr \/>\n<h3>Source References<\/h3>\n<ul>\n<li>\n<h5><a href=\"https:\/\/europeanconservative.com\/articles\/news\/biblical-beliefs-on-trial-paivi-rasanen-hate-speech-case-appealed-to-supreme-court\/\" target=\"_blank\" rel=\"noopener\">Biblical Beliefs on Trial: P\u00e4ivi R\u00e4s\u00e4nen \u2018Hate Speech\u2019 Case Appealed to Supreme Court<\/a><\/h5>\n<\/li>\n<\/ul>\n<p><\/p>\n<!-- AddThis Advanced Settings generic via filter on the_content -->","protected":false},"excerpt":{"rendered":"<p>El Conservador Europeo: La ex ministra del Interior finlandesa, P\u00e4ivi R\u00e4s\u00e4nen, juzgada y absuelta por unanimidad por dos tribunales, ha recurrido su caso de libertad de expresi\u00f3n ante el Tribunal Supremo del pa\u00eds. La acusaci\u00f3n pide decenas de miles de&#8230;<!-- AddThis Advanced Settings generic via filter on wp_trim_excerpt --><\/p>\n","protected":false},"author":6,"featured_media":29665,"comment_status":"open","ping_status":"open","sticky":false,"template":"","format":"standard","meta":{"episode_type":"","audio_file":"","duration":"","filesize":"","date_recorded":"","explicit":"","block":"","filesize_raw":"","_FSMCFIC_featured_image_caption":"Image: Newtown grafitti from flickr.com","_FSMCFIC_featured_image_nocaption":null,"_FSMCFIC_featured_image_hide":null,"_links_to":"","_links_to_target":""},"categories":[722,32],"tags":[2044,221,997],"featured_image_urls":{"medium":"https:\/\/ktfnews.com\/wp-content\/uploads\/2024\/05\/freedom-of-speech-1280-774-300x181.jpg","large":"https:\/\/ktfnews.com\/wp-content\/uploads\/2024\/05\/freedom-of-speech-1280-774-1024x619.jpg","thumbnail":"https:\/\/ktfnews.com\/wp-content\/uploads\/2024\/05\/freedom-of-speech-1280-774-150x150.jpg","medium_large":"https:\/\/ktfnews.com\/wp-content\/uploads\/2024\/05\/freedom-of-speech-1280-774-768x464.jpg","team-small":"https:\/\/ktfnews.com\/wp-content\/uploads\/2024\/05\/freedom-of-speech-1280-774-138x162.jpg","team-overview":"https:\/\/ktfnews.com\/wp-content\/uploads\/2024\/05\/freedom-of-speech-1280-774-200x279.jpg","team-big":"https:\/\/ktfnews.com\/wp-content\/uploads\/2024\/05\/freedom-of-speech-1280-774-540x270.jpg","two-columns":"https:\/\/ktfnews.com\/wp-content\/uploads\/2024\/05\/freedom-of-speech-1280-774-379x242.jpg","one-column":"https:\/\/ktfnews.com\/wp-content\/uploads\/2024\/05\/freedom-of-speech-1280-774-379x242.jpg","mini-square":"https:\/\/ktfnews.com\/wp-content\/uploads\/2024\/05\/freedom-of-speech-1280-774-70x70.jpg","portfolio-widget-mainpage":"https:\/\/ktfnews.com\/wp-content\/uploads\/2024\/05\/freedom-of-speech-1280-774-335x195.jpg","portfolio-single-ajax":"https:\/\/ktfnews.com\/wp-content\/uploads\/2024\/05\/freedom-of-speech-1280-774-670x280.jpg","portfolio-single-big":"https:\/\/ktfnews.com\/wp-content\/uploads\/2024\/05\/freedom-of-speech-1280-774-685x480.jpg","portfolio-single-small":"https:\/\/ktfnews.com\/wp-content\/uploads\/2024\/05\/freedom-of-speech-1280-774-685x280.jpg","portfolio-single-full-big":"https:\/\/ktfnews.com\/wp-content\/uploads\/2024\/05\/freedom-of-speech-1280-774-960x590.jpg","portfolio-single-full-small":"https:\/\/ktfnews.com\/wp-content\/uploads\/2024\/05\/freedom-of-speech-1280-774-960x250.jpg","gallery-post":"https:\/\/ktfnews.com\/wp-content\/uploads\/2024\/05\/freedom-of-speech-1280-774-182x126.jpg","gallery-post-smaller":"https:\/\/ktfnews.com\/wp-content\/uploads\/2024\/05\/freedom-of-speech-1280-774-158x100.jpg","gallery-standard":"https:\/\/ktfnews.com\/wp-content\/uploads\/2024\/05\/freedom-of-speech-1280-774-257x169.jpg","tooltip-preview":"https:\/\/ktfnews.com\/wp-content\/uploads\/2024\/05\/freedom-of-speech-1280-774-227x133.jpg","widget-content-slider":"https:\/\/ktfnews.com\/wp-content\/uploads\/2024\/05\/freedom-of-speech-1280-774-230x137.jpg","post-top-articles":"https:\/\/ktfnews.com\/wp-content\/uploads\/2024\/05\/freedom-of-speech-1280-774-130x100.jpg","post-single-wide":"https:\/\/ktfnews.com\/wp-content\/uploads\/2024\/05\/freedom-of-speech-1280-774-595x360.jpg","post-single-wide-nocrop":"https:\/\/ktfnews.com\/wp-content\/uploads\/2024\/05\/freedom-of-speech-1280-774-595x360.jpg","post-single-wide-mobile":"https:\/\/ktfnews.com\/wp-content\/uploads\/2024\/05\/freedom-of-speech-1280-774-320x190.jpg","post-single-wide-small":"https:\/\/ktfnews.com\/wp-content\/uploads\/2024\/05\/freedom-of-speech-1280-774-595x190.jpg","post-single-square":"https:\/\/ktfnews.com\/wp-content\/uploads\/2024\/05\/freedom-of-speech-1280-774-120x120.jpg","post-single-full-small":"https:\/\/ktfnews.com\/wp-content\/uploads\/2024\/05\/freedom-of-speech-1280-774-950x360.jpg","post-single-full-big":"https:\/\/ktfnews.com\/wp-content\/uploads\/2024\/05\/freedom-of-speech-1280-774-950x590.jpg","photo-blog":"https:\/\/ktfnews.com\/wp-content\/uploads\/2024\/05\/freedom-of-speech-1280-774-768x464.jpg"},"appp_media":null,"yoast_head":"<!-- This site is optimized with the Yoast SEO plugin v17.3 - https:\/\/yoast.com\/wordpress\/plugins\/seo\/ -->\n<meta name=\"robots\" content=\"index, follow, max-snippet:-1, max-image-preview:large, max-video-preview:-1\" \/>\n<link rel=\"canonical\" href=\"https:\/\/ktfnews.com\/biblical-beliefs-on-trial-paivi-rasanen-hate-speech-case-appealed-to-supreme-court\/\" \/>\n<meta property=\"og:locale\" content=\"es_ES\" \/>\n<meta property=\"og:type\" content=\"article\" \/>\n<meta property=\"og:title\" content=\"[:en]Biblical Beliefs on Trial: P\u00e4ivi R\u00e4s\u00e4nen \u2018Hate Speech\u2019 Case Appealed to Supreme Court[:es]Las creencias b\u00edblicas a juicio: El caso de &quot;incitaci\u00f3n al odio&quot; de P\u00e4ivi R\u00e4s\u00e4nen recurrido ante el Tribunal Supremo[:] - KEEP the FAITH\" \/>\n<meta property=\"og:description\" content=\"El Conservador Europeo: La ex ministra del Interior finlandesa, P\u00e4ivi R\u00e4s\u00e4nen, juzgada y absuelta por unanimidad por dos tribunales, ha recurrido su caso de libertad de expresi\u00f3n ante el Tribunal Supremo del pa\u00eds. La acusaci\u00f3n pide decenas de miles de...\" \/>\n<meta property=\"og:url\" content=\"https:\/\/ktfnews.com\/biblical-beliefs-on-trial-paivi-rasanen-hate-speech-case-appealed-to-supreme-court\/\" \/>\n<meta property=\"og:site_name\" content=\"KEEP the FAITH\" \/>\n<meta property=\"article:publisher\" content=\"https:\/\/www.facebook.com\/ktfministry\" \/>\n<meta property=\"article:published_time\" content=\"2024-05-02T11:30:34+00:00\" \/>\n<meta property=\"article:modified_time\" content=\"2024-05-08T02:27:45+00:00\" \/>\n<meta property=\"og:image\" content=\"https:\/\/ktfnews.com\/wp-content\/uploads\/2024\/05\/freedom-of-speech-1280-774.jpg\" \/>\n\t<meta property=\"og:image:width\" content=\"1280\" \/>\n\t<meta property=\"og:image:height\" content=\"774\" \/>\n<meta name=\"twitter:card\" content=\"summary_large_image\" \/>\n<meta name=\"twitter:creator\" content=\"@ktfministry\" \/>\n<meta name=\"twitter:site\" content=\"@ktfministry\" \/>\n<meta name=\"twitter:label1\" content=\"Escrito por\" \/>\n\t<meta name=\"twitter:data1\" content=\"Pastor Hal Mayer\" \/>\n\t<meta name=\"twitter:label2\" content=\"Tiempo de lectura\" \/>\n\t<meta name=\"twitter:data2\" content=\"10 minutos\" \/>\n<script type=\"application\/ld+json\" class=\"yoast-schema-graph\">{\"@context\":\"https:\/\/schema.org\",\"@graph\":[{\"@type\":\"WebSite\",\"@id\":\"https:\/\/ktfnews.com\/#website\",\"url\":\"https:\/\/ktfnews.com\/\",\"name\":\"KEEP the FAITH\",\"description\":\"Preparing you for the final conflict between good and evil.\",\"potentialAction\":[{\"@type\":\"SearchAction\",\"target\":{\"@type\":\"EntryPoint\",\"urlTemplate\":\"https:\/\/ktfnews.com\/?s={search_term_string}\"},\"query-input\":\"required name=search_term_string\"}],\"inLanguage\":\"es\"},{\"@type\":\"ImageObject\",\"@id\":\"https:\/\/ktfnews.com\/biblical-beliefs-on-trial-paivi-rasanen-hate-speech-case-appealed-to-supreme-court\/#primaryimage\",\"inLanguage\":\"es\",\"url\":\"https:\/\/ktfnews.com\/wp-content\/uploads\/2024\/05\/freedom-of-speech-1280-774.jpg\",\"contentUrl\":\"https:\/\/ktfnews.com\/wp-content\/uploads\/2024\/05\/freedom-of-speech-1280-774.jpg\",\"width\":1280,\"height\":774},{\"@type\":\"WebPage\",\"@id\":\"https:\/\/ktfnews.com\/biblical-beliefs-on-trial-paivi-rasanen-hate-speech-case-appealed-to-supreme-court\/#webpage\",\"url\":\"https:\/\/ktfnews.com\/biblical-beliefs-on-trial-paivi-rasanen-hate-speech-case-appealed-to-supreme-court\/\",\"name\":\"[:en]Biblical Beliefs on Trial: P\\u00e4ivi R\\u00e4s\\u00e4nen \\u2018Hate Speech\\u2019 Case Appealed to Supreme Court[:es]Las creencias b\\u00edblicas a juicio: El caso de \\\"incitaci\\u00f3n al odio\\\" de P\\u00e4ivi R\\u00e4s\\u00e4nen recurrido ante el Tribunal Supremo[:] - KEEP the FAITH\",\"isPartOf\":{\"@id\":\"https:\/\/ktfnews.com\/#website\"},\"primaryImageOfPage\":{\"@id\":\"https:\/\/ktfnews.com\/biblical-beliefs-on-trial-paivi-rasanen-hate-speech-case-appealed-to-supreme-court\/#primaryimage\"},\"datePublished\":\"2024-05-02T11:30:34+00:00\",\"dateModified\":\"2024-05-08T02:27:45+00:00\",\"author\":{\"@id\":\"https:\/\/ktfnews.com\/#\/schema\/person\/ba4174513d9169cf8e229b7d8d60410d\"},\"breadcrumb\":{\"@id\":\"https:\/\/ktfnews.com\/biblical-beliefs-on-trial-paivi-rasanen-hate-speech-case-appealed-to-supreme-court\/#breadcrumb\"},\"inLanguage\":\"es\",\"potentialAction\":[{\"@type\":\"ReadAction\",\"target\":[\"https:\/\/ktfnews.com\/biblical-beliefs-on-trial-paivi-rasanen-hate-speech-case-appealed-to-supreme-court\/\"]}]},{\"@type\":\"BreadcrumbList\",\"@id\":\"https:\/\/ktfnews.com\/biblical-beliefs-on-trial-paivi-rasanen-hate-speech-case-appealed-to-supreme-court\/#breadcrumb\",\"itemListElement\":[{\"@type\":\"ListItem\",\"position\":1,\"name\":\"Home\",\"item\":\"https:\/\/ktfnews.com\/\"},{\"@type\":\"ListItem\",\"position\":2,\"name\":\"Briefings\",\"item\":\"https:\/\/ktfnews.com\/category\/briefings\/\"},{\"@type\":\"ListItem\",\"position\":3,\"name\":\"Prophetic Intelligence Briefings\",\"item\":\"https:\/\/ktfnews.com\/category\/briefings\/news\/\"},{\"@type\":\"ListItem\",\"position\":4,\"name\":\"Biblical Beliefs on Trial: P\\u00e4ivi R\\u00e4s\\u00e4nen \\u2018Hate Speech\\u2019 Case Appealed to Supreme Court\"}]},{\"@type\":\"Person\",\"@id\":\"https:\/\/ktfnews.com\/#\/schema\/person\/ba4174513d9169cf8e229b7d8d60410d\",\"name\":\"Pastor Hal Mayer\",\"image\":{\"@type\":\"ImageObject\",\"@id\":\"https:\/\/ktfnews.com\/#personlogo\",\"inLanguage\":\"es\",\"url\":\"https:\/\/secure.gravatar.com\/avatar\/051bac95ae650254c5a03467b9456599?s=96&d=mm&r=g\",\"contentUrl\":\"https:\/\/secure.gravatar.com\/avatar\/051bac95ae650254c5a03467b9456599?s=96&d=mm&r=g\",\"caption\":\"Pastor Hal Mayer\"},\"description\":\"Pastor Hal Mayer is speaker and director of Keep the Faith Ministry. For the last 20 years Pastor Mayer\\u2019s monthly prophetic analysis on CD and online has revealed the striking evidence of fulfilling prophecy to many thousands of subscribers all over the world. Pastor Mayer\\u2019s background in history and Bible prophecy give him unique insights and perspectives that have blessed many and helped them make a deeper commitment to the Lord. Keep the Faith Ministry helps those who want to keep abreast of fulfilling prophecy and who want to understand and navigate the unique and difficult circumstances of the end-times. Keep the Faith Ministry helps to prepare you for the second coming of Christ. Pastor Mayer is married to Betsy for more than 40 years. They have no children of their own. \\u201cThe times in which we live are thrilling, because the things prophesied in God\\u2019s word are actually coming to pass in this generation,\\u201d says Pastor Mayer. \\u201cIn a time when the distinctive end-time truths of God\\u2019s word are being censored, and life in this world is becoming more and more chaotic, Keep the Faith is a voice of strength and encouragement.\\u201d\",\"url\":\"https:\/\/ktfnews.com\/es\/author\/hal\/\"}]}<\/script>\n<!-- \/ Yoast SEO plugin. -->","yoast_head_json":{"robots":{"index":"index","follow":"follow","max-snippet":"max-snippet:-1","max-image-preview":"max-image-preview:large","max-video-preview":"max-video-preview:-1"},"canonical":"https:\/\/ktfnews.com\/biblical-beliefs-on-trial-paivi-rasanen-hate-speech-case-appealed-to-supreme-court\/","og_locale":"es_ES","og_type":"article","og_title":"[:en]Biblical Beliefs on Trial: P\u00e4ivi R\u00e4s\u00e4nen \u2018Hate Speech\u2019 Case Appealed to Supreme Court[:es]Las creencias b\u00edblicas a juicio: El caso de \"incitaci\u00f3n al odio\" de P\u00e4ivi R\u00e4s\u00e4nen recurrido ante el Tribunal Supremo[:] - KEEP the FAITH","og_description":"El Conservador Europeo: La ex ministra del Interior finlandesa, P\u00e4ivi R\u00e4s\u00e4nen, juzgada y absuelta por unanimidad por dos tribunales, ha recurrido su caso de libertad de expresi\u00f3n ante el Tribunal Supremo del pa\u00eds. La acusaci\u00f3n pide decenas de miles de...","og_url":"https:\/\/ktfnews.com\/biblical-beliefs-on-trial-paivi-rasanen-hate-speech-case-appealed-to-supreme-court\/","og_site_name":"KEEP the FAITH","article_publisher":"https:\/\/www.facebook.com\/ktfministry","article_published_time":"2024-05-02T11:30:34+00:00","article_modified_time":"2024-05-08T02:27:45+00:00","og_image":[{"width":1280,"height":774,"url":"https:\/\/ktfnews.com\/wp-content\/uploads\/2024\/05\/freedom-of-speech-1280-774.jpg","type":"image\/jpeg"}],"twitter_card":"summary_large_image","twitter_creator":"@ktfministry","twitter_site":"@ktfministry","twitter_misc":{"Escrito por":"Pastor Hal Mayer","Tiempo de lectura":"10 minutos"},"schema":{"@context":"https:\/\/schema.org","@graph":[{"@type":"WebSite","@id":"https:\/\/ktfnews.com\/#website","url":"https:\/\/ktfnews.com\/","name":"KEEP the FAITH","description":"Preparing you for the final conflict between good and evil.","potentialAction":[{"@type":"SearchAction","target":{"@type":"EntryPoint","urlTemplate":"https:\/\/ktfnews.com\/?s={search_term_string}"},"query-input":"required name=search_term_string"}],"inLanguage":"es"},{"@type":"ImageObject","@id":"https:\/\/ktfnews.com\/biblical-beliefs-on-trial-paivi-rasanen-hate-speech-case-appealed-to-supreme-court\/#primaryimage","inLanguage":"es","url":"https:\/\/ktfnews.com\/wp-content\/uploads\/2024\/05\/freedom-of-speech-1280-774.jpg","contentUrl":"https:\/\/ktfnews.com\/wp-content\/uploads\/2024\/05\/freedom-of-speech-1280-774.jpg","width":1280,"height":774},{"@type":"WebPage","@id":"https:\/\/ktfnews.com\/biblical-beliefs-on-trial-paivi-rasanen-hate-speech-case-appealed-to-supreme-court\/#webpage","url":"https:\/\/ktfnews.com\/biblical-beliefs-on-trial-paivi-rasanen-hate-speech-case-appealed-to-supreme-court\/","name":"[:en]Biblical Beliefs on Trial: P\u00e4ivi R\u00e4s\u00e4nen \u2018Hate Speech\u2019 Case Appealed to Supreme Court[:es]Las creencias b\u00edblicas a juicio: El caso de \"incitaci\u00f3n al odio\" de P\u00e4ivi R\u00e4s\u00e4nen recurrido ante el Tribunal Supremo[:] - KEEP the FAITH","isPartOf":{"@id":"https:\/\/ktfnews.com\/#website"},"primaryImageOfPage":{"@id":"https:\/\/ktfnews.com\/biblical-beliefs-on-trial-paivi-rasanen-hate-speech-case-appealed-to-supreme-court\/#primaryimage"},"datePublished":"2024-05-02T11:30:34+00:00","dateModified":"2024-05-08T02:27:45+00:00","author":{"@id":"https:\/\/ktfnews.com\/#\/schema\/person\/ba4174513d9169cf8e229b7d8d60410d"},"breadcrumb":{"@id":"https:\/\/ktfnews.com\/biblical-beliefs-on-trial-paivi-rasanen-hate-speech-case-appealed-to-supreme-court\/#breadcrumb"},"inLanguage":"es","potentialAction":[{"@type":"ReadAction","target":["https:\/\/ktfnews.com\/biblical-beliefs-on-trial-paivi-rasanen-hate-speech-case-appealed-to-supreme-court\/"]}]},{"@type":"BreadcrumbList","@id":"https:\/\/ktfnews.com\/biblical-beliefs-on-trial-paivi-rasanen-hate-speech-case-appealed-to-supreme-court\/#breadcrumb","itemListElement":[{"@type":"ListItem","position":1,"name":"Home","item":"https:\/\/ktfnews.com\/"},{"@type":"ListItem","position":2,"name":"Briefings","item":"https:\/\/ktfnews.com\/category\/briefings\/"},{"@type":"ListItem","position":3,"name":"Prophetic Intelligence Briefings","item":"https:\/\/ktfnews.com\/category\/briefings\/news\/"},{"@type":"ListItem","position":4,"name":"Biblical Beliefs on Trial: P\u00e4ivi R\u00e4s\u00e4nen \u2018Hate Speech\u2019 Case Appealed to Supreme Court"}]},{"@type":"Person","@id":"https:\/\/ktfnews.com\/#\/schema\/person\/ba4174513d9169cf8e229b7d8d60410d","name":"Pastor Hal Mayer","image":{"@type":"ImageObject","@id":"https:\/\/ktfnews.com\/#personlogo","inLanguage":"es","url":"https:\/\/secure.gravatar.com\/avatar\/051bac95ae650254c5a03467b9456599?s=96&d=mm&r=g","contentUrl":"https:\/\/secure.gravatar.com\/avatar\/051bac95ae650254c5a03467b9456599?s=96&d=mm&r=g","caption":"Pastor Hal Mayer"},"description":"Pastor Hal Mayer is speaker and director of Keep the Faith Ministry. For the last 20 years Pastor Mayer\u2019s monthly prophetic analysis on CD and online has revealed the striking evidence of fulfilling prophecy to many thousands of subscribers all over the world. Pastor Mayer\u2019s background in history and Bible prophecy give him unique insights and perspectives that have blessed many and helped them make a deeper commitment to the Lord. Keep the Faith Ministry helps those who want to keep abreast of fulfilling prophecy and who want to understand and navigate the unique and difficult circumstances of the end-times. Keep the Faith Ministry helps to prepare you for the second coming of Christ. Pastor Mayer is married to Betsy for more than 40 years. They have no children of their own. \u201cThe times in which we live are thrilling, because the things prophesied in God\u2019s word are actually coming to pass in this generation,\u201d says Pastor Mayer. \u201cIn a time when the distinctive end-time truths of God\u2019s word are being censored, and life in this world is becoming more and more chaotic, Keep the Faith is a voice of strength and encouragement.\u201d","url":"https:\/\/ktfnews.com\/es\/author\/hal\/"}]}},"_links":{"self":[{"href":"https:\/\/ktfnews.com\/es\/wp-json\/wp\/v2\/posts\/29664"}],"collection":[{"href":"https:\/\/ktfnews.com\/es\/wp-json\/wp\/v2\/posts"}],"about":[{"href":"https:\/\/ktfnews.com\/es\/wp-json\/wp\/v2\/types\/post"}],"author":[{"embeddable":true,"href":"https:\/\/ktfnews.com\/es\/wp-json\/wp\/v2\/users\/6"}],"replies":[{"embeddable":true,"href":"https:\/\/ktfnews.com\/es\/wp-json\/wp\/v2\/comments?post=29664"}],"version-history":[{"count":3,"href":"https:\/\/ktfnews.com\/es\/wp-json\/wp\/v2\/posts\/29664\/revisions"}],"predecessor-version":[{"id":29688,"href":"https:\/\/ktfnews.com\/es\/wp-json\/wp\/v2\/posts\/29664\/revisions\/29688"}],"wp:featuredmedia":[{"embeddable":true,"href":"https:\/\/ktfnews.com\/es\/wp-json\/wp\/v2\/media\/29665"}],"wp:attachment":[{"href":"https:\/\/ktfnews.com\/es\/wp-json\/wp\/v2\/media?parent=29664"}],"wp:term":[{"taxonomy":"category","embeddable":true,"href":"https:\/\/ktfnews.com\/es\/wp-json\/wp\/v2\/categories?post=29664"},{"taxonomy":"post_tag","embeddable":true,"href":"https:\/\/ktfnews.com\/es\/wp-json\/wp\/v2\/tags?post=29664"}],"curies":[{"name":"wp","href":"https:\/\/api.w.org\/{rel}","templated":true}]}}