{"id":29603,"date":"2024-04-23T07:30:39","date_gmt":"2024-04-23T11:30:39","guid":{"rendered":"https:\/\/ktfnews.com\/?p=29603"},"modified":"2024-04-24T23:15:39","modified_gmt":"2024-04-25T03:15:39","slug":"the-world-stands-on-the-brink-of-all-out-war","status":"publish","type":"post","link":"https:\/\/ktfnews.com\/es\/the-world-stands-on-the-brink-of-all-out-war\/","title":{"rendered":"El mundo est\u00e1 al borde de una guerra total"},"content":{"rendered":"<p><i>MSN<\/i>, por el Coronel Richard Kemp: Estoy escribiendo desde Israel, donde el pa\u00eds esta noche est\u00e1 preparado para una ola de ataques de aviones no tripulados de Ir\u00e1n.<\/p>\n<p>Las Fuerzas de Defensa de Israel (IDF) advirtieron hacia las 11 de la noche de que al menos 100 aviones no tripulados hab\u00edan sido lanzados. La agencia estatal de noticias iran\u00ed anunci\u00f3 a continuaci\u00f3n que tambi\u00e9n se hab\u00edan lanzado misiles bal\u00edsticos.<\/p>\n<p>Israel ha estado esperando ataques iran\u00edes desde que el 1 de abril llev\u00f3 a cabo un ataque a\u00e9reo que mat\u00f3 a comandantes iran\u00edes de los Cuerpos de la Guardia Revolucionaria Isl\u00e1mica en Damasco.<\/p>\n<p>Desde entonces ha habido cierta aprensi\u00f3n en las calles, pero la vida cotidiana ha continuado pr\u00e1cticamente con normalidad, aunque esta noche las FDI han actualizado las instrucciones para la poblaci\u00f3n sobre las precauciones que deben tomar.<\/p>\n<p>Mientras tanto, las IDF han reforzado sus defensas a\u00e9reas en los \u00faltimos 10 d\u00edas, incluso llamando a reservistas especializados. Israel cuenta con las mejores defensas antimisiles del mundo, y har\u00e1n todo lo posible por derribar la mayor\u00eda o todas las armas antes de que alcancen el espacio a\u00e9reo israel\u00ed. Sin embargo, no ser\u00e1 f\u00e1cil conseguirlo, con grandes enjambres de drones precedidos o seguidos de misiles.<\/p>\n<p>El comandante de las fuerzas estadounidenses en Oriente Medio ha estado en Israel en los \u00faltimos d\u00edas, coordin\u00e1ndose con las IDF, y las fuerzas estadounidenses ayudar\u00e1n a Israel a interceptar los drones, incluso proporcionando sistemas a\u00e9reos de alerta temprana. Los dem\u00e1s aliados de Israel tambi\u00e9n pueden prestar su apoyo, y el primer ministro israel\u00ed agradeci\u00f3 expresamente el apoyo de Gran Breta\u00f1a y Francia.<\/p>\n<p>Tambi\u00e9n existe una importante amenaza procedente del L\u00edbano, donde Hezbol\u00e1, representante de Ir\u00e1n, tiene unos 150.000 cohetes y misiles apuntando a Israel. Han estado disparando cohetes y aviones no tripulados contra la zona fronteriza israel\u00ed casi a diario desde el ataque de Ham\u00e1s del 7 de octubre. Es posible que Hezbol\u00e1 lance una andanada intensiva coincidiendo con la llegada de las armas de Ir\u00e1n, en un intento de desbordar las defensas a\u00e9reas.<\/p>\n<p><strong>Israel ha estado preparando<\/strong><\/p>\n<p>Israel no tendr\u00e1 m\u00e1s remedio que responder a este ataque iran\u00ed, como har\u00eda cualquier pa\u00eds. Por supuesto, las IDF tambi\u00e9n se han estado preparando para ello, quiz\u00e1s atacando objetivos militares dentro de Ir\u00e1n y otros pa\u00edses desde los que se lancen misiles o drones.<\/p>\n<p>Al igual que Estados Unidos trat\u00f3 de impedir que Ir\u00e1n atacara a Israel mediante intensos esfuerzos diplom\u00e1ticos, es probable que la administraci\u00f3n Biden trate de presionar a Israel para que limite sus represalias, es decir, para que desescalen. Sin embargo, incluso si se inflige un da\u00f1o limitado en este ataque, Israel deber\u00eda contraatacar con fuerza -quiz\u00e1s incluso con mayor fuerza- para disuadir de nuevos ataques.<\/p>\n<p>Aunque es improbable que las hostilidades directas con Ir\u00e1n se extiendan m\u00e1s all\u00e1 de los ataques a\u00e9reos y, posiblemente, de un conflicto naval, un ataque de gran envergadura por parte de Hezbol\u00e1 bien podr\u00eda desembocar en una guerra total en el L\u00edbano, que se viene barajando desde octubre.<\/p>\n<p>Este \u00faltimo acontecimiento en Oriente Pr\u00f3ximo demuestra que no se trata s\u00f3lo de un conflicto entre Israel y los palestinos. La guerra de Gaza fue iniciada por Ham\u00e1s y la Yihad Isl\u00e1mica, ambos apoderados iran\u00edes, y a ella se han unido desde el principio, en forma de ataques contra Israel, los apoderados de Teher\u00e1n en L\u00edbano, Siria, Yemen, Irak y Cisjordania.<\/p>\n<p>Los ayatol\u00e1s llevan muchos a\u00f1os declarando su intenci\u00f3n de erradicar el Estado jud\u00edo y han construido un \u00abanillo de fuego\u00bb alrededor de Israel para conseguirlo, adem\u00e1s de trabajar en un programa de armas nucleares.<\/p>\n<p>Independientemente de c\u00f3mo se desarrolle este conflicto, los aliados de Israel, incluidos Estados Unidos y el Reino Unido, deben hacer todo lo necesario para apoyar firmemente a su principal aliado en Oriente Pr\u00f3ximo, si es necesario con acciones militares. De lo contrario, aumentar\u00e1n las perspectivas de una escalada del conflicto en la regi\u00f3n.<\/p>\n<p>Conexi\u00f3n Prof\u00e9tica:<br \/>\n\u201cEse tiempo est\u00e1 cerca. Las se\u00f1ales de los tiempos declaran hoy que estamos en el umbral de sucesos grandes y solemnes. Todo est\u00e1 en agitaci\u00f3n en el mundo. Ante nuestra vista se cumple la profec\u00eda del Salvador referente a los sucesos que preceder\u00e1n a su venida: \u00abOir\u00e9is de guerras, y rumores de guerras. . . Se levantar\u00e1 naci\u00f3n contra naci\u00f3n, y reino contra reino; y habr\u00e1 pestes, y hambres, y terremotos en diferentes lugares\u00bb. Mateo 24: 6, 7. <i>La Educaci\u00f3n<\/i>, p\u00e1g. 180.<\/p>\n<hr \/>\n<h3>Source References<\/h3>\n<ul>\n<li>\n<h5><a href=\"https:\/\/www.msn.com\/en-us\/news\/world\/the-world-stands-on-the-brink-of-all-out-war\/ar-BB1lzMD3\" target=\"_blank\" rel=\"noopener\">The world stands on the brink of all-out war<\/a><\/h5>\n<\/li>\n<\/ul>\n<p><\/p>\n<!-- AddThis Advanced Settings generic via filter on the_content -->","protected":false},"excerpt":{"rendered":"<p>MSN, por el Coronel Richard Kemp: Estoy escribiendo desde Israel, donde el pa\u00eds esta noche est\u00e1 preparado para una ola de ataques de aviones no tripulados de Ir\u00e1n. Las Fuerzas de Defensa de Israel (IDF) advirtieron hacia las 11 de&#8230;<!-- AddThis Advanced Settings generic via filter on wp_trim_excerpt --><\/p>\n","protected":false},"author":6,"featured_media":29604,"comment_status":"open","ping_status":"open","sticky":false,"template":"","format":"standard","meta":{"episode_type":"","audio_file":"","duration":"","filesize":"","date_recorded":"","explicit":"","block":"","filesize_raw":"","_FSMCFIC_featured_image_caption":"Image: Montecruz Foto from montecruzfoto.org","_FSMCFIC_featured_image_nocaption":null,"_FSMCFIC_featured_image_hide":null,"_links_to":"","_links_to_target":""},"categories":[722,32],"tags":[1638,258,106,71],"featured_image_urls":{"medium":"https:\/\/ktfnews.com\/wp-content\/uploads\/2024\/04\/Palestine-protest-1280-774-300x181.jpg","large":"https:\/\/ktfnews.com\/wp-content\/uploads\/2024\/04\/Palestine-protest-1280-774-1024x619.jpg","thumbnail":"https:\/\/ktfnews.com\/wp-content\/uploads\/2024\/04\/Palestine-protest-1280-774-150x150.jpg","medium_large":"https:\/\/ktfnews.com\/wp-content\/uploads\/2024\/04\/Palestine-protest-1280-774-768x464.jpg","team-small":"https:\/\/ktfnews.com\/wp-content\/uploads\/2024\/04\/Palestine-protest-1280-774-138x162.jpg","team-overview":"https:\/\/ktfnews.com\/wp-content\/uploads\/2024\/04\/Palestine-protest-1280-774-200x279.jpg","team-big":"https:\/\/ktfnews.com\/wp-content\/uploads\/2024\/04\/Palestine-protest-1280-774-540x270.jpg","two-columns":"https:\/\/ktfnews.com\/wp-content\/uploads\/2024\/04\/Palestine-protest-1280-774-379x242.jpg","one-column":"https:\/\/ktfnews.com\/wp-content\/uploads\/2024\/04\/Palestine-protest-1280-774-379x242.jpg","mini-square":"https:\/\/ktfnews.com\/wp-content\/uploads\/2024\/04\/Palestine-protest-1280-774-70x70.jpg","portfolio-widget-mainpage":"https:\/\/ktfnews.com\/wp-content\/uploads\/2024\/04\/Palestine-protest-1280-774-335x195.jpg","portfolio-single-ajax":"https:\/\/ktfnews.com\/wp-content\/uploads\/2024\/04\/Palestine-protest-1280-774-670x280.jpg","portfolio-single-big":"https:\/\/ktfnews.com\/wp-content\/uploads\/2024\/04\/Palestine-protest-1280-774-685x480.jpg","portfolio-single-small":"https:\/\/ktfnews.com\/wp-content\/uploads\/2024\/04\/Palestine-protest-1280-774-685x280.jpg","portfolio-single-full-big":"https:\/\/ktfnews.com\/wp-content\/uploads\/2024\/04\/Palestine-protest-1280-774-960x590.jpg","portfolio-single-full-small":"https:\/\/ktfnews.com\/wp-content\/uploads\/2024\/04\/Palestine-protest-1280-774-960x250.jpg","gallery-post":"https:\/\/ktfnews.com\/wp-content\/uploads\/2024\/04\/Palestine-protest-1280-774-182x126.jpg","gallery-post-smaller":"https:\/\/ktfnews.com\/wp-content\/uploads\/2024\/04\/Palestine-protest-1280-774-158x100.jpg","gallery-standard":"https:\/\/ktfnews.com\/wp-content\/uploads\/2024\/04\/Palestine-protest-1280-774-257x169.jpg","tooltip-preview":"https:\/\/ktfnews.com\/wp-content\/uploads\/2024\/04\/Palestine-protest-1280-774-227x133.jpg","widget-content-slider":"https:\/\/ktfnews.com\/wp-content\/uploads\/2024\/04\/Palestine-protest-1280-774-230x137.jpg","post-top-articles":"https:\/\/ktfnews.com\/wp-content\/uploads\/2024\/04\/Palestine-protest-1280-774-130x100.jpg","post-single-wide":"https:\/\/ktfnews.com\/wp-content\/uploads\/2024\/04\/Palestine-protest-1280-774-595x360.jpg","post-single-wide-nocrop":"https:\/\/ktfnews.com\/wp-content\/uploads\/2024\/04\/Palestine-protest-1280-774-595x360.jpg","post-single-wide-mobile":"https:\/\/ktfnews.com\/wp-content\/uploads\/2024\/04\/Palestine-protest-1280-774-320x190.jpg","post-single-wide-small":"https:\/\/ktfnews.com\/wp-content\/uploads\/2024\/04\/Palestine-protest-1280-774-595x190.jpg","post-single-square":"https:\/\/ktfnews.com\/wp-content\/uploads\/2024\/04\/Palestine-protest-1280-774-120x120.jpg","post-single-full-small":"https:\/\/ktfnews.com\/wp-content\/uploads\/2024\/04\/Palestine-protest-1280-774-950x360.jpg","post-single-full-big":"https:\/\/ktfnews.com\/wp-content\/uploads\/2024\/04\/Palestine-protest-1280-774-950x590.jpg","photo-blog":"https:\/\/ktfnews.com\/wp-content\/uploads\/2024\/04\/Palestine-protest-1280-774-768x464.jpg"},"appp_media":null,"yoast_head":"<!-- This site is optimized with the Yoast SEO plugin v17.3 - https:\/\/yoast.com\/wordpress\/plugins\/seo\/ -->\n<meta name=\"robots\" content=\"index, follow, max-snippet:-1, max-image-preview:large, max-video-preview:-1\" \/>\n<link rel=\"canonical\" href=\"https:\/\/ktfnews.com\/the-world-stands-on-the-brink-of-all-out-war\/\" \/>\n<meta property=\"og:locale\" content=\"es_ES\" \/>\n<meta property=\"og:type\" content=\"article\" \/>\n<meta property=\"og:title\" content=\"[:en]The world stands on the brink of all-out war[:es]El mundo est\u00e1 al borde de una guerra total[:] - KEEP the FAITH\" \/>\n<meta property=\"og:description\" content=\"MSN, por el Coronel Richard Kemp: Estoy escribiendo desde Israel, donde el pa\u00eds esta noche est\u00e1 preparado para una ola de ataques de aviones no tripulados de Ir\u00e1n. Las Fuerzas de Defensa de Israel (IDF) advirtieron hacia las 11 de...\" \/>\n<meta property=\"og:url\" content=\"https:\/\/ktfnews.com\/the-world-stands-on-the-brink-of-all-out-war\/\" \/>\n<meta property=\"og:site_name\" content=\"KEEP the FAITH\" \/>\n<meta property=\"article:publisher\" content=\"https:\/\/www.facebook.com\/ktfministry\" \/>\n<meta property=\"article:published_time\" content=\"2024-04-23T11:30:39+00:00\" \/>\n<meta property=\"article:modified_time\" content=\"2024-04-25T03:15:39+00:00\" \/>\n<meta property=\"og:image\" content=\"https:\/\/ktfnews.com\/wp-content\/uploads\/2024\/04\/Palestine-protest-1280-774.jpg\" \/>\n\t<meta property=\"og:image:width\" content=\"1280\" \/>\n\t<meta property=\"og:image:height\" content=\"774\" \/>\n<meta name=\"twitter:card\" content=\"summary_large_image\" \/>\n<meta name=\"twitter:creator\" content=\"@ktfministry\" \/>\n<meta name=\"twitter:site\" content=\"@ktfministry\" \/>\n<meta name=\"twitter:label1\" content=\"Escrito por\" \/>\n\t<meta name=\"twitter:data1\" content=\"Pastor Hal Mayer\" \/>\n\t<meta name=\"twitter:label2\" content=\"Tiempo de lectura\" \/>\n\t<meta name=\"twitter:data2\" content=\"10 minutos\" \/>\n<script type=\"application\/ld+json\" class=\"yoast-schema-graph\">{\"@context\":\"https:\/\/schema.org\",\"@graph\":[{\"@type\":\"WebSite\",\"@id\":\"https:\/\/ktfnews.com\/#website\",\"url\":\"https:\/\/ktfnews.com\/\",\"name\":\"KEEP the FAITH\",\"description\":\"Preparing you for the final conflict between good and evil.\",\"potentialAction\":[{\"@type\":\"SearchAction\",\"target\":{\"@type\":\"EntryPoint\",\"urlTemplate\":\"https:\/\/ktfnews.com\/?s={search_term_string}\"},\"query-input\":\"required name=search_term_string\"}],\"inLanguage\":\"es\"},{\"@type\":\"ImageObject\",\"@id\":\"https:\/\/ktfnews.com\/the-world-stands-on-the-brink-of-all-out-war\/#primaryimage\",\"inLanguage\":\"es\",\"url\":\"https:\/\/ktfnews.com\/wp-content\/uploads\/2024\/04\/Palestine-protest-1280-774.jpg\",\"contentUrl\":\"https:\/\/ktfnews.com\/wp-content\/uploads\/2024\/04\/Palestine-protest-1280-774.jpg\",\"width\":1280,\"height\":774},{\"@type\":\"WebPage\",\"@id\":\"https:\/\/ktfnews.com\/the-world-stands-on-the-brink-of-all-out-war\/#webpage\",\"url\":\"https:\/\/ktfnews.com\/the-world-stands-on-the-brink-of-all-out-war\/\",\"name\":\"[:en]The world stands on the brink of all-out war[:es]El mundo est\\u00e1 al borde de una guerra total[:] - KEEP the FAITH\",\"isPartOf\":{\"@id\":\"https:\/\/ktfnews.com\/#website\"},\"primaryImageOfPage\":{\"@id\":\"https:\/\/ktfnews.com\/the-world-stands-on-the-brink-of-all-out-war\/#primaryimage\"},\"datePublished\":\"2024-04-23T11:30:39+00:00\",\"dateModified\":\"2024-04-25T03:15:39+00:00\",\"author\":{\"@id\":\"https:\/\/ktfnews.com\/#\/schema\/person\/ba4174513d9169cf8e229b7d8d60410d\"},\"breadcrumb\":{\"@id\":\"https:\/\/ktfnews.com\/the-world-stands-on-the-brink-of-all-out-war\/#breadcrumb\"},\"inLanguage\":\"es\",\"potentialAction\":[{\"@type\":\"ReadAction\",\"target\":[\"https:\/\/ktfnews.com\/the-world-stands-on-the-brink-of-all-out-war\/\"]}]},{\"@type\":\"BreadcrumbList\",\"@id\":\"https:\/\/ktfnews.com\/the-world-stands-on-the-brink-of-all-out-war\/#breadcrumb\",\"itemListElement\":[{\"@type\":\"ListItem\",\"position\":1,\"name\":\"Home\",\"item\":\"https:\/\/ktfnews.com\/\"},{\"@type\":\"ListItem\",\"position\":2,\"name\":\"Briefings\",\"item\":\"https:\/\/ktfnews.com\/category\/briefings\/\"},{\"@type\":\"ListItem\",\"position\":3,\"name\":\"Prophetic Intelligence Briefings\",\"item\":\"https:\/\/ktfnews.com\/category\/briefings\/news\/\"},{\"@type\":\"ListItem\",\"position\":4,\"name\":\"The world stands on the brink of all-out war\"}]},{\"@type\":\"Person\",\"@id\":\"https:\/\/ktfnews.com\/#\/schema\/person\/ba4174513d9169cf8e229b7d8d60410d\",\"name\":\"Pastor Hal Mayer\",\"image\":{\"@type\":\"ImageObject\",\"@id\":\"https:\/\/ktfnews.com\/#personlogo\",\"inLanguage\":\"es\",\"url\":\"https:\/\/secure.gravatar.com\/avatar\/051bac95ae650254c5a03467b9456599?s=96&d=mm&r=g\",\"contentUrl\":\"https:\/\/secure.gravatar.com\/avatar\/051bac95ae650254c5a03467b9456599?s=96&d=mm&r=g\",\"caption\":\"Pastor Hal Mayer\"},\"description\":\"Pastor Hal Mayer is speaker and director of Keep the Faith Ministry. For the last 20 years Pastor Mayer\\u2019s monthly prophetic analysis on CD and online has revealed the striking evidence of fulfilling prophecy to many thousands of subscribers all over the world. Pastor Mayer\\u2019s background in history and Bible prophecy give him unique insights and perspectives that have blessed many and helped them make a deeper commitment to the Lord. Keep the Faith Ministry helps those who want to keep abreast of fulfilling prophecy and who want to understand and navigate the unique and difficult circumstances of the end-times. Keep the Faith Ministry helps to prepare you for the second coming of Christ. Pastor Mayer is married to Betsy for more than 40 years. They have no children of their own. \\u201cThe times in which we live are thrilling, because the things prophesied in God\\u2019s word are actually coming to pass in this generation,\\u201d says Pastor Mayer. \\u201cIn a time when the distinctive end-time truths of God\\u2019s word are being censored, and life in this world is becoming more and more chaotic, Keep the Faith is a voice of strength and encouragement.\\u201d\",\"url\":\"https:\/\/ktfnews.com\/es\/author\/hal\/\"}]}<\/script>\n<!-- \/ Yoast SEO plugin. -->","yoast_head_json":{"robots":{"index":"index","follow":"follow","max-snippet":"max-snippet:-1","max-image-preview":"max-image-preview:large","max-video-preview":"max-video-preview:-1"},"canonical":"https:\/\/ktfnews.com\/the-world-stands-on-the-brink-of-all-out-war\/","og_locale":"es_ES","og_type":"article","og_title":"[:en]The world stands on the brink of all-out war[:es]El mundo est\u00e1 al borde de una guerra total[:] - KEEP the FAITH","og_description":"MSN, por el Coronel Richard Kemp: Estoy escribiendo desde Israel, donde el pa\u00eds esta noche est\u00e1 preparado para una ola de ataques de aviones no tripulados de Ir\u00e1n. Las Fuerzas de Defensa de Israel (IDF) advirtieron hacia las 11 de...","og_url":"https:\/\/ktfnews.com\/the-world-stands-on-the-brink-of-all-out-war\/","og_site_name":"KEEP the FAITH","article_publisher":"https:\/\/www.facebook.com\/ktfministry","article_published_time":"2024-04-23T11:30:39+00:00","article_modified_time":"2024-04-25T03:15:39+00:00","og_image":[{"width":1280,"height":774,"url":"https:\/\/ktfnews.com\/wp-content\/uploads\/2024\/04\/Palestine-protest-1280-774.jpg","type":"image\/jpeg"}],"twitter_card":"summary_large_image","twitter_creator":"@ktfministry","twitter_site":"@ktfministry","twitter_misc":{"Escrito por":"Pastor Hal Mayer","Tiempo de lectura":"10 minutos"},"schema":{"@context":"https:\/\/schema.org","@graph":[{"@type":"WebSite","@id":"https:\/\/ktfnews.com\/#website","url":"https:\/\/ktfnews.com\/","name":"KEEP the FAITH","description":"Preparing you for the final conflict between good and evil.","potentialAction":[{"@type":"SearchAction","target":{"@type":"EntryPoint","urlTemplate":"https:\/\/ktfnews.com\/?s={search_term_string}"},"query-input":"required name=search_term_string"}],"inLanguage":"es"},{"@type":"ImageObject","@id":"https:\/\/ktfnews.com\/the-world-stands-on-the-brink-of-all-out-war\/#primaryimage","inLanguage":"es","url":"https:\/\/ktfnews.com\/wp-content\/uploads\/2024\/04\/Palestine-protest-1280-774.jpg","contentUrl":"https:\/\/ktfnews.com\/wp-content\/uploads\/2024\/04\/Palestine-protest-1280-774.jpg","width":1280,"height":774},{"@type":"WebPage","@id":"https:\/\/ktfnews.com\/the-world-stands-on-the-brink-of-all-out-war\/#webpage","url":"https:\/\/ktfnews.com\/the-world-stands-on-the-brink-of-all-out-war\/","name":"[:en]The world stands on the brink of all-out war[:es]El mundo est\u00e1 al borde de una guerra total[:] - KEEP the FAITH","isPartOf":{"@id":"https:\/\/ktfnews.com\/#website"},"primaryImageOfPage":{"@id":"https:\/\/ktfnews.com\/the-world-stands-on-the-brink-of-all-out-war\/#primaryimage"},"datePublished":"2024-04-23T11:30:39+00:00","dateModified":"2024-04-25T03:15:39+00:00","author":{"@id":"https:\/\/ktfnews.com\/#\/schema\/person\/ba4174513d9169cf8e229b7d8d60410d"},"breadcrumb":{"@id":"https:\/\/ktfnews.com\/the-world-stands-on-the-brink-of-all-out-war\/#breadcrumb"},"inLanguage":"es","potentialAction":[{"@type":"ReadAction","target":["https:\/\/ktfnews.com\/the-world-stands-on-the-brink-of-all-out-war\/"]}]},{"@type":"BreadcrumbList","@id":"https:\/\/ktfnews.com\/the-world-stands-on-the-brink-of-all-out-war\/#breadcrumb","itemListElement":[{"@type":"ListItem","position":1,"name":"Home","item":"https:\/\/ktfnews.com\/"},{"@type":"ListItem","position":2,"name":"Briefings","item":"https:\/\/ktfnews.com\/category\/briefings\/"},{"@type":"ListItem","position":3,"name":"Prophetic Intelligence Briefings","item":"https:\/\/ktfnews.com\/category\/briefings\/news\/"},{"@type":"ListItem","position":4,"name":"The world stands on the brink of all-out war"}]},{"@type":"Person","@id":"https:\/\/ktfnews.com\/#\/schema\/person\/ba4174513d9169cf8e229b7d8d60410d","name":"Pastor Hal Mayer","image":{"@type":"ImageObject","@id":"https:\/\/ktfnews.com\/#personlogo","inLanguage":"es","url":"https:\/\/secure.gravatar.com\/avatar\/051bac95ae650254c5a03467b9456599?s=96&d=mm&r=g","contentUrl":"https:\/\/secure.gravatar.com\/avatar\/051bac95ae650254c5a03467b9456599?s=96&d=mm&r=g","caption":"Pastor Hal Mayer"},"description":"Pastor Hal Mayer is speaker and director of Keep the Faith Ministry. For the last 20 years Pastor Mayer\u2019s monthly prophetic analysis on CD and online has revealed the striking evidence of fulfilling prophecy to many thousands of subscribers all over the world. Pastor Mayer\u2019s background in history and Bible prophecy give him unique insights and perspectives that have blessed many and helped them make a deeper commitment to the Lord. Keep the Faith Ministry helps those who want to keep abreast of fulfilling prophecy and who want to understand and navigate the unique and difficult circumstances of the end-times. Keep the Faith Ministry helps to prepare you for the second coming of Christ. Pastor Mayer is married to Betsy for more than 40 years. They have no children of their own. \u201cThe times in which we live are thrilling, because the things prophesied in God\u2019s word are actually coming to pass in this generation,\u201d says Pastor Mayer. \u201cIn a time when the distinctive end-time truths of God\u2019s word are being censored, and life in this world is becoming more and more chaotic, Keep the Faith is a voice of strength and encouragement.\u201d","url":"https:\/\/ktfnews.com\/es\/author\/hal\/"}]}},"_links":{"self":[{"href":"https:\/\/ktfnews.com\/es\/wp-json\/wp\/v2\/posts\/29603"}],"collection":[{"href":"https:\/\/ktfnews.com\/es\/wp-json\/wp\/v2\/posts"}],"about":[{"href":"https:\/\/ktfnews.com\/es\/wp-json\/wp\/v2\/types\/post"}],"author":[{"embeddable":true,"href":"https:\/\/ktfnews.com\/es\/wp-json\/wp\/v2\/users\/6"}],"replies":[{"embeddable":true,"href":"https:\/\/ktfnews.com\/es\/wp-json\/wp\/v2\/comments?post=29603"}],"version-history":[{"count":2,"href":"https:\/\/ktfnews.com\/es\/wp-json\/wp\/v2\/posts\/29603\/revisions"}],"predecessor-version":[{"id":29621,"href":"https:\/\/ktfnews.com\/es\/wp-json\/wp\/v2\/posts\/29603\/revisions\/29621"}],"wp:featuredmedia":[{"embeddable":true,"href":"https:\/\/ktfnews.com\/es\/wp-json\/wp\/v2\/media\/29604"}],"wp:attachment":[{"href":"https:\/\/ktfnews.com\/es\/wp-json\/wp\/v2\/media?parent=29603"}],"wp:term":[{"taxonomy":"category","embeddable":true,"href":"https:\/\/ktfnews.com\/es\/wp-json\/wp\/v2\/categories?post=29603"},{"taxonomy":"post_tag","embeddable":true,"href":"https:\/\/ktfnews.com\/es\/wp-json\/wp\/v2\/tags?post=29603"}],"curies":[{"name":"wp","href":"https:\/\/api.w.org\/{rel}","templated":true}]}}