{"id":29451,"date":"2024-03-28T07:30:24","date_gmt":"2024-03-28T11:30:24","guid":{"rendered":"https:\/\/ktfnews.com\/?p=29451"},"modified":"2024-03-28T23:20:42","modified_gmt":"2024-03-29T03:20:42","slug":"brazilian-heatwave-leaves-rio-sweltering-in-62c","status":"publish","type":"post","link":"https:\/\/ktfnews.com\/es\/brazilian-heatwave-leaves-rio-sweltering-in-62c\/","title":{"rendered":"Ola de calor en Brasil: 62\u00baC en R\u00edo de Janeiro"},"content":{"rendered":"<p><i>METRO<\/i>, por Hiyah Zaidi: El aumento de la humedad en Brasil ha elevado el \u00edndice de calor a unos abrasadores 62,3\u00baC en la capital, R\u00edo de Janeiro.<\/p>\n<p>Las sofocantes temperaturas han sido calificadas como la \u00abmarca m\u00e1s alta\u00bb desde que Alerta Rio, el sistema de alerta de R\u00edo, comenz\u00f3 a llevar registros en 2014.<\/p>\n<p>El \u00edndice de calor mide la sensaci\u00f3n t\u00e9rmica teniendo en cuenta la humedad; la temperatura m\u00e1xima real en la ciudad fue de 42\u00baC.<\/p>\n<p>Estas altas temperaturas han puesto al pa\u00eds en alerta m\u00e1xima por los riesgos para la salud relacionados con el calor.<\/p>\n<p>El domingo se registr\u00f3 una m\u00e1xima de 62,3 \u00baC en el oeste de R\u00edo a las 9.55 hora local (12.55 GMT), mientras la gente acud\u00eda en masa a las playas de Ipanema y Copacabana.<\/p>\n<p>Las autoridades han difundido consejos para hacer frente al calor.<\/p>\n<p>El nuevo r\u00e9cord bate la anterior marca de 59,7\u00baC, establecida hace s\u00f3lo unos meses, en noviembre.<\/p>\n<p>Eduardo Alves de Castro, ba\u00f1ista, declar\u00f3: \u00abEs preocupante porque nos preguntamos hasta d\u00f3nde llegar\u00e1 esto, hacia d\u00f3nde se dirige.<\/p>\n<p>Estamos en un lugar muy privilegiado, aqu\u00ed frente a la playa, el agua, te refrescas, pero hay gente en una situaci\u00f3n mucho menos favorable y que est\u00e1 mucho m\u00e1s impactada por esta ola de calor.<\/p>\n<p>\u201cPero lo preocupante es que esto no tiene fin\u00bb.<\/p>\n<p>Las fotos muestran las playas abarrotadas de gente que busca un respiro del sofocante calor, y algunos residentes han denunciado que no hay agua suficiente ni para beber ni para ba\u00f1arse mientras contin\u00faa la ola de calor.<\/p>\n<p>Guaratiba, un barrio del oeste de R\u00edo de Janeiro, es propenso a las altas temperaturas debido a su proximidad al oc\u00e9ano y a los vientos c\u00e1lidos del norte que azotan la zona.<\/p>\n<p>El clima extremo sigue asolando el pa\u00eds y se prev\u00e9 que contin\u00fae la pr\u00f3xima semana, seg\u00fan las autoridades.<\/p>\n<p>La agencia de informaci\u00f3n meteorol\u00f3gica MetSul advirti\u00f3: &#8216;La semana ser\u00e1 de muy alto riesgo en el centro-sur de Brasil debido a las intensas lluvias y tormentas.<\/p>\n<p>&#8216;El sistema m\u00e1s preocupante es un frente fr\u00edo muy intenso que llegar\u00e1 con lluvias torrenciales y posibles vendavales&#8217;.<\/p>\n<p>Nuestro comentario:<br \/>\n\u00bfPodr\u00eda ser esto un peque\u00f1o adelanto de lo que podr\u00eda ser durante la cuarta plaga? <\/p>\n<p>Conexi\u00f3n Prof\u00e9tica:<br \/>\n\u201cY el cuarto \u00e1ngel derram\u00f3 su copa sobre el sol, y le fue dado poder para abrasar a los hombres con fuego. Y los hombres se quemaron con gran calor, y blasfemaron el nombre de Dios, que tiene poder sobre estas plagas; y no se arrepintieron para darle gloria.\u00bb Apocalipsis 16:8, 9.<\/p>\n<hr \/>\n<h3>Source References<\/h3>\n<ul>\n<li>\n<h5><a href=\"https:\/\/metro.co.uk\/2024\/03\/19\/brazilian-heatwave-leaves-rio-sweltering-62c-20490655\/\" target=\"_blank\" rel=\"noopener\">Brazilian heatwave leaves Rio sweltering in 62C<\/a><\/h5>\n<\/li>\n<\/ul>\n<p><\/p>\n<!-- AddThis Advanced Settings generic via filter on the_content -->","protected":false},"excerpt":{"rendered":"<p>METRO, por Hiyah Zaidi: El aumento de la humedad en Brasil ha elevado el \u00edndice de calor a unos abrasadores 62,3\u00baC en la capital, R\u00edo de Janeiro. Las sofocantes temperaturas han sido calificadas como la \u00abmarca m\u00e1s alta\u00bb desde que&#8230;<!-- AddThis Advanced Settings generic via filter on wp_trim_excerpt --><\/p>\n","protected":false},"author":6,"featured_media":29452,"comment_status":"open","ping_status":"open","sticky":false,"template":"","format":"standard","meta":{"episode_type":"","audio_file":"","duration":"","filesize":"","date_recorded":"","explicit":"","block":"","filesize_raw":"","_FSMCFIC_featured_image_caption":"Image: edward stojakovic from flickr.com","_FSMCFIC_featured_image_nocaption":null,"_FSMCFIC_featured_image_hide":null,"_links_to":"","_links_to_target":""},"categories":[722,32],"tags":[113,2558],"featured_image_urls":{"medium":"https:\/\/ktfnews.com\/wp-content\/uploads\/2024\/03\/Brazil-heat-1280-774-300x181.jpg","large":"https:\/\/ktfnews.com\/wp-content\/uploads\/2024\/03\/Brazil-heat-1280-774-1024x619.jpg","thumbnail":"https:\/\/ktfnews.com\/wp-content\/uploads\/2024\/03\/Brazil-heat-1280-774-150x150.jpg","medium_large":"https:\/\/ktfnews.com\/wp-content\/uploads\/2024\/03\/Brazil-heat-1280-774-768x464.jpg","team-small":"https:\/\/ktfnews.com\/wp-content\/uploads\/2024\/03\/Brazil-heat-1280-774-138x162.jpg","team-overview":"https:\/\/ktfnews.com\/wp-content\/uploads\/2024\/03\/Brazil-heat-1280-774-200x279.jpg","team-big":"https:\/\/ktfnews.com\/wp-content\/uploads\/2024\/03\/Brazil-heat-1280-774-540x270.jpg","two-columns":"https:\/\/ktfnews.com\/wp-content\/uploads\/2024\/03\/Brazil-heat-1280-774-379x242.jpg","one-column":"https:\/\/ktfnews.com\/wp-content\/uploads\/2024\/03\/Brazil-heat-1280-774-379x242.jpg","mini-square":"https:\/\/ktfnews.com\/wp-content\/uploads\/2024\/03\/Brazil-heat-1280-774-70x70.jpg","portfolio-widget-mainpage":"https:\/\/ktfnews.com\/wp-content\/uploads\/2024\/03\/Brazil-heat-1280-774-335x195.jpg","portfolio-single-ajax":"https:\/\/ktfnews.com\/wp-content\/uploads\/2024\/03\/Brazil-heat-1280-774-670x280.jpg","portfolio-single-big":"https:\/\/ktfnews.com\/wp-content\/uploads\/2024\/03\/Brazil-heat-1280-774-685x480.jpg","portfolio-single-small":"https:\/\/ktfnews.com\/wp-content\/uploads\/2024\/03\/Brazil-heat-1280-774-685x280.jpg","portfolio-single-full-big":"https:\/\/ktfnews.com\/wp-content\/uploads\/2024\/03\/Brazil-heat-1280-774-960x590.jpg","portfolio-single-full-small":"https:\/\/ktfnews.com\/wp-content\/uploads\/2024\/03\/Brazil-heat-1280-774-960x250.jpg","gallery-post":"https:\/\/ktfnews.com\/wp-content\/uploads\/2024\/03\/Brazil-heat-1280-774-182x126.jpg","gallery-post-smaller":"https:\/\/ktfnews.com\/wp-content\/uploads\/2024\/03\/Brazil-heat-1280-774-158x100.jpg","gallery-standard":"https:\/\/ktfnews.com\/wp-content\/uploads\/2024\/03\/Brazil-heat-1280-774-257x169.jpg","tooltip-preview":"https:\/\/ktfnews.com\/wp-content\/uploads\/2024\/03\/Brazil-heat-1280-774-227x133.jpg","widget-content-slider":"https:\/\/ktfnews.com\/wp-content\/uploads\/2024\/03\/Brazil-heat-1280-774-230x137.jpg","post-top-articles":"https:\/\/ktfnews.com\/wp-content\/uploads\/2024\/03\/Brazil-heat-1280-774-130x100.jpg","post-single-wide":"https:\/\/ktfnews.com\/wp-content\/uploads\/2024\/03\/Brazil-heat-1280-774-595x360.jpg","post-single-wide-nocrop":"https:\/\/ktfnews.com\/wp-content\/uploads\/2024\/03\/Brazil-heat-1280-774-595x360.jpg","post-single-wide-mobile":"https:\/\/ktfnews.com\/wp-content\/uploads\/2024\/03\/Brazil-heat-1280-774-320x190.jpg","post-single-wide-small":"https:\/\/ktfnews.com\/wp-content\/uploads\/2024\/03\/Brazil-heat-1280-774-595x190.jpg","post-single-square":"https:\/\/ktfnews.com\/wp-content\/uploads\/2024\/03\/Brazil-heat-1280-774-120x120.jpg","post-single-full-small":"https:\/\/ktfnews.com\/wp-content\/uploads\/2024\/03\/Brazil-heat-1280-774-950x360.jpg","post-single-full-big":"https:\/\/ktfnews.com\/wp-content\/uploads\/2024\/03\/Brazil-heat-1280-774-950x590.jpg","photo-blog":"https:\/\/ktfnews.com\/wp-content\/uploads\/2024\/03\/Brazil-heat-1280-774-768x464.jpg"},"appp_media":null,"yoast_head":"<!-- This site is optimized with the Yoast SEO plugin v17.3 - https:\/\/yoast.com\/wordpress\/plugins\/seo\/ -->\n<meta name=\"robots\" content=\"index, follow, max-snippet:-1, max-image-preview:large, max-video-preview:-1\" \/>\n<link rel=\"canonical\" href=\"https:\/\/ktfnews.com\/brazilian-heatwave-leaves-rio-sweltering-in-62c\/\" \/>\n<meta property=\"og:locale\" content=\"es_ES\" \/>\n<meta property=\"og:type\" content=\"article\" \/>\n<meta property=\"og:title\" content=\"[:en]Brazilian heatwave leaves Rio sweltering in 62C[:es]Ola de calor en Brasil: 62\u00baC en R\u00edo de Janeiro[:] - KEEP the FAITH\" \/>\n<meta property=\"og:description\" content=\"METRO, por Hiyah Zaidi: El aumento de la humedad en Brasil ha elevado el \u00edndice de calor a unos abrasadores 62,3\u00baC en la capital, R\u00edo de Janeiro. Las sofocantes temperaturas han sido calificadas como la \u00abmarca m\u00e1s alta\u00bb desde que...\" \/>\n<meta property=\"og:url\" content=\"https:\/\/ktfnews.com\/brazilian-heatwave-leaves-rio-sweltering-in-62c\/\" \/>\n<meta property=\"og:site_name\" content=\"KEEP the FAITH\" \/>\n<meta property=\"article:publisher\" content=\"https:\/\/www.facebook.com\/ktfministry\" \/>\n<meta property=\"article:published_time\" content=\"2024-03-28T11:30:24+00:00\" \/>\n<meta property=\"article:modified_time\" content=\"2024-03-29T03:20:42+00:00\" \/>\n<meta property=\"og:image\" content=\"https:\/\/ktfnews.com\/wp-content\/uploads\/2024\/03\/Brazil-heat-1280-774.jpg\" \/>\n\t<meta property=\"og:image:width\" content=\"1280\" \/>\n\t<meta property=\"og:image:height\" content=\"774\" \/>\n<meta name=\"twitter:card\" content=\"summary_large_image\" \/>\n<meta name=\"twitter:creator\" content=\"@ktfministry\" \/>\n<meta name=\"twitter:site\" content=\"@ktfministry\" \/>\n<meta name=\"twitter:label1\" content=\"Escrito por\" \/>\n\t<meta name=\"twitter:data1\" content=\"Pastor Hal Mayer\" \/>\n\t<meta name=\"twitter:label2\" content=\"Tiempo de lectura\" \/>\n\t<meta name=\"twitter:data2\" content=\"10 minutos\" \/>\n<script type=\"application\/ld+json\" class=\"yoast-schema-graph\">{\"@context\":\"https:\/\/schema.org\",\"@graph\":[{\"@type\":\"WebSite\",\"@id\":\"https:\/\/ktfnews.com\/#website\",\"url\":\"https:\/\/ktfnews.com\/\",\"name\":\"KEEP the FAITH\",\"description\":\"Preparing you for the final conflict between good and evil.\",\"potentialAction\":[{\"@type\":\"SearchAction\",\"target\":{\"@type\":\"EntryPoint\",\"urlTemplate\":\"https:\/\/ktfnews.com\/?s={search_term_string}\"},\"query-input\":\"required name=search_term_string\"}],\"inLanguage\":\"es\"},{\"@type\":\"ImageObject\",\"@id\":\"https:\/\/ktfnews.com\/brazilian-heatwave-leaves-rio-sweltering-in-62c\/#primaryimage\",\"inLanguage\":\"es\",\"url\":\"https:\/\/ktfnews.com\/wp-content\/uploads\/2024\/03\/Brazil-heat-1280-774.jpg\",\"contentUrl\":\"https:\/\/ktfnews.com\/wp-content\/uploads\/2024\/03\/Brazil-heat-1280-774.jpg\",\"width\":1280,\"height\":774},{\"@type\":\"WebPage\",\"@id\":\"https:\/\/ktfnews.com\/brazilian-heatwave-leaves-rio-sweltering-in-62c\/#webpage\",\"url\":\"https:\/\/ktfnews.com\/brazilian-heatwave-leaves-rio-sweltering-in-62c\/\",\"name\":\"[:en]Brazilian heatwave leaves Rio sweltering in 62C[:es]Ola de calor en Brasil: 62\\u00baC en R\\u00edo de Janeiro[:] - KEEP the FAITH\",\"isPartOf\":{\"@id\":\"https:\/\/ktfnews.com\/#website\"},\"primaryImageOfPage\":{\"@id\":\"https:\/\/ktfnews.com\/brazilian-heatwave-leaves-rio-sweltering-in-62c\/#primaryimage\"},\"datePublished\":\"2024-03-28T11:30:24+00:00\",\"dateModified\":\"2024-03-29T03:20:42+00:00\",\"author\":{\"@id\":\"https:\/\/ktfnews.com\/#\/schema\/person\/ba4174513d9169cf8e229b7d8d60410d\"},\"breadcrumb\":{\"@id\":\"https:\/\/ktfnews.com\/brazilian-heatwave-leaves-rio-sweltering-in-62c\/#breadcrumb\"},\"inLanguage\":\"es\",\"potentialAction\":[{\"@type\":\"ReadAction\",\"target\":[\"https:\/\/ktfnews.com\/brazilian-heatwave-leaves-rio-sweltering-in-62c\/\"]}]},{\"@type\":\"BreadcrumbList\",\"@id\":\"https:\/\/ktfnews.com\/brazilian-heatwave-leaves-rio-sweltering-in-62c\/#breadcrumb\",\"itemListElement\":[{\"@type\":\"ListItem\",\"position\":1,\"name\":\"Home\",\"item\":\"https:\/\/ktfnews.com\/\"},{\"@type\":\"ListItem\",\"position\":2,\"name\":\"Briefings\",\"item\":\"https:\/\/ktfnews.com\/category\/briefings\/\"},{\"@type\":\"ListItem\",\"position\":3,\"name\":\"Prophetic Intelligence Briefings\",\"item\":\"https:\/\/ktfnews.com\/category\/briefings\/news\/\"},{\"@type\":\"ListItem\",\"position\":4,\"name\":\"Brazilian heatwave leaves Rio sweltering in 62C\"}]},{\"@type\":\"Person\",\"@id\":\"https:\/\/ktfnews.com\/#\/schema\/person\/ba4174513d9169cf8e229b7d8d60410d\",\"name\":\"Pastor Hal Mayer\",\"image\":{\"@type\":\"ImageObject\",\"@id\":\"https:\/\/ktfnews.com\/#personlogo\",\"inLanguage\":\"es\",\"url\":\"https:\/\/secure.gravatar.com\/avatar\/051bac95ae650254c5a03467b9456599?s=96&d=mm&r=g\",\"contentUrl\":\"https:\/\/secure.gravatar.com\/avatar\/051bac95ae650254c5a03467b9456599?s=96&d=mm&r=g\",\"caption\":\"Pastor Hal Mayer\"},\"description\":\"Pastor Hal Mayer is speaker and director of Keep the Faith Ministry. For the last 20 years Pastor Mayer\\u2019s monthly prophetic analysis on CD and online has revealed the striking evidence of fulfilling prophecy to many thousands of subscribers all over the world. Pastor Mayer\\u2019s background in history and Bible prophecy give him unique insights and perspectives that have blessed many and helped them make a deeper commitment to the Lord. Keep the Faith Ministry helps those who want to keep abreast of fulfilling prophecy and who want to understand and navigate the unique and difficult circumstances of the end-times. Keep the Faith Ministry helps to prepare you for the second coming of Christ. Pastor Mayer is married to Betsy for more than 40 years. They have no children of their own. \\u201cThe times in which we live are thrilling, because the things prophesied in God\\u2019s word are actually coming to pass in this generation,\\u201d says Pastor Mayer. \\u201cIn a time when the distinctive end-time truths of God\\u2019s word are being censored, and life in this world is becoming more and more chaotic, Keep the Faith is a voice of strength and encouragement.\\u201d\",\"url\":\"https:\/\/ktfnews.com\/es\/author\/hal\/\"}]}<\/script>\n<!-- \/ Yoast SEO plugin. -->","yoast_head_json":{"robots":{"index":"index","follow":"follow","max-snippet":"max-snippet:-1","max-image-preview":"max-image-preview:large","max-video-preview":"max-video-preview:-1"},"canonical":"https:\/\/ktfnews.com\/brazilian-heatwave-leaves-rio-sweltering-in-62c\/","og_locale":"es_ES","og_type":"article","og_title":"[:en]Brazilian heatwave leaves Rio sweltering in 62C[:es]Ola de calor en Brasil: 62\u00baC en R\u00edo de Janeiro[:] - KEEP the FAITH","og_description":"METRO, por Hiyah Zaidi: El aumento de la humedad en Brasil ha elevado el \u00edndice de calor a unos abrasadores 62,3\u00baC en la capital, R\u00edo de Janeiro. Las sofocantes temperaturas han sido calificadas como la \u00abmarca m\u00e1s alta\u00bb desde que...","og_url":"https:\/\/ktfnews.com\/brazilian-heatwave-leaves-rio-sweltering-in-62c\/","og_site_name":"KEEP the FAITH","article_publisher":"https:\/\/www.facebook.com\/ktfministry","article_published_time":"2024-03-28T11:30:24+00:00","article_modified_time":"2024-03-29T03:20:42+00:00","og_image":[{"width":1280,"height":774,"url":"https:\/\/ktfnews.com\/wp-content\/uploads\/2024\/03\/Brazil-heat-1280-774.jpg","type":"image\/jpeg"}],"twitter_card":"summary_large_image","twitter_creator":"@ktfministry","twitter_site":"@ktfministry","twitter_misc":{"Escrito por":"Pastor Hal Mayer","Tiempo de lectura":"10 minutos"},"schema":{"@context":"https:\/\/schema.org","@graph":[{"@type":"WebSite","@id":"https:\/\/ktfnews.com\/#website","url":"https:\/\/ktfnews.com\/","name":"KEEP the FAITH","description":"Preparing you for the final conflict between good and evil.","potentialAction":[{"@type":"SearchAction","target":{"@type":"EntryPoint","urlTemplate":"https:\/\/ktfnews.com\/?s={search_term_string}"},"query-input":"required name=search_term_string"}],"inLanguage":"es"},{"@type":"ImageObject","@id":"https:\/\/ktfnews.com\/brazilian-heatwave-leaves-rio-sweltering-in-62c\/#primaryimage","inLanguage":"es","url":"https:\/\/ktfnews.com\/wp-content\/uploads\/2024\/03\/Brazil-heat-1280-774.jpg","contentUrl":"https:\/\/ktfnews.com\/wp-content\/uploads\/2024\/03\/Brazil-heat-1280-774.jpg","width":1280,"height":774},{"@type":"WebPage","@id":"https:\/\/ktfnews.com\/brazilian-heatwave-leaves-rio-sweltering-in-62c\/#webpage","url":"https:\/\/ktfnews.com\/brazilian-heatwave-leaves-rio-sweltering-in-62c\/","name":"[:en]Brazilian heatwave leaves Rio sweltering in 62C[:es]Ola de calor en Brasil: 62\u00baC en R\u00edo de Janeiro[:] - KEEP the FAITH","isPartOf":{"@id":"https:\/\/ktfnews.com\/#website"},"primaryImageOfPage":{"@id":"https:\/\/ktfnews.com\/brazilian-heatwave-leaves-rio-sweltering-in-62c\/#primaryimage"},"datePublished":"2024-03-28T11:30:24+00:00","dateModified":"2024-03-29T03:20:42+00:00","author":{"@id":"https:\/\/ktfnews.com\/#\/schema\/person\/ba4174513d9169cf8e229b7d8d60410d"},"breadcrumb":{"@id":"https:\/\/ktfnews.com\/brazilian-heatwave-leaves-rio-sweltering-in-62c\/#breadcrumb"},"inLanguage":"es","potentialAction":[{"@type":"ReadAction","target":["https:\/\/ktfnews.com\/brazilian-heatwave-leaves-rio-sweltering-in-62c\/"]}]},{"@type":"BreadcrumbList","@id":"https:\/\/ktfnews.com\/brazilian-heatwave-leaves-rio-sweltering-in-62c\/#breadcrumb","itemListElement":[{"@type":"ListItem","position":1,"name":"Home","item":"https:\/\/ktfnews.com\/"},{"@type":"ListItem","position":2,"name":"Briefings","item":"https:\/\/ktfnews.com\/category\/briefings\/"},{"@type":"ListItem","position":3,"name":"Prophetic Intelligence Briefings","item":"https:\/\/ktfnews.com\/category\/briefings\/news\/"},{"@type":"ListItem","position":4,"name":"Brazilian heatwave leaves Rio sweltering in 62C"}]},{"@type":"Person","@id":"https:\/\/ktfnews.com\/#\/schema\/person\/ba4174513d9169cf8e229b7d8d60410d","name":"Pastor Hal Mayer","image":{"@type":"ImageObject","@id":"https:\/\/ktfnews.com\/#personlogo","inLanguage":"es","url":"https:\/\/secure.gravatar.com\/avatar\/051bac95ae650254c5a03467b9456599?s=96&d=mm&r=g","contentUrl":"https:\/\/secure.gravatar.com\/avatar\/051bac95ae650254c5a03467b9456599?s=96&d=mm&r=g","caption":"Pastor Hal Mayer"},"description":"Pastor Hal Mayer is speaker and director of Keep the Faith Ministry. For the last 20 years Pastor Mayer\u2019s monthly prophetic analysis on CD and online has revealed the striking evidence of fulfilling prophecy to many thousands of subscribers all over the world. Pastor Mayer\u2019s background in history and Bible prophecy give him unique insights and perspectives that have blessed many and helped them make a deeper commitment to the Lord. Keep the Faith Ministry helps those who want to keep abreast of fulfilling prophecy and who want to understand and navigate the unique and difficult circumstances of the end-times. Keep the Faith Ministry helps to prepare you for the second coming of Christ. Pastor Mayer is married to Betsy for more than 40 years. They have no children of their own. \u201cThe times in which we live are thrilling, because the things prophesied in God\u2019s word are actually coming to pass in this generation,\u201d says Pastor Mayer. \u201cIn a time when the distinctive end-time truths of God\u2019s word are being censored, and life in this world is becoming more and more chaotic, Keep the Faith is a voice of strength and encouragement.\u201d","url":"https:\/\/ktfnews.com\/es\/author\/hal\/"}]}},"_links":{"self":[{"href":"https:\/\/ktfnews.com\/es\/wp-json\/wp\/v2\/posts\/29451"}],"collection":[{"href":"https:\/\/ktfnews.com\/es\/wp-json\/wp\/v2\/posts"}],"about":[{"href":"https:\/\/ktfnews.com\/es\/wp-json\/wp\/v2\/types\/post"}],"author":[{"embeddable":true,"href":"https:\/\/ktfnews.com\/es\/wp-json\/wp\/v2\/users\/6"}],"replies":[{"embeddable":true,"href":"https:\/\/ktfnews.com\/es\/wp-json\/wp\/v2\/comments?post=29451"}],"version-history":[{"count":2,"href":"https:\/\/ktfnews.com\/es\/wp-json\/wp\/v2\/posts\/29451\/revisions"}],"predecessor-version":[{"id":29459,"href":"https:\/\/ktfnews.com\/es\/wp-json\/wp\/v2\/posts\/29451\/revisions\/29459"}],"wp:featuredmedia":[{"embeddable":true,"href":"https:\/\/ktfnews.com\/es\/wp-json\/wp\/v2\/media\/29452"}],"wp:attachment":[{"href":"https:\/\/ktfnews.com\/es\/wp-json\/wp\/v2\/media?parent=29451"}],"wp:term":[{"taxonomy":"category","embeddable":true,"href":"https:\/\/ktfnews.com\/es\/wp-json\/wp\/v2\/categories?post=29451"},{"taxonomy":"post_tag","embeddable":true,"href":"https:\/\/ktfnews.com\/es\/wp-json\/wp\/v2\/tags?post=29451"}],"curies":[{"name":"wp","href":"https:\/\/api.w.org\/{rel}","templated":true}]}}