{"id":29370,"date":"2024-03-14T07:30:47","date_gmt":"2024-03-14T11:30:47","guid":{"rendered":"https:\/\/ktfnews.com\/?p=29370"},"modified":"2024-03-27T17:24:25","modified_gmt":"2024-03-27T21:24:25","slug":"north-korea-leader-kim-jong-un-orders-heightened-war-preparations-kcna-says","status":"publish","type":"post","link":"https:\/\/ktfnews.com\/es\/north-korea-leader-kim-jong-un-orders-heightened-war-preparations-kcna-says\/","title":{"rendered":"El l\u00edder norcoreano Kim Jong Un ordena aumentar los preparativos de guerra, seg\u00fan la KCNA"},"content":{"rendered":"<p><i>El Jerusalem Post<\/i>: El l\u00edder de Corea del Norte, Kim Jong Un, inspeccion\u00f3 el mi\u00e9rcoles el entrenamiento sobre el terreno de las tropas en una importante base de operaciones militares en la regi\u00f3n occidental del pa\u00eds y orden\u00f3 aumentar la preparaci\u00f3n para la guerra, inform\u00f3 el jueves la Agencia Central de Noticias de Corea (KCNA).<\/p>\n<p>La visita a la base, cuya ubicaci\u00f3n no fue identificada, se produjo tras el inicio el lunes de los ejercicios militares combinados anuales de las fuerzas estadounidenses y surcoreanas en el Sur. Participaron el doble de tropas que el a\u00f1o pasado.<\/p>\n<p><strong>Kim Jong Un dijo a KCNA<\/strong><\/p>\n<p>Kim dijo que las fuerzas armadas deben \u00abiniciar din\u00e1micamente un nuevo apogeo de la intensificaci\u00f3n de los preparativos de guerra de acuerdo con los requisitos de la situaci\u00f3n imperante\u00bb, inform\u00f3 KCNA.<\/p>\n<p>\u00abNuestro ej\u00e9rcito debe [&#8230;] intensificar constantemente los ejercicios de guerra reales destinados a mejorar r\u00e1pidamente sus capacidades de combate para una perfecta preparaci\u00f3n para la guerra\u00bb, cit\u00f3 KCNA a Kim diciendo a las tropas.<\/p>\n<p>KCNA no mencion\u00f3 si Kim se refiri\u00f3 directamente a los ejercicios de los militares de EE.UU. y Corea del Sur. Dijo que inspeccion\u00f3 a las tropas que realizaban maniobras reales en condiciones que simulaban una guerra real.<\/p>\n<p>Conexi\u00f3n Prof\u00e9tica:<br \/>\n\u201cEl Esp\u00edritu de Dios contristado, se retira de la tierra. Las naciones est\u00e1n airadas unas contra otras. Se hacen inmensos preparativos para la guerra. La noche se acerca. Lev\u00e1ntese la iglesia para cumplirla tarea que le ha sido asignada.\u201d <i>Testimonios para la Iglesia<\/i>, vol. 9, p\u00e1g, 23.<\/p>\n<hr \/>\n<h3>Source References<\/h3>\n<ul>\n<li>\n<h5><a href=\"https:\/\/www.jpost.com\/breaking-news\/article-790632#google_vignette\" target=\"_blank\" rel=\"noopener\">North Korea leader Kim Jong Un orders heightened war preparations, KCNA says<\/a><\/h5>\n<\/li>\n<\/ul>\n<p><\/p>\n<!-- AddThis Advanced Settings generic via filter on the_content -->","protected":false},"excerpt":{"rendered":"<p>El Jerusalem Post: El l\u00edder de Corea del Norte, Kim Jong Un, inspeccion\u00f3 el mi\u00e9rcoles el entrenamiento sobre el terreno de las tropas en una importante base de operaciones militares en la regi\u00f3n occidental del pa\u00eds y orden\u00f3 aumentar la&#8230;<!-- AddThis Advanced Settings generic via filter on wp_trim_excerpt --><\/p>\n","protected":false},"author":6,"featured_media":29371,"comment_status":"open","ping_status":"open","sticky":false,"template":"","format":"standard","meta":{"episode_type":"","audio_file":"","duration":"","filesize":"","date_recorded":"","explicit":"","block":"","filesize_raw":"","_FSMCFIC_featured_image_caption":"Image: Kremlin.ru","_FSMCFIC_featured_image_nocaption":null,"_FSMCFIC_featured_image_hide":null,"_links_to":"","_links_to_target":""},"categories":[722,32],"tags":[1733,1231,71],"featured_image_urls":{"medium":"https:\/\/ktfnews.com\/wp-content\/uploads\/2024\/03\/kim-jong-un-speaking-1280-774-300x181.jpg","large":"https:\/\/ktfnews.com\/wp-content\/uploads\/2024\/03\/kim-jong-un-speaking-1280-774-1024x619.jpg","thumbnail":"https:\/\/ktfnews.com\/wp-content\/uploads\/2024\/03\/kim-jong-un-speaking-1280-774-150x150.jpg","medium_large":"https:\/\/ktfnews.com\/wp-content\/uploads\/2024\/03\/kim-jong-un-speaking-1280-774-768x464.jpg","team-small":"https:\/\/ktfnews.com\/wp-content\/uploads\/2024\/03\/kim-jong-un-speaking-1280-774-138x162.jpg","team-overview":"https:\/\/ktfnews.com\/wp-content\/uploads\/2024\/03\/kim-jong-un-speaking-1280-774-200x279.jpg","team-big":"https:\/\/ktfnews.com\/wp-content\/uploads\/2024\/03\/kim-jong-un-speaking-1280-774-540x270.jpg","two-columns":"https:\/\/ktfnews.com\/wp-content\/uploads\/2024\/03\/kim-jong-un-speaking-1280-774-379x242.jpg","one-column":"https:\/\/ktfnews.com\/wp-content\/uploads\/2024\/03\/kim-jong-un-speaking-1280-774-379x242.jpg","mini-square":"https:\/\/ktfnews.com\/wp-content\/uploads\/2024\/03\/kim-jong-un-speaking-1280-774-70x70.jpg","portfolio-widget-mainpage":"https:\/\/ktfnews.com\/wp-content\/uploads\/2024\/03\/kim-jong-un-speaking-1280-774-335x195.jpg","portfolio-single-ajax":"https:\/\/ktfnews.com\/wp-content\/uploads\/2024\/03\/kim-jong-un-speaking-1280-774-670x280.jpg","portfolio-single-big":"https:\/\/ktfnews.com\/wp-content\/uploads\/2024\/03\/kim-jong-un-speaking-1280-774-685x480.jpg","portfolio-single-small":"https:\/\/ktfnews.com\/wp-content\/uploads\/2024\/03\/kim-jong-un-speaking-1280-774-685x280.jpg","portfolio-single-full-big":"https:\/\/ktfnews.com\/wp-content\/uploads\/2024\/03\/kim-jong-un-speaking-1280-774-960x590.jpg","portfolio-single-full-small":"https:\/\/ktfnews.com\/wp-content\/uploads\/2024\/03\/kim-jong-un-speaking-1280-774-960x250.jpg","gallery-post":"https:\/\/ktfnews.com\/wp-content\/uploads\/2024\/03\/kim-jong-un-speaking-1280-774-182x126.jpg","gallery-post-smaller":"https:\/\/ktfnews.com\/wp-content\/uploads\/2024\/03\/kim-jong-un-speaking-1280-774-158x100.jpg","gallery-standard":"https:\/\/ktfnews.com\/wp-content\/uploads\/2024\/03\/kim-jong-un-speaking-1280-774-257x169.jpg","tooltip-preview":"https:\/\/ktfnews.com\/wp-content\/uploads\/2024\/03\/kim-jong-un-speaking-1280-774-227x133.jpg","widget-content-slider":"https:\/\/ktfnews.com\/wp-content\/uploads\/2024\/03\/kim-jong-un-speaking-1280-774-230x137.jpg","post-top-articles":"https:\/\/ktfnews.com\/wp-content\/uploads\/2024\/03\/kim-jong-un-speaking-1280-774-130x100.jpg","post-single-wide":"https:\/\/ktfnews.com\/wp-content\/uploads\/2024\/03\/kim-jong-un-speaking-1280-774-595x360.jpg","post-single-wide-nocrop":"https:\/\/ktfnews.com\/wp-content\/uploads\/2024\/03\/kim-jong-un-speaking-1280-774-595x360.jpg","post-single-wide-mobile":"https:\/\/ktfnews.com\/wp-content\/uploads\/2024\/03\/kim-jong-un-speaking-1280-774-320x190.jpg","post-single-wide-small":"https:\/\/ktfnews.com\/wp-content\/uploads\/2024\/03\/kim-jong-un-speaking-1280-774-595x190.jpg","post-single-square":"https:\/\/ktfnews.com\/wp-content\/uploads\/2024\/03\/kim-jong-un-speaking-1280-774-120x120.jpg","post-single-full-small":"https:\/\/ktfnews.com\/wp-content\/uploads\/2024\/03\/kim-jong-un-speaking-1280-774-950x360.jpg","post-single-full-big":"https:\/\/ktfnews.com\/wp-content\/uploads\/2024\/03\/kim-jong-un-speaking-1280-774-950x590.jpg","photo-blog":"https:\/\/ktfnews.com\/wp-content\/uploads\/2024\/03\/kim-jong-un-speaking-1280-774-768x464.jpg"},"appp_media":null,"yoast_head":"<!-- This site is optimized with the Yoast SEO plugin v17.3 - https:\/\/yoast.com\/wordpress\/plugins\/seo\/ -->\n<meta name=\"robots\" content=\"index, follow, max-snippet:-1, max-image-preview:large, max-video-preview:-1\" \/>\n<link rel=\"canonical\" href=\"https:\/\/ktfnews.com\/north-korea-leader-kim-jong-un-orders-heightened-war-preparations-kcna-says\/\" \/>\n<meta property=\"og:locale\" content=\"es_ES\" \/>\n<meta property=\"og:type\" content=\"article\" \/>\n<meta property=\"og:title\" content=\"[:en]North Korea leader Kim Jong Un orders heightened war preparations, KCNA says[:es]El l\u00edder norcoreano Kim Jong Un ordena aumentar los preparativos de guerra, seg\u00fan la KCNA[:] - KEEP the FAITH\" \/>\n<meta property=\"og:description\" content=\"El Jerusalem Post: El l\u00edder de Corea del Norte, Kim Jong Un, inspeccion\u00f3 el mi\u00e9rcoles el entrenamiento sobre el terreno de las tropas en una importante base de operaciones militares en la regi\u00f3n occidental del pa\u00eds y orden\u00f3 aumentar la...\" \/>\n<meta property=\"og:url\" content=\"https:\/\/ktfnews.com\/north-korea-leader-kim-jong-un-orders-heightened-war-preparations-kcna-says\/\" \/>\n<meta property=\"og:site_name\" content=\"KEEP the FAITH\" \/>\n<meta property=\"article:publisher\" content=\"https:\/\/www.facebook.com\/ktfministry\" \/>\n<meta property=\"article:published_time\" content=\"2024-03-14T11:30:47+00:00\" \/>\n<meta property=\"article:modified_time\" content=\"2024-03-27T21:24:25+00:00\" \/>\n<meta property=\"og:image\" content=\"https:\/\/ktfnews.com\/wp-content\/uploads\/2024\/03\/kim-jong-un-speaking-1280-774.jpg\" \/>\n\t<meta property=\"og:image:width\" content=\"1280\" \/>\n\t<meta property=\"og:image:height\" content=\"774\" \/>\n<meta name=\"twitter:card\" content=\"summary_large_image\" \/>\n<meta name=\"twitter:creator\" content=\"@ktfministry\" \/>\n<meta name=\"twitter:site\" content=\"@ktfministry\" \/>\n<meta name=\"twitter:label1\" content=\"Escrito por\" \/>\n\t<meta name=\"twitter:data1\" content=\"Pastor Hal Mayer\" \/>\n\t<meta name=\"twitter:label2\" content=\"Tiempo de lectura\" \/>\n\t<meta name=\"twitter:data2\" content=\"10 minutos\" \/>\n<script type=\"application\/ld+json\" class=\"yoast-schema-graph\">{\"@context\":\"https:\/\/schema.org\",\"@graph\":[{\"@type\":\"WebSite\",\"@id\":\"https:\/\/ktfnews.com\/#website\",\"url\":\"https:\/\/ktfnews.com\/\",\"name\":\"KEEP the FAITH\",\"description\":\"Preparing you for the final conflict between good and evil.\",\"potentialAction\":[{\"@type\":\"SearchAction\",\"target\":{\"@type\":\"EntryPoint\",\"urlTemplate\":\"https:\/\/ktfnews.com\/?s={search_term_string}\"},\"query-input\":\"required name=search_term_string\"}],\"inLanguage\":\"es\"},{\"@type\":\"ImageObject\",\"@id\":\"https:\/\/ktfnews.com\/north-korea-leader-kim-jong-un-orders-heightened-war-preparations-kcna-says\/#primaryimage\",\"inLanguage\":\"es\",\"url\":\"https:\/\/ktfnews.com\/wp-content\/uploads\/2024\/03\/kim-jong-un-speaking-1280-774.jpg\",\"contentUrl\":\"https:\/\/ktfnews.com\/wp-content\/uploads\/2024\/03\/kim-jong-un-speaking-1280-774.jpg\",\"width\":1280,\"height\":774},{\"@type\":\"WebPage\",\"@id\":\"https:\/\/ktfnews.com\/north-korea-leader-kim-jong-un-orders-heightened-war-preparations-kcna-says\/#webpage\",\"url\":\"https:\/\/ktfnews.com\/north-korea-leader-kim-jong-un-orders-heightened-war-preparations-kcna-says\/\",\"name\":\"[:en]North Korea leader Kim Jong Un orders heightened war preparations, KCNA says[:es]El l\\u00edder norcoreano Kim Jong Un ordena aumentar los preparativos de guerra, seg\\u00fan la KCNA[:] - KEEP the FAITH\",\"isPartOf\":{\"@id\":\"https:\/\/ktfnews.com\/#website\"},\"primaryImageOfPage\":{\"@id\":\"https:\/\/ktfnews.com\/north-korea-leader-kim-jong-un-orders-heightened-war-preparations-kcna-says\/#primaryimage\"},\"datePublished\":\"2024-03-14T11:30:47+00:00\",\"dateModified\":\"2024-03-27T21:24:25+00:00\",\"author\":{\"@id\":\"https:\/\/ktfnews.com\/#\/schema\/person\/ba4174513d9169cf8e229b7d8d60410d\"},\"breadcrumb\":{\"@id\":\"https:\/\/ktfnews.com\/north-korea-leader-kim-jong-un-orders-heightened-war-preparations-kcna-says\/#breadcrumb\"},\"inLanguage\":\"es\",\"potentialAction\":[{\"@type\":\"ReadAction\",\"target\":[\"https:\/\/ktfnews.com\/north-korea-leader-kim-jong-un-orders-heightened-war-preparations-kcna-says\/\"]}]},{\"@type\":\"BreadcrumbList\",\"@id\":\"https:\/\/ktfnews.com\/north-korea-leader-kim-jong-un-orders-heightened-war-preparations-kcna-says\/#breadcrumb\",\"itemListElement\":[{\"@type\":\"ListItem\",\"position\":1,\"name\":\"Home\",\"item\":\"https:\/\/ktfnews.com\/\"},{\"@type\":\"ListItem\",\"position\":2,\"name\":\"Briefings\",\"item\":\"https:\/\/ktfnews.com\/category\/briefings\/\"},{\"@type\":\"ListItem\",\"position\":3,\"name\":\"Prophetic Intelligence Briefings\",\"item\":\"https:\/\/ktfnews.com\/category\/briefings\/news\/\"},{\"@type\":\"ListItem\",\"position\":4,\"name\":\"North Korea leader Kim Jong Un orders heightened war preparations, KCNA says\"}]},{\"@type\":\"Person\",\"@id\":\"https:\/\/ktfnews.com\/#\/schema\/person\/ba4174513d9169cf8e229b7d8d60410d\",\"name\":\"Pastor Hal Mayer\",\"image\":{\"@type\":\"ImageObject\",\"@id\":\"https:\/\/ktfnews.com\/#personlogo\",\"inLanguage\":\"es\",\"url\":\"https:\/\/secure.gravatar.com\/avatar\/051bac95ae650254c5a03467b9456599?s=96&d=mm&r=g\",\"contentUrl\":\"https:\/\/secure.gravatar.com\/avatar\/051bac95ae650254c5a03467b9456599?s=96&d=mm&r=g\",\"caption\":\"Pastor Hal Mayer\"},\"description\":\"Pastor Hal Mayer is speaker and director of Keep the Faith Ministry. For the last 20 years Pastor Mayer\\u2019s monthly prophetic analysis on CD and online has revealed the striking evidence of fulfilling prophecy to many thousands of subscribers all over the world. Pastor Mayer\\u2019s background in history and Bible prophecy give him unique insights and perspectives that have blessed many and helped them make a deeper commitment to the Lord. Keep the Faith Ministry helps those who want to keep abreast of fulfilling prophecy and who want to understand and navigate the unique and difficult circumstances of the end-times. Keep the Faith Ministry helps to prepare you for the second coming of Christ. Pastor Mayer is married to Betsy for more than 40 years. They have no children of their own. \\u201cThe times in which we live are thrilling, because the things prophesied in God\\u2019s word are actually coming to pass in this generation,\\u201d says Pastor Mayer. \\u201cIn a time when the distinctive end-time truths of God\\u2019s word are being censored, and life in this world is becoming more and more chaotic, Keep the Faith is a voice of strength and encouragement.\\u201d\",\"url\":\"https:\/\/ktfnews.com\/es\/author\/hal\/\"}]}<\/script>\n<!-- \/ Yoast SEO plugin. -->","yoast_head_json":{"robots":{"index":"index","follow":"follow","max-snippet":"max-snippet:-1","max-image-preview":"max-image-preview:large","max-video-preview":"max-video-preview:-1"},"canonical":"https:\/\/ktfnews.com\/north-korea-leader-kim-jong-un-orders-heightened-war-preparations-kcna-says\/","og_locale":"es_ES","og_type":"article","og_title":"[:en]North Korea leader Kim Jong Un orders heightened war preparations, KCNA says[:es]El l\u00edder norcoreano Kim Jong Un ordena aumentar los preparativos de guerra, seg\u00fan la KCNA[:] - KEEP the FAITH","og_description":"El Jerusalem Post: El l\u00edder de Corea del Norte, Kim Jong Un, inspeccion\u00f3 el mi\u00e9rcoles el entrenamiento sobre el terreno de las tropas en una importante base de operaciones militares en la regi\u00f3n occidental del pa\u00eds y orden\u00f3 aumentar la...","og_url":"https:\/\/ktfnews.com\/north-korea-leader-kim-jong-un-orders-heightened-war-preparations-kcna-says\/","og_site_name":"KEEP the FAITH","article_publisher":"https:\/\/www.facebook.com\/ktfministry","article_published_time":"2024-03-14T11:30:47+00:00","article_modified_time":"2024-03-27T21:24:25+00:00","og_image":[{"width":1280,"height":774,"url":"https:\/\/ktfnews.com\/wp-content\/uploads\/2024\/03\/kim-jong-un-speaking-1280-774.jpg","type":"image\/jpeg"}],"twitter_card":"summary_large_image","twitter_creator":"@ktfministry","twitter_site":"@ktfministry","twitter_misc":{"Escrito por":"Pastor Hal Mayer","Tiempo de lectura":"10 minutos"},"schema":{"@context":"https:\/\/schema.org","@graph":[{"@type":"WebSite","@id":"https:\/\/ktfnews.com\/#website","url":"https:\/\/ktfnews.com\/","name":"KEEP the FAITH","description":"Preparing you for the final conflict between good and evil.","potentialAction":[{"@type":"SearchAction","target":{"@type":"EntryPoint","urlTemplate":"https:\/\/ktfnews.com\/?s={search_term_string}"},"query-input":"required name=search_term_string"}],"inLanguage":"es"},{"@type":"ImageObject","@id":"https:\/\/ktfnews.com\/north-korea-leader-kim-jong-un-orders-heightened-war-preparations-kcna-says\/#primaryimage","inLanguage":"es","url":"https:\/\/ktfnews.com\/wp-content\/uploads\/2024\/03\/kim-jong-un-speaking-1280-774.jpg","contentUrl":"https:\/\/ktfnews.com\/wp-content\/uploads\/2024\/03\/kim-jong-un-speaking-1280-774.jpg","width":1280,"height":774},{"@type":"WebPage","@id":"https:\/\/ktfnews.com\/north-korea-leader-kim-jong-un-orders-heightened-war-preparations-kcna-says\/#webpage","url":"https:\/\/ktfnews.com\/north-korea-leader-kim-jong-un-orders-heightened-war-preparations-kcna-says\/","name":"[:en]North Korea leader Kim Jong Un orders heightened war preparations, KCNA says[:es]El l\u00edder norcoreano Kim Jong Un ordena aumentar los preparativos de guerra, seg\u00fan la KCNA[:] - KEEP the FAITH","isPartOf":{"@id":"https:\/\/ktfnews.com\/#website"},"primaryImageOfPage":{"@id":"https:\/\/ktfnews.com\/north-korea-leader-kim-jong-un-orders-heightened-war-preparations-kcna-says\/#primaryimage"},"datePublished":"2024-03-14T11:30:47+00:00","dateModified":"2024-03-27T21:24:25+00:00","author":{"@id":"https:\/\/ktfnews.com\/#\/schema\/person\/ba4174513d9169cf8e229b7d8d60410d"},"breadcrumb":{"@id":"https:\/\/ktfnews.com\/north-korea-leader-kim-jong-un-orders-heightened-war-preparations-kcna-says\/#breadcrumb"},"inLanguage":"es","potentialAction":[{"@type":"ReadAction","target":["https:\/\/ktfnews.com\/north-korea-leader-kim-jong-un-orders-heightened-war-preparations-kcna-says\/"]}]},{"@type":"BreadcrumbList","@id":"https:\/\/ktfnews.com\/north-korea-leader-kim-jong-un-orders-heightened-war-preparations-kcna-says\/#breadcrumb","itemListElement":[{"@type":"ListItem","position":1,"name":"Home","item":"https:\/\/ktfnews.com\/"},{"@type":"ListItem","position":2,"name":"Briefings","item":"https:\/\/ktfnews.com\/category\/briefings\/"},{"@type":"ListItem","position":3,"name":"Prophetic Intelligence Briefings","item":"https:\/\/ktfnews.com\/category\/briefings\/news\/"},{"@type":"ListItem","position":4,"name":"North Korea leader Kim Jong Un orders heightened war preparations, KCNA says"}]},{"@type":"Person","@id":"https:\/\/ktfnews.com\/#\/schema\/person\/ba4174513d9169cf8e229b7d8d60410d","name":"Pastor Hal Mayer","image":{"@type":"ImageObject","@id":"https:\/\/ktfnews.com\/#personlogo","inLanguage":"es","url":"https:\/\/secure.gravatar.com\/avatar\/051bac95ae650254c5a03467b9456599?s=96&d=mm&r=g","contentUrl":"https:\/\/secure.gravatar.com\/avatar\/051bac95ae650254c5a03467b9456599?s=96&d=mm&r=g","caption":"Pastor Hal Mayer"},"description":"Pastor Hal Mayer is speaker and director of Keep the Faith Ministry. For the last 20 years Pastor Mayer\u2019s monthly prophetic analysis on CD and online has revealed the striking evidence of fulfilling prophecy to many thousands of subscribers all over the world. Pastor Mayer\u2019s background in history and Bible prophecy give him unique insights and perspectives that have blessed many and helped them make a deeper commitment to the Lord. Keep the Faith Ministry helps those who want to keep abreast of fulfilling prophecy and who want to understand and navigate the unique and difficult circumstances of the end-times. Keep the Faith Ministry helps to prepare you for the second coming of Christ. Pastor Mayer is married to Betsy for more than 40 years. They have no children of their own. \u201cThe times in which we live are thrilling, because the things prophesied in God\u2019s word are actually coming to pass in this generation,\u201d says Pastor Mayer. \u201cIn a time when the distinctive end-time truths of God\u2019s word are being censored, and life in this world is becoming more and more chaotic, Keep the Faith is a voice of strength and encouragement.\u201d","url":"https:\/\/ktfnews.com\/es\/author\/hal\/"}]}},"_links":{"self":[{"href":"https:\/\/ktfnews.com\/es\/wp-json\/wp\/v2\/posts\/29370"}],"collection":[{"href":"https:\/\/ktfnews.com\/es\/wp-json\/wp\/v2\/posts"}],"about":[{"href":"https:\/\/ktfnews.com\/es\/wp-json\/wp\/v2\/types\/post"}],"author":[{"embeddable":true,"href":"https:\/\/ktfnews.com\/es\/wp-json\/wp\/v2\/users\/6"}],"replies":[{"embeddable":true,"href":"https:\/\/ktfnews.com\/es\/wp-json\/wp\/v2\/comments?post=29370"}],"version-history":[{"count":2,"href":"https:\/\/ktfnews.com\/es\/wp-json\/wp\/v2\/posts\/29370\/revisions"}],"predecessor-version":[{"id":29449,"href":"https:\/\/ktfnews.com\/es\/wp-json\/wp\/v2\/posts\/29370\/revisions\/29449"}],"wp:featuredmedia":[{"embeddable":true,"href":"https:\/\/ktfnews.com\/es\/wp-json\/wp\/v2\/media\/29371"}],"wp:attachment":[{"href":"https:\/\/ktfnews.com\/es\/wp-json\/wp\/v2\/media?parent=29370"}],"wp:term":[{"taxonomy":"category","embeddable":true,"href":"https:\/\/ktfnews.com\/es\/wp-json\/wp\/v2\/categories?post=29370"},{"taxonomy":"post_tag","embeddable":true,"href":"https:\/\/ktfnews.com\/es\/wp-json\/wp\/v2\/tags?post=29370"}],"curies":[{"name":"wp","href":"https:\/\/api.w.org\/{rel}","templated":true}]}}