{"id":29356,"date":"2024-03-12T07:30:41","date_gmt":"2024-03-12T11:30:41","guid":{"rendered":"https:\/\/ktfnews.com\/?p=29356"},"modified":"2024-03-12T09:56:20","modified_gmt":"2024-03-12T13:56:20","slug":"brazil-urges-new-globalization-at-g20-meet-overshadowed-by-ukraine","status":"publish","type":"post","link":"https:\/\/ktfnews.com\/es\/brazil-urges-new-globalization-at-g20-meet-overshadowed-by-ukraine\/","title":{"rendered":"Brasil insta a una \u00abnueva globalizaci\u00f3n\u00bb en una reuni\u00f3n del G20 ensombrecida por Ucrania"},"content":{"rendered":"<p><i>Yahoo<\/i>, por Joshua Howat Berger: Brasil pidi\u00f3 una \u00abnueva globalizaci\u00f3n\u00bb para hacer frente a la pobreza y el cambio clim\u00e1tico en la reuni\u00f3n de ministros de Finanzas de las principales econom\u00edas del mundo celebrada el mi\u00e9rcoles, pero las guerras de Ucrania y Gaza corrieron el riesgo de eclipsar el llamamiento.<\/p>\n<p>\u00abEs hora de redefinir la globalizaci\u00f3n\u00bb, dijo el ministro brasile\u00f1o de Finanzas, Fernando Haddad, a sus hom\u00f3logos del Grupo de las 20 principales econom\u00edas, en la apertura de su primera reuni\u00f3n del a\u00f1o en Sao Paulo.<\/p>\n<p>\u00abTenemos que crear incentivos para garantizar que los flujos internacionales de capital ya no se decidan por el beneficio inmediato, sino por principios sociales y medioambientales\u00bb, dijo Haddad, que pronunci\u00f3 su discurso a distancia tras caer enfermo de Covid-19.<\/p>\n<p>La reuni\u00f3n, que sigue a otra de ministros de Asuntos Exteriores celebrada en R\u00edo de Janeiro la semana pasada, sentar\u00e1 las bases de pol\u00edtica econ\u00f3mica para la cumbre anual de l\u00edderes del G20, que se celebrar\u00e1 en R\u00edo en noviembre.<\/p>\n<p>Funcionarios brasile\u00f1os dijeron que estaban trabajando en una declaraci\u00f3n final compacta que se mantuviera alejada de temas divisivos como las guerras de Ucrania y Gaza.<\/p>\n<p>\u00abSabemos que el mundo atraviesa un momento geopol\u00edtico tenso\u00bb, declar\u00f3 el secretario ejecutivo del Ministerio de Hacienda, Dar\u00edo Durigan.<\/p>\n<p>Pero \u00abhay consenso en las cuestiones econ\u00f3micas\u00bb, dijo a los periodistas. \u00abEl mundo entero habla el mismo lenguaje econ\u00f3mico\u00bb.<\/p>\n<p><strong>&#8211; Gravar a los superricos &#8211;<\/strong><\/p>\n<p>El Presidente de Brasil, Luiz In\u00e1cio Lula da Silva, quiere aprovechar la presidencia rotatoria del G20 este a\u00f1o para impulsar cuestiones como la lucha contra la pobreza y el cambio clim\u00e1tico, reducir la aplastante carga de la deuda de las naciones de renta baja y dar m\u00e1s voz a los pa\u00edses en desarrollo en instituciones como Naciones Unidas.<\/p>\n<p>La Directora General del Fondo Monetario Internacional, Kristalina Georgieva, hizo un llamamiento en favor de una acci\u00f3n clim\u00e1tica m\u00e1s audaz, instando a los pa\u00edses a acelerar la reducci\u00f3n de las emisiones, poner fin a las subvenciones a los combustibles f\u00f3siles -que el a\u00f1o pasado se estimaron en 1,3 billones de d\u00f3lares en todo el mundo- y movilizar masivamente la financiaci\u00f3n para el clima.<\/p>\n<p>\u00abLa crisis clim\u00e1tica ya est\u00e1 sobre nosotros, y tenemos que admitir que hemos sido un poco lentos a la hora de abordarla\u00bb, declar\u00f3 en una mesa redonda al margen de la reuni\u00f3n.<\/p>\n<p>En la agenda tambi\u00e9n figura el aumento de los impuestos sobre las empresas y los superricos.<\/p>\n<p>\u00abTenemos que asegurarnos de que los multimillonarios del mundo paguen los impuestos que les corresponden\u00bb, afirm\u00f3 Haddad.<\/p>\n<p>El ministro franc\u00e9s de Finanzas, Bruno Le Maire, respald\u00f3 este llamamiento y declar\u00f3 a los periodistas que Par\u00eds est\u00e1 presionando para \u00abacelerar\u00bb las negociaciones internacionales sobre un impuesto m\u00ednimo para las grandes fortunas.<\/p>\n<p>Sin embargo, Durigan dijo que era poco probable que este asunto se incluyera en la declaraci\u00f3n final.<\/p>\n<p><strong>&#8211; El G7 se centra en los activos rusos &#8211;<\/strong><\/p>\n<p>Incluso antes de que comenzara la reuni\u00f3n, el conflicto de Ucrania ocup\u00f3 un lugar central.<\/p>\n<p>El Grupo de los Siete -Alemania, Canad\u00e1, Estados Unidos, Francia, Italia, Jap\u00f3n, Gran Breta\u00f1a y la Uni\u00f3n Europea- se reuni\u00f3 al margen de la reuni\u00f3n para debatir el apoyo de Occidente a Kiev.<\/p>\n<p>Seg\u00fan las autoridades, la reuni\u00f3n, a la que asisti\u00f3 a distancia el ministro de Finanzas ucraniano, Serhiy Marchenko, se centr\u00f3 en propuestas para embargar activos rusos congelados por Occidente por valor de unos 397.000 millones de d\u00f3lares.<\/p>\n<p>La Secretaria del Tesoro estadounidense, Janet Yellen, dijo el martes que el asunto era \u00aburgente\u00bb.<\/p>\n<p>Pero hubo divisiones entre los miembros del G7.<\/p>\n<p>\u00abQuiero ser muy clara: no tenemos ahora la base legal para incautar los activos rusos. Tenemos que seguir trabajando&#8230; El G7 debe actuar respetando el Estado de Derecho\u00bb, dijo el franc\u00e9s Le Maire.<\/p>\n<p>Ucrania ha advertido de que necesita urgentemente m\u00e1s ayuda militar y financiera, con un nuevo paquete estadounidense de 60.000 millones de d\u00f3lares estancado en el Congreso.<\/p>\n<p>La guerra de Gaza tambi\u00e9n fue un tema recurrente, entre temores de que la ofensiva israel\u00ed contra el grupo militante palestino Ham\u00e1s pueda derivar en una guerra m\u00e1s amplia, con efectos potencialmente catastr\u00f3ficos para la econom\u00eda mundial.<\/p>\n<p>Ambos conflictos podr\u00edan ensombrecer el intento de Brasil de utilizar el G20 para amplificar la voz del Sur global.<\/p>\n<p>\u00abEs un contexto global muy delicado en este momento\u00bb, dijo Julia Thomson, analista de Eurasia Group.<\/p>\n<p>\u00abLa agenda internacional probablemente obstaculizar\u00e1 en parte la capacidad de Brasil para avanzar en algunos de los temas m\u00e1s amplios\u00bb de su presidencia del G20, declar\u00f3 a la AFP.<\/p>\n<p>Fundado en 1999, el G20 representa m\u00e1s del 80% del producto interior bruto (PIB) mundial, tres cuartas partes del comercio mundial y dos tercios de la poblaci\u00f3n mundial.<\/p>\n<p>Cuenta con 21 miembros: 19 de las mayores econom\u00edas del mundo, m\u00e1s la UE y, participando como miembro por primera vez este a\u00f1o, la Uni\u00f3n Africana.<\/p>\n<p>Conexi\u00f3n Prof\u00e9tica:<br \/>\n\u201cY dijo Jehov\u00e1: He aqu\u00ed el pueblo es uno, y todos estos tienen un solo lenguaje; y han comenzado la obra, y nada les har\u00e1 desistir ahora de lo que han pensado hacer.\u201d G\u00e9nesis 11: 6.<\/p>\n<hr \/>\n<h3>Source References<\/h3>\n<ul>\n<li>\n<h5><a href=\"https:\/\/news.yahoo.com\/g20-finance-ministers-meet-world-013433301.html?guccounter=1\" target=\"_blank\" rel=\"noopener\">Brazil urges &#8216;new globalization&#8217; at G20 meet overshadowed by Ukraine<\/a><\/h5>\n<\/li>\n<\/ul>\n<p><\/p>\n<!-- AddThis Advanced Settings generic via filter on the_content -->","protected":false},"excerpt":{"rendered":"<p>Yahoo, por Joshua Howat Berger: Brasil pidi\u00f3 una \u00abnueva globalizaci\u00f3n\u00bb para hacer frente a la pobreza y el cambio clim\u00e1tico en la reuni\u00f3n de ministros de Finanzas de las principales econom\u00edas del mundo celebrada el mi\u00e9rcoles, pero las guerras de&#8230;<!-- AddThis Advanced Settings generic via filter on wp_trim_excerpt --><\/p>\n","protected":false},"author":6,"featured_media":29357,"comment_status":"open","ping_status":"open","sticky":false,"template":"","format":"standard","meta":{"episode_type":"","audio_file":"","duration":"","filesize":"","date_recorded":"","explicit":"","block":"","filesize_raw":"","_FSMCFIC_featured_image_caption":"Image: World Economic Forum \/ Boris Baldinger from flickr.com","_FSMCFIC_featured_image_nocaption":null,"_FSMCFIC_featured_image_hide":null,"_links_to":"","_links_to_target":""},"categories":[722,32],"tags":[113,1383,484],"featured_image_urls":{"medium":"https:\/\/ktfnews.com\/wp-content\/uploads\/2024\/03\/haddad-brazil-1280-774-300x181.jpg","large":"https:\/\/ktfnews.com\/wp-content\/uploads\/2024\/03\/haddad-brazil-1280-774-1024x619.jpg","thumbnail":"https:\/\/ktfnews.com\/wp-content\/uploads\/2024\/03\/haddad-brazil-1280-774-150x150.jpg","medium_large":"https:\/\/ktfnews.com\/wp-content\/uploads\/2024\/03\/haddad-brazil-1280-774-768x464.jpg","team-small":"https:\/\/ktfnews.com\/wp-content\/uploads\/2024\/03\/haddad-brazil-1280-774-138x162.jpg","team-overview":"https:\/\/ktfnews.com\/wp-content\/uploads\/2024\/03\/haddad-brazil-1280-774-200x279.jpg","team-big":"https:\/\/ktfnews.com\/wp-content\/uploads\/2024\/03\/haddad-brazil-1280-774-540x270.jpg","two-columns":"https:\/\/ktfnews.com\/wp-content\/uploads\/2024\/03\/haddad-brazil-1280-774-379x242.jpg","one-column":"https:\/\/ktfnews.com\/wp-content\/uploads\/2024\/03\/haddad-brazil-1280-774-379x242.jpg","mini-square":"https:\/\/ktfnews.com\/wp-content\/uploads\/2024\/03\/haddad-brazil-1280-774-70x70.jpg","portfolio-widget-mainpage":"https:\/\/ktfnews.com\/wp-content\/uploads\/2024\/03\/haddad-brazil-1280-774-335x195.jpg","portfolio-single-ajax":"https:\/\/ktfnews.com\/wp-content\/uploads\/2024\/03\/haddad-brazil-1280-774-670x280.jpg","portfolio-single-big":"https:\/\/ktfnews.com\/wp-content\/uploads\/2024\/03\/haddad-brazil-1280-774-685x480.jpg","portfolio-single-small":"https:\/\/ktfnews.com\/wp-content\/uploads\/2024\/03\/haddad-brazil-1280-774-685x280.jpg","portfolio-single-full-big":"https:\/\/ktfnews.com\/wp-content\/uploads\/2024\/03\/haddad-brazil-1280-774-960x590.jpg","portfolio-single-full-small":"https:\/\/ktfnews.com\/wp-content\/uploads\/2024\/03\/haddad-brazil-1280-774-960x250.jpg","gallery-post":"https:\/\/ktfnews.com\/wp-content\/uploads\/2024\/03\/haddad-brazil-1280-774-182x126.jpg","gallery-post-smaller":"https:\/\/ktfnews.com\/wp-content\/uploads\/2024\/03\/haddad-brazil-1280-774-158x100.jpg","gallery-standard":"https:\/\/ktfnews.com\/wp-content\/uploads\/2024\/03\/haddad-brazil-1280-774-257x169.jpg","tooltip-preview":"https:\/\/ktfnews.com\/wp-content\/uploads\/2024\/03\/haddad-brazil-1280-774-227x133.jpg","widget-content-slider":"https:\/\/ktfnews.com\/wp-content\/uploads\/2024\/03\/haddad-brazil-1280-774-230x137.jpg","post-top-articles":"https:\/\/ktfnews.com\/wp-content\/uploads\/2024\/03\/haddad-brazil-1280-774-130x100.jpg","post-single-wide":"https:\/\/ktfnews.com\/wp-content\/uploads\/2024\/03\/haddad-brazil-1280-774-595x360.jpg","post-single-wide-nocrop":"https:\/\/ktfnews.com\/wp-content\/uploads\/2024\/03\/haddad-brazil-1280-774-595x360.jpg","post-single-wide-mobile":"https:\/\/ktfnews.com\/wp-content\/uploads\/2024\/03\/haddad-brazil-1280-774-320x190.jpg","post-single-wide-small":"https:\/\/ktfnews.com\/wp-content\/uploads\/2024\/03\/haddad-brazil-1280-774-595x190.jpg","post-single-square":"https:\/\/ktfnews.com\/wp-content\/uploads\/2024\/03\/haddad-brazil-1280-774-120x120.jpg","post-single-full-small":"https:\/\/ktfnews.com\/wp-content\/uploads\/2024\/03\/haddad-brazil-1280-774-950x360.jpg","post-single-full-big":"https:\/\/ktfnews.com\/wp-content\/uploads\/2024\/03\/haddad-brazil-1280-774-950x590.jpg","photo-blog":"https:\/\/ktfnews.com\/wp-content\/uploads\/2024\/03\/haddad-brazil-1280-774-768x464.jpg"},"appp_media":null,"yoast_head":"<!-- This site is optimized with the Yoast SEO plugin v17.3 - https:\/\/yoast.com\/wordpress\/plugins\/seo\/ -->\n<meta name=\"robots\" content=\"index, follow, max-snippet:-1, max-image-preview:large, max-video-preview:-1\" \/>\n<link rel=\"canonical\" href=\"https:\/\/ktfnews.com\/brazil-urges-new-globalization-at-g20-meet-overshadowed-by-ukraine\/\" \/>\n<meta property=\"og:locale\" content=\"es_ES\" \/>\n<meta property=\"og:type\" content=\"article\" \/>\n<meta property=\"og:title\" content=\"[:en]Brazil urges &#039;new globalization&#039; at G20 meet overshadowed by Ukraine[:es]Brasil insta a una &quot;nueva globalizaci\u00f3n&quot; en una reuni\u00f3n del G20 ensombrecida por Ucrania[:] - KEEP the FAITH\" \/>\n<meta property=\"og:description\" content=\"Yahoo, por Joshua Howat Berger: Brasil pidi\u00f3 una \u00abnueva globalizaci\u00f3n\u00bb para hacer frente a la pobreza y el cambio clim\u00e1tico en la reuni\u00f3n de ministros de Finanzas de las principales econom\u00edas del mundo celebrada el mi\u00e9rcoles, pero las guerras de...\" \/>\n<meta property=\"og:url\" content=\"https:\/\/ktfnews.com\/brazil-urges-new-globalization-at-g20-meet-overshadowed-by-ukraine\/\" \/>\n<meta property=\"og:site_name\" content=\"KEEP the FAITH\" \/>\n<meta property=\"article:publisher\" content=\"https:\/\/www.facebook.com\/ktfministry\" \/>\n<meta property=\"article:published_time\" content=\"2024-03-12T11:30:41+00:00\" \/>\n<meta property=\"article:modified_time\" content=\"2024-03-12T13:56:20+00:00\" \/>\n<meta property=\"og:image\" content=\"https:\/\/ktfnews.com\/wp-content\/uploads\/2024\/03\/haddad-brazil-1280-774.jpg\" \/>\n\t<meta property=\"og:image:width\" content=\"1280\" \/>\n\t<meta property=\"og:image:height\" content=\"774\" \/>\n<meta name=\"twitter:card\" content=\"summary_large_image\" \/>\n<meta name=\"twitter:creator\" content=\"@ktfministry\" \/>\n<meta name=\"twitter:site\" content=\"@ktfministry\" \/>\n<meta name=\"twitter:label1\" content=\"Escrito por\" \/>\n\t<meta name=\"twitter:data1\" content=\"Pastor Hal Mayer\" \/>\n\t<meta name=\"twitter:label2\" content=\"Tiempo de lectura\" \/>\n\t<meta name=\"twitter:data2\" content=\"10 minutos\" \/>\n<script type=\"application\/ld+json\" class=\"yoast-schema-graph\">{\"@context\":\"https:\/\/schema.org\",\"@graph\":[{\"@type\":\"WebSite\",\"@id\":\"https:\/\/ktfnews.com\/#website\",\"url\":\"https:\/\/ktfnews.com\/\",\"name\":\"KEEP the FAITH\",\"description\":\"Preparing you for the final conflict between good and evil.\",\"potentialAction\":[{\"@type\":\"SearchAction\",\"target\":{\"@type\":\"EntryPoint\",\"urlTemplate\":\"https:\/\/ktfnews.com\/?s={search_term_string}\"},\"query-input\":\"required name=search_term_string\"}],\"inLanguage\":\"es\"},{\"@type\":\"ImageObject\",\"@id\":\"https:\/\/ktfnews.com\/brazil-urges-new-globalization-at-g20-meet-overshadowed-by-ukraine\/#primaryimage\",\"inLanguage\":\"es\",\"url\":\"https:\/\/ktfnews.com\/wp-content\/uploads\/2024\/03\/haddad-brazil-1280-774.jpg\",\"contentUrl\":\"https:\/\/ktfnews.com\/wp-content\/uploads\/2024\/03\/haddad-brazil-1280-774.jpg\",\"width\":1280,\"height\":774},{\"@type\":\"WebPage\",\"@id\":\"https:\/\/ktfnews.com\/brazil-urges-new-globalization-at-g20-meet-overshadowed-by-ukraine\/#webpage\",\"url\":\"https:\/\/ktfnews.com\/brazil-urges-new-globalization-at-g20-meet-overshadowed-by-ukraine\/\",\"name\":\"[:en]Brazil urges 'new globalization' at G20 meet overshadowed by Ukraine[:es]Brasil insta a una \\\"nueva globalizaci\\u00f3n\\\" en una reuni\\u00f3n del G20 ensombrecida por Ucrania[:] - KEEP the FAITH\",\"isPartOf\":{\"@id\":\"https:\/\/ktfnews.com\/#website\"},\"primaryImageOfPage\":{\"@id\":\"https:\/\/ktfnews.com\/brazil-urges-new-globalization-at-g20-meet-overshadowed-by-ukraine\/#primaryimage\"},\"datePublished\":\"2024-03-12T11:30:41+00:00\",\"dateModified\":\"2024-03-12T13:56:20+00:00\",\"author\":{\"@id\":\"https:\/\/ktfnews.com\/#\/schema\/person\/ba4174513d9169cf8e229b7d8d60410d\"},\"breadcrumb\":{\"@id\":\"https:\/\/ktfnews.com\/brazil-urges-new-globalization-at-g20-meet-overshadowed-by-ukraine\/#breadcrumb\"},\"inLanguage\":\"es\",\"potentialAction\":[{\"@type\":\"ReadAction\",\"target\":[\"https:\/\/ktfnews.com\/brazil-urges-new-globalization-at-g20-meet-overshadowed-by-ukraine\/\"]}]},{\"@type\":\"BreadcrumbList\",\"@id\":\"https:\/\/ktfnews.com\/brazil-urges-new-globalization-at-g20-meet-overshadowed-by-ukraine\/#breadcrumb\",\"itemListElement\":[{\"@type\":\"ListItem\",\"position\":1,\"name\":\"Home\",\"item\":\"https:\/\/ktfnews.com\/\"},{\"@type\":\"ListItem\",\"position\":2,\"name\":\"Briefings\",\"item\":\"https:\/\/ktfnews.com\/category\/briefings\/\"},{\"@type\":\"ListItem\",\"position\":3,\"name\":\"Prophetic Intelligence Briefings\",\"item\":\"https:\/\/ktfnews.com\/category\/briefings\/news\/\"},{\"@type\":\"ListItem\",\"position\":4,\"name\":\"Brazil urges &#8216;new globalization&#8217; at G20 meet overshadowed by Ukraine\"}]},{\"@type\":\"Person\",\"@id\":\"https:\/\/ktfnews.com\/#\/schema\/person\/ba4174513d9169cf8e229b7d8d60410d\",\"name\":\"Pastor Hal Mayer\",\"image\":{\"@type\":\"ImageObject\",\"@id\":\"https:\/\/ktfnews.com\/#personlogo\",\"inLanguage\":\"es\",\"url\":\"https:\/\/secure.gravatar.com\/avatar\/051bac95ae650254c5a03467b9456599?s=96&d=mm&r=g\",\"contentUrl\":\"https:\/\/secure.gravatar.com\/avatar\/051bac95ae650254c5a03467b9456599?s=96&d=mm&r=g\",\"caption\":\"Pastor Hal Mayer\"},\"description\":\"Pastor Hal Mayer is speaker and director of Keep the Faith Ministry. For the last 20 years Pastor Mayer\\u2019s monthly prophetic analysis on CD and online has revealed the striking evidence of fulfilling prophecy to many thousands of subscribers all over the world. Pastor Mayer\\u2019s background in history and Bible prophecy give him unique insights and perspectives that have blessed many and helped them make a deeper commitment to the Lord. Keep the Faith Ministry helps those who want to keep abreast of fulfilling prophecy and who want to understand and navigate the unique and difficult circumstances of the end-times. Keep the Faith Ministry helps to prepare you for the second coming of Christ. Pastor Mayer is married to Betsy for more than 40 years. They have no children of their own. \\u201cThe times in which we live are thrilling, because the things prophesied in God\\u2019s word are actually coming to pass in this generation,\\u201d says Pastor Mayer. \\u201cIn a time when the distinctive end-time truths of God\\u2019s word are being censored, and life in this world is becoming more and more chaotic, Keep the Faith is a voice of strength and encouragement.\\u201d\",\"url\":\"https:\/\/ktfnews.com\/es\/author\/hal\/\"}]}<\/script>\n<!-- \/ Yoast SEO plugin. -->","yoast_head_json":{"robots":{"index":"index","follow":"follow","max-snippet":"max-snippet:-1","max-image-preview":"max-image-preview:large","max-video-preview":"max-video-preview:-1"},"canonical":"https:\/\/ktfnews.com\/brazil-urges-new-globalization-at-g20-meet-overshadowed-by-ukraine\/","og_locale":"es_ES","og_type":"article","og_title":"[:en]Brazil urges 'new globalization' at G20 meet overshadowed by Ukraine[:es]Brasil insta a una \"nueva globalizaci\u00f3n\" en una reuni\u00f3n del G20 ensombrecida por Ucrania[:] - KEEP the FAITH","og_description":"Yahoo, por Joshua Howat Berger: Brasil pidi\u00f3 una \u00abnueva globalizaci\u00f3n\u00bb para hacer frente a la pobreza y el cambio clim\u00e1tico en la reuni\u00f3n de ministros de Finanzas de las principales econom\u00edas del mundo celebrada el mi\u00e9rcoles, pero las guerras de...","og_url":"https:\/\/ktfnews.com\/brazil-urges-new-globalization-at-g20-meet-overshadowed-by-ukraine\/","og_site_name":"KEEP the FAITH","article_publisher":"https:\/\/www.facebook.com\/ktfministry","article_published_time":"2024-03-12T11:30:41+00:00","article_modified_time":"2024-03-12T13:56:20+00:00","og_image":[{"width":1280,"height":774,"url":"https:\/\/ktfnews.com\/wp-content\/uploads\/2024\/03\/haddad-brazil-1280-774.jpg","type":"image\/jpeg"}],"twitter_card":"summary_large_image","twitter_creator":"@ktfministry","twitter_site":"@ktfministry","twitter_misc":{"Escrito por":"Pastor Hal Mayer","Tiempo de lectura":"10 minutos"},"schema":{"@context":"https:\/\/schema.org","@graph":[{"@type":"WebSite","@id":"https:\/\/ktfnews.com\/#website","url":"https:\/\/ktfnews.com\/","name":"KEEP the FAITH","description":"Preparing you for the final conflict between good and evil.","potentialAction":[{"@type":"SearchAction","target":{"@type":"EntryPoint","urlTemplate":"https:\/\/ktfnews.com\/?s={search_term_string}"},"query-input":"required name=search_term_string"}],"inLanguage":"es"},{"@type":"ImageObject","@id":"https:\/\/ktfnews.com\/brazil-urges-new-globalization-at-g20-meet-overshadowed-by-ukraine\/#primaryimage","inLanguage":"es","url":"https:\/\/ktfnews.com\/wp-content\/uploads\/2024\/03\/haddad-brazil-1280-774.jpg","contentUrl":"https:\/\/ktfnews.com\/wp-content\/uploads\/2024\/03\/haddad-brazil-1280-774.jpg","width":1280,"height":774},{"@type":"WebPage","@id":"https:\/\/ktfnews.com\/brazil-urges-new-globalization-at-g20-meet-overshadowed-by-ukraine\/#webpage","url":"https:\/\/ktfnews.com\/brazil-urges-new-globalization-at-g20-meet-overshadowed-by-ukraine\/","name":"[:en]Brazil urges 'new globalization' at G20 meet overshadowed by Ukraine[:es]Brasil insta a una \"nueva globalizaci\u00f3n\" en una reuni\u00f3n del G20 ensombrecida por Ucrania[:] - KEEP the FAITH","isPartOf":{"@id":"https:\/\/ktfnews.com\/#website"},"primaryImageOfPage":{"@id":"https:\/\/ktfnews.com\/brazil-urges-new-globalization-at-g20-meet-overshadowed-by-ukraine\/#primaryimage"},"datePublished":"2024-03-12T11:30:41+00:00","dateModified":"2024-03-12T13:56:20+00:00","author":{"@id":"https:\/\/ktfnews.com\/#\/schema\/person\/ba4174513d9169cf8e229b7d8d60410d"},"breadcrumb":{"@id":"https:\/\/ktfnews.com\/brazil-urges-new-globalization-at-g20-meet-overshadowed-by-ukraine\/#breadcrumb"},"inLanguage":"es","potentialAction":[{"@type":"ReadAction","target":["https:\/\/ktfnews.com\/brazil-urges-new-globalization-at-g20-meet-overshadowed-by-ukraine\/"]}]},{"@type":"BreadcrumbList","@id":"https:\/\/ktfnews.com\/brazil-urges-new-globalization-at-g20-meet-overshadowed-by-ukraine\/#breadcrumb","itemListElement":[{"@type":"ListItem","position":1,"name":"Home","item":"https:\/\/ktfnews.com\/"},{"@type":"ListItem","position":2,"name":"Briefings","item":"https:\/\/ktfnews.com\/category\/briefings\/"},{"@type":"ListItem","position":3,"name":"Prophetic Intelligence Briefings","item":"https:\/\/ktfnews.com\/category\/briefings\/news\/"},{"@type":"ListItem","position":4,"name":"Brazil urges &#8216;new globalization&#8217; at G20 meet overshadowed by Ukraine"}]},{"@type":"Person","@id":"https:\/\/ktfnews.com\/#\/schema\/person\/ba4174513d9169cf8e229b7d8d60410d","name":"Pastor Hal Mayer","image":{"@type":"ImageObject","@id":"https:\/\/ktfnews.com\/#personlogo","inLanguage":"es","url":"https:\/\/secure.gravatar.com\/avatar\/051bac95ae650254c5a03467b9456599?s=96&d=mm&r=g","contentUrl":"https:\/\/secure.gravatar.com\/avatar\/051bac95ae650254c5a03467b9456599?s=96&d=mm&r=g","caption":"Pastor Hal Mayer"},"description":"Pastor Hal Mayer is speaker and director of Keep the Faith Ministry. For the last 20 years Pastor Mayer\u2019s monthly prophetic analysis on CD and online has revealed the striking evidence of fulfilling prophecy to many thousands of subscribers all over the world. Pastor Mayer\u2019s background in history and Bible prophecy give him unique insights and perspectives that have blessed many and helped them make a deeper commitment to the Lord. Keep the Faith Ministry helps those who want to keep abreast of fulfilling prophecy and who want to understand and navigate the unique and difficult circumstances of the end-times. Keep the Faith Ministry helps to prepare you for the second coming of Christ. Pastor Mayer is married to Betsy for more than 40 years. They have no children of their own. \u201cThe times in which we live are thrilling, because the things prophesied in God\u2019s word are actually coming to pass in this generation,\u201d says Pastor Mayer. \u201cIn a time when the distinctive end-time truths of God\u2019s word are being censored, and life in this world is becoming more and more chaotic, Keep the Faith is a voice of strength and encouragement.\u201d","url":"https:\/\/ktfnews.com\/es\/author\/hal\/"}]}},"_links":{"self":[{"href":"https:\/\/ktfnews.com\/es\/wp-json\/wp\/v2\/posts\/29356"}],"collection":[{"href":"https:\/\/ktfnews.com\/es\/wp-json\/wp\/v2\/posts"}],"about":[{"href":"https:\/\/ktfnews.com\/es\/wp-json\/wp\/v2\/types\/post"}],"author":[{"embeddable":true,"href":"https:\/\/ktfnews.com\/es\/wp-json\/wp\/v2\/users\/6"}],"replies":[{"embeddable":true,"href":"https:\/\/ktfnews.com\/es\/wp-json\/wp\/v2\/comments?post=29356"}],"version-history":[{"count":2,"href":"https:\/\/ktfnews.com\/es\/wp-json\/wp\/v2\/posts\/29356\/revisions"}],"predecessor-version":[{"id":29359,"href":"https:\/\/ktfnews.com\/es\/wp-json\/wp\/v2\/posts\/29356\/revisions\/29359"}],"wp:featuredmedia":[{"embeddable":true,"href":"https:\/\/ktfnews.com\/es\/wp-json\/wp\/v2\/media\/29357"}],"wp:attachment":[{"href":"https:\/\/ktfnews.com\/es\/wp-json\/wp\/v2\/media?parent=29356"}],"wp:term":[{"taxonomy":"category","embeddable":true,"href":"https:\/\/ktfnews.com\/es\/wp-json\/wp\/v2\/categories?post=29356"},{"taxonomy":"post_tag","embeddable":true,"href":"https:\/\/ktfnews.com\/es\/wp-json\/wp\/v2\/tags?post=29356"}],"curies":[{"name":"wp","href":"https:\/\/api.w.org\/{rel}","templated":true}]}}