{"id":29342,"date":"2024-03-08T07:30:56","date_gmt":"2024-03-08T12:30:56","guid":{"rendered":"https:\/\/ktfnews.com\/?p=29342"},"modified":"2024-03-08T11:42:12","modified_gmt":"2024-03-08T16:42:12","slug":"burkina-faso-says-170-dead-in-village-executions","status":"publish","type":"post","link":"https:\/\/ktfnews.com\/es\/burkina-faso-says-170-dead-in-village-executions\/","title":{"rendered":"Burkina Faso: 170 muertos en \u00abejecuciones\u00bb en un pueblo"},"content":{"rendered":"<p><i>BBC News<\/i>, por Natasha Booty: Unas 170 personas, entre ellas mujeres y ni\u00f1os, han sido \u00abejecutadas\u00bb en ataques contra tres aldeas de Burkina Faso, seg\u00fan ha declarado un fiscal.<\/p>\n<p>Aly Benjamin Coulibaly hizo un llamamiento a los testigos para que ayuden a encontrar a quienes atacaron Komsilga, Nordin y Soro.<\/p>\n<p>Por otra parte, el ej\u00e9rcito advirti\u00f3 del aumento del riesgo de atentados por parte de los islamistas, \u00abincluidos ataques contra centros urbanos\u00bb.<\/p>\n<p>El ej\u00e9rcito del pa\u00eds tom\u00f3 el poder en 2022, pero m\u00e1s de un tercio de Burkina Faso est\u00e1 controlado por insurgentes.<\/p>\n<p>El Sr. Coulibaly dijo que hab\u00eda puesto en marcha una investigaci\u00f3n sobre los ataques a las aldeas en la provincia de Yatenga el 25 de febrero.<\/p>\n<p>La agencia de noticias AFP inform\u00f3 de que entre los muertos hab\u00eda decenas de mujeres y ni\u00f1os.<\/p>\n<p>Se desconoc\u00eda qu\u00e9 grupo estaba detr\u00e1s de los ataques.<\/p>\n<p>No se cree que est\u00e9n relacionados con otros actos de violencia recientes -atentados contra una iglesia, as\u00ed como contra una mezquita y bases militares- en otros lugares del pa\u00eds.<\/p>\n<p>El viernes, el jefe del ej\u00e9rcito del pa\u00eds advirti\u00f3 a los soldados que se mantuvieran alerta debido al aumento del riesgo de atentados suicidas por parte de militantes.<\/p>\n<p>Tambi\u00e9n dijo que \u00abse teme una serie de atentados a gran escala\u00bb contra las fuerzas de seguridad en las ciudades.<\/p>\n<p>Los trabajadores humanitarios afirman que Burkina Faso es una de las crisis m\u00e1s olvidadas del mundo.<\/p>\n<p>A\u00f1os de inseguridad han obligado a m\u00e1s de dos millones de personas a abandonar sus hogares, y la ONU calcula que una cuarta parte de todos los ni\u00f1os menores de cinco a\u00f1os tienen retraso en el crecimiento debido al hambre.<\/p>\n<p>Los militares tomaron el poder hace dos a\u00f1os prometiendo ganar la batalla a los rebeldes, pero la violencia contin\u00faa.<\/p>\n<p>\u00abEl epicentro del terrorismo se ha desplazado de Oriente Pr\u00f3ximo a la regi\u00f3n central del Sahel, en el \u00c1frica subsahariana\u00bb, declar\u00f3 esta semana el Instituto para la Econom\u00eda y la Paz.<\/p>\n<p>El Sahel incluye Burkina Faso, Mal\u00ed y N\u00edger, entre otras naciones.<\/p>\n<p>Conexi\u00f3n Prof\u00e9tica:<br \/>\n\u00abTambi\u00e9n la tierra se corrompi\u00f3 delante de Dios, y la tierra se llen\u00f3 de violencia\u00bb. G\u00e9nesis 6:11.<\/p>\n<p>\u00abY como fue en los d\u00edas de No\u00e9, as\u00ed ser\u00e1 tambi\u00e9n en los d\u00edas del Hijo del hombre\u00bb. Lucas 17:26.<\/p>\n<hr \/>\n<h3>Source References<\/h3>\n<ul>\n<li>\n<h5><a href=\"https:\/\/www.bbc.com\/news\/world-africa-68462144\" target=\"_blank\" rel=\"noopener\">Burkina Faso says 170 dead in village \u2018executions&#8217;<\/a><\/h5>\n<\/li>\n<\/ul>\n<p><\/p>\n<!-- AddThis Advanced Settings generic via filter on the_content -->","protected":false},"excerpt":{"rendered":"<p>BBC News, por Natasha Booty: Unas 170 personas, entre ellas mujeres y ni\u00f1os, han sido \u00abejecutadas\u00bb en ataques contra tres aldeas de Burkina Faso, seg\u00fan ha declarado un fiscal. Aly Benjamin Coulibaly hizo un llamamiento a los testigos para que&#8230;<!-- AddThis Advanced Settings generic via filter on wp_trim_excerpt --><\/p>\n","protected":false},"author":6,"featured_media":29343,"comment_status":"open","ping_status":"open","sticky":false,"template":"","format":"standard","meta":{"episode_type":"","audio_file":"","duration":"","filesize":"","date_recorded":"","explicit":"","block":"","filesize_raw":"","_FSMCFIC_featured_image_caption":"Image: Spc. Peter Seidler from Wikimedia Commons","_FSMCFIC_featured_image_nocaption":null,"_FSMCFIC_featured_image_hide":null,"_links_to":"","_links_to_target":""},"categories":[722,32],"tags":[411],"featured_image_urls":{"medium":"https:\/\/ktfnews.com\/wp-content\/uploads\/2024\/03\/Burkina-Faso-soldiers-1280-774-300x181.jpg","large":"https:\/\/ktfnews.com\/wp-content\/uploads\/2024\/03\/Burkina-Faso-soldiers-1280-774-1024x619.jpg","thumbnail":"https:\/\/ktfnews.com\/wp-content\/uploads\/2024\/03\/Burkina-Faso-soldiers-1280-774-150x150.jpg","medium_large":"https:\/\/ktfnews.com\/wp-content\/uploads\/2024\/03\/Burkina-Faso-soldiers-1280-774-768x464.jpg","team-small":"https:\/\/ktfnews.com\/wp-content\/uploads\/2024\/03\/Burkina-Faso-soldiers-1280-774-138x162.jpg","team-overview":"https:\/\/ktfnews.com\/wp-content\/uploads\/2024\/03\/Burkina-Faso-soldiers-1280-774-200x279.jpg","team-big":"https:\/\/ktfnews.com\/wp-content\/uploads\/2024\/03\/Burkina-Faso-soldiers-1280-774-540x270.jpg","two-columns":"https:\/\/ktfnews.com\/wp-content\/uploads\/2024\/03\/Burkina-Faso-soldiers-1280-774-379x242.jpg","one-column":"https:\/\/ktfnews.com\/wp-content\/uploads\/2024\/03\/Burkina-Faso-soldiers-1280-774-379x242.jpg","mini-square":"https:\/\/ktfnews.com\/wp-content\/uploads\/2024\/03\/Burkina-Faso-soldiers-1280-774-70x70.jpg","portfolio-widget-mainpage":"https:\/\/ktfnews.com\/wp-content\/uploads\/2024\/03\/Burkina-Faso-soldiers-1280-774-335x195.jpg","portfolio-single-ajax":"https:\/\/ktfnews.com\/wp-content\/uploads\/2024\/03\/Burkina-Faso-soldiers-1280-774-670x280.jpg","portfolio-single-big":"https:\/\/ktfnews.com\/wp-content\/uploads\/2024\/03\/Burkina-Faso-soldiers-1280-774-685x480.jpg","portfolio-single-small":"https:\/\/ktfnews.com\/wp-content\/uploads\/2024\/03\/Burkina-Faso-soldiers-1280-774-685x280.jpg","portfolio-single-full-big":"https:\/\/ktfnews.com\/wp-content\/uploads\/2024\/03\/Burkina-Faso-soldiers-1280-774-960x590.jpg","portfolio-single-full-small":"https:\/\/ktfnews.com\/wp-content\/uploads\/2024\/03\/Burkina-Faso-soldiers-1280-774-960x250.jpg","gallery-post":"https:\/\/ktfnews.com\/wp-content\/uploads\/2024\/03\/Burkina-Faso-soldiers-1280-774-182x126.jpg","gallery-post-smaller":"https:\/\/ktfnews.com\/wp-content\/uploads\/2024\/03\/Burkina-Faso-soldiers-1280-774-158x100.jpg","gallery-standard":"https:\/\/ktfnews.com\/wp-content\/uploads\/2024\/03\/Burkina-Faso-soldiers-1280-774-257x169.jpg","tooltip-preview":"https:\/\/ktfnews.com\/wp-content\/uploads\/2024\/03\/Burkina-Faso-soldiers-1280-774-227x133.jpg","widget-content-slider":"https:\/\/ktfnews.com\/wp-content\/uploads\/2024\/03\/Burkina-Faso-soldiers-1280-774-230x137.jpg","post-top-articles":"https:\/\/ktfnews.com\/wp-content\/uploads\/2024\/03\/Burkina-Faso-soldiers-1280-774-130x100.jpg","post-single-wide":"https:\/\/ktfnews.com\/wp-content\/uploads\/2024\/03\/Burkina-Faso-soldiers-1280-774-595x360.jpg","post-single-wide-nocrop":"https:\/\/ktfnews.com\/wp-content\/uploads\/2024\/03\/Burkina-Faso-soldiers-1280-774-595x360.jpg","post-single-wide-mobile":"https:\/\/ktfnews.com\/wp-content\/uploads\/2024\/03\/Burkina-Faso-soldiers-1280-774-320x190.jpg","post-single-wide-small":"https:\/\/ktfnews.com\/wp-content\/uploads\/2024\/03\/Burkina-Faso-soldiers-1280-774-595x190.jpg","post-single-square":"https:\/\/ktfnews.com\/wp-content\/uploads\/2024\/03\/Burkina-Faso-soldiers-1280-774-120x120.jpg","post-single-full-small":"https:\/\/ktfnews.com\/wp-content\/uploads\/2024\/03\/Burkina-Faso-soldiers-1280-774-950x360.jpg","post-single-full-big":"https:\/\/ktfnews.com\/wp-content\/uploads\/2024\/03\/Burkina-Faso-soldiers-1280-774-950x590.jpg","photo-blog":"https:\/\/ktfnews.com\/wp-content\/uploads\/2024\/03\/Burkina-Faso-soldiers-1280-774-768x464.jpg"},"appp_media":null,"yoast_head":"<!-- This site is optimized with the Yoast SEO plugin v17.3 - https:\/\/yoast.com\/wordpress\/plugins\/seo\/ -->\n<meta name=\"robots\" content=\"index, follow, max-snippet:-1, max-image-preview:large, max-video-preview:-1\" \/>\n<link rel=\"canonical\" href=\"https:\/\/ktfnews.com\/burkina-faso-says-170-dead-in-village-executions\/\" \/>\n<meta property=\"og:locale\" content=\"es_ES\" \/>\n<meta property=\"og:type\" content=\"article\" \/>\n<meta property=\"og:title\" content=\"[:en]Burkina Faso says 170 dead in village \u2018executions&#039;[:es]Burkina Faso: 170 muertos en &quot;ejecuciones&quot; en un pueblo[:] - KEEP the FAITH\" \/>\n<meta property=\"og:description\" content=\"BBC News, por Natasha Booty: Unas 170 personas, entre ellas mujeres y ni\u00f1os, han sido \u00abejecutadas\u00bb en ataques contra tres aldeas de Burkina Faso, seg\u00fan ha declarado un fiscal. Aly Benjamin Coulibaly hizo un llamamiento a los testigos para que...\" \/>\n<meta property=\"og:url\" content=\"https:\/\/ktfnews.com\/burkina-faso-says-170-dead-in-village-executions\/\" \/>\n<meta property=\"og:site_name\" content=\"KEEP the FAITH\" \/>\n<meta property=\"article:publisher\" content=\"https:\/\/www.facebook.com\/ktfministry\" \/>\n<meta property=\"article:published_time\" content=\"2024-03-08T12:30:56+00:00\" \/>\n<meta property=\"article:modified_time\" content=\"2024-03-08T16:42:12+00:00\" \/>\n<meta property=\"og:image\" content=\"https:\/\/ktfnews.com\/wp-content\/uploads\/2024\/03\/Burkina-Faso-soldiers-1280-774.jpg\" \/>\n\t<meta property=\"og:image:width\" content=\"1280\" \/>\n\t<meta property=\"og:image:height\" content=\"774\" \/>\n<meta name=\"twitter:card\" content=\"summary_large_image\" \/>\n<meta name=\"twitter:creator\" content=\"@ktfministry\" \/>\n<meta name=\"twitter:site\" content=\"@ktfministry\" \/>\n<meta name=\"twitter:label1\" content=\"Escrito por\" \/>\n\t<meta name=\"twitter:data1\" content=\"Pastor Hal Mayer\" \/>\n\t<meta name=\"twitter:label2\" content=\"Tiempo de lectura\" \/>\n\t<meta name=\"twitter:data2\" content=\"10 minutos\" \/>\n<script type=\"application\/ld+json\" class=\"yoast-schema-graph\">{\"@context\":\"https:\/\/schema.org\",\"@graph\":[{\"@type\":\"WebSite\",\"@id\":\"https:\/\/ktfnews.com\/#website\",\"url\":\"https:\/\/ktfnews.com\/\",\"name\":\"KEEP the FAITH\",\"description\":\"Preparing you for the final conflict between good and evil.\",\"potentialAction\":[{\"@type\":\"SearchAction\",\"target\":{\"@type\":\"EntryPoint\",\"urlTemplate\":\"https:\/\/ktfnews.com\/?s={search_term_string}\"},\"query-input\":\"required name=search_term_string\"}],\"inLanguage\":\"es\"},{\"@type\":\"ImageObject\",\"@id\":\"https:\/\/ktfnews.com\/burkina-faso-says-170-dead-in-village-executions\/#primaryimage\",\"inLanguage\":\"es\",\"url\":\"https:\/\/ktfnews.com\/wp-content\/uploads\/2024\/03\/Burkina-Faso-soldiers-1280-774.jpg\",\"contentUrl\":\"https:\/\/ktfnews.com\/wp-content\/uploads\/2024\/03\/Burkina-Faso-soldiers-1280-774.jpg\",\"width\":1280,\"height\":774},{\"@type\":\"WebPage\",\"@id\":\"https:\/\/ktfnews.com\/burkina-faso-says-170-dead-in-village-executions\/#webpage\",\"url\":\"https:\/\/ktfnews.com\/burkina-faso-says-170-dead-in-village-executions\/\",\"name\":\"[:en]Burkina Faso says 170 dead in village \\u2018executions'[:es]Burkina Faso: 170 muertos en \\\"ejecuciones\\\" en un pueblo[:] - KEEP the FAITH\",\"isPartOf\":{\"@id\":\"https:\/\/ktfnews.com\/#website\"},\"primaryImageOfPage\":{\"@id\":\"https:\/\/ktfnews.com\/burkina-faso-says-170-dead-in-village-executions\/#primaryimage\"},\"datePublished\":\"2024-03-08T12:30:56+00:00\",\"dateModified\":\"2024-03-08T16:42:12+00:00\",\"author\":{\"@id\":\"https:\/\/ktfnews.com\/#\/schema\/person\/ba4174513d9169cf8e229b7d8d60410d\"},\"breadcrumb\":{\"@id\":\"https:\/\/ktfnews.com\/burkina-faso-says-170-dead-in-village-executions\/#breadcrumb\"},\"inLanguage\":\"es\",\"potentialAction\":[{\"@type\":\"ReadAction\",\"target\":[\"https:\/\/ktfnews.com\/burkina-faso-says-170-dead-in-village-executions\/\"]}]},{\"@type\":\"BreadcrumbList\",\"@id\":\"https:\/\/ktfnews.com\/burkina-faso-says-170-dead-in-village-executions\/#breadcrumb\",\"itemListElement\":[{\"@type\":\"ListItem\",\"position\":1,\"name\":\"Home\",\"item\":\"https:\/\/ktfnews.com\/\"},{\"@type\":\"ListItem\",\"position\":2,\"name\":\"Briefings\",\"item\":\"https:\/\/ktfnews.com\/category\/briefings\/\"},{\"@type\":\"ListItem\",\"position\":3,\"name\":\"Prophetic Intelligence Briefings\",\"item\":\"https:\/\/ktfnews.com\/category\/briefings\/news\/\"},{\"@type\":\"ListItem\",\"position\":4,\"name\":\"Burkina Faso says 170 dead in village \\u2018executions&#8217;\"}]},{\"@type\":\"Person\",\"@id\":\"https:\/\/ktfnews.com\/#\/schema\/person\/ba4174513d9169cf8e229b7d8d60410d\",\"name\":\"Pastor Hal Mayer\",\"image\":{\"@type\":\"ImageObject\",\"@id\":\"https:\/\/ktfnews.com\/#personlogo\",\"inLanguage\":\"es\",\"url\":\"https:\/\/secure.gravatar.com\/avatar\/051bac95ae650254c5a03467b9456599?s=96&d=mm&r=g\",\"contentUrl\":\"https:\/\/secure.gravatar.com\/avatar\/051bac95ae650254c5a03467b9456599?s=96&d=mm&r=g\",\"caption\":\"Pastor Hal Mayer\"},\"description\":\"Pastor Hal Mayer is speaker and director of Keep the Faith Ministry. For the last 20 years Pastor Mayer\\u2019s monthly prophetic analysis on CD and online has revealed the striking evidence of fulfilling prophecy to many thousands of subscribers all over the world. Pastor Mayer\\u2019s background in history and Bible prophecy give him unique insights and perspectives that have blessed many and helped them make a deeper commitment to the Lord. Keep the Faith Ministry helps those who want to keep abreast of fulfilling prophecy and who want to understand and navigate the unique and difficult circumstances of the end-times. Keep the Faith Ministry helps to prepare you for the second coming of Christ. Pastor Mayer is married to Betsy for more than 40 years. They have no children of their own. \\u201cThe times in which we live are thrilling, because the things prophesied in God\\u2019s word are actually coming to pass in this generation,\\u201d says Pastor Mayer. \\u201cIn a time when the distinctive end-time truths of God\\u2019s word are being censored, and life in this world is becoming more and more chaotic, Keep the Faith is a voice of strength and encouragement.\\u201d\",\"url\":\"https:\/\/ktfnews.com\/es\/author\/hal\/\"}]}<\/script>\n<!-- \/ Yoast SEO plugin. -->","yoast_head_json":{"robots":{"index":"index","follow":"follow","max-snippet":"max-snippet:-1","max-image-preview":"max-image-preview:large","max-video-preview":"max-video-preview:-1"},"canonical":"https:\/\/ktfnews.com\/burkina-faso-says-170-dead-in-village-executions\/","og_locale":"es_ES","og_type":"article","og_title":"[:en]Burkina Faso says 170 dead in village \u2018executions'[:es]Burkina Faso: 170 muertos en \"ejecuciones\" en un pueblo[:] - KEEP the FAITH","og_description":"BBC News, por Natasha Booty: Unas 170 personas, entre ellas mujeres y ni\u00f1os, han sido \u00abejecutadas\u00bb en ataques contra tres aldeas de Burkina Faso, seg\u00fan ha declarado un fiscal. Aly Benjamin Coulibaly hizo un llamamiento a los testigos para que...","og_url":"https:\/\/ktfnews.com\/burkina-faso-says-170-dead-in-village-executions\/","og_site_name":"KEEP the FAITH","article_publisher":"https:\/\/www.facebook.com\/ktfministry","article_published_time":"2024-03-08T12:30:56+00:00","article_modified_time":"2024-03-08T16:42:12+00:00","og_image":[{"width":1280,"height":774,"url":"https:\/\/ktfnews.com\/wp-content\/uploads\/2024\/03\/Burkina-Faso-soldiers-1280-774.jpg","type":"image\/jpeg"}],"twitter_card":"summary_large_image","twitter_creator":"@ktfministry","twitter_site":"@ktfministry","twitter_misc":{"Escrito por":"Pastor Hal Mayer","Tiempo de lectura":"10 minutos"},"schema":{"@context":"https:\/\/schema.org","@graph":[{"@type":"WebSite","@id":"https:\/\/ktfnews.com\/#website","url":"https:\/\/ktfnews.com\/","name":"KEEP the FAITH","description":"Preparing you for the final conflict between good and evil.","potentialAction":[{"@type":"SearchAction","target":{"@type":"EntryPoint","urlTemplate":"https:\/\/ktfnews.com\/?s={search_term_string}"},"query-input":"required name=search_term_string"}],"inLanguage":"es"},{"@type":"ImageObject","@id":"https:\/\/ktfnews.com\/burkina-faso-says-170-dead-in-village-executions\/#primaryimage","inLanguage":"es","url":"https:\/\/ktfnews.com\/wp-content\/uploads\/2024\/03\/Burkina-Faso-soldiers-1280-774.jpg","contentUrl":"https:\/\/ktfnews.com\/wp-content\/uploads\/2024\/03\/Burkina-Faso-soldiers-1280-774.jpg","width":1280,"height":774},{"@type":"WebPage","@id":"https:\/\/ktfnews.com\/burkina-faso-says-170-dead-in-village-executions\/#webpage","url":"https:\/\/ktfnews.com\/burkina-faso-says-170-dead-in-village-executions\/","name":"[:en]Burkina Faso says 170 dead in village \u2018executions'[:es]Burkina Faso: 170 muertos en \"ejecuciones\" en un pueblo[:] - KEEP the FAITH","isPartOf":{"@id":"https:\/\/ktfnews.com\/#website"},"primaryImageOfPage":{"@id":"https:\/\/ktfnews.com\/burkina-faso-says-170-dead-in-village-executions\/#primaryimage"},"datePublished":"2024-03-08T12:30:56+00:00","dateModified":"2024-03-08T16:42:12+00:00","author":{"@id":"https:\/\/ktfnews.com\/#\/schema\/person\/ba4174513d9169cf8e229b7d8d60410d"},"breadcrumb":{"@id":"https:\/\/ktfnews.com\/burkina-faso-says-170-dead-in-village-executions\/#breadcrumb"},"inLanguage":"es","potentialAction":[{"@type":"ReadAction","target":["https:\/\/ktfnews.com\/burkina-faso-says-170-dead-in-village-executions\/"]}]},{"@type":"BreadcrumbList","@id":"https:\/\/ktfnews.com\/burkina-faso-says-170-dead-in-village-executions\/#breadcrumb","itemListElement":[{"@type":"ListItem","position":1,"name":"Home","item":"https:\/\/ktfnews.com\/"},{"@type":"ListItem","position":2,"name":"Briefings","item":"https:\/\/ktfnews.com\/category\/briefings\/"},{"@type":"ListItem","position":3,"name":"Prophetic Intelligence Briefings","item":"https:\/\/ktfnews.com\/category\/briefings\/news\/"},{"@type":"ListItem","position":4,"name":"Burkina Faso says 170 dead in village \u2018executions&#8217;"}]},{"@type":"Person","@id":"https:\/\/ktfnews.com\/#\/schema\/person\/ba4174513d9169cf8e229b7d8d60410d","name":"Pastor Hal Mayer","image":{"@type":"ImageObject","@id":"https:\/\/ktfnews.com\/#personlogo","inLanguage":"es","url":"https:\/\/secure.gravatar.com\/avatar\/051bac95ae650254c5a03467b9456599?s=96&d=mm&r=g","contentUrl":"https:\/\/secure.gravatar.com\/avatar\/051bac95ae650254c5a03467b9456599?s=96&d=mm&r=g","caption":"Pastor Hal Mayer"},"description":"Pastor Hal Mayer is speaker and director of Keep the Faith Ministry. For the last 20 years Pastor Mayer\u2019s monthly prophetic analysis on CD and online has revealed the striking evidence of fulfilling prophecy to many thousands of subscribers all over the world. Pastor Mayer\u2019s background in history and Bible prophecy give him unique insights and perspectives that have blessed many and helped them make a deeper commitment to the Lord. Keep the Faith Ministry helps those who want to keep abreast of fulfilling prophecy and who want to understand and navigate the unique and difficult circumstances of the end-times. Keep the Faith Ministry helps to prepare you for the second coming of Christ. Pastor Mayer is married to Betsy for more than 40 years. They have no children of their own. \u201cThe times in which we live are thrilling, because the things prophesied in God\u2019s word are actually coming to pass in this generation,\u201d says Pastor Mayer. \u201cIn a time when the distinctive end-time truths of God\u2019s word are being censored, and life in this world is becoming more and more chaotic, Keep the Faith is a voice of strength and encouragement.\u201d","url":"https:\/\/ktfnews.com\/es\/author\/hal\/"}]}},"_links":{"self":[{"href":"https:\/\/ktfnews.com\/es\/wp-json\/wp\/v2\/posts\/29342"}],"collection":[{"href":"https:\/\/ktfnews.com\/es\/wp-json\/wp\/v2\/posts"}],"about":[{"href":"https:\/\/ktfnews.com\/es\/wp-json\/wp\/v2\/types\/post"}],"author":[{"embeddable":true,"href":"https:\/\/ktfnews.com\/es\/wp-json\/wp\/v2\/users\/6"}],"replies":[{"embeddable":true,"href":"https:\/\/ktfnews.com\/es\/wp-json\/wp\/v2\/comments?post=29342"}],"version-history":[{"count":2,"href":"https:\/\/ktfnews.com\/es\/wp-json\/wp\/v2\/posts\/29342\/revisions"}],"predecessor-version":[{"id":29345,"href":"https:\/\/ktfnews.com\/es\/wp-json\/wp\/v2\/posts\/29342\/revisions\/29345"}],"wp:featuredmedia":[{"embeddable":true,"href":"https:\/\/ktfnews.com\/es\/wp-json\/wp\/v2\/media\/29343"}],"wp:attachment":[{"href":"https:\/\/ktfnews.com\/es\/wp-json\/wp\/v2\/media?parent=29342"}],"wp:term":[{"taxonomy":"category","embeddable":true,"href":"https:\/\/ktfnews.com\/es\/wp-json\/wp\/v2\/categories?post=29342"},{"taxonomy":"post_tag","embeddable":true,"href":"https:\/\/ktfnews.com\/es\/wp-json\/wp\/v2\/tags?post=29342"}],"curies":[{"name":"wp","href":"https:\/\/api.w.org\/{rel}","templated":true}]}}