{"id":29254,"date":"2024-02-22T07:30:36","date_gmt":"2024-02-22T12:30:36","guid":{"rendered":"https:\/\/ktfnews.com\/?p=29254"},"modified":"2024-02-21T20:37:31","modified_gmt":"2024-02-22T01:37:31","slug":"christians-warn-against-german-bill-that-aims-to-crack-down-on-pro-life-prayers","status":"publish","type":"post","link":"https:\/\/ktfnews.com\/es\/christians-warn-against-german-bill-that-aims-to-crack-down-on-pro-life-prayers\/","title":{"rendered":"Los cristianos advierten contra el proyecto de ley alem\u00e1n que pretende reprimir las oraciones provida"},"content":{"rendered":"<p><i>The Christian Post<\/i>, por Anugrah Kumar: Los cristianos de Alemania est\u00e1n expresando su preocupaci\u00f3n por un proyecto de ley que pretende establecer zonas de censura en torno a los centros abortistas, penalizando potencialmente las oraciones provida y las ofertas de ayuda, con multas de hasta 5.000 euros, o 6.300 d\u00f3lares. El proyecto de ley, criticado por su lenguaje vago y su cuestionable necesidad, pretende impedir las acciones que el gobierno considere \u00abconfusas\u00bb o \u00abperturbadoras\u00bb a menos de 100 metros de dichos centros.<\/p>\n<p>El proyecto de ley es ambiguo y carece de pruebas que respalden la necesidad de esta legislaci\u00f3n, afirma el grupo de defensa de los derechos ADF International, que se\u00f1ala que el gobierno admite carecer de datos concretos sobre incidentes cerca de centros abortistas.<\/p>\n<p>El grupo establece paralelismos con la experiencia del Reino Unido, donde zonas de seguridad similares han dado lugar a demandas judiciales contra personas que rezaban cerca de cl\u00ednicas abortistas, refiri\u00e9ndose a las \u00d3rdenes de Protecci\u00f3n de Espacios P\u00fablicos en el Reino Unido.<\/p>\n<p>Felix B\u00f6llmann, abogado alem\u00e1n y director de Defensa Europea de ADF International, critic\u00f3 el proyecto de ley por crear confusi\u00f3n y vulnerar potencialmente derechos protegidos tanto por la legislaci\u00f3n internacional como por la nacional.<\/p>\n<p>La ley y los agentes de polic\u00eda que tendr\u00e1n que hacer cumplir las nuevas y vagas prohibiciones\u00bb.<\/p>\n<p>La ministra de Familia, Lisa Paus, del Partido Verde, present\u00f3 el proyecto de ley el mes pasado, con el objetivo de equilibrar la libertad de expresi\u00f3n con la protecci\u00f3n de las mujeres que buscan asesoramiento en cl\u00ednicas abortistas y centros de planificaci\u00f3n familiar frente al acoso, seg\u00fan inform\u00f3 DW. La ley impondr\u00eda una zona de seguridad de 100 metros, y las infracciones se sancionar\u00edan con multas.<\/p>\n<p>Paus dijo entonces que las mujeres deber\u00edan poder recibir un buen asesoramiento sin enfrentarse al \u00abodio y la agitaci\u00f3n\u00bb. \u00abPor eso buscamos un equilibrio entre la libertad de expresi\u00f3n y el derecho de reuni\u00f3n\u00bb, declar\u00f3 Paus.<\/p>\n<p>El proyecto de ley se encuentra actualmente en el Consejo Federal y a\u00fan est\u00e1 abierto a enmiendas, seg\u00fan ADF Internacional. Se votar\u00e1 en el Parlamento.<\/p>\n<p>La legislaci\u00f3n propuesta ha suscitado un debate en Alemania sobre la presencia y el impacto de las protestas provida, similares a las de Estados Unidos. Pro Familia, un centro de asesoramiento sobre aborto y planificaci\u00f3n familiar de Fr\u00e1ncfort, afirma que las protestas tienen efectos negativos en los clientes.<\/p>\n<p>La Oficina de Estad\u00edstica de Alemania informa de que en el pa\u00eds se practican unos 100.000 abortos al a\u00f1o, lo que supone un descenso respecto a los 130.899 de 1996.<\/p>\n<p>Desde 1992, el aborto es legal en Alemania. En 2022, el gobierno elimin\u00f3 una ley que prohib\u00eda a los proveedores de abortos hacer publicidad de sus servicios, lo que anteriormente pod\u00eda acarrear hasta dos a\u00f1os de c\u00e1rcel o una multa, seg\u00fan The Guardian.<\/p>\n<p>Conexi\u00f3n Prof\u00e9tica:<br \/>\n\u201cLa iniquidad y las tinieblas espirituales que prevalecieron bajo la supremac\u00eda papal fueron resultado inevitable de la supresi\u00f3n de las Sagradas Escrituras. \u00bfPero d\u00f3nde est\u00e1 la causa de la incredulidad general, del rechazamiento de la ley de Dios y de la corrupci\u00f3n consiguiente bajo el pleno resplandor de la luz del Evangelio en esta \u00e9poca de libertad religiosa? Ahora que Satan\u00e1s no puede gobernar al mundo neg\u00e1ndole las Escrituras, recurre a otros medios para alcanzar el mismo objeto. Destruir la fe en la Biblia responde tan bien a sus designios como destruir la Biblia misma. Insinuando la creencia de que la ley de Dios no es obligatoria, empuja a los hombres a transgredirla tan seguramente como si ignorasen los preceptos de ella. Y ahora, como en tiempos pasados, obra por intermedio de la iglesia para promover sus fines. Las organizaciones religiosas de nuestros d\u00edas se han negado a prestar atenci\u00f3n a las verdades impopulares claramente ense\u00f1adas en las Santas Escrituras, y al combatirlas, han adoptado interpretaciones y asumido actitudes que han sembrado al vuelo las semillas del escepticismo.\u201d <i>El Conflicto de los Siglos<\/i>, p\u00e1g. 644.<\/p>\n<hr \/>\n<h3>Source References<\/h3>\n<ul>\n<li>\n<h5><a href=\"https:\/\/www.christianpost.com\/news\/christians-protest-german-bill-to-crack-down-on-pro-life-prayers.html\" target=\"_blank\" rel=\"noopener\">Christians warn against German bill that aims to crack down on pro-life prayers<\/a><\/h5>\n<\/li>\n<\/ul>\n<p><\/p>\n<!-- AddThis Advanced Settings generic via filter on the_content -->","protected":false},"excerpt":{"rendered":"<p>The Christian Post, por Anugrah Kumar: Los cristianos de Alemania est\u00e1n expresando su preocupaci\u00f3n por un proyecto de ley que pretende establecer zonas de censura en torno a los centros abortistas, penalizando potencialmente las oraciones provida y las ofertas de&#8230;<!-- AddThis Advanced Settings generic via filter on wp_trim_excerpt --><\/p>\n","protected":false},"author":6,"featured_media":29255,"comment_status":"open","ping_status":"open","sticky":false,"template":"","format":"standard","meta":{"episode_type":"","audio_file":"","duration":"","filesize":"","date_recorded":"","explicit":"","block":"","filesize_raw":"","_FSMCFIC_featured_image_caption":"Image: olia danilevich from pexels.com","_FSMCFIC_featured_image_nocaption":null,"_FSMCFIC_featured_image_hide":null,"_links_to":"","_links_to_target":""},"categories":[722,32],"tags":[1342,2226],"featured_image_urls":{"medium":"https:\/\/ktfnews.com\/wp-content\/uploads\/2024\/02\/praying-1280-774-300x181.jpg","large":"https:\/\/ktfnews.com\/wp-content\/uploads\/2024\/02\/praying-1280-774-1024x619.jpg","thumbnail":"https:\/\/ktfnews.com\/wp-content\/uploads\/2024\/02\/praying-1280-774-150x150.jpg","medium_large":"https:\/\/ktfnews.com\/wp-content\/uploads\/2024\/02\/praying-1280-774-768x464.jpg","team-small":"https:\/\/ktfnews.com\/wp-content\/uploads\/2024\/02\/praying-1280-774-138x162.jpg","team-overview":"https:\/\/ktfnews.com\/wp-content\/uploads\/2024\/02\/praying-1280-774-200x279.jpg","team-big":"https:\/\/ktfnews.com\/wp-content\/uploads\/2024\/02\/praying-1280-774-540x270.jpg","two-columns":"https:\/\/ktfnews.com\/wp-content\/uploads\/2024\/02\/praying-1280-774-379x242.jpg","one-column":"https:\/\/ktfnews.com\/wp-content\/uploads\/2024\/02\/praying-1280-774-379x242.jpg","mini-square":"https:\/\/ktfnews.com\/wp-content\/uploads\/2024\/02\/praying-1280-774-70x70.jpg","portfolio-widget-mainpage":"https:\/\/ktfnews.com\/wp-content\/uploads\/2024\/02\/praying-1280-774-335x195.jpg","portfolio-single-ajax":"https:\/\/ktfnews.com\/wp-content\/uploads\/2024\/02\/praying-1280-774-670x280.jpg","portfolio-single-big":"https:\/\/ktfnews.com\/wp-content\/uploads\/2024\/02\/praying-1280-774-685x480.jpg","portfolio-single-small":"https:\/\/ktfnews.com\/wp-content\/uploads\/2024\/02\/praying-1280-774-685x280.jpg","portfolio-single-full-big":"https:\/\/ktfnews.com\/wp-content\/uploads\/2024\/02\/praying-1280-774-960x590.jpg","portfolio-single-full-small":"https:\/\/ktfnews.com\/wp-content\/uploads\/2024\/02\/praying-1280-774-960x250.jpg","gallery-post":"https:\/\/ktfnews.com\/wp-content\/uploads\/2024\/02\/praying-1280-774-182x126.jpg","gallery-post-smaller":"https:\/\/ktfnews.com\/wp-content\/uploads\/2024\/02\/praying-1280-774-158x100.jpg","gallery-standard":"https:\/\/ktfnews.com\/wp-content\/uploads\/2024\/02\/praying-1280-774-257x169.jpg","tooltip-preview":"https:\/\/ktfnews.com\/wp-content\/uploads\/2024\/02\/praying-1280-774-227x133.jpg","widget-content-slider":"https:\/\/ktfnews.com\/wp-content\/uploads\/2024\/02\/praying-1280-774-230x137.jpg","post-top-articles":"https:\/\/ktfnews.com\/wp-content\/uploads\/2024\/02\/praying-1280-774-130x100.jpg","post-single-wide":"https:\/\/ktfnews.com\/wp-content\/uploads\/2024\/02\/praying-1280-774-595x360.jpg","post-single-wide-nocrop":"https:\/\/ktfnews.com\/wp-content\/uploads\/2024\/02\/praying-1280-774-595x360.jpg","post-single-wide-mobile":"https:\/\/ktfnews.com\/wp-content\/uploads\/2024\/02\/praying-1280-774-320x190.jpg","post-single-wide-small":"https:\/\/ktfnews.com\/wp-content\/uploads\/2024\/02\/praying-1280-774-595x190.jpg","post-single-square":"https:\/\/ktfnews.com\/wp-content\/uploads\/2024\/02\/praying-1280-774-120x120.jpg","post-single-full-small":"https:\/\/ktfnews.com\/wp-content\/uploads\/2024\/02\/praying-1280-774-950x360.jpg","post-single-full-big":"https:\/\/ktfnews.com\/wp-content\/uploads\/2024\/02\/praying-1280-774-950x590.jpg","photo-blog":"https:\/\/ktfnews.com\/wp-content\/uploads\/2024\/02\/praying-1280-774-768x464.jpg"},"appp_media":null,"yoast_head":"<!-- This site is optimized with the Yoast SEO plugin v17.3 - https:\/\/yoast.com\/wordpress\/plugins\/seo\/ -->\n<meta name=\"robots\" content=\"index, follow, max-snippet:-1, max-image-preview:large, max-video-preview:-1\" \/>\n<link rel=\"canonical\" href=\"https:\/\/ktfnews.com\/christians-warn-against-german-bill-that-aims-to-crack-down-on-pro-life-prayers\/\" \/>\n<meta property=\"og:locale\" content=\"es_ES\" \/>\n<meta property=\"og:type\" content=\"article\" \/>\n<meta property=\"og:title\" content=\"[:en]Christians warn against German bill that aims to crack down on pro-life prayers[:es]Los cristianos advierten contra el proyecto de ley alem\u00e1n que pretende reprimir las oraciones provida[:] - KEEP the FAITH\" \/>\n<meta property=\"og:description\" content=\"The Christian Post, por Anugrah Kumar: Los cristianos de Alemania est\u00e1n expresando su preocupaci\u00f3n por un proyecto de ley que pretende establecer zonas de censura en torno a los centros abortistas, penalizando potencialmente las oraciones provida y las ofertas de...\" \/>\n<meta property=\"og:url\" content=\"https:\/\/ktfnews.com\/christians-warn-against-german-bill-that-aims-to-crack-down-on-pro-life-prayers\/\" \/>\n<meta property=\"og:site_name\" content=\"KEEP the FAITH\" \/>\n<meta property=\"article:publisher\" content=\"https:\/\/www.facebook.com\/ktfministry\" \/>\n<meta property=\"article:published_time\" content=\"2024-02-22T12:30:36+00:00\" \/>\n<meta property=\"article:modified_time\" content=\"2024-02-22T01:37:31+00:00\" \/>\n<meta property=\"og:image\" content=\"https:\/\/ktfnews.com\/wp-content\/uploads\/2024\/02\/praying-1280-774.jpg\" \/>\n\t<meta property=\"og:image:width\" content=\"1280\" \/>\n\t<meta property=\"og:image:height\" content=\"774\" \/>\n<meta name=\"twitter:card\" content=\"summary_large_image\" \/>\n<meta name=\"twitter:creator\" content=\"@ktfministry\" \/>\n<meta name=\"twitter:site\" content=\"@ktfministry\" \/>\n<meta name=\"twitter:label1\" content=\"Escrito por\" \/>\n\t<meta name=\"twitter:data1\" content=\"Pastor Hal Mayer\" \/>\n\t<meta name=\"twitter:label2\" content=\"Tiempo de lectura\" \/>\n\t<meta name=\"twitter:data2\" content=\"10 minutos\" \/>\n<script type=\"application\/ld+json\" class=\"yoast-schema-graph\">{\"@context\":\"https:\/\/schema.org\",\"@graph\":[{\"@type\":\"WebSite\",\"@id\":\"https:\/\/ktfnews.com\/#website\",\"url\":\"https:\/\/ktfnews.com\/\",\"name\":\"KEEP the FAITH\",\"description\":\"Preparing you for the final conflict between good and evil.\",\"potentialAction\":[{\"@type\":\"SearchAction\",\"target\":{\"@type\":\"EntryPoint\",\"urlTemplate\":\"https:\/\/ktfnews.com\/?s={search_term_string}\"},\"query-input\":\"required name=search_term_string\"}],\"inLanguage\":\"es\"},{\"@type\":\"ImageObject\",\"@id\":\"https:\/\/ktfnews.com\/christians-warn-against-german-bill-that-aims-to-crack-down-on-pro-life-prayers\/#primaryimage\",\"inLanguage\":\"es\",\"url\":\"https:\/\/ktfnews.com\/wp-content\/uploads\/2024\/02\/praying-1280-774.jpg\",\"contentUrl\":\"https:\/\/ktfnews.com\/wp-content\/uploads\/2024\/02\/praying-1280-774.jpg\",\"width\":1280,\"height\":774},{\"@type\":\"WebPage\",\"@id\":\"https:\/\/ktfnews.com\/christians-warn-against-german-bill-that-aims-to-crack-down-on-pro-life-prayers\/#webpage\",\"url\":\"https:\/\/ktfnews.com\/christians-warn-against-german-bill-that-aims-to-crack-down-on-pro-life-prayers\/\",\"name\":\"[:en]Christians warn against German bill that aims to crack down on pro-life prayers[:es]Los cristianos advierten contra el proyecto de ley alem\\u00e1n que pretende reprimir las oraciones provida[:] - KEEP the FAITH\",\"isPartOf\":{\"@id\":\"https:\/\/ktfnews.com\/#website\"},\"primaryImageOfPage\":{\"@id\":\"https:\/\/ktfnews.com\/christians-warn-against-german-bill-that-aims-to-crack-down-on-pro-life-prayers\/#primaryimage\"},\"datePublished\":\"2024-02-22T12:30:36+00:00\",\"dateModified\":\"2024-02-22T01:37:31+00:00\",\"author\":{\"@id\":\"https:\/\/ktfnews.com\/#\/schema\/person\/ba4174513d9169cf8e229b7d8d60410d\"},\"breadcrumb\":{\"@id\":\"https:\/\/ktfnews.com\/christians-warn-against-german-bill-that-aims-to-crack-down-on-pro-life-prayers\/#breadcrumb\"},\"inLanguage\":\"es\",\"potentialAction\":[{\"@type\":\"ReadAction\",\"target\":[\"https:\/\/ktfnews.com\/christians-warn-against-german-bill-that-aims-to-crack-down-on-pro-life-prayers\/\"]}]},{\"@type\":\"BreadcrumbList\",\"@id\":\"https:\/\/ktfnews.com\/christians-warn-against-german-bill-that-aims-to-crack-down-on-pro-life-prayers\/#breadcrumb\",\"itemListElement\":[{\"@type\":\"ListItem\",\"position\":1,\"name\":\"Home\",\"item\":\"https:\/\/ktfnews.com\/\"},{\"@type\":\"ListItem\",\"position\":2,\"name\":\"Briefings\",\"item\":\"https:\/\/ktfnews.com\/category\/briefings\/\"},{\"@type\":\"ListItem\",\"position\":3,\"name\":\"Prophetic Intelligence Briefings\",\"item\":\"https:\/\/ktfnews.com\/category\/briefings\/news\/\"},{\"@type\":\"ListItem\",\"position\":4,\"name\":\"Christians warn against German bill that aims to crack down on pro-life prayers\"}]},{\"@type\":\"Person\",\"@id\":\"https:\/\/ktfnews.com\/#\/schema\/person\/ba4174513d9169cf8e229b7d8d60410d\",\"name\":\"Pastor Hal Mayer\",\"image\":{\"@type\":\"ImageObject\",\"@id\":\"https:\/\/ktfnews.com\/#personlogo\",\"inLanguage\":\"es\",\"url\":\"https:\/\/secure.gravatar.com\/avatar\/051bac95ae650254c5a03467b9456599?s=96&d=mm&r=g\",\"contentUrl\":\"https:\/\/secure.gravatar.com\/avatar\/051bac95ae650254c5a03467b9456599?s=96&d=mm&r=g\",\"caption\":\"Pastor Hal Mayer\"},\"description\":\"Pastor Hal Mayer is speaker and director of Keep the Faith Ministry. For the last 20 years Pastor Mayer\\u2019s monthly prophetic analysis on CD and online has revealed the striking evidence of fulfilling prophecy to many thousands of subscribers all over the world. Pastor Mayer\\u2019s background in history and Bible prophecy give him unique insights and perspectives that have blessed many and helped them make a deeper commitment to the Lord. Keep the Faith Ministry helps those who want to keep abreast of fulfilling prophecy and who want to understand and navigate the unique and difficult circumstances of the end-times. Keep the Faith Ministry helps to prepare you for the second coming of Christ. Pastor Mayer is married to Betsy for more than 40 years. They have no children of their own. \\u201cThe times in which we live are thrilling, because the things prophesied in God\\u2019s word are actually coming to pass in this generation,\\u201d says Pastor Mayer. \\u201cIn a time when the distinctive end-time truths of God\\u2019s word are being censored, and life in this world is becoming more and more chaotic, Keep the Faith is a voice of strength and encouragement.\\u201d\",\"url\":\"https:\/\/ktfnews.com\/es\/author\/hal\/\"}]}<\/script>\n<!-- \/ Yoast SEO plugin. -->","yoast_head_json":{"robots":{"index":"index","follow":"follow","max-snippet":"max-snippet:-1","max-image-preview":"max-image-preview:large","max-video-preview":"max-video-preview:-1"},"canonical":"https:\/\/ktfnews.com\/christians-warn-against-german-bill-that-aims-to-crack-down-on-pro-life-prayers\/","og_locale":"es_ES","og_type":"article","og_title":"[:en]Christians warn against German bill that aims to crack down on pro-life prayers[:es]Los cristianos advierten contra el proyecto de ley alem\u00e1n que pretende reprimir las oraciones provida[:] - KEEP the FAITH","og_description":"The Christian Post, por Anugrah Kumar: Los cristianos de Alemania est\u00e1n expresando su preocupaci\u00f3n por un proyecto de ley que pretende establecer zonas de censura en torno a los centros abortistas, penalizando potencialmente las oraciones provida y las ofertas de...","og_url":"https:\/\/ktfnews.com\/christians-warn-against-german-bill-that-aims-to-crack-down-on-pro-life-prayers\/","og_site_name":"KEEP the FAITH","article_publisher":"https:\/\/www.facebook.com\/ktfministry","article_published_time":"2024-02-22T12:30:36+00:00","article_modified_time":"2024-02-22T01:37:31+00:00","og_image":[{"width":1280,"height":774,"url":"https:\/\/ktfnews.com\/wp-content\/uploads\/2024\/02\/praying-1280-774.jpg","type":"image\/jpeg"}],"twitter_card":"summary_large_image","twitter_creator":"@ktfministry","twitter_site":"@ktfministry","twitter_misc":{"Escrito por":"Pastor Hal Mayer","Tiempo de lectura":"10 minutos"},"schema":{"@context":"https:\/\/schema.org","@graph":[{"@type":"WebSite","@id":"https:\/\/ktfnews.com\/#website","url":"https:\/\/ktfnews.com\/","name":"KEEP the FAITH","description":"Preparing you for the final conflict between good and evil.","potentialAction":[{"@type":"SearchAction","target":{"@type":"EntryPoint","urlTemplate":"https:\/\/ktfnews.com\/?s={search_term_string}"},"query-input":"required name=search_term_string"}],"inLanguage":"es"},{"@type":"ImageObject","@id":"https:\/\/ktfnews.com\/christians-warn-against-german-bill-that-aims-to-crack-down-on-pro-life-prayers\/#primaryimage","inLanguage":"es","url":"https:\/\/ktfnews.com\/wp-content\/uploads\/2024\/02\/praying-1280-774.jpg","contentUrl":"https:\/\/ktfnews.com\/wp-content\/uploads\/2024\/02\/praying-1280-774.jpg","width":1280,"height":774},{"@type":"WebPage","@id":"https:\/\/ktfnews.com\/christians-warn-against-german-bill-that-aims-to-crack-down-on-pro-life-prayers\/#webpage","url":"https:\/\/ktfnews.com\/christians-warn-against-german-bill-that-aims-to-crack-down-on-pro-life-prayers\/","name":"[:en]Christians warn against German bill that aims to crack down on pro-life prayers[:es]Los cristianos advierten contra el proyecto de ley alem\u00e1n que pretende reprimir las oraciones provida[:] - KEEP the FAITH","isPartOf":{"@id":"https:\/\/ktfnews.com\/#website"},"primaryImageOfPage":{"@id":"https:\/\/ktfnews.com\/christians-warn-against-german-bill-that-aims-to-crack-down-on-pro-life-prayers\/#primaryimage"},"datePublished":"2024-02-22T12:30:36+00:00","dateModified":"2024-02-22T01:37:31+00:00","author":{"@id":"https:\/\/ktfnews.com\/#\/schema\/person\/ba4174513d9169cf8e229b7d8d60410d"},"breadcrumb":{"@id":"https:\/\/ktfnews.com\/christians-warn-against-german-bill-that-aims-to-crack-down-on-pro-life-prayers\/#breadcrumb"},"inLanguage":"es","potentialAction":[{"@type":"ReadAction","target":["https:\/\/ktfnews.com\/christians-warn-against-german-bill-that-aims-to-crack-down-on-pro-life-prayers\/"]}]},{"@type":"BreadcrumbList","@id":"https:\/\/ktfnews.com\/christians-warn-against-german-bill-that-aims-to-crack-down-on-pro-life-prayers\/#breadcrumb","itemListElement":[{"@type":"ListItem","position":1,"name":"Home","item":"https:\/\/ktfnews.com\/"},{"@type":"ListItem","position":2,"name":"Briefings","item":"https:\/\/ktfnews.com\/category\/briefings\/"},{"@type":"ListItem","position":3,"name":"Prophetic Intelligence Briefings","item":"https:\/\/ktfnews.com\/category\/briefings\/news\/"},{"@type":"ListItem","position":4,"name":"Christians warn against German bill that aims to crack down on pro-life prayers"}]},{"@type":"Person","@id":"https:\/\/ktfnews.com\/#\/schema\/person\/ba4174513d9169cf8e229b7d8d60410d","name":"Pastor Hal Mayer","image":{"@type":"ImageObject","@id":"https:\/\/ktfnews.com\/#personlogo","inLanguage":"es","url":"https:\/\/secure.gravatar.com\/avatar\/051bac95ae650254c5a03467b9456599?s=96&d=mm&r=g","contentUrl":"https:\/\/secure.gravatar.com\/avatar\/051bac95ae650254c5a03467b9456599?s=96&d=mm&r=g","caption":"Pastor Hal Mayer"},"description":"Pastor Hal Mayer is speaker and director of Keep the Faith Ministry. For the last 20 years Pastor Mayer\u2019s monthly prophetic analysis on CD and online has revealed the striking evidence of fulfilling prophecy to many thousands of subscribers all over the world. Pastor Mayer\u2019s background in history and Bible prophecy give him unique insights and perspectives that have blessed many and helped them make a deeper commitment to the Lord. Keep the Faith Ministry helps those who want to keep abreast of fulfilling prophecy and who want to understand and navigate the unique and difficult circumstances of the end-times. Keep the Faith Ministry helps to prepare you for the second coming of Christ. Pastor Mayer is married to Betsy for more than 40 years. They have no children of their own. \u201cThe times in which we live are thrilling, because the things prophesied in God\u2019s word are actually coming to pass in this generation,\u201d says Pastor Mayer. \u201cIn a time when the distinctive end-time truths of God\u2019s word are being censored, and life in this world is becoming more and more chaotic, Keep the Faith is a voice of strength and encouragement.\u201d","url":"https:\/\/ktfnews.com\/es\/author\/hal\/"}]}},"_links":{"self":[{"href":"https:\/\/ktfnews.com\/es\/wp-json\/wp\/v2\/posts\/29254"}],"collection":[{"href":"https:\/\/ktfnews.com\/es\/wp-json\/wp\/v2\/posts"}],"about":[{"href":"https:\/\/ktfnews.com\/es\/wp-json\/wp\/v2\/types\/post"}],"author":[{"embeddable":true,"href":"https:\/\/ktfnews.com\/es\/wp-json\/wp\/v2\/users\/6"}],"replies":[{"embeddable":true,"href":"https:\/\/ktfnews.com\/es\/wp-json\/wp\/v2\/comments?post=29254"}],"version-history":[{"count":2,"href":"https:\/\/ktfnews.com\/es\/wp-json\/wp\/v2\/posts\/29254\/revisions"}],"predecessor-version":[{"id":29259,"href":"https:\/\/ktfnews.com\/es\/wp-json\/wp\/v2\/posts\/29254\/revisions\/29259"}],"wp:featuredmedia":[{"embeddable":true,"href":"https:\/\/ktfnews.com\/es\/wp-json\/wp\/v2\/media\/29255"}],"wp:attachment":[{"href":"https:\/\/ktfnews.com\/es\/wp-json\/wp\/v2\/media?parent=29254"}],"wp:term":[{"taxonomy":"category","embeddable":true,"href":"https:\/\/ktfnews.com\/es\/wp-json\/wp\/v2\/categories?post=29254"},{"taxonomy":"post_tag","embeddable":true,"href":"https:\/\/ktfnews.com\/es\/wp-json\/wp\/v2\/tags?post=29254"}],"curies":[{"name":"wp","href":"https:\/\/api.w.org\/{rel}","templated":true}]}}