{"id":29237,"date":"2024-02-20T07:30:13","date_gmt":"2024-02-20T12:30:13","guid":{"rendered":"https:\/\/ktfnews.com\/?p=29237"},"modified":"2024-02-21T00:44:43","modified_gmt":"2024-02-21T05:44:43","slug":"germany-starts-work-on-ammo-factory-to-counter-new-threats","status":"publish","type":"post","link":"https:\/\/ktfnews.com\/es\/germany-starts-work-on-ammo-factory-to-counter-new-threats\/","title":{"rendered":"Alemania inicia las obras de una f\u00e1brica de munici\u00f3n para hacer frente a nuevas amenazas"},"content":{"rendered":"<p><i>DW<\/i>: El canciller alem\u00e1n, Olaf Scholz, y el ministro de Defensa, Boris Pistorius, llegaron el lunes a una peque\u00f1a localidad de Baja Sajonia para asistir a la ceremonia de colocaci\u00f3n de la primera piedra de una nueva f\u00e1brica de munici\u00f3n de artiller\u00eda.<\/p>\n<p>La obra est\u00e1 siendo construida por el contratista de defensa Rheinmetall en la localidad de Unterl\u00fcss, entre Hannover y Hamburgo, donde la empresa ya cuenta con instalaciones de producci\u00f3n.<\/p>\n<p>La construcci\u00f3n de la nueva f\u00e1brica de munici\u00f3n de artiller\u00eda se produce en medio de un aumento de la demanda, ya que los pa\u00edses pretenden reforzar los suministros a Ucrania y mantener llenas sus propias reservas.<\/p>\n<p><strong>Cientos de miles de proyectiles al a\u00f1o<\/strong><\/p>\n<p>Rheinmetall, cuyas acciones se han m\u00e1s que duplicado tras la invasi\u00f3n rusa de Ucrania, produce una serie de equipos militares que se han convertido en esenciales para la defensa de Ucrania, como el ca\u00f1\u00f3n del Leopard 2 y un ob\u00fas de largo alcance, el Panzerhaubitze 2000.<\/p>\n<p>Pero la munici\u00f3n de artiller\u00eda ha cobrado cada vez m\u00e1s protagonismo al admitir recientemente la UE que no podr\u00eda cumplir su promesa de suministrar a Ucrania un mill\u00f3n de proyectiles de artiller\u00eda antes de marzo.<\/p>\n<p>El director general de Rheinmetall, Armin Papperger, declar\u00f3 el lunes al diario alem\u00e1n Tagesspiegel que, una vez terminadas las nuevas instalaciones, Alemania tendr\u00e1 capacidad para producir 200.000 proyectiles de artiller\u00eda al a\u00f1o.<\/p>\n<p>\u00abUcrania recibir\u00e1 varios cientos de miles de proyectiles s\u00f3lo de nosotros este a\u00f1o\u00bb, dijo, as\u00ed como \u00abvarias docenas de veh\u00edculos blindados de transporte de tropas y tanques\u00bb, adem\u00e1s de sistemas de defensa a\u00e9rea.<\/p>\n<p>La cadena p\u00fablica alemana NDR inform\u00f3 de que la empresa hab\u00eda invertido 300 millones de euros (323 millones de d\u00f3lares) en el proyecto y esperaba crear 500 nuevos puestos de trabajo.<\/p>\n<p>Numerosas personas, entre ellas agricultores con tractores, tambi\u00e9n se congregaron el lunes ante las instalaciones, aunque no estaba claro cu\u00e1ntas estaban all\u00ed para protestar por la construcci\u00f3n de una nueva f\u00e1brica de armas y cu\u00e1ntas simplemente protestaban contra Scholz y su gobierno de coalici\u00f3n.<\/p>\n<p><strong>La \u00abZeitenwende\u00bb de Scholz en la pr\u00e1ctica<\/strong><\/p>\n<p>La asistencia de Scholz al simb\u00f3lico acto de colocaci\u00f3n de la primera piedra puede convertirse en uno de los momentos m\u00e1s destacados de su canciller\u00eda, tras anunciar la \u00abZeitenwende\u00bb -o cambio de los tiempos- d\u00edas despu\u00e9s de que las tropas rusas entraran en masa en Ucrania en febrero de 2022.<\/p>\n<p>Consist\u00eda en un programa \u00fanico de rearme con un presupuesto de 100.000 millones de euros que se utilizar\u00eda para poner al d\u00eda la Bundeswehr e impulsar la defensa colectiva de la UE.<\/p>\n<p>Ha habido pocos avances sustanciales desde aquel anuncio, pero Papperger dijo que le parec\u00eda correcto que Scholz considerara el inicio de las obras de la nueva instalaci\u00f3n como un \u00ab\u00e9xito\u00bb del canciller.<\/p>\n<p>Rheinmetall -que recibi\u00f3 contratos del Estado alem\u00e1n por valor de 10.000 millones de euros el a\u00f1o pasado, y espera un volumen a\u00fan mayor este a\u00f1o- tambi\u00e9n dijo que podr\u00eda asumir parte de la carga si EE.UU. reduce o interrumpe por completo su propio apoyo a Ucrania.<\/p>\n<p>\u00abTodav\u00eda podemos ampliar nuestra producci\u00f3n, tanto en Ucrania como en Alemania\u00bb, declar\u00f3 Papperger a Tagesspiegel refiri\u00e9ndose a una nueva instalaci\u00f3n que se est\u00e1 creando en Ucrania para la producci\u00f3n de veh\u00edculos blindados.<\/p>\n<p>Nuestro comentario:<br \/>\n\u00bfSe est\u00e1 preparando Alemania para la guerra?<\/p>\n<p>Conexi\u00f3n Prof\u00e9tica:<br \/>\n\u00abY oir\u00e9is guerras y rumores de guerras; mirad que no os turb\u00e9is; porque es necesario que todo esto suceda, pero a\u00fan no es el fin.\u00bb Mateo 24:6.<\/p>\n<hr \/>\n<h3>Source References<\/h3>\n<ul>\n<li>\n<h5><a href=\"https:\/\/www.dw.com\/en\/germany-starts-work-on-ammo-factory-to-counter-new-threats\/a-68231509\" target=\"_blank\" rel=\"noopener\">Germany starts work on ammo factory to counter new threats<\/a><\/h5>\n<\/li>\n<\/ul>\n<p><\/p>\n<!-- AddThis Advanced Settings generic via filter on the_content -->","protected":false},"excerpt":{"rendered":"<p>DW: El canciller alem\u00e1n, Olaf Scholz, y el ministro de Defensa, Boris Pistorius, llegaron el lunes a una peque\u00f1a localidad de Baja Sajonia para asistir a la ceremonia de colocaci\u00f3n de la primera piedra de una nueva f\u00e1brica de munici\u00f3n&#8230;<!-- AddThis Advanced Settings generic via filter on wp_trim_excerpt --><\/p>\n","protected":false},"author":6,"featured_media":29238,"comment_status":"open","ping_status":"open","sticky":false,"template":"","format":"standard","meta":{"episode_type":"","audio_file":"","duration":"","filesize":"","date_recorded":"","explicit":"","block":"","filesize_raw":"","_FSMCFIC_featured_image_caption":"Image: Defense Visual Information Distribution Service","_FSMCFIC_featured_image_nocaption":null,"_FSMCFIC_featured_image_hide":null,"_links_to":"","_links_to_target":""},"categories":[722,32],"tags":[205,71],"featured_image_urls":{"medium":"https:\/\/ktfnews.com\/wp-content\/uploads\/2024\/02\/artillery-shells-1280-774-300x181.jpg","large":"https:\/\/ktfnews.com\/wp-content\/uploads\/2024\/02\/artillery-shells-1280-774-1024x619.jpg","thumbnail":"https:\/\/ktfnews.com\/wp-content\/uploads\/2024\/02\/artillery-shells-1280-774-150x150.jpg","medium_large":"https:\/\/ktfnews.com\/wp-content\/uploads\/2024\/02\/artillery-shells-1280-774-768x464.jpg","team-small":"https:\/\/ktfnews.com\/wp-content\/uploads\/2024\/02\/artillery-shells-1280-774-138x162.jpg","team-overview":"https:\/\/ktfnews.com\/wp-content\/uploads\/2024\/02\/artillery-shells-1280-774-200x279.jpg","team-big":"https:\/\/ktfnews.com\/wp-content\/uploads\/2024\/02\/artillery-shells-1280-774-540x270.jpg","two-columns":"https:\/\/ktfnews.com\/wp-content\/uploads\/2024\/02\/artillery-shells-1280-774-379x242.jpg","one-column":"https:\/\/ktfnews.com\/wp-content\/uploads\/2024\/02\/artillery-shells-1280-774-379x242.jpg","mini-square":"https:\/\/ktfnews.com\/wp-content\/uploads\/2024\/02\/artillery-shells-1280-774-70x70.jpg","portfolio-widget-mainpage":"https:\/\/ktfnews.com\/wp-content\/uploads\/2024\/02\/artillery-shells-1280-774-335x195.jpg","portfolio-single-ajax":"https:\/\/ktfnews.com\/wp-content\/uploads\/2024\/02\/artillery-shells-1280-774-670x280.jpg","portfolio-single-big":"https:\/\/ktfnews.com\/wp-content\/uploads\/2024\/02\/artillery-shells-1280-774-685x480.jpg","portfolio-single-small":"https:\/\/ktfnews.com\/wp-content\/uploads\/2024\/02\/artillery-shells-1280-774-685x280.jpg","portfolio-single-full-big":"https:\/\/ktfnews.com\/wp-content\/uploads\/2024\/02\/artillery-shells-1280-774-960x590.jpg","portfolio-single-full-small":"https:\/\/ktfnews.com\/wp-content\/uploads\/2024\/02\/artillery-shells-1280-774-960x250.jpg","gallery-post":"https:\/\/ktfnews.com\/wp-content\/uploads\/2024\/02\/artillery-shells-1280-774-182x126.jpg","gallery-post-smaller":"https:\/\/ktfnews.com\/wp-content\/uploads\/2024\/02\/artillery-shells-1280-774-158x100.jpg","gallery-standard":"https:\/\/ktfnews.com\/wp-content\/uploads\/2024\/02\/artillery-shells-1280-774-257x169.jpg","tooltip-preview":"https:\/\/ktfnews.com\/wp-content\/uploads\/2024\/02\/artillery-shells-1280-774-227x133.jpg","widget-content-slider":"https:\/\/ktfnews.com\/wp-content\/uploads\/2024\/02\/artillery-shells-1280-774-230x137.jpg","post-top-articles":"https:\/\/ktfnews.com\/wp-content\/uploads\/2024\/02\/artillery-shells-1280-774-130x100.jpg","post-single-wide":"https:\/\/ktfnews.com\/wp-content\/uploads\/2024\/02\/artillery-shells-1280-774-595x360.jpg","post-single-wide-nocrop":"https:\/\/ktfnews.com\/wp-content\/uploads\/2024\/02\/artillery-shells-1280-774-595x360.jpg","post-single-wide-mobile":"https:\/\/ktfnews.com\/wp-content\/uploads\/2024\/02\/artillery-shells-1280-774-320x190.jpg","post-single-wide-small":"https:\/\/ktfnews.com\/wp-content\/uploads\/2024\/02\/artillery-shells-1280-774-595x190.jpg","post-single-square":"https:\/\/ktfnews.com\/wp-content\/uploads\/2024\/02\/artillery-shells-1280-774-120x120.jpg","post-single-full-small":"https:\/\/ktfnews.com\/wp-content\/uploads\/2024\/02\/artillery-shells-1280-774-950x360.jpg","post-single-full-big":"https:\/\/ktfnews.com\/wp-content\/uploads\/2024\/02\/artillery-shells-1280-774-950x590.jpg","photo-blog":"https:\/\/ktfnews.com\/wp-content\/uploads\/2024\/02\/artillery-shells-1280-774-768x464.jpg"},"appp_media":null,"yoast_head":"<!-- This site is optimized with the Yoast SEO plugin v17.3 - https:\/\/yoast.com\/wordpress\/plugins\/seo\/ -->\n<meta name=\"robots\" content=\"index, follow, max-snippet:-1, max-image-preview:large, max-video-preview:-1\" \/>\n<link rel=\"canonical\" href=\"https:\/\/ktfnews.com\/germany-starts-work-on-ammo-factory-to-counter-new-threats\/\" \/>\n<meta property=\"og:locale\" content=\"es_ES\" \/>\n<meta property=\"og:type\" content=\"article\" \/>\n<meta property=\"og:title\" content=\"[:en]Germany starts work on ammo factory to counter new threats[:es]Alemania inicia las obras de una f\u00e1brica de munici\u00f3n para hacer frente a nuevas amenazas[:] - KEEP the FAITH\" \/>\n<meta property=\"og:description\" content=\"DW: El canciller alem\u00e1n, Olaf Scholz, y el ministro de Defensa, Boris Pistorius, llegaron el lunes a una peque\u00f1a localidad de Baja Sajonia para asistir a la ceremonia de colocaci\u00f3n de la primera piedra de una nueva f\u00e1brica de munici\u00f3n...\" \/>\n<meta property=\"og:url\" content=\"https:\/\/ktfnews.com\/germany-starts-work-on-ammo-factory-to-counter-new-threats\/\" \/>\n<meta property=\"og:site_name\" content=\"KEEP the FAITH\" \/>\n<meta property=\"article:publisher\" content=\"https:\/\/www.facebook.com\/ktfministry\" \/>\n<meta property=\"article:published_time\" content=\"2024-02-20T12:30:13+00:00\" \/>\n<meta property=\"article:modified_time\" content=\"2024-02-21T05:44:43+00:00\" \/>\n<meta property=\"og:image\" content=\"https:\/\/ktfnews.com\/wp-content\/uploads\/2024\/02\/artillery-shells-1280-774.jpg\" \/>\n\t<meta property=\"og:image:width\" content=\"1280\" \/>\n\t<meta property=\"og:image:height\" content=\"774\" \/>\n<meta name=\"twitter:card\" content=\"summary_large_image\" \/>\n<meta name=\"twitter:creator\" content=\"@ktfministry\" \/>\n<meta name=\"twitter:site\" content=\"@ktfministry\" \/>\n<meta name=\"twitter:label1\" content=\"Escrito por\" \/>\n\t<meta name=\"twitter:data1\" content=\"Pastor Hal Mayer\" \/>\n\t<meta name=\"twitter:label2\" content=\"Tiempo de lectura\" \/>\n\t<meta name=\"twitter:data2\" content=\"10 minutos\" \/>\n<script type=\"application\/ld+json\" class=\"yoast-schema-graph\">{\"@context\":\"https:\/\/schema.org\",\"@graph\":[{\"@type\":\"WebSite\",\"@id\":\"https:\/\/ktfnews.com\/#website\",\"url\":\"https:\/\/ktfnews.com\/\",\"name\":\"KEEP the FAITH\",\"description\":\"Preparing you for the final conflict between good and evil.\",\"potentialAction\":[{\"@type\":\"SearchAction\",\"target\":{\"@type\":\"EntryPoint\",\"urlTemplate\":\"https:\/\/ktfnews.com\/?s={search_term_string}\"},\"query-input\":\"required name=search_term_string\"}],\"inLanguage\":\"es\"},{\"@type\":\"ImageObject\",\"@id\":\"https:\/\/ktfnews.com\/germany-starts-work-on-ammo-factory-to-counter-new-threats\/#primaryimage\",\"inLanguage\":\"es\",\"url\":\"https:\/\/ktfnews.com\/wp-content\/uploads\/2024\/02\/artillery-shells-1280-774.jpg\",\"contentUrl\":\"https:\/\/ktfnews.com\/wp-content\/uploads\/2024\/02\/artillery-shells-1280-774.jpg\",\"width\":1280,\"height\":774},{\"@type\":\"WebPage\",\"@id\":\"https:\/\/ktfnews.com\/germany-starts-work-on-ammo-factory-to-counter-new-threats\/#webpage\",\"url\":\"https:\/\/ktfnews.com\/germany-starts-work-on-ammo-factory-to-counter-new-threats\/\",\"name\":\"[:en]Germany starts work on ammo factory to counter new threats[:es]Alemania inicia las obras de una f\\u00e1brica de munici\\u00f3n para hacer frente a nuevas amenazas[:] - KEEP the FAITH\",\"isPartOf\":{\"@id\":\"https:\/\/ktfnews.com\/#website\"},\"primaryImageOfPage\":{\"@id\":\"https:\/\/ktfnews.com\/germany-starts-work-on-ammo-factory-to-counter-new-threats\/#primaryimage\"},\"datePublished\":\"2024-02-20T12:30:13+00:00\",\"dateModified\":\"2024-02-21T05:44:43+00:00\",\"author\":{\"@id\":\"https:\/\/ktfnews.com\/#\/schema\/person\/ba4174513d9169cf8e229b7d8d60410d\"},\"breadcrumb\":{\"@id\":\"https:\/\/ktfnews.com\/germany-starts-work-on-ammo-factory-to-counter-new-threats\/#breadcrumb\"},\"inLanguage\":\"es\",\"potentialAction\":[{\"@type\":\"ReadAction\",\"target\":[\"https:\/\/ktfnews.com\/germany-starts-work-on-ammo-factory-to-counter-new-threats\/\"]}]},{\"@type\":\"BreadcrumbList\",\"@id\":\"https:\/\/ktfnews.com\/germany-starts-work-on-ammo-factory-to-counter-new-threats\/#breadcrumb\",\"itemListElement\":[{\"@type\":\"ListItem\",\"position\":1,\"name\":\"Home\",\"item\":\"https:\/\/ktfnews.com\/\"},{\"@type\":\"ListItem\",\"position\":2,\"name\":\"Briefings\",\"item\":\"https:\/\/ktfnews.com\/category\/briefings\/\"},{\"@type\":\"ListItem\",\"position\":3,\"name\":\"Prophetic Intelligence Briefings\",\"item\":\"https:\/\/ktfnews.com\/category\/briefings\/news\/\"},{\"@type\":\"ListItem\",\"position\":4,\"name\":\"Germany starts work on ammo factory to counter new threats\"}]},{\"@type\":\"Person\",\"@id\":\"https:\/\/ktfnews.com\/#\/schema\/person\/ba4174513d9169cf8e229b7d8d60410d\",\"name\":\"Pastor Hal Mayer\",\"image\":{\"@type\":\"ImageObject\",\"@id\":\"https:\/\/ktfnews.com\/#personlogo\",\"inLanguage\":\"es\",\"url\":\"https:\/\/secure.gravatar.com\/avatar\/051bac95ae650254c5a03467b9456599?s=96&d=mm&r=g\",\"contentUrl\":\"https:\/\/secure.gravatar.com\/avatar\/051bac95ae650254c5a03467b9456599?s=96&d=mm&r=g\",\"caption\":\"Pastor Hal Mayer\"},\"description\":\"Pastor Hal Mayer is speaker and director of Keep the Faith Ministry. For the last 20 years Pastor Mayer\\u2019s monthly prophetic analysis on CD and online has revealed the striking evidence of fulfilling prophecy to many thousands of subscribers all over the world. Pastor Mayer\\u2019s background in history and Bible prophecy give him unique insights and perspectives that have blessed many and helped them make a deeper commitment to the Lord. Keep the Faith Ministry helps those who want to keep abreast of fulfilling prophecy and who want to understand and navigate the unique and difficult circumstances of the end-times. Keep the Faith Ministry helps to prepare you for the second coming of Christ. Pastor Mayer is married to Betsy for more than 40 years. They have no children of their own. \\u201cThe times in which we live are thrilling, because the things prophesied in God\\u2019s word are actually coming to pass in this generation,\\u201d says Pastor Mayer. \\u201cIn a time when the distinctive end-time truths of God\\u2019s word are being censored, and life in this world is becoming more and more chaotic, Keep the Faith is a voice of strength and encouragement.\\u201d\",\"url\":\"https:\/\/ktfnews.com\/es\/author\/hal\/\"}]}<\/script>\n<!-- \/ Yoast SEO plugin. -->","yoast_head_json":{"robots":{"index":"index","follow":"follow","max-snippet":"max-snippet:-1","max-image-preview":"max-image-preview:large","max-video-preview":"max-video-preview:-1"},"canonical":"https:\/\/ktfnews.com\/germany-starts-work-on-ammo-factory-to-counter-new-threats\/","og_locale":"es_ES","og_type":"article","og_title":"[:en]Germany starts work on ammo factory to counter new threats[:es]Alemania inicia las obras de una f\u00e1brica de munici\u00f3n para hacer frente a nuevas amenazas[:] - KEEP the FAITH","og_description":"DW: El canciller alem\u00e1n, Olaf Scholz, y el ministro de Defensa, Boris Pistorius, llegaron el lunes a una peque\u00f1a localidad de Baja Sajonia para asistir a la ceremonia de colocaci\u00f3n de la primera piedra de una nueva f\u00e1brica de munici\u00f3n...","og_url":"https:\/\/ktfnews.com\/germany-starts-work-on-ammo-factory-to-counter-new-threats\/","og_site_name":"KEEP the FAITH","article_publisher":"https:\/\/www.facebook.com\/ktfministry","article_published_time":"2024-02-20T12:30:13+00:00","article_modified_time":"2024-02-21T05:44:43+00:00","og_image":[{"width":1280,"height":774,"url":"https:\/\/ktfnews.com\/wp-content\/uploads\/2024\/02\/artillery-shells-1280-774.jpg","type":"image\/jpeg"}],"twitter_card":"summary_large_image","twitter_creator":"@ktfministry","twitter_site":"@ktfministry","twitter_misc":{"Escrito por":"Pastor Hal Mayer","Tiempo de lectura":"10 minutos"},"schema":{"@context":"https:\/\/schema.org","@graph":[{"@type":"WebSite","@id":"https:\/\/ktfnews.com\/#website","url":"https:\/\/ktfnews.com\/","name":"KEEP the FAITH","description":"Preparing you for the final conflict between good and evil.","potentialAction":[{"@type":"SearchAction","target":{"@type":"EntryPoint","urlTemplate":"https:\/\/ktfnews.com\/?s={search_term_string}"},"query-input":"required name=search_term_string"}],"inLanguage":"es"},{"@type":"ImageObject","@id":"https:\/\/ktfnews.com\/germany-starts-work-on-ammo-factory-to-counter-new-threats\/#primaryimage","inLanguage":"es","url":"https:\/\/ktfnews.com\/wp-content\/uploads\/2024\/02\/artillery-shells-1280-774.jpg","contentUrl":"https:\/\/ktfnews.com\/wp-content\/uploads\/2024\/02\/artillery-shells-1280-774.jpg","width":1280,"height":774},{"@type":"WebPage","@id":"https:\/\/ktfnews.com\/germany-starts-work-on-ammo-factory-to-counter-new-threats\/#webpage","url":"https:\/\/ktfnews.com\/germany-starts-work-on-ammo-factory-to-counter-new-threats\/","name":"[:en]Germany starts work on ammo factory to counter new threats[:es]Alemania inicia las obras de una f\u00e1brica de munici\u00f3n para hacer frente a nuevas amenazas[:] - KEEP the FAITH","isPartOf":{"@id":"https:\/\/ktfnews.com\/#website"},"primaryImageOfPage":{"@id":"https:\/\/ktfnews.com\/germany-starts-work-on-ammo-factory-to-counter-new-threats\/#primaryimage"},"datePublished":"2024-02-20T12:30:13+00:00","dateModified":"2024-02-21T05:44:43+00:00","author":{"@id":"https:\/\/ktfnews.com\/#\/schema\/person\/ba4174513d9169cf8e229b7d8d60410d"},"breadcrumb":{"@id":"https:\/\/ktfnews.com\/germany-starts-work-on-ammo-factory-to-counter-new-threats\/#breadcrumb"},"inLanguage":"es","potentialAction":[{"@type":"ReadAction","target":["https:\/\/ktfnews.com\/germany-starts-work-on-ammo-factory-to-counter-new-threats\/"]}]},{"@type":"BreadcrumbList","@id":"https:\/\/ktfnews.com\/germany-starts-work-on-ammo-factory-to-counter-new-threats\/#breadcrumb","itemListElement":[{"@type":"ListItem","position":1,"name":"Home","item":"https:\/\/ktfnews.com\/"},{"@type":"ListItem","position":2,"name":"Briefings","item":"https:\/\/ktfnews.com\/category\/briefings\/"},{"@type":"ListItem","position":3,"name":"Prophetic Intelligence Briefings","item":"https:\/\/ktfnews.com\/category\/briefings\/news\/"},{"@type":"ListItem","position":4,"name":"Germany starts work on ammo factory to counter new threats"}]},{"@type":"Person","@id":"https:\/\/ktfnews.com\/#\/schema\/person\/ba4174513d9169cf8e229b7d8d60410d","name":"Pastor Hal Mayer","image":{"@type":"ImageObject","@id":"https:\/\/ktfnews.com\/#personlogo","inLanguage":"es","url":"https:\/\/secure.gravatar.com\/avatar\/051bac95ae650254c5a03467b9456599?s=96&d=mm&r=g","contentUrl":"https:\/\/secure.gravatar.com\/avatar\/051bac95ae650254c5a03467b9456599?s=96&d=mm&r=g","caption":"Pastor Hal Mayer"},"description":"Pastor Hal Mayer is speaker and director of Keep the Faith Ministry. For the last 20 years Pastor Mayer\u2019s monthly prophetic analysis on CD and online has revealed the striking evidence of fulfilling prophecy to many thousands of subscribers all over the world. Pastor Mayer\u2019s background in history and Bible prophecy give him unique insights and perspectives that have blessed many and helped them make a deeper commitment to the Lord. Keep the Faith Ministry helps those who want to keep abreast of fulfilling prophecy and who want to understand and navigate the unique and difficult circumstances of the end-times. Keep the Faith Ministry helps to prepare you for the second coming of Christ. Pastor Mayer is married to Betsy for more than 40 years. They have no children of their own. \u201cThe times in which we live are thrilling, because the things prophesied in God\u2019s word are actually coming to pass in this generation,\u201d says Pastor Mayer. \u201cIn a time when the distinctive end-time truths of God\u2019s word are being censored, and life in this world is becoming more and more chaotic, Keep the Faith is a voice of strength and encouragement.\u201d","url":"https:\/\/ktfnews.com\/es\/author\/hal\/"}]}},"_links":{"self":[{"href":"https:\/\/ktfnews.com\/es\/wp-json\/wp\/v2\/posts\/29237"}],"collection":[{"href":"https:\/\/ktfnews.com\/es\/wp-json\/wp\/v2\/posts"}],"about":[{"href":"https:\/\/ktfnews.com\/es\/wp-json\/wp\/v2\/types\/post"}],"author":[{"embeddable":true,"href":"https:\/\/ktfnews.com\/es\/wp-json\/wp\/v2\/users\/6"}],"replies":[{"embeddable":true,"href":"https:\/\/ktfnews.com\/es\/wp-json\/wp\/v2\/comments?post=29237"}],"version-history":[{"count":2,"href":"https:\/\/ktfnews.com\/es\/wp-json\/wp\/v2\/posts\/29237\/revisions"}],"predecessor-version":[{"id":29247,"href":"https:\/\/ktfnews.com\/es\/wp-json\/wp\/v2\/posts\/29237\/revisions\/29247"}],"wp:featuredmedia":[{"embeddable":true,"href":"https:\/\/ktfnews.com\/es\/wp-json\/wp\/v2\/media\/29238"}],"wp:attachment":[{"href":"https:\/\/ktfnews.com\/es\/wp-json\/wp\/v2\/media?parent=29237"}],"wp:term":[{"taxonomy":"category","embeddable":true,"href":"https:\/\/ktfnews.com\/es\/wp-json\/wp\/v2\/categories?post=29237"},{"taxonomy":"post_tag","embeddable":true,"href":"https:\/\/ktfnews.com\/es\/wp-json\/wp\/v2\/tags?post=29237"}],"curies":[{"name":"wp","href":"https:\/\/api.w.org\/{rel}","templated":true}]}}