{"id":29194,"date":"2024-02-13T07:30:24","date_gmt":"2024-02-13T12:30:24","guid":{"rendered":"https:\/\/ktfnews.com\/?p=29194"},"modified":"2024-02-13T21:13:13","modified_gmt":"2024-02-14T02:13:13","slug":"pope-no-work-sundays-good-not-just-for-faithful","status":"publish","type":"post","link":"https:\/\/ktfnews.com\/es\/pope-no-work-sundays-good-not-just-for-faithful\/","title":{"rendered":"El Papa: Los domingos sin trabajo son buenos, no s\u00f3lo para los fieles"},"content":{"rendered":"<p><i>AP Noticias<\/i>: El Papa Francisco ha lamentado el abandono de la pr\u00e1ctica tradicionalmente cristiana de no trabajar los domingos, diciendo que tiene un impacto negativo en las familias y las amistades.<\/p>\n<p>Francisco viaj\u00f3 el s\u00e1bado a Molise, una regi\u00f3n agr\u00edcola en el coraz\u00f3n del sur de Italia donde el desempleo es cr\u00f3nicamente alto. Aunque dijo que los pobres necesitan trabajo para tener dignidad, indic\u00f3 que abrir tiendas y otros negocios los domingos como forma de crear empleo no era beneficioso para la sociedad.<\/p>\n<p>Francisco dijo que la prioridad no debe ser \u00abecon\u00f3mica, sino humana\u00bb, y que el acento debe ponerse en las familias y las amistades, no en las relaciones comerciales. Y a\u00f1adi\u00f3: \u00abQuiz\u00e1 sea el momento de preguntarnos si trabajar los domingos es verdadera libertad\u00bb.<\/p>\n<p>Dijo que pasar los domingos con la familia y los amigos es una \u00abelecci\u00f3n \u00e9tica\u00bb tanto para fieles como para no fieles.<\/p>\n<p>Francisco, de 77 a\u00f1os, parece haberse recuperado de una serie de enfermedades que le han obligado a cancelar varias citas recientemente. Vol\u00f3 en helic\u00f3ptero a Molise para un d\u00eda completo de actividad, incluyendo un almuerzo con gente pobre y una visita a una prisi\u00f3n.<\/p>\n<p>El Pont\u00edfice se movi\u00f3 con energ\u00eda y sonri\u00f3 a menudo mientras saludaba a la multitud. El Vaticano hab\u00eda descrito los problemas de salud como \u00ableves\u00bb, pero no dio m\u00e1s detalles.<\/p>\n<p>En un momento dado, el Papa, hablando de improviso, anim\u00f3 a los padres a pasar m\u00e1s tiempo con sus hijos. Brome\u00f3: \u00ab\u00a1Perded tiempo con vuestros hijos!\u00bb. Dijo que le gustaba preguntar a los padres: \u00ab\u00bfPas\u00e1is tiempo con vuestros hijos? <\/p>\n<p>Francisco regresar\u00e1 a la Ciudad del Vaticano el s\u00e1bado.<\/p>\n<p>Conexi\u00f3n Prof\u00e9tica:<br \/>\n\u201cPero la cuesti\u00f3n de la observancia del s\u00e1bado y del domingo se agitar\u00e1 en todas partes, y los enga\u00f1os de Satan\u00e1s inundar\u00e1n el mundo. El hombre de pecado ha instituido un s\u00e1bado espurio, y el mundo protestante ha tomado a este hijo del papado y lo ha acunado y alimentado. Satan\u00e1s quiere hacer que todas las naciones beban del vino de la ira de la fornicaci\u00f3n de Babilonia. Los hombres se est\u00e1n uniendo en lazos de uni\u00f3n para mostrar su deslealtad al Dios del cielo. El primer d\u00eda de la semana debe ser exaltado y presentado a todos para su observancia. \u00bfSeremos part\u00edcipes de esta copa de abominaci\u00f3n? \u00bfNos inclinaremos ante las autoridades de la tierra y despreciaremos a Dios?\u00bb Ellen G. White, <i>Review and Herald<\/i>, 15 de abril de 1890.<\/p>\n<hr \/>\n<h3>Source References<\/h3>\n<ul>\n<li>\n<h5><a href=\"https:\/\/apnews.com\/international-news-general-news-8b45e43816a443adb55a24ade2120da9#\" target=\"_blank\" rel=\"noopener\">Pope: No-work Sundays good, not just for faithful<\/a><\/h5>\n<\/li>\n<\/ul>\n<p><\/p>\n<!-- AddThis Advanced Settings generic via filter on the_content -->","protected":false},"excerpt":{"rendered":"<p>AP Noticias: El Papa Francisco ha lamentado el abandono de la pr\u00e1ctica tradicionalmente cristiana de no trabajar los domingos, diciendo que tiene un impacto negativo en las familias y las amistades. Francisco viaj\u00f3 el s\u00e1bado a Molise, una regi\u00f3n agr\u00edcola&#8230;<!-- AddThis Advanced Settings generic via filter on wp_trim_excerpt --><\/p>\n","protected":false},"author":6,"featured_media":29195,"comment_status":"open","ping_status":"open","sticky":false,"template":"","format":"standard","meta":{"episode_type":"","audio_file":"","duration":"","filesize":"","date_recorded":"","explicit":"","block":"","filesize_raw":"","_FSMCFIC_featured_image_caption":"Image: Malaca\u00f1ang Photo Bureau from Picryl.com","_FSMCFIC_featured_image_nocaption":null,"_FSMCFIC_featured_image_hide":null,"_links_to":"","_links_to_target":""},"categories":[722,32],"tags":[111,1188],"featured_image_urls":{"medium":"https:\/\/ktfnews.com\/wp-content\/uploads\/2024\/02\/pope-francis-writing-1280-774-300x181.jpg","large":"https:\/\/ktfnews.com\/wp-content\/uploads\/2024\/02\/pope-francis-writing-1280-774-1024x619.jpg","thumbnail":"https:\/\/ktfnews.com\/wp-content\/uploads\/2024\/02\/pope-francis-writing-1280-774-150x150.jpg","medium_large":"https:\/\/ktfnews.com\/wp-content\/uploads\/2024\/02\/pope-francis-writing-1280-774-768x464.jpg","team-small":"https:\/\/ktfnews.com\/wp-content\/uploads\/2024\/02\/pope-francis-writing-1280-774-138x162.jpg","team-overview":"https:\/\/ktfnews.com\/wp-content\/uploads\/2024\/02\/pope-francis-writing-1280-774-200x279.jpg","team-big":"https:\/\/ktfnews.com\/wp-content\/uploads\/2024\/02\/pope-francis-writing-1280-774-540x270.jpg","two-columns":"https:\/\/ktfnews.com\/wp-content\/uploads\/2024\/02\/pope-francis-writing-1280-774-379x242.jpg","one-column":"https:\/\/ktfnews.com\/wp-content\/uploads\/2024\/02\/pope-francis-writing-1280-774-379x242.jpg","mini-square":"https:\/\/ktfnews.com\/wp-content\/uploads\/2024\/02\/pope-francis-writing-1280-774-70x70.jpg","portfolio-widget-mainpage":"https:\/\/ktfnews.com\/wp-content\/uploads\/2024\/02\/pope-francis-writing-1280-774-335x195.jpg","portfolio-single-ajax":"https:\/\/ktfnews.com\/wp-content\/uploads\/2024\/02\/pope-francis-writing-1280-774-670x280.jpg","portfolio-single-big":"https:\/\/ktfnews.com\/wp-content\/uploads\/2024\/02\/pope-francis-writing-1280-774-685x480.jpg","portfolio-single-small":"https:\/\/ktfnews.com\/wp-content\/uploads\/2024\/02\/pope-francis-writing-1280-774-685x280.jpg","portfolio-single-full-big":"https:\/\/ktfnews.com\/wp-content\/uploads\/2024\/02\/pope-francis-writing-1280-774-960x590.jpg","portfolio-single-full-small":"https:\/\/ktfnews.com\/wp-content\/uploads\/2024\/02\/pope-francis-writing-1280-774-960x250.jpg","gallery-post":"https:\/\/ktfnews.com\/wp-content\/uploads\/2024\/02\/pope-francis-writing-1280-774-182x126.jpg","gallery-post-smaller":"https:\/\/ktfnews.com\/wp-content\/uploads\/2024\/02\/pope-francis-writing-1280-774-158x100.jpg","gallery-standard":"https:\/\/ktfnews.com\/wp-content\/uploads\/2024\/02\/pope-francis-writing-1280-774-257x169.jpg","tooltip-preview":"https:\/\/ktfnews.com\/wp-content\/uploads\/2024\/02\/pope-francis-writing-1280-774-227x133.jpg","widget-content-slider":"https:\/\/ktfnews.com\/wp-content\/uploads\/2024\/02\/pope-francis-writing-1280-774-230x137.jpg","post-top-articles":"https:\/\/ktfnews.com\/wp-content\/uploads\/2024\/02\/pope-francis-writing-1280-774-130x100.jpg","post-single-wide":"https:\/\/ktfnews.com\/wp-content\/uploads\/2024\/02\/pope-francis-writing-1280-774-595x360.jpg","post-single-wide-nocrop":"https:\/\/ktfnews.com\/wp-content\/uploads\/2024\/02\/pope-francis-writing-1280-774-595x360.jpg","post-single-wide-mobile":"https:\/\/ktfnews.com\/wp-content\/uploads\/2024\/02\/pope-francis-writing-1280-774-320x190.jpg","post-single-wide-small":"https:\/\/ktfnews.com\/wp-content\/uploads\/2024\/02\/pope-francis-writing-1280-774-595x190.jpg","post-single-square":"https:\/\/ktfnews.com\/wp-content\/uploads\/2024\/02\/pope-francis-writing-1280-774-120x120.jpg","post-single-full-small":"https:\/\/ktfnews.com\/wp-content\/uploads\/2024\/02\/pope-francis-writing-1280-774-950x360.jpg","post-single-full-big":"https:\/\/ktfnews.com\/wp-content\/uploads\/2024\/02\/pope-francis-writing-1280-774-950x590.jpg","photo-blog":"https:\/\/ktfnews.com\/wp-content\/uploads\/2024\/02\/pope-francis-writing-1280-774-768x464.jpg"},"appp_media":null,"yoast_head":"<!-- This site is optimized with the Yoast SEO plugin v17.3 - https:\/\/yoast.com\/wordpress\/plugins\/seo\/ -->\n<meta name=\"robots\" content=\"index, follow, max-snippet:-1, max-image-preview:large, max-video-preview:-1\" \/>\n<link rel=\"canonical\" href=\"https:\/\/ktfnews.com\/pope-no-work-sundays-good-not-just-for-faithful\/\" \/>\n<meta property=\"og:locale\" content=\"es_ES\" \/>\n<meta property=\"og:type\" content=\"article\" \/>\n<meta property=\"og:title\" content=\"[:en]Pope: No-work Sundays good, not just for faithful[:es]El Papa: Los domingos sin trabajo son buenos, no s\u00f3lo para los fieles[:] - KEEP the FAITH\" \/>\n<meta property=\"og:description\" content=\"AP Noticias: El Papa Francisco ha lamentado el abandono de la pr\u00e1ctica tradicionalmente cristiana de no trabajar los domingos, diciendo que tiene un impacto negativo en las familias y las amistades. Francisco viaj\u00f3 el s\u00e1bado a Molise, una regi\u00f3n agr\u00edcola...\" \/>\n<meta property=\"og:url\" content=\"https:\/\/ktfnews.com\/pope-no-work-sundays-good-not-just-for-faithful\/\" \/>\n<meta property=\"og:site_name\" content=\"KEEP the FAITH\" \/>\n<meta property=\"article:publisher\" content=\"https:\/\/www.facebook.com\/ktfministry\" \/>\n<meta property=\"article:published_time\" content=\"2024-02-13T12:30:24+00:00\" \/>\n<meta property=\"article:modified_time\" content=\"2024-02-14T02:13:13+00:00\" \/>\n<meta property=\"og:image\" content=\"https:\/\/ktfnews.com\/wp-content\/uploads\/2024\/02\/pope-francis-writing-1280-774.jpg\" \/>\n\t<meta property=\"og:image:width\" content=\"1280\" \/>\n\t<meta property=\"og:image:height\" content=\"774\" \/>\n<meta name=\"twitter:card\" content=\"summary_large_image\" \/>\n<meta name=\"twitter:creator\" content=\"@ktfministry\" \/>\n<meta name=\"twitter:site\" content=\"@ktfministry\" \/>\n<meta name=\"twitter:label1\" content=\"Escrito por\" \/>\n\t<meta name=\"twitter:data1\" content=\"Pastor Hal Mayer\" \/>\n\t<meta name=\"twitter:label2\" content=\"Tiempo de lectura\" \/>\n\t<meta name=\"twitter:data2\" content=\"10 minutos\" \/>\n<script type=\"application\/ld+json\" class=\"yoast-schema-graph\">{\"@context\":\"https:\/\/schema.org\",\"@graph\":[{\"@type\":\"WebSite\",\"@id\":\"https:\/\/ktfnews.com\/#website\",\"url\":\"https:\/\/ktfnews.com\/\",\"name\":\"KEEP the FAITH\",\"description\":\"Preparing you for the final conflict between good and evil.\",\"potentialAction\":[{\"@type\":\"SearchAction\",\"target\":{\"@type\":\"EntryPoint\",\"urlTemplate\":\"https:\/\/ktfnews.com\/?s={search_term_string}\"},\"query-input\":\"required name=search_term_string\"}],\"inLanguage\":\"es\"},{\"@type\":\"ImageObject\",\"@id\":\"https:\/\/ktfnews.com\/pope-no-work-sundays-good-not-just-for-faithful\/#primaryimage\",\"inLanguage\":\"es\",\"url\":\"https:\/\/ktfnews.com\/wp-content\/uploads\/2024\/02\/pope-francis-writing-1280-774.jpg\",\"contentUrl\":\"https:\/\/ktfnews.com\/wp-content\/uploads\/2024\/02\/pope-francis-writing-1280-774.jpg\",\"width\":1280,\"height\":774},{\"@type\":\"WebPage\",\"@id\":\"https:\/\/ktfnews.com\/pope-no-work-sundays-good-not-just-for-faithful\/#webpage\",\"url\":\"https:\/\/ktfnews.com\/pope-no-work-sundays-good-not-just-for-faithful\/\",\"name\":\"[:en]Pope: No-work Sundays good, not just for faithful[:es]El Papa: Los domingos sin trabajo son buenos, no s\\u00f3lo para los fieles[:] - KEEP the FAITH\",\"isPartOf\":{\"@id\":\"https:\/\/ktfnews.com\/#website\"},\"primaryImageOfPage\":{\"@id\":\"https:\/\/ktfnews.com\/pope-no-work-sundays-good-not-just-for-faithful\/#primaryimage\"},\"datePublished\":\"2024-02-13T12:30:24+00:00\",\"dateModified\":\"2024-02-14T02:13:13+00:00\",\"author\":{\"@id\":\"https:\/\/ktfnews.com\/#\/schema\/person\/ba4174513d9169cf8e229b7d8d60410d\"},\"breadcrumb\":{\"@id\":\"https:\/\/ktfnews.com\/pope-no-work-sundays-good-not-just-for-faithful\/#breadcrumb\"},\"inLanguage\":\"es\",\"potentialAction\":[{\"@type\":\"ReadAction\",\"target\":[\"https:\/\/ktfnews.com\/pope-no-work-sundays-good-not-just-for-faithful\/\"]}]},{\"@type\":\"BreadcrumbList\",\"@id\":\"https:\/\/ktfnews.com\/pope-no-work-sundays-good-not-just-for-faithful\/#breadcrumb\",\"itemListElement\":[{\"@type\":\"ListItem\",\"position\":1,\"name\":\"Home\",\"item\":\"https:\/\/ktfnews.com\/\"},{\"@type\":\"ListItem\",\"position\":2,\"name\":\"Briefings\",\"item\":\"https:\/\/ktfnews.com\/category\/briefings\/\"},{\"@type\":\"ListItem\",\"position\":3,\"name\":\"Prophetic Intelligence Briefings\",\"item\":\"https:\/\/ktfnews.com\/category\/briefings\/news\/\"},{\"@type\":\"ListItem\",\"position\":4,\"name\":\"Pope: No-work Sundays good, not just for faithful\"}]},{\"@type\":\"Person\",\"@id\":\"https:\/\/ktfnews.com\/#\/schema\/person\/ba4174513d9169cf8e229b7d8d60410d\",\"name\":\"Pastor Hal Mayer\",\"image\":{\"@type\":\"ImageObject\",\"@id\":\"https:\/\/ktfnews.com\/#personlogo\",\"inLanguage\":\"es\",\"url\":\"https:\/\/secure.gravatar.com\/avatar\/051bac95ae650254c5a03467b9456599?s=96&d=mm&r=g\",\"contentUrl\":\"https:\/\/secure.gravatar.com\/avatar\/051bac95ae650254c5a03467b9456599?s=96&d=mm&r=g\",\"caption\":\"Pastor Hal Mayer\"},\"description\":\"Pastor Hal Mayer is speaker and director of Keep the Faith Ministry. For the last 20 years Pastor Mayer\\u2019s monthly prophetic analysis on CD and online has revealed the striking evidence of fulfilling prophecy to many thousands of subscribers all over the world. Pastor Mayer\\u2019s background in history and Bible prophecy give him unique insights and perspectives that have blessed many and helped them make a deeper commitment to the Lord. Keep the Faith Ministry helps those who want to keep abreast of fulfilling prophecy and who want to understand and navigate the unique and difficult circumstances of the end-times. Keep the Faith Ministry helps to prepare you for the second coming of Christ. Pastor Mayer is married to Betsy for more than 40 years. They have no children of their own. \\u201cThe times in which we live are thrilling, because the things prophesied in God\\u2019s word are actually coming to pass in this generation,\\u201d says Pastor Mayer. \\u201cIn a time when the distinctive end-time truths of God\\u2019s word are being censored, and life in this world is becoming more and more chaotic, Keep the Faith is a voice of strength and encouragement.\\u201d\",\"url\":\"https:\/\/ktfnews.com\/es\/author\/hal\/\"}]}<\/script>\n<!-- \/ Yoast SEO plugin. -->","yoast_head_json":{"robots":{"index":"index","follow":"follow","max-snippet":"max-snippet:-1","max-image-preview":"max-image-preview:large","max-video-preview":"max-video-preview:-1"},"canonical":"https:\/\/ktfnews.com\/pope-no-work-sundays-good-not-just-for-faithful\/","og_locale":"es_ES","og_type":"article","og_title":"[:en]Pope: No-work Sundays good, not just for faithful[:es]El Papa: Los domingos sin trabajo son buenos, no s\u00f3lo para los fieles[:] - KEEP the FAITH","og_description":"AP Noticias: El Papa Francisco ha lamentado el abandono de la pr\u00e1ctica tradicionalmente cristiana de no trabajar los domingos, diciendo que tiene un impacto negativo en las familias y las amistades. Francisco viaj\u00f3 el s\u00e1bado a Molise, una regi\u00f3n agr\u00edcola...","og_url":"https:\/\/ktfnews.com\/pope-no-work-sundays-good-not-just-for-faithful\/","og_site_name":"KEEP the FAITH","article_publisher":"https:\/\/www.facebook.com\/ktfministry","article_published_time":"2024-02-13T12:30:24+00:00","article_modified_time":"2024-02-14T02:13:13+00:00","og_image":[{"width":1280,"height":774,"url":"https:\/\/ktfnews.com\/wp-content\/uploads\/2024\/02\/pope-francis-writing-1280-774.jpg","type":"image\/jpeg"}],"twitter_card":"summary_large_image","twitter_creator":"@ktfministry","twitter_site":"@ktfministry","twitter_misc":{"Escrito por":"Pastor Hal Mayer","Tiempo de lectura":"10 minutos"},"schema":{"@context":"https:\/\/schema.org","@graph":[{"@type":"WebSite","@id":"https:\/\/ktfnews.com\/#website","url":"https:\/\/ktfnews.com\/","name":"KEEP the FAITH","description":"Preparing you for the final conflict between good and evil.","potentialAction":[{"@type":"SearchAction","target":{"@type":"EntryPoint","urlTemplate":"https:\/\/ktfnews.com\/?s={search_term_string}"},"query-input":"required name=search_term_string"}],"inLanguage":"es"},{"@type":"ImageObject","@id":"https:\/\/ktfnews.com\/pope-no-work-sundays-good-not-just-for-faithful\/#primaryimage","inLanguage":"es","url":"https:\/\/ktfnews.com\/wp-content\/uploads\/2024\/02\/pope-francis-writing-1280-774.jpg","contentUrl":"https:\/\/ktfnews.com\/wp-content\/uploads\/2024\/02\/pope-francis-writing-1280-774.jpg","width":1280,"height":774},{"@type":"WebPage","@id":"https:\/\/ktfnews.com\/pope-no-work-sundays-good-not-just-for-faithful\/#webpage","url":"https:\/\/ktfnews.com\/pope-no-work-sundays-good-not-just-for-faithful\/","name":"[:en]Pope: No-work Sundays good, not just for faithful[:es]El Papa: Los domingos sin trabajo son buenos, no s\u00f3lo para los fieles[:] - KEEP the FAITH","isPartOf":{"@id":"https:\/\/ktfnews.com\/#website"},"primaryImageOfPage":{"@id":"https:\/\/ktfnews.com\/pope-no-work-sundays-good-not-just-for-faithful\/#primaryimage"},"datePublished":"2024-02-13T12:30:24+00:00","dateModified":"2024-02-14T02:13:13+00:00","author":{"@id":"https:\/\/ktfnews.com\/#\/schema\/person\/ba4174513d9169cf8e229b7d8d60410d"},"breadcrumb":{"@id":"https:\/\/ktfnews.com\/pope-no-work-sundays-good-not-just-for-faithful\/#breadcrumb"},"inLanguage":"es","potentialAction":[{"@type":"ReadAction","target":["https:\/\/ktfnews.com\/pope-no-work-sundays-good-not-just-for-faithful\/"]}]},{"@type":"BreadcrumbList","@id":"https:\/\/ktfnews.com\/pope-no-work-sundays-good-not-just-for-faithful\/#breadcrumb","itemListElement":[{"@type":"ListItem","position":1,"name":"Home","item":"https:\/\/ktfnews.com\/"},{"@type":"ListItem","position":2,"name":"Briefings","item":"https:\/\/ktfnews.com\/category\/briefings\/"},{"@type":"ListItem","position":3,"name":"Prophetic Intelligence Briefings","item":"https:\/\/ktfnews.com\/category\/briefings\/news\/"},{"@type":"ListItem","position":4,"name":"Pope: No-work Sundays good, not just for faithful"}]},{"@type":"Person","@id":"https:\/\/ktfnews.com\/#\/schema\/person\/ba4174513d9169cf8e229b7d8d60410d","name":"Pastor Hal Mayer","image":{"@type":"ImageObject","@id":"https:\/\/ktfnews.com\/#personlogo","inLanguage":"es","url":"https:\/\/secure.gravatar.com\/avatar\/051bac95ae650254c5a03467b9456599?s=96&d=mm&r=g","contentUrl":"https:\/\/secure.gravatar.com\/avatar\/051bac95ae650254c5a03467b9456599?s=96&d=mm&r=g","caption":"Pastor Hal Mayer"},"description":"Pastor Hal Mayer is speaker and director of Keep the Faith Ministry. For the last 20 years Pastor Mayer\u2019s monthly prophetic analysis on CD and online has revealed the striking evidence of fulfilling prophecy to many thousands of subscribers all over the world. Pastor Mayer\u2019s background in history and Bible prophecy give him unique insights and perspectives that have blessed many and helped them make a deeper commitment to the Lord. Keep the Faith Ministry helps those who want to keep abreast of fulfilling prophecy and who want to understand and navigate the unique and difficult circumstances of the end-times. Keep the Faith Ministry helps to prepare you for the second coming of Christ. Pastor Mayer is married to Betsy for more than 40 years. They have no children of their own. \u201cThe times in which we live are thrilling, because the things prophesied in God\u2019s word are actually coming to pass in this generation,\u201d says Pastor Mayer. \u201cIn a time when the distinctive end-time truths of God\u2019s word are being censored, and life in this world is becoming more and more chaotic, Keep the Faith is a voice of strength and encouragement.\u201d","url":"https:\/\/ktfnews.com\/es\/author\/hal\/"}]}},"_links":{"self":[{"href":"https:\/\/ktfnews.com\/es\/wp-json\/wp\/v2\/posts\/29194"}],"collection":[{"href":"https:\/\/ktfnews.com\/es\/wp-json\/wp\/v2\/posts"}],"about":[{"href":"https:\/\/ktfnews.com\/es\/wp-json\/wp\/v2\/types\/post"}],"author":[{"embeddable":true,"href":"https:\/\/ktfnews.com\/es\/wp-json\/wp\/v2\/users\/6"}],"replies":[{"embeddable":true,"href":"https:\/\/ktfnews.com\/es\/wp-json\/wp\/v2\/comments?post=29194"}],"version-history":[{"count":2,"href":"https:\/\/ktfnews.com\/es\/wp-json\/wp\/v2\/posts\/29194\/revisions"}],"predecessor-version":[{"id":29209,"href":"https:\/\/ktfnews.com\/es\/wp-json\/wp\/v2\/posts\/29194\/revisions\/29209"}],"wp:featuredmedia":[{"embeddable":true,"href":"https:\/\/ktfnews.com\/es\/wp-json\/wp\/v2\/media\/29195"}],"wp:attachment":[{"href":"https:\/\/ktfnews.com\/es\/wp-json\/wp\/v2\/media?parent=29194"}],"wp:term":[{"taxonomy":"category","embeddable":true,"href":"https:\/\/ktfnews.com\/es\/wp-json\/wp\/v2\/categories?post=29194"},{"taxonomy":"post_tag","embeddable":true,"href":"https:\/\/ktfnews.com\/es\/wp-json\/wp\/v2\/tags?post=29194"}],"curies":[{"name":"wp","href":"https:\/\/api.w.org\/{rel}","templated":true}]}}