{"id":28994,"date":"2024-01-11T10:00:52","date_gmt":"2024-01-11T15:00:52","guid":{"rendered":"https:\/\/ktfnews.com\/?p=28994"},"modified":"2024-01-17T22:50:30","modified_gmt":"2024-01-18T03:50:30","slug":"ecuador-erupts-in-civil-war-with-cartel-thugs-president-orders-the-army-onto-streets-as-crazed-criminals-rampage-through-cities","status":"publish","type":"post","link":"https:\/\/ktfnews.com\/es\/ecuador-erupts-in-civil-war-with-cartel-thugs-president-orders-the-army-onto-streets-as-crazed-criminals-rampage-through-cities\/","title":{"rendered":"Ecuador estalla en una \u00abguerra civil\u00bb contra los matones del c\u00e1rtel: El presidente ordena la salida del ej\u00e9rcito a las calles mientras los criminales enloquecidos arrasan las ciudades"},"content":{"rendered":"<p><i>Daily Mail<\/i>, por Chris Matthews: Ecuador ha estallado en una \u00abguerra civil\u00bb con los matones de los c\u00e1rteles despu\u00e9s de que el presidente ordenara al ej\u00e9rcito salir a las calles y declarara el estado de \u00abconflicto armado interno\u00bb.<\/p>\n<p>Delincuentes enloquecidos han arrasado hoy las ciudades del pa\u00eds sudamericano despu\u00e9s de que el presidente Daniel Noboa, de 36 a\u00f1os, decretara el estado de excepci\u00f3n.<\/p>\n<p>Pandilleros encapuchados se han apoderado hoy de un estudio de noticias de la televisi\u00f3n estatal, mientras que una universidad ha sido atacada y, al parecer, los guardias de una c\u00e1rcel han sido ejecutados por los presos.<\/p>\n<p>Ecuador se ha visto sacudido por una serie de atentados, entre ellos explosiones y el secuestro de varios polic\u00edas, despu\u00e9s de que el gobierno impusiera el estado de excepci\u00f3n tras la fuga de prisi\u00f3n de un poderoso l\u00edder pandillero.<\/p>\n<p>Adolfo \u00abFito\u00bb Mac\u00edas, de 44 a\u00f1os, l\u00edder de la banda Los Choneros, desapareci\u00f3 de su celda en una prisi\u00f3n de baja seguridad el mismo d\u00eda en que deb\u00eda ser trasladado a un centro de m\u00e1xima seguridad, el domingo.<\/p>\n<p>Est\u00e1 en marcha una persecuci\u00f3n de Mac\u00edas y del l\u00edder de Los Lobos, Fabricio Col\u00f3n Pico, que tambi\u00e9n se fug\u00f3 de prisi\u00f3n el martes desde su detenci\u00f3n el viernes pasado por su presunta implicaci\u00f3n en un complot para asesinar al fiscal general de Ecuador.<\/p>\n<p>Per\u00fa tambi\u00e9n declar\u00f3 el martes el estado de emergencia en su frontera norte con Ecuador debido a la violencia.<\/p>\n<p>El Departamento de Estado estadounidense se declar\u00f3 \u00abextremadamente preocupado\u00bb por la violencia. El Ministerio de Asuntos Exteriores brit\u00e1nico desaconsej\u00f3 viajar a zonas del pa\u00eds que no fueran imprescindibles.<\/p>\n<p>Mac\u00edas, condenado por narcotr\u00e1fico, asesinato y crimen organizado, cumpl\u00eda una condena de 34 a\u00f1os en la prisi\u00f3n de La Regional, en el puerto de Guayaquil.<\/p>\n<p>Los Choneros es una de las bandas ecuatorianas a las que las autoridades consideran responsables de un repunte de la violencia que alcanz\u00f3 un nuevo nivel el a\u00f1o pasado con el asesinato del candidato presidencial Fernando Villavicencio.<\/p>\n<p>Seg\u00fan las autoridades, la banda tiene v\u00ednculos con el cartel mexicano de Sinaloa.<\/p>\n<p>Expertos y autoridades han reconocido que los miembros de la banda pr\u00e1cticamente gobiernan desde el interior de las prisiones, y se cree que Mac\u00edas segu\u00eda controlando su grupo desde dentro del centro de detenci\u00f3n.<\/p>\n<p>Los fiscales abrieron una investigaci\u00f3n e imputaron a dos guardias en relaci\u00f3n con la supuesta fuga, pero ni la polic\u00eda, ni el sistema penitenciario, ni el gobierno federal confirmaron si Mac\u00edas huy\u00f3 del centro o podr\u00eda estar escondido en \u00e9l.<\/p>\n<p>En febrero de 2013, Mac\u00edas se fug\u00f3 de un centro de m\u00e1xima seguridad, pero fue recapturado semanas despu\u00e9s.<\/p>\n<p>En 2021, la novia de Mac\u00edas fue detenida brevemente tras pasar una semana durmiendo en su celda, y fue arrestada cuando intentaba salir de la prisi\u00f3n en medio de un mot\u00edn vistiendo el uniforme de un guardia.<\/p>\n<p>El martes se oyeron disparos en directo por televisi\u00f3n cuando unos hombres armados con bombas y granadas irrumpieron en un estudio poco despu\u00e9s de que unos mafiosos prometieran una \u00abguerra\u00bb contra los planes del presidente de recuperar el control de los \u00abnarcoterroristas\u00bb.<\/p>\n<p>Los atacantes, que portaban fusiles y granadas, irrumpieron en el estudio de la televisi\u00f3n TC en la ciudad portuaria de Guayaquil, al oeste de Ecuador, mientras se o\u00eda a una mujer suplicar entre disparos: No disparen, por favor, no disparen\u00bb.<\/p>\n<p>En el ataque del martes por la noche, los intrusos obligaron al aterrorizado equipo de televisi\u00f3n a tirarse al suelo y se pudo o\u00edr a una persona gritar aparentemente dolorida mientras las luces del estudio se apagaban pero la emisi\u00f3n en directo continu\u00f3 durante al menos 15 minutos.<\/p>\n<p>Un empleado de TC dijo en un mensaje de WhatsApp: &#8216;Por favor, entraron a matarnos.<\/p>\n<p>&#8216;Dios no permitas que esto pase.<\/p>\n<p>&#8216;Los criminales est\u00e1n en el aire&#8217;.<\/p>\n<p>Se habr\u00eda escuchado a periodistas en pantalla gritar &#8216;nos quieren matar a todos&#8217;.<\/p>\n<p>Uno de los encapuchados que atacaron el plat\u00f3 habr\u00eda dicho: &#8216;Estamos en directo para que sepan que no jugamos con la mafia&#8217;.<\/p>\n<p>Despu\u00e9s de unos 30 minutos de caos, se vio entrar en el estudio a agentes de polic\u00eda, mientras alguien gritaba que &#8216;ten\u00edan un compa\u00f1ero herido&#8217;.<\/p>\n<p>Todos los pistoleros que irrumpieron en el estudio fueron detenidos, seg\u00fan inform\u00f3 un mando policial.<\/p>\n<p>Alina Manrique, jefa de informativos de TC Televisi\u00f3n, declar\u00f3 que se encontraba en la sala de control frente al estudio cuando los enmascarados entraron en el edificio.<\/p>\n<p>Uno de ellos le apunt\u00f3 a la cabeza y le dijo que se tirara al suelo.<\/p>\n<p>Algunos de los agresores huyeron del estudio e intentaron esconderse en otro lugar del edificio cuando se dieron cuenta de que estaban rodeados por la polic\u00eda, a\u00f1adi\u00f3.<\/p>\n<p>Todav\u00eda estoy en estado de shock\u00bb, dijo Manrique a Associated Press en una entrevista telef\u00f3nica. Todo se ha derrumbado.<\/p>\n<p>Lo \u00fanico que s\u00e9 es que ha llegado el momento de abandonar este pa\u00eds e irme muy lejos\u00bb.<\/p>\n<p>Poco despu\u00e9s de que los hombres armados asaltaran el canal de televisi\u00f3n, el Presidente Noboa promulg\u00f3 otro decreto por el que se designaba como grupos terroristas a 20 bandas de narcotraficantes que operaban en el pa\u00eds y se autorizaba al ej\u00e9rcito ecuatoriano a \u00abneutralizar\u00bb a dichos grupos, dentro de los l\u00edmites del derecho internacional humanitario.<\/p>\n<p>Poco despu\u00e9s, el jefe de la Polic\u00eda Nacional de Ecuador anunci\u00f3 que las autoridades hab\u00edan detenido a todos los intrusos enmascarados.<\/p>\n<p>C\u00e9sar Zapata declar\u00f3 al canal de televisi\u00f3n Teleamazonas que los agentes hab\u00edan incautado de las armas y los explosivos.<\/p>\n<p>No precis\u00f3 el n\u00famero de detenidos.<\/p>\n<p>Se trata de un acto que debe considerarse terrorista\u00bb, a\u00f1adi\u00f3 Zapata.<\/p>\n<p>El Presidente Noboa decret\u00f3 el lunes el estado de emergencia nacional durante 60 d\u00edas, lo que permite a las autoridades suspender derechos y movilizar a los militares en lugares como las prisiones.<\/p>\n<p>El gobierno tambi\u00e9n impuso un toque de queda de 11 de la noche a 5 de la ma\u00f1ana.<\/p>\n<p>Noboa hab\u00eda prometido el lunes \u00abno negociar con terroristas ni descansar hasta devolver la paz a todos los ecuatorianos\u00bb.<\/p>\n<p>A\u00f1adi\u00f3 que su gobierno hab\u00eda decidido hacer frente a la delincuencia.<\/p>\n<p>Noboa fue elegido en octubre con la promesa de luchar contra la rampante delincuencia y violencia relacionadas con el narcotr\u00e1fico en el pa\u00eds sudamericano, anta\u00f1o considerado un basti\u00f3n de la paz, pero ahora una parada clave en el tr\u00e1fico de coca\u00edna con destino a Estados Unidos y Europa.<\/p>\n<p>Se comprometi\u00f3 el lunes a combatir a los c\u00e1rteles despu\u00e9s de que el d\u00eda anterior se fugara de prisi\u00f3n Adolfo Mac\u00edas, conocido como \u00abFito\u00bb, uno de los l\u00edderes de la poderosa banda.<\/p>\n<p>Los estados de excepci\u00f3n fueron ampliamente utilizados por el predecesor de Noboa, Guillermo Lasso, como forma de hacer frente a la ola de violencia que ha afectado al pa\u00eds.<\/p>\n<p>Ecuador se ha visto asediado por la violencia de brutales bandas sanguinarias que se disputan el control en una espiral de guerras territoriales en las que se producen masacres con armas de fuego y decapitaciones.<\/p>\n<p>Ecuador est\u00e1 situado entre Colombia y Per\u00fa, principales productores mundiales de coca\u00edna, y se ha convertido en el centro de los c\u00e1rteles de la droga nacionales y extranjeros, a los que se atribuye una serie de espantosas masacres, secuestros y extorsiones.<\/p>\n<p>Conexi\u00f3n Prof\u00e9tica:<br \/>\n\u00abTambi\u00e9n la tierra se corrompi\u00f3 delante de Dios, y la tierra se llen\u00f3 de violencia.\u00bb G\u00e9nesis 6:11.<\/p>\n<hr \/>\n<h3>Source References<\/h3>\n<ul>\n<li>\n<h5><a href=\"https:\/\/www.dailymail.co.uk\/news\/article-12944363\/armed-men-bombs-ecuador-tv-set-broadcast.html\" target=\"_blank\" rel=\"noopener\">Ecuador erupts in &#8216;civil war&#8217; with cartel thugs: President orders the army onto streets as crazed criminals rampage through cities<\/a><\/h5>\n<\/li>\n<\/ul>\n<p><\/p>\n<!-- AddThis Advanced Settings generic via filter on the_content -->","protected":false},"excerpt":{"rendered":"<p>Daily Mail, por Chris Matthews: Ecuador ha estallado en una \u00abguerra civil\u00bb con los matones de los c\u00e1rteles despu\u00e9s de que el presidente ordenara al ej\u00e9rcito salir a las calles y declarara el estado de \u00abconflicto armado interno\u00bb. Delincuentes enloquecidos&#8230;<!-- AddThis Advanced Settings generic via filter on wp_trim_excerpt --><\/p>\n","protected":false},"author":6,"featured_media":28995,"comment_status":"open","ping_status":"open","sticky":false,"template":"","format":"standard","meta":{"episode_type":"","audio_file":"","duration":"","filesize":"","date_recorded":"","explicit":"","block":"","filesize_raw":"","_FSMCFIC_featured_image_caption":"Image: Leon Hernandez ","_FSMCFIC_featured_image_nocaption":null,"_FSMCFIC_featured_image_hide":null,"_links_to":"","_links_to_target":""},"categories":[722,32],"tags":[1675,1294,996],"featured_image_urls":{"medium":"https:\/\/ktfnews.com\/wp-content\/uploads\/2024\/01\/Ecuador-flag-1280-774-300x181.jpg","large":"https:\/\/ktfnews.com\/wp-content\/uploads\/2024\/01\/Ecuador-flag-1280-774-1024x619.jpg","thumbnail":"https:\/\/ktfnews.com\/wp-content\/uploads\/2024\/01\/Ecuador-flag-1280-774-150x150.jpg","medium_large":"https:\/\/ktfnews.com\/wp-content\/uploads\/2024\/01\/Ecuador-flag-1280-774-768x464.jpg","team-small":"https:\/\/ktfnews.com\/wp-content\/uploads\/2024\/01\/Ecuador-flag-1280-774-138x162.jpg","team-overview":"https:\/\/ktfnews.com\/wp-content\/uploads\/2024\/01\/Ecuador-flag-1280-774-200x279.jpg","team-big":"https:\/\/ktfnews.com\/wp-content\/uploads\/2024\/01\/Ecuador-flag-1280-774-540x270.jpg","two-columns":"https:\/\/ktfnews.com\/wp-content\/uploads\/2024\/01\/Ecuador-flag-1280-774-379x242.jpg","one-column":"https:\/\/ktfnews.com\/wp-content\/uploads\/2024\/01\/Ecuador-flag-1280-774-379x242.jpg","mini-square":"https:\/\/ktfnews.com\/wp-content\/uploads\/2024\/01\/Ecuador-flag-1280-774-70x70.jpg","portfolio-widget-mainpage":"https:\/\/ktfnews.com\/wp-content\/uploads\/2024\/01\/Ecuador-flag-1280-774-335x195.jpg","portfolio-single-ajax":"https:\/\/ktfnews.com\/wp-content\/uploads\/2024\/01\/Ecuador-flag-1280-774-670x280.jpg","portfolio-single-big":"https:\/\/ktfnews.com\/wp-content\/uploads\/2024\/01\/Ecuador-flag-1280-774-685x480.jpg","portfolio-single-small":"https:\/\/ktfnews.com\/wp-content\/uploads\/2024\/01\/Ecuador-flag-1280-774-685x280.jpg","portfolio-single-full-big":"https:\/\/ktfnews.com\/wp-content\/uploads\/2024\/01\/Ecuador-flag-1280-774-960x590.jpg","portfolio-single-full-small":"https:\/\/ktfnews.com\/wp-content\/uploads\/2024\/01\/Ecuador-flag-1280-774-960x250.jpg","gallery-post":"https:\/\/ktfnews.com\/wp-content\/uploads\/2024\/01\/Ecuador-flag-1280-774-182x126.jpg","gallery-post-smaller":"https:\/\/ktfnews.com\/wp-content\/uploads\/2024\/01\/Ecuador-flag-1280-774-158x100.jpg","gallery-standard":"https:\/\/ktfnews.com\/wp-content\/uploads\/2024\/01\/Ecuador-flag-1280-774-257x169.jpg","tooltip-preview":"https:\/\/ktfnews.com\/wp-content\/uploads\/2024\/01\/Ecuador-flag-1280-774-227x133.jpg","widget-content-slider":"https:\/\/ktfnews.com\/wp-content\/uploads\/2024\/01\/Ecuador-flag-1280-774-230x137.jpg","post-top-articles":"https:\/\/ktfnews.com\/wp-content\/uploads\/2024\/01\/Ecuador-flag-1280-774-130x100.jpg","post-single-wide":"https:\/\/ktfnews.com\/wp-content\/uploads\/2024\/01\/Ecuador-flag-1280-774-595x360.jpg","post-single-wide-nocrop":"https:\/\/ktfnews.com\/wp-content\/uploads\/2024\/01\/Ecuador-flag-1280-774-595x360.jpg","post-single-wide-mobile":"https:\/\/ktfnews.com\/wp-content\/uploads\/2024\/01\/Ecuador-flag-1280-774-320x190.jpg","post-single-wide-small":"https:\/\/ktfnews.com\/wp-content\/uploads\/2024\/01\/Ecuador-flag-1280-774-595x190.jpg","post-single-square":"https:\/\/ktfnews.com\/wp-content\/uploads\/2024\/01\/Ecuador-flag-1280-774-120x120.jpg","post-single-full-small":"https:\/\/ktfnews.com\/wp-content\/uploads\/2024\/01\/Ecuador-flag-1280-774-950x360.jpg","post-single-full-big":"https:\/\/ktfnews.com\/wp-content\/uploads\/2024\/01\/Ecuador-flag-1280-774-950x590.jpg","photo-blog":"https:\/\/ktfnews.com\/wp-content\/uploads\/2024\/01\/Ecuador-flag-1280-774-768x464.jpg"},"appp_media":null,"yoast_head":"<!-- This site is optimized with the Yoast SEO plugin v17.3 - https:\/\/yoast.com\/wordpress\/plugins\/seo\/ -->\n<meta name=\"robots\" content=\"index, follow, max-snippet:-1, max-image-preview:large, max-video-preview:-1\" \/>\n<link rel=\"canonical\" href=\"https:\/\/ktfnews.com\/ecuador-erupts-in-civil-war-with-cartel-thugs-president-orders-the-army-onto-streets-as-crazed-criminals-rampage-through-cities\/\" \/>\n<meta property=\"og:locale\" content=\"es_ES\" \/>\n<meta property=\"og:type\" content=\"article\" \/>\n<meta property=\"og:title\" content=\"[:en]Ecuador erupts in &#039;civil war&#039; with cartel thugs: President orders the army onto streets as crazed criminals rampage through cities[:es]Ecuador estalla en una &quot;guerra civil&quot; contra los matones del c\u00e1rtel: El presidente ordena la salida del ej\u00e9rcito a las calles mientras los criminales enloquecidos arrasan las ciudades[:] - KEEP the FAITH\" \/>\n<meta property=\"og:description\" content=\"Daily Mail, por Chris Matthews: Ecuador ha estallado en una \u00abguerra civil\u00bb con los matones de los c\u00e1rteles despu\u00e9s de que el presidente ordenara al ej\u00e9rcito salir a las calles y declarara el estado de \u00abconflicto armado interno\u00bb. Delincuentes enloquecidos...\" \/>\n<meta property=\"og:url\" content=\"https:\/\/ktfnews.com\/ecuador-erupts-in-civil-war-with-cartel-thugs-president-orders-the-army-onto-streets-as-crazed-criminals-rampage-through-cities\/\" \/>\n<meta property=\"og:site_name\" content=\"KEEP the FAITH\" \/>\n<meta property=\"article:publisher\" content=\"https:\/\/www.facebook.com\/ktfministry\" \/>\n<meta property=\"article:published_time\" content=\"2024-01-11T15:00:52+00:00\" \/>\n<meta property=\"article:modified_time\" content=\"2024-01-18T03:50:30+00:00\" \/>\n<meta property=\"og:image\" content=\"https:\/\/ktfnews.com\/wp-content\/uploads\/2024\/01\/Ecuador-flag-1280-774.jpg\" \/>\n\t<meta property=\"og:image:width\" content=\"1280\" \/>\n\t<meta property=\"og:image:height\" content=\"774\" \/>\n<meta name=\"twitter:card\" content=\"summary_large_image\" \/>\n<meta name=\"twitter:creator\" content=\"@ktfministry\" \/>\n<meta name=\"twitter:site\" content=\"@ktfministry\" \/>\n<meta name=\"twitter:label1\" content=\"Escrito por\" \/>\n\t<meta name=\"twitter:data1\" content=\"Pastor Hal Mayer\" \/>\n\t<meta name=\"twitter:label2\" content=\"Tiempo de lectura\" \/>\n\t<meta name=\"twitter:data2\" content=\"10 minutos\" \/>\n<script type=\"application\/ld+json\" class=\"yoast-schema-graph\">{\"@context\":\"https:\/\/schema.org\",\"@graph\":[{\"@type\":\"WebSite\",\"@id\":\"https:\/\/ktfnews.com\/#website\",\"url\":\"https:\/\/ktfnews.com\/\",\"name\":\"KEEP the FAITH\",\"description\":\"Preparing you for the final conflict between good and evil.\",\"potentialAction\":[{\"@type\":\"SearchAction\",\"target\":{\"@type\":\"EntryPoint\",\"urlTemplate\":\"https:\/\/ktfnews.com\/?s={search_term_string}\"},\"query-input\":\"required name=search_term_string\"}],\"inLanguage\":\"es\"},{\"@type\":\"ImageObject\",\"@id\":\"https:\/\/ktfnews.com\/ecuador-erupts-in-civil-war-with-cartel-thugs-president-orders-the-army-onto-streets-as-crazed-criminals-rampage-through-cities\/#primaryimage\",\"inLanguage\":\"es\",\"url\":\"https:\/\/ktfnews.com\/wp-content\/uploads\/2024\/01\/Ecuador-flag-1280-774.jpg\",\"contentUrl\":\"https:\/\/ktfnews.com\/wp-content\/uploads\/2024\/01\/Ecuador-flag-1280-774.jpg\",\"width\":1280,\"height\":774},{\"@type\":\"WebPage\",\"@id\":\"https:\/\/ktfnews.com\/ecuador-erupts-in-civil-war-with-cartel-thugs-president-orders-the-army-onto-streets-as-crazed-criminals-rampage-through-cities\/#webpage\",\"url\":\"https:\/\/ktfnews.com\/ecuador-erupts-in-civil-war-with-cartel-thugs-president-orders-the-army-onto-streets-as-crazed-criminals-rampage-through-cities\/\",\"name\":\"[:en]Ecuador erupts in 'civil war' with cartel thugs: President orders the army onto streets as crazed criminals rampage through cities[:es]Ecuador estalla en una \\\"guerra civil\\\" contra los matones del c\\u00e1rtel: El presidente ordena la salida del ej\\u00e9rcito a las calles mientras los criminales enloquecidos arrasan las ciudades[:] - KEEP the FAITH\",\"isPartOf\":{\"@id\":\"https:\/\/ktfnews.com\/#website\"},\"primaryImageOfPage\":{\"@id\":\"https:\/\/ktfnews.com\/ecuador-erupts-in-civil-war-with-cartel-thugs-president-orders-the-army-onto-streets-as-crazed-criminals-rampage-through-cities\/#primaryimage\"},\"datePublished\":\"2024-01-11T15:00:52+00:00\",\"dateModified\":\"2024-01-18T03:50:30+00:00\",\"author\":{\"@id\":\"https:\/\/ktfnews.com\/#\/schema\/person\/ba4174513d9169cf8e229b7d8d60410d\"},\"breadcrumb\":{\"@id\":\"https:\/\/ktfnews.com\/ecuador-erupts-in-civil-war-with-cartel-thugs-president-orders-the-army-onto-streets-as-crazed-criminals-rampage-through-cities\/#breadcrumb\"},\"inLanguage\":\"es\",\"potentialAction\":[{\"@type\":\"ReadAction\",\"target\":[\"https:\/\/ktfnews.com\/ecuador-erupts-in-civil-war-with-cartel-thugs-president-orders-the-army-onto-streets-as-crazed-criminals-rampage-through-cities\/\"]}]},{\"@type\":\"BreadcrumbList\",\"@id\":\"https:\/\/ktfnews.com\/ecuador-erupts-in-civil-war-with-cartel-thugs-president-orders-the-army-onto-streets-as-crazed-criminals-rampage-through-cities\/#breadcrumb\",\"itemListElement\":[{\"@type\":\"ListItem\",\"position\":1,\"name\":\"Home\",\"item\":\"https:\/\/ktfnews.com\/\"},{\"@type\":\"ListItem\",\"position\":2,\"name\":\"Briefings\",\"item\":\"https:\/\/ktfnews.com\/category\/briefings\/\"},{\"@type\":\"ListItem\",\"position\":3,\"name\":\"Prophetic Intelligence Briefings\",\"item\":\"https:\/\/ktfnews.com\/category\/briefings\/news\/\"},{\"@type\":\"ListItem\",\"position\":4,\"name\":\"Ecuador erupts in &#8216;civil war&#8217; with cartel thugs: President orders the army onto streets as crazed criminals rampage through cities\"}]},{\"@type\":\"Person\",\"@id\":\"https:\/\/ktfnews.com\/#\/schema\/person\/ba4174513d9169cf8e229b7d8d60410d\",\"name\":\"Pastor Hal Mayer\",\"image\":{\"@type\":\"ImageObject\",\"@id\":\"https:\/\/ktfnews.com\/#personlogo\",\"inLanguage\":\"es\",\"url\":\"https:\/\/secure.gravatar.com\/avatar\/051bac95ae650254c5a03467b9456599?s=96&d=mm&r=g\",\"contentUrl\":\"https:\/\/secure.gravatar.com\/avatar\/051bac95ae650254c5a03467b9456599?s=96&d=mm&r=g\",\"caption\":\"Pastor Hal Mayer\"},\"description\":\"Pastor Hal Mayer is speaker and director of Keep the Faith Ministry. For the last 20 years Pastor Mayer\\u2019s monthly prophetic analysis on CD and online has revealed the striking evidence of fulfilling prophecy to many thousands of subscribers all over the world. Pastor Mayer\\u2019s background in history and Bible prophecy give him unique insights and perspectives that have blessed many and helped them make a deeper commitment to the Lord. Keep the Faith Ministry helps those who want to keep abreast of fulfilling prophecy and who want to understand and navigate the unique and difficult circumstances of the end-times. Keep the Faith Ministry helps to prepare you for the second coming of Christ. Pastor Mayer is married to Betsy for more than 40 years. They have no children of their own. \\u201cThe times in which we live are thrilling, because the things prophesied in God\\u2019s word are actually coming to pass in this generation,\\u201d says Pastor Mayer. \\u201cIn a time when the distinctive end-time truths of God\\u2019s word are being censored, and life in this world is becoming more and more chaotic, Keep the Faith is a voice of strength and encouragement.\\u201d\",\"url\":\"https:\/\/ktfnews.com\/es\/author\/hal\/\"}]}<\/script>\n<!-- \/ Yoast SEO plugin. -->","yoast_head_json":{"robots":{"index":"index","follow":"follow","max-snippet":"max-snippet:-1","max-image-preview":"max-image-preview:large","max-video-preview":"max-video-preview:-1"},"canonical":"https:\/\/ktfnews.com\/ecuador-erupts-in-civil-war-with-cartel-thugs-president-orders-the-army-onto-streets-as-crazed-criminals-rampage-through-cities\/","og_locale":"es_ES","og_type":"article","og_title":"[:en]Ecuador erupts in 'civil war' with cartel thugs: President orders the army onto streets as crazed criminals rampage through cities[:es]Ecuador estalla en una \"guerra civil\" contra los matones del c\u00e1rtel: El presidente ordena la salida del ej\u00e9rcito a las calles mientras los criminales enloquecidos arrasan las ciudades[:] - KEEP the FAITH","og_description":"Daily Mail, por Chris Matthews: Ecuador ha estallado en una \u00abguerra civil\u00bb con los matones de los c\u00e1rteles despu\u00e9s de que el presidente ordenara al ej\u00e9rcito salir a las calles y declarara el estado de \u00abconflicto armado interno\u00bb. Delincuentes enloquecidos...","og_url":"https:\/\/ktfnews.com\/ecuador-erupts-in-civil-war-with-cartel-thugs-president-orders-the-army-onto-streets-as-crazed-criminals-rampage-through-cities\/","og_site_name":"KEEP the FAITH","article_publisher":"https:\/\/www.facebook.com\/ktfministry","article_published_time":"2024-01-11T15:00:52+00:00","article_modified_time":"2024-01-18T03:50:30+00:00","og_image":[{"width":1280,"height":774,"url":"https:\/\/ktfnews.com\/wp-content\/uploads\/2024\/01\/Ecuador-flag-1280-774.jpg","type":"image\/jpeg"}],"twitter_card":"summary_large_image","twitter_creator":"@ktfministry","twitter_site":"@ktfministry","twitter_misc":{"Escrito por":"Pastor Hal Mayer","Tiempo de lectura":"10 minutos"},"schema":{"@context":"https:\/\/schema.org","@graph":[{"@type":"WebSite","@id":"https:\/\/ktfnews.com\/#website","url":"https:\/\/ktfnews.com\/","name":"KEEP the FAITH","description":"Preparing you for the final conflict between good and evil.","potentialAction":[{"@type":"SearchAction","target":{"@type":"EntryPoint","urlTemplate":"https:\/\/ktfnews.com\/?s={search_term_string}"},"query-input":"required name=search_term_string"}],"inLanguage":"es"},{"@type":"ImageObject","@id":"https:\/\/ktfnews.com\/ecuador-erupts-in-civil-war-with-cartel-thugs-president-orders-the-army-onto-streets-as-crazed-criminals-rampage-through-cities\/#primaryimage","inLanguage":"es","url":"https:\/\/ktfnews.com\/wp-content\/uploads\/2024\/01\/Ecuador-flag-1280-774.jpg","contentUrl":"https:\/\/ktfnews.com\/wp-content\/uploads\/2024\/01\/Ecuador-flag-1280-774.jpg","width":1280,"height":774},{"@type":"WebPage","@id":"https:\/\/ktfnews.com\/ecuador-erupts-in-civil-war-with-cartel-thugs-president-orders-the-army-onto-streets-as-crazed-criminals-rampage-through-cities\/#webpage","url":"https:\/\/ktfnews.com\/ecuador-erupts-in-civil-war-with-cartel-thugs-president-orders-the-army-onto-streets-as-crazed-criminals-rampage-through-cities\/","name":"[:en]Ecuador erupts in 'civil war' with cartel thugs: President orders the army onto streets as crazed criminals rampage through cities[:es]Ecuador estalla en una \"guerra civil\" contra los matones del c\u00e1rtel: El presidente ordena la salida del ej\u00e9rcito a las calles mientras los criminales enloquecidos arrasan las ciudades[:] - KEEP the FAITH","isPartOf":{"@id":"https:\/\/ktfnews.com\/#website"},"primaryImageOfPage":{"@id":"https:\/\/ktfnews.com\/ecuador-erupts-in-civil-war-with-cartel-thugs-president-orders-the-army-onto-streets-as-crazed-criminals-rampage-through-cities\/#primaryimage"},"datePublished":"2024-01-11T15:00:52+00:00","dateModified":"2024-01-18T03:50:30+00:00","author":{"@id":"https:\/\/ktfnews.com\/#\/schema\/person\/ba4174513d9169cf8e229b7d8d60410d"},"breadcrumb":{"@id":"https:\/\/ktfnews.com\/ecuador-erupts-in-civil-war-with-cartel-thugs-president-orders-the-army-onto-streets-as-crazed-criminals-rampage-through-cities\/#breadcrumb"},"inLanguage":"es","potentialAction":[{"@type":"ReadAction","target":["https:\/\/ktfnews.com\/ecuador-erupts-in-civil-war-with-cartel-thugs-president-orders-the-army-onto-streets-as-crazed-criminals-rampage-through-cities\/"]}]},{"@type":"BreadcrumbList","@id":"https:\/\/ktfnews.com\/ecuador-erupts-in-civil-war-with-cartel-thugs-president-orders-the-army-onto-streets-as-crazed-criminals-rampage-through-cities\/#breadcrumb","itemListElement":[{"@type":"ListItem","position":1,"name":"Home","item":"https:\/\/ktfnews.com\/"},{"@type":"ListItem","position":2,"name":"Briefings","item":"https:\/\/ktfnews.com\/category\/briefings\/"},{"@type":"ListItem","position":3,"name":"Prophetic Intelligence Briefings","item":"https:\/\/ktfnews.com\/category\/briefings\/news\/"},{"@type":"ListItem","position":4,"name":"Ecuador erupts in &#8216;civil war&#8217; with cartel thugs: President orders the army onto streets as crazed criminals rampage through cities"}]},{"@type":"Person","@id":"https:\/\/ktfnews.com\/#\/schema\/person\/ba4174513d9169cf8e229b7d8d60410d","name":"Pastor Hal Mayer","image":{"@type":"ImageObject","@id":"https:\/\/ktfnews.com\/#personlogo","inLanguage":"es","url":"https:\/\/secure.gravatar.com\/avatar\/051bac95ae650254c5a03467b9456599?s=96&d=mm&r=g","contentUrl":"https:\/\/secure.gravatar.com\/avatar\/051bac95ae650254c5a03467b9456599?s=96&d=mm&r=g","caption":"Pastor Hal Mayer"},"description":"Pastor Hal Mayer is speaker and director of Keep the Faith Ministry. For the last 20 years Pastor Mayer\u2019s monthly prophetic analysis on CD and online has revealed the striking evidence of fulfilling prophecy to many thousands of subscribers all over the world. Pastor Mayer\u2019s background in history and Bible prophecy give him unique insights and perspectives that have blessed many and helped them make a deeper commitment to the Lord. Keep the Faith Ministry helps those who want to keep abreast of fulfilling prophecy and who want to understand and navigate the unique and difficult circumstances of the end-times. Keep the Faith Ministry helps to prepare you for the second coming of Christ. Pastor Mayer is married to Betsy for more than 40 years. They have no children of their own. \u201cThe times in which we live are thrilling, because the things prophesied in God\u2019s word are actually coming to pass in this generation,\u201d says Pastor Mayer. \u201cIn a time when the distinctive end-time truths of God\u2019s word are being censored, and life in this world is becoming more and more chaotic, Keep the Faith is a voice of strength and encouragement.\u201d","url":"https:\/\/ktfnews.com\/es\/author\/hal\/"}]}},"_links":{"self":[{"href":"https:\/\/ktfnews.com\/es\/wp-json\/wp\/v2\/posts\/28994"}],"collection":[{"href":"https:\/\/ktfnews.com\/es\/wp-json\/wp\/v2\/posts"}],"about":[{"href":"https:\/\/ktfnews.com\/es\/wp-json\/wp\/v2\/types\/post"}],"author":[{"embeddable":true,"href":"https:\/\/ktfnews.com\/es\/wp-json\/wp\/v2\/users\/6"}],"replies":[{"embeddable":true,"href":"https:\/\/ktfnews.com\/es\/wp-json\/wp\/v2\/comments?post=28994"}],"version-history":[{"count":3,"href":"https:\/\/ktfnews.com\/es\/wp-json\/wp\/v2\/posts\/28994\/revisions"}],"predecessor-version":[{"id":29039,"href":"https:\/\/ktfnews.com\/es\/wp-json\/wp\/v2\/posts\/28994\/revisions\/29039"}],"wp:featuredmedia":[{"embeddable":true,"href":"https:\/\/ktfnews.com\/es\/wp-json\/wp\/v2\/media\/28995"}],"wp:attachment":[{"href":"https:\/\/ktfnews.com\/es\/wp-json\/wp\/v2\/media?parent=28994"}],"wp:term":[{"taxonomy":"category","embeddable":true,"href":"https:\/\/ktfnews.com\/es\/wp-json\/wp\/v2\/categories?post=28994"},{"taxonomy":"post_tag","embeddable":true,"href":"https:\/\/ktfnews.com\/es\/wp-json\/wp\/v2\/tags?post=28994"}],"curies":[{"name":"wp","href":"https:\/\/api.w.org\/{rel}","templated":true}]}}