{"id":28917,"date":"2023-12-29T07:30:45","date_gmt":"2023-12-29T12:30:45","guid":{"rendered":"https:\/\/ktfnews.com\/?p=28917"},"modified":"2024-01-04T23:37:09","modified_gmt":"2024-01-05T04:37:09","slug":"prague-in-shock-and-horror-after-senseless-shooting-attack-leaves-14-dead","status":"publish","type":"post","link":"https:\/\/ktfnews.com\/es\/prague-in-shock-and-horror-after-senseless-shooting-attack-leaves-14-dead\/","title":{"rendered":"Praga, conmocionada y horrorizada tras un tiroteo \u00absin sentido\u00bb que deja 14 muertos"},"content":{"rendered":"<p><i>CNN<\/i>, por Ivana Kottasov\u00e1: Praga estaba en estado de shock y de luto el viernes despu\u00e9s de que un hombre armado matara a 14 personas e hiriera a 25 m\u00e1s en la Universidad Charles, el ataque m\u00e1s mort\u00edfero en tiempos de paz en la historia de la Rep\u00fablica Checa.<\/p>\n<p>El brutal incidente del jueves fue tambi\u00e9n el primer tiroteo en una escuela o universidad en la Rep\u00fablica Checa, dejando a la naci\u00f3n y a sus altos funcionarios at\u00f3nitos.<\/p>\n<p>Praga, que apenas 24 horas antes era un para\u00edso invernal, se mostraba sombr\u00eda y vac\u00eda el viernes por la ma\u00f1ana. Durante la noche se instal\u00f3 un monumento improvisado con velas y flores en la sede hist\u00f3rica de la universidad, y la gente acudi\u00f3 a presentar sus respetos desde primera hora de la ma\u00f1ana, a pesar de la intensa nevada y la lluvia.<\/p>\n<p>Dirigi\u00e9ndose a la naci\u00f3n el jueves, el Primer Ministro checo, Petr Fiala, calific\u00f3 el tiroteo de \u00abataque sin sentido\u00bb y dijo que \u00abesta Navidad ser\u00e1 inimaginablemente triste\u00bb.<\/p>\n<p>\u00abComo muchos de ustedes, siento una profunda tristeza y repugnancia por esta violencia incomprensible y brutal\u00bb, dijo Fiala. El Presidente checo, Petr Pavel, dijo sentir \u00abprofunda tristeza y tambi\u00e9n rabia impotente por la p\u00e9rdida de tantas vidas j\u00f3venes.\u00bb<\/p>\n<p>El Papa Francisco, por su parte, se declar\u00f3 \u00abprofundamente entristecido\u00bb al enterarse del tiroteo, seg\u00fan un comunicado del Vaticano publicado el viernes.<\/p>\n<p>Su Santidad el Papa Francisco expresa su cercan\u00eda espiritual a todos los afectados por esta tragedia\u00bb, dice el comunicado.<\/p>\n<p>En una rueda de prensa el viernes, el jefe de la polic\u00eda de Praga, Petr Mat\u011bj\u010dek, tambi\u00e9n confirm\u00f3 que el pistolero -un hombre de 24 a\u00f1os que era estudiante en la universidad- muri\u00f3 por suicidio. La polic\u00eda a\u00fan no ha dado su nombre.<\/p>\n<p>\u00abFui al lugar del atentado y me qued\u00e9 horrorizado y conmocionado. Y llevo 40 a\u00f1os en la polic\u00eda\u00bb, dijo Mat\u011bj\u010dek a los periodistas.<\/p>\n<p>\u00abCuando vi la cantidad de munici\u00f3n, las armas que tra\u00eda, para lo que estaba preparado, s\u00f3lo puedo dar las gracias a mis agentes por su r\u00e1pida actuaci\u00f3n: evitaron muchas m\u00e1s muertes\u00bb.<\/p>\n<p>En una rueda de prensa celebrada el viernes, el jefe de la polic\u00eda checa, Martin Vondr\u00e1\u0161ek, declar\u00f3 tambi\u00e9n que, habiendo sido polic\u00eda durante 35 a\u00f1os, \u00abnunca hab\u00eda visto nada tan horrible\u00bb como el tiroteo de la Universidad Carolina de Praga, que caus\u00f3 14 muertos y 25 heridos m\u00e1s.<\/p>\n<p>Dijo que 13 personas murieron en el lugar de los hechos y una falleci\u00f3 tras ser trasladada al hospital.<\/p>\n<p>Vondr\u00e1\u0161ek dijo que la polic\u00eda checa ha comenzado un entrenamiento regular y sostenido para situaciones de tirador activo despu\u00e9s de los ataques terroristas de 2011 en Noruega.<\/p>\n<p>\u00abEse fue el momento en que nos dimos cuenta de que este tipo de cosas pueden ocurrir en cualquier parte\u00bb, dijo. \u00abPuedo asegurarles que no pasa una semana sin que haya un entrenamiento para tiradores activos en alg\u00fan lugar de la Rep\u00fablica Checa\u00bb, dijo.<\/p>\n<p>Vondr\u00e1\u0161ek elogi\u00f3 la r\u00e1pida respuesta de la polic\u00eda y otros servicios de emergencia, que, seg\u00fan dijo, probablemente salvaron muchas vidas.<\/p>\n<p>El ministro del Interior, V\u00edt Raku\u0161an, hizo un emotivo llamamiento a los ciudadanos checos para que busquen ayuda psicol\u00f3gica y no difundan informaci\u00f3n falsa tras el tiroteo.<\/p>\n<p>\u00abPor favor, busquen ayuda. Hay muchos recursos. El Instituto Nacional Checo de Salud Mental tiene muchos recursos, incluidas gu\u00edas sobre qu\u00e9 hacer en una crisis, y esto es una crisis\u00bb, dijo Raku\u0161an en una rueda de prensa.<\/p>\n<p>\u00abNo hay que avergonzarse de pedir ayuda. No hay que avergonzarse de buscar profesionales. Por favor, no dud\u00e9is en hacerlo\u00bb, a\u00f1adi\u00f3.<\/p>\n<p>Raku\u0161an tambi\u00e9n pidi\u00f3 a los medios de comunicaci\u00f3n y a la opini\u00f3n p\u00fablica que no compartieran informaci\u00f3n sobre el autor del tiroteo ni detalles del mismo, afirmando que la experiencia en el extranjero demuestra que esto podr\u00eda dar lugar a ataques de imitaci\u00f3n.<\/p>\n<p>\u00abNo den al autor lo que quer\u00eda. No le demos publicidad, no demos a nadie la oportunidad de inspirarse en este acto\u00bb, dijo.<\/p>\n<p>La polic\u00eda de la Rep\u00fablica Checa ha reforzado la seguridad en todo el pa\u00eds tras el mort\u00edfero incidente.<\/p>\n<p>\u00abHemos adoptado medidas de precauci\u00f3n en todo el pa\u00eds en relaci\u00f3n con las escuelas y otros objetivos f\u00e1ciles\u00bb, declar\u00f3 la polic\u00eda en un comunicado el viernes, en el que a\u00f1ad\u00eda que no hab\u00eda informaci\u00f3n sobre ninguna amenaza concreta.<\/p>\n<p>La zona que rodea el edificio es popular entre los turistas y est\u00e1 cerca de las principales atracciones. Est\u00e1 al otro lado del r\u00edo Moldava, frente al Castillo de Praga, y a cinco minutos a pie de la Plaza de la Ciudad Vieja, donde se celebraban los famosos mercadillos navide\u00f1os. El hist\u00f3rico barrio jud\u00edo se encuentra a unos cientos de metros del edificio.<\/p>\n<p>Las autoridades siguen investigando el m\u00f3vil del atentado, que tuvo lugar en el edificio de la Facultad de Filosof\u00eda y Letras de la Universidad Carolina. Conocida en checo como Facultad de Filosof\u00eda, es una de las facultades originales creadas cuando se fund\u00f3 la universidad en 1348. En ella se imparten asignaturas como historia, filosof\u00eda, teor\u00eda del arte e idiomas.<\/p>\n<p>La polic\u00eda inform\u00f3 de que a mediod\u00eda del viernes se hab\u00eda identificado a las 14 v\u00edctimas. Entre las v\u00edctimas hab\u00eda varios j\u00f3venes estudiantes, un profesor y el director de un departamento universitario.<\/p>\n<p>El Departamento de Musicolog\u00eda de la escuela anunci\u00f3 que su directora, Lenka Hl\u00e1vkov\u00e1, se encontraba entre las v\u00edctimas del tiroteo. Hl\u00e1vkov\u00e1 era una reputada experta en la cultura musical de la Europa central medieval y el departamento dijo en un comunicado que su muerte era una noticia \u00abextremadamente cruel\u00bb.<\/p>\n<p>Lidov\u00e9 Noviny, un diario nacional checo, dijo en un comunicado que una de sus empleadas, una correctora de pruebas y estudiante de primer a\u00f1o de estudios checos y sordos Lucie \u0160pindlerov\u00e1 muri\u00f3 en el ataque.<\/p>\n<p>Una fotograf\u00eda de \u0160pindlerov\u00e1 publicada por el peri\u00f3dico muestra a una mujer joven y sonriente posando con un gran sombrero y oliendo flores florecientes.<\/p>\n<p>El peri\u00f3dico dijo que \u0160pindlerov\u00e1 era \u00abuna colega y, sobre todo, una amiga\u00bb y que su muerte era \u00abuna noticia extremadamente dolorosa\u00bb.<\/p>\n<p>M\u00e1s tarde, el viernes, la Federaci\u00f3n Checa de Atletismo anunci\u00f3 que una lanzadora de peso de 20 a\u00f1os, Kl\u00e1ra Holcov\u00e1, se encontraba entre las personas asesinadas en el atentado.<\/p>\n<p>La federaci\u00f3n describi\u00f3 a Holcov\u00e1 como una joven atleta \u00abprometedora\u00bb que gan\u00f3 nueve medallas en varios campeonatos checos. Tambi\u00e9n represent\u00f3 a la Rep\u00fablica Checa en reuniones internacionales de atletismo.<\/p>\n<p>Holcov\u00e1 estudiaba checo y archiv\u00edstica en la universidad, seg\u00fan la federaci\u00f3n.<\/p>\n<p>Un post en la p\u00e1gina oficial de Facebook del departamento de estudios germ\u00e1nicos de la universidad dec\u00eda que uno de sus profesores, Jan Dlask, tambi\u00e9n hab\u00eda sido asesinado.<\/p>\n<p>El comunicado describ\u00eda a Dlask como \u00abamigo, compa\u00f1ero de clase y una persona maravillosa y amable, experto en literatura finlandesa y fenno-sueca\u00bb.<\/p>\n<p>Otra v\u00edctima fue Magdal\u00e9na K\u0159\u00edstkov\u00e1, conocida como Majda, seg\u00fan un comunicado emitido por las autoridades de su ciudad natal, Roztoky. Tambi\u00e9n era estudiante de idiomas y estudios para sordos.<\/p>\n<p>La ciudad dijo que era miembro activo de la comunidad, participando en actos municipales y en un club de acampada para ni\u00f1os. \u00abAlegre, amable, incre\u00edblemente talentosa y creativa, Majda ya no est\u00e1 con nosotros y la echaremos much\u00edsimo de menos\u00bb, dice el comunicado.<\/p>\n<p>Las identidades de las dem\u00e1s v\u00edctimas no se han hecho p\u00fablicas.<\/p>\n<p>Un portavoz del Ministerio de Asuntos Exteriores checo dijo a CNN el viernes que tres ciudadanos extranjeros resultaron heridos en el ataque: dos ciudadanos de EAU y uno holand\u00e9s.<\/p>\n<p><strong>C\u00f3mo se desarroll\u00f3 el tiroteo<\/strong><\/p>\n<p>El jefe de polic\u00eda dijo que las autoridades ten\u00edan informaci\u00f3n sobre el autor de los disparos antes de los asesinatos en la universidad, diciendo que la polic\u00eda recibi\u00f3 un dato de que estaba viajando a Praga desde su pueblo natal de Hostou\u0148 con la intenci\u00f3n de quitarse la vida.<\/p>\n<p>Alg\u00fan tiempo despu\u00e9s, la polic\u00eda recibi\u00f3 informaci\u00f3n de que un hombre, que se cre\u00eda que era el padre del pistolero, hab\u00eda sido encontrado muerto en Hostou\u0148.<\/p>\n<p>Vondr\u00e1\u0161ek dijo que la polic\u00eda sab\u00eda que el autor de los disparos ten\u00eda una conferencia a las 14.00 hora local y evacu\u00f3 el edificio donde iba a tener lugar. Pero las autoridades recibieron entonces una llamada sobre un tiroteo en un edificio diferente, seg\u00fan el jefe policial.<\/p>\n<p>El viernes, la polic\u00eda checa hizo p\u00fablicas las grabaciones de las c\u00e1maras corporales tomadas durante la respuesta al tiroteo masivo, en las que se ve a los agentes buscando por los pasillos y evacuando a la gente de los edificios. Tambi\u00e9n muestra el interior de un aula donde se encontraron muchas de las v\u00edctimas.<\/p>\n<p>Las autoridades checas tambi\u00e9n barajan la teor\u00eda de que el autor de los disparos est\u00e1 relacionado con un doble homicidio ocurrido la semana pasada en Klanovice, un suburbio de Praga, donde un hombre y un beb\u00e9 de dos meses aparecieron asesinados en un bosque. En declaraciones el viernes, los jefes de polic\u00eda dijeron que esto se cre\u00eda \u00abextremadamente probable\u00bb.<\/p>\n<p>El autor del tiroteo ten\u00eda permiso de armas y pose\u00eda varias armas, dijo Vondr\u00e1\u0161ek.<\/p>\n<p>La Rep\u00fablica Checa tiene una legislaci\u00f3n sobre armas relativamente liberal en comparaci\u00f3n con el resto de la Uni\u00f3n Europea, pero los ataques con armas de fuego son raros. Para obtener un arma legalmente, una persona necesita una licencia oficial de armas de fuego, que requiere un examen m\u00e9dico, un examen de aptitud para el uso de armas y carecer de antecedentes penales.<\/p>\n<p>Raku\u0161an afirm\u00f3 que ya se est\u00e1n debatiendo en el Parlamento reformas para endurecer la legislaci\u00f3n sobre armas y que el proceso legislativo comenz\u00f3 antes del tiroteo del jueves.<\/p>\n<p>La reforma de la ley facilitar\u00eda a la polic\u00eda la confiscaci\u00f3n de armas bas\u00e1ndose en informaci\u00f3n sobre riesgos potenciales, dijo Raku\u0161an. Tambi\u00e9n obligar\u00eda a los vendedores de armas a informar de cualquier compra inusual de armas, incluidas las compras de grandes cantidades de munici\u00f3n.<\/p>\n<p>Seg\u00fan la actual legislaci\u00f3n checa, es necesaria una licencia de armas para obtener un arma legalmente. Para obtenerla, hay que pasar un examen de aptitud de armas y un reconocimiento m\u00e9dico.<\/p>\n<p>Raku\u0161an dijo que, seg\u00fan las reformas propuestas, el examen m\u00e9dico ser\u00eda m\u00e1s estricto e incluir\u00eda una evaluaci\u00f3n psicol\u00f3gica. S\u00f3lo las personas sin antecedentes penales podr\u00e1n obtener la licencia. Alrededor de 300.000 personas de los 10 millones de habitantes del pa\u00eds poseen una licencia de armas de fuego, seg\u00fan las estad\u00edsticas policiales.<\/p>\n<p>Seg\u00fan las estad\u00edsticas oficiales de la polic\u00eda, m\u00e1s de 300.000 personas tienen permiso legal para poseer un arma de fuego. En 2022, casi un mill\u00f3n de armas de propiedad legal estaban registradas oficialmente en la Rep\u00fablica Checa.<\/p>\n<p>Conexi\u00f3n Prof\u00e9tica:<br \/>\n\u00abEn el mundo entero, las ciudades se vuelven semilleros del vicio. Por doquiera se ve y se oye el mal. En todas partes se encuentran incentivos a la sensualidad y a la disipaci\u00f3n. La marea de la corrupci\u00f3n y del crimen sube de continuo. Cada d\u00eda se registran actos de violencia: robos, asesinatos, suicidios y cr\u00edmenes indecibles.\u201d <i>De la Ciudad al Campo<\/i>, p\u00e1g. 9.<\/p>\n<hr \/>\n<h3>Source References<\/h3>\n<ul>\n<li>\n<h5><a href=\"https:\/\/www.cnn.com\/2023\/12\/22\/europe\/prague-shooting-attack-friday-intl\/index.html\" target=\"_blank\" rel=\"noopener\">Prague in shock and horror after \u2018senseless\u2019 shooting attack leaves 14 dead<\/a><\/h5>\n<\/li>\n<\/ul>\n<p><\/p>\n<!-- AddThis Advanced Settings generic via filter on the_content -->","protected":false},"excerpt":{"rendered":"<p>CNN, por Ivana Kottasov\u00e1: Praga estaba en estado de shock y de luto el viernes despu\u00e9s de que un hombre armado matara a 14 personas e hiriera a 25 m\u00e1s en la Universidad Charles, el ataque m\u00e1s mort\u00edfero en tiempos&#8230;<!-- AddThis Advanced Settings generic via filter on wp_trim_excerpt --><\/p>\n","protected":false},"author":6,"featured_media":28918,"comment_status":"open","ping_status":"open","sticky":false,"template":"","format":"standard","meta":{"episode_type":"","audio_file":"","duration":"","filesize":"","date_recorded":"","explicit":"","block":"","filesize_raw":"","_FSMCFIC_featured_image_caption":"Image: NATO from flickr.com","_FSMCFIC_featured_image_nocaption":null,"_FSMCFIC_featured_image_hide":null,"_links_to":"","_links_to_target":""},"categories":[722,32],"tags":[1294,1103],"featured_image_urls":{"medium":"https:\/\/ktfnews.com\/wp-content\/uploads\/2023\/12\/PM-Petr-Fiala-1280-774-300x181.jpg","large":"https:\/\/ktfnews.com\/wp-content\/uploads\/2023\/12\/PM-Petr-Fiala-1280-774-1024x619.jpg","thumbnail":"https:\/\/ktfnews.com\/wp-content\/uploads\/2023\/12\/PM-Petr-Fiala-1280-774-150x150.jpg","medium_large":"https:\/\/ktfnews.com\/wp-content\/uploads\/2023\/12\/PM-Petr-Fiala-1280-774-768x464.jpg","team-small":"https:\/\/ktfnews.com\/wp-content\/uploads\/2023\/12\/PM-Petr-Fiala-1280-774-138x162.jpg","team-overview":"https:\/\/ktfnews.com\/wp-content\/uploads\/2023\/12\/PM-Petr-Fiala-1280-774-200x279.jpg","team-big":"https:\/\/ktfnews.com\/wp-content\/uploads\/2023\/12\/PM-Petr-Fiala-1280-774-540x270.jpg","two-columns":"https:\/\/ktfnews.com\/wp-content\/uploads\/2023\/12\/PM-Petr-Fiala-1280-774-379x242.jpg","one-column":"https:\/\/ktfnews.com\/wp-content\/uploads\/2023\/12\/PM-Petr-Fiala-1280-774-379x242.jpg","mini-square":"https:\/\/ktfnews.com\/wp-content\/uploads\/2023\/12\/PM-Petr-Fiala-1280-774-70x70.jpg","portfolio-widget-mainpage":"https:\/\/ktfnews.com\/wp-content\/uploads\/2023\/12\/PM-Petr-Fiala-1280-774-335x195.jpg","portfolio-single-ajax":"https:\/\/ktfnews.com\/wp-content\/uploads\/2023\/12\/PM-Petr-Fiala-1280-774-670x280.jpg","portfolio-single-big":"https:\/\/ktfnews.com\/wp-content\/uploads\/2023\/12\/PM-Petr-Fiala-1280-774-685x480.jpg","portfolio-single-small":"https:\/\/ktfnews.com\/wp-content\/uploads\/2023\/12\/PM-Petr-Fiala-1280-774-685x280.jpg","portfolio-single-full-big":"https:\/\/ktfnews.com\/wp-content\/uploads\/2023\/12\/PM-Petr-Fiala-1280-774-960x590.jpg","portfolio-single-full-small":"https:\/\/ktfnews.com\/wp-content\/uploads\/2023\/12\/PM-Petr-Fiala-1280-774-960x250.jpg","gallery-post":"https:\/\/ktfnews.com\/wp-content\/uploads\/2023\/12\/PM-Petr-Fiala-1280-774-182x126.jpg","gallery-post-smaller":"https:\/\/ktfnews.com\/wp-content\/uploads\/2023\/12\/PM-Petr-Fiala-1280-774-158x100.jpg","gallery-standard":"https:\/\/ktfnews.com\/wp-content\/uploads\/2023\/12\/PM-Petr-Fiala-1280-774-257x169.jpg","tooltip-preview":"https:\/\/ktfnews.com\/wp-content\/uploads\/2023\/12\/PM-Petr-Fiala-1280-774-227x133.jpg","widget-content-slider":"https:\/\/ktfnews.com\/wp-content\/uploads\/2023\/12\/PM-Petr-Fiala-1280-774-230x137.jpg","post-top-articles":"https:\/\/ktfnews.com\/wp-content\/uploads\/2023\/12\/PM-Petr-Fiala-1280-774-130x100.jpg","post-single-wide":"https:\/\/ktfnews.com\/wp-content\/uploads\/2023\/12\/PM-Petr-Fiala-1280-774-595x360.jpg","post-single-wide-nocrop":"https:\/\/ktfnews.com\/wp-content\/uploads\/2023\/12\/PM-Petr-Fiala-1280-774-595x360.jpg","post-single-wide-mobile":"https:\/\/ktfnews.com\/wp-content\/uploads\/2023\/12\/PM-Petr-Fiala-1280-774-320x190.jpg","post-single-wide-small":"https:\/\/ktfnews.com\/wp-content\/uploads\/2023\/12\/PM-Petr-Fiala-1280-774-595x190.jpg","post-single-square":"https:\/\/ktfnews.com\/wp-content\/uploads\/2023\/12\/PM-Petr-Fiala-1280-774-120x120.jpg","post-single-full-small":"https:\/\/ktfnews.com\/wp-content\/uploads\/2023\/12\/PM-Petr-Fiala-1280-774-950x360.jpg","post-single-full-big":"https:\/\/ktfnews.com\/wp-content\/uploads\/2023\/12\/PM-Petr-Fiala-1280-774-950x590.jpg","photo-blog":"https:\/\/ktfnews.com\/wp-content\/uploads\/2023\/12\/PM-Petr-Fiala-1280-774-768x464.jpg"},"appp_media":null,"yoast_head":"<!-- This site is optimized with the Yoast SEO plugin v17.3 - https:\/\/yoast.com\/wordpress\/plugins\/seo\/ -->\n<meta name=\"robots\" content=\"index, follow, max-snippet:-1, max-image-preview:large, max-video-preview:-1\" \/>\n<link rel=\"canonical\" href=\"https:\/\/ktfnews.com\/prague-in-shock-and-horror-after-senseless-shooting-attack-leaves-14-dead\/\" \/>\n<meta property=\"og:locale\" content=\"es_ES\" \/>\n<meta property=\"og:type\" content=\"article\" \/>\n<meta property=\"og:title\" content=\"[:en]Prague in shock and horror after \u2018senseless\u2019 shooting attack leaves 14 dead[:es]Praga, conmocionada y horrorizada tras un tiroteo &quot;sin sentido&quot; que deja 14 muertos[:] - KEEP the FAITH\" \/>\n<meta property=\"og:description\" content=\"CNN, por Ivana Kottasov\u00e1: Praga estaba en estado de shock y de luto el viernes despu\u00e9s de que un hombre armado matara a 14 personas e hiriera a 25 m\u00e1s en la Universidad Charles, el ataque m\u00e1s mort\u00edfero en tiempos...\" \/>\n<meta property=\"og:url\" content=\"https:\/\/ktfnews.com\/prague-in-shock-and-horror-after-senseless-shooting-attack-leaves-14-dead\/\" \/>\n<meta property=\"og:site_name\" content=\"KEEP the FAITH\" \/>\n<meta property=\"article:publisher\" content=\"https:\/\/www.facebook.com\/ktfministry\" \/>\n<meta property=\"article:published_time\" content=\"2023-12-29T12:30:45+00:00\" \/>\n<meta property=\"article:modified_time\" content=\"2024-01-05T04:37:09+00:00\" \/>\n<meta property=\"og:image\" content=\"https:\/\/ktfnews.com\/wp-content\/uploads\/2023\/12\/PM-Petr-Fiala-1280-774.jpg\" \/>\n\t<meta property=\"og:image:width\" content=\"1280\" \/>\n\t<meta property=\"og:image:height\" content=\"774\" \/>\n<meta name=\"twitter:card\" content=\"summary_large_image\" \/>\n<meta name=\"twitter:creator\" content=\"@ktfministry\" \/>\n<meta name=\"twitter:site\" content=\"@ktfministry\" \/>\n<meta name=\"twitter:label1\" content=\"Escrito por\" \/>\n\t<meta name=\"twitter:data1\" content=\"Pastor Hal Mayer\" \/>\n\t<meta name=\"twitter:label2\" content=\"Tiempo de lectura\" \/>\n\t<meta name=\"twitter:data2\" content=\"10 minutos\" \/>\n<script type=\"application\/ld+json\" class=\"yoast-schema-graph\">{\"@context\":\"https:\/\/schema.org\",\"@graph\":[{\"@type\":\"WebSite\",\"@id\":\"https:\/\/ktfnews.com\/#website\",\"url\":\"https:\/\/ktfnews.com\/\",\"name\":\"KEEP the FAITH\",\"description\":\"Preparing you for the final conflict between good and evil.\",\"potentialAction\":[{\"@type\":\"SearchAction\",\"target\":{\"@type\":\"EntryPoint\",\"urlTemplate\":\"https:\/\/ktfnews.com\/?s={search_term_string}\"},\"query-input\":\"required name=search_term_string\"}],\"inLanguage\":\"es\"},{\"@type\":\"ImageObject\",\"@id\":\"https:\/\/ktfnews.com\/prague-in-shock-and-horror-after-senseless-shooting-attack-leaves-14-dead\/#primaryimage\",\"inLanguage\":\"es\",\"url\":\"https:\/\/ktfnews.com\/wp-content\/uploads\/2023\/12\/PM-Petr-Fiala-1280-774.jpg\",\"contentUrl\":\"https:\/\/ktfnews.com\/wp-content\/uploads\/2023\/12\/PM-Petr-Fiala-1280-774.jpg\",\"width\":1280,\"height\":774},{\"@type\":\"WebPage\",\"@id\":\"https:\/\/ktfnews.com\/prague-in-shock-and-horror-after-senseless-shooting-attack-leaves-14-dead\/#webpage\",\"url\":\"https:\/\/ktfnews.com\/prague-in-shock-and-horror-after-senseless-shooting-attack-leaves-14-dead\/\",\"name\":\"[:en]Prague in shock and horror after \\u2018senseless\\u2019 shooting attack leaves 14 dead[:es]Praga, conmocionada y horrorizada tras un tiroteo \\\"sin sentido\\\" que deja 14 muertos[:] - KEEP the FAITH\",\"isPartOf\":{\"@id\":\"https:\/\/ktfnews.com\/#website\"},\"primaryImageOfPage\":{\"@id\":\"https:\/\/ktfnews.com\/prague-in-shock-and-horror-after-senseless-shooting-attack-leaves-14-dead\/#primaryimage\"},\"datePublished\":\"2023-12-29T12:30:45+00:00\",\"dateModified\":\"2024-01-05T04:37:09+00:00\",\"author\":{\"@id\":\"https:\/\/ktfnews.com\/#\/schema\/person\/ba4174513d9169cf8e229b7d8d60410d\"},\"breadcrumb\":{\"@id\":\"https:\/\/ktfnews.com\/prague-in-shock-and-horror-after-senseless-shooting-attack-leaves-14-dead\/#breadcrumb\"},\"inLanguage\":\"es\",\"potentialAction\":[{\"@type\":\"ReadAction\",\"target\":[\"https:\/\/ktfnews.com\/prague-in-shock-and-horror-after-senseless-shooting-attack-leaves-14-dead\/\"]}]},{\"@type\":\"BreadcrumbList\",\"@id\":\"https:\/\/ktfnews.com\/prague-in-shock-and-horror-after-senseless-shooting-attack-leaves-14-dead\/#breadcrumb\",\"itemListElement\":[{\"@type\":\"ListItem\",\"position\":1,\"name\":\"Home\",\"item\":\"https:\/\/ktfnews.com\/\"},{\"@type\":\"ListItem\",\"position\":2,\"name\":\"Briefings\",\"item\":\"https:\/\/ktfnews.com\/category\/briefings\/\"},{\"@type\":\"ListItem\",\"position\":3,\"name\":\"Prophetic Intelligence Briefings\",\"item\":\"https:\/\/ktfnews.com\/category\/briefings\/news\/\"},{\"@type\":\"ListItem\",\"position\":4,\"name\":\"Prague in shock and horror after \\u2018senseless\\u2019 shooting attack leaves 14 dead\"}]},{\"@type\":\"Person\",\"@id\":\"https:\/\/ktfnews.com\/#\/schema\/person\/ba4174513d9169cf8e229b7d8d60410d\",\"name\":\"Pastor Hal Mayer\",\"image\":{\"@type\":\"ImageObject\",\"@id\":\"https:\/\/ktfnews.com\/#personlogo\",\"inLanguage\":\"es\",\"url\":\"https:\/\/secure.gravatar.com\/avatar\/051bac95ae650254c5a03467b9456599?s=96&d=mm&r=g\",\"contentUrl\":\"https:\/\/secure.gravatar.com\/avatar\/051bac95ae650254c5a03467b9456599?s=96&d=mm&r=g\",\"caption\":\"Pastor Hal Mayer\"},\"description\":\"Pastor Hal Mayer is speaker and director of Keep the Faith Ministry. For the last 20 years Pastor Mayer\\u2019s monthly prophetic analysis on CD and online has revealed the striking evidence of fulfilling prophecy to many thousands of subscribers all over the world. Pastor Mayer\\u2019s background in history and Bible prophecy give him unique insights and perspectives that have blessed many and helped them make a deeper commitment to the Lord. Keep the Faith Ministry helps those who want to keep abreast of fulfilling prophecy and who want to understand and navigate the unique and difficult circumstances of the end-times. Keep the Faith Ministry helps to prepare you for the second coming of Christ. Pastor Mayer is married to Betsy for more than 40 years. They have no children of their own. \\u201cThe times in which we live are thrilling, because the things prophesied in God\\u2019s word are actually coming to pass in this generation,\\u201d says Pastor Mayer. \\u201cIn a time when the distinctive end-time truths of God\\u2019s word are being censored, and life in this world is becoming more and more chaotic, Keep the Faith is a voice of strength and encouragement.\\u201d\",\"url\":\"https:\/\/ktfnews.com\/es\/author\/hal\/\"}]}<\/script>\n<!-- \/ Yoast SEO plugin. -->","yoast_head_json":{"robots":{"index":"index","follow":"follow","max-snippet":"max-snippet:-1","max-image-preview":"max-image-preview:large","max-video-preview":"max-video-preview:-1"},"canonical":"https:\/\/ktfnews.com\/prague-in-shock-and-horror-after-senseless-shooting-attack-leaves-14-dead\/","og_locale":"es_ES","og_type":"article","og_title":"[:en]Prague in shock and horror after \u2018senseless\u2019 shooting attack leaves 14 dead[:es]Praga, conmocionada y horrorizada tras un tiroteo \"sin sentido\" que deja 14 muertos[:] - KEEP the FAITH","og_description":"CNN, por Ivana Kottasov\u00e1: Praga estaba en estado de shock y de luto el viernes despu\u00e9s de que un hombre armado matara a 14 personas e hiriera a 25 m\u00e1s en la Universidad Charles, el ataque m\u00e1s mort\u00edfero en tiempos...","og_url":"https:\/\/ktfnews.com\/prague-in-shock-and-horror-after-senseless-shooting-attack-leaves-14-dead\/","og_site_name":"KEEP the FAITH","article_publisher":"https:\/\/www.facebook.com\/ktfministry","article_published_time":"2023-12-29T12:30:45+00:00","article_modified_time":"2024-01-05T04:37:09+00:00","og_image":[{"width":1280,"height":774,"url":"https:\/\/ktfnews.com\/wp-content\/uploads\/2023\/12\/PM-Petr-Fiala-1280-774.jpg","type":"image\/jpeg"}],"twitter_card":"summary_large_image","twitter_creator":"@ktfministry","twitter_site":"@ktfministry","twitter_misc":{"Escrito por":"Pastor Hal Mayer","Tiempo de lectura":"10 minutos"},"schema":{"@context":"https:\/\/schema.org","@graph":[{"@type":"WebSite","@id":"https:\/\/ktfnews.com\/#website","url":"https:\/\/ktfnews.com\/","name":"KEEP the FAITH","description":"Preparing you for the final conflict between good and evil.","potentialAction":[{"@type":"SearchAction","target":{"@type":"EntryPoint","urlTemplate":"https:\/\/ktfnews.com\/?s={search_term_string}"},"query-input":"required name=search_term_string"}],"inLanguage":"es"},{"@type":"ImageObject","@id":"https:\/\/ktfnews.com\/prague-in-shock-and-horror-after-senseless-shooting-attack-leaves-14-dead\/#primaryimage","inLanguage":"es","url":"https:\/\/ktfnews.com\/wp-content\/uploads\/2023\/12\/PM-Petr-Fiala-1280-774.jpg","contentUrl":"https:\/\/ktfnews.com\/wp-content\/uploads\/2023\/12\/PM-Petr-Fiala-1280-774.jpg","width":1280,"height":774},{"@type":"WebPage","@id":"https:\/\/ktfnews.com\/prague-in-shock-and-horror-after-senseless-shooting-attack-leaves-14-dead\/#webpage","url":"https:\/\/ktfnews.com\/prague-in-shock-and-horror-after-senseless-shooting-attack-leaves-14-dead\/","name":"[:en]Prague in shock and horror after \u2018senseless\u2019 shooting attack leaves 14 dead[:es]Praga, conmocionada y horrorizada tras un tiroteo \"sin sentido\" que deja 14 muertos[:] - KEEP the FAITH","isPartOf":{"@id":"https:\/\/ktfnews.com\/#website"},"primaryImageOfPage":{"@id":"https:\/\/ktfnews.com\/prague-in-shock-and-horror-after-senseless-shooting-attack-leaves-14-dead\/#primaryimage"},"datePublished":"2023-12-29T12:30:45+00:00","dateModified":"2024-01-05T04:37:09+00:00","author":{"@id":"https:\/\/ktfnews.com\/#\/schema\/person\/ba4174513d9169cf8e229b7d8d60410d"},"breadcrumb":{"@id":"https:\/\/ktfnews.com\/prague-in-shock-and-horror-after-senseless-shooting-attack-leaves-14-dead\/#breadcrumb"},"inLanguage":"es","potentialAction":[{"@type":"ReadAction","target":["https:\/\/ktfnews.com\/prague-in-shock-and-horror-after-senseless-shooting-attack-leaves-14-dead\/"]}]},{"@type":"BreadcrumbList","@id":"https:\/\/ktfnews.com\/prague-in-shock-and-horror-after-senseless-shooting-attack-leaves-14-dead\/#breadcrumb","itemListElement":[{"@type":"ListItem","position":1,"name":"Home","item":"https:\/\/ktfnews.com\/"},{"@type":"ListItem","position":2,"name":"Briefings","item":"https:\/\/ktfnews.com\/category\/briefings\/"},{"@type":"ListItem","position":3,"name":"Prophetic Intelligence Briefings","item":"https:\/\/ktfnews.com\/category\/briefings\/news\/"},{"@type":"ListItem","position":4,"name":"Prague in shock and horror after \u2018senseless\u2019 shooting attack leaves 14 dead"}]},{"@type":"Person","@id":"https:\/\/ktfnews.com\/#\/schema\/person\/ba4174513d9169cf8e229b7d8d60410d","name":"Pastor Hal Mayer","image":{"@type":"ImageObject","@id":"https:\/\/ktfnews.com\/#personlogo","inLanguage":"es","url":"https:\/\/secure.gravatar.com\/avatar\/051bac95ae650254c5a03467b9456599?s=96&d=mm&r=g","contentUrl":"https:\/\/secure.gravatar.com\/avatar\/051bac95ae650254c5a03467b9456599?s=96&d=mm&r=g","caption":"Pastor Hal Mayer"},"description":"Pastor Hal Mayer is speaker and director of Keep the Faith Ministry. For the last 20 years Pastor Mayer\u2019s monthly prophetic analysis on CD and online has revealed the striking evidence of fulfilling prophecy to many thousands of subscribers all over the world. Pastor Mayer\u2019s background in history and Bible prophecy give him unique insights and perspectives that have blessed many and helped them make a deeper commitment to the Lord. Keep the Faith Ministry helps those who want to keep abreast of fulfilling prophecy and who want to understand and navigate the unique and difficult circumstances of the end-times. Keep the Faith Ministry helps to prepare you for the second coming of Christ. Pastor Mayer is married to Betsy for more than 40 years. They have no children of their own. \u201cThe times in which we live are thrilling, because the things prophesied in God\u2019s word are actually coming to pass in this generation,\u201d says Pastor Mayer. \u201cIn a time when the distinctive end-time truths of God\u2019s word are being censored, and life in this world is becoming more and more chaotic, Keep the Faith is a voice of strength and encouragement.\u201d","url":"https:\/\/ktfnews.com\/es\/author\/hal\/"}]}},"_links":{"self":[{"href":"https:\/\/ktfnews.com\/es\/wp-json\/wp\/v2\/posts\/28917"}],"collection":[{"href":"https:\/\/ktfnews.com\/es\/wp-json\/wp\/v2\/posts"}],"about":[{"href":"https:\/\/ktfnews.com\/es\/wp-json\/wp\/v2\/types\/post"}],"author":[{"embeddable":true,"href":"https:\/\/ktfnews.com\/es\/wp-json\/wp\/v2\/users\/6"}],"replies":[{"embeddable":true,"href":"https:\/\/ktfnews.com\/es\/wp-json\/wp\/v2\/comments?post=28917"}],"version-history":[{"count":2,"href":"https:\/\/ktfnews.com\/es\/wp-json\/wp\/v2\/posts\/28917\/revisions"}],"predecessor-version":[{"id":28959,"href":"https:\/\/ktfnews.com\/es\/wp-json\/wp\/v2\/posts\/28917\/revisions\/28959"}],"wp:featuredmedia":[{"embeddable":true,"href":"https:\/\/ktfnews.com\/es\/wp-json\/wp\/v2\/media\/28918"}],"wp:attachment":[{"href":"https:\/\/ktfnews.com\/es\/wp-json\/wp\/v2\/media?parent=28917"}],"wp:term":[{"taxonomy":"category","embeddable":true,"href":"https:\/\/ktfnews.com\/es\/wp-json\/wp\/v2\/categories?post=28917"},{"taxonomy":"post_tag","embeddable":true,"href":"https:\/\/ktfnews.com\/es\/wp-json\/wp\/v2\/tags?post=28917"}],"curies":[{"name":"wp","href":"https:\/\/api.w.org\/{rel}","templated":true}]}}