{"id":28889,"date":"2023-12-26T07:30:45","date_gmt":"2023-12-26T12:30:45","guid":{"rendered":"https:\/\/ktfnews.com\/?p=28889"},"modified":"2023-12-26T11:31:23","modified_gmt":"2023-12-26T16:31:23","slug":"hamas-plot-to-carry-out-terror-attack-on-jewish-institutions-in-europe-is-foiled-as-arrests-are-made-in-germany-and-holland-after-similar-raids-took-place-in-denmark","status":"publish","type":"post","link":"https:\/\/ktfnews.com\/es\/hamas-plot-to-carry-out-terror-attack-on-jewish-institutions-in-europe-is-foiled-as-arrests-are-made-in-germany-and-holland-after-similar-raids-took-place-in-denmark\/","title":{"rendered":"El complot de Ham\u00e1s para llevar a cabo un atentado terrorista contra instituciones jud\u00edas en Europa queda frustrado con las detenciones efectuadas en Alemania y Holanda, despu\u00e9s de que se llevaran a cabo redadas similares en Dinamarca."},"content":{"rendered":"<p><i>Daily Mail<\/i>, por Avid Averre y Reuters: La polic\u00eda alemana ha detenido hoy en Berl\u00edn a tres presuntos miembros de Ham\u00e1s acusados de preparar un atentado contra objetivos jud\u00edos en Europa.<\/p>\n<p>Al parecer, los tres hombres, junto con otro sospechoso detenido en los Pa\u00edses Bajos, hab\u00edan empezado a preparar un dep\u00f3sito de armas en la capital alemana, donde las armas se mantendr\u00edan \u00aben estado de alerta con vistas a posibles atentados terroristas contra instituciones jud\u00edas en Europa\u00bb, seg\u00fan inform\u00f3 la fiscal\u00eda federal alemana en un comunicado.<\/p>\n<p>La noticia de estas detenciones lleg\u00f3 justo despu\u00e9s de que las autoridades danesas dijeran que tambi\u00e9n hab\u00edan evitado un atentado terrorista, deteniendo a otros tres sospechosos. <\/p>\n<p>La polic\u00eda danesa se neg\u00f3 a comentar si exist\u00eda alguna relaci\u00f3n entre las detenciones comunicadas en Dinamarca y Alemania.<\/p>\n<p>Por su parte, el primer ministro israel\u00ed, Benjam\u00edn Netanyahu, afirm\u00f3 en un comunicado que las fuerzas de seguridad danesas hab\u00edan \u00abfrustrado un atentado cuyo objetivo era matar a civiles inocentes en suelo europeo\u00bb.<\/p>\n<p>La organizaci\u00f3n terrorista Ham\u00e1s ha estado trabajando sin descanso y exhaustivamente para ampliar sus operaciones letales a Europa y constituir as\u00ed una amenaza para la seguridad interna de estos pa\u00edses\u00bb, declar\u00f3 Netanyahu.<\/p>\n<p>La polic\u00eda danesa no entr\u00f3 en detalles sobre los sospechosos ni dio ninguna indicaci\u00f3n sobre el posible objetivo del presunto complot.<\/p>\n<p>Se trataba de un grupo que planeaba un acto terrorista\u00bb, declar\u00f3 en rueda de prensa Flemming Drejer, jefe de operaciones del servicio de inteligencia PET.<\/p>\n<p>A\u00f1adi\u00f3 que hab\u00eda \u00abramificaciones que implicaban a otros pa\u00edses\u00bb y a la delincuencia organizada.<\/p>\n<p>Drejer se limit\u00f3 a decir que se cre\u00eda que otros sospechosos que se encontraban en el extranjero tambi\u00e9n estaban implicados en el complot.<\/p>\n<p>El PET y varios distritos policiales llevaron a cabo las detenciones en Dinamarca en redadas efectuadas de madrugada en varios puntos del pa\u00eds escandinavo, seg\u00fan informaron las autoridades.<\/p>\n<p>El nivel de amenaza contra Dinamarca se considera elevado, y el PET lo sit\u00faa en cuatro en su escala de amenazas de cinco puntos.<\/p>\n<p>La polic\u00eda reforz\u00f3 su presencia en Copenhague, pero afirm\u00f3 que la capital segu\u00eda siendo \u00absegura\u00bb.<\/p>\n<p>No obstante, la comunidad jud\u00eda cancel\u00f3 una celebraci\u00f3n p\u00fablica de Hanukkah prevista para el jueves por la noche, seg\u00fan informaron los medios de comunicaci\u00f3n daneses.<\/p>\n<p>La Primera Ministra, Mette Frederiksen, declar\u00f3 que las operaciones \u00abnos muestran la situaci\u00f3n en la que se encuentra Dinamarca\u00bb.<\/p>\n<p>Durante varios a\u00f1os hemos observado que hay personas que viven en Dinamarca y que no nos desean lo mejor, que est\u00e1n en contra de nuestra democracia, de nuestra libertad y de la sociedad danesa\u00bb, declar\u00f3 a la prensa.<\/p>\n<p>Durante el verano, Dinamarca y la vecina Suecia se convirtieron en el blanco de la ira de varios pa\u00edses musulmanes tras una serie de protestas en Escandinavia en las que se quem\u00f3 y profan\u00f3 el Cor\u00e1n.<\/p>\n<p>En Irak, casi un millar de manifestantes intentaron marchar hacia la embajada danesa en la fortificada Zona Verde de Bagdad a finales de julio, tras un llamamiento del cl\u00e9rigo incendiario Moqtada Sadr.<\/p>\n<p>Entre el 21 de julio y el 24 de octubre de este a\u00f1o se registraron en Dinamarca 483 quemas de libros o banderas, seg\u00fan cifras de la polic\u00eda nacional.<\/p>\n<p>En respuesta, el Parlamento dan\u00e9s aprob\u00f3 a principios de mes una ley que tipifica como delito la quema, rotura o profanaci\u00f3n de textos religiosos como el libro sagrado del Islam.<\/p>\n<p>En 2006, estall\u00f3 en el mundo musulm\u00e1n una ola de ira y violencia contra Dinamarca tras la publicaci\u00f3n en el peque\u00f1o pa\u00eds n\u00f3rdico de caricaturas del profeta Mahoma.<\/p>\n<p>Y en febrero de 2015, un hombre armado que hab\u00eda expresado su lealtad al grupo Estado Isl\u00e1mico (EI) abri\u00f3 fuego en un centro cultural de Copenhague que acog\u00eda un foro sobre el islam y la libertad de expresi\u00f3n.<\/p>\n<p>El a\u00f1o pasado, un tribunal dan\u00e9s conden\u00f3 a un simpatizante del EI a 16 a\u00f1os de c\u00e1rcel por planear un atentado. La sentencia fue la m\u00e1s severa jam\u00e1s dictada en virtud de la legislaci\u00f3n antiterrorista danesa.<\/p>\n<p>Nuestro comentario:<br \/>\nEl terrorismo es una forma de Guerra<\/p>\n<p>Conexi\u00f3n Prof\u00e9tica:<br \/>\n\u201cEntonces habr\u00e1 se\u00f1ales en el sol, en la luna y en las estrellas, y en la tierra angustia de las gentes, confundidas a causa del bramido del mar y de las olas.\u201d Lucas 21: 25.<\/p>\n<hr \/>\n<h3>Source References<\/h3>\n<ul>\n<li>\n<h5><a href=\"https:\/\/www.dailymail.co.uk\/news\/article-12864571\/Hamas-plot-carry-attack-civilians-Europe-foiled-Danish-cops-arrest-seven-Suspects-operating-behalf-terror-group-Israel-claims.html\" target=\"_blank\" rel=\"noopener\">Hamas plot to carry out terror attack on Jewish institutions in Europe is foiled as arrests are made in Germany and Holland &#8211; after similar raids took place in Denmark<\/a><\/h5>\n<\/li>\n<\/ul>\n<p><\/p>\n<!-- AddThis Advanced Settings generic via filter on the_content -->","protected":false},"excerpt":{"rendered":"<p>Daily Mail, por Avid Averre y Reuters: La polic\u00eda alemana ha detenido hoy en Berl\u00edn a tres presuntos miembros de Ham\u00e1s acusados de preparar un atentado contra objetivos jud\u00edos en Europa. Al parecer, los tres hombres, junto con otro sospechoso&#8230;<!-- AddThis Advanced Settings generic via filter on wp_trim_excerpt --><\/p>\n","protected":false},"author":6,"featured_media":28890,"comment_status":"open","ping_status":"open","sticky":false,"template":"","format":"standard","meta":{"episode_type":"","audio_file":"","duration":"","filesize":"","date_recorded":"","explicit":"","block":"","filesize_raw":"","_FSMCFIC_featured_image_caption":"Image: World Economic Forum\/swiss-image.ch","_FSMCFIC_featured_image_nocaption":null,"_FSMCFIC_featured_image_hide":null,"_links_to":"","_links_to_target":""},"categories":[722,32],"tags":[2799,274,411],"featured_image_urls":{"medium":"https:\/\/ktfnews.com\/wp-content\/uploads\/2023\/12\/PM-Benjamin-Netanyahu-1280-774-300x181.jpg","large":"https:\/\/ktfnews.com\/wp-content\/uploads\/2023\/12\/PM-Benjamin-Netanyahu-1280-774-1024x619.jpg","thumbnail":"https:\/\/ktfnews.com\/wp-content\/uploads\/2023\/12\/PM-Benjamin-Netanyahu-1280-774-150x150.jpg","medium_large":"https:\/\/ktfnews.com\/wp-content\/uploads\/2023\/12\/PM-Benjamin-Netanyahu-1280-774-768x464.jpg","team-small":"https:\/\/ktfnews.com\/wp-content\/uploads\/2023\/12\/PM-Benjamin-Netanyahu-1280-774-138x162.jpg","team-overview":"https:\/\/ktfnews.com\/wp-content\/uploads\/2023\/12\/PM-Benjamin-Netanyahu-1280-774-200x279.jpg","team-big":"https:\/\/ktfnews.com\/wp-content\/uploads\/2023\/12\/PM-Benjamin-Netanyahu-1280-774-540x270.jpg","two-columns":"https:\/\/ktfnews.com\/wp-content\/uploads\/2023\/12\/PM-Benjamin-Netanyahu-1280-774-379x242.jpg","one-column":"https:\/\/ktfnews.com\/wp-content\/uploads\/2023\/12\/PM-Benjamin-Netanyahu-1280-774-379x242.jpg","mini-square":"https:\/\/ktfnews.com\/wp-content\/uploads\/2023\/12\/PM-Benjamin-Netanyahu-1280-774-70x70.jpg","portfolio-widget-mainpage":"https:\/\/ktfnews.com\/wp-content\/uploads\/2023\/12\/PM-Benjamin-Netanyahu-1280-774-335x195.jpg","portfolio-single-ajax":"https:\/\/ktfnews.com\/wp-content\/uploads\/2023\/12\/PM-Benjamin-Netanyahu-1280-774-670x280.jpg","portfolio-single-big":"https:\/\/ktfnews.com\/wp-content\/uploads\/2023\/12\/PM-Benjamin-Netanyahu-1280-774-685x480.jpg","portfolio-single-small":"https:\/\/ktfnews.com\/wp-content\/uploads\/2023\/12\/PM-Benjamin-Netanyahu-1280-774-685x280.jpg","portfolio-single-full-big":"https:\/\/ktfnews.com\/wp-content\/uploads\/2023\/12\/PM-Benjamin-Netanyahu-1280-774-960x590.jpg","portfolio-single-full-small":"https:\/\/ktfnews.com\/wp-content\/uploads\/2023\/12\/PM-Benjamin-Netanyahu-1280-774-960x250.jpg","gallery-post":"https:\/\/ktfnews.com\/wp-content\/uploads\/2023\/12\/PM-Benjamin-Netanyahu-1280-774-182x126.jpg","gallery-post-smaller":"https:\/\/ktfnews.com\/wp-content\/uploads\/2023\/12\/PM-Benjamin-Netanyahu-1280-774-158x100.jpg","gallery-standard":"https:\/\/ktfnews.com\/wp-content\/uploads\/2023\/12\/PM-Benjamin-Netanyahu-1280-774-257x169.jpg","tooltip-preview":"https:\/\/ktfnews.com\/wp-content\/uploads\/2023\/12\/PM-Benjamin-Netanyahu-1280-774-227x133.jpg","widget-content-slider":"https:\/\/ktfnews.com\/wp-content\/uploads\/2023\/12\/PM-Benjamin-Netanyahu-1280-774-230x137.jpg","post-top-articles":"https:\/\/ktfnews.com\/wp-content\/uploads\/2023\/12\/PM-Benjamin-Netanyahu-1280-774-130x100.jpg","post-single-wide":"https:\/\/ktfnews.com\/wp-content\/uploads\/2023\/12\/PM-Benjamin-Netanyahu-1280-774-595x360.jpg","post-single-wide-nocrop":"https:\/\/ktfnews.com\/wp-content\/uploads\/2023\/12\/PM-Benjamin-Netanyahu-1280-774-595x360.jpg","post-single-wide-mobile":"https:\/\/ktfnews.com\/wp-content\/uploads\/2023\/12\/PM-Benjamin-Netanyahu-1280-774-320x190.jpg","post-single-wide-small":"https:\/\/ktfnews.com\/wp-content\/uploads\/2023\/12\/PM-Benjamin-Netanyahu-1280-774-595x190.jpg","post-single-square":"https:\/\/ktfnews.com\/wp-content\/uploads\/2023\/12\/PM-Benjamin-Netanyahu-1280-774-120x120.jpg","post-single-full-small":"https:\/\/ktfnews.com\/wp-content\/uploads\/2023\/12\/PM-Benjamin-Netanyahu-1280-774-950x360.jpg","post-single-full-big":"https:\/\/ktfnews.com\/wp-content\/uploads\/2023\/12\/PM-Benjamin-Netanyahu-1280-774-950x590.jpg","photo-blog":"https:\/\/ktfnews.com\/wp-content\/uploads\/2023\/12\/PM-Benjamin-Netanyahu-1280-774-768x464.jpg"},"appp_media":null,"yoast_head":"<!-- This site is optimized with the Yoast SEO plugin v17.3 - https:\/\/yoast.com\/wordpress\/plugins\/seo\/ -->\n<meta name=\"robots\" content=\"index, follow, max-snippet:-1, max-image-preview:large, max-video-preview:-1\" \/>\n<link rel=\"canonical\" href=\"https:\/\/ktfnews.com\/hamas-plot-to-carry-out-terror-attack-on-jewish-institutions-in-europe-is-foiled-as-arrests-are-made-in-germany-and-holland-after-similar-raids-took-place-in-denmark\/\" \/>\n<meta property=\"og:locale\" content=\"es_ES\" \/>\n<meta property=\"og:type\" content=\"article\" \/>\n<meta property=\"og:title\" content=\"[:en]Hamas plot to carry out terror attack on Jewish institutions in Europe is foiled as arrests are made in Germany and Holland - after similar raids took place in Denmark[:es]El complot de Ham\u00e1s para llevar a cabo un atentado terrorista contra instituciones jud\u00edas en Europa queda frustrado con las detenciones efectuadas en Alemania y Holanda, despu\u00e9s de que se llevaran a cabo redadas similares en Dinamarca.[:] - KEEP the FAITH\" \/>\n<meta property=\"og:description\" content=\"Daily Mail, por Avid Averre y Reuters: La polic\u00eda alemana ha detenido hoy en Berl\u00edn a tres presuntos miembros de Ham\u00e1s acusados de preparar un atentado contra objetivos jud\u00edos en Europa. Al parecer, los tres hombres, junto con otro sospechoso...\" \/>\n<meta property=\"og:url\" content=\"https:\/\/ktfnews.com\/hamas-plot-to-carry-out-terror-attack-on-jewish-institutions-in-europe-is-foiled-as-arrests-are-made-in-germany-and-holland-after-similar-raids-took-place-in-denmark\/\" \/>\n<meta property=\"og:site_name\" content=\"KEEP the FAITH\" \/>\n<meta property=\"article:publisher\" content=\"https:\/\/www.facebook.com\/ktfministry\" \/>\n<meta property=\"article:published_time\" content=\"2023-12-26T12:30:45+00:00\" \/>\n<meta property=\"article:modified_time\" content=\"2023-12-26T16:31:23+00:00\" \/>\n<meta property=\"og:image\" content=\"https:\/\/ktfnews.com\/wp-content\/uploads\/2023\/12\/PM-Benjamin-Netanyahu-1280-774.jpg\" \/>\n\t<meta property=\"og:image:width\" content=\"1280\" \/>\n\t<meta property=\"og:image:height\" content=\"774\" \/>\n<meta name=\"twitter:card\" content=\"summary_large_image\" \/>\n<meta name=\"twitter:creator\" content=\"@ktfministry\" \/>\n<meta name=\"twitter:site\" content=\"@ktfministry\" \/>\n<meta name=\"twitter:label1\" content=\"Escrito por\" \/>\n\t<meta name=\"twitter:data1\" content=\"Pastor Hal Mayer\" \/>\n\t<meta name=\"twitter:label2\" content=\"Tiempo de lectura\" \/>\n\t<meta name=\"twitter:data2\" content=\"10 minutos\" \/>\n<script type=\"application\/ld+json\" class=\"yoast-schema-graph\">{\"@context\":\"https:\/\/schema.org\",\"@graph\":[{\"@type\":\"WebSite\",\"@id\":\"https:\/\/ktfnews.com\/#website\",\"url\":\"https:\/\/ktfnews.com\/\",\"name\":\"KEEP the FAITH\",\"description\":\"Preparing you for the final conflict between good and evil.\",\"potentialAction\":[{\"@type\":\"SearchAction\",\"target\":{\"@type\":\"EntryPoint\",\"urlTemplate\":\"https:\/\/ktfnews.com\/?s={search_term_string}\"},\"query-input\":\"required name=search_term_string\"}],\"inLanguage\":\"es\"},{\"@type\":\"ImageObject\",\"@id\":\"https:\/\/ktfnews.com\/hamas-plot-to-carry-out-terror-attack-on-jewish-institutions-in-europe-is-foiled-as-arrests-are-made-in-germany-and-holland-after-similar-raids-took-place-in-denmark\/#primaryimage\",\"inLanguage\":\"es\",\"url\":\"https:\/\/ktfnews.com\/wp-content\/uploads\/2023\/12\/PM-Benjamin-Netanyahu-1280-774.jpg\",\"contentUrl\":\"https:\/\/ktfnews.com\/wp-content\/uploads\/2023\/12\/PM-Benjamin-Netanyahu-1280-774.jpg\",\"width\":1280,\"height\":774},{\"@type\":\"WebPage\",\"@id\":\"https:\/\/ktfnews.com\/hamas-plot-to-carry-out-terror-attack-on-jewish-institutions-in-europe-is-foiled-as-arrests-are-made-in-germany-and-holland-after-similar-raids-took-place-in-denmark\/#webpage\",\"url\":\"https:\/\/ktfnews.com\/hamas-plot-to-carry-out-terror-attack-on-jewish-institutions-in-europe-is-foiled-as-arrests-are-made-in-germany-and-holland-after-similar-raids-took-place-in-denmark\/\",\"name\":\"[:en]Hamas plot to carry out terror attack on Jewish institutions in Europe is foiled as arrests are made in Germany and Holland - after similar raids took place in Denmark[:es]El complot de Ham\\u00e1s para llevar a cabo un atentado terrorista contra instituciones jud\\u00edas en Europa queda frustrado con las detenciones efectuadas en Alemania y Holanda, despu\\u00e9s de que se llevaran a cabo redadas similares en Dinamarca.[:] - KEEP the FAITH\",\"isPartOf\":{\"@id\":\"https:\/\/ktfnews.com\/#website\"},\"primaryImageOfPage\":{\"@id\":\"https:\/\/ktfnews.com\/hamas-plot-to-carry-out-terror-attack-on-jewish-institutions-in-europe-is-foiled-as-arrests-are-made-in-germany-and-holland-after-similar-raids-took-place-in-denmark\/#primaryimage\"},\"datePublished\":\"2023-12-26T12:30:45+00:00\",\"dateModified\":\"2023-12-26T16:31:23+00:00\",\"author\":{\"@id\":\"https:\/\/ktfnews.com\/#\/schema\/person\/ba4174513d9169cf8e229b7d8d60410d\"},\"breadcrumb\":{\"@id\":\"https:\/\/ktfnews.com\/hamas-plot-to-carry-out-terror-attack-on-jewish-institutions-in-europe-is-foiled-as-arrests-are-made-in-germany-and-holland-after-similar-raids-took-place-in-denmark\/#breadcrumb\"},\"inLanguage\":\"es\",\"potentialAction\":[{\"@type\":\"ReadAction\",\"target\":[\"https:\/\/ktfnews.com\/hamas-plot-to-carry-out-terror-attack-on-jewish-institutions-in-europe-is-foiled-as-arrests-are-made-in-germany-and-holland-after-similar-raids-took-place-in-denmark\/\"]}]},{\"@type\":\"BreadcrumbList\",\"@id\":\"https:\/\/ktfnews.com\/hamas-plot-to-carry-out-terror-attack-on-jewish-institutions-in-europe-is-foiled-as-arrests-are-made-in-germany-and-holland-after-similar-raids-took-place-in-denmark\/#breadcrumb\",\"itemListElement\":[{\"@type\":\"ListItem\",\"position\":1,\"name\":\"Home\",\"item\":\"https:\/\/ktfnews.com\/\"},{\"@type\":\"ListItem\",\"position\":2,\"name\":\"Briefings\",\"item\":\"https:\/\/ktfnews.com\/category\/briefings\/\"},{\"@type\":\"ListItem\",\"position\":3,\"name\":\"Prophetic Intelligence Briefings\",\"item\":\"https:\/\/ktfnews.com\/category\/briefings\/news\/\"},{\"@type\":\"ListItem\",\"position\":4,\"name\":\"Hamas plot to carry out terror attack on Jewish institutions in Europe is foiled as arrests are made in Germany and Holland &#8211; after similar raids took place in Denmark\"}]},{\"@type\":\"Person\",\"@id\":\"https:\/\/ktfnews.com\/#\/schema\/person\/ba4174513d9169cf8e229b7d8d60410d\",\"name\":\"Pastor Hal Mayer\",\"image\":{\"@type\":\"ImageObject\",\"@id\":\"https:\/\/ktfnews.com\/#personlogo\",\"inLanguage\":\"es\",\"url\":\"https:\/\/secure.gravatar.com\/avatar\/051bac95ae650254c5a03467b9456599?s=96&d=mm&r=g\",\"contentUrl\":\"https:\/\/secure.gravatar.com\/avatar\/051bac95ae650254c5a03467b9456599?s=96&d=mm&r=g\",\"caption\":\"Pastor Hal Mayer\"},\"description\":\"Pastor Hal Mayer is speaker and director of Keep the Faith Ministry. For the last 20 years Pastor Mayer\\u2019s monthly prophetic analysis on CD and online has revealed the striking evidence of fulfilling prophecy to many thousands of subscribers all over the world. Pastor Mayer\\u2019s background in history and Bible prophecy give him unique insights and perspectives that have blessed many and helped them make a deeper commitment to the Lord. Keep the Faith Ministry helps those who want to keep abreast of fulfilling prophecy and who want to understand and navigate the unique and difficult circumstances of the end-times. Keep the Faith Ministry helps to prepare you for the second coming of Christ. Pastor Mayer is married to Betsy for more than 40 years. They have no children of their own. \\u201cThe times in which we live are thrilling, because the things prophesied in God\\u2019s word are actually coming to pass in this generation,\\u201d says Pastor Mayer. \\u201cIn a time when the distinctive end-time truths of God\\u2019s word are being censored, and life in this world is becoming more and more chaotic, Keep the Faith is a voice of strength and encouragement.\\u201d\",\"url\":\"https:\/\/ktfnews.com\/es\/author\/hal\/\"}]}<\/script>\n<!-- \/ Yoast SEO plugin. -->","yoast_head_json":{"robots":{"index":"index","follow":"follow","max-snippet":"max-snippet:-1","max-image-preview":"max-image-preview:large","max-video-preview":"max-video-preview:-1"},"canonical":"https:\/\/ktfnews.com\/hamas-plot-to-carry-out-terror-attack-on-jewish-institutions-in-europe-is-foiled-as-arrests-are-made-in-germany-and-holland-after-similar-raids-took-place-in-denmark\/","og_locale":"es_ES","og_type":"article","og_title":"[:en]Hamas plot to carry out terror attack on Jewish institutions in Europe is foiled as arrests are made in Germany and Holland - after similar raids took place in Denmark[:es]El complot de Ham\u00e1s para llevar a cabo un atentado terrorista contra instituciones jud\u00edas en Europa queda frustrado con las detenciones efectuadas en Alemania y Holanda, despu\u00e9s de que se llevaran a cabo redadas similares en Dinamarca.[:] - KEEP the FAITH","og_description":"Daily Mail, por Avid Averre y Reuters: La polic\u00eda alemana ha detenido hoy en Berl\u00edn a tres presuntos miembros de Ham\u00e1s acusados de preparar un atentado contra objetivos jud\u00edos en Europa. Al parecer, los tres hombres, junto con otro sospechoso...","og_url":"https:\/\/ktfnews.com\/hamas-plot-to-carry-out-terror-attack-on-jewish-institutions-in-europe-is-foiled-as-arrests-are-made-in-germany-and-holland-after-similar-raids-took-place-in-denmark\/","og_site_name":"KEEP the FAITH","article_publisher":"https:\/\/www.facebook.com\/ktfministry","article_published_time":"2023-12-26T12:30:45+00:00","article_modified_time":"2023-12-26T16:31:23+00:00","og_image":[{"width":1280,"height":774,"url":"https:\/\/ktfnews.com\/wp-content\/uploads\/2023\/12\/PM-Benjamin-Netanyahu-1280-774.jpg","type":"image\/jpeg"}],"twitter_card":"summary_large_image","twitter_creator":"@ktfministry","twitter_site":"@ktfministry","twitter_misc":{"Escrito por":"Pastor Hal Mayer","Tiempo de lectura":"10 minutos"},"schema":{"@context":"https:\/\/schema.org","@graph":[{"@type":"WebSite","@id":"https:\/\/ktfnews.com\/#website","url":"https:\/\/ktfnews.com\/","name":"KEEP the FAITH","description":"Preparing you for the final conflict between good and evil.","potentialAction":[{"@type":"SearchAction","target":{"@type":"EntryPoint","urlTemplate":"https:\/\/ktfnews.com\/?s={search_term_string}"},"query-input":"required name=search_term_string"}],"inLanguage":"es"},{"@type":"ImageObject","@id":"https:\/\/ktfnews.com\/hamas-plot-to-carry-out-terror-attack-on-jewish-institutions-in-europe-is-foiled-as-arrests-are-made-in-germany-and-holland-after-similar-raids-took-place-in-denmark\/#primaryimage","inLanguage":"es","url":"https:\/\/ktfnews.com\/wp-content\/uploads\/2023\/12\/PM-Benjamin-Netanyahu-1280-774.jpg","contentUrl":"https:\/\/ktfnews.com\/wp-content\/uploads\/2023\/12\/PM-Benjamin-Netanyahu-1280-774.jpg","width":1280,"height":774},{"@type":"WebPage","@id":"https:\/\/ktfnews.com\/hamas-plot-to-carry-out-terror-attack-on-jewish-institutions-in-europe-is-foiled-as-arrests-are-made-in-germany-and-holland-after-similar-raids-took-place-in-denmark\/#webpage","url":"https:\/\/ktfnews.com\/hamas-plot-to-carry-out-terror-attack-on-jewish-institutions-in-europe-is-foiled-as-arrests-are-made-in-germany-and-holland-after-similar-raids-took-place-in-denmark\/","name":"[:en]Hamas plot to carry out terror attack on Jewish institutions in Europe is foiled as arrests are made in Germany and Holland - after similar raids took place in Denmark[:es]El complot de Ham\u00e1s para llevar a cabo un atentado terrorista contra instituciones jud\u00edas en Europa queda frustrado con las detenciones efectuadas en Alemania y Holanda, despu\u00e9s de que se llevaran a cabo redadas similares en Dinamarca.[:] - KEEP the FAITH","isPartOf":{"@id":"https:\/\/ktfnews.com\/#website"},"primaryImageOfPage":{"@id":"https:\/\/ktfnews.com\/hamas-plot-to-carry-out-terror-attack-on-jewish-institutions-in-europe-is-foiled-as-arrests-are-made-in-germany-and-holland-after-similar-raids-took-place-in-denmark\/#primaryimage"},"datePublished":"2023-12-26T12:30:45+00:00","dateModified":"2023-12-26T16:31:23+00:00","author":{"@id":"https:\/\/ktfnews.com\/#\/schema\/person\/ba4174513d9169cf8e229b7d8d60410d"},"breadcrumb":{"@id":"https:\/\/ktfnews.com\/hamas-plot-to-carry-out-terror-attack-on-jewish-institutions-in-europe-is-foiled-as-arrests-are-made-in-germany-and-holland-after-similar-raids-took-place-in-denmark\/#breadcrumb"},"inLanguage":"es","potentialAction":[{"@type":"ReadAction","target":["https:\/\/ktfnews.com\/hamas-plot-to-carry-out-terror-attack-on-jewish-institutions-in-europe-is-foiled-as-arrests-are-made-in-germany-and-holland-after-similar-raids-took-place-in-denmark\/"]}]},{"@type":"BreadcrumbList","@id":"https:\/\/ktfnews.com\/hamas-plot-to-carry-out-terror-attack-on-jewish-institutions-in-europe-is-foiled-as-arrests-are-made-in-germany-and-holland-after-similar-raids-took-place-in-denmark\/#breadcrumb","itemListElement":[{"@type":"ListItem","position":1,"name":"Home","item":"https:\/\/ktfnews.com\/"},{"@type":"ListItem","position":2,"name":"Briefings","item":"https:\/\/ktfnews.com\/category\/briefings\/"},{"@type":"ListItem","position":3,"name":"Prophetic Intelligence Briefings","item":"https:\/\/ktfnews.com\/category\/briefings\/news\/"},{"@type":"ListItem","position":4,"name":"Hamas plot to carry out terror attack on Jewish institutions in Europe is foiled as arrests are made in Germany and Holland &#8211; after similar raids took place in Denmark"}]},{"@type":"Person","@id":"https:\/\/ktfnews.com\/#\/schema\/person\/ba4174513d9169cf8e229b7d8d60410d","name":"Pastor Hal Mayer","image":{"@type":"ImageObject","@id":"https:\/\/ktfnews.com\/#personlogo","inLanguage":"es","url":"https:\/\/secure.gravatar.com\/avatar\/051bac95ae650254c5a03467b9456599?s=96&d=mm&r=g","contentUrl":"https:\/\/secure.gravatar.com\/avatar\/051bac95ae650254c5a03467b9456599?s=96&d=mm&r=g","caption":"Pastor Hal Mayer"},"description":"Pastor Hal Mayer is speaker and director of Keep the Faith Ministry. For the last 20 years Pastor Mayer\u2019s monthly prophetic analysis on CD and online has revealed the striking evidence of fulfilling prophecy to many thousands of subscribers all over the world. Pastor Mayer\u2019s background in history and Bible prophecy give him unique insights and perspectives that have blessed many and helped them make a deeper commitment to the Lord. Keep the Faith Ministry helps those who want to keep abreast of fulfilling prophecy and who want to understand and navigate the unique and difficult circumstances of the end-times. Keep the Faith Ministry helps to prepare you for the second coming of Christ. Pastor Mayer is married to Betsy for more than 40 years. They have no children of their own. \u201cThe times in which we live are thrilling, because the things prophesied in God\u2019s word are actually coming to pass in this generation,\u201d says Pastor Mayer. \u201cIn a time when the distinctive end-time truths of God\u2019s word are being censored, and life in this world is becoming more and more chaotic, Keep the Faith is a voice of strength and encouragement.\u201d","url":"https:\/\/ktfnews.com\/es\/author\/hal\/"}]}},"_links":{"self":[{"href":"https:\/\/ktfnews.com\/es\/wp-json\/wp\/v2\/posts\/28889"}],"collection":[{"href":"https:\/\/ktfnews.com\/es\/wp-json\/wp\/v2\/posts"}],"about":[{"href":"https:\/\/ktfnews.com\/es\/wp-json\/wp\/v2\/types\/post"}],"author":[{"embeddable":true,"href":"https:\/\/ktfnews.com\/es\/wp-json\/wp\/v2\/users\/6"}],"replies":[{"embeddable":true,"href":"https:\/\/ktfnews.com\/es\/wp-json\/wp\/v2\/comments?post=28889"}],"version-history":[{"count":2,"href":"https:\/\/ktfnews.com\/es\/wp-json\/wp\/v2\/posts\/28889\/revisions"}],"predecessor-version":[{"id":28895,"href":"https:\/\/ktfnews.com\/es\/wp-json\/wp\/v2\/posts\/28889\/revisions\/28895"}],"wp:featuredmedia":[{"embeddable":true,"href":"https:\/\/ktfnews.com\/es\/wp-json\/wp\/v2\/media\/28890"}],"wp:attachment":[{"href":"https:\/\/ktfnews.com\/es\/wp-json\/wp\/v2\/media?parent=28889"}],"wp:term":[{"taxonomy":"category","embeddable":true,"href":"https:\/\/ktfnews.com\/es\/wp-json\/wp\/v2\/categories?post=28889"},{"taxonomy":"post_tag","embeddable":true,"href":"https:\/\/ktfnews.com\/es\/wp-json\/wp\/v2\/tags?post=28889"}],"curies":[{"name":"wp","href":"https:\/\/api.w.org\/{rel}","templated":true}]}}