{"id":28447,"date":"2023-10-12T07:30:58","date_gmt":"2023-10-12T11:30:58","guid":{"rendered":"https:\/\/ktfnews.com\/?p=28447"},"modified":"2023-10-16T23:29:55","modified_gmt":"2023-10-17T03:29:55","slug":"mongolian-ambassador-popes-visit-promotes-peace-in-the-region","status":"publish","type":"post","link":"https:\/\/ktfnews.com\/es\/mongolian-ambassador-popes-visit-promotes-peace-in-the-region\/","title":{"rendered":"Embajador de Mongolia: La visita del Papa promueve la paz en la regi\u00f3n"},"content":{"rendered":"<p><i>Vatican News<\/i>, por Linda Bordoni: La embajadora de Mongolia ante la Santa Sede, la se\u00f1ora Gerelmaa Davaasuren, present\u00f3 sus cartas credenciales al Papa Francisco en diciembre de 2022, 30 a\u00f1os despu\u00e9s del establecimiento de relaciones diplom\u00e1ticas entre la Santa Sede y Mongolia.<\/p>\n<p>Ese aniversario se celebr\u00f3 en el Vaticano cuando una delegaci\u00f3n de budistas mongoles realiz\u00f3 una visita oficial sin precedentes al Vaticano y fue recibida por el Papa Francisco.<\/p>\n<p>En una entrevista concedida a Vatican News, la embajadora Davaasuren habla de la alegr\u00eda de su pa\u00eds, que se prepara para acoger al Papa Francisco.<\/p>\n<p>Al convertirse en el primer pont\u00edfice romano que pisa suelo mongol, destaca la fecundidad de las relaciones interreligiosas y el respeto por la diversidad que pone de relieve su presencia, y habla de sus expectativas sobre el legado de este hist\u00f3rico Viaje Apost\u00f3lico.<\/p>\n<p>P: El Papa Francisco es el primer Papa que viaja a Mongolia en la historia. \u00bfCu\u00e1les son sus sentimientos mientras su pa\u00eds se prepara para darle la bienvenida?<\/p>\n<p>En primer lugar, muchas gracias por esta oportunidad y, como embajador de Mongolia, me siento honrado de que los mongoles vayamos a recibir al Papa Francisco en nuestro pa\u00eds. Esta visita hist\u00f3rica tiene un profundo significado, ya que representa un hito en nuestras relaciones bilaterales con la Santa Sede y muestra a Mongolia en la escena mundial, atrayendo la atenci\u00f3n del mundo hacia nuestro pa\u00eds y nuestro pueblo.<\/p>\n<p>La presencia del Papa en nuestra naci\u00f3n significa el compromiso de promover la paz, el di\u00e1logo y el entendimiento entre las diversas culturas y religiones. Nos estamos preparando para recibir a Su Santidad con una c\u00e1lida hospitalidad y el m\u00e1ximo respeto.<\/p>\n<p>P: S\u00ed, como ha mencionado, su presencia centra la atenci\u00f3n internacional en su pa\u00eds. \u00bfHay alg\u00fan aspecto en particular que le gustar\u00eda que se destacara?<\/p>\n<p>Quiz\u00e1 sepa que Mongolia es una naci\u00f3n donde el budismo tiene profundas ra\u00edces y hemos fomentado una cultura de coexistencia pac\u00edfica entre diversas religiones y comunidades, incluidos los cat\u00f3licos.<\/p>\n<p>En este sentido, la Mongolia contempor\u00e1nea contin\u00faa la tradici\u00f3n establecida durante el Imperio Mongol, hace m\u00e1s de ochocientos a\u00f1os, cuando las diferentes religiones coexist\u00edan pac\u00edficamente.<\/p>\n<p>La visita del Papa representa una oportunidad \u00fanica para poner de relieve diversos aspectos del panorama sociopol\u00edtico de Mongolia. Nos gustar\u00eda que los focos internacionales se centraran en nuestra rica diversidad cultural y en la libertad religiosa de que goza nuestro pueblo, garantizada por la Constituci\u00f3n de Mongolia. El compromiso de Mongolia con la tolerancia religiosa y la pr\u00e1ctica pac\u00edfica de diversas religiones es un aspecto esencial de nuestra identidad nacional y un testimonio de nuestros valores progresistas.<\/p>\n<p>Se espera que muchos cat\u00f3licos de pa\u00edses cercanos visiten Mongolia para presenciar este acontecimiento hist\u00f3rico, promoviendo a\u00fan m\u00e1s el intercambio cultural y el di\u00e1logo interreligioso. La hist\u00f3rica visita del Papa Francisco coincide con el hecho de que el gobierno mongol ha declarado que 2023-2025 son los a\u00f1os para visitar Mongolia. Esta iniciativa pretende mostrar al mundo la rica historia, cultura y belleza natural de Mongolia, invitando a turistas y viajeros a explorar las maravillas de nuestra naci\u00f3n.<\/p>\n<p>La visita del Papa Francisco a\u00f1ade otro nivel de importancia a esta campa\u00f1a, ofreciendo una oportunidad \u00fanica para que los visitantes sean testigos de un acontecimiento trascendental al tiempo que experimentan la hospitalidad y las tradiciones de Mongolia. Adem\u00e1s, espero destacar nuestros esfuerzos en materia de desarrollo sostenible y conservaci\u00f3n del medio ambiente, abordando los retos a los que se enfrenta un pa\u00eds sin salida al mar en el noreste de Asia. La visita podr\u00eda llamar la atenci\u00f3n sobre la importancia de preservar nuestro patrimonio cultural \u00fanico y la trascendencia mundial de las pr\u00e1cticas medioambientales responsables.<\/p>\n<p>P: S\u00ed, como usted dice, es un pa\u00eds predominantemente de larga tradici\u00f3n budista y el porcentaje de cat\u00f3licos es muy peque\u00f1o. Pero el Papa Francisco est\u00e1 mostrando su cercan\u00eda a una iglesia peque\u00f1a, una iglesia d\u00e9bil. \u00bfTiene alguna opini\u00f3n al respecto?<\/p>\n<p>S\u00ed, estamos muy agradecidos de que el Papa Francisco haya decidido mostrar su cercan\u00eda a la comunidad cat\u00f3lica de Mongolia. Al visitar Mongolia, el Papa demuestra su profunda creencia en el valor del di\u00e1logo y el entendimiento interreligiosos. Creo que su presencia inspirar\u00e1 tanto a la comunidad cat\u00f3lica como a la sociedad mongola en general a abrazar la diversidad y respetar las diferentes creencias, y a trabajar juntos por un futuro m\u00e1s inclusivo y armonioso.<\/p>\n<p>P: Embajador, usted present\u00f3 sus credenciales al Papa en 2022, 30 a\u00f1os despu\u00e9s del establecimiento de relaciones diplom\u00e1ticas entre la Santa Sede y el gobierno mongol. \u00bfC\u00f3mo describir\u00eda hoy esas relaciones?<\/p>\n<p>El establecimiento de relaciones diplom\u00e1ticas entre Mongolia y la Santa Sede en 1992 fue un hito significativo en nuestras relaciones bilaterales. Me gustar\u00eda se\u00f1alar que es esencial que Mongolia haya tenido una conexi\u00f3n hist\u00f3rica con la Santa Sede mucho antes del establecimiento formal. Quiz\u00e1 sepan que, durante la \u00e9poca del Imperio mongol, hubo contactos entre los jans mongoles y los papas, lo que refleja la perdurabilidad de la cultura y el intercambio espiritual entre nuestras regiones.<\/p>\n<p>Desde el establecimiento formal de relaciones diplom\u00e1ticas, nuestros lazos con la Santa Sede se han hecho m\u00e1s fuertes y vibrantes, y hemos cooperado en diversas cuestiones, como la educaci\u00f3n, la sanidad y la cultura. Las contribuciones de la Iglesia cat\u00f3lica en estos \u00e1mbitos han tenido un impacto positivo en la vida de muchos mongoles, en particular en la de los grupos vulnerables.<\/p>\n<p>Tambi\u00e9n me gustar\u00eda se\u00f1alar que la visita del Presidente de Mongolia al Vaticano en 2000 y 2011 y eventos recientes como la visita del Secretario para las Relaciones con los Estados Gallagher a Mongolia este a\u00f1o, son un testimonio de la importancia y el dinamismo de nuestra relaci\u00f3n. Estos intercambios de alto nivel han ampliado a\u00fan m\u00e1s nuestros lazos y han demostrado el compromiso compartido con el di\u00e1logo y la cooperaci\u00f3n.<\/p>\n<p>Asimismo, me gustar\u00eda se\u00f1alar que el nombramiento del arzobispo Georgio Marengo como primer cardenal destinado en Mongolia es un testimonio de la importancia de nuestra relaci\u00f3n.<\/p>\n<p>De cara al futuro, seguimos comprometidos a profundizar nuestro compromiso con la Santa Sede.<\/p>\n<p>Creo que nuestra asociaci\u00f3n encierra un gran potencial para hacer frente a los retos mundiales y abordar nuestro objetivo com\u00fan de paz, solidaridad y progreso social.<\/p>\n<p>P: Ha mencionado la contribuci\u00f3n de la Iglesia Cat\u00f3lica a proyectos sociales, proyectos sanitarios, educaci\u00f3n, desarrollo. \u00bfQu\u00e9 importancia tienen para los pobres de Mongolia?<\/p>\n<p>Los proyectos de la Iglesia cat\u00f3lica en Mongolia son esenciales para el desarrollo de nuestro pa\u00eds, en particular para las comunidades vulnerables y econ\u00f3micamente desfavorecidas. Los proyectos de desarrollo llevados a cabo por la Iglesia cat\u00f3lica en Mongolia tienen un impacto positivo en diversos sectores, como la atenci\u00f3n sanitaria, las infraestructuras comunitarias y los medios de vida sostenibles. Estos proyectos no s\u00f3lo contribuyen a reducir la pobreza, sino que tambi\u00e9n promueven la inclusi\u00f3n social y la igualdad de oportunidades para todos los mongoles. El inter\u00e9s de la Iglesia por la educaci\u00f3n y el desarrollo coincide con las prioridades de nuestro gobierno, y apreciamos profundamente su contribuci\u00f3n a nuestro desarrollo socioecon\u00f3mico.<\/p>\n<p>P: Embajador, por \u00faltimo, \u00bfcu\u00e1les son sus propias expectativas para la visita? \u00bfQu\u00e9 frutos espera que pueda dar?<\/p>\n<p>Nuestras expectativas ante la visita del Papa Francisco son m\u00faltiples y van m\u00e1s all\u00e1 de la corta duraci\u00f3n de su estancia. En primer lugar, creo que la visita profundizar\u00e1 los lazos de amistad y entendimiento entre Mongolia y la Santa Sede, lo que conducir\u00e1 a una mayor cooperaci\u00f3n en diversos campos, como la educaci\u00f3n, el desarrollo social y la conservaci\u00f3n del medio ambiente.<\/p>\n<p>Anticip\u00e1ndonos a la visita del Papa, tambi\u00e9n esperamos que se fomente el di\u00e1logo interreligioso y se cultive el respeto por las diversas creencias. Esto puede ser tambi\u00e9n una gran contribuci\u00f3n al mantenimiento de la paz y la estabilidad en nuestra regi\u00f3n y en el mundo. Adem\u00e1s, me gustar\u00eda mencionar que la visita aumentar\u00e1 la conciencia mundial sobre la riqueza cultural, el patrimonio hist\u00f3rico y la identidad \u00fanica de Mongolia. Al mostrar nuestras tradiciones y valores, esperamos atraer un mayor inter\u00e9s por Mongolia como destino tur\u00edstico y centro cultural.<\/p>\n<p>Sobre todo, esperamos que la visita del Papa deje un legado profundo y duradero de paz, cooperaci\u00f3n y buena voluntad. Esperamos tambi\u00e9n que la hist\u00f3rica visita inspire renovados esfuerzos hacia el desarrollo sostenible, el progreso social y la protecci\u00f3n del medio ambiente en Mongolia.<\/p>\n<p>Somos muy optimistas en cuanto a que el fruto de esta visita hist\u00f3rica contribuir\u00e1 a un futuro m\u00e1s unido y pr\u00f3spero para nuestra naci\u00f3n y reforzar\u00e1 nuestra posici\u00f3n como miembro responsable de la comunidad internacional.<\/p>\n<p>En general, creemos que la visita del Papa tendr\u00e1 un impacto positivo en nuestro pa\u00eds y en nuestro pueblo, y estamos deseando darle la bienvenida a Mongolia.<\/p>\n<p>Nuestro comentario:<br \/>\nMongolia se maravilla en pos\u2026<\/p>\n<p>Conexi\u00f3n Prof\u00e9tica:<br \/>\n\u00abY vi una de sus cabezas como herida de muerte; y su herida mortal fue sanada; y todo el mundo se maravill\u00f3 en pos de la bestia.\u00bb Apocalipsis 13:3<\/p>\n<hr \/>\n<h3>Source References<\/h3>\n<ul>\n<li>\n<h5><a href=\"https:\/\/www.vaticannews.va\/en\/vatican-city\/news\/2023-08\/pope-mongolia-apostolic-visit-ambassador-holy-see-peace-interfai.html\" target=\"_blank\" rel=\"noopener\">Mongolian Ambassador: Pope\u2019s visit promotes peace in the region<\/a><\/h5>\n<\/li>\n<\/ul>\n<p><\/p>\n<!-- AddThis Advanced Settings generic via filter on the_content -->","protected":false},"excerpt":{"rendered":"<p>Vatican News, por Linda Bordoni: La embajadora de Mongolia ante la Santa Sede, la se\u00f1ora Gerelmaa Davaasuren, present\u00f3 sus cartas credenciales al Papa Francisco en diciembre de 2022, 30 a\u00f1os despu\u00e9s del establecimiento de relaciones diplom\u00e1ticas entre la Santa Sede&#8230;<!-- AddThis Advanced Settings generic via filter on wp_trim_excerpt --><\/p>\n","protected":false},"author":6,"featured_media":28448,"comment_status":"open","ping_status":"open","sticky":false,"template":"","format":"standard","meta":{"episode_type":"","audio_file":"","duration":"","filesize":"","date_recorded":"","explicit":"","block":"","filesize_raw":"","_FSMCFIC_featured_image_caption":"Image: Long Thi\u00ean from Wikimedia Commons","_FSMCFIC_featured_image_nocaption":null,"_FSMCFIC_featured_image_hide":null,"_links_to":"","_links_to_target":""},"categories":[722,32],"tags":[2795,111],"featured_image_urls":{"medium":"https:\/\/ktfnews.com\/wp-content\/uploads\/2023\/10\/pope-francis-wave-1280-774-300x181.jpg","large":"https:\/\/ktfnews.com\/wp-content\/uploads\/2023\/10\/pope-francis-wave-1280-774-1024x619.jpg","thumbnail":"https:\/\/ktfnews.com\/wp-content\/uploads\/2023\/10\/pope-francis-wave-1280-774-150x150.jpg","medium_large":"https:\/\/ktfnews.com\/wp-content\/uploads\/2023\/10\/pope-francis-wave-1280-774-768x464.jpg","team-small":"https:\/\/ktfnews.com\/wp-content\/uploads\/2023\/10\/pope-francis-wave-1280-774-138x162.jpg","team-overview":"https:\/\/ktfnews.com\/wp-content\/uploads\/2023\/10\/pope-francis-wave-1280-774-200x279.jpg","team-big":"https:\/\/ktfnews.com\/wp-content\/uploads\/2023\/10\/pope-francis-wave-1280-774-540x270.jpg","two-columns":"https:\/\/ktfnews.com\/wp-content\/uploads\/2023\/10\/pope-francis-wave-1280-774-379x242.jpg","one-column":"https:\/\/ktfnews.com\/wp-content\/uploads\/2023\/10\/pope-francis-wave-1280-774-379x242.jpg","mini-square":"https:\/\/ktfnews.com\/wp-content\/uploads\/2023\/10\/pope-francis-wave-1280-774-70x70.jpg","portfolio-widget-mainpage":"https:\/\/ktfnews.com\/wp-content\/uploads\/2023\/10\/pope-francis-wave-1280-774-335x195.jpg","portfolio-single-ajax":"https:\/\/ktfnews.com\/wp-content\/uploads\/2023\/10\/pope-francis-wave-1280-774-670x280.jpg","portfolio-single-big":"https:\/\/ktfnews.com\/wp-content\/uploads\/2023\/10\/pope-francis-wave-1280-774-685x480.jpg","portfolio-single-small":"https:\/\/ktfnews.com\/wp-content\/uploads\/2023\/10\/pope-francis-wave-1280-774-685x280.jpg","portfolio-single-full-big":"https:\/\/ktfnews.com\/wp-content\/uploads\/2023\/10\/pope-francis-wave-1280-774-960x590.jpg","portfolio-single-full-small":"https:\/\/ktfnews.com\/wp-content\/uploads\/2023\/10\/pope-francis-wave-1280-774-960x250.jpg","gallery-post":"https:\/\/ktfnews.com\/wp-content\/uploads\/2023\/10\/pope-francis-wave-1280-774-182x126.jpg","gallery-post-smaller":"https:\/\/ktfnews.com\/wp-content\/uploads\/2023\/10\/pope-francis-wave-1280-774-158x100.jpg","gallery-standard":"https:\/\/ktfnews.com\/wp-content\/uploads\/2023\/10\/pope-francis-wave-1280-774-257x169.jpg","tooltip-preview":"https:\/\/ktfnews.com\/wp-content\/uploads\/2023\/10\/pope-francis-wave-1280-774-227x133.jpg","widget-content-slider":"https:\/\/ktfnews.com\/wp-content\/uploads\/2023\/10\/pope-francis-wave-1280-774-230x137.jpg","post-top-articles":"https:\/\/ktfnews.com\/wp-content\/uploads\/2023\/10\/pope-francis-wave-1280-774-130x100.jpg","post-single-wide":"https:\/\/ktfnews.com\/wp-content\/uploads\/2023\/10\/pope-francis-wave-1280-774-595x360.jpg","post-single-wide-nocrop":"https:\/\/ktfnews.com\/wp-content\/uploads\/2023\/10\/pope-francis-wave-1280-774-595x360.jpg","post-single-wide-mobile":"https:\/\/ktfnews.com\/wp-content\/uploads\/2023\/10\/pope-francis-wave-1280-774-320x190.jpg","post-single-wide-small":"https:\/\/ktfnews.com\/wp-content\/uploads\/2023\/10\/pope-francis-wave-1280-774-595x190.jpg","post-single-square":"https:\/\/ktfnews.com\/wp-content\/uploads\/2023\/10\/pope-francis-wave-1280-774-120x120.jpg","post-single-full-small":"https:\/\/ktfnews.com\/wp-content\/uploads\/2023\/10\/pope-francis-wave-1280-774-950x360.jpg","post-single-full-big":"https:\/\/ktfnews.com\/wp-content\/uploads\/2023\/10\/pope-francis-wave-1280-774-950x590.jpg","photo-blog":"https:\/\/ktfnews.com\/wp-content\/uploads\/2023\/10\/pope-francis-wave-1280-774-768x464.jpg"},"appp_media":null,"yoast_head":"<!-- This site is optimized with the Yoast SEO plugin v17.3 - https:\/\/yoast.com\/wordpress\/plugins\/seo\/ -->\n<meta name=\"robots\" content=\"index, follow, max-snippet:-1, max-image-preview:large, max-video-preview:-1\" \/>\n<link rel=\"canonical\" href=\"https:\/\/ktfnews.com\/mongolian-ambassador-popes-visit-promotes-peace-in-the-region\/\" \/>\n<meta property=\"og:locale\" content=\"es_ES\" \/>\n<meta property=\"og:type\" content=\"article\" \/>\n<meta property=\"og:title\" content=\"[:en]Mongolian Ambassador: Pope\u2019s visit promotes peace in the region[:es]Embajador de Mongolia: La visita del Papa promueve la paz en la regi\u00f3n[:] - KEEP the FAITH\" \/>\n<meta property=\"og:description\" content=\"Vatican News, por Linda Bordoni: La embajadora de Mongolia ante la Santa Sede, la se\u00f1ora Gerelmaa Davaasuren, present\u00f3 sus cartas credenciales al Papa Francisco en diciembre de 2022, 30 a\u00f1os despu\u00e9s del establecimiento de relaciones diplom\u00e1ticas entre la Santa Sede...\" \/>\n<meta property=\"og:url\" content=\"https:\/\/ktfnews.com\/mongolian-ambassador-popes-visit-promotes-peace-in-the-region\/\" \/>\n<meta property=\"og:site_name\" content=\"KEEP the FAITH\" \/>\n<meta property=\"article:publisher\" content=\"https:\/\/www.facebook.com\/ktfministry\" \/>\n<meta property=\"article:published_time\" content=\"2023-10-12T11:30:58+00:00\" \/>\n<meta property=\"article:modified_time\" content=\"2023-10-17T03:29:55+00:00\" \/>\n<meta property=\"og:image\" content=\"https:\/\/ktfnews.com\/wp-content\/uploads\/2023\/10\/pope-francis-wave-1280-774.jpg\" \/>\n\t<meta property=\"og:image:width\" content=\"1280\" \/>\n\t<meta property=\"og:image:height\" content=\"774\" \/>\n<meta name=\"twitter:card\" content=\"summary_large_image\" \/>\n<meta name=\"twitter:creator\" content=\"@ktfministry\" \/>\n<meta name=\"twitter:site\" content=\"@ktfministry\" \/>\n<meta name=\"twitter:label1\" content=\"Escrito por\" \/>\n\t<meta name=\"twitter:data1\" content=\"Pastor Hal Mayer\" \/>\n\t<meta name=\"twitter:label2\" content=\"Tiempo de lectura\" \/>\n\t<meta name=\"twitter:data2\" content=\"10 minutos\" \/>\n<script type=\"application\/ld+json\" class=\"yoast-schema-graph\">{\"@context\":\"https:\/\/schema.org\",\"@graph\":[{\"@type\":\"WebSite\",\"@id\":\"https:\/\/ktfnews.com\/#website\",\"url\":\"https:\/\/ktfnews.com\/\",\"name\":\"KEEP the FAITH\",\"description\":\"Preparing you for the final conflict between good and evil.\",\"potentialAction\":[{\"@type\":\"SearchAction\",\"target\":{\"@type\":\"EntryPoint\",\"urlTemplate\":\"https:\/\/ktfnews.com\/?s={search_term_string}\"},\"query-input\":\"required name=search_term_string\"}],\"inLanguage\":\"es\"},{\"@type\":\"ImageObject\",\"@id\":\"https:\/\/ktfnews.com\/mongolian-ambassador-popes-visit-promotes-peace-in-the-region\/#primaryimage\",\"inLanguage\":\"es\",\"url\":\"https:\/\/ktfnews.com\/wp-content\/uploads\/2023\/10\/pope-francis-wave-1280-774.jpg\",\"contentUrl\":\"https:\/\/ktfnews.com\/wp-content\/uploads\/2023\/10\/pope-francis-wave-1280-774.jpg\",\"width\":1280,\"height\":774},{\"@type\":\"WebPage\",\"@id\":\"https:\/\/ktfnews.com\/mongolian-ambassador-popes-visit-promotes-peace-in-the-region\/#webpage\",\"url\":\"https:\/\/ktfnews.com\/mongolian-ambassador-popes-visit-promotes-peace-in-the-region\/\",\"name\":\"[:en]Mongolian Ambassador: Pope\\u2019s visit promotes peace in the region[:es]Embajador de Mongolia: La visita del Papa promueve la paz en la regi\\u00f3n[:] - KEEP the FAITH\",\"isPartOf\":{\"@id\":\"https:\/\/ktfnews.com\/#website\"},\"primaryImageOfPage\":{\"@id\":\"https:\/\/ktfnews.com\/mongolian-ambassador-popes-visit-promotes-peace-in-the-region\/#primaryimage\"},\"datePublished\":\"2023-10-12T11:30:58+00:00\",\"dateModified\":\"2023-10-17T03:29:55+00:00\",\"author\":{\"@id\":\"https:\/\/ktfnews.com\/#\/schema\/person\/ba4174513d9169cf8e229b7d8d60410d\"},\"breadcrumb\":{\"@id\":\"https:\/\/ktfnews.com\/mongolian-ambassador-popes-visit-promotes-peace-in-the-region\/#breadcrumb\"},\"inLanguage\":\"es\",\"potentialAction\":[{\"@type\":\"ReadAction\",\"target\":[\"https:\/\/ktfnews.com\/mongolian-ambassador-popes-visit-promotes-peace-in-the-region\/\"]}]},{\"@type\":\"BreadcrumbList\",\"@id\":\"https:\/\/ktfnews.com\/mongolian-ambassador-popes-visit-promotes-peace-in-the-region\/#breadcrumb\",\"itemListElement\":[{\"@type\":\"ListItem\",\"position\":1,\"name\":\"Home\",\"item\":\"https:\/\/ktfnews.com\/\"},{\"@type\":\"ListItem\",\"position\":2,\"name\":\"Briefings\",\"item\":\"https:\/\/ktfnews.com\/category\/briefings\/\"},{\"@type\":\"ListItem\",\"position\":3,\"name\":\"Prophetic Intelligence Briefings\",\"item\":\"https:\/\/ktfnews.com\/category\/briefings\/news\/\"},{\"@type\":\"ListItem\",\"position\":4,\"name\":\"Mongolian Ambassador: Pope\\u2019s visit promotes peace in the region\"}]},{\"@type\":\"Person\",\"@id\":\"https:\/\/ktfnews.com\/#\/schema\/person\/ba4174513d9169cf8e229b7d8d60410d\",\"name\":\"Pastor Hal Mayer\",\"image\":{\"@type\":\"ImageObject\",\"@id\":\"https:\/\/ktfnews.com\/#personlogo\",\"inLanguage\":\"es\",\"url\":\"https:\/\/secure.gravatar.com\/avatar\/051bac95ae650254c5a03467b9456599?s=96&d=mm&r=g\",\"contentUrl\":\"https:\/\/secure.gravatar.com\/avatar\/051bac95ae650254c5a03467b9456599?s=96&d=mm&r=g\",\"caption\":\"Pastor Hal Mayer\"},\"description\":\"Pastor Hal Mayer is speaker and director of Keep the Faith Ministry. For the last 20 years Pastor Mayer\\u2019s monthly prophetic analysis on CD and online has revealed the striking evidence of fulfilling prophecy to many thousands of subscribers all over the world. Pastor Mayer\\u2019s background in history and Bible prophecy give him unique insights and perspectives that have blessed many and helped them make a deeper commitment to the Lord. Keep the Faith Ministry helps those who want to keep abreast of fulfilling prophecy and who want to understand and navigate the unique and difficult circumstances of the end-times. Keep the Faith Ministry helps to prepare you for the second coming of Christ. Pastor Mayer is married to Betsy for more than 40 years. They have no children of their own. \\u201cThe times in which we live are thrilling, because the things prophesied in God\\u2019s word are actually coming to pass in this generation,\\u201d says Pastor Mayer. \\u201cIn a time when the distinctive end-time truths of God\\u2019s word are being censored, and life in this world is becoming more and more chaotic, Keep the Faith is a voice of strength and encouragement.\\u201d\",\"url\":\"https:\/\/ktfnews.com\/es\/author\/hal\/\"}]}<\/script>\n<!-- \/ Yoast SEO plugin. -->","yoast_head_json":{"robots":{"index":"index","follow":"follow","max-snippet":"max-snippet:-1","max-image-preview":"max-image-preview:large","max-video-preview":"max-video-preview:-1"},"canonical":"https:\/\/ktfnews.com\/mongolian-ambassador-popes-visit-promotes-peace-in-the-region\/","og_locale":"es_ES","og_type":"article","og_title":"[:en]Mongolian Ambassador: Pope\u2019s visit promotes peace in the region[:es]Embajador de Mongolia: La visita del Papa promueve la paz en la regi\u00f3n[:] - KEEP the FAITH","og_description":"Vatican News, por Linda Bordoni: La embajadora de Mongolia ante la Santa Sede, la se\u00f1ora Gerelmaa Davaasuren, present\u00f3 sus cartas credenciales al Papa Francisco en diciembre de 2022, 30 a\u00f1os despu\u00e9s del establecimiento de relaciones diplom\u00e1ticas entre la Santa Sede...","og_url":"https:\/\/ktfnews.com\/mongolian-ambassador-popes-visit-promotes-peace-in-the-region\/","og_site_name":"KEEP the FAITH","article_publisher":"https:\/\/www.facebook.com\/ktfministry","article_published_time":"2023-10-12T11:30:58+00:00","article_modified_time":"2023-10-17T03:29:55+00:00","og_image":[{"width":1280,"height":774,"url":"https:\/\/ktfnews.com\/wp-content\/uploads\/2023\/10\/pope-francis-wave-1280-774.jpg","type":"image\/jpeg"}],"twitter_card":"summary_large_image","twitter_creator":"@ktfministry","twitter_site":"@ktfministry","twitter_misc":{"Escrito por":"Pastor Hal Mayer","Tiempo de lectura":"10 minutos"},"schema":{"@context":"https:\/\/schema.org","@graph":[{"@type":"WebSite","@id":"https:\/\/ktfnews.com\/#website","url":"https:\/\/ktfnews.com\/","name":"KEEP the FAITH","description":"Preparing you for the final conflict between good and evil.","potentialAction":[{"@type":"SearchAction","target":{"@type":"EntryPoint","urlTemplate":"https:\/\/ktfnews.com\/?s={search_term_string}"},"query-input":"required name=search_term_string"}],"inLanguage":"es"},{"@type":"ImageObject","@id":"https:\/\/ktfnews.com\/mongolian-ambassador-popes-visit-promotes-peace-in-the-region\/#primaryimage","inLanguage":"es","url":"https:\/\/ktfnews.com\/wp-content\/uploads\/2023\/10\/pope-francis-wave-1280-774.jpg","contentUrl":"https:\/\/ktfnews.com\/wp-content\/uploads\/2023\/10\/pope-francis-wave-1280-774.jpg","width":1280,"height":774},{"@type":"WebPage","@id":"https:\/\/ktfnews.com\/mongolian-ambassador-popes-visit-promotes-peace-in-the-region\/#webpage","url":"https:\/\/ktfnews.com\/mongolian-ambassador-popes-visit-promotes-peace-in-the-region\/","name":"[:en]Mongolian Ambassador: Pope\u2019s visit promotes peace in the region[:es]Embajador de Mongolia: La visita del Papa promueve la paz en la regi\u00f3n[:] - KEEP the FAITH","isPartOf":{"@id":"https:\/\/ktfnews.com\/#website"},"primaryImageOfPage":{"@id":"https:\/\/ktfnews.com\/mongolian-ambassador-popes-visit-promotes-peace-in-the-region\/#primaryimage"},"datePublished":"2023-10-12T11:30:58+00:00","dateModified":"2023-10-17T03:29:55+00:00","author":{"@id":"https:\/\/ktfnews.com\/#\/schema\/person\/ba4174513d9169cf8e229b7d8d60410d"},"breadcrumb":{"@id":"https:\/\/ktfnews.com\/mongolian-ambassador-popes-visit-promotes-peace-in-the-region\/#breadcrumb"},"inLanguage":"es","potentialAction":[{"@type":"ReadAction","target":["https:\/\/ktfnews.com\/mongolian-ambassador-popes-visit-promotes-peace-in-the-region\/"]}]},{"@type":"BreadcrumbList","@id":"https:\/\/ktfnews.com\/mongolian-ambassador-popes-visit-promotes-peace-in-the-region\/#breadcrumb","itemListElement":[{"@type":"ListItem","position":1,"name":"Home","item":"https:\/\/ktfnews.com\/"},{"@type":"ListItem","position":2,"name":"Briefings","item":"https:\/\/ktfnews.com\/category\/briefings\/"},{"@type":"ListItem","position":3,"name":"Prophetic Intelligence Briefings","item":"https:\/\/ktfnews.com\/category\/briefings\/news\/"},{"@type":"ListItem","position":4,"name":"Mongolian Ambassador: Pope\u2019s visit promotes peace in the region"}]},{"@type":"Person","@id":"https:\/\/ktfnews.com\/#\/schema\/person\/ba4174513d9169cf8e229b7d8d60410d","name":"Pastor Hal Mayer","image":{"@type":"ImageObject","@id":"https:\/\/ktfnews.com\/#personlogo","inLanguage":"es","url":"https:\/\/secure.gravatar.com\/avatar\/051bac95ae650254c5a03467b9456599?s=96&d=mm&r=g","contentUrl":"https:\/\/secure.gravatar.com\/avatar\/051bac95ae650254c5a03467b9456599?s=96&d=mm&r=g","caption":"Pastor Hal Mayer"},"description":"Pastor Hal Mayer is speaker and director of Keep the Faith Ministry. For the last 20 years Pastor Mayer\u2019s monthly prophetic analysis on CD and online has revealed the striking evidence of fulfilling prophecy to many thousands of subscribers all over the world. Pastor Mayer\u2019s background in history and Bible prophecy give him unique insights and perspectives that have blessed many and helped them make a deeper commitment to the Lord. Keep the Faith Ministry helps those who want to keep abreast of fulfilling prophecy and who want to understand and navigate the unique and difficult circumstances of the end-times. Keep the Faith Ministry helps to prepare you for the second coming of Christ. Pastor Mayer is married to Betsy for more than 40 years. They have no children of their own. \u201cThe times in which we live are thrilling, because the things prophesied in God\u2019s word are actually coming to pass in this generation,\u201d says Pastor Mayer. \u201cIn a time when the distinctive end-time truths of God\u2019s word are being censored, and life in this world is becoming more and more chaotic, Keep the Faith is a voice of strength and encouragement.\u201d","url":"https:\/\/ktfnews.com\/es\/author\/hal\/"}]}},"_links":{"self":[{"href":"https:\/\/ktfnews.com\/es\/wp-json\/wp\/v2\/posts\/28447"}],"collection":[{"href":"https:\/\/ktfnews.com\/es\/wp-json\/wp\/v2\/posts"}],"about":[{"href":"https:\/\/ktfnews.com\/es\/wp-json\/wp\/v2\/types\/post"}],"author":[{"embeddable":true,"href":"https:\/\/ktfnews.com\/es\/wp-json\/wp\/v2\/users\/6"}],"replies":[{"embeddable":true,"href":"https:\/\/ktfnews.com\/es\/wp-json\/wp\/v2\/comments?post=28447"}],"version-history":[{"count":2,"href":"https:\/\/ktfnews.com\/es\/wp-json\/wp\/v2\/posts\/28447\/revisions"}],"predecessor-version":[{"id":28473,"href":"https:\/\/ktfnews.com\/es\/wp-json\/wp\/v2\/posts\/28447\/revisions\/28473"}],"wp:featuredmedia":[{"embeddable":true,"href":"https:\/\/ktfnews.com\/es\/wp-json\/wp\/v2\/media\/28448"}],"wp:attachment":[{"href":"https:\/\/ktfnews.com\/es\/wp-json\/wp\/v2\/media?parent=28447"}],"wp:term":[{"taxonomy":"category","embeddable":true,"href":"https:\/\/ktfnews.com\/es\/wp-json\/wp\/v2\/categories?post=28447"},{"taxonomy":"post_tag","embeddable":true,"href":"https:\/\/ktfnews.com\/es\/wp-json\/wp\/v2\/tags?post=28447"}],"curies":[{"name":"wp","href":"https:\/\/api.w.org\/{rel}","templated":true}]}}