{"id":28340,"date":"2023-09-26T07:30:39","date_gmt":"2023-09-26T11:30:39","guid":{"rendered":"https:\/\/ktfnews.com\/?p=28340"},"modified":"2023-09-26T20:49:17","modified_gmt":"2023-09-27T00:49:17","slug":"eu-chief-boasts-about-vaccine-passports-calls-for-more-global-digital-collaboration-paving-the-way-for-digital-ids","status":"publish","type":"post","link":"https:\/\/ktfnews.com\/es\/eu-chief-boasts-about-vaccine-passports-calls-for-more-global-digital-collaboration-paving-the-way-for-digital-ids\/","title":{"rendered":"El jefe de la UE presume de pasaportes con vacunas y pide m\u00e1s colaboraci\u00f3n digital mundial &#8211; Allanar el camino a los documentos de identidad digitales"},"content":{"rendered":"<p><i>Reclaim the Net<\/i>, por Ken Macon: Con un atrevido llamamiento a una mayor colaboraci\u00f3n global y centralizaci\u00f3n, la Presidenta de la Comisi\u00f3n Europea, Ursula von der Leyen, en una sesi\u00f3n de la Cumbre del G20, bautizada como \u00abUn Futuro\u00bb, hizo hoy un llamado a la creaci\u00f3n de un organismo regulador internacional para la Inteligencia Artificial y sistemas de identificaci\u00f3n digital similares a los pasaportes-vacuna contra el coronavirus.<\/p>\n<p>Von der Leyen proclam\u00f3 audazmente que nuestro futuro colectivo ser\u00e1 digital, de ah\u00ed la necesidad impl\u00edcita de que entidades mundiales tracen l\u00edmites y apliquen normativas.<\/p>\n<p>Von der Leyen, en su calidad de Presidenta de la Comisi\u00f3n Europea, abord\u00f3 en su discurso la IA y el panorama digital. Reconoci\u00f3 los peligros potenciales y las enormes oportunidades que conlleva el avance de la tecnolog\u00eda de la IA y subray\u00f3 la importancia de canalizar una tecnolog\u00eda tan explosiva.<\/p>\n<p>\u00abHoy quiero centrarme en la IA y la infraestructura digital. Tal y como se ha descrito, la IA entra\u00f1a riesgos, pero tambi\u00e9n ofrece enormes oportunidades. La cuesti\u00f3n crucial es c\u00f3mo aprovechar una tecnolog\u00eda que cambia r\u00e1pidamente.<\/p>\n<p>En la UE, en 2020 presentamos la primera ley de la historia sobre inteligencia artificial. Queremos facilitar la innovaci\u00f3n al tiempo que generamos confianza. Pero necesitamos m\u00e1s. Lo que el mundo haga ahora marcar\u00e1 nuestro futuro. Creo que Europa -y sus socios- deben desarrollar un nuevo marco global para los riesgos de la IA\u00bb, dijo von der Leyen.<\/p>\n<p>Von der Leyen elogi\u00f3 la iniciativa de la Uni\u00f3n Europea de introducir en 2020 el primer marco jur\u00eddico sobre IA, un paso dado con la intenci\u00f3n de fomentar la innovaci\u00f3n junto con la confianza. Sin embargo, insisti\u00f3 en que esto no era suficiente. Sugiri\u00f3 la adopci\u00f3n multinacional de un mecanismo para gestionar los riesgos de la IA.<\/p>\n<p>La Jefa de la UE tambi\u00e9n insisti\u00f3 en que las normas aceptadas a escala mundial deben crearse en el marco de las Naciones Unidas, como el Grupo Intergubernamental de Expertos sobre el Cambio Clim\u00e1tico. La humanidad saldr\u00eda beneficiada si una autoridad internacional pudiera aclarar los riesgos y beneficios de la inteligencia artificial, como hace el IPCC con el cambio clim\u00e1tico.<\/p>\n<p>Al mismo tiempo, von der Leyen defendi\u00f3 el concepto de infraestructura p\u00fablica digital similar al sistema de pasaportes de coronavirus, desarrollado por la UE como respuesta a la saga Covid. La Organizaci\u00f3n Mundial de la Salud lo acogi\u00f3 con los brazos abiertos como norma mundial para combatir las amenazas sanitarias.<\/p>\n<p>\u00abMuchos de ustedes conocen el certificado digital COVID-19. La UE lo desarroll\u00f3 para s\u00ed misma. La UE lo desarroll\u00f3 para s\u00ed misma. El modelo era tan funcional y gozaba de tanta confianza que 51 pa\u00edses de 4 continentes lo adoptaron gratuitamente. Hoy, la OMS lo utiliza como est\u00e1ndar mundial para facilitar la movilidad en tiempos de amenazas sanitarias\u00bb, prosigui\u00f3 von der Leyen.<\/p>\n<p>Resulta alarmante que von der Leyen elogiara los avances de la UE hacia una aplicaci\u00f3n de identidad digital para todo el bloque capaz de almacenar la informaci\u00f3n personal de los ciudadanos, incluidos los datos de tarjetas de cr\u00e9dito, carn\u00e9s de conducir y pasaportes.<\/p>\n<p>Estos avances hacen sonar las alarmas para las personas y las naciones que valoran la libertad de expresi\u00f3n y la privacidad.<\/p>\n<p>Nuestro comentario:<br \/>\n\u00bfUtilizar\u00e1 la UE la inteligencia artificial para hacer cumplir la ley dominical?<\/p>\n<p>Conexi\u00f3n Prof\u00e9tica:<br \/>\n\u201cUna vez que el s\u00e1bado llegue a ser el punto especial de controversia en toda la cristiandad y las autoridades religiosas y civiles se unan para imponer la observancia del domingo, la negativa persistente, por parte de una peque\u00f1a minor\u00eda, de ceder a la exigencia popular, la convertir\u00e1 en objeto de execraci\u00f3n universal. Se demandar\u00e1 con insistencia que no se tolere a los pocos que se oponen a una instituci\u00f3n de la iglesia y a una ley del estado; pues vale m\u00e1s que esos pocos sufran y no que naciones enteras sean precipitadas a la confusi\u00f3n y anarqu\u00eda. Este mismo argumento fue presentado contra Cristo hace mil ochocientos a\u00f1os por los \u00abpr\u00edncipes del pueblo.\u00bb \u00abNos conviene \u2014dijo el astuto Caif\u00e1s\u2014 que un hombre muera por el pueblo, y no que toda la naci\u00f3n se pierda.\u00bb (S. Juan 11: 50.) Este argumento parecer\u00e1 concluyente y finalmente se expedir\u00e1 contra todos los que santifiquen el s\u00e1bado un decreto que los declare merecedores de las penas m\u00e1s severas y autorice al pueblo para que, pasado cierto tiempo, los mate. El romanismo en el Viejo Mundo y el protestantismo ap\u00f3stata en la Am\u00e9rica del Norte actuar\u00e1n de la misma manera contra los que honren todos los preceptos divinos.\u201d <i>El Conflicto de los Siglos<\/i>, p\u00e1g. 674.<\/p>\n<hr \/>\n<h3>Source References<\/h3>\n<ul>\n<li>\n<h5><a href=\"https:\/\/reclaimthenet.org\/von-der-leyen-calls-for-more-global-digital-collaboration-for-digital-ids\" target=\"_blank\" rel=\"noopener\">EU Chief Boasts about Vaccine Passports, Calls For More Global Digital Collaboration \u2013 Paving the Way for Digital IDs<\/a><\/h5>\n<\/li>\n<\/ul>\n<p><\/p>\n<!-- AddThis Advanced Settings generic via filter on the_content -->","protected":false},"excerpt":{"rendered":"<p>Reclaim the Net, por Ken Macon: Con un atrevido llamamiento a una mayor colaboraci\u00f3n global y centralizaci\u00f3n, la Presidenta de la Comisi\u00f3n Europea, Ursula von der Leyen, en una sesi\u00f3n de la Cumbre del G20, bautizada como \u00abUn Futuro\u00bb, hizo&#8230;<!-- AddThis Advanced Settings generic via filter on wp_trim_excerpt --><\/p>\n","protected":false},"author":6,"featured_media":28341,"comment_status":"open","ping_status":"open","sticky":false,"template":"","format":"standard","meta":{"episode_type":"","audio_file":"","duration":"","filesize":"","date_recorded":"","explicit":"","block":"","filesize_raw":"","_FSMCFIC_featured_image_caption":"Image: CC-BY-4.0: \u00a9 European Union 2022 \u2013 Source: EP","_FSMCFIC_featured_image_nocaption":null,"_FSMCFIC_featured_image_hide":null,"_links_to":"","_links_to_target":""},"categories":[722,32],"tags":[954,2678,2211,992],"featured_image_urls":{"medium":"https:\/\/ktfnews.com\/wp-content\/uploads\/2023\/09\/Ursula-von-der-Leyen-1280-774-300x181.jpg","large":"https:\/\/ktfnews.com\/wp-content\/uploads\/2023\/09\/Ursula-von-der-Leyen-1280-774-1024x619.jpg","thumbnail":"https:\/\/ktfnews.com\/wp-content\/uploads\/2023\/09\/Ursula-von-der-Leyen-1280-774-150x150.jpg","medium_large":"https:\/\/ktfnews.com\/wp-content\/uploads\/2023\/09\/Ursula-von-der-Leyen-1280-774-768x464.jpg","team-small":"https:\/\/ktfnews.com\/wp-content\/uploads\/2023\/09\/Ursula-von-der-Leyen-1280-774-138x162.jpg","team-overview":"https:\/\/ktfnews.com\/wp-content\/uploads\/2023\/09\/Ursula-von-der-Leyen-1280-774-200x279.jpg","team-big":"https:\/\/ktfnews.com\/wp-content\/uploads\/2023\/09\/Ursula-von-der-Leyen-1280-774-540x270.jpg","two-columns":"https:\/\/ktfnews.com\/wp-content\/uploads\/2023\/09\/Ursula-von-der-Leyen-1280-774-379x242.jpg","one-column":"https:\/\/ktfnews.com\/wp-content\/uploads\/2023\/09\/Ursula-von-der-Leyen-1280-774-379x242.jpg","mini-square":"https:\/\/ktfnews.com\/wp-content\/uploads\/2023\/09\/Ursula-von-der-Leyen-1280-774-70x70.jpg","portfolio-widget-mainpage":"https:\/\/ktfnews.com\/wp-content\/uploads\/2023\/09\/Ursula-von-der-Leyen-1280-774-335x195.jpg","portfolio-single-ajax":"https:\/\/ktfnews.com\/wp-content\/uploads\/2023\/09\/Ursula-von-der-Leyen-1280-774-670x280.jpg","portfolio-single-big":"https:\/\/ktfnews.com\/wp-content\/uploads\/2023\/09\/Ursula-von-der-Leyen-1280-774-685x480.jpg","portfolio-single-small":"https:\/\/ktfnews.com\/wp-content\/uploads\/2023\/09\/Ursula-von-der-Leyen-1280-774-685x280.jpg","portfolio-single-full-big":"https:\/\/ktfnews.com\/wp-content\/uploads\/2023\/09\/Ursula-von-der-Leyen-1280-774-960x590.jpg","portfolio-single-full-small":"https:\/\/ktfnews.com\/wp-content\/uploads\/2023\/09\/Ursula-von-der-Leyen-1280-774-960x250.jpg","gallery-post":"https:\/\/ktfnews.com\/wp-content\/uploads\/2023\/09\/Ursula-von-der-Leyen-1280-774-182x126.jpg","gallery-post-smaller":"https:\/\/ktfnews.com\/wp-content\/uploads\/2023\/09\/Ursula-von-der-Leyen-1280-774-158x100.jpg","gallery-standard":"https:\/\/ktfnews.com\/wp-content\/uploads\/2023\/09\/Ursula-von-der-Leyen-1280-774-257x169.jpg","tooltip-preview":"https:\/\/ktfnews.com\/wp-content\/uploads\/2023\/09\/Ursula-von-der-Leyen-1280-774-227x133.jpg","widget-content-slider":"https:\/\/ktfnews.com\/wp-content\/uploads\/2023\/09\/Ursula-von-der-Leyen-1280-774-230x137.jpg","post-top-articles":"https:\/\/ktfnews.com\/wp-content\/uploads\/2023\/09\/Ursula-von-der-Leyen-1280-774-130x100.jpg","post-single-wide":"https:\/\/ktfnews.com\/wp-content\/uploads\/2023\/09\/Ursula-von-der-Leyen-1280-774-595x360.jpg","post-single-wide-nocrop":"https:\/\/ktfnews.com\/wp-content\/uploads\/2023\/09\/Ursula-von-der-Leyen-1280-774-595x360.jpg","post-single-wide-mobile":"https:\/\/ktfnews.com\/wp-content\/uploads\/2023\/09\/Ursula-von-der-Leyen-1280-774-320x190.jpg","post-single-wide-small":"https:\/\/ktfnews.com\/wp-content\/uploads\/2023\/09\/Ursula-von-der-Leyen-1280-774-595x190.jpg","post-single-square":"https:\/\/ktfnews.com\/wp-content\/uploads\/2023\/09\/Ursula-von-der-Leyen-1280-774-120x120.jpg","post-single-full-small":"https:\/\/ktfnews.com\/wp-content\/uploads\/2023\/09\/Ursula-von-der-Leyen-1280-774-950x360.jpg","post-single-full-big":"https:\/\/ktfnews.com\/wp-content\/uploads\/2023\/09\/Ursula-von-der-Leyen-1280-774-950x590.jpg","photo-blog":"https:\/\/ktfnews.com\/wp-content\/uploads\/2023\/09\/Ursula-von-der-Leyen-1280-774-768x464.jpg"},"appp_media":null,"yoast_head":"<!-- This site is optimized with the Yoast SEO plugin v17.3 - https:\/\/yoast.com\/wordpress\/plugins\/seo\/ -->\n<meta name=\"robots\" content=\"index, follow, max-snippet:-1, max-image-preview:large, max-video-preview:-1\" \/>\n<link rel=\"canonical\" href=\"https:\/\/ktfnews.com\/eu-chief-boasts-about-vaccine-passports-calls-for-more-global-digital-collaboration-paving-the-way-for-digital-ids\/\" \/>\n<meta property=\"og:locale\" content=\"es_ES\" \/>\n<meta property=\"og:type\" content=\"article\" \/>\n<meta property=\"og:title\" content=\"[:en]EU Chief Boasts about Vaccine Passports, Calls For More Global Digital Collaboration \u2013 Paving the Way for Digital IDs[:es]El jefe de la UE presume de pasaportes con vacunas y pide m\u00e1s colaboraci\u00f3n digital mundial - Allanar el camino a los documentos de identidad digitales[:] - KEEP the FAITH\" \/>\n<meta property=\"og:description\" content=\"Reclaim the Net, por Ken Macon: Con un atrevido llamamiento a una mayor colaboraci\u00f3n global y centralizaci\u00f3n, la Presidenta de la Comisi\u00f3n Europea, Ursula von der Leyen, en una sesi\u00f3n de la Cumbre del G20, bautizada como \u00abUn Futuro\u00bb, hizo...\" \/>\n<meta property=\"og:url\" content=\"https:\/\/ktfnews.com\/eu-chief-boasts-about-vaccine-passports-calls-for-more-global-digital-collaboration-paving-the-way-for-digital-ids\/\" \/>\n<meta property=\"og:site_name\" content=\"KEEP the FAITH\" \/>\n<meta property=\"article:publisher\" content=\"https:\/\/www.facebook.com\/ktfministry\" \/>\n<meta property=\"article:published_time\" content=\"2023-09-26T11:30:39+00:00\" \/>\n<meta property=\"article:modified_time\" content=\"2023-09-27T00:49:17+00:00\" \/>\n<meta property=\"og:image\" content=\"https:\/\/ktfnews.com\/wp-content\/uploads\/2023\/09\/Ursula-von-der-Leyen-1280-774.jpg\" \/>\n\t<meta property=\"og:image:width\" content=\"1280\" \/>\n\t<meta property=\"og:image:height\" content=\"774\" \/>\n<meta name=\"twitter:card\" content=\"summary_large_image\" \/>\n<meta name=\"twitter:creator\" content=\"@ktfministry\" \/>\n<meta name=\"twitter:site\" content=\"@ktfministry\" \/>\n<meta name=\"twitter:label1\" content=\"Escrito por\" \/>\n\t<meta name=\"twitter:data1\" content=\"Pastor Hal Mayer\" \/>\n\t<meta name=\"twitter:label2\" content=\"Tiempo de lectura\" \/>\n\t<meta name=\"twitter:data2\" content=\"10 minutos\" \/>\n<script type=\"application\/ld+json\" class=\"yoast-schema-graph\">{\"@context\":\"https:\/\/schema.org\",\"@graph\":[{\"@type\":\"WebSite\",\"@id\":\"https:\/\/ktfnews.com\/#website\",\"url\":\"https:\/\/ktfnews.com\/\",\"name\":\"KEEP the FAITH\",\"description\":\"Preparing you for the final conflict between good and evil.\",\"potentialAction\":[{\"@type\":\"SearchAction\",\"target\":{\"@type\":\"EntryPoint\",\"urlTemplate\":\"https:\/\/ktfnews.com\/?s={search_term_string}\"},\"query-input\":\"required name=search_term_string\"}],\"inLanguage\":\"es\"},{\"@type\":\"ImageObject\",\"@id\":\"https:\/\/ktfnews.com\/eu-chief-boasts-about-vaccine-passports-calls-for-more-global-digital-collaboration-paving-the-way-for-digital-ids\/#primaryimage\",\"inLanguage\":\"es\",\"url\":\"https:\/\/ktfnews.com\/wp-content\/uploads\/2023\/09\/Ursula-von-der-Leyen-1280-774.jpg\",\"contentUrl\":\"https:\/\/ktfnews.com\/wp-content\/uploads\/2023\/09\/Ursula-von-der-Leyen-1280-774.jpg\",\"width\":1280,\"height\":774},{\"@type\":\"WebPage\",\"@id\":\"https:\/\/ktfnews.com\/eu-chief-boasts-about-vaccine-passports-calls-for-more-global-digital-collaboration-paving-the-way-for-digital-ids\/#webpage\",\"url\":\"https:\/\/ktfnews.com\/eu-chief-boasts-about-vaccine-passports-calls-for-more-global-digital-collaboration-paving-the-way-for-digital-ids\/\",\"name\":\"[:en]EU Chief Boasts about Vaccine Passports, Calls For More Global Digital Collaboration \\u2013 Paving the Way for Digital IDs[:es]El jefe de la UE presume de pasaportes con vacunas y pide m\\u00e1s colaboraci\\u00f3n digital mundial - Allanar el camino a los documentos de identidad digitales[:] - KEEP the FAITH\",\"isPartOf\":{\"@id\":\"https:\/\/ktfnews.com\/#website\"},\"primaryImageOfPage\":{\"@id\":\"https:\/\/ktfnews.com\/eu-chief-boasts-about-vaccine-passports-calls-for-more-global-digital-collaboration-paving-the-way-for-digital-ids\/#primaryimage\"},\"datePublished\":\"2023-09-26T11:30:39+00:00\",\"dateModified\":\"2023-09-27T00:49:17+00:00\",\"author\":{\"@id\":\"https:\/\/ktfnews.com\/#\/schema\/person\/ba4174513d9169cf8e229b7d8d60410d\"},\"breadcrumb\":{\"@id\":\"https:\/\/ktfnews.com\/eu-chief-boasts-about-vaccine-passports-calls-for-more-global-digital-collaboration-paving-the-way-for-digital-ids\/#breadcrumb\"},\"inLanguage\":\"es\",\"potentialAction\":[{\"@type\":\"ReadAction\",\"target\":[\"https:\/\/ktfnews.com\/eu-chief-boasts-about-vaccine-passports-calls-for-more-global-digital-collaboration-paving-the-way-for-digital-ids\/\"]}]},{\"@type\":\"BreadcrumbList\",\"@id\":\"https:\/\/ktfnews.com\/eu-chief-boasts-about-vaccine-passports-calls-for-more-global-digital-collaboration-paving-the-way-for-digital-ids\/#breadcrumb\",\"itemListElement\":[{\"@type\":\"ListItem\",\"position\":1,\"name\":\"Home\",\"item\":\"https:\/\/ktfnews.com\/\"},{\"@type\":\"ListItem\",\"position\":2,\"name\":\"Briefings\",\"item\":\"https:\/\/ktfnews.com\/category\/briefings\/\"},{\"@type\":\"ListItem\",\"position\":3,\"name\":\"Prophetic Intelligence Briefings\",\"item\":\"https:\/\/ktfnews.com\/category\/briefings\/news\/\"},{\"@type\":\"ListItem\",\"position\":4,\"name\":\"EU Chief Boasts about Vaccine Passports, Calls For More Global Digital Collaboration \\u2013 Paving the Way for Digital IDs\"}]},{\"@type\":\"Person\",\"@id\":\"https:\/\/ktfnews.com\/#\/schema\/person\/ba4174513d9169cf8e229b7d8d60410d\",\"name\":\"Pastor Hal Mayer\",\"image\":{\"@type\":\"ImageObject\",\"@id\":\"https:\/\/ktfnews.com\/#personlogo\",\"inLanguage\":\"es\",\"url\":\"https:\/\/secure.gravatar.com\/avatar\/051bac95ae650254c5a03467b9456599?s=96&d=mm&r=g\",\"contentUrl\":\"https:\/\/secure.gravatar.com\/avatar\/051bac95ae650254c5a03467b9456599?s=96&d=mm&r=g\",\"caption\":\"Pastor Hal Mayer\"},\"description\":\"Pastor Hal Mayer is speaker and director of Keep the Faith Ministry. For the last 20 years Pastor Mayer\\u2019s monthly prophetic analysis on CD and online has revealed the striking evidence of fulfilling prophecy to many thousands of subscribers all over the world. Pastor Mayer\\u2019s background in history and Bible prophecy give him unique insights and perspectives that have blessed many and helped them make a deeper commitment to the Lord. Keep the Faith Ministry helps those who want to keep abreast of fulfilling prophecy and who want to understand and navigate the unique and difficult circumstances of the end-times. Keep the Faith Ministry helps to prepare you for the second coming of Christ. Pastor Mayer is married to Betsy for more than 40 years. They have no children of their own. \\u201cThe times in which we live are thrilling, because the things prophesied in God\\u2019s word are actually coming to pass in this generation,\\u201d says Pastor Mayer. \\u201cIn a time when the distinctive end-time truths of God\\u2019s word are being censored, and life in this world is becoming more and more chaotic, Keep the Faith is a voice of strength and encouragement.\\u201d\",\"url\":\"https:\/\/ktfnews.com\/es\/author\/hal\/\"}]}<\/script>\n<!-- \/ Yoast SEO plugin. -->","yoast_head_json":{"robots":{"index":"index","follow":"follow","max-snippet":"max-snippet:-1","max-image-preview":"max-image-preview:large","max-video-preview":"max-video-preview:-1"},"canonical":"https:\/\/ktfnews.com\/eu-chief-boasts-about-vaccine-passports-calls-for-more-global-digital-collaboration-paving-the-way-for-digital-ids\/","og_locale":"es_ES","og_type":"article","og_title":"[:en]EU Chief Boasts about Vaccine Passports, Calls For More Global Digital Collaboration \u2013 Paving the Way for Digital IDs[:es]El jefe de la UE presume de pasaportes con vacunas y pide m\u00e1s colaboraci\u00f3n digital mundial - Allanar el camino a los documentos de identidad digitales[:] - KEEP the FAITH","og_description":"Reclaim the Net, por Ken Macon: Con un atrevido llamamiento a una mayor colaboraci\u00f3n global y centralizaci\u00f3n, la Presidenta de la Comisi\u00f3n Europea, Ursula von der Leyen, en una sesi\u00f3n de la Cumbre del G20, bautizada como \u00abUn Futuro\u00bb, hizo...","og_url":"https:\/\/ktfnews.com\/eu-chief-boasts-about-vaccine-passports-calls-for-more-global-digital-collaboration-paving-the-way-for-digital-ids\/","og_site_name":"KEEP the FAITH","article_publisher":"https:\/\/www.facebook.com\/ktfministry","article_published_time":"2023-09-26T11:30:39+00:00","article_modified_time":"2023-09-27T00:49:17+00:00","og_image":[{"width":1280,"height":774,"url":"https:\/\/ktfnews.com\/wp-content\/uploads\/2023\/09\/Ursula-von-der-Leyen-1280-774.jpg","type":"image\/jpeg"}],"twitter_card":"summary_large_image","twitter_creator":"@ktfministry","twitter_site":"@ktfministry","twitter_misc":{"Escrito por":"Pastor Hal Mayer","Tiempo de lectura":"10 minutos"},"schema":{"@context":"https:\/\/schema.org","@graph":[{"@type":"WebSite","@id":"https:\/\/ktfnews.com\/#website","url":"https:\/\/ktfnews.com\/","name":"KEEP the FAITH","description":"Preparing you for the final conflict between good and evil.","potentialAction":[{"@type":"SearchAction","target":{"@type":"EntryPoint","urlTemplate":"https:\/\/ktfnews.com\/?s={search_term_string}"},"query-input":"required name=search_term_string"}],"inLanguage":"es"},{"@type":"ImageObject","@id":"https:\/\/ktfnews.com\/eu-chief-boasts-about-vaccine-passports-calls-for-more-global-digital-collaboration-paving-the-way-for-digital-ids\/#primaryimage","inLanguage":"es","url":"https:\/\/ktfnews.com\/wp-content\/uploads\/2023\/09\/Ursula-von-der-Leyen-1280-774.jpg","contentUrl":"https:\/\/ktfnews.com\/wp-content\/uploads\/2023\/09\/Ursula-von-der-Leyen-1280-774.jpg","width":1280,"height":774},{"@type":"WebPage","@id":"https:\/\/ktfnews.com\/eu-chief-boasts-about-vaccine-passports-calls-for-more-global-digital-collaboration-paving-the-way-for-digital-ids\/#webpage","url":"https:\/\/ktfnews.com\/eu-chief-boasts-about-vaccine-passports-calls-for-more-global-digital-collaboration-paving-the-way-for-digital-ids\/","name":"[:en]EU Chief Boasts about Vaccine Passports, Calls For More Global Digital Collaboration \u2013 Paving the Way for Digital IDs[:es]El jefe de la UE presume de pasaportes con vacunas y pide m\u00e1s colaboraci\u00f3n digital mundial - Allanar el camino a los documentos de identidad digitales[:] - KEEP the FAITH","isPartOf":{"@id":"https:\/\/ktfnews.com\/#website"},"primaryImageOfPage":{"@id":"https:\/\/ktfnews.com\/eu-chief-boasts-about-vaccine-passports-calls-for-more-global-digital-collaboration-paving-the-way-for-digital-ids\/#primaryimage"},"datePublished":"2023-09-26T11:30:39+00:00","dateModified":"2023-09-27T00:49:17+00:00","author":{"@id":"https:\/\/ktfnews.com\/#\/schema\/person\/ba4174513d9169cf8e229b7d8d60410d"},"breadcrumb":{"@id":"https:\/\/ktfnews.com\/eu-chief-boasts-about-vaccine-passports-calls-for-more-global-digital-collaboration-paving-the-way-for-digital-ids\/#breadcrumb"},"inLanguage":"es","potentialAction":[{"@type":"ReadAction","target":["https:\/\/ktfnews.com\/eu-chief-boasts-about-vaccine-passports-calls-for-more-global-digital-collaboration-paving-the-way-for-digital-ids\/"]}]},{"@type":"BreadcrumbList","@id":"https:\/\/ktfnews.com\/eu-chief-boasts-about-vaccine-passports-calls-for-more-global-digital-collaboration-paving-the-way-for-digital-ids\/#breadcrumb","itemListElement":[{"@type":"ListItem","position":1,"name":"Home","item":"https:\/\/ktfnews.com\/"},{"@type":"ListItem","position":2,"name":"Briefings","item":"https:\/\/ktfnews.com\/category\/briefings\/"},{"@type":"ListItem","position":3,"name":"Prophetic Intelligence Briefings","item":"https:\/\/ktfnews.com\/category\/briefings\/news\/"},{"@type":"ListItem","position":4,"name":"EU Chief Boasts about Vaccine Passports, Calls For More Global Digital Collaboration \u2013 Paving the Way for Digital IDs"}]},{"@type":"Person","@id":"https:\/\/ktfnews.com\/#\/schema\/person\/ba4174513d9169cf8e229b7d8d60410d","name":"Pastor Hal Mayer","image":{"@type":"ImageObject","@id":"https:\/\/ktfnews.com\/#personlogo","inLanguage":"es","url":"https:\/\/secure.gravatar.com\/avatar\/051bac95ae650254c5a03467b9456599?s=96&d=mm&r=g","contentUrl":"https:\/\/secure.gravatar.com\/avatar\/051bac95ae650254c5a03467b9456599?s=96&d=mm&r=g","caption":"Pastor Hal Mayer"},"description":"Pastor Hal Mayer is speaker and director of Keep the Faith Ministry. For the last 20 years Pastor Mayer\u2019s monthly prophetic analysis on CD and online has revealed the striking evidence of fulfilling prophecy to many thousands of subscribers all over the world. Pastor Mayer\u2019s background in history and Bible prophecy give him unique insights and perspectives that have blessed many and helped them make a deeper commitment to the Lord. Keep the Faith Ministry helps those who want to keep abreast of fulfilling prophecy and who want to understand and navigate the unique and difficult circumstances of the end-times. Keep the Faith Ministry helps to prepare you for the second coming of Christ. Pastor Mayer is married to Betsy for more than 40 years. They have no children of their own. \u201cThe times in which we live are thrilling, because the things prophesied in God\u2019s word are actually coming to pass in this generation,\u201d says Pastor Mayer. \u201cIn a time when the distinctive end-time truths of God\u2019s word are being censored, and life in this world is becoming more and more chaotic, Keep the Faith is a voice of strength and encouragement.\u201d","url":"https:\/\/ktfnews.com\/es\/author\/hal\/"}]}},"_links":{"self":[{"href":"https:\/\/ktfnews.com\/es\/wp-json\/wp\/v2\/posts\/28340"}],"collection":[{"href":"https:\/\/ktfnews.com\/es\/wp-json\/wp\/v2\/posts"}],"about":[{"href":"https:\/\/ktfnews.com\/es\/wp-json\/wp\/v2\/types\/post"}],"author":[{"embeddable":true,"href":"https:\/\/ktfnews.com\/es\/wp-json\/wp\/v2\/users\/6"}],"replies":[{"embeddable":true,"href":"https:\/\/ktfnews.com\/es\/wp-json\/wp\/v2\/comments?post=28340"}],"version-history":[{"count":2,"href":"https:\/\/ktfnews.com\/es\/wp-json\/wp\/v2\/posts\/28340\/revisions"}],"predecessor-version":[{"id":28351,"href":"https:\/\/ktfnews.com\/es\/wp-json\/wp\/v2\/posts\/28340\/revisions\/28351"}],"wp:featuredmedia":[{"embeddable":true,"href":"https:\/\/ktfnews.com\/es\/wp-json\/wp\/v2\/media\/28341"}],"wp:attachment":[{"href":"https:\/\/ktfnews.com\/es\/wp-json\/wp\/v2\/media?parent=28340"}],"wp:term":[{"taxonomy":"category","embeddable":true,"href":"https:\/\/ktfnews.com\/es\/wp-json\/wp\/v2\/categories?post=28340"},{"taxonomy":"post_tag","embeddable":true,"href":"https:\/\/ktfnews.com\/es\/wp-json\/wp\/v2\/tags?post=28340"}],"curies":[{"name":"wp","href":"https:\/\/api.w.org\/{rel}","templated":true}]}}