{"id":28332,"date":"2023-09-25T07:30:35","date_gmt":"2023-09-25T11:30:35","guid":{"rendered":"https:\/\/ktfnews.com\/?p=28332"},"modified":"2023-09-26T20:46:58","modified_gmt":"2023-09-27T00:46:58","slug":"appeals-court-finds-biden-administration-violated-the-first-amendment-when-it-pushed-for-social-media-censorship","status":"publish","type":"post","link":"https:\/\/ktfnews.com\/es\/appeals-court-finds-biden-administration-violated-the-first-amendment-when-it-pushed-for-social-media-censorship\/","title":{"rendered":"El Tribunal de Apelaciones dictamina que la administraci\u00f3n Biden viol\u00f3 la Primera Enmienda al presionar para que se censuraran las redes sociales"},"content":{"rendered":"<p><i>Reclaim the Net<\/i>, por Dan Frieth: El Tribunal de Apelaciones del Quinto Circuito dictamin\u00f3 el viernes que algunos funcionarios de la administraci\u00f3n del Presidente Joe Biden se extralimitaron al presionar a las plataformas de medios sociales para que limitaran determinados contenidos. El tribunal afirm\u00f3 que la Casa Blanca, el Cirujano General, el CDC y el FBI probablemente infringieron la Primera Enmienda al instar o influir significativamente en las decisiones de las empresas de medios sociales para que censuraran contenidos.<\/p>\n<p>Sin embargo, el tribunal delimit\u00f3 su posici\u00f3n, se\u00f1alando discrepancias con una decisi\u00f3n anterior de un tribunal inferior. No estuvo de acuerdo con la sentencia anterior del tribunal de distrito de que los funcionarios del NIAID, la CISA y el Departamento de Estado hab\u00edan violado potencialmente la Primera Enmienda.<\/p>\n<p>La medida cautelar m\u00e1s amplia dictada originalmente por el juez del distrito de Luisiana Terry A. Doughty en el caso Missouri contra Biden pretend\u00eda impedir que el gobierno de Biden presionara a las plataformas de medios sociales para que censuraran. Esta medida cautelar se basaba en la creencia de que estas acciones suprim\u00edan la expresi\u00f3n protegida.<\/p>\n<p>En v\u00edsperas de las elecciones de 2020, las interacciones del FBI con los gigantes tecnol\u00f3gicos fueron objeto de un intenso escrutinio. El tribunal acord\u00f3 que su colaboraci\u00f3n no se limitaba \u00fanicamente a hacer frente a las amenazas extranjeras y que el FBI ampli\u00f3 su alcance para abarcar el contenido que surg\u00eda dentro de las fronteras estadounidenses.<\/p>\n<p>Los jueces escribieron que la Administraci\u00f3n Biden probablemente \u00abcoaccion\u00f3 a las plataformas para que tomaran sus decisiones de moderaci\u00f3n mediante mensajes intimidatorios y amenazas de consecuencias adversas\u00bb, y tambi\u00e9n concluyeron que la Casa Blanca \u00abalent\u00f3 significativamente las decisiones de las plataformas comandando sus procesos de toma de decisiones, ambos en violaci\u00f3n de la Primera Enmienda\u00bb.<\/p>\n<p>De las diez disposiciones establecidas en el requerimiento original, el tribunal decidi\u00f3 mantener la sexta. Esta disposici\u00f3n proh\u00edbe a los funcionarios ejercer una influencia indebida sobre las empresas para que retiren contenidos. La redacci\u00f3n de esta disposici\u00f3n se revis\u00f3 para garantizar la claridad y evitar interpretaciones err\u00f3neas. Subraya que los funcionarios p\u00fablicos no deben presionar a las plataformas de medios sociales para que censuren la libertad de expresi\u00f3n protegida, ni siquiera de manera indirecta.<\/p>\n<p>Al explicar la decisi\u00f3n, el tribunal se\u00f1al\u00f3: \u00abEn virtud del requerimiento modificado, los demandados requeridos no pueden coaccionar o alentar de manera significativa las decisiones de moderaci\u00f3n de contenidos de una plataforma\u00bb. Cualquier sugerencia de consecuencias adversas, incluso si no se comunica directamente o no se realiza, que pueda ser percibida como de naturaleza punitiva por una persona razonable, entra dentro de esta prohibici\u00f3n.<\/p>\n<p>Aunque el fallo supuso un gran avance, el tribunal de apelaciones tambi\u00e9n acept\u00f3 la petici\u00f3n de la administraci\u00f3n Biden de suspender la aplicaci\u00f3n de la orden judicial durante diez d\u00edas, lo que les dar\u00eda tiempo para dirigirse al Tribunal Supremo.<\/p>\n<p>\u00abEn una decisi\u00f3n hist\u00f3rica y sin precedentes, el Quinto Circuito ha reconocido que la conducta de la Casa Blanca, los CDC, el Cirujano General y el FBI violaba los derechos de la Primera Enmienda de los estadounidenses. El gobierno no puede coaccionar o alentar a las empresas de medios sociales a censurar opiniones que no le gustan. Esta decisi\u00f3n reivindica los derechos de los demandantes y protege la libertad de expresi\u00f3n de todos los estadounidenses\u00bb, declar\u00f3 Jenin Younes, asesor jur\u00eddico de la NCLA para Reclaim The Net. La NCLA represent\u00f3 en la demanda a sus clientes, v\u00edctimas de la censura, los doctores Jayanta Bhattacharya, Martin Kulldorff y Aaron Kheriaty, y a la se\u00f1ora Jill Hines. \u00abLa campa\u00f1a de censura coordinada de la Administraci\u00f3n Biden contra el pueblo estadounidense termina hoy. La decisi\u00f3n del Quinto Circuito detalla una conducta manifiestamente ilegal por parte de m\u00faltiples agencias, y su orden proh\u00edbe en t\u00e9rminos inequ\u00edvocos que contin\u00fae el desprecio generalizado del Gobierno por la Primera Enmienda\u00bb, declar\u00f3 Mark Chenoweth, Presidente y Consejero General de NCLA.<\/p>\n<p>Nuestro comentario:<br \/>\nCuando el discurso religioso no goce de favor, \u00bfllegar\u00e1 la censura de las redes sociales a imponer restricciones m\u00e1s amplias a la libertad religiosa?<\/p>\n<p>Conexi\u00f3n Prof\u00e9tica:<br \/>\n\u201cSatan\u00e1s sigue vali\u00e9ndose de todos los medios de que dispone para destruir la libertad religiosa. El mismo poder anticristiano que rechazaron los protestantes de Spira procura ahora, con redoblado esfuerzo, restablecer su perdida supremac\u00eda. La misma adhesi\u00f3n incondicional a la Palabra de Dios que se manifest\u00f3 en los d\u00edas tan cr\u00edticos de la Reforma del siglo XVI, es la \u00fanica esperanza de una reforma en nuestros d\u00edas.\u201d <i>El Conflicto de los Siglos<\/i>, p\u00e1g. 218.<\/p>\n<hr \/>\n<h3>Source References<\/h3>\n<ul>\n<li>\n<h5><a href=\"https:\/\/reclaimthenet.org\/appeals-court-finds-biden-administration-violated-the-first-amendment\" target=\"_blank\" rel=\"noopener\">Appeals Court Finds Biden Administration Violated the First Amendment When It Pushed For Social Media Censorship<\/a><\/h5>\n<\/li>\n<\/ul>\n<p><\/p>\n<!-- AddThis Advanced Settings generic via filter on the_content -->","protected":false},"excerpt":{"rendered":"<p>Reclaim the Net, por Dan Frieth: El Tribunal de Apelaciones del Quinto Circuito dictamin\u00f3 el viernes que algunos funcionarios de la administraci\u00f3n del Presidente Joe Biden se extralimitaron al presionar a las plataformas de medios sociales para que limitaran determinados&#8230;<!-- AddThis Advanced Settings generic via filter on wp_trim_excerpt --><\/p>\n","protected":false},"author":6,"featured_media":28334,"comment_status":"open","ping_status":"open","sticky":false,"template":"","format":"standard","meta":{"episode_type":"","audio_file":"","duration":"","filesize":"","date_recorded":"","explicit":"","block":"","filesize_raw":"","_FSMCFIC_featured_image_caption":"Image: Carlos M. Vazquez II from flickr.com","_FSMCFIC_featured_image_nocaption":null,"_FSMCFIC_featured_image_hide":null,"_links_to":"","_links_to_target":""},"categories":[722,32],"tags":[2720,1706,1751,1074],"featured_image_urls":{"medium":"https:\/\/ktfnews.com\/wp-content\/uploads\/2023\/09\/biden-administration-1280-774-300x181.jpg","large":"https:\/\/ktfnews.com\/wp-content\/uploads\/2023\/09\/biden-administration-1280-774-1024x619.jpg","thumbnail":"https:\/\/ktfnews.com\/wp-content\/uploads\/2023\/09\/biden-administration-1280-774-150x150.jpg","medium_large":"https:\/\/ktfnews.com\/wp-content\/uploads\/2023\/09\/biden-administration-1280-774-768x464.jpg","team-small":"https:\/\/ktfnews.com\/wp-content\/uploads\/2023\/09\/biden-administration-1280-774-138x162.jpg","team-overview":"https:\/\/ktfnews.com\/wp-content\/uploads\/2023\/09\/biden-administration-1280-774-200x279.jpg","team-big":"https:\/\/ktfnews.com\/wp-content\/uploads\/2023\/09\/biden-administration-1280-774-540x270.jpg","two-columns":"https:\/\/ktfnews.com\/wp-content\/uploads\/2023\/09\/biden-administration-1280-774-379x242.jpg","one-column":"https:\/\/ktfnews.com\/wp-content\/uploads\/2023\/09\/biden-administration-1280-774-379x242.jpg","mini-square":"https:\/\/ktfnews.com\/wp-content\/uploads\/2023\/09\/biden-administration-1280-774-70x70.jpg","portfolio-widget-mainpage":"https:\/\/ktfnews.com\/wp-content\/uploads\/2023\/09\/biden-administration-1280-774-335x195.jpg","portfolio-single-ajax":"https:\/\/ktfnews.com\/wp-content\/uploads\/2023\/09\/biden-administration-1280-774-670x280.jpg","portfolio-single-big":"https:\/\/ktfnews.com\/wp-content\/uploads\/2023\/09\/biden-administration-1280-774-685x480.jpg","portfolio-single-small":"https:\/\/ktfnews.com\/wp-content\/uploads\/2023\/09\/biden-administration-1280-774-685x280.jpg","portfolio-single-full-big":"https:\/\/ktfnews.com\/wp-content\/uploads\/2023\/09\/biden-administration-1280-774-960x590.jpg","portfolio-single-full-small":"https:\/\/ktfnews.com\/wp-content\/uploads\/2023\/09\/biden-administration-1280-774-960x250.jpg","gallery-post":"https:\/\/ktfnews.com\/wp-content\/uploads\/2023\/09\/biden-administration-1280-774-182x126.jpg","gallery-post-smaller":"https:\/\/ktfnews.com\/wp-content\/uploads\/2023\/09\/biden-administration-1280-774-158x100.jpg","gallery-standard":"https:\/\/ktfnews.com\/wp-content\/uploads\/2023\/09\/biden-administration-1280-774-257x169.jpg","tooltip-preview":"https:\/\/ktfnews.com\/wp-content\/uploads\/2023\/09\/biden-administration-1280-774-227x133.jpg","widget-content-slider":"https:\/\/ktfnews.com\/wp-content\/uploads\/2023\/09\/biden-administration-1280-774-230x137.jpg","post-top-articles":"https:\/\/ktfnews.com\/wp-content\/uploads\/2023\/09\/biden-administration-1280-774-130x100.jpg","post-single-wide":"https:\/\/ktfnews.com\/wp-content\/uploads\/2023\/09\/biden-administration-1280-774-595x360.jpg","post-single-wide-nocrop":"https:\/\/ktfnews.com\/wp-content\/uploads\/2023\/09\/biden-administration-1280-774-595x360.jpg","post-single-wide-mobile":"https:\/\/ktfnews.com\/wp-content\/uploads\/2023\/09\/biden-administration-1280-774-320x190.jpg","post-single-wide-small":"https:\/\/ktfnews.com\/wp-content\/uploads\/2023\/09\/biden-administration-1280-774-595x190.jpg","post-single-square":"https:\/\/ktfnews.com\/wp-content\/uploads\/2023\/09\/biden-administration-1280-774-120x120.jpg","post-single-full-small":"https:\/\/ktfnews.com\/wp-content\/uploads\/2023\/09\/biden-administration-1280-774-950x360.jpg","post-single-full-big":"https:\/\/ktfnews.com\/wp-content\/uploads\/2023\/09\/biden-administration-1280-774-950x590.jpg","photo-blog":"https:\/\/ktfnews.com\/wp-content\/uploads\/2023\/09\/biden-administration-1280-774-768x464.jpg"},"appp_media":null,"yoast_head":"<!-- This site is optimized with the Yoast SEO plugin v17.3 - https:\/\/yoast.com\/wordpress\/plugins\/seo\/ -->\n<meta name=\"robots\" content=\"index, follow, max-snippet:-1, max-image-preview:large, max-video-preview:-1\" \/>\n<link rel=\"canonical\" href=\"https:\/\/ktfnews.com\/appeals-court-finds-biden-administration-violated-the-first-amendment-when-it-pushed-for-social-media-censorship\/\" \/>\n<meta property=\"og:locale\" content=\"es_ES\" \/>\n<meta property=\"og:type\" content=\"article\" \/>\n<meta property=\"og:title\" content=\"[:en]Appeals Court Finds Biden Administration Violated the First Amendment When It Pushed For Social Media Censorship[:es]El Tribunal de Apelaciones dictamina que la administraci\u00f3n Biden viol\u00f3 la Primera Enmienda al presionar para que se censuraran las redes sociales[:] - KEEP the FAITH\" \/>\n<meta property=\"og:description\" content=\"Reclaim the Net, por Dan Frieth: El Tribunal de Apelaciones del Quinto Circuito dictamin\u00f3 el viernes que algunos funcionarios de la administraci\u00f3n del Presidente Joe Biden se extralimitaron al presionar a las plataformas de medios sociales para que limitaran determinados...\" \/>\n<meta property=\"og:url\" content=\"https:\/\/ktfnews.com\/appeals-court-finds-biden-administration-violated-the-first-amendment-when-it-pushed-for-social-media-censorship\/\" \/>\n<meta property=\"og:site_name\" content=\"KEEP the FAITH\" \/>\n<meta property=\"article:publisher\" content=\"https:\/\/www.facebook.com\/ktfministry\" \/>\n<meta property=\"article:published_time\" content=\"2023-09-25T11:30:35+00:00\" \/>\n<meta property=\"article:modified_time\" content=\"2023-09-27T00:46:58+00:00\" \/>\n<meta property=\"og:image\" content=\"https:\/\/ktfnews.com\/wp-content\/uploads\/2023\/09\/biden-administration-1280-774.jpg\" \/>\n\t<meta property=\"og:image:width\" content=\"1280\" \/>\n\t<meta property=\"og:image:height\" content=\"774\" \/>\n<meta name=\"twitter:card\" content=\"summary_large_image\" \/>\n<meta name=\"twitter:creator\" content=\"@ktfministry\" \/>\n<meta name=\"twitter:site\" content=\"@ktfministry\" \/>\n<meta name=\"twitter:label1\" content=\"Escrito por\" \/>\n\t<meta name=\"twitter:data1\" content=\"Pastor Hal Mayer\" \/>\n\t<meta name=\"twitter:label2\" content=\"Tiempo de lectura\" \/>\n\t<meta name=\"twitter:data2\" content=\"10 minutos\" \/>\n<script type=\"application\/ld+json\" class=\"yoast-schema-graph\">{\"@context\":\"https:\/\/schema.org\",\"@graph\":[{\"@type\":\"WebSite\",\"@id\":\"https:\/\/ktfnews.com\/#website\",\"url\":\"https:\/\/ktfnews.com\/\",\"name\":\"KEEP the FAITH\",\"description\":\"Preparing you for the final conflict between good and evil.\",\"potentialAction\":[{\"@type\":\"SearchAction\",\"target\":{\"@type\":\"EntryPoint\",\"urlTemplate\":\"https:\/\/ktfnews.com\/?s={search_term_string}\"},\"query-input\":\"required name=search_term_string\"}],\"inLanguage\":\"es\"},{\"@type\":\"ImageObject\",\"@id\":\"https:\/\/ktfnews.com\/appeals-court-finds-biden-administration-violated-the-first-amendment-when-it-pushed-for-social-media-censorship\/#primaryimage\",\"inLanguage\":\"es\",\"url\":\"https:\/\/ktfnews.com\/wp-content\/uploads\/2023\/09\/biden-administration-1280-774.jpg\",\"contentUrl\":\"https:\/\/ktfnews.com\/wp-content\/uploads\/2023\/09\/biden-administration-1280-774.jpg\",\"width\":1280,\"height\":774},{\"@type\":\"WebPage\",\"@id\":\"https:\/\/ktfnews.com\/appeals-court-finds-biden-administration-violated-the-first-amendment-when-it-pushed-for-social-media-censorship\/#webpage\",\"url\":\"https:\/\/ktfnews.com\/appeals-court-finds-biden-administration-violated-the-first-amendment-when-it-pushed-for-social-media-censorship\/\",\"name\":\"[:en]Appeals Court Finds Biden Administration Violated the First Amendment When It Pushed For Social Media Censorship[:es]El Tribunal de Apelaciones dictamina que la administraci\\u00f3n Biden viol\\u00f3 la Primera Enmienda al presionar para que se censuraran las redes sociales[:] - KEEP the FAITH\",\"isPartOf\":{\"@id\":\"https:\/\/ktfnews.com\/#website\"},\"primaryImageOfPage\":{\"@id\":\"https:\/\/ktfnews.com\/appeals-court-finds-biden-administration-violated-the-first-amendment-when-it-pushed-for-social-media-censorship\/#primaryimage\"},\"datePublished\":\"2023-09-25T11:30:35+00:00\",\"dateModified\":\"2023-09-27T00:46:58+00:00\",\"author\":{\"@id\":\"https:\/\/ktfnews.com\/#\/schema\/person\/ba4174513d9169cf8e229b7d8d60410d\"},\"breadcrumb\":{\"@id\":\"https:\/\/ktfnews.com\/appeals-court-finds-biden-administration-violated-the-first-amendment-when-it-pushed-for-social-media-censorship\/#breadcrumb\"},\"inLanguage\":\"es\",\"potentialAction\":[{\"@type\":\"ReadAction\",\"target\":[\"https:\/\/ktfnews.com\/appeals-court-finds-biden-administration-violated-the-first-amendment-when-it-pushed-for-social-media-censorship\/\"]}]},{\"@type\":\"BreadcrumbList\",\"@id\":\"https:\/\/ktfnews.com\/appeals-court-finds-biden-administration-violated-the-first-amendment-when-it-pushed-for-social-media-censorship\/#breadcrumb\",\"itemListElement\":[{\"@type\":\"ListItem\",\"position\":1,\"name\":\"Home\",\"item\":\"https:\/\/ktfnews.com\/\"},{\"@type\":\"ListItem\",\"position\":2,\"name\":\"Briefings\",\"item\":\"https:\/\/ktfnews.com\/category\/briefings\/\"},{\"@type\":\"ListItem\",\"position\":3,\"name\":\"Prophetic Intelligence Briefings\",\"item\":\"https:\/\/ktfnews.com\/category\/briefings\/news\/\"},{\"@type\":\"ListItem\",\"position\":4,\"name\":\"Appeals Court Finds Biden Administration Violated the First Amendment When It Pushed For Social Media Censorship\"}]},{\"@type\":\"Person\",\"@id\":\"https:\/\/ktfnews.com\/#\/schema\/person\/ba4174513d9169cf8e229b7d8d60410d\",\"name\":\"Pastor Hal Mayer\",\"image\":{\"@type\":\"ImageObject\",\"@id\":\"https:\/\/ktfnews.com\/#personlogo\",\"inLanguage\":\"es\",\"url\":\"https:\/\/secure.gravatar.com\/avatar\/051bac95ae650254c5a03467b9456599?s=96&d=mm&r=g\",\"contentUrl\":\"https:\/\/secure.gravatar.com\/avatar\/051bac95ae650254c5a03467b9456599?s=96&d=mm&r=g\",\"caption\":\"Pastor Hal Mayer\"},\"description\":\"Pastor Hal Mayer is speaker and director of Keep the Faith Ministry. For the last 20 years Pastor Mayer\\u2019s monthly prophetic analysis on CD and online has revealed the striking evidence of fulfilling prophecy to many thousands of subscribers all over the world. Pastor Mayer\\u2019s background in history and Bible prophecy give him unique insights and perspectives that have blessed many and helped them make a deeper commitment to the Lord. Keep the Faith Ministry helps those who want to keep abreast of fulfilling prophecy and who want to understand and navigate the unique and difficult circumstances of the end-times. Keep the Faith Ministry helps to prepare you for the second coming of Christ. Pastor Mayer is married to Betsy for more than 40 years. They have no children of their own. \\u201cThe times in which we live are thrilling, because the things prophesied in God\\u2019s word are actually coming to pass in this generation,\\u201d says Pastor Mayer. \\u201cIn a time when the distinctive end-time truths of God\\u2019s word are being censored, and life in this world is becoming more and more chaotic, Keep the Faith is a voice of strength and encouragement.\\u201d\",\"url\":\"https:\/\/ktfnews.com\/es\/author\/hal\/\"}]}<\/script>\n<!-- \/ Yoast SEO plugin. -->","yoast_head_json":{"robots":{"index":"index","follow":"follow","max-snippet":"max-snippet:-1","max-image-preview":"max-image-preview:large","max-video-preview":"max-video-preview:-1"},"canonical":"https:\/\/ktfnews.com\/appeals-court-finds-biden-administration-violated-the-first-amendment-when-it-pushed-for-social-media-censorship\/","og_locale":"es_ES","og_type":"article","og_title":"[:en]Appeals Court Finds Biden Administration Violated the First Amendment When It Pushed For Social Media Censorship[:es]El Tribunal de Apelaciones dictamina que la administraci\u00f3n Biden viol\u00f3 la Primera Enmienda al presionar para que se censuraran las redes sociales[:] - KEEP the FAITH","og_description":"Reclaim the Net, por Dan Frieth: El Tribunal de Apelaciones del Quinto Circuito dictamin\u00f3 el viernes que algunos funcionarios de la administraci\u00f3n del Presidente Joe Biden se extralimitaron al presionar a las plataformas de medios sociales para que limitaran determinados...","og_url":"https:\/\/ktfnews.com\/appeals-court-finds-biden-administration-violated-the-first-amendment-when-it-pushed-for-social-media-censorship\/","og_site_name":"KEEP the FAITH","article_publisher":"https:\/\/www.facebook.com\/ktfministry","article_published_time":"2023-09-25T11:30:35+00:00","article_modified_time":"2023-09-27T00:46:58+00:00","og_image":[{"width":1280,"height":774,"url":"https:\/\/ktfnews.com\/wp-content\/uploads\/2023\/09\/biden-administration-1280-774.jpg","type":"image\/jpeg"}],"twitter_card":"summary_large_image","twitter_creator":"@ktfministry","twitter_site":"@ktfministry","twitter_misc":{"Escrito por":"Pastor Hal Mayer","Tiempo de lectura":"10 minutos"},"schema":{"@context":"https:\/\/schema.org","@graph":[{"@type":"WebSite","@id":"https:\/\/ktfnews.com\/#website","url":"https:\/\/ktfnews.com\/","name":"KEEP the FAITH","description":"Preparing you for the final conflict between good and evil.","potentialAction":[{"@type":"SearchAction","target":{"@type":"EntryPoint","urlTemplate":"https:\/\/ktfnews.com\/?s={search_term_string}"},"query-input":"required name=search_term_string"}],"inLanguage":"es"},{"@type":"ImageObject","@id":"https:\/\/ktfnews.com\/appeals-court-finds-biden-administration-violated-the-first-amendment-when-it-pushed-for-social-media-censorship\/#primaryimage","inLanguage":"es","url":"https:\/\/ktfnews.com\/wp-content\/uploads\/2023\/09\/biden-administration-1280-774.jpg","contentUrl":"https:\/\/ktfnews.com\/wp-content\/uploads\/2023\/09\/biden-administration-1280-774.jpg","width":1280,"height":774},{"@type":"WebPage","@id":"https:\/\/ktfnews.com\/appeals-court-finds-biden-administration-violated-the-first-amendment-when-it-pushed-for-social-media-censorship\/#webpage","url":"https:\/\/ktfnews.com\/appeals-court-finds-biden-administration-violated-the-first-amendment-when-it-pushed-for-social-media-censorship\/","name":"[:en]Appeals Court Finds Biden Administration Violated the First Amendment When It Pushed For Social Media Censorship[:es]El Tribunal de Apelaciones dictamina que la administraci\u00f3n Biden viol\u00f3 la Primera Enmienda al presionar para que se censuraran las redes sociales[:] - KEEP the FAITH","isPartOf":{"@id":"https:\/\/ktfnews.com\/#website"},"primaryImageOfPage":{"@id":"https:\/\/ktfnews.com\/appeals-court-finds-biden-administration-violated-the-first-amendment-when-it-pushed-for-social-media-censorship\/#primaryimage"},"datePublished":"2023-09-25T11:30:35+00:00","dateModified":"2023-09-27T00:46:58+00:00","author":{"@id":"https:\/\/ktfnews.com\/#\/schema\/person\/ba4174513d9169cf8e229b7d8d60410d"},"breadcrumb":{"@id":"https:\/\/ktfnews.com\/appeals-court-finds-biden-administration-violated-the-first-amendment-when-it-pushed-for-social-media-censorship\/#breadcrumb"},"inLanguage":"es","potentialAction":[{"@type":"ReadAction","target":["https:\/\/ktfnews.com\/appeals-court-finds-biden-administration-violated-the-first-amendment-when-it-pushed-for-social-media-censorship\/"]}]},{"@type":"BreadcrumbList","@id":"https:\/\/ktfnews.com\/appeals-court-finds-biden-administration-violated-the-first-amendment-when-it-pushed-for-social-media-censorship\/#breadcrumb","itemListElement":[{"@type":"ListItem","position":1,"name":"Home","item":"https:\/\/ktfnews.com\/"},{"@type":"ListItem","position":2,"name":"Briefings","item":"https:\/\/ktfnews.com\/category\/briefings\/"},{"@type":"ListItem","position":3,"name":"Prophetic Intelligence Briefings","item":"https:\/\/ktfnews.com\/category\/briefings\/news\/"},{"@type":"ListItem","position":4,"name":"Appeals Court Finds Biden Administration Violated the First Amendment When It Pushed For Social Media Censorship"}]},{"@type":"Person","@id":"https:\/\/ktfnews.com\/#\/schema\/person\/ba4174513d9169cf8e229b7d8d60410d","name":"Pastor Hal Mayer","image":{"@type":"ImageObject","@id":"https:\/\/ktfnews.com\/#personlogo","inLanguage":"es","url":"https:\/\/secure.gravatar.com\/avatar\/051bac95ae650254c5a03467b9456599?s=96&d=mm&r=g","contentUrl":"https:\/\/secure.gravatar.com\/avatar\/051bac95ae650254c5a03467b9456599?s=96&d=mm&r=g","caption":"Pastor Hal Mayer"},"description":"Pastor Hal Mayer is speaker and director of Keep the Faith Ministry. For the last 20 years Pastor Mayer\u2019s monthly prophetic analysis on CD and online has revealed the striking evidence of fulfilling prophecy to many thousands of subscribers all over the world. Pastor Mayer\u2019s background in history and Bible prophecy give him unique insights and perspectives that have blessed many and helped them make a deeper commitment to the Lord. Keep the Faith Ministry helps those who want to keep abreast of fulfilling prophecy and who want to understand and navigate the unique and difficult circumstances of the end-times. Keep the Faith Ministry helps to prepare you for the second coming of Christ. Pastor Mayer is married to Betsy for more than 40 years. They have no children of their own. \u201cThe times in which we live are thrilling, because the things prophesied in God\u2019s word are actually coming to pass in this generation,\u201d says Pastor Mayer. \u201cIn a time when the distinctive end-time truths of God\u2019s word are being censored, and life in this world is becoming more and more chaotic, Keep the Faith is a voice of strength and encouragement.\u201d","url":"https:\/\/ktfnews.com\/es\/author\/hal\/"}]}},"_links":{"self":[{"href":"https:\/\/ktfnews.com\/es\/wp-json\/wp\/v2\/posts\/28332"}],"collection":[{"href":"https:\/\/ktfnews.com\/es\/wp-json\/wp\/v2\/posts"}],"about":[{"href":"https:\/\/ktfnews.com\/es\/wp-json\/wp\/v2\/types\/post"}],"author":[{"embeddable":true,"href":"https:\/\/ktfnews.com\/es\/wp-json\/wp\/v2\/users\/6"}],"replies":[{"embeddable":true,"href":"https:\/\/ktfnews.com\/es\/wp-json\/wp\/v2\/comments?post=28332"}],"version-history":[{"count":2,"href":"https:\/\/ktfnews.com\/es\/wp-json\/wp\/v2\/posts\/28332\/revisions"}],"predecessor-version":[{"id":28350,"href":"https:\/\/ktfnews.com\/es\/wp-json\/wp\/v2\/posts\/28332\/revisions\/28350"}],"wp:featuredmedia":[{"embeddable":true,"href":"https:\/\/ktfnews.com\/es\/wp-json\/wp\/v2\/media\/28334"}],"wp:attachment":[{"href":"https:\/\/ktfnews.com\/es\/wp-json\/wp\/v2\/media?parent=28332"}],"wp:term":[{"taxonomy":"category","embeddable":true,"href":"https:\/\/ktfnews.com\/es\/wp-json\/wp\/v2\/categories?post=28332"},{"taxonomy":"post_tag","embeddable":true,"href":"https:\/\/ktfnews.com\/es\/wp-json\/wp\/v2\/tags?post=28332"}],"curies":[{"name":"wp","href":"https:\/\/api.w.org\/{rel}","templated":true}]}}