{"id":28107,"date":"2023-08-21T07:30:08","date_gmt":"2023-08-21T11:30:08","guid":{"rendered":"https:\/\/ktfnews.com\/?p=28107"},"modified":"2023-08-22T23:28:39","modified_gmt":"2023-08-23T03:28:39","slug":"pope-francis-meets-with-president-of-madagascar","status":"publish","type":"post","link":"https:\/\/ktfnews.com\/es\/pope-francis-meets-with-president-of-madagascar\/","title":{"rendered":"El Papa Francisco se re\u00fane con el Presidente de Madagascar"},"content":{"rendered":"<p><i>Vatican News<\/i>, por Devin Watkins: El Papa Francisco ha mantenido este jueves una audiencia privada con D. Andry Nirina Rajoelina, Presidente de la Rep\u00fablica de Madagascar, quien posteriormente se ha reunido con Mons. Miroslaw Wachowski, Subsecretario para las Relaciones con los Estados.<\/p>\n<p>Las conversaciones, celebradas en la Secretar\u00eda de Estado, pusieron de relieve las positivas relaciones bilaterales que mantienen la Santa Sede y Madagascar, as\u00ed como la contribuci\u00f3n de la Iglesia cat\u00f3lica a numerosos sectores de la sociedad malgache.<\/p>\n<p><strong>Cuestiones internacionales<\/strong><\/p>\n<p>Seg\u00fan un comunicado de la Oficina de Prensa de la Santa Sede, su conversaci\u00f3n abarc\u00f3 diversos temas nacionales e internacionales.<\/p>\n<p>Entre ellos, la guerra en curso en Ucrania y sus repercusiones globales, junto con varias crisis que afectan al continente africano.<\/p>\n<p>Adem\u00e1s, ambas partes exploraron la posibilidad de \u00abproceder a la redacci\u00f3n de un Acuerdo bilateral, como un signo m\u00e1s de colaboraci\u00f3n respetuosa.\u00bb<\/p>\n<p><strong>Recuerdos de la visita del Papa a Madagascar<\/strong><\/p>\n<p>Al final de la audiencia de 30 minutos, el Papa Francisco invit\u00f3 al presidente Rajoelina y a su delegaci\u00f3n a hacerse una foto de grupo junto a una r\u00e9plica en miniatura del barco que el Papa recibi\u00f3 como regalo durante su Viaje Apost\u00f3lico a Madagascar, del 6 al 9 de septiembre de 2019.<\/p>\n<p>Tras la foto, el Papa rez\u00f3 un Ave Mar\u00eda con los presentes ante una imagen de la Virgen que le regalaron los obispos de Madagascar.<\/p>\n<p>El Papa concluy\u00f3 la audiencia impartiendo su Bendici\u00f3n Apost\u00f3lica al Presidente y a su s\u00e9quito.<\/p>\n<p>Nuestro comentario:<br \/>\nMadagascar se maravilla en pos&#8230;<\/p>\n<p>Conexi\u00f3n Prof\u00e9tica:<br \/>\n\u201cY adoraron al drag\u00f3n que hab\u00eda dado poder a la bestia; y adoraron a la bestia, diciendo: \u00bfQui\u00e9n es semejante a la bestia? \u00bfqui\u00e9n puede hacer guerra contra ella?\u00bb Apocalipsis 13:4.<\/p>\n<hr \/>\n<h3>Source References<\/h3>\n<ul>\n<li>\n<h5><a href=\"https:\/\/www.vaticannews.va\/en\/pope\/news\/2023-08\/pope-francis-madagascar-president-audience-vatican.html\" target=\"_blank\" rel=\"noopener\">Pope Francis meets with President of Madagascar<\/a><\/h5>\n<\/li>\n<\/ul>\n<p><\/p>\n<!-- AddThis Advanced Settings generic via filter on the_content -->","protected":false},"excerpt":{"rendered":"<p>Vatican News, por Devin Watkins: El Papa Francisco ha mantenido este jueves una audiencia privada con D. Andry Nirina Rajoelina, Presidente de la Rep\u00fablica de Madagascar, quien posteriormente se ha reunido con Mons. Miroslaw Wachowski, Subsecretario para las Relaciones con&#8230;<!-- AddThis Advanced Settings generic via filter on wp_trim_excerpt --><\/p>\n","protected":false},"author":6,"featured_media":28108,"comment_status":"open","ping_status":"open","sticky":false,"template":"","format":"standard","meta":{"episode_type":"","audio_file":"","duration":"","filesize":"","date_recorded":"","explicit":"","block":"","filesize_raw":"","_FSMCFIC_featured_image_caption":"Image: Crozet \/ Pouteau from flickr.com","_FSMCFIC_featured_image_nocaption":null,"_FSMCFIC_featured_image_hide":null,"_links_to":"","_links_to_target":""},"categories":[722,32],"tags":[294,111],"featured_image_urls":{"medium":"https:\/\/ktfnews.com\/wp-content\/uploads\/2023\/08\/Andry-Rajoelina-1280-774-300x181.jpg","large":"https:\/\/ktfnews.com\/wp-content\/uploads\/2023\/08\/Andry-Rajoelina-1280-774-1024x619.jpg","thumbnail":"https:\/\/ktfnews.com\/wp-content\/uploads\/2023\/08\/Andry-Rajoelina-1280-774-150x150.jpg","medium_large":"https:\/\/ktfnews.com\/wp-content\/uploads\/2023\/08\/Andry-Rajoelina-1280-774-768x464.jpg","team-small":"https:\/\/ktfnews.com\/wp-content\/uploads\/2023\/08\/Andry-Rajoelina-1280-774-138x162.jpg","team-overview":"https:\/\/ktfnews.com\/wp-content\/uploads\/2023\/08\/Andry-Rajoelina-1280-774-200x279.jpg","team-big":"https:\/\/ktfnews.com\/wp-content\/uploads\/2023\/08\/Andry-Rajoelina-1280-774-540x270.jpg","two-columns":"https:\/\/ktfnews.com\/wp-content\/uploads\/2023\/08\/Andry-Rajoelina-1280-774-379x242.jpg","one-column":"https:\/\/ktfnews.com\/wp-content\/uploads\/2023\/08\/Andry-Rajoelina-1280-774-379x242.jpg","mini-square":"https:\/\/ktfnews.com\/wp-content\/uploads\/2023\/08\/Andry-Rajoelina-1280-774-70x70.jpg","portfolio-widget-mainpage":"https:\/\/ktfnews.com\/wp-content\/uploads\/2023\/08\/Andry-Rajoelina-1280-774-335x195.jpg","portfolio-single-ajax":"https:\/\/ktfnews.com\/wp-content\/uploads\/2023\/08\/Andry-Rajoelina-1280-774-670x280.jpg","portfolio-single-big":"https:\/\/ktfnews.com\/wp-content\/uploads\/2023\/08\/Andry-Rajoelina-1280-774-685x480.jpg","portfolio-single-small":"https:\/\/ktfnews.com\/wp-content\/uploads\/2023\/08\/Andry-Rajoelina-1280-774-685x280.jpg","portfolio-single-full-big":"https:\/\/ktfnews.com\/wp-content\/uploads\/2023\/08\/Andry-Rajoelina-1280-774-960x590.jpg","portfolio-single-full-small":"https:\/\/ktfnews.com\/wp-content\/uploads\/2023\/08\/Andry-Rajoelina-1280-774-960x250.jpg","gallery-post":"https:\/\/ktfnews.com\/wp-content\/uploads\/2023\/08\/Andry-Rajoelina-1280-774-182x126.jpg","gallery-post-smaller":"https:\/\/ktfnews.com\/wp-content\/uploads\/2023\/08\/Andry-Rajoelina-1280-774-158x100.jpg","gallery-standard":"https:\/\/ktfnews.com\/wp-content\/uploads\/2023\/08\/Andry-Rajoelina-1280-774-257x169.jpg","tooltip-preview":"https:\/\/ktfnews.com\/wp-content\/uploads\/2023\/08\/Andry-Rajoelina-1280-774-227x133.jpg","widget-content-slider":"https:\/\/ktfnews.com\/wp-content\/uploads\/2023\/08\/Andry-Rajoelina-1280-774-230x137.jpg","post-top-articles":"https:\/\/ktfnews.com\/wp-content\/uploads\/2023\/08\/Andry-Rajoelina-1280-774-130x100.jpg","post-single-wide":"https:\/\/ktfnews.com\/wp-content\/uploads\/2023\/08\/Andry-Rajoelina-1280-774-595x360.jpg","post-single-wide-nocrop":"https:\/\/ktfnews.com\/wp-content\/uploads\/2023\/08\/Andry-Rajoelina-1280-774-595x360.jpg","post-single-wide-mobile":"https:\/\/ktfnews.com\/wp-content\/uploads\/2023\/08\/Andry-Rajoelina-1280-774-320x190.jpg","post-single-wide-small":"https:\/\/ktfnews.com\/wp-content\/uploads\/2023\/08\/Andry-Rajoelina-1280-774-595x190.jpg","post-single-square":"https:\/\/ktfnews.com\/wp-content\/uploads\/2023\/08\/Andry-Rajoelina-1280-774-120x120.jpg","post-single-full-small":"https:\/\/ktfnews.com\/wp-content\/uploads\/2023\/08\/Andry-Rajoelina-1280-774-950x360.jpg","post-single-full-big":"https:\/\/ktfnews.com\/wp-content\/uploads\/2023\/08\/Andry-Rajoelina-1280-774-950x590.jpg","photo-blog":"https:\/\/ktfnews.com\/wp-content\/uploads\/2023\/08\/Andry-Rajoelina-1280-774-768x464.jpg"},"appp_media":null,"yoast_head":"<!-- This site is optimized with the Yoast SEO plugin v17.3 - https:\/\/yoast.com\/wordpress\/plugins\/seo\/ -->\n<meta name=\"robots\" content=\"index, follow, max-snippet:-1, max-image-preview:large, max-video-preview:-1\" \/>\n<link rel=\"canonical\" href=\"https:\/\/ktfnews.com\/pope-francis-meets-with-president-of-madagascar\/\" \/>\n<meta property=\"og:locale\" content=\"es_ES\" \/>\n<meta property=\"og:type\" content=\"article\" \/>\n<meta property=\"og:title\" content=\"[:en]Pope Francis meets with President of Madagascar[:es]El Papa Francisco se re\u00fane con el Presidente de Madagascar[:] - KEEP the FAITH\" \/>\n<meta property=\"og:description\" content=\"Vatican News, por Devin Watkins: El Papa Francisco ha mantenido este jueves una audiencia privada con D. Andry Nirina Rajoelina, Presidente de la Rep\u00fablica de Madagascar, quien posteriormente se ha reunido con Mons. Miroslaw Wachowski, Subsecretario para las Relaciones con...\" \/>\n<meta property=\"og:url\" content=\"https:\/\/ktfnews.com\/pope-francis-meets-with-president-of-madagascar\/\" \/>\n<meta property=\"og:site_name\" content=\"KEEP the FAITH\" \/>\n<meta property=\"article:publisher\" content=\"https:\/\/www.facebook.com\/ktfministry\" \/>\n<meta property=\"article:published_time\" content=\"2023-08-21T11:30:08+00:00\" \/>\n<meta property=\"article:modified_time\" content=\"2023-08-23T03:28:39+00:00\" \/>\n<meta property=\"og:image\" content=\"https:\/\/ktfnews.com\/wp-content\/uploads\/2023\/08\/Andry-Rajoelina-1280-774.jpg\" \/>\n\t<meta property=\"og:image:width\" content=\"1280\" \/>\n\t<meta property=\"og:image:height\" content=\"774\" \/>\n<meta name=\"twitter:card\" content=\"summary_large_image\" \/>\n<meta name=\"twitter:creator\" content=\"@ktfministry\" \/>\n<meta name=\"twitter:site\" content=\"@ktfministry\" \/>\n<meta name=\"twitter:label1\" content=\"Escrito por\" \/>\n\t<meta name=\"twitter:data1\" content=\"Pastor Hal Mayer\" \/>\n\t<meta name=\"twitter:label2\" content=\"Tiempo de lectura\" \/>\n\t<meta name=\"twitter:data2\" content=\"10 minutos\" \/>\n<script type=\"application\/ld+json\" class=\"yoast-schema-graph\">{\"@context\":\"https:\/\/schema.org\",\"@graph\":[{\"@type\":\"WebSite\",\"@id\":\"https:\/\/ktfnews.com\/#website\",\"url\":\"https:\/\/ktfnews.com\/\",\"name\":\"KEEP the FAITH\",\"description\":\"Preparing you for the final conflict between good and evil.\",\"potentialAction\":[{\"@type\":\"SearchAction\",\"target\":{\"@type\":\"EntryPoint\",\"urlTemplate\":\"https:\/\/ktfnews.com\/?s={search_term_string}\"},\"query-input\":\"required name=search_term_string\"}],\"inLanguage\":\"es\"},{\"@type\":\"ImageObject\",\"@id\":\"https:\/\/ktfnews.com\/pope-francis-meets-with-president-of-madagascar\/#primaryimage\",\"inLanguage\":\"es\",\"url\":\"https:\/\/ktfnews.com\/wp-content\/uploads\/2023\/08\/Andry-Rajoelina-1280-774.jpg\",\"contentUrl\":\"https:\/\/ktfnews.com\/wp-content\/uploads\/2023\/08\/Andry-Rajoelina-1280-774.jpg\",\"width\":1280,\"height\":774},{\"@type\":\"WebPage\",\"@id\":\"https:\/\/ktfnews.com\/pope-francis-meets-with-president-of-madagascar\/#webpage\",\"url\":\"https:\/\/ktfnews.com\/pope-francis-meets-with-president-of-madagascar\/\",\"name\":\"[:en]Pope Francis meets with President of Madagascar[:es]El Papa Francisco se re\\u00fane con el Presidente de Madagascar[:] - KEEP the FAITH\",\"isPartOf\":{\"@id\":\"https:\/\/ktfnews.com\/#website\"},\"primaryImageOfPage\":{\"@id\":\"https:\/\/ktfnews.com\/pope-francis-meets-with-president-of-madagascar\/#primaryimage\"},\"datePublished\":\"2023-08-21T11:30:08+00:00\",\"dateModified\":\"2023-08-23T03:28:39+00:00\",\"author\":{\"@id\":\"https:\/\/ktfnews.com\/#\/schema\/person\/ba4174513d9169cf8e229b7d8d60410d\"},\"breadcrumb\":{\"@id\":\"https:\/\/ktfnews.com\/pope-francis-meets-with-president-of-madagascar\/#breadcrumb\"},\"inLanguage\":\"es\",\"potentialAction\":[{\"@type\":\"ReadAction\",\"target\":[\"https:\/\/ktfnews.com\/pope-francis-meets-with-president-of-madagascar\/\"]}]},{\"@type\":\"BreadcrumbList\",\"@id\":\"https:\/\/ktfnews.com\/pope-francis-meets-with-president-of-madagascar\/#breadcrumb\",\"itemListElement\":[{\"@type\":\"ListItem\",\"position\":1,\"name\":\"Home\",\"item\":\"https:\/\/ktfnews.com\/\"},{\"@type\":\"ListItem\",\"position\":2,\"name\":\"Briefings\",\"item\":\"https:\/\/ktfnews.com\/category\/briefings\/\"},{\"@type\":\"ListItem\",\"position\":3,\"name\":\"Prophetic Intelligence Briefings\",\"item\":\"https:\/\/ktfnews.com\/category\/briefings\/news\/\"},{\"@type\":\"ListItem\",\"position\":4,\"name\":\"Pope Francis meets with President of Madagascar\"}]},{\"@type\":\"Person\",\"@id\":\"https:\/\/ktfnews.com\/#\/schema\/person\/ba4174513d9169cf8e229b7d8d60410d\",\"name\":\"Pastor Hal Mayer\",\"image\":{\"@type\":\"ImageObject\",\"@id\":\"https:\/\/ktfnews.com\/#personlogo\",\"inLanguage\":\"es\",\"url\":\"https:\/\/secure.gravatar.com\/avatar\/051bac95ae650254c5a03467b9456599?s=96&d=mm&r=g\",\"contentUrl\":\"https:\/\/secure.gravatar.com\/avatar\/051bac95ae650254c5a03467b9456599?s=96&d=mm&r=g\",\"caption\":\"Pastor Hal Mayer\"},\"description\":\"Pastor Hal Mayer is speaker and director of Keep the Faith Ministry. For the last 20 years Pastor Mayer\\u2019s monthly prophetic analysis on CD and online has revealed the striking evidence of fulfilling prophecy to many thousands of subscribers all over the world. Pastor Mayer\\u2019s background in history and Bible prophecy give him unique insights and perspectives that have blessed many and helped them make a deeper commitment to the Lord. Keep the Faith Ministry helps those who want to keep abreast of fulfilling prophecy and who want to understand and navigate the unique and difficult circumstances of the end-times. Keep the Faith Ministry helps to prepare you for the second coming of Christ. Pastor Mayer is married to Betsy for more than 40 years. They have no children of their own. \\u201cThe times in which we live are thrilling, because the things prophesied in God\\u2019s word are actually coming to pass in this generation,\\u201d says Pastor Mayer. \\u201cIn a time when the distinctive end-time truths of God\\u2019s word are being censored, and life in this world is becoming more and more chaotic, Keep the Faith is a voice of strength and encouragement.\\u201d\",\"url\":\"https:\/\/ktfnews.com\/es\/author\/hal\/\"}]}<\/script>\n<!-- \/ Yoast SEO plugin. -->","yoast_head_json":{"robots":{"index":"index","follow":"follow","max-snippet":"max-snippet:-1","max-image-preview":"max-image-preview:large","max-video-preview":"max-video-preview:-1"},"canonical":"https:\/\/ktfnews.com\/pope-francis-meets-with-president-of-madagascar\/","og_locale":"es_ES","og_type":"article","og_title":"[:en]Pope Francis meets with President of Madagascar[:es]El Papa Francisco se re\u00fane con el Presidente de Madagascar[:] - KEEP the FAITH","og_description":"Vatican News, por Devin Watkins: El Papa Francisco ha mantenido este jueves una audiencia privada con D. Andry Nirina Rajoelina, Presidente de la Rep\u00fablica de Madagascar, quien posteriormente se ha reunido con Mons. Miroslaw Wachowski, Subsecretario para las Relaciones con...","og_url":"https:\/\/ktfnews.com\/pope-francis-meets-with-president-of-madagascar\/","og_site_name":"KEEP the FAITH","article_publisher":"https:\/\/www.facebook.com\/ktfministry","article_published_time":"2023-08-21T11:30:08+00:00","article_modified_time":"2023-08-23T03:28:39+00:00","og_image":[{"width":1280,"height":774,"url":"https:\/\/ktfnews.com\/wp-content\/uploads\/2023\/08\/Andry-Rajoelina-1280-774.jpg","type":"image\/jpeg"}],"twitter_card":"summary_large_image","twitter_creator":"@ktfministry","twitter_site":"@ktfministry","twitter_misc":{"Escrito por":"Pastor Hal Mayer","Tiempo de lectura":"10 minutos"},"schema":{"@context":"https:\/\/schema.org","@graph":[{"@type":"WebSite","@id":"https:\/\/ktfnews.com\/#website","url":"https:\/\/ktfnews.com\/","name":"KEEP the FAITH","description":"Preparing you for the final conflict between good and evil.","potentialAction":[{"@type":"SearchAction","target":{"@type":"EntryPoint","urlTemplate":"https:\/\/ktfnews.com\/?s={search_term_string}"},"query-input":"required name=search_term_string"}],"inLanguage":"es"},{"@type":"ImageObject","@id":"https:\/\/ktfnews.com\/pope-francis-meets-with-president-of-madagascar\/#primaryimage","inLanguage":"es","url":"https:\/\/ktfnews.com\/wp-content\/uploads\/2023\/08\/Andry-Rajoelina-1280-774.jpg","contentUrl":"https:\/\/ktfnews.com\/wp-content\/uploads\/2023\/08\/Andry-Rajoelina-1280-774.jpg","width":1280,"height":774},{"@type":"WebPage","@id":"https:\/\/ktfnews.com\/pope-francis-meets-with-president-of-madagascar\/#webpage","url":"https:\/\/ktfnews.com\/pope-francis-meets-with-president-of-madagascar\/","name":"[:en]Pope Francis meets with President of Madagascar[:es]El Papa Francisco se re\u00fane con el Presidente de Madagascar[:] - KEEP the FAITH","isPartOf":{"@id":"https:\/\/ktfnews.com\/#website"},"primaryImageOfPage":{"@id":"https:\/\/ktfnews.com\/pope-francis-meets-with-president-of-madagascar\/#primaryimage"},"datePublished":"2023-08-21T11:30:08+00:00","dateModified":"2023-08-23T03:28:39+00:00","author":{"@id":"https:\/\/ktfnews.com\/#\/schema\/person\/ba4174513d9169cf8e229b7d8d60410d"},"breadcrumb":{"@id":"https:\/\/ktfnews.com\/pope-francis-meets-with-president-of-madagascar\/#breadcrumb"},"inLanguage":"es","potentialAction":[{"@type":"ReadAction","target":["https:\/\/ktfnews.com\/pope-francis-meets-with-president-of-madagascar\/"]}]},{"@type":"BreadcrumbList","@id":"https:\/\/ktfnews.com\/pope-francis-meets-with-president-of-madagascar\/#breadcrumb","itemListElement":[{"@type":"ListItem","position":1,"name":"Home","item":"https:\/\/ktfnews.com\/"},{"@type":"ListItem","position":2,"name":"Briefings","item":"https:\/\/ktfnews.com\/category\/briefings\/"},{"@type":"ListItem","position":3,"name":"Prophetic Intelligence Briefings","item":"https:\/\/ktfnews.com\/category\/briefings\/news\/"},{"@type":"ListItem","position":4,"name":"Pope Francis meets with President of Madagascar"}]},{"@type":"Person","@id":"https:\/\/ktfnews.com\/#\/schema\/person\/ba4174513d9169cf8e229b7d8d60410d","name":"Pastor Hal Mayer","image":{"@type":"ImageObject","@id":"https:\/\/ktfnews.com\/#personlogo","inLanguage":"es","url":"https:\/\/secure.gravatar.com\/avatar\/051bac95ae650254c5a03467b9456599?s=96&d=mm&r=g","contentUrl":"https:\/\/secure.gravatar.com\/avatar\/051bac95ae650254c5a03467b9456599?s=96&d=mm&r=g","caption":"Pastor Hal Mayer"},"description":"Pastor Hal Mayer is speaker and director of Keep the Faith Ministry. For the last 20 years Pastor Mayer\u2019s monthly prophetic analysis on CD and online has revealed the striking evidence of fulfilling prophecy to many thousands of subscribers all over the world. Pastor Mayer\u2019s background in history and Bible prophecy give him unique insights and perspectives that have blessed many and helped them make a deeper commitment to the Lord. Keep the Faith Ministry helps those who want to keep abreast of fulfilling prophecy and who want to understand and navigate the unique and difficult circumstances of the end-times. Keep the Faith Ministry helps to prepare you for the second coming of Christ. Pastor Mayer is married to Betsy for more than 40 years. They have no children of their own. \u201cThe times in which we live are thrilling, because the things prophesied in God\u2019s word are actually coming to pass in this generation,\u201d says Pastor Mayer. \u201cIn a time when the distinctive end-time truths of God\u2019s word are being censored, and life in this world is becoming more and more chaotic, Keep the Faith is a voice of strength and encouragement.\u201d","url":"https:\/\/ktfnews.com\/es\/author\/hal\/"}]}},"_links":{"self":[{"href":"https:\/\/ktfnews.com\/es\/wp-json\/wp\/v2\/posts\/28107"}],"collection":[{"href":"https:\/\/ktfnews.com\/es\/wp-json\/wp\/v2\/posts"}],"about":[{"href":"https:\/\/ktfnews.com\/es\/wp-json\/wp\/v2\/types\/post"}],"author":[{"embeddable":true,"href":"https:\/\/ktfnews.com\/es\/wp-json\/wp\/v2\/users\/6"}],"replies":[{"embeddable":true,"href":"https:\/\/ktfnews.com\/es\/wp-json\/wp\/v2\/comments?post=28107"}],"version-history":[{"count":2,"href":"https:\/\/ktfnews.com\/es\/wp-json\/wp\/v2\/posts\/28107\/revisions"}],"predecessor-version":[{"id":28125,"href":"https:\/\/ktfnews.com\/es\/wp-json\/wp\/v2\/posts\/28107\/revisions\/28125"}],"wp:featuredmedia":[{"embeddable":true,"href":"https:\/\/ktfnews.com\/es\/wp-json\/wp\/v2\/media\/28108"}],"wp:attachment":[{"href":"https:\/\/ktfnews.com\/es\/wp-json\/wp\/v2\/media?parent=28107"}],"wp:term":[{"taxonomy":"category","embeddable":true,"href":"https:\/\/ktfnews.com\/es\/wp-json\/wp\/v2\/categories?post=28107"},{"taxonomy":"post_tag","embeddable":true,"href":"https:\/\/ktfnews.com\/es\/wp-json\/wp\/v2\/tags?post=28107"}],"curies":[{"name":"wp","href":"https:\/\/api.w.org\/{rel}","templated":true}]}}