{"id":26817,"date":"2023-01-24T07:30:00","date_gmt":"2023-01-24T12:30:00","guid":{"rendered":"https:\/\/ktfnews.com\/?p=26817"},"modified":"2023-01-24T22:28:37","modified_gmt":"2023-01-25T03:28:37","slug":"minister-germany-wont-block-poland-giving-ukraine-tanks","status":"publish","type":"post","link":"https:\/\/ktfnews.com\/es\/minister-germany-wont-block-poland-giving-ukraine-tanks\/","title":{"rendered":"Ministro: Alemania no impedir\u00e1 que Polonia entregue tanques a Ucrania"},"content":{"rendered":"<p><i>AP News<\/i>, por Andrew Meldrum: El gobierno alem\u00e1n no se opondr\u00e1 si Polonia decide enviar carros de combate Leopard 2 a Ucrania, dijo el domingo la principal diplom\u00e1tica alemana, indicando un movimiento en el suministro de armas que Kiev ha descrito como esencial para su capacidad de defenderse de una ofensiva rusa intensificada.<\/p>\n<p>La ministra alemana de Asuntos Exteriores, Annalena Baerbock, declar\u00f3 al canal de televisi\u00f3n franc\u00e9s LCI que Polonia no ha pedido formalmente la aprobaci\u00f3n de Berl\u00edn para compartir algunos de sus Leopard de fabricaci\u00f3n alemana, pero a\u00f1adi\u00f3 que \u00absi nos lo pidieran, no nos interpondr\u00edamos\u00bb.<\/p>\n<p>Los funcionarios alemanes \u00absaben lo importantes que son estos tanques\u00bb y \u00abpor eso lo estamos discutiendo ahora con nuestros socios\u00bb, dijo Baerbock en los clips de entrevista publicados por LCI.<\/p>\n<p>Los partidarios de Ucrania prometieron miles de millones de d\u00f3lares en ayuda militar a Ucrania durante una reuni\u00f3n en la Base A\u00e9rea de Ramstein en Alemania el viernes. Los l\u00edderes internacionales de defensa debatieron la petici\u00f3n urgente de Ucrania de los tanques Leopard 2, y la imposibilidad de llegar a un acuerdo eclips\u00f3 los nuevos compromisos.<\/p>\n<p>Alemania es uno de los principales donantes de armas a Ucrania, y orden\u00f3 una revisi\u00f3n de sus existencias de Leopard 2 en preparaci\u00f3n de una posible luz verde. No obstante, el gobierno de Berl\u00edn se ha mostrado cauto a cada paso que ha dado para aumentar su ayuda militar a Ucrania, una indecisi\u00f3n que se considera arraigada en su historia y su cultura pol\u00edtica.<\/p>\n<p>La reticencia de Alemania ha suscitado cr\u00edticas, especialmente en Polonia y los pa\u00edses b\u00e1lticos, pa\u00edses del flanco oriental de la OTAN que se sienten especialmente amenazados por la renovada agresi\u00f3n rusa.<\/p>\n<p>El primer ministro polaco, Mateusz Morawiecki, declar\u00f3 que si el pa\u00eds miembro de la OTAN y de la Uni\u00f3n Europea no acced\u00eda a transferir tanques Leopard a Ucrania, su pa\u00eds estaba dispuesto a formar una \u00abcoalici\u00f3n m\u00e1s peque\u00f1a\u00bb de pa\u00edses que enviaran los suyos de todos modos.<\/p>\n<p>\u00abHa pasado casi un a\u00f1o desde el estallido de la guerra\u00bb, dijo Morawiecki en una entrevista con la agencia de noticias estatal polaca PAP publicada el domingo. \u00abLas pruebas de los cr\u00edmenes de guerra del ej\u00e9rcito ruso pueden verse en televisi\u00f3n y en YouTube. \u00bfQu\u00e9 m\u00e1s necesita Alemania para abrir los ojos y empezar a actuar en consonancia con el potencial del Estado alem\u00e1n?\u00bb<\/p>\n<p>Anteriormente, algunos funcionarios polacos indicaron que Finlandia y Dinamarca tambi\u00e9n estaban dispuestas a enviar Leopardos a Ucrania.<\/p>\n<p>Temprano el domingo, el presidente de la C\u00e1mara Baja del Parlamento ruso, el presidente de la Duma Estatal, Viacheslav Volodin, afirm\u00f3 que los gobiernos que suministren armas m\u00e1s potentes a Ucrania se arriesgan a provocar una \u00abtragedia mundial que destruir\u00eda sus pa\u00edses\u00bb.<\/p>\n<p>\u00abEl suministro de armas ofensivas al r\u00e9gimen de Kiev provocar\u00eda una cat\u00e1strofe mundial\u00bb, afirm\u00f3 Volodin. \u00abSi Washington y la OTAN suministran armas que se utilizar\u00edan para golpear ciudades pac\u00edficas y hacer intentos de apoderarse de nuestro territorio como amenazan con hacer, desencadenar\u00eda una represalia con armas m\u00e1s poderosas.\u00bb<\/p>\n<p>El presidente franc\u00e9s, Emmanuel Macron, mientras tanto, dijo el domingo que le hab\u00eda pedido a su ministro de Defensa que \u00abtrabajara en\u00bb la idea de enviar algunos de los carros de combate Leclerc de Francia a Ucrania.<\/p>\n<p>Macron habl\u00f3 durante una conferencia de prensa en Par\u00eds con el canciller alem\u00e1n, Olaf Scholz, mientras Francia y Alemania conmemoraban el 60 aniversario de su tratado de amistad posterior a la Segunda Guerra Mundial. En una declaraci\u00f3n conjunta, los dos pa\u00edses se comprometieron a su \u00abapoyo inquebrantable\u00bb a Ucrania.<\/p>\n<p>Francia tomar\u00e1 su decisi\u00f3n sobre los tanques bas\u00e1ndose en tres criterios, dijo Macron: que compartir el equipo no conduzca a una escalada del conflicto, que proporcione una ayuda eficiente y viable si se tiene en cuenta el tiempo de entrenamiento y que no debilite al propio ej\u00e9rcito franc\u00e9s.<\/p>\n<p>Scholz no respondi\u00f3 cuando se le pregunt\u00f3 por los tanques Leopard 2 el domingo, pero subray\u00f3 que su pa\u00eds ya ha realizado importantes contribuciones militares a Ucrania.<\/p>\n<p>\u00abEstados Unidos est\u00e1 haciendo mucho, Alemania tambi\u00e9n\u00bb, dijo. \u00abHemos ampliado constantemente nuestras entregas con armas muy eficaces que ya est\u00e1n disponibles en la actualidad. Y siempre hemos coordinado todas estas decisiones estrechamente con nuestros importantes aliados y amigos.\u00bb<\/p>\n<p>En Washington, dos importantes legisladores instaron el domingo a Estados Unidos a enviar algunos de sus carros de combate Abrams a Ucrania con el fin de superar la reticencia de Alemania a compartir sus propios carros, m\u00e1s adecuados.<\/p>\n<p>\u00abSi anunci\u00e1ramos que vamos a dar un tanque Abrams, s\u00f3lo uno, eso desatar\u00eda\u00bb el flujo de tanques desde Alemania, dijo el representante Michael McCaul, presidente republicano del Comit\u00e9 de Asuntos Exteriores de la C\u00e1mara de Representantes, al programa \u00abThis Week on Sunday\u00bb de la cadena ABC. \u00abLo que oigo es que Alemania est\u00e1 esperando a que tomemos la iniciativa\u00bb.<\/p>\n<p>El senador dem\u00f3crata Chris Coons, que forma parte de la Comisi\u00f3n de Relaciones Exteriores del Senado, tambi\u00e9n se pronunci\u00f3 a favor de que Estados Unidos env\u00ede a Abrams.<\/p>\n<p>\u00abSi es necesario que enviemos algunos tanques Abrams para desbloquear la obtenci\u00f3n de los tanques Leopard de Alemania, de Polonia, de otros aliados, yo lo apoyar\u00eda\u00bb, dijo Coons.<br \/>\nDmitri Medv\u00e9dev, jefe adjunto del Consejo de Seguridad ruso, afirm\u00f3 que la reuni\u00f3n del viernes en la base a\u00e9rea de Alemania, liderada por Estados Unidos, \u00abno deja lugar a dudas de que nuestros enemigos intentar\u00e1n agotarnos o, mejor, destruirnos\u00bb, y a\u00f1adi\u00f3 que \u00abdisponen de armas suficientes\u00bb para lograr su prop\u00f3sito.<\/p>\n<p>Medv\u00e9dev, ex presidente ruso, advirti\u00f3 de que \u00aben caso de un conflicto prolongado\u00bb, Rusia podr\u00eda tratar de formar una alianza militar con \u00ablas naciones que est\u00e1n hartas de los estadounidenses y una jaur\u00eda de sus perros castrados\u00bb.<\/p>\n<p>Ucrania ha argumentado que necesita m\u00e1s armas, ya que prev\u00e9 que las fuerzas rusas lancen una nueva ofensiva en primavera.<\/p>\n<p>Oleksii Danilov, secretario del Consejo de Seguridad y Defensa de Ucrania, advirti\u00f3 de que Rusia puede intentar intensificar sus ataques en el sur y en el este y cortar los canales de suministro de armas occidentales, mientras que conquistar Kiev \u00absigue siendo el sue\u00f1o principal\u00bb en las \u00abfantas\u00edas\u00bb del presidente Vladimir Putin, dijo.<\/p>\n<p>En una columna publicada por el diario digital Ukrainska Pravda. describi\u00f3 el objetivo del Kremlin en el conflicto como un \u00abgenocidio total y absoluto, una guerra total de destrucci\u00f3n\u00bb.<\/p>\n<p>Entre los que piden m\u00e1s armas para Ucrania se encuentra el ex primer ministro brit\u00e1nico, Boris Johnson, que viaj\u00f3 por sorpresa a Ucrania el domingo. Johnson, que fue fotografiado en la ciudad de Borodyanka, en la regi\u00f3n de Kiev, dijo que viaj\u00f3 a Ucrania invitado por el presidente Volodymyr Zelenskyy.<\/p>\n<p>\u00abEste es el momento de redoblar la apuesta y dar a los ucranianos todas las herramientas que necesitan para terminar el trabajo. Cuanto antes fracase Putin, mejor para Ucrania y para el mundo entero\u00bb, afirm\u00f3 Johnson en un comunicado.<\/p>\n<p>La \u00faltima semana ha sido especialmente tr\u00e1gica para Ucrania, incluso para los est\u00e1ndares de una guerra brutal que se ha prolongado durante casi un a\u00f1o, matando a decenas de miles de personas, desarraigando a millones m\u00e1s y provocando una vasta destrucci\u00f3n de las ciudades ucranianas.<\/p>\n<p>El 14 de enero, una salva de misiles rusos alcanz\u00f3 un complejo de apartamentos en la ciudad de Dnipro, al sureste del pa\u00eds, matando al menos a 45 civiles. El mi\u00e9rcoles, un helic\u00f3ptero gubernamental se estrell\u00f3 contra un edificio que albergaba una guarder\u00eda en un suburbio de Kiev. El ministro del Interior ucraniano, otros funcionarios y un ni\u00f1o que se encontraba en tierra se encontraban entre las 14 personas fallecidas.<\/p>\n<p>Zelenskyy prometi\u00f3 el domingo que Ucrania acabar\u00eda imponi\u00e9ndose en la guerra.<br \/>\n\u00abEstamos unidos porque somos fuertes. Somos fuertes porque estamos unidos\u00bb, dijo el l\u00edder ucraniano en un discurso grabado en v\u00eddeo con motivo del D\u00eda de la Unidad de Ucrania, que conmemora el momento en que el este y el oeste de Ucrania se unieron en 1919.<\/p>\n<p>Conexi\u00f3n Prof\u00e9tica:<br \/>\n\u00abEn los d\u00edas de No\u00e9, la inmensa mayor\u00eda se opon\u00eda a la verdad y estaba enamorada de un tejido de falsedades. La tierra estaba llena de violencia. La guerra, el crimen, el asesinato, estaban a la orden del d\u00eda. As\u00ed ser\u00e1 antes de la segunda venida de Cristo\u00bb. <i>Manuscrito<\/i> 24, 1891.<\/p>\n<hr>\n<h3>Source References<\/h3>\n<ul>\n<li>\n<h5><a href=\"https:\/\/apnews.com\/article\/russia-ukraine-politics-government-united-states-c9459e1bed9ad7358a59b541b3a5ae8c\" target=\"_blank\" rel=\"noopener\">Minister: Germany won\u2019t block Poland giving Ukraine tanks<\/a><\/h5>\n<\/li>\n<\/ul>\n<p><\/p>\n<!-- AddThis Advanced Settings generic via filter on the_content -->","protected":false},"excerpt":{"rendered":"<p>AP News, por Andrew Meldrum: El gobierno alem\u00e1n no se opondr\u00e1 si Polonia decide enviar carros de combate Leopard 2 a Ucrania, dijo el domingo la principal diplom\u00e1tica alemana, indicando un movimiento en el suministro de armas que Kiev ha&#8230;<!-- AddThis Advanced Settings generic via filter on wp_trim_excerpt --><\/p>\n","protected":false},"author":6,"featured_media":26818,"comment_status":"open","ping_status":"open","sticky":false,"template":"","format":"standard","meta":{"episode_type":"","audio_file":"","duration":"","filesize":"","date_recorded":"","explicit":"","block":"","filesize_raw":"","_FSMCFIC_featured_image_caption":"Image: Cabinet of Ministers of Ukraine from Wikimedia Commons","_FSMCFIC_featured_image_nocaption":"","_FSMCFIC_featured_image_hide":"","_links_to":"","_links_to_target":""},"categories":[722,32],"tags":[205,484,71],"featured_image_urls":{"medium":"https:\/\/ktfnews.com\/wp-content\/uploads\/2023\/01\/German-Annalena-Baerbock-1280-774-300x181.jpg","large":"https:\/\/ktfnews.com\/wp-content\/uploads\/2023\/01\/German-Annalena-Baerbock-1280-774-1024x619.jpg","thumbnail":"https:\/\/ktfnews.com\/wp-content\/uploads\/2023\/01\/German-Annalena-Baerbock-1280-774-150x150.jpg","medium_large":"https:\/\/ktfnews.com\/wp-content\/uploads\/2023\/01\/German-Annalena-Baerbock-1280-774-768x464.jpg","team-small":"https:\/\/ktfnews.com\/wp-content\/uploads\/2023\/01\/German-Annalena-Baerbock-1280-774-138x162.jpg","team-overview":"https:\/\/ktfnews.com\/wp-content\/uploads\/2023\/01\/German-Annalena-Baerbock-1280-774-200x279.jpg","team-big":"https:\/\/ktfnews.com\/wp-content\/uploads\/2023\/01\/German-Annalena-Baerbock-1280-774-540x270.jpg","two-columns":"https:\/\/ktfnews.com\/wp-content\/uploads\/2023\/01\/German-Annalena-Baerbock-1280-774-379x242.jpg","one-column":"https:\/\/ktfnews.com\/wp-content\/uploads\/2023\/01\/German-Annalena-Baerbock-1280-774-379x242.jpg","mini-square":"https:\/\/ktfnews.com\/wp-content\/uploads\/2023\/01\/German-Annalena-Baerbock-1280-774-70x70.jpg","portfolio-widget-mainpage":"https:\/\/ktfnews.com\/wp-content\/uploads\/2023\/01\/German-Annalena-Baerbock-1280-774-335x195.jpg","portfolio-single-ajax":"https:\/\/ktfnews.com\/wp-content\/uploads\/2023\/01\/German-Annalena-Baerbock-1280-774-670x280.jpg","portfolio-single-big":"https:\/\/ktfnews.com\/wp-content\/uploads\/2023\/01\/German-Annalena-Baerbock-1280-774-685x480.jpg","portfolio-single-small":"https:\/\/ktfnews.com\/wp-content\/uploads\/2023\/01\/German-Annalena-Baerbock-1280-774-685x280.jpg","portfolio-single-full-big":"https:\/\/ktfnews.com\/wp-content\/uploads\/2023\/01\/German-Annalena-Baerbock-1280-774-960x590.jpg","portfolio-single-full-small":"https:\/\/ktfnews.com\/wp-content\/uploads\/2023\/01\/German-Annalena-Baerbock-1280-774-960x250.jpg","gallery-post":"https:\/\/ktfnews.com\/wp-content\/uploads\/2023\/01\/German-Annalena-Baerbock-1280-774-182x126.jpg","gallery-post-smaller":"https:\/\/ktfnews.com\/wp-content\/uploads\/2023\/01\/German-Annalena-Baerbock-1280-774-158x100.jpg","gallery-standard":"https:\/\/ktfnews.com\/wp-content\/uploads\/2023\/01\/German-Annalena-Baerbock-1280-774-257x169.jpg","tooltip-preview":"https:\/\/ktfnews.com\/wp-content\/uploads\/2023\/01\/German-Annalena-Baerbock-1280-774-227x133.jpg","widget-content-slider":"https:\/\/ktfnews.com\/wp-content\/uploads\/2023\/01\/German-Annalena-Baerbock-1280-774-230x137.jpg","post-top-articles":"https:\/\/ktfnews.com\/wp-content\/uploads\/2023\/01\/German-Annalena-Baerbock-1280-774-130x100.jpg","post-single-wide":"https:\/\/ktfnews.com\/wp-content\/uploads\/2023\/01\/German-Annalena-Baerbock-1280-774-595x360.jpg","post-single-wide-nocrop":"https:\/\/ktfnews.com\/wp-content\/uploads\/2023\/01\/German-Annalena-Baerbock-1280-774-595x360.jpg","post-single-wide-mobile":"https:\/\/ktfnews.com\/wp-content\/uploads\/2023\/01\/German-Annalena-Baerbock-1280-774-320x190.jpg","post-single-wide-small":"https:\/\/ktfnews.com\/wp-content\/uploads\/2023\/01\/German-Annalena-Baerbock-1280-774-595x190.jpg","post-single-square":"https:\/\/ktfnews.com\/wp-content\/uploads\/2023\/01\/German-Annalena-Baerbock-1280-774-120x120.jpg","post-single-full-small":"https:\/\/ktfnews.com\/wp-content\/uploads\/2023\/01\/German-Annalena-Baerbock-1280-774-950x360.jpg","post-single-full-big":"https:\/\/ktfnews.com\/wp-content\/uploads\/2023\/01\/German-Annalena-Baerbock-1280-774-950x590.jpg","photo-blog":"https:\/\/ktfnews.com\/wp-content\/uploads\/2023\/01\/German-Annalena-Baerbock-1280-774-768x464.jpg"},"appp_media":null,"yoast_head":"<!-- This site is optimized with the Yoast SEO plugin v17.3 - https:\/\/yoast.com\/wordpress\/plugins\/seo\/ -->\n<meta name=\"robots\" content=\"index, follow, max-snippet:-1, max-image-preview:large, max-video-preview:-1\" \/>\n<link rel=\"canonical\" href=\"https:\/\/ktfnews.com\/minister-germany-wont-block-poland-giving-ukraine-tanks\/\" \/>\n<meta property=\"og:locale\" content=\"es_ES\" \/>\n<meta property=\"og:type\" content=\"article\" \/>\n<meta property=\"og:title\" content=\"[:en]Minister: Germany won\u2019t block Poland giving Ukraine tanks[:es]Ministro: Alemania no impedir\u00e1 que Polonia entregue tanques a Ucrania[:] - KEEP the FAITH\" \/>\n<meta property=\"og:description\" content=\"AP News, por Andrew Meldrum: El gobierno alem\u00e1n no se opondr\u00e1 si Polonia decide enviar carros de combate Leopard 2 a Ucrania, dijo el domingo la principal diplom\u00e1tica alemana, indicando un movimiento en el suministro de armas que Kiev ha...\" \/>\n<meta property=\"og:url\" content=\"https:\/\/ktfnews.com\/minister-germany-wont-block-poland-giving-ukraine-tanks\/\" \/>\n<meta property=\"og:site_name\" content=\"KEEP the FAITH\" \/>\n<meta property=\"article:publisher\" content=\"https:\/\/www.facebook.com\/ktfministry\" \/>\n<meta property=\"article:published_time\" content=\"2023-01-24T12:30:00+00:00\" \/>\n<meta property=\"article:modified_time\" content=\"2023-01-25T03:28:37+00:00\" \/>\n<meta property=\"og:image\" content=\"https:\/\/ktfnews.com\/wp-content\/uploads\/2023\/01\/German-Annalena-Baerbock-1280-774.jpg\" \/>\n\t<meta property=\"og:image:width\" content=\"1280\" \/>\n\t<meta property=\"og:image:height\" content=\"774\" \/>\n<meta name=\"twitter:card\" content=\"summary_large_image\" \/>\n<meta name=\"twitter:creator\" content=\"@ktfministry\" \/>\n<meta name=\"twitter:site\" content=\"@ktfministry\" \/>\n<meta name=\"twitter:label1\" content=\"Escrito por\" \/>\n\t<meta name=\"twitter:data1\" content=\"Pastor Hal Mayer\" \/>\n\t<meta name=\"twitter:label2\" content=\"Tiempo de lectura\" \/>\n\t<meta name=\"twitter:data2\" content=\"12 minutos\" \/>\n<script type=\"application\/ld+json\" class=\"yoast-schema-graph\">{\"@context\":\"https:\/\/schema.org\",\"@graph\":[{\"@type\":\"WebSite\",\"@id\":\"https:\/\/ktfnews.com\/#website\",\"url\":\"https:\/\/ktfnews.com\/\",\"name\":\"KEEP the FAITH\",\"description\":\"Preparing you for the final conflict between good and evil.\",\"potentialAction\":[{\"@type\":\"SearchAction\",\"target\":{\"@type\":\"EntryPoint\",\"urlTemplate\":\"https:\/\/ktfnews.com\/?s={search_term_string}\"},\"query-input\":\"required name=search_term_string\"}],\"inLanguage\":\"es\"},{\"@type\":\"ImageObject\",\"@id\":\"https:\/\/ktfnews.com\/minister-germany-wont-block-poland-giving-ukraine-tanks\/#primaryimage\",\"inLanguage\":\"es\",\"url\":\"https:\/\/ktfnews.com\/wp-content\/uploads\/2023\/01\/German-Annalena-Baerbock-1280-774.jpg\",\"contentUrl\":\"https:\/\/ktfnews.com\/wp-content\/uploads\/2023\/01\/German-Annalena-Baerbock-1280-774.jpg\",\"width\":1280,\"height\":774},{\"@type\":\"WebPage\",\"@id\":\"https:\/\/ktfnews.com\/minister-germany-wont-block-poland-giving-ukraine-tanks\/#webpage\",\"url\":\"https:\/\/ktfnews.com\/minister-germany-wont-block-poland-giving-ukraine-tanks\/\",\"name\":\"[:en]Minister: Germany won\\u2019t block Poland giving Ukraine tanks[:es]Ministro: Alemania no impedir\\u00e1 que Polonia entregue tanques a Ucrania[:] - KEEP the FAITH\",\"isPartOf\":{\"@id\":\"https:\/\/ktfnews.com\/#website\"},\"primaryImageOfPage\":{\"@id\":\"https:\/\/ktfnews.com\/minister-germany-wont-block-poland-giving-ukraine-tanks\/#primaryimage\"},\"datePublished\":\"2023-01-24T12:30:00+00:00\",\"dateModified\":\"2023-01-25T03:28:37+00:00\",\"author\":{\"@id\":\"https:\/\/ktfnews.com\/#\/schema\/person\/ba4174513d9169cf8e229b7d8d60410d\"},\"breadcrumb\":{\"@id\":\"https:\/\/ktfnews.com\/minister-germany-wont-block-poland-giving-ukraine-tanks\/#breadcrumb\"},\"inLanguage\":\"es\",\"potentialAction\":[{\"@type\":\"ReadAction\",\"target\":[\"https:\/\/ktfnews.com\/minister-germany-wont-block-poland-giving-ukraine-tanks\/\"]}]},{\"@type\":\"BreadcrumbList\",\"@id\":\"https:\/\/ktfnews.com\/minister-germany-wont-block-poland-giving-ukraine-tanks\/#breadcrumb\",\"itemListElement\":[{\"@type\":\"ListItem\",\"position\":1,\"name\":\"Home\",\"item\":\"https:\/\/ktfnews.com\/\"},{\"@type\":\"ListItem\",\"position\":2,\"name\":\"Briefings\",\"item\":\"https:\/\/ktfnews.com\/category\/briefings\/\"},{\"@type\":\"ListItem\",\"position\":3,\"name\":\"Prophetic Intelligence Briefings\",\"item\":\"https:\/\/ktfnews.com\/category\/briefings\/news\/\"},{\"@type\":\"ListItem\",\"position\":4,\"name\":\"Minister: Germany won\\u2019t block Poland giving Ukraine tanks\"}]},{\"@type\":\"Person\",\"@id\":\"https:\/\/ktfnews.com\/#\/schema\/person\/ba4174513d9169cf8e229b7d8d60410d\",\"name\":\"Pastor Hal Mayer\",\"image\":{\"@type\":\"ImageObject\",\"@id\":\"https:\/\/ktfnews.com\/#personlogo\",\"inLanguage\":\"es\",\"url\":\"https:\/\/secure.gravatar.com\/avatar\/051bac95ae650254c5a03467b9456599?s=96&d=mm&r=g\",\"contentUrl\":\"https:\/\/secure.gravatar.com\/avatar\/051bac95ae650254c5a03467b9456599?s=96&d=mm&r=g\",\"caption\":\"Pastor Hal Mayer\"},\"description\":\"Pastor Hal Mayer is speaker and director of Keep the Faith Ministry. For the last 20 years Pastor Mayer\\u2019s monthly prophetic analysis on CD and online has revealed the striking evidence of fulfilling prophecy to many thousands of subscribers all over the world. Pastor Mayer\\u2019s background in history and Bible prophecy give him unique insights and perspectives that have blessed many and helped them make a deeper commitment to the Lord. Keep the Faith Ministry helps those who want to keep abreast of fulfilling prophecy and who want to understand and navigate the unique and difficult circumstances of the end-times. Keep the Faith Ministry helps to prepare you for the second coming of Christ. Pastor Mayer is married to Betsy for more than 40 years. They have no children of their own. \\u201cThe times in which we live are thrilling, because the things prophesied in God\\u2019s word are actually coming to pass in this generation,\\u201d says Pastor Mayer. \\u201cIn a time when the distinctive end-time truths of God\\u2019s word are being censored, and life in this world is becoming more and more chaotic, Keep the Faith is a voice of strength and encouragement.\\u201d\",\"url\":\"https:\/\/ktfnews.com\/es\/author\/hal\/\"}]}<\/script>\n<!-- \/ Yoast SEO plugin. -->","yoast_head_json":{"robots":{"index":"index","follow":"follow","max-snippet":"max-snippet:-1","max-image-preview":"max-image-preview:large","max-video-preview":"max-video-preview:-1"},"canonical":"https:\/\/ktfnews.com\/minister-germany-wont-block-poland-giving-ukraine-tanks\/","og_locale":"es_ES","og_type":"article","og_title":"[:en]Minister: Germany won\u2019t block Poland giving Ukraine tanks[:es]Ministro: Alemania no impedir\u00e1 que Polonia entregue tanques a Ucrania[:] - KEEP the FAITH","og_description":"AP News, por Andrew Meldrum: El gobierno alem\u00e1n no se opondr\u00e1 si Polonia decide enviar carros de combate Leopard 2 a Ucrania, dijo el domingo la principal diplom\u00e1tica alemana, indicando un movimiento en el suministro de armas que Kiev ha...","og_url":"https:\/\/ktfnews.com\/minister-germany-wont-block-poland-giving-ukraine-tanks\/","og_site_name":"KEEP the FAITH","article_publisher":"https:\/\/www.facebook.com\/ktfministry","article_published_time":"2023-01-24T12:30:00+00:00","article_modified_time":"2023-01-25T03:28:37+00:00","og_image":[{"width":1280,"height":774,"url":"https:\/\/ktfnews.com\/wp-content\/uploads\/2023\/01\/German-Annalena-Baerbock-1280-774.jpg","type":"image\/jpeg"}],"twitter_card":"summary_large_image","twitter_creator":"@ktfministry","twitter_site":"@ktfministry","twitter_misc":{"Escrito por":"Pastor Hal Mayer","Tiempo de lectura":"12 minutos"},"schema":{"@context":"https:\/\/schema.org","@graph":[{"@type":"WebSite","@id":"https:\/\/ktfnews.com\/#website","url":"https:\/\/ktfnews.com\/","name":"KEEP the FAITH","description":"Preparing you for the final conflict between good and evil.","potentialAction":[{"@type":"SearchAction","target":{"@type":"EntryPoint","urlTemplate":"https:\/\/ktfnews.com\/?s={search_term_string}"},"query-input":"required name=search_term_string"}],"inLanguage":"es"},{"@type":"ImageObject","@id":"https:\/\/ktfnews.com\/minister-germany-wont-block-poland-giving-ukraine-tanks\/#primaryimage","inLanguage":"es","url":"https:\/\/ktfnews.com\/wp-content\/uploads\/2023\/01\/German-Annalena-Baerbock-1280-774.jpg","contentUrl":"https:\/\/ktfnews.com\/wp-content\/uploads\/2023\/01\/German-Annalena-Baerbock-1280-774.jpg","width":1280,"height":774},{"@type":"WebPage","@id":"https:\/\/ktfnews.com\/minister-germany-wont-block-poland-giving-ukraine-tanks\/#webpage","url":"https:\/\/ktfnews.com\/minister-germany-wont-block-poland-giving-ukraine-tanks\/","name":"[:en]Minister: Germany won\u2019t block Poland giving Ukraine tanks[:es]Ministro: Alemania no impedir\u00e1 que Polonia entregue tanques a Ucrania[:] - KEEP the FAITH","isPartOf":{"@id":"https:\/\/ktfnews.com\/#website"},"primaryImageOfPage":{"@id":"https:\/\/ktfnews.com\/minister-germany-wont-block-poland-giving-ukraine-tanks\/#primaryimage"},"datePublished":"2023-01-24T12:30:00+00:00","dateModified":"2023-01-25T03:28:37+00:00","author":{"@id":"https:\/\/ktfnews.com\/#\/schema\/person\/ba4174513d9169cf8e229b7d8d60410d"},"breadcrumb":{"@id":"https:\/\/ktfnews.com\/minister-germany-wont-block-poland-giving-ukraine-tanks\/#breadcrumb"},"inLanguage":"es","potentialAction":[{"@type":"ReadAction","target":["https:\/\/ktfnews.com\/minister-germany-wont-block-poland-giving-ukraine-tanks\/"]}]},{"@type":"BreadcrumbList","@id":"https:\/\/ktfnews.com\/minister-germany-wont-block-poland-giving-ukraine-tanks\/#breadcrumb","itemListElement":[{"@type":"ListItem","position":1,"name":"Home","item":"https:\/\/ktfnews.com\/"},{"@type":"ListItem","position":2,"name":"Briefings","item":"https:\/\/ktfnews.com\/category\/briefings\/"},{"@type":"ListItem","position":3,"name":"Prophetic Intelligence Briefings","item":"https:\/\/ktfnews.com\/category\/briefings\/news\/"},{"@type":"ListItem","position":4,"name":"Minister: Germany won\u2019t block Poland giving Ukraine tanks"}]},{"@type":"Person","@id":"https:\/\/ktfnews.com\/#\/schema\/person\/ba4174513d9169cf8e229b7d8d60410d","name":"Pastor Hal Mayer","image":{"@type":"ImageObject","@id":"https:\/\/ktfnews.com\/#personlogo","inLanguage":"es","url":"https:\/\/secure.gravatar.com\/avatar\/051bac95ae650254c5a03467b9456599?s=96&d=mm&r=g","contentUrl":"https:\/\/secure.gravatar.com\/avatar\/051bac95ae650254c5a03467b9456599?s=96&d=mm&r=g","caption":"Pastor Hal Mayer"},"description":"Pastor Hal Mayer is speaker and director of Keep the Faith Ministry. For the last 20 years Pastor Mayer\u2019s monthly prophetic analysis on CD and online has revealed the striking evidence of fulfilling prophecy to many thousands of subscribers all over the world. Pastor Mayer\u2019s background in history and Bible prophecy give him unique insights and perspectives that have blessed many and helped them make a deeper commitment to the Lord. Keep the Faith Ministry helps those who want to keep abreast of fulfilling prophecy and who want to understand and navigate the unique and difficult circumstances of the end-times. Keep the Faith Ministry helps to prepare you for the second coming of Christ. Pastor Mayer is married to Betsy for more than 40 years. They have no children of their own. \u201cThe times in which we live are thrilling, because the things prophesied in God\u2019s word are actually coming to pass in this generation,\u201d says Pastor Mayer. \u201cIn a time when the distinctive end-time truths of God\u2019s word are being censored, and life in this world is becoming more and more chaotic, Keep the Faith is a voice of strength and encouragement.\u201d","url":"https:\/\/ktfnews.com\/es\/author\/hal\/"}]}},"_links":{"self":[{"href":"https:\/\/ktfnews.com\/es\/wp-json\/wp\/v2\/posts\/26817"}],"collection":[{"href":"https:\/\/ktfnews.com\/es\/wp-json\/wp\/v2\/posts"}],"about":[{"href":"https:\/\/ktfnews.com\/es\/wp-json\/wp\/v2\/types\/post"}],"author":[{"embeddable":true,"href":"https:\/\/ktfnews.com\/es\/wp-json\/wp\/v2\/users\/6"}],"replies":[{"embeddable":true,"href":"https:\/\/ktfnews.com\/es\/wp-json\/wp\/v2\/comments?post=26817"}],"version-history":[{"count":2,"href":"https:\/\/ktfnews.com\/es\/wp-json\/wp\/v2\/posts\/26817\/revisions"}],"predecessor-version":[{"id":26834,"href":"https:\/\/ktfnews.com\/es\/wp-json\/wp\/v2\/posts\/26817\/revisions\/26834"}],"wp:featuredmedia":[{"embeddable":true,"href":"https:\/\/ktfnews.com\/es\/wp-json\/wp\/v2\/media\/26818"}],"wp:attachment":[{"href":"https:\/\/ktfnews.com\/es\/wp-json\/wp\/v2\/media?parent=26817"}],"wp:term":[{"taxonomy":"category","embeddable":true,"href":"https:\/\/ktfnews.com\/es\/wp-json\/wp\/v2\/categories?post=26817"},{"taxonomy":"post_tag","embeddable":true,"href":"https:\/\/ktfnews.com\/es\/wp-json\/wp\/v2\/tags?post=26817"}],"curies":[{"name":"wp","href":"https:\/\/api.w.org\/{rel}","templated":true}]}}