{"id":25806,"date":"2022-09-14T07:30:00","date_gmt":"2022-09-14T11:30:00","guid":{"rendered":"https:\/\/ktfnews.com\/?p=25806"},"modified":"2022-09-14T22:55:19","modified_gmt":"2022-09-15T02:55:19","slug":"great-reset-french-govt-to-recruit-3000-green-police-over-climate-change","status":"publish","type":"post","link":"https:\/\/ktfnews.com\/es\/great-reset-french-govt-to-recruit-3000-green-police-over-climate-change\/","title":{"rendered":"Gran reinicio: El Gobierno franc\u00e9s contratar\u00e1 a 3.000 \u00abpolic\u00edas verdes\u00bb por el cambio clim\u00e1tico"},"content":{"rendered":"<p><i>Breitbart<\/i>, por Peter Caddle: G\u00e9rald Darmanin, ministro del Interior de Francia, ha anunciado que pretende crear 3.000 puestos para nuevos funcionarios de la \u00abpolic\u00eda verde\u00bb, una medida que ha considerado necesaria para hacer frente al cambio clim\u00e1tico.<\/p>\n<p>La noticia de la posible creaci\u00f3n de estos nuevos puestos en Francia se produce despu\u00e9s de que los jefes de la Uni\u00f3n Europea pidieran la creaci\u00f3n de una \u00abFuerza de Protecci\u00f3n Civil\u00bb a nivel de todo el bloque para luchar contra los efectos del cambio clim\u00e1tico bajo el control de Bruselas, una medida que algunos critican como un intento de los eur\u00f3cratas de acaparar a\u00fan m\u00e1s poder.<\/p>\n<p>En una entrevista concedida a Le Journal du Dimanche, Darmanin justific\u00f3 la creaci\u00f3n de 3.000 nuevos puestos destinados espec\u00edficamente a cuestiones penales relacionadas con la ecolog\u00eda citando los efectos del cambio clim\u00e1tico en Francia, especialmente en lo que respecta a los incendios forestales, nueve de cada diez de los cuales han sido supuestamente causados por la actividad humana.<\/p>\n<p>\u00abFrente a esto, debemos mejorar el trabajo de investigaci\u00f3n judicial\u00bb, afirma el diario.<\/p>\n<p>\u00abPor ello, hemos decidido reforzar masivamente los medios de la Oficina Central de Lucha contra los Da\u00f1os al Medio Ambiente y poner en marcha 3.000 puestos de &#8216;polic\u00eda verde'\u00bb, continu\u00f3. \u00abEl objetivo es que, en cada brigada de la gendarmer\u00eda, haya gendarmes formados en ataques a la ecolog\u00eda\u00bb.<\/p>\n<p>\u00abSer\u00e1 una revoluci\u00f3n\u00bb, a\u00f1adi\u00f3 Darmanin.<\/p>\n<p>El plan del ministro franc\u00e9s de incorporar 3.000 nuevos \u00abpolic\u00edas verdes\u00bb llega en un momento en que los funcionarios europeos estudian la posibilidad de ampliar sus propios recursos, aparentemente para luchar contra los efectos del cambio clim\u00e1tico.<\/p>\n<p>En concreto, un eur\u00f3crata pidi\u00f3 la semana pasada que Bruselas reciba m\u00e1s poderes para crear una \u00abFuerza de Protecci\u00f3n Civil\u00bb directamente bajo su control que pueda \u00abproteger\u00bb a los Estados miembros de las cat\u00e1strofes supuestamente causadas por el cambio clim\u00e1tico.<\/p>\n<p>El jefe de gesti\u00f3n de crisis, Janez Lenarcic, declar\u00f3 en relaci\u00f3n con la propuesta que \u00abcada vez tenemos m\u00e1s la sensaci\u00f3n de que se necesita m\u00e1s Europa en materia de protecci\u00f3n civil\u00bb, y el tecn\u00f3crata parece argumentar que Bruselas podr\u00eda proporcionar esta \u00abprotecci\u00f3n\u00bb si se le diera m\u00e1s poder soberano sobre sus Estados miembros.<\/p>\n<p>Sin embargo, tal sugerencia ha sido denunciada por los cr\u00edticos, con un eurodiputado diciendo que los \u00abbur\u00f3cratas no elegidos\u00bb de la organizaci\u00f3n \u00abest\u00e1n utilizando cualquier excusa para acaparar m\u00e1s poder\u00bb.<\/p>\n<p>\u00abEstos bur\u00f3cratas europeos no son la soluci\u00f3n, sino la causa de muchos de los problemas a los que se enfrenta la UE, y la crisis energ\u00e9tica, profundamente da\u00f1ina, es s\u00f3lo una prueba de ello\u00bb, dijo Cristian Terhes, eurodiputado por Ruman\u00eda.<\/p>\n<p>\u00abEntregar a\u00fan m\u00e1s poder a estos bur\u00f3cratas irresponsables y que no rinden cuentas ser\u00eda sencillamente irresponsable\u00bb, continu\u00f3.<\/p>\n<p>\u00abLo que Europa necesita es un renacimiento de la democracia nacional y soberana, con creatividad y poder para la gente local en lugar de un control burocr\u00e1tico de talla \u00fanica desde el centro de Bruselas\u00bb.<\/p>\n<p>Nuestro comentario:<br \/>\n\u00bfSe convertir\u00e1 en el procedimiento habitual para imponer el culto dominical en Europa y Am\u00e9rica, as\u00ed como en otras partes del mundo, el encargo a una fuerza policial especial de perseguir a los observadores del s\u00e1bado?<\/p>\n<p>Conexi\u00f3n Prof\u00e9tica:<br \/>\nSatan\u00e1s se pondr\u00e1 alerta al ver que la controversia se extiende a nuevos campos y que la atenci\u00f3n del pueblo es dirigida a la pisoteada ley de Dios. El poder que acompa\u00f1a a la proclamaci\u00f3n del mensaje s\u00f3lo desesperar\u00e1 a los que se le oponen. El clero har\u00e1 esfuerzos casi sobrehumanos para sofocar la luz por temor de que alumbre a sus reba\u00f1os. Por todos los medios a su alcance los ministros tratar\u00e1n de evitar toda discusi\u00f3n sobre esas cuestiones vitales. La iglesia apelar\u00e1 al brazo poderoso de la autoridad civil y en esta obra los papistas y los protestantes ir\u00e1n unidos. Al paso que el movimiento en favor de la imposici\u00f3n del domingo se vuelva m\u00e1s audaz y decidido, la ley ser\u00e1 invocada contra los que observan los mandamientos. Se los amenazar\u00e1 con multas y encarcelamientos; a algunos se les ofrecer\u00e1n puestos de influencia y otras ventajas para inducirlos a que renuncien a su fe. Pero su respuesta constante ser\u00e1 la misma que la de Lutero en semejante trance: \u00abPru\u00e9besenos nuestro error por la Palabra de Dios.\u00bb Los que ser\u00e1n emplazados ante los tribunales defender\u00e1n en\u00e9rgicamente la verdad, y algunos de los que los oigan ser\u00e1n inducidos a guardar todos los mandamientos de Dios. As\u00ed la luz llegar\u00e1 ante millares de personas que de otro modo no sabr\u00edan nada de estas verdades.\u201d <i>El Conflicto de los Siglos<\/i>, p\u00e1g. 665.<\/p>\n<h3>Source References<\/h3>\n<ul>\n<li>\n<h5><a href=\"https:\/\/www.breitbart.com\/europe\/2022\/08\/21\/great-reset-french-govt-to-recruit-3000-green-police-over-climate-change\/\" target=\"_blank\" rel=\"noopener\">Great Reset: French Govt to Recruit 3,000 \u2018Green Police\u2019 over Climate Change<\/a><\/h5>\n<\/li>\n<\/ul>\n<hr>\n<p><\/p>\n<!-- AddThis Advanced Settings generic via filter on the_content -->","protected":false},"excerpt":{"rendered":"<p>Breitbart, por Peter Caddle: G\u00e9rald Darmanin, ministro del Interior de Francia, ha anunciado que pretende crear 3.000 puestos para nuevos funcionarios de la \u00abpolic\u00eda verde\u00bb, una medida que ha considerado necesaria para hacer frente al cambio clim\u00e1tico. La noticia de&#8230;<!-- AddThis Advanced Settings generic via filter on wp_trim_excerpt --><\/p>\n","protected":false},"author":6,"featured_media":25807,"comment_status":"open","ping_status":"open","sticky":false,"template":"","format":"standard","meta":{"episode_type":"","audio_file":"","duration":"","filesize":"","date_recorded":"","explicit":"","block":"","filesize_raw":"","_FSMCFIC_featured_image_caption":"Image: Scott Rodgerson from unsplash.com","_FSMCFIC_featured_image_nocaption":"","_FSMCFIC_featured_image_hide":"","_links_to":"","_links_to_target":""},"categories":[722,32],"tags":[954,2770],"featured_image_urls":{"medium":"https:\/\/ktfnews.com\/wp-content\/uploads\/2022\/09\/police-lights-siren-1280-774-300x181.jpg","large":"https:\/\/ktfnews.com\/wp-content\/uploads\/2022\/09\/police-lights-siren-1280-774-1024x619.jpg","thumbnail":"https:\/\/ktfnews.com\/wp-content\/uploads\/2022\/09\/police-lights-siren-1280-774-150x150.jpg","medium_large":"https:\/\/ktfnews.com\/wp-content\/uploads\/2022\/09\/police-lights-siren-1280-774-768x464.jpg","team-small":"https:\/\/ktfnews.com\/wp-content\/uploads\/2022\/09\/police-lights-siren-1280-774-138x162.jpg","team-overview":"https:\/\/ktfnews.com\/wp-content\/uploads\/2022\/09\/police-lights-siren-1280-774-200x279.jpg","team-big":"https:\/\/ktfnews.com\/wp-content\/uploads\/2022\/09\/police-lights-siren-1280-774-540x270.jpg","two-columns":"https:\/\/ktfnews.com\/wp-content\/uploads\/2022\/09\/police-lights-siren-1280-774-379x242.jpg","one-column":"https:\/\/ktfnews.com\/wp-content\/uploads\/2022\/09\/police-lights-siren-1280-774-379x242.jpg","mini-square":"https:\/\/ktfnews.com\/wp-content\/uploads\/2022\/09\/police-lights-siren-1280-774-70x70.jpg","portfolio-widget-mainpage":"https:\/\/ktfnews.com\/wp-content\/uploads\/2022\/09\/police-lights-siren-1280-774-335x195.jpg","portfolio-single-ajax":"https:\/\/ktfnews.com\/wp-content\/uploads\/2022\/09\/police-lights-siren-1280-774-670x280.jpg","portfolio-single-big":"https:\/\/ktfnews.com\/wp-content\/uploads\/2022\/09\/police-lights-siren-1280-774-685x480.jpg","portfolio-single-small":"https:\/\/ktfnews.com\/wp-content\/uploads\/2022\/09\/police-lights-siren-1280-774-685x280.jpg","portfolio-single-full-big":"https:\/\/ktfnews.com\/wp-content\/uploads\/2022\/09\/police-lights-siren-1280-774-960x590.jpg","portfolio-single-full-small":"https:\/\/ktfnews.com\/wp-content\/uploads\/2022\/09\/police-lights-siren-1280-774-960x250.jpg","gallery-post":"https:\/\/ktfnews.com\/wp-content\/uploads\/2022\/09\/police-lights-siren-1280-774-182x126.jpg","gallery-post-smaller":"https:\/\/ktfnews.com\/wp-content\/uploads\/2022\/09\/police-lights-siren-1280-774-158x100.jpg","gallery-standard":"https:\/\/ktfnews.com\/wp-content\/uploads\/2022\/09\/police-lights-siren-1280-774-257x169.jpg","tooltip-preview":"https:\/\/ktfnews.com\/wp-content\/uploads\/2022\/09\/police-lights-siren-1280-774-227x133.jpg","widget-content-slider":"https:\/\/ktfnews.com\/wp-content\/uploads\/2022\/09\/police-lights-siren-1280-774-230x137.jpg","post-top-articles":"https:\/\/ktfnews.com\/wp-content\/uploads\/2022\/09\/police-lights-siren-1280-774-130x100.jpg","post-single-wide":"https:\/\/ktfnews.com\/wp-content\/uploads\/2022\/09\/police-lights-siren-1280-774-595x360.jpg","post-single-wide-nocrop":"https:\/\/ktfnews.com\/wp-content\/uploads\/2022\/09\/police-lights-siren-1280-774-595x360.jpg","post-single-wide-mobile":"https:\/\/ktfnews.com\/wp-content\/uploads\/2022\/09\/police-lights-siren-1280-774-320x190.jpg","post-single-wide-small":"https:\/\/ktfnews.com\/wp-content\/uploads\/2022\/09\/police-lights-siren-1280-774-595x190.jpg","post-single-square":"https:\/\/ktfnews.com\/wp-content\/uploads\/2022\/09\/police-lights-siren-1280-774-120x120.jpg","post-single-full-small":"https:\/\/ktfnews.com\/wp-content\/uploads\/2022\/09\/police-lights-siren-1280-774-950x360.jpg","post-single-full-big":"https:\/\/ktfnews.com\/wp-content\/uploads\/2022\/09\/police-lights-siren-1280-774-950x590.jpg","photo-blog":"https:\/\/ktfnews.com\/wp-content\/uploads\/2022\/09\/police-lights-siren-1280-774-768x464.jpg"},"appp_media":null,"yoast_head":"<!-- This site is optimized with the Yoast SEO plugin v17.3 - https:\/\/yoast.com\/wordpress\/plugins\/seo\/ -->\n<meta name=\"robots\" content=\"index, follow, max-snippet:-1, max-image-preview:large, max-video-preview:-1\" \/>\n<link rel=\"canonical\" href=\"https:\/\/ktfnews.com\/great-reset-french-govt-to-recruit-3000-green-police-over-climate-change\/\" \/>\n<meta property=\"og:locale\" content=\"es_ES\" \/>\n<meta property=\"og:type\" content=\"article\" \/>\n<meta property=\"og:title\" content=\"[:en]Great Reset: French Govt to Recruit 3,000 \u2018Green Police\u2019 over Climate Change[:es]Gran reinicio: El Gobierno franc\u00e9s contratar\u00e1 a 3.000 &quot;polic\u00edas verdes&quot; por el cambio clim\u00e1tico[:] - KEEP the FAITH\" \/>\n<meta property=\"og:description\" content=\"Breitbart, por Peter Caddle: G\u00e9rald Darmanin, ministro del Interior de Francia, ha anunciado que pretende crear 3.000 puestos para nuevos funcionarios de la \u00abpolic\u00eda verde\u00bb, una medida que ha considerado necesaria para hacer frente al cambio clim\u00e1tico. La noticia de...\" \/>\n<meta property=\"og:url\" content=\"https:\/\/ktfnews.com\/great-reset-french-govt-to-recruit-3000-green-police-over-climate-change\/\" \/>\n<meta property=\"og:site_name\" content=\"KEEP the FAITH\" \/>\n<meta property=\"article:publisher\" content=\"https:\/\/www.facebook.com\/ktfministry\" \/>\n<meta property=\"article:published_time\" content=\"2022-09-14T11:30:00+00:00\" \/>\n<meta property=\"article:modified_time\" content=\"2022-09-15T02:55:19+00:00\" \/>\n<meta property=\"og:image\" content=\"https:\/\/ktfnews.com\/wp-content\/uploads\/2022\/09\/police-lights-siren-1280-774.jpg\" \/>\n\t<meta property=\"og:image:width\" content=\"1280\" \/>\n\t<meta property=\"og:image:height\" content=\"774\" \/>\n<meta name=\"twitter:card\" content=\"summary_large_image\" \/>\n<meta name=\"twitter:creator\" content=\"@ktfministry\" \/>\n<meta name=\"twitter:site\" content=\"@ktfministry\" \/>\n<meta name=\"twitter:label1\" content=\"Escrito por\" \/>\n\t<meta name=\"twitter:data1\" content=\"Pastor Hal Mayer\" \/>\n\t<meta name=\"twitter:label2\" content=\"Tiempo de lectura\" \/>\n\t<meta name=\"twitter:data2\" content=\"7 minutos\" \/>\n<script type=\"application\/ld+json\" class=\"yoast-schema-graph\">{\"@context\":\"https:\/\/schema.org\",\"@graph\":[{\"@type\":\"WebSite\",\"@id\":\"https:\/\/ktfnews.com\/#website\",\"url\":\"https:\/\/ktfnews.com\/\",\"name\":\"KEEP the FAITH\",\"description\":\"Preparing you for the final conflict between good and evil.\",\"potentialAction\":[{\"@type\":\"SearchAction\",\"target\":{\"@type\":\"EntryPoint\",\"urlTemplate\":\"https:\/\/ktfnews.com\/?s={search_term_string}\"},\"query-input\":\"required name=search_term_string\"}],\"inLanguage\":\"es\"},{\"@type\":\"ImageObject\",\"@id\":\"https:\/\/ktfnews.com\/great-reset-french-govt-to-recruit-3000-green-police-over-climate-change\/#primaryimage\",\"inLanguage\":\"es\",\"url\":\"https:\/\/ktfnews.com\/wp-content\/uploads\/2022\/09\/police-lights-siren-1280-774.jpg\",\"contentUrl\":\"https:\/\/ktfnews.com\/wp-content\/uploads\/2022\/09\/police-lights-siren-1280-774.jpg\",\"width\":1280,\"height\":774},{\"@type\":\"WebPage\",\"@id\":\"https:\/\/ktfnews.com\/great-reset-french-govt-to-recruit-3000-green-police-over-climate-change\/#webpage\",\"url\":\"https:\/\/ktfnews.com\/great-reset-french-govt-to-recruit-3000-green-police-over-climate-change\/\",\"name\":\"[:en]Great Reset: French Govt to Recruit 3,000 \\u2018Green Police\\u2019 over Climate Change[:es]Gran reinicio: El Gobierno franc\\u00e9s contratar\\u00e1 a 3.000 \\\"polic\\u00edas verdes\\\" por el cambio clim\\u00e1tico[:] - KEEP the FAITH\",\"isPartOf\":{\"@id\":\"https:\/\/ktfnews.com\/#website\"},\"primaryImageOfPage\":{\"@id\":\"https:\/\/ktfnews.com\/great-reset-french-govt-to-recruit-3000-green-police-over-climate-change\/#primaryimage\"},\"datePublished\":\"2022-09-14T11:30:00+00:00\",\"dateModified\":\"2022-09-15T02:55:19+00:00\",\"author\":{\"@id\":\"https:\/\/ktfnews.com\/#\/schema\/person\/ba4174513d9169cf8e229b7d8d60410d\"},\"breadcrumb\":{\"@id\":\"https:\/\/ktfnews.com\/great-reset-french-govt-to-recruit-3000-green-police-over-climate-change\/#breadcrumb\"},\"inLanguage\":\"es\",\"potentialAction\":[{\"@type\":\"ReadAction\",\"target\":[\"https:\/\/ktfnews.com\/great-reset-french-govt-to-recruit-3000-green-police-over-climate-change\/\"]}]},{\"@type\":\"BreadcrumbList\",\"@id\":\"https:\/\/ktfnews.com\/great-reset-french-govt-to-recruit-3000-green-police-over-climate-change\/#breadcrumb\",\"itemListElement\":[{\"@type\":\"ListItem\",\"position\":1,\"name\":\"Home\",\"item\":\"https:\/\/ktfnews.com\/\"},{\"@type\":\"ListItem\",\"position\":2,\"name\":\"Briefings\",\"item\":\"https:\/\/ktfnews.com\/category\/briefings\/\"},{\"@type\":\"ListItem\",\"position\":3,\"name\":\"Prophetic Intelligence Briefings\",\"item\":\"https:\/\/ktfnews.com\/category\/briefings\/news\/\"},{\"@type\":\"ListItem\",\"position\":4,\"name\":\"Great Reset: French Govt to Recruit 3,000 \\u2018Green Police\\u2019 over Climate Change\"}]},{\"@type\":\"Person\",\"@id\":\"https:\/\/ktfnews.com\/#\/schema\/person\/ba4174513d9169cf8e229b7d8d60410d\",\"name\":\"Pastor Hal Mayer\",\"image\":{\"@type\":\"ImageObject\",\"@id\":\"https:\/\/ktfnews.com\/#personlogo\",\"inLanguage\":\"es\",\"url\":\"https:\/\/secure.gravatar.com\/avatar\/051bac95ae650254c5a03467b9456599?s=96&d=mm&r=g\",\"contentUrl\":\"https:\/\/secure.gravatar.com\/avatar\/051bac95ae650254c5a03467b9456599?s=96&d=mm&r=g\",\"caption\":\"Pastor Hal Mayer\"},\"description\":\"Pastor Hal Mayer is speaker and director of Keep the Faith Ministry. For the last 20 years Pastor Mayer\\u2019s monthly prophetic analysis on CD and online has revealed the striking evidence of fulfilling prophecy to many thousands of subscribers all over the world. Pastor Mayer\\u2019s background in history and Bible prophecy give him unique insights and perspectives that have blessed many and helped them make a deeper commitment to the Lord. Keep the Faith Ministry helps those who want to keep abreast of fulfilling prophecy and who want to understand and navigate the unique and difficult circumstances of the end-times. Keep the Faith Ministry helps to prepare you for the second coming of Christ. Pastor Mayer is married to Betsy for more than 40 years. They have no children of their own. \\u201cThe times in which we live are thrilling, because the things prophesied in God\\u2019s word are actually coming to pass in this generation,\\u201d says Pastor Mayer. \\u201cIn a time when the distinctive end-time truths of God\\u2019s word are being censored, and life in this world is becoming more and more chaotic, Keep the Faith is a voice of strength and encouragement.\\u201d\",\"url\":\"https:\/\/ktfnews.com\/es\/author\/hal\/\"}]}<\/script>\n<!-- \/ Yoast SEO plugin. -->","yoast_head_json":{"robots":{"index":"index","follow":"follow","max-snippet":"max-snippet:-1","max-image-preview":"max-image-preview:large","max-video-preview":"max-video-preview:-1"},"canonical":"https:\/\/ktfnews.com\/great-reset-french-govt-to-recruit-3000-green-police-over-climate-change\/","og_locale":"es_ES","og_type":"article","og_title":"[:en]Great Reset: French Govt to Recruit 3,000 \u2018Green Police\u2019 over Climate Change[:es]Gran reinicio: El Gobierno franc\u00e9s contratar\u00e1 a 3.000 \"polic\u00edas verdes\" por el cambio clim\u00e1tico[:] - KEEP the FAITH","og_description":"Breitbart, por Peter Caddle: G\u00e9rald Darmanin, ministro del Interior de Francia, ha anunciado que pretende crear 3.000 puestos para nuevos funcionarios de la \u00abpolic\u00eda verde\u00bb, una medida que ha considerado necesaria para hacer frente al cambio clim\u00e1tico. La noticia de...","og_url":"https:\/\/ktfnews.com\/great-reset-french-govt-to-recruit-3000-green-police-over-climate-change\/","og_site_name":"KEEP the FAITH","article_publisher":"https:\/\/www.facebook.com\/ktfministry","article_published_time":"2022-09-14T11:30:00+00:00","article_modified_time":"2022-09-15T02:55:19+00:00","og_image":[{"width":1280,"height":774,"url":"https:\/\/ktfnews.com\/wp-content\/uploads\/2022\/09\/police-lights-siren-1280-774.jpg","type":"image\/jpeg"}],"twitter_card":"summary_large_image","twitter_creator":"@ktfministry","twitter_site":"@ktfministry","twitter_misc":{"Escrito por":"Pastor Hal Mayer","Tiempo de lectura":"7 minutos"},"schema":{"@context":"https:\/\/schema.org","@graph":[{"@type":"WebSite","@id":"https:\/\/ktfnews.com\/#website","url":"https:\/\/ktfnews.com\/","name":"KEEP the FAITH","description":"Preparing you for the final conflict between good and evil.","potentialAction":[{"@type":"SearchAction","target":{"@type":"EntryPoint","urlTemplate":"https:\/\/ktfnews.com\/?s={search_term_string}"},"query-input":"required name=search_term_string"}],"inLanguage":"es"},{"@type":"ImageObject","@id":"https:\/\/ktfnews.com\/great-reset-french-govt-to-recruit-3000-green-police-over-climate-change\/#primaryimage","inLanguage":"es","url":"https:\/\/ktfnews.com\/wp-content\/uploads\/2022\/09\/police-lights-siren-1280-774.jpg","contentUrl":"https:\/\/ktfnews.com\/wp-content\/uploads\/2022\/09\/police-lights-siren-1280-774.jpg","width":1280,"height":774},{"@type":"WebPage","@id":"https:\/\/ktfnews.com\/great-reset-french-govt-to-recruit-3000-green-police-over-climate-change\/#webpage","url":"https:\/\/ktfnews.com\/great-reset-french-govt-to-recruit-3000-green-police-over-climate-change\/","name":"[:en]Great Reset: French Govt to Recruit 3,000 \u2018Green Police\u2019 over Climate Change[:es]Gran reinicio: El Gobierno franc\u00e9s contratar\u00e1 a 3.000 \"polic\u00edas verdes\" por el cambio clim\u00e1tico[:] - KEEP the FAITH","isPartOf":{"@id":"https:\/\/ktfnews.com\/#website"},"primaryImageOfPage":{"@id":"https:\/\/ktfnews.com\/great-reset-french-govt-to-recruit-3000-green-police-over-climate-change\/#primaryimage"},"datePublished":"2022-09-14T11:30:00+00:00","dateModified":"2022-09-15T02:55:19+00:00","author":{"@id":"https:\/\/ktfnews.com\/#\/schema\/person\/ba4174513d9169cf8e229b7d8d60410d"},"breadcrumb":{"@id":"https:\/\/ktfnews.com\/great-reset-french-govt-to-recruit-3000-green-police-over-climate-change\/#breadcrumb"},"inLanguage":"es","potentialAction":[{"@type":"ReadAction","target":["https:\/\/ktfnews.com\/great-reset-french-govt-to-recruit-3000-green-police-over-climate-change\/"]}]},{"@type":"BreadcrumbList","@id":"https:\/\/ktfnews.com\/great-reset-french-govt-to-recruit-3000-green-police-over-climate-change\/#breadcrumb","itemListElement":[{"@type":"ListItem","position":1,"name":"Home","item":"https:\/\/ktfnews.com\/"},{"@type":"ListItem","position":2,"name":"Briefings","item":"https:\/\/ktfnews.com\/category\/briefings\/"},{"@type":"ListItem","position":3,"name":"Prophetic Intelligence Briefings","item":"https:\/\/ktfnews.com\/category\/briefings\/news\/"},{"@type":"ListItem","position":4,"name":"Great Reset: French Govt to Recruit 3,000 \u2018Green Police\u2019 over Climate Change"}]},{"@type":"Person","@id":"https:\/\/ktfnews.com\/#\/schema\/person\/ba4174513d9169cf8e229b7d8d60410d","name":"Pastor Hal Mayer","image":{"@type":"ImageObject","@id":"https:\/\/ktfnews.com\/#personlogo","inLanguage":"es","url":"https:\/\/secure.gravatar.com\/avatar\/051bac95ae650254c5a03467b9456599?s=96&d=mm&r=g","contentUrl":"https:\/\/secure.gravatar.com\/avatar\/051bac95ae650254c5a03467b9456599?s=96&d=mm&r=g","caption":"Pastor Hal Mayer"},"description":"Pastor Hal Mayer is speaker and director of Keep the Faith Ministry. For the last 20 years Pastor Mayer\u2019s monthly prophetic analysis on CD and online has revealed the striking evidence of fulfilling prophecy to many thousands of subscribers all over the world. Pastor Mayer\u2019s background in history and Bible prophecy give him unique insights and perspectives that have blessed many and helped them make a deeper commitment to the Lord. Keep the Faith Ministry helps those who want to keep abreast of fulfilling prophecy and who want to understand and navigate the unique and difficult circumstances of the end-times. Keep the Faith Ministry helps to prepare you for the second coming of Christ. Pastor Mayer is married to Betsy for more than 40 years. They have no children of their own. \u201cThe times in which we live are thrilling, because the things prophesied in God\u2019s word are actually coming to pass in this generation,\u201d says Pastor Mayer. \u201cIn a time when the distinctive end-time truths of God\u2019s word are being censored, and life in this world is becoming more and more chaotic, Keep the Faith is a voice of strength and encouragement.\u201d","url":"https:\/\/ktfnews.com\/es\/author\/hal\/"}]}},"_links":{"self":[{"href":"https:\/\/ktfnews.com\/es\/wp-json\/wp\/v2\/posts\/25806"}],"collection":[{"href":"https:\/\/ktfnews.com\/es\/wp-json\/wp\/v2\/posts"}],"about":[{"href":"https:\/\/ktfnews.com\/es\/wp-json\/wp\/v2\/types\/post"}],"author":[{"embeddable":true,"href":"https:\/\/ktfnews.com\/es\/wp-json\/wp\/v2\/users\/6"}],"replies":[{"embeddable":true,"href":"https:\/\/ktfnews.com\/es\/wp-json\/wp\/v2\/comments?post=25806"}],"version-history":[{"count":2,"href":"https:\/\/ktfnews.com\/es\/wp-json\/wp\/v2\/posts\/25806\/revisions"}],"predecessor-version":[{"id":25823,"href":"https:\/\/ktfnews.com\/es\/wp-json\/wp\/v2\/posts\/25806\/revisions\/25823"}],"wp:featuredmedia":[{"embeddable":true,"href":"https:\/\/ktfnews.com\/es\/wp-json\/wp\/v2\/media\/25807"}],"wp:attachment":[{"href":"https:\/\/ktfnews.com\/es\/wp-json\/wp\/v2\/media?parent=25806"}],"wp:term":[{"taxonomy":"category","embeddable":true,"href":"https:\/\/ktfnews.com\/es\/wp-json\/wp\/v2\/categories?post=25806"},{"taxonomy":"post_tag","embeddable":true,"href":"https:\/\/ktfnews.com\/es\/wp-json\/wp\/v2\/tags?post=25806"}],"curies":[{"name":"wp","href":"https:\/\/api.w.org\/{rel}","templated":true}]}}