{"id":25796,"date":"2022-09-13T07:30:00","date_gmt":"2022-09-13T11:30:00","guid":{"rendered":"https:\/\/ktfnews.com\/?p=25796"},"modified":"2022-10-10T07:48:10","modified_gmt":"2022-10-10T11:48:10","slug":"remember-the-sabbath-day-northern-irelands-biggest-protestant-church-voices-worries-over-sunday-football-as-linfield-gets-ready-to-clash-with-portadown","status":"publish","type":"post","link":"https:\/\/ktfnews.com\/es\/remember-the-sabbath-day-northern-irelands-biggest-protestant-church-voices-worries-over-sunday-football-as-linfield-gets-ready-to-clash-with-portadown\/","title":{"rendered":"&#8217;Recuerda el d\u00eda de reposo&#8230;&#8217;: La mayor iglesia protestante de Irlanda del Norte expresa su preocupaci\u00f3n por el f\u00fatbol dominical mientras Linfield se prepara para el choque con Portadown"},"content":{"rendered":"<p><i>News Letter<\/i>, por Adam Kula: Se adelanta a una serie de partidos que tendr\u00e1n lugar en d\u00edas de reposo en las pr\u00f3ximas semanas.<\/p>\n<p>La nueva temporada de la liga irlandesa comenz\u00f3 anoche con el choque entre Larne y Glentoran en Inver Park, y la lista de partidos para agosto incluye tres encuentros en domingo.<\/p>\n<p>Aunque en Irlanda del Norte ya se ha jugado al f\u00fatbol en domingo -por ejemplo, la final de la Copa de la Liga entre el Cliftonville y el Coleraine el 13 de marzo (ganada por el primero)-, sigue siendo muy poco frecuente.<\/p>\n<p>Los tres pr\u00f3ximos partidos dominicales son:<\/p>\n<p>&#8211; Linfield v club-logo Portadown, 3pm, 14 de agosto<\/p>\n<p>&#8211; Newry City v Linfield, 2pm, 21 de agosto<\/p>\n<p>&#8211; Carrick Rangers contra Linfield, 2pm, 28 de agosto<\/p>\n<p>El motivo aducido por Linfield es que el club tiene compromisos para jugar en Europa durante todo el mes, lo que provoca problemas de calendario.<\/p>\n<p>Preguntado por su postura sobre la programaci\u00f3n de partidos en domingo, un portavoz de la Iglesia Presbiteriana de Irlanda dijo al News Letter: \u00abLa \u00faltima vez que la Asamblea General de nuestra Iglesia consider\u00f3 directamente estas cuestiones fue en 2008, en aquella ocasi\u00f3n fue en respuesta a la decisi\u00f3n de la Asociaci\u00f3n de F\u00fatbol de Irlanda de permitir los partidos de f\u00fatbol en domingo.<\/p>\n<p>\u00abEn aquella ocasi\u00f3n, la Asamblea General aprob\u00f3 la siguiente resoluci\u00f3n:<\/p>\n<p>\u00abQue a la luz de la decisi\u00f3n de la IFA de permitir el f\u00fatbol de competici\u00f3n los domingos, la Asamblea General exprese su preocupaci\u00f3n por los eventos deportivos profesionales que obstaculizan o disminuyen la asistencia al culto dominical, interfiriendo as\u00ed con la pr\u00e1ctica cristiana como un aspecto establecido de la vida social.<\/p>\n<p>\u00abReconocemos que las actitudes de la sociedad, en relaci\u00f3n con los eventos deportivos y de otro tipo en domingo, han seguido evolucionando y que son m\u00e1s comunes hoy en d\u00eda.<\/p>\n<p>\u00abSin embargo, la posici\u00f3n de nuestra Iglesia no ha cambiado.<\/p>\n<p>\u00abEs importante que, en la medida de lo posible, quienes toman las decisiones sobre los encuentros deportivos tengan en cuenta tanto la opini\u00f3n de aquellos jugadores que no deseen participar, como la de aquellos seguidores que puedan sentirse excluidos por los encuentros dominicales regulares\u00bb.<\/p>\n<p>Ya en 2021, cuando se revel\u00f3 que la final de la Copa de la Liga se celebrar\u00eda en domingo, el jefe de la Liga de F\u00fatbol de los Estados Unidos, Gerard Lawlor, dijo: \u00abSoy consciente de que esto es un problema de salud p\u00fablica: \u00abSoy consciente de que es la primera vez que una gran final dom\u00e9stica se jugar\u00e1 en domingo en Irlanda del Norte, pero tenemos que evolucionar continuamente y fijarnos en lo que ha funcionado en otros grandes eventos deportivos.\u00bb<\/p>\n<p>Conexi\u00f3n Prof\u00e9tica:<br \/>\n\u201cSan Pablo dice claramente que el hombre de pecado subsistir\u00e1 hasta el segundo advenimiento. (2 Tesalonicenses 2:8.) Proseguir\u00e1 su obra de enga\u00f1o hasta el mismo fin del tiempo, y el revelador declara refiri\u00e9ndose tambi\u00e9n al papado: \u00abTodos los que moran en la tierra le adoraron, cuyos nombres no est\u00e1n escritos en el libro de la vida.\u00bb (Apocalipsis 13: 8.) Tanto en el Viejo como en el Nuevo Mundo se le tributar\u00e1 homenaje al papado por medio del honor que se conferir\u00e1 a la instituci\u00f3n del domingo, la cual descansa \u00fanicamente sobre la autoridad de la iglesia romana.\u201d <i>El Conflicto de los Siglos<\/i>, p\u00e1g. 636.<\/p>\n<hr>\n<h3>Source References<\/h3>\n<ul>\n<li>\n<h5><a href=\"https:\/\/www.newsletter.co.uk\/sport\/football\/northern-ireland\/remember-the-sabbath-day-northern-irelands-biggest-protestant-church-voices-worries-over-sunday-football-as-linfield-gets-ready-to-clash-with-portadown-3803839\" target=\"_blank\" rel=\"noopener\">\u2018Remember the sabbath day&#8230;\u2019: Northern Ireland\u2019s biggest Protestant church voices worries over Sunday football as Linfield gets ready to clash with Portadown<\/a><\/h5>\n<\/li>\n<\/ul>\n<p><\/p>\n<!-- AddThis Advanced Settings generic via filter on the_content -->","protected":false},"excerpt":{"rendered":"<p>News Letter, por Adam Kula: Se adelanta a una serie de partidos que tendr\u00e1n lugar en d\u00edas de reposo en las pr\u00f3ximas semanas. La nueva temporada de la liga irlandesa comenz\u00f3 anoche con el choque entre Larne y Glentoran en&#8230;<!-- AddThis Advanced Settings generic via filter on wp_trim_excerpt --><\/p>\n","protected":false},"author":6,"featured_media":26025,"comment_status":"open","ping_status":"open","sticky":false,"template":"","format":"standard","meta":{"episode_type":"","audio_file":"","duration":"","filesize":"","date_recorded":"","explicit":"","block":"","filesize_raw":"","_FSMCFIC_featured_image_caption":"Image: Waldemar Brandt from unsplash.com","_FSMCFIC_featured_image_nocaption":"","_FSMCFIC_featured_image_hide":"","_links_to":"","_links_to_target":""},"categories":[722,32],"tags":[1588,1108,936],"featured_image_urls":{"medium":"https:\/\/ktfnews.com\/wp-content\/uploads\/2022\/10\/waldemar-brandt-paGSMqUtbsc-unsplash-1280-774-300x181.jpg","large":"https:\/\/ktfnews.com\/wp-content\/uploads\/2022\/10\/waldemar-brandt-paGSMqUtbsc-unsplash-1280-774-1024x619.jpg","thumbnail":"https:\/\/ktfnews.com\/wp-content\/uploads\/2022\/10\/waldemar-brandt-paGSMqUtbsc-unsplash-1280-774-150x150.jpg","medium_large":"https:\/\/ktfnews.com\/wp-content\/uploads\/2022\/10\/waldemar-brandt-paGSMqUtbsc-unsplash-1280-774-768x464.jpg","team-small":"https:\/\/ktfnews.com\/wp-content\/uploads\/2022\/10\/waldemar-brandt-paGSMqUtbsc-unsplash-1280-774-138x162.jpg","team-overview":"https:\/\/ktfnews.com\/wp-content\/uploads\/2022\/10\/waldemar-brandt-paGSMqUtbsc-unsplash-1280-774-200x279.jpg","team-big":"https:\/\/ktfnews.com\/wp-content\/uploads\/2022\/10\/waldemar-brandt-paGSMqUtbsc-unsplash-1280-774-540x270.jpg","two-columns":"https:\/\/ktfnews.com\/wp-content\/uploads\/2022\/10\/waldemar-brandt-paGSMqUtbsc-unsplash-1280-774-379x242.jpg","one-column":"https:\/\/ktfnews.com\/wp-content\/uploads\/2022\/10\/waldemar-brandt-paGSMqUtbsc-unsplash-1280-774-379x242.jpg","mini-square":"https:\/\/ktfnews.com\/wp-content\/uploads\/2022\/10\/waldemar-brandt-paGSMqUtbsc-unsplash-1280-774-70x70.jpg","portfolio-widget-mainpage":"https:\/\/ktfnews.com\/wp-content\/uploads\/2022\/10\/waldemar-brandt-paGSMqUtbsc-unsplash-1280-774-335x195.jpg","portfolio-single-ajax":"https:\/\/ktfnews.com\/wp-content\/uploads\/2022\/10\/waldemar-brandt-paGSMqUtbsc-unsplash-1280-774-670x280.jpg","portfolio-single-big":"https:\/\/ktfnews.com\/wp-content\/uploads\/2022\/10\/waldemar-brandt-paGSMqUtbsc-unsplash-1280-774-685x480.jpg","portfolio-single-small":"https:\/\/ktfnews.com\/wp-content\/uploads\/2022\/10\/waldemar-brandt-paGSMqUtbsc-unsplash-1280-774-685x280.jpg","portfolio-single-full-big":"https:\/\/ktfnews.com\/wp-content\/uploads\/2022\/10\/waldemar-brandt-paGSMqUtbsc-unsplash-1280-774-960x590.jpg","portfolio-single-full-small":"https:\/\/ktfnews.com\/wp-content\/uploads\/2022\/10\/waldemar-brandt-paGSMqUtbsc-unsplash-1280-774-960x250.jpg","gallery-post":"https:\/\/ktfnews.com\/wp-content\/uploads\/2022\/10\/waldemar-brandt-paGSMqUtbsc-unsplash-1280-774-182x126.jpg","gallery-post-smaller":"https:\/\/ktfnews.com\/wp-content\/uploads\/2022\/10\/waldemar-brandt-paGSMqUtbsc-unsplash-1280-774-158x100.jpg","gallery-standard":"https:\/\/ktfnews.com\/wp-content\/uploads\/2022\/10\/waldemar-brandt-paGSMqUtbsc-unsplash-1280-774-257x169.jpg","tooltip-preview":"https:\/\/ktfnews.com\/wp-content\/uploads\/2022\/10\/waldemar-brandt-paGSMqUtbsc-unsplash-1280-774-227x133.jpg","widget-content-slider":"https:\/\/ktfnews.com\/wp-content\/uploads\/2022\/10\/waldemar-brandt-paGSMqUtbsc-unsplash-1280-774-230x137.jpg","post-top-articles":"https:\/\/ktfnews.com\/wp-content\/uploads\/2022\/10\/waldemar-brandt-paGSMqUtbsc-unsplash-1280-774-130x100.jpg","post-single-wide":"https:\/\/ktfnews.com\/wp-content\/uploads\/2022\/10\/waldemar-brandt-paGSMqUtbsc-unsplash-1280-774-595x360.jpg","post-single-wide-nocrop":"https:\/\/ktfnews.com\/wp-content\/uploads\/2022\/10\/waldemar-brandt-paGSMqUtbsc-unsplash-1280-774-595x360.jpg","post-single-wide-mobile":"https:\/\/ktfnews.com\/wp-content\/uploads\/2022\/10\/waldemar-brandt-paGSMqUtbsc-unsplash-1280-774-320x190.jpg","post-single-wide-small":"https:\/\/ktfnews.com\/wp-content\/uploads\/2022\/10\/waldemar-brandt-paGSMqUtbsc-unsplash-1280-774-595x190.jpg","post-single-square":"https:\/\/ktfnews.com\/wp-content\/uploads\/2022\/10\/waldemar-brandt-paGSMqUtbsc-unsplash-1280-774-120x120.jpg","post-single-full-small":"https:\/\/ktfnews.com\/wp-content\/uploads\/2022\/10\/waldemar-brandt-paGSMqUtbsc-unsplash-1280-774-950x360.jpg","post-single-full-big":"https:\/\/ktfnews.com\/wp-content\/uploads\/2022\/10\/waldemar-brandt-paGSMqUtbsc-unsplash-1280-774-950x590.jpg","photo-blog":"https:\/\/ktfnews.com\/wp-content\/uploads\/2022\/10\/waldemar-brandt-paGSMqUtbsc-unsplash-1280-774-768x464.jpg"},"appp_media":null,"yoast_head":"<!-- This site is optimized with the Yoast SEO plugin v17.3 - https:\/\/yoast.com\/wordpress\/plugins\/seo\/ -->\n<meta name=\"robots\" content=\"index, follow, max-snippet:-1, max-image-preview:large, max-video-preview:-1\" \/>\n<link rel=\"canonical\" href=\"https:\/\/ktfnews.com\/remember-the-sabbath-day-northern-irelands-biggest-protestant-church-voices-worries-over-sunday-football-as-linfield-gets-ready-to-clash-with-portadown\/\" \/>\n<meta property=\"og:locale\" content=\"es_ES\" \/>\n<meta property=\"og:type\" content=\"article\" \/>\n<meta property=\"og:title\" content=\"[:en]\u2018Remember the sabbath day...\u2019: Northern Ireland\u2019s biggest Protestant church voices worries over Sunday football as Linfield gets ready to clash with Portadown[:es]&#039;Recuerda el d\u00eda de reposo...&#039;: La mayor iglesia protestante de Irlanda del Norte expresa su preocupaci\u00f3n por el f\u00fatbol dominical mientras Linfield se prepara para el choque con Portadown[:] - KEEP the FAITH\" \/>\n<meta property=\"og:description\" content=\"News Letter, por Adam Kula: Se adelanta a una serie de partidos que tendr\u00e1n lugar en d\u00edas de reposo en las pr\u00f3ximas semanas. La nueva temporada de la liga irlandesa comenz\u00f3 anoche con el choque entre Larne y Glentoran en...\" \/>\n<meta property=\"og:url\" content=\"https:\/\/ktfnews.com\/remember-the-sabbath-day-northern-irelands-biggest-protestant-church-voices-worries-over-sunday-football-as-linfield-gets-ready-to-clash-with-portadown\/\" \/>\n<meta property=\"og:site_name\" content=\"KEEP the FAITH\" \/>\n<meta property=\"article:publisher\" content=\"https:\/\/www.facebook.com\/ktfministry\" \/>\n<meta property=\"article:published_time\" content=\"2022-09-13T11:30:00+00:00\" \/>\n<meta property=\"article:modified_time\" content=\"2022-10-10T11:48:10+00:00\" \/>\n<meta property=\"og:image\" content=\"https:\/\/ktfnews.com\/wp-content\/uploads\/2022\/10\/waldemar-brandt-paGSMqUtbsc-unsplash-1280-774.jpg\" \/>\n\t<meta property=\"og:image:width\" content=\"1280\" \/>\n\t<meta property=\"og:image:height\" content=\"774\" \/>\n<meta name=\"twitter:card\" content=\"summary_large_image\" \/>\n<meta name=\"twitter:creator\" content=\"@ktfministry\" \/>\n<meta name=\"twitter:site\" content=\"@ktfministry\" \/>\n<meta name=\"twitter:label1\" content=\"Escrito por\" \/>\n\t<meta name=\"twitter:data1\" content=\"Pastor Hal Mayer\" \/>\n\t<meta name=\"twitter:label2\" content=\"Tiempo de lectura\" \/>\n\t<meta name=\"twitter:data2\" content=\"5 minutos\" \/>\n<script type=\"application\/ld+json\" class=\"yoast-schema-graph\">{\"@context\":\"https:\/\/schema.org\",\"@graph\":[{\"@type\":\"WebSite\",\"@id\":\"https:\/\/ktfnews.com\/#website\",\"url\":\"https:\/\/ktfnews.com\/\",\"name\":\"KEEP the FAITH\",\"description\":\"Preparing you for the final conflict between good and evil.\",\"potentialAction\":[{\"@type\":\"SearchAction\",\"target\":{\"@type\":\"EntryPoint\",\"urlTemplate\":\"https:\/\/ktfnews.com\/?s={search_term_string}\"},\"query-input\":\"required name=search_term_string\"}],\"inLanguage\":\"es\"},{\"@type\":\"ImageObject\",\"@id\":\"https:\/\/ktfnews.com\/remember-the-sabbath-day-northern-irelands-biggest-protestant-church-voices-worries-over-sunday-football-as-linfield-gets-ready-to-clash-with-portadown\/#primaryimage\",\"inLanguage\":\"es\",\"url\":\"https:\/\/ktfnews.com\/wp-content\/uploads\/2022\/10\/waldemar-brandt-paGSMqUtbsc-unsplash-1280-774.jpg\",\"contentUrl\":\"https:\/\/ktfnews.com\/wp-content\/uploads\/2022\/10\/waldemar-brandt-paGSMqUtbsc-unsplash-1280-774.jpg\",\"width\":1280,\"height\":774},{\"@type\":\"WebPage\",\"@id\":\"https:\/\/ktfnews.com\/remember-the-sabbath-day-northern-irelands-biggest-protestant-church-voices-worries-over-sunday-football-as-linfield-gets-ready-to-clash-with-portadown\/#webpage\",\"url\":\"https:\/\/ktfnews.com\/remember-the-sabbath-day-northern-irelands-biggest-protestant-church-voices-worries-over-sunday-football-as-linfield-gets-ready-to-clash-with-portadown\/\",\"name\":\"[:en]\\u2018Remember the sabbath day...\\u2019: Northern Ireland\\u2019s biggest Protestant church voices worries over Sunday football as Linfield gets ready to clash with Portadown[:es]'Recuerda el d\\u00eda de reposo...': La mayor iglesia protestante de Irlanda del Norte expresa su preocupaci\\u00f3n por el f\\u00fatbol dominical mientras Linfield se prepara para el choque con Portadown[:] - KEEP the FAITH\",\"isPartOf\":{\"@id\":\"https:\/\/ktfnews.com\/#website\"},\"primaryImageOfPage\":{\"@id\":\"https:\/\/ktfnews.com\/remember-the-sabbath-day-northern-irelands-biggest-protestant-church-voices-worries-over-sunday-football-as-linfield-gets-ready-to-clash-with-portadown\/#primaryimage\"},\"datePublished\":\"2022-09-13T11:30:00+00:00\",\"dateModified\":\"2022-10-10T11:48:10+00:00\",\"author\":{\"@id\":\"https:\/\/ktfnews.com\/#\/schema\/person\/ba4174513d9169cf8e229b7d8d60410d\"},\"breadcrumb\":{\"@id\":\"https:\/\/ktfnews.com\/remember-the-sabbath-day-northern-irelands-biggest-protestant-church-voices-worries-over-sunday-football-as-linfield-gets-ready-to-clash-with-portadown\/#breadcrumb\"},\"inLanguage\":\"es\",\"potentialAction\":[{\"@type\":\"ReadAction\",\"target\":[\"https:\/\/ktfnews.com\/remember-the-sabbath-day-northern-irelands-biggest-protestant-church-voices-worries-over-sunday-football-as-linfield-gets-ready-to-clash-with-portadown\/\"]}]},{\"@type\":\"BreadcrumbList\",\"@id\":\"https:\/\/ktfnews.com\/remember-the-sabbath-day-northern-irelands-biggest-protestant-church-voices-worries-over-sunday-football-as-linfield-gets-ready-to-clash-with-portadown\/#breadcrumb\",\"itemListElement\":[{\"@type\":\"ListItem\",\"position\":1,\"name\":\"Home\",\"item\":\"https:\/\/ktfnews.com\/\"},{\"@type\":\"ListItem\",\"position\":2,\"name\":\"Briefings\",\"item\":\"https:\/\/ktfnews.com\/category\/briefings\/\"},{\"@type\":\"ListItem\",\"position\":3,\"name\":\"Prophetic Intelligence Briefings\",\"item\":\"https:\/\/ktfnews.com\/category\/briefings\/news\/\"},{\"@type\":\"ListItem\",\"position\":4,\"name\":\"\\u2018Remember the sabbath day&#8230;\\u2019: Northern Ireland\\u2019s biggest Protestant church voices worries over Sunday football as Linfield gets ready to clash with Portadown\"}]},{\"@type\":\"Person\",\"@id\":\"https:\/\/ktfnews.com\/#\/schema\/person\/ba4174513d9169cf8e229b7d8d60410d\",\"name\":\"Pastor Hal Mayer\",\"image\":{\"@type\":\"ImageObject\",\"@id\":\"https:\/\/ktfnews.com\/#personlogo\",\"inLanguage\":\"es\",\"url\":\"https:\/\/secure.gravatar.com\/avatar\/051bac95ae650254c5a03467b9456599?s=96&d=mm&r=g\",\"contentUrl\":\"https:\/\/secure.gravatar.com\/avatar\/051bac95ae650254c5a03467b9456599?s=96&d=mm&r=g\",\"caption\":\"Pastor Hal Mayer\"},\"description\":\"Pastor Hal Mayer is speaker and director of Keep the Faith Ministry. For the last 20 years Pastor Mayer\\u2019s monthly prophetic analysis on CD and online has revealed the striking evidence of fulfilling prophecy to many thousands of subscribers all over the world. Pastor Mayer\\u2019s background in history and Bible prophecy give him unique insights and perspectives that have blessed many and helped them make a deeper commitment to the Lord. Keep the Faith Ministry helps those who want to keep abreast of fulfilling prophecy and who want to understand and navigate the unique and difficult circumstances of the end-times. Keep the Faith Ministry helps to prepare you for the second coming of Christ. Pastor Mayer is married to Betsy for more than 40 years. They have no children of their own. \\u201cThe times in which we live are thrilling, because the things prophesied in God\\u2019s word are actually coming to pass in this generation,\\u201d says Pastor Mayer. \\u201cIn a time when the distinctive end-time truths of God\\u2019s word are being censored, and life in this world is becoming more and more chaotic, Keep the Faith is a voice of strength and encouragement.\\u201d\",\"url\":\"https:\/\/ktfnews.com\/es\/author\/hal\/\"}]}<\/script>\n<!-- \/ Yoast SEO plugin. -->","yoast_head_json":{"robots":{"index":"index","follow":"follow","max-snippet":"max-snippet:-1","max-image-preview":"max-image-preview:large","max-video-preview":"max-video-preview:-1"},"canonical":"https:\/\/ktfnews.com\/remember-the-sabbath-day-northern-irelands-biggest-protestant-church-voices-worries-over-sunday-football-as-linfield-gets-ready-to-clash-with-portadown\/","og_locale":"es_ES","og_type":"article","og_title":"[:en]\u2018Remember the sabbath day...\u2019: Northern Ireland\u2019s biggest Protestant church voices worries over Sunday football as Linfield gets ready to clash with Portadown[:es]'Recuerda el d\u00eda de reposo...': La mayor iglesia protestante de Irlanda del Norte expresa su preocupaci\u00f3n por el f\u00fatbol dominical mientras Linfield se prepara para el choque con Portadown[:] - KEEP the FAITH","og_description":"News Letter, por Adam Kula: Se adelanta a una serie de partidos que tendr\u00e1n lugar en d\u00edas de reposo en las pr\u00f3ximas semanas. La nueva temporada de la liga irlandesa comenz\u00f3 anoche con el choque entre Larne y Glentoran en...","og_url":"https:\/\/ktfnews.com\/remember-the-sabbath-day-northern-irelands-biggest-protestant-church-voices-worries-over-sunday-football-as-linfield-gets-ready-to-clash-with-portadown\/","og_site_name":"KEEP the FAITH","article_publisher":"https:\/\/www.facebook.com\/ktfministry","article_published_time":"2022-09-13T11:30:00+00:00","article_modified_time":"2022-10-10T11:48:10+00:00","og_image":[{"width":1280,"height":774,"url":"https:\/\/ktfnews.com\/wp-content\/uploads\/2022\/10\/waldemar-brandt-paGSMqUtbsc-unsplash-1280-774.jpg","type":"image\/jpeg"}],"twitter_card":"summary_large_image","twitter_creator":"@ktfministry","twitter_site":"@ktfministry","twitter_misc":{"Escrito por":"Pastor Hal Mayer","Tiempo de lectura":"5 minutos"},"schema":{"@context":"https:\/\/schema.org","@graph":[{"@type":"WebSite","@id":"https:\/\/ktfnews.com\/#website","url":"https:\/\/ktfnews.com\/","name":"KEEP the FAITH","description":"Preparing you for the final conflict between good and evil.","potentialAction":[{"@type":"SearchAction","target":{"@type":"EntryPoint","urlTemplate":"https:\/\/ktfnews.com\/?s={search_term_string}"},"query-input":"required name=search_term_string"}],"inLanguage":"es"},{"@type":"ImageObject","@id":"https:\/\/ktfnews.com\/remember-the-sabbath-day-northern-irelands-biggest-protestant-church-voices-worries-over-sunday-football-as-linfield-gets-ready-to-clash-with-portadown\/#primaryimage","inLanguage":"es","url":"https:\/\/ktfnews.com\/wp-content\/uploads\/2022\/10\/waldemar-brandt-paGSMqUtbsc-unsplash-1280-774.jpg","contentUrl":"https:\/\/ktfnews.com\/wp-content\/uploads\/2022\/10\/waldemar-brandt-paGSMqUtbsc-unsplash-1280-774.jpg","width":1280,"height":774},{"@type":"WebPage","@id":"https:\/\/ktfnews.com\/remember-the-sabbath-day-northern-irelands-biggest-protestant-church-voices-worries-over-sunday-football-as-linfield-gets-ready-to-clash-with-portadown\/#webpage","url":"https:\/\/ktfnews.com\/remember-the-sabbath-day-northern-irelands-biggest-protestant-church-voices-worries-over-sunday-football-as-linfield-gets-ready-to-clash-with-portadown\/","name":"[:en]\u2018Remember the sabbath day...\u2019: Northern Ireland\u2019s biggest Protestant church voices worries over Sunday football as Linfield gets ready to clash with Portadown[:es]'Recuerda el d\u00eda de reposo...': La mayor iglesia protestante de Irlanda del Norte expresa su preocupaci\u00f3n por el f\u00fatbol dominical mientras Linfield se prepara para el choque con Portadown[:] - KEEP the FAITH","isPartOf":{"@id":"https:\/\/ktfnews.com\/#website"},"primaryImageOfPage":{"@id":"https:\/\/ktfnews.com\/remember-the-sabbath-day-northern-irelands-biggest-protestant-church-voices-worries-over-sunday-football-as-linfield-gets-ready-to-clash-with-portadown\/#primaryimage"},"datePublished":"2022-09-13T11:30:00+00:00","dateModified":"2022-10-10T11:48:10+00:00","author":{"@id":"https:\/\/ktfnews.com\/#\/schema\/person\/ba4174513d9169cf8e229b7d8d60410d"},"breadcrumb":{"@id":"https:\/\/ktfnews.com\/remember-the-sabbath-day-northern-irelands-biggest-protestant-church-voices-worries-over-sunday-football-as-linfield-gets-ready-to-clash-with-portadown\/#breadcrumb"},"inLanguage":"es","potentialAction":[{"@type":"ReadAction","target":["https:\/\/ktfnews.com\/remember-the-sabbath-day-northern-irelands-biggest-protestant-church-voices-worries-over-sunday-football-as-linfield-gets-ready-to-clash-with-portadown\/"]}]},{"@type":"BreadcrumbList","@id":"https:\/\/ktfnews.com\/remember-the-sabbath-day-northern-irelands-biggest-protestant-church-voices-worries-over-sunday-football-as-linfield-gets-ready-to-clash-with-portadown\/#breadcrumb","itemListElement":[{"@type":"ListItem","position":1,"name":"Home","item":"https:\/\/ktfnews.com\/"},{"@type":"ListItem","position":2,"name":"Briefings","item":"https:\/\/ktfnews.com\/category\/briefings\/"},{"@type":"ListItem","position":3,"name":"Prophetic Intelligence Briefings","item":"https:\/\/ktfnews.com\/category\/briefings\/news\/"},{"@type":"ListItem","position":4,"name":"\u2018Remember the sabbath day&#8230;\u2019: Northern Ireland\u2019s biggest Protestant church voices worries over Sunday football as Linfield gets ready to clash with Portadown"}]},{"@type":"Person","@id":"https:\/\/ktfnews.com\/#\/schema\/person\/ba4174513d9169cf8e229b7d8d60410d","name":"Pastor Hal Mayer","image":{"@type":"ImageObject","@id":"https:\/\/ktfnews.com\/#personlogo","inLanguage":"es","url":"https:\/\/secure.gravatar.com\/avatar\/051bac95ae650254c5a03467b9456599?s=96&d=mm&r=g","contentUrl":"https:\/\/secure.gravatar.com\/avatar\/051bac95ae650254c5a03467b9456599?s=96&d=mm&r=g","caption":"Pastor Hal Mayer"},"description":"Pastor Hal Mayer is speaker and director of Keep the Faith Ministry. For the last 20 years Pastor Mayer\u2019s monthly prophetic analysis on CD and online has revealed the striking evidence of fulfilling prophecy to many thousands of subscribers all over the world. Pastor Mayer\u2019s background in history and Bible prophecy give him unique insights and perspectives that have blessed many and helped them make a deeper commitment to the Lord. Keep the Faith Ministry helps those who want to keep abreast of fulfilling prophecy and who want to understand and navigate the unique and difficult circumstances of the end-times. Keep the Faith Ministry helps to prepare you for the second coming of Christ. Pastor Mayer is married to Betsy for more than 40 years. They have no children of their own. \u201cThe times in which we live are thrilling, because the things prophesied in God\u2019s word are actually coming to pass in this generation,\u201d says Pastor Mayer. \u201cIn a time when the distinctive end-time truths of God\u2019s word are being censored, and life in this world is becoming more and more chaotic, Keep the Faith is a voice of strength and encouragement.\u201d","url":"https:\/\/ktfnews.com\/es\/author\/hal\/"}]}},"_links":{"self":[{"href":"https:\/\/ktfnews.com\/es\/wp-json\/wp\/v2\/posts\/25796"}],"collection":[{"href":"https:\/\/ktfnews.com\/es\/wp-json\/wp\/v2\/posts"}],"about":[{"href":"https:\/\/ktfnews.com\/es\/wp-json\/wp\/v2\/types\/post"}],"author":[{"embeddable":true,"href":"https:\/\/ktfnews.com\/es\/wp-json\/wp\/v2\/users\/6"}],"replies":[{"embeddable":true,"href":"https:\/\/ktfnews.com\/es\/wp-json\/wp\/v2\/comments?post=25796"}],"version-history":[{"count":4,"href":"https:\/\/ktfnews.com\/es\/wp-json\/wp\/v2\/posts\/25796\/revisions"}],"predecessor-version":[{"id":26029,"href":"https:\/\/ktfnews.com\/es\/wp-json\/wp\/v2\/posts\/25796\/revisions\/26029"}],"wp:featuredmedia":[{"embeddable":true,"href":"https:\/\/ktfnews.com\/es\/wp-json\/wp\/v2\/media\/26025"}],"wp:attachment":[{"href":"https:\/\/ktfnews.com\/es\/wp-json\/wp\/v2\/media?parent=25796"}],"wp:term":[{"taxonomy":"category","embeddable":true,"href":"https:\/\/ktfnews.com\/es\/wp-json\/wp\/v2\/categories?post=25796"},{"taxonomy":"post_tag","embeddable":true,"href":"https:\/\/ktfnews.com\/es\/wp-json\/wp\/v2\/tags?post=25796"}],"curies":[{"name":"wp","href":"https:\/\/api.w.org\/{rel}","templated":true}]}}