{"id":24785,"date":"2022-05-04T07:30:00","date_gmt":"2022-05-04T11:30:00","guid":{"rendered":"https:\/\/ktfnews.com\/?p=24785"},"modified":"2022-05-03T23:16:01","modified_gmt":"2022-05-04T03:16:01","slug":"pope-thanks-orban-for-taking-ukrainians-orban-invites-pope-to-hungary","status":"publish","type":"post","link":"https:\/\/ktfnews.com\/es\/pope-thanks-orban-for-taking-ukrainians-orban-invites-pope-to-hungary\/","title":{"rendered":"El Papa agradece a Orban por acoger a los ucranianos, Orban invita al Papa a Hungr\u00eda"},"content":{"rendered":"<p>El papa Francisco se reuni\u00f3 el jueves con el primer ministro nacionalista h\u00fangaro, Viktor Orban, para expresarle su agradecimiento por la acogida de refugiados ucranianos en Budapest, y Orban invit\u00f3 al papa a realizar una visita de Estado a Hungr\u00eda.<\/p>\n<p>Orban, en su primera visita internacional desde que obtuvo su cuarta victoria electoral consecutiva este mes, habl\u00f3 con el Papa en privado durante unos 40 minutos en la biblioteca del pont\u00edfice en el Palacio Apost\u00f3lico del Vaticano.<\/p>\n<p>El Vaticano dijo que no habr\u00eda ninguna declaraci\u00f3n porque la visita era privada.<\/p>\n<p>Un v\u00eddeo difundido por la televisi\u00f3n vaticana mostr\u00f3 al Papa entregando a Orban una medalla de San Mart\u00edn de Tours, un santo franc\u00e9s del siglo IV que naci\u00f3 en la actual Hungr\u00eda.<\/p>\n<p>Seg\u00fan la leyenda, San Mart\u00edn cort\u00f3 su capa por la mitad y la comparti\u00f3 con un mendigo.<\/p>\n<p>\u00abEleg\u00ed esto para ti&#8230; He pensado en vosotros, los h\u00fangaros, que ahora recib\u00eds a los refugiados\u00bb, dijo Francisco.<\/p>\n<p>La agencia de la ONU para los refugiados dice que el n\u00famero de personas que huyen de Ucrania para escapar de la invasi\u00f3n rusa ha superado los 5 millones en la peor crisis de refugiados de Europa desde el final de la Segunda Guerra Mundial.<\/p>\n<p>Unos 625.000 refugiados han llegado a Hungr\u00eda desde el inicio de la guerra y cerca del 80% de ellos han seguido adelante, seg\u00fan las \u00faltimas cifras del gobierno h\u00fangaro.<\/p>\n<p>La agencia de noticias estatal MTI cit\u00f3 a Orban diciendo que el Papa \u00abnos anim\u00f3 a no abandonar esta buena costumbre nuestra\u00bb, refiri\u00e9ndose a la acogida de refugiados.<\/p>\n<p>Orban y el Papa han discrepado anteriormente sobre la pol\u00edtica de inmigraci\u00f3n en Europa.<\/p>\n<p>De camino a Eslovaquia el pasado septiembre, Francisco se detuvo en Budapest durante siete horas para clausurar un congreso de la Iglesia en la capital h\u00fangara.<\/p>\n<p>Orban dijo que invit\u00f3 al Papa a visitar Hungr\u00eda el pr\u00f3ximo a\u00f1o y recibi\u00f3 una \u00abrespuesta alentadoramente positiva\u00bb, seg\u00fan MTI.<\/p>\n<p>Al final de la audiencia privada del jueves, se oy\u00f3 a Francisco decir a Orban: \u00abQue Dios le bendiga a usted, a su familia y a Hungr\u00eda\u00bb. Orban respondi\u00f3: \u00abLe esperamos\u00bb.<\/p>\n<p>Conexi\u00f3n Prof\u00e9tica:<br \/>\n\u201cVino entonces uno de los siete \u00e1ngeles que ten\u00edan las siete copas, y habl\u00f3 conmigo dici\u00e9ndome: Ven ac\u00e1, y te mostrar\u00e9 la sentencia contra la gran ramera, la que est\u00e1 sentada sobre muchas aguas; con la cual han fornicado los reyes de la tierra, y los moradores de la tierra se han embriagado con el vino de su fornicaci\u00f3n.\u201d Apocalipsis 17:1-2.<\/p>\n<hr>\n<h3>Source References<\/h3>\n<ul>\n<li>\n<h5><a href=\"https:\/\/www.reuters.com\/world\/europe\/pope-thanks-orban-taking-ukrainians-orban-invites-pope-hungary-2022-04-21\/\" target=\"_blank\" rel=\"noopener\">Pope thanks Orban for taking Ukrainians, Orban invites pope to Hungary<\/a><\/h5>\n<\/li>\n<\/ul>\n<p><\/p>\n<!-- AddThis Advanced Settings generic via filter on the_content -->","protected":false},"excerpt":{"rendered":"<p>El papa Francisco se reuni\u00f3 el jueves con el primer ministro nacionalista h\u00fangaro, Viktor Orban, para expresarle su agradecimiento por la acogida de refugiados ucranianos en Budapest, y Orban invit\u00f3 al papa a realizar una visita de Estado a Hungr\u00eda&#8230;.<!-- AddThis Advanced Settings generic via filter on wp_trim_excerpt --><\/p>\n","protected":false},"author":6,"featured_media":24788,"comment_status":"open","ping_status":"open","sticky":false,"template":"","format":"standard","meta":{"episode_type":"audio","audio_file":"","duration":"","filesize":"","date_recorded":"","explicit":"","block":"","filesize_raw":"","_FSMCFIC_featured_image_caption":"Image: European People's Party from flickr.com","_FSMCFIC_featured_image_nocaption":"","_FSMCFIC_featured_image_hide":"","_links_to":"","_links_to_target":""},"categories":[722,32],"tags":[207,111],"featured_image_urls":{"medium":"https:\/\/ktfnews.com\/wp-content\/uploads\/2022\/05\/Viktor-Orban-1280-774-300x181.jpg","large":"https:\/\/ktfnews.com\/wp-content\/uploads\/2022\/05\/Viktor-Orban-1280-774-1024x619.jpg","thumbnail":"https:\/\/ktfnews.com\/wp-content\/uploads\/2022\/05\/Viktor-Orban-1280-774-150x150.jpg","medium_large":"https:\/\/ktfnews.com\/wp-content\/uploads\/2022\/05\/Viktor-Orban-1280-774-768x464.jpg","team-small":"https:\/\/ktfnews.com\/wp-content\/uploads\/2022\/05\/Viktor-Orban-1280-774-138x162.jpg","team-overview":"https:\/\/ktfnews.com\/wp-content\/uploads\/2022\/05\/Viktor-Orban-1280-774-200x279.jpg","team-big":"https:\/\/ktfnews.com\/wp-content\/uploads\/2022\/05\/Viktor-Orban-1280-774-540x270.jpg","two-columns":"https:\/\/ktfnews.com\/wp-content\/uploads\/2022\/05\/Viktor-Orban-1280-774-379x242.jpg","one-column":"https:\/\/ktfnews.com\/wp-content\/uploads\/2022\/05\/Viktor-Orban-1280-774-379x242.jpg","mini-square":"https:\/\/ktfnews.com\/wp-content\/uploads\/2022\/05\/Viktor-Orban-1280-774-70x70.jpg","portfolio-widget-mainpage":"https:\/\/ktfnews.com\/wp-content\/uploads\/2022\/05\/Viktor-Orban-1280-774-335x195.jpg","portfolio-single-ajax":"https:\/\/ktfnews.com\/wp-content\/uploads\/2022\/05\/Viktor-Orban-1280-774-670x280.jpg","portfolio-single-big":"https:\/\/ktfnews.com\/wp-content\/uploads\/2022\/05\/Viktor-Orban-1280-774-685x480.jpg","portfolio-single-small":"https:\/\/ktfnews.com\/wp-content\/uploads\/2022\/05\/Viktor-Orban-1280-774-685x280.jpg","portfolio-single-full-big":"https:\/\/ktfnews.com\/wp-content\/uploads\/2022\/05\/Viktor-Orban-1280-774-960x590.jpg","portfolio-single-full-small":"https:\/\/ktfnews.com\/wp-content\/uploads\/2022\/05\/Viktor-Orban-1280-774-960x250.jpg","gallery-post":"https:\/\/ktfnews.com\/wp-content\/uploads\/2022\/05\/Viktor-Orban-1280-774-182x126.jpg","gallery-post-smaller":"https:\/\/ktfnews.com\/wp-content\/uploads\/2022\/05\/Viktor-Orban-1280-774-158x100.jpg","gallery-standard":"https:\/\/ktfnews.com\/wp-content\/uploads\/2022\/05\/Viktor-Orban-1280-774-257x169.jpg","tooltip-preview":"https:\/\/ktfnews.com\/wp-content\/uploads\/2022\/05\/Viktor-Orban-1280-774-227x133.jpg","widget-content-slider":"https:\/\/ktfnews.com\/wp-content\/uploads\/2022\/05\/Viktor-Orban-1280-774-230x137.jpg","post-top-articles":"https:\/\/ktfnews.com\/wp-content\/uploads\/2022\/05\/Viktor-Orban-1280-774-130x100.jpg","post-single-wide":"https:\/\/ktfnews.com\/wp-content\/uploads\/2022\/05\/Viktor-Orban-1280-774-595x360.jpg","post-single-wide-nocrop":"https:\/\/ktfnews.com\/wp-content\/uploads\/2022\/05\/Viktor-Orban-1280-774-595x360.jpg","post-single-wide-mobile":"https:\/\/ktfnews.com\/wp-content\/uploads\/2022\/05\/Viktor-Orban-1280-774-320x190.jpg","post-single-wide-small":"https:\/\/ktfnews.com\/wp-content\/uploads\/2022\/05\/Viktor-Orban-1280-774-595x190.jpg","post-single-square":"https:\/\/ktfnews.com\/wp-content\/uploads\/2022\/05\/Viktor-Orban-1280-774-120x120.jpg","post-single-full-small":"https:\/\/ktfnews.com\/wp-content\/uploads\/2022\/05\/Viktor-Orban-1280-774-950x360.jpg","post-single-full-big":"https:\/\/ktfnews.com\/wp-content\/uploads\/2022\/05\/Viktor-Orban-1280-774-950x590.jpg","photo-blog":"https:\/\/ktfnews.com\/wp-content\/uploads\/2022\/05\/Viktor-Orban-1280-774-768x464.jpg"},"appp_media":null,"yoast_head":"<!-- This site is optimized with the Yoast SEO plugin v17.3 - https:\/\/yoast.com\/wordpress\/plugins\/seo\/ -->\n<meta name=\"robots\" content=\"index, follow, max-snippet:-1, max-image-preview:large, max-video-preview:-1\" \/>\n<link rel=\"canonical\" href=\"https:\/\/ktfnews.com\/pope-thanks-orban-for-taking-ukrainians-orban-invites-pope-to-hungary\/\" \/>\n<meta property=\"og:locale\" content=\"es_ES\" \/>\n<meta property=\"og:type\" content=\"article\" \/>\n<meta property=\"og:title\" content=\"[:en]Pope thanks Orban for taking Ukrainians, Orban invites pope to Hungary[:es]El Papa agradece a Orban por acoger a los ucranianos, Orban invita al Papa a Hungr\u00eda[:] - KEEP the FAITH\" \/>\n<meta property=\"og:description\" content=\"El papa Francisco se reuni\u00f3 el jueves con el primer ministro nacionalista h\u00fangaro, Viktor Orban, para expresarle su agradecimiento por la acogida de refugiados ucranianos en Budapest, y Orban invit\u00f3 al papa a realizar una visita de Estado a Hungr\u00eda....\" \/>\n<meta property=\"og:url\" content=\"https:\/\/ktfnews.com\/pope-thanks-orban-for-taking-ukrainians-orban-invites-pope-to-hungary\/\" \/>\n<meta property=\"og:site_name\" content=\"KEEP the FAITH\" \/>\n<meta property=\"article:publisher\" content=\"https:\/\/www.facebook.com\/ktfministry\" \/>\n<meta property=\"article:published_time\" content=\"2022-05-04T11:30:00+00:00\" \/>\n<meta property=\"article:modified_time\" content=\"2022-05-04T03:16:01+00:00\" \/>\n<meta property=\"og:image\" content=\"https:\/\/ktfnews.com\/wp-content\/uploads\/2022\/05\/Viktor-Orban-1280-774.jpg\" \/>\n\t<meta property=\"og:image:width\" content=\"1280\" \/>\n\t<meta property=\"og:image:height\" content=\"774\" \/>\n<meta name=\"twitter:card\" content=\"summary_large_image\" \/>\n<meta name=\"twitter:creator\" content=\"@ktfministry\" \/>\n<meta name=\"twitter:site\" content=\"@ktfministry\" \/>\n<meta name=\"twitter:label1\" content=\"Escrito por\" \/>\n\t<meta name=\"twitter:data1\" content=\"Pastor Hal Mayer\" \/>\n\t<meta name=\"twitter:label2\" content=\"Tiempo de lectura\" \/>\n\t<meta name=\"twitter:data2\" content=\"4 minutos\" \/>\n<script type=\"application\/ld+json\" class=\"yoast-schema-graph\">{\"@context\":\"https:\/\/schema.org\",\"@graph\":[{\"@type\":\"WebSite\",\"@id\":\"https:\/\/ktfnews.com\/#website\",\"url\":\"https:\/\/ktfnews.com\/\",\"name\":\"KEEP the FAITH\",\"description\":\"Preparing you for the final conflict between good and evil.\",\"potentialAction\":[{\"@type\":\"SearchAction\",\"target\":{\"@type\":\"EntryPoint\",\"urlTemplate\":\"https:\/\/ktfnews.com\/?s={search_term_string}\"},\"query-input\":\"required name=search_term_string\"}],\"inLanguage\":\"es\"},{\"@type\":\"ImageObject\",\"@id\":\"https:\/\/ktfnews.com\/pope-thanks-orban-for-taking-ukrainians-orban-invites-pope-to-hungary\/#primaryimage\",\"inLanguage\":\"es\",\"url\":\"https:\/\/ktfnews.com\/wp-content\/uploads\/2022\/05\/Viktor-Orban-1280-774.jpg\",\"contentUrl\":\"https:\/\/ktfnews.com\/wp-content\/uploads\/2022\/05\/Viktor-Orban-1280-774.jpg\",\"width\":1280,\"height\":774},{\"@type\":\"WebPage\",\"@id\":\"https:\/\/ktfnews.com\/pope-thanks-orban-for-taking-ukrainians-orban-invites-pope-to-hungary\/#webpage\",\"url\":\"https:\/\/ktfnews.com\/pope-thanks-orban-for-taking-ukrainians-orban-invites-pope-to-hungary\/\",\"name\":\"[:en]Pope thanks Orban for taking Ukrainians, Orban invites pope to Hungary[:es]El Papa agradece a Orban por acoger a los ucranianos, Orban invita al Papa a Hungr\\u00eda[:] - KEEP the FAITH\",\"isPartOf\":{\"@id\":\"https:\/\/ktfnews.com\/#website\"},\"primaryImageOfPage\":{\"@id\":\"https:\/\/ktfnews.com\/pope-thanks-orban-for-taking-ukrainians-orban-invites-pope-to-hungary\/#primaryimage\"},\"datePublished\":\"2022-05-04T11:30:00+00:00\",\"dateModified\":\"2022-05-04T03:16:01+00:00\",\"author\":{\"@id\":\"https:\/\/ktfnews.com\/#\/schema\/person\/ba4174513d9169cf8e229b7d8d60410d\"},\"breadcrumb\":{\"@id\":\"https:\/\/ktfnews.com\/pope-thanks-orban-for-taking-ukrainians-orban-invites-pope-to-hungary\/#breadcrumb\"},\"inLanguage\":\"es\",\"potentialAction\":[{\"@type\":\"ReadAction\",\"target\":[\"https:\/\/ktfnews.com\/pope-thanks-orban-for-taking-ukrainians-orban-invites-pope-to-hungary\/\"]}]},{\"@type\":\"BreadcrumbList\",\"@id\":\"https:\/\/ktfnews.com\/pope-thanks-orban-for-taking-ukrainians-orban-invites-pope-to-hungary\/#breadcrumb\",\"itemListElement\":[{\"@type\":\"ListItem\",\"position\":1,\"name\":\"Home\",\"item\":\"https:\/\/ktfnews.com\/\"},{\"@type\":\"ListItem\",\"position\":2,\"name\":\"Briefings\",\"item\":\"https:\/\/ktfnews.com\/category\/briefings\/\"},{\"@type\":\"ListItem\",\"position\":3,\"name\":\"Prophetic Intelligence Briefings\",\"item\":\"https:\/\/ktfnews.com\/category\/briefings\/news\/\"},{\"@type\":\"ListItem\",\"position\":4,\"name\":\"Pope thanks Orban for taking Ukrainians, Orban invites pope to Hungary\"}]},{\"@type\":\"Person\",\"@id\":\"https:\/\/ktfnews.com\/#\/schema\/person\/ba4174513d9169cf8e229b7d8d60410d\",\"name\":\"Pastor Hal Mayer\",\"image\":{\"@type\":\"ImageObject\",\"@id\":\"https:\/\/ktfnews.com\/#personlogo\",\"inLanguage\":\"es\",\"url\":\"https:\/\/secure.gravatar.com\/avatar\/051bac95ae650254c5a03467b9456599?s=96&d=mm&r=g\",\"contentUrl\":\"https:\/\/secure.gravatar.com\/avatar\/051bac95ae650254c5a03467b9456599?s=96&d=mm&r=g\",\"caption\":\"Pastor Hal Mayer\"},\"description\":\"Pastor Hal Mayer is speaker and director of Keep the Faith Ministry. For the last 20 years Pastor Mayer\\u2019s monthly prophetic analysis on CD and online has revealed the striking evidence of fulfilling prophecy to many thousands of subscribers all over the world. Pastor Mayer\\u2019s background in history and Bible prophecy give him unique insights and perspectives that have blessed many and helped them make a deeper commitment to the Lord. Keep the Faith Ministry helps those who want to keep abreast of fulfilling prophecy and who want to understand and navigate the unique and difficult circumstances of the end-times. Keep the Faith Ministry helps to prepare you for the second coming of Christ. Pastor Mayer is married to Betsy for more than 40 years. They have no children of their own. \\u201cThe times in which we live are thrilling, because the things prophesied in God\\u2019s word are actually coming to pass in this generation,\\u201d says Pastor Mayer. \\u201cIn a time when the distinctive end-time truths of God\\u2019s word are being censored, and life in this world is becoming more and more chaotic, Keep the Faith is a voice of strength and encouragement.\\u201d\",\"url\":\"https:\/\/ktfnews.com\/es\/author\/hal\/\"}]}<\/script>\n<!-- \/ Yoast SEO plugin. -->","yoast_head_json":{"robots":{"index":"index","follow":"follow","max-snippet":"max-snippet:-1","max-image-preview":"max-image-preview:large","max-video-preview":"max-video-preview:-1"},"canonical":"https:\/\/ktfnews.com\/pope-thanks-orban-for-taking-ukrainians-orban-invites-pope-to-hungary\/","og_locale":"es_ES","og_type":"article","og_title":"[:en]Pope thanks Orban for taking Ukrainians, Orban invites pope to Hungary[:es]El Papa agradece a Orban por acoger a los ucranianos, Orban invita al Papa a Hungr\u00eda[:] - KEEP the FAITH","og_description":"El papa Francisco se reuni\u00f3 el jueves con el primer ministro nacionalista h\u00fangaro, Viktor Orban, para expresarle su agradecimiento por la acogida de refugiados ucranianos en Budapest, y Orban invit\u00f3 al papa a realizar una visita de Estado a Hungr\u00eda....","og_url":"https:\/\/ktfnews.com\/pope-thanks-orban-for-taking-ukrainians-orban-invites-pope-to-hungary\/","og_site_name":"KEEP the FAITH","article_publisher":"https:\/\/www.facebook.com\/ktfministry","article_published_time":"2022-05-04T11:30:00+00:00","article_modified_time":"2022-05-04T03:16:01+00:00","og_image":[{"width":1280,"height":774,"url":"https:\/\/ktfnews.com\/wp-content\/uploads\/2022\/05\/Viktor-Orban-1280-774.jpg","type":"image\/jpeg"}],"twitter_card":"summary_large_image","twitter_creator":"@ktfministry","twitter_site":"@ktfministry","twitter_misc":{"Escrito por":"Pastor Hal Mayer","Tiempo de lectura":"4 minutos"},"schema":{"@context":"https:\/\/schema.org","@graph":[{"@type":"WebSite","@id":"https:\/\/ktfnews.com\/#website","url":"https:\/\/ktfnews.com\/","name":"KEEP the FAITH","description":"Preparing you for the final conflict between good and evil.","potentialAction":[{"@type":"SearchAction","target":{"@type":"EntryPoint","urlTemplate":"https:\/\/ktfnews.com\/?s={search_term_string}"},"query-input":"required name=search_term_string"}],"inLanguage":"es"},{"@type":"ImageObject","@id":"https:\/\/ktfnews.com\/pope-thanks-orban-for-taking-ukrainians-orban-invites-pope-to-hungary\/#primaryimage","inLanguage":"es","url":"https:\/\/ktfnews.com\/wp-content\/uploads\/2022\/05\/Viktor-Orban-1280-774.jpg","contentUrl":"https:\/\/ktfnews.com\/wp-content\/uploads\/2022\/05\/Viktor-Orban-1280-774.jpg","width":1280,"height":774},{"@type":"WebPage","@id":"https:\/\/ktfnews.com\/pope-thanks-orban-for-taking-ukrainians-orban-invites-pope-to-hungary\/#webpage","url":"https:\/\/ktfnews.com\/pope-thanks-orban-for-taking-ukrainians-orban-invites-pope-to-hungary\/","name":"[:en]Pope thanks Orban for taking Ukrainians, Orban invites pope to Hungary[:es]El Papa agradece a Orban por acoger a los ucranianos, Orban invita al Papa a Hungr\u00eda[:] - KEEP the FAITH","isPartOf":{"@id":"https:\/\/ktfnews.com\/#website"},"primaryImageOfPage":{"@id":"https:\/\/ktfnews.com\/pope-thanks-orban-for-taking-ukrainians-orban-invites-pope-to-hungary\/#primaryimage"},"datePublished":"2022-05-04T11:30:00+00:00","dateModified":"2022-05-04T03:16:01+00:00","author":{"@id":"https:\/\/ktfnews.com\/#\/schema\/person\/ba4174513d9169cf8e229b7d8d60410d"},"breadcrumb":{"@id":"https:\/\/ktfnews.com\/pope-thanks-orban-for-taking-ukrainians-orban-invites-pope-to-hungary\/#breadcrumb"},"inLanguage":"es","potentialAction":[{"@type":"ReadAction","target":["https:\/\/ktfnews.com\/pope-thanks-orban-for-taking-ukrainians-orban-invites-pope-to-hungary\/"]}]},{"@type":"BreadcrumbList","@id":"https:\/\/ktfnews.com\/pope-thanks-orban-for-taking-ukrainians-orban-invites-pope-to-hungary\/#breadcrumb","itemListElement":[{"@type":"ListItem","position":1,"name":"Home","item":"https:\/\/ktfnews.com\/"},{"@type":"ListItem","position":2,"name":"Briefings","item":"https:\/\/ktfnews.com\/category\/briefings\/"},{"@type":"ListItem","position":3,"name":"Prophetic Intelligence Briefings","item":"https:\/\/ktfnews.com\/category\/briefings\/news\/"},{"@type":"ListItem","position":4,"name":"Pope thanks Orban for taking Ukrainians, Orban invites pope to Hungary"}]},{"@type":"Person","@id":"https:\/\/ktfnews.com\/#\/schema\/person\/ba4174513d9169cf8e229b7d8d60410d","name":"Pastor Hal Mayer","image":{"@type":"ImageObject","@id":"https:\/\/ktfnews.com\/#personlogo","inLanguage":"es","url":"https:\/\/secure.gravatar.com\/avatar\/051bac95ae650254c5a03467b9456599?s=96&d=mm&r=g","contentUrl":"https:\/\/secure.gravatar.com\/avatar\/051bac95ae650254c5a03467b9456599?s=96&d=mm&r=g","caption":"Pastor Hal Mayer"},"description":"Pastor Hal Mayer is speaker and director of Keep the Faith Ministry. For the last 20 years Pastor Mayer\u2019s monthly prophetic analysis on CD and online has revealed the striking evidence of fulfilling prophecy to many thousands of subscribers all over the world. Pastor Mayer\u2019s background in history and Bible prophecy give him unique insights and perspectives that have blessed many and helped them make a deeper commitment to the Lord. Keep the Faith Ministry helps those who want to keep abreast of fulfilling prophecy and who want to understand and navigate the unique and difficult circumstances of the end-times. Keep the Faith Ministry helps to prepare you for the second coming of Christ. Pastor Mayer is married to Betsy for more than 40 years. They have no children of their own. \u201cThe times in which we live are thrilling, because the things prophesied in God\u2019s word are actually coming to pass in this generation,\u201d says Pastor Mayer. \u201cIn a time when the distinctive end-time truths of God\u2019s word are being censored, and life in this world is becoming more and more chaotic, Keep the Faith is a voice of strength and encouragement.\u201d","url":"https:\/\/ktfnews.com\/es\/author\/hal\/"}]}},"_links":{"self":[{"href":"https:\/\/ktfnews.com\/es\/wp-json\/wp\/v2\/posts\/24785"}],"collection":[{"href":"https:\/\/ktfnews.com\/es\/wp-json\/wp\/v2\/posts"}],"about":[{"href":"https:\/\/ktfnews.com\/es\/wp-json\/wp\/v2\/types\/post"}],"author":[{"embeddable":true,"href":"https:\/\/ktfnews.com\/es\/wp-json\/wp\/v2\/users\/6"}],"replies":[{"embeddable":true,"href":"https:\/\/ktfnews.com\/es\/wp-json\/wp\/v2\/comments?post=24785"}],"version-history":[{"count":3,"href":"https:\/\/ktfnews.com\/es\/wp-json\/wp\/v2\/posts\/24785\/revisions"}],"predecessor-version":[{"id":24790,"href":"https:\/\/ktfnews.com\/es\/wp-json\/wp\/v2\/posts\/24785\/revisions\/24790"}],"wp:featuredmedia":[{"embeddable":true,"href":"https:\/\/ktfnews.com\/es\/wp-json\/wp\/v2\/media\/24788"}],"wp:attachment":[{"href":"https:\/\/ktfnews.com\/es\/wp-json\/wp\/v2\/media?parent=24785"}],"wp:term":[{"taxonomy":"category","embeddable":true,"href":"https:\/\/ktfnews.com\/es\/wp-json\/wp\/v2\/categories?post=24785"},{"taxonomy":"post_tag","embeddable":true,"href":"https:\/\/ktfnews.com\/es\/wp-json\/wp\/v2\/tags?post=24785"}],"curies":[{"name":"wp","href":"https:\/\/api.w.org\/{rel}","templated":true}]}}