{"id":24574,"date":"2022-04-06T07:30:00","date_gmt":"2022-04-06T11:30:00","guid":{"rendered":"https:\/\/ktfnews.com\/?p=24574"},"modified":"2022-04-07T00:43:02","modified_gmt":"2022-04-07T04:43:02","slug":"vigano-vatican-critic-blames-deep-state-for-ukraine-war-citing-covid-19-measures","status":"publish","type":"post","link":"https:\/\/ktfnews.com\/es\/vigano-vatican-critic-blames-deep-state-for-ukraine-war-citing-covid-19-measures\/","title":{"rendered":"Vigan\u00f2, cr\u00edtico del Vaticano, culpa al \u00abEstado profundo\u00bb de la guerra de Ucrania, citando las medidas de COVID-19"},"content":{"rendered":"<p><i>Religion News Service<\/i>, por Claire Giangrav\u00e9: Mientras el Papa Francisco contin\u00faa con sus intentos de mediar en el conflicto de Ucrania, el ex enviado del Vaticano y abierto cr\u00edtico papal, el arzobispo Carlo Maria Vigan\u00f2, public\u00f3 el lunes (7 de marzo) una carta en la que culpa a las fuerzas del \u00abestado profundo\u00bb de Estados Unidos, la Uni\u00f3n Europea y la OTAN de desencadenar la guerra actual y demonizar a Rusia.<\/p>\n<p>\u00abLos Estados Unidos de Am\u00e9rica y los Estados europeos no deben marginar a Rusia, sino construir una alianza con ella, no s\u00f3lo para reiniciar el comercio para la prosperidad de todos, sino en aras de la reconstrucci\u00f3n de una civilizaci\u00f3n cristiana, que ser\u00e1 la \u00fanica capaz de salvar al mundo del monstruo globalista transhumano y m\u00e9dico-t\u00e9cnico\u00bb, escribi\u00f3 el arzobispo en su carta de casi 10.000 palabras.<\/p>\n<p>El arzobispo, que en su tiempo fue nuncio papal en Estados Unidos, entre otros pa\u00edses, conoce bien lo que ocurre en las salas de poder e influencia, pero desde que acus\u00f3 a Francisco de encubrir las acusaciones de abusos sexuales contra el desacreditado excardenal Theodore McCarrick, llegando a pedir la dimisi\u00f3n del Papa en 2018, Vigan\u00f2 ha sido acogido en las filas de una peque\u00f1a pero franca derecha conservadora cat\u00f3lica. Su ret\u00f3rica se ha inclinado cada vez m\u00e1s hacia tomas antimigrantes, antivacunas y pro-Trump.<\/p>\n<p>El arzobispo dijo en su carta que Putin se ha visto acorralado por una OTAN agresiva, respaldada por Estados Unidos, que busca escalar el conflicto para sus propios beneficios. \u00abEsta es la trampa para Rusia tanto como para Ucrania, utilizando a ambos para permitir que una \u00e9lite globalista lleve a cabo su trama criminal\u00bb, escribi\u00f3 Vigan\u00f2.<\/p>\n<p>Los llamados estados democr\u00e1ticos, seg\u00fan Vigan\u00f2, han impuesto \u00abla censura y la intolerancia\u00bb sobre las opiniones disidentes. La pandemia ha exacerbado esta din\u00e1mica, dijo el arzobispo, a\u00f1adiendo que los medios de comunicaci\u00f3n mundiales \u00abmintieron descaradamente\u00bb con la cooperaci\u00f3n de los gobiernos y la jerarqu\u00eda cat\u00f3lica.<\/p>\n<p>Vigan\u00f2 dijo que el \u00abostracismo\u00bb de quienes se han opuesto a la administraci\u00f3n de las vacunas COVID-19 era similar al tratamiento reservado a quienes se niegan a llamar a Putin \u00abinvasor\u00bb o \u00abtirano\u00bb.<\/p>\n<p>El Vaticano ha desestimado repetidamente las objeciones a las vacunas basadas en su desarrollo o en las pruebas con l\u00edneas de c\u00e9lulas madre extra\u00eddas originalmente de c\u00e9lulas fetales abortadas. El Papa Francisco se ha sumado a las campa\u00f1as mundiales a favor de las vacunas, calificando el hecho de vacunarse como \u00abun acto de amor.\u00bb La Pontificia Academia para la Vida, un centro de estudios del Vaticano encargado de promover la vida desde la concepci\u00f3n hasta la muerte natural, se ha manifestado en numerosas ocasiones animando a los cat\u00f3licos a vacunarse.<\/p>\n<p>Vigan\u00f2 adopt\u00f3 las justificaciones del presidente ruso Vladimir Putin para atacar a Ucrania, lamentando la falta de cobertura medi\u00e1tica de supuestos grupos neonazis en Ucrania que supuestamente han atacado a ucranianos de habla rusa en las regiones aut\u00f3nomas del este de Ucrania de Donetsk y Luhansk. El presidente ucraniano, Volodymyr Zelenskyy, ha ridiculizado la idea de que el nazismo est\u00e1 detr\u00e1s del conflicto de ocho a\u00f1os en el este de su pa\u00eds, que Rusia invadi\u00f3 en 2014.<\/p>\n<p>La carta ha sido la segunda defensa de la invasi\u00f3n rusa que lanza un destacado eclesi\u00e1stico en los \u00faltimos d\u00edas. En un serm\u00f3n el domingo, el Patriarca Kirill de Mosc\u00fa, el jefe de la Iglesia Ortodoxa Rusa y un aliado de Putin, repiti\u00f3 un argumento largamente sostenido de que Occidente quiere imponer la pr\u00e1ctica de celebrar desfiles del orgullo gay como una prueba de lealtad a sus valores, que incluyen la aceptaci\u00f3n de la homosexualidad. La guerra de Ucrania, dijo el domingo, fue el resultado de la negativa de las regiones orientales a aceptarla.<\/p>\n<p>\u00abSi la humanidad acepta que el pecado no es una violaci\u00f3n de la ley de Dios, si la humanidad acepta que el pecado es una variaci\u00f3n del comportamiento humano, entonces la civilizaci\u00f3n humana terminar\u00e1 all\u00ed\u00bb, dijo Kirill en la celebraci\u00f3n previa a la Cuaresma conocida como Domingo del Perd\u00f3n.<\/p>\n<p>Pero Vigan\u00f2 ve un complot m\u00e1s profundo para instituir un nuevo orden mundial. Al nombrar a las Naciones Unidas, la OTAN y el Fondo Monetario Internacional, as\u00ed como a la Uni\u00f3n Europea y a fil\u00e1ntropos multimillonarios como George Soros y Bill Gates, el arzobispo identific\u00f3 una conspiraci\u00f3n global, iniciada por un Estado profundo estadounidense, para introducir un gobierno mundial basado en los intereses econ\u00f3micos y el progresismo.<\/p>\n<p>Vigan\u00f2 retrat\u00f3 a Zelenskyy como una marioneta de la UE, un afable forastero introducido para fomentar los sentimientos de los ucranianos contra Rusia.<\/p>\n<p>\u00abLa imagen de Zelenskyy es un producto artificial, una ficci\u00f3n medi\u00e1tica, una operaci\u00f3n de manipulaci\u00f3n del consenso que, sin embargo, fue capaz de crear un personaje pol\u00edtico en el imaginario colectivo ucraniano y que en la realidad, no en la ficci\u00f3n, fue capaz de tomar el poder\u00bb, escribi\u00f3 el ex enviado del Vaticano sobre el presidente ucraniano, que es jud\u00edo.<\/p>\n<p>Calificando a los ucranianos de \u00abrehenes\u00bb del r\u00e9gimen totalitario globalista, les aconsej\u00f3 que no se unieran a la U.E. En su lugar, escribi\u00f3 Vigan\u00f2, las naciones europeas deben buscar su independencia encontrando de nuevo su \u00absoberan\u00eda, su identidad, su fe. Su alma\u00bb.<\/p>\n<p>No obstante, el arzobispo inst\u00f3 al presidente ruso Vladimir Putin a \u00abdarle la vuelta a la tortilla\u00bb a la \u00abestratagema globalista\u00bb ofreciendo a Ucrania una salida pac\u00edfica. \u00abCuanto m\u00e1s crea Putin que tiene raz\u00f3n, m\u00e1s demostrar\u00e1 la grandeza de su naci\u00f3n y el amor por su pueblo al no ceder a las provocaciones\u00bb, a\u00f1adi\u00f3.<\/p>\n<p>Nuestro comentario:<br \/>\n\u00bfPodr\u00edan existir fuerzas entre bastidores con objetivos que no comprendemos?<\/p>\n<p>Conexi\u00f3n Prof\u00e9tica:<br \/>\n\u201cEstamos en el umbral de grandes y solemnes acontecimientos. Las profec\u00edas se est\u00e1n cumpliendo. Una historia extraordinaria y memorable se est\u00e1 registrando en los libros del cielo. Todo en nuestro mundo est\u00e1 en agitaci\u00f3n. Hay guerras y rumores de guerra. Las naciones est\u00e1n airadas y ha llegado el tiempo en que deben ser juzgados los muertos. Los acontecimientos est\u00e1n cambiando para no demorar la llegada del d\u00eda de Dios, que se vendr\u00e1 prestamente. Queda, por as\u00ed decirlo, solamente un poco de tiempo. Pero aunque ya se levanta naci\u00f3n contra naci\u00f3n, y reino contra reino, no existe todav\u00eda una conflagraci\u00f3n general. Los cuatro vientos ser\u00e1n retenidos hasta que los siervos de Dios sean sellados en sus frentes. Entonces las potencias de la tierra dispondr\u00e1n sus fuerzas para la \u00faltima gran batalla&#8230;\u00bb <i>Testimonies to the Church<\/i>, Vol. 6, page 14.1.<\/p>\n<hr>\n<h3>Source References<\/h3>\n<ul>\n<li>\n<h5><a href=\"https:\/\/religionnews.com\/2022\/03\/07\/vigano-vatican-critics-blames-deep-state-for-ukraine-war-citing-covid-19-measures\/\" target=\"_blank\" rel=\"noopener\">Vigan\u00f2, Vatican critic, blames \u2018deep state\u2019 for Ukraine war, citing COVID-19 measures<\/a><\/h5>\n<\/li>\n<\/ul>\n<p><\/p>\n<!-- AddThis Advanced Settings generic via filter on the_content -->","protected":false},"excerpt":{"rendered":"<p>Religion News Service, por Claire Giangrav\u00e9: Mientras el Papa Francisco contin\u00faa con sus intentos de mediar en el conflicto de Ucrania, el ex enviado del Vaticano y abierto cr\u00edtico papal, el arzobispo Carlo Maria Vigan\u00f2, public\u00f3 el lunes (7 de&#8230;<!-- AddThis Advanced Settings generic via filter on wp_trim_excerpt --><\/p>\n","protected":false},"author":6,"featured_media":24575,"comment_status":"open","ping_status":"open","sticky":false,"template":"","format":"standard","meta":{"episode_type":"audio","audio_file":"","duration":"","filesize":"","date_recorded":"","explicit":"","block":"","filesize_raw":"","_FSMCFIC_featured_image_caption":"Image: George Martell from Flickr.com","_FSMCFIC_featured_image_nocaption":"","_FSMCFIC_featured_image_hide":"","_links_to":"","_links_to_target":""},"categories":[722,32],"tags":[484,151,71],"featured_image_urls":{"medium":"https:\/\/ktfnews.com\/wp-content\/uploads\/2022\/04\/carlo-maria-vigano\u0300-1280-774-300x181.jpg","large":"https:\/\/ktfnews.com\/wp-content\/uploads\/2022\/04\/carlo-maria-vigano\u0300-1280-774-1024x619.jpg","thumbnail":"https:\/\/ktfnews.com\/wp-content\/uploads\/2022\/04\/carlo-maria-vigano\u0300-1280-774-150x150.jpg","medium_large":"https:\/\/ktfnews.com\/wp-content\/uploads\/2022\/04\/carlo-maria-vigano\u0300-1280-774-768x464.jpg","team-small":"https:\/\/ktfnews.com\/wp-content\/uploads\/2022\/04\/carlo-maria-vigano\u0300-1280-774-138x162.jpg","team-overview":"https:\/\/ktfnews.com\/wp-content\/uploads\/2022\/04\/carlo-maria-vigano\u0300-1280-774-200x279.jpg","team-big":"https:\/\/ktfnews.com\/wp-content\/uploads\/2022\/04\/carlo-maria-vigano\u0300-1280-774-540x270.jpg","two-columns":"https:\/\/ktfnews.com\/wp-content\/uploads\/2022\/04\/carlo-maria-vigano\u0300-1280-774-379x242.jpg","one-column":"https:\/\/ktfnews.com\/wp-content\/uploads\/2022\/04\/carlo-maria-vigano\u0300-1280-774-379x242.jpg","mini-square":"https:\/\/ktfnews.com\/wp-content\/uploads\/2022\/04\/carlo-maria-vigano\u0300-1280-774-70x70.jpg","portfolio-widget-mainpage":"https:\/\/ktfnews.com\/wp-content\/uploads\/2022\/04\/carlo-maria-vigano\u0300-1280-774-335x195.jpg","portfolio-single-ajax":"https:\/\/ktfnews.com\/wp-content\/uploads\/2022\/04\/carlo-maria-vigano\u0300-1280-774-670x280.jpg","portfolio-single-big":"https:\/\/ktfnews.com\/wp-content\/uploads\/2022\/04\/carlo-maria-vigano\u0300-1280-774-685x480.jpg","portfolio-single-small":"https:\/\/ktfnews.com\/wp-content\/uploads\/2022\/04\/carlo-maria-vigano\u0300-1280-774-685x280.jpg","portfolio-single-full-big":"https:\/\/ktfnews.com\/wp-content\/uploads\/2022\/04\/carlo-maria-vigano\u0300-1280-774-960x590.jpg","portfolio-single-full-small":"https:\/\/ktfnews.com\/wp-content\/uploads\/2022\/04\/carlo-maria-vigano\u0300-1280-774-960x250.jpg","gallery-post":"https:\/\/ktfnews.com\/wp-content\/uploads\/2022\/04\/carlo-maria-vigano\u0300-1280-774-182x126.jpg","gallery-post-smaller":"https:\/\/ktfnews.com\/wp-content\/uploads\/2022\/04\/carlo-maria-vigano\u0300-1280-774-158x100.jpg","gallery-standard":"https:\/\/ktfnews.com\/wp-content\/uploads\/2022\/04\/carlo-maria-vigano\u0300-1280-774-257x169.jpg","tooltip-preview":"https:\/\/ktfnews.com\/wp-content\/uploads\/2022\/04\/carlo-maria-vigano\u0300-1280-774-227x133.jpg","widget-content-slider":"https:\/\/ktfnews.com\/wp-content\/uploads\/2022\/04\/carlo-maria-vigano\u0300-1280-774-230x137.jpg","post-top-articles":"https:\/\/ktfnews.com\/wp-content\/uploads\/2022\/04\/carlo-maria-vigano\u0300-1280-774-130x100.jpg","post-single-wide":"https:\/\/ktfnews.com\/wp-content\/uploads\/2022\/04\/carlo-maria-vigano\u0300-1280-774-595x360.jpg","post-single-wide-nocrop":"https:\/\/ktfnews.com\/wp-content\/uploads\/2022\/04\/carlo-maria-vigano\u0300-1280-774-595x360.jpg","post-single-wide-mobile":"https:\/\/ktfnews.com\/wp-content\/uploads\/2022\/04\/carlo-maria-vigano\u0300-1280-774-320x190.jpg","post-single-wide-small":"https:\/\/ktfnews.com\/wp-content\/uploads\/2022\/04\/carlo-maria-vigano\u0300-1280-774-595x190.jpg","post-single-square":"https:\/\/ktfnews.com\/wp-content\/uploads\/2022\/04\/carlo-maria-vigano\u0300-1280-774-120x120.jpg","post-single-full-small":"https:\/\/ktfnews.com\/wp-content\/uploads\/2022\/04\/carlo-maria-vigano\u0300-1280-774-950x360.jpg","post-single-full-big":"https:\/\/ktfnews.com\/wp-content\/uploads\/2022\/04\/carlo-maria-vigano\u0300-1280-774-950x590.jpg","photo-blog":"https:\/\/ktfnews.com\/wp-content\/uploads\/2022\/04\/carlo-maria-vigano\u0300-1280-774-768x464.jpg"},"appp_media":null,"yoast_head":"<!-- This site is optimized with the Yoast SEO plugin v17.3 - https:\/\/yoast.com\/wordpress\/plugins\/seo\/ -->\n<meta name=\"robots\" content=\"index, follow, max-snippet:-1, max-image-preview:large, max-video-preview:-1\" \/>\n<link rel=\"canonical\" href=\"https:\/\/ktfnews.com\/vigano-vatican-critic-blames-deep-state-for-ukraine-war-citing-covid-19-measures\/\" \/>\n<meta property=\"og:locale\" content=\"es_ES\" \/>\n<meta property=\"og:type\" content=\"article\" \/>\n<meta property=\"og:title\" content=\"[:en]Vigan\u00f2, Vatican critic, blames \u2018deep state\u2019 for Ukraine war, citing COVID-19 measures[:es]Vigan\u00f2, cr\u00edtico del Vaticano, culpa al &quot;Estado profundo&quot; de la guerra de Ucrania, citando las medidas de COVID-19[:] - KEEP the FAITH\" \/>\n<meta property=\"og:description\" content=\"Religion News Service, por Claire Giangrav\u00e9: Mientras el Papa Francisco contin\u00faa con sus intentos de mediar en el conflicto de Ucrania, el ex enviado del Vaticano y abierto cr\u00edtico papal, el arzobispo Carlo Maria Vigan\u00f2, public\u00f3 el lunes (7 de...\" \/>\n<meta property=\"og:url\" content=\"https:\/\/ktfnews.com\/vigano-vatican-critic-blames-deep-state-for-ukraine-war-citing-covid-19-measures\/\" \/>\n<meta property=\"og:site_name\" content=\"KEEP the FAITH\" \/>\n<meta property=\"article:publisher\" content=\"https:\/\/www.facebook.com\/ktfministry\" \/>\n<meta property=\"article:published_time\" content=\"2022-04-06T11:30:00+00:00\" \/>\n<meta property=\"article:modified_time\" content=\"2022-04-07T04:43:02+00:00\" \/>\n<meta property=\"og:image\" content=\"https:\/\/ktfnews.com\/wp-content\/uploads\/2022\/04\/carlo-maria-vigano\u0300-1280-774.jpg\" \/>\n\t<meta property=\"og:image:width\" content=\"1280\" \/>\n\t<meta property=\"og:image:height\" content=\"774\" \/>\n<meta name=\"twitter:card\" content=\"summary_large_image\" \/>\n<meta name=\"twitter:creator\" content=\"@ktfministry\" \/>\n<meta name=\"twitter:site\" content=\"@ktfministry\" \/>\n<meta name=\"twitter:label1\" content=\"Escrito por\" \/>\n\t<meta name=\"twitter:data1\" content=\"Pastor Hal Mayer\" \/>\n\t<meta name=\"twitter:label2\" content=\"Tiempo de lectura\" \/>\n\t<meta name=\"twitter:data2\" content=\"5 minutos\" \/>\n<script type=\"application\/ld+json\" class=\"yoast-schema-graph\">{\"@context\":\"https:\/\/schema.org\",\"@graph\":[{\"@type\":\"WebSite\",\"@id\":\"https:\/\/ktfnews.com\/#website\",\"url\":\"https:\/\/ktfnews.com\/\",\"name\":\"KEEP the FAITH\",\"description\":\"Preparing you for the final conflict between good and evil.\",\"potentialAction\":[{\"@type\":\"SearchAction\",\"target\":{\"@type\":\"EntryPoint\",\"urlTemplate\":\"https:\/\/ktfnews.com\/?s={search_term_string}\"},\"query-input\":\"required name=search_term_string\"}],\"inLanguage\":\"es\"},{\"@type\":\"ImageObject\",\"@id\":\"https:\/\/ktfnews.com\/vigano-vatican-critic-blames-deep-state-for-ukraine-war-citing-covid-19-measures\/#primaryimage\",\"inLanguage\":\"es\",\"url\":\"https:\/\/ktfnews.com\/wp-content\/uploads\/2022\/04\/carlo-maria-vigano\\u0300-1280-774.jpg\",\"contentUrl\":\"https:\/\/ktfnews.com\/wp-content\/uploads\/2022\/04\/carlo-maria-vigano\\u0300-1280-774.jpg\",\"width\":1280,\"height\":774},{\"@type\":\"WebPage\",\"@id\":\"https:\/\/ktfnews.com\/vigano-vatican-critic-blames-deep-state-for-ukraine-war-citing-covid-19-measures\/#webpage\",\"url\":\"https:\/\/ktfnews.com\/vigano-vatican-critic-blames-deep-state-for-ukraine-war-citing-covid-19-measures\/\",\"name\":\"[:en]Vigan\\u00f2, Vatican critic, blames \\u2018deep state\\u2019 for Ukraine war, citing COVID-19 measures[:es]Vigan\\u00f2, cr\\u00edtico del Vaticano, culpa al \\\"Estado profundo\\\" de la guerra de Ucrania, citando las medidas de COVID-19[:] - KEEP the FAITH\",\"isPartOf\":{\"@id\":\"https:\/\/ktfnews.com\/#website\"},\"primaryImageOfPage\":{\"@id\":\"https:\/\/ktfnews.com\/vigano-vatican-critic-blames-deep-state-for-ukraine-war-citing-covid-19-measures\/#primaryimage\"},\"datePublished\":\"2022-04-06T11:30:00+00:00\",\"dateModified\":\"2022-04-07T04:43:02+00:00\",\"author\":{\"@id\":\"https:\/\/ktfnews.com\/#\/schema\/person\/ba4174513d9169cf8e229b7d8d60410d\"},\"breadcrumb\":{\"@id\":\"https:\/\/ktfnews.com\/vigano-vatican-critic-blames-deep-state-for-ukraine-war-citing-covid-19-measures\/#breadcrumb\"},\"inLanguage\":\"es\",\"potentialAction\":[{\"@type\":\"ReadAction\",\"target\":[\"https:\/\/ktfnews.com\/vigano-vatican-critic-blames-deep-state-for-ukraine-war-citing-covid-19-measures\/\"]}]},{\"@type\":\"BreadcrumbList\",\"@id\":\"https:\/\/ktfnews.com\/vigano-vatican-critic-blames-deep-state-for-ukraine-war-citing-covid-19-measures\/#breadcrumb\",\"itemListElement\":[{\"@type\":\"ListItem\",\"position\":1,\"name\":\"Home\",\"item\":\"https:\/\/ktfnews.com\/\"},{\"@type\":\"ListItem\",\"position\":2,\"name\":\"Briefings\",\"item\":\"https:\/\/ktfnews.com\/category\/briefings\/\"},{\"@type\":\"ListItem\",\"position\":3,\"name\":\"Prophetic Intelligence Briefings\",\"item\":\"https:\/\/ktfnews.com\/category\/briefings\/news\/\"},{\"@type\":\"ListItem\",\"position\":4,\"name\":\"Vigan\\u00f2, Vatican critic, blames \\u2018deep state\\u2019 for Ukraine war, citing COVID-19 measures\"}]},{\"@type\":\"Person\",\"@id\":\"https:\/\/ktfnews.com\/#\/schema\/person\/ba4174513d9169cf8e229b7d8d60410d\",\"name\":\"Pastor Hal Mayer\",\"image\":{\"@type\":\"ImageObject\",\"@id\":\"https:\/\/ktfnews.com\/#personlogo\",\"inLanguage\":\"es\",\"url\":\"https:\/\/secure.gravatar.com\/avatar\/051bac95ae650254c5a03467b9456599?s=96&d=mm&r=g\",\"contentUrl\":\"https:\/\/secure.gravatar.com\/avatar\/051bac95ae650254c5a03467b9456599?s=96&d=mm&r=g\",\"caption\":\"Pastor Hal Mayer\"},\"description\":\"Pastor Hal Mayer is speaker and director of Keep the Faith Ministry. For the last 20 years Pastor Mayer\\u2019s monthly prophetic analysis on CD and online has revealed the striking evidence of fulfilling prophecy to many thousands of subscribers all over the world. Pastor Mayer\\u2019s background in history and Bible prophecy give him unique insights and perspectives that have blessed many and helped them make a deeper commitment to the Lord. Keep the Faith Ministry helps those who want to keep abreast of fulfilling prophecy and who want to understand and navigate the unique and difficult circumstances of the end-times. Keep the Faith Ministry helps to prepare you for the second coming of Christ. Pastor Mayer is married to Betsy for more than 40 years. They have no children of their own. \\u201cThe times in which we live are thrilling, because the things prophesied in God\\u2019s word are actually coming to pass in this generation,\\u201d says Pastor Mayer. \\u201cIn a time when the distinctive end-time truths of God\\u2019s word are being censored, and life in this world is becoming more and more chaotic, Keep the Faith is a voice of strength and encouragement.\\u201d\",\"url\":\"https:\/\/ktfnews.com\/es\/author\/hal\/\"}]}<\/script>\n<!-- \/ Yoast SEO plugin. -->","yoast_head_json":{"robots":{"index":"index","follow":"follow","max-snippet":"max-snippet:-1","max-image-preview":"max-image-preview:large","max-video-preview":"max-video-preview:-1"},"canonical":"https:\/\/ktfnews.com\/vigano-vatican-critic-blames-deep-state-for-ukraine-war-citing-covid-19-measures\/","og_locale":"es_ES","og_type":"article","og_title":"[:en]Vigan\u00f2, Vatican critic, blames \u2018deep state\u2019 for Ukraine war, citing COVID-19 measures[:es]Vigan\u00f2, cr\u00edtico del Vaticano, culpa al \"Estado profundo\" de la guerra de Ucrania, citando las medidas de COVID-19[:] - KEEP the FAITH","og_description":"Religion News Service, por Claire Giangrav\u00e9: Mientras el Papa Francisco contin\u00faa con sus intentos de mediar en el conflicto de Ucrania, el ex enviado del Vaticano y abierto cr\u00edtico papal, el arzobispo Carlo Maria Vigan\u00f2, public\u00f3 el lunes (7 de...","og_url":"https:\/\/ktfnews.com\/vigano-vatican-critic-blames-deep-state-for-ukraine-war-citing-covid-19-measures\/","og_site_name":"KEEP the FAITH","article_publisher":"https:\/\/www.facebook.com\/ktfministry","article_published_time":"2022-04-06T11:30:00+00:00","article_modified_time":"2022-04-07T04:43:02+00:00","og_image":[{"width":1280,"height":774,"url":"https:\/\/ktfnews.com\/wp-content\/uploads\/2022\/04\/carlo-maria-vigano\u0300-1280-774.jpg","type":"image\/jpeg"}],"twitter_card":"summary_large_image","twitter_creator":"@ktfministry","twitter_site":"@ktfministry","twitter_misc":{"Escrito por":"Pastor Hal Mayer","Tiempo de lectura":"5 minutos"},"schema":{"@context":"https:\/\/schema.org","@graph":[{"@type":"WebSite","@id":"https:\/\/ktfnews.com\/#website","url":"https:\/\/ktfnews.com\/","name":"KEEP the FAITH","description":"Preparing you for the final conflict between good and evil.","potentialAction":[{"@type":"SearchAction","target":{"@type":"EntryPoint","urlTemplate":"https:\/\/ktfnews.com\/?s={search_term_string}"},"query-input":"required name=search_term_string"}],"inLanguage":"es"},{"@type":"ImageObject","@id":"https:\/\/ktfnews.com\/vigano-vatican-critic-blames-deep-state-for-ukraine-war-citing-covid-19-measures\/#primaryimage","inLanguage":"es","url":"https:\/\/ktfnews.com\/wp-content\/uploads\/2022\/04\/carlo-maria-vigano\u0300-1280-774.jpg","contentUrl":"https:\/\/ktfnews.com\/wp-content\/uploads\/2022\/04\/carlo-maria-vigano\u0300-1280-774.jpg","width":1280,"height":774},{"@type":"WebPage","@id":"https:\/\/ktfnews.com\/vigano-vatican-critic-blames-deep-state-for-ukraine-war-citing-covid-19-measures\/#webpage","url":"https:\/\/ktfnews.com\/vigano-vatican-critic-blames-deep-state-for-ukraine-war-citing-covid-19-measures\/","name":"[:en]Vigan\u00f2, Vatican critic, blames \u2018deep state\u2019 for Ukraine war, citing COVID-19 measures[:es]Vigan\u00f2, cr\u00edtico del Vaticano, culpa al \"Estado profundo\" de la guerra de Ucrania, citando las medidas de COVID-19[:] - KEEP the FAITH","isPartOf":{"@id":"https:\/\/ktfnews.com\/#website"},"primaryImageOfPage":{"@id":"https:\/\/ktfnews.com\/vigano-vatican-critic-blames-deep-state-for-ukraine-war-citing-covid-19-measures\/#primaryimage"},"datePublished":"2022-04-06T11:30:00+00:00","dateModified":"2022-04-07T04:43:02+00:00","author":{"@id":"https:\/\/ktfnews.com\/#\/schema\/person\/ba4174513d9169cf8e229b7d8d60410d"},"breadcrumb":{"@id":"https:\/\/ktfnews.com\/vigano-vatican-critic-blames-deep-state-for-ukraine-war-citing-covid-19-measures\/#breadcrumb"},"inLanguage":"es","potentialAction":[{"@type":"ReadAction","target":["https:\/\/ktfnews.com\/vigano-vatican-critic-blames-deep-state-for-ukraine-war-citing-covid-19-measures\/"]}]},{"@type":"BreadcrumbList","@id":"https:\/\/ktfnews.com\/vigano-vatican-critic-blames-deep-state-for-ukraine-war-citing-covid-19-measures\/#breadcrumb","itemListElement":[{"@type":"ListItem","position":1,"name":"Home","item":"https:\/\/ktfnews.com\/"},{"@type":"ListItem","position":2,"name":"Briefings","item":"https:\/\/ktfnews.com\/category\/briefings\/"},{"@type":"ListItem","position":3,"name":"Prophetic Intelligence Briefings","item":"https:\/\/ktfnews.com\/category\/briefings\/news\/"},{"@type":"ListItem","position":4,"name":"Vigan\u00f2, Vatican critic, blames \u2018deep state\u2019 for Ukraine war, citing COVID-19 measures"}]},{"@type":"Person","@id":"https:\/\/ktfnews.com\/#\/schema\/person\/ba4174513d9169cf8e229b7d8d60410d","name":"Pastor Hal Mayer","image":{"@type":"ImageObject","@id":"https:\/\/ktfnews.com\/#personlogo","inLanguage":"es","url":"https:\/\/secure.gravatar.com\/avatar\/051bac95ae650254c5a03467b9456599?s=96&d=mm&r=g","contentUrl":"https:\/\/secure.gravatar.com\/avatar\/051bac95ae650254c5a03467b9456599?s=96&d=mm&r=g","caption":"Pastor Hal Mayer"},"description":"Pastor Hal Mayer is speaker and director of Keep the Faith Ministry. For the last 20 years Pastor Mayer\u2019s monthly prophetic analysis on CD and online has revealed the striking evidence of fulfilling prophecy to many thousands of subscribers all over the world. Pastor Mayer\u2019s background in history and Bible prophecy give him unique insights and perspectives that have blessed many and helped them make a deeper commitment to the Lord. Keep the Faith Ministry helps those who want to keep abreast of fulfilling prophecy and who want to understand and navigate the unique and difficult circumstances of the end-times. Keep the Faith Ministry helps to prepare you for the second coming of Christ. Pastor Mayer is married to Betsy for more than 40 years. They have no children of their own. \u201cThe times in which we live are thrilling, because the things prophesied in God\u2019s word are actually coming to pass in this generation,\u201d says Pastor Mayer. \u201cIn a time when the distinctive end-time truths of God\u2019s word are being censored, and life in this world is becoming more and more chaotic, Keep the Faith is a voice of strength and encouragement.\u201d","url":"https:\/\/ktfnews.com\/es\/author\/hal\/"}]}},"_links":{"self":[{"href":"https:\/\/ktfnews.com\/es\/wp-json\/wp\/v2\/posts\/24574"}],"collection":[{"href":"https:\/\/ktfnews.com\/es\/wp-json\/wp\/v2\/posts"}],"about":[{"href":"https:\/\/ktfnews.com\/es\/wp-json\/wp\/v2\/types\/post"}],"author":[{"embeddable":true,"href":"https:\/\/ktfnews.com\/es\/wp-json\/wp\/v2\/users\/6"}],"replies":[{"embeddable":true,"href":"https:\/\/ktfnews.com\/es\/wp-json\/wp\/v2\/comments?post=24574"}],"version-history":[{"count":2,"href":"https:\/\/ktfnews.com\/es\/wp-json\/wp\/v2\/posts\/24574\/revisions"}],"predecessor-version":[{"id":24590,"href":"https:\/\/ktfnews.com\/es\/wp-json\/wp\/v2\/posts\/24574\/revisions\/24590"}],"wp:featuredmedia":[{"embeddable":true,"href":"https:\/\/ktfnews.com\/es\/wp-json\/wp\/v2\/media\/24575"}],"wp:attachment":[{"href":"https:\/\/ktfnews.com\/es\/wp-json\/wp\/v2\/media?parent=24574"}],"wp:term":[{"taxonomy":"category","embeddable":true,"href":"https:\/\/ktfnews.com\/es\/wp-json\/wp\/v2\/categories?post=24574"},{"taxonomy":"post_tag","embeddable":true,"href":"https:\/\/ktfnews.com\/es\/wp-json\/wp\/v2\/tags?post=24574"}],"curies":[{"name":"wp","href":"https:\/\/api.w.org\/{rel}","templated":true}]}}