{"id":22820,"date":"2021-10-04T07:30:00","date_gmt":"2021-10-04T11:30:00","guid":{"rendered":"https:\/\/ktfnews.com\/?p=22820"},"modified":"2021-10-06T23:17:52","modified_gmt":"2021-10-07T03:17:52","slug":"abrahamic-family-house-in-abu-dhabi-to-open-in-2022","status":"publish","type":"post","link":"https:\/\/ktfnews.com\/es\/abrahamic-family-house-in-abu-dhabi-to-open-in-2022\/","title":{"rendered":"La Casa de la Familia de Abraham en Abu Dhabi Abrir\u00e1 sus Puertas en 2022"},"content":{"rendered":"<p><i>Vatican News<\/i>, por Robin Gomes: La Casa de la Familia Abrah\u00e1mica, que encierra una sinagoga, una iglesia y una mezquita en un solo complejo, y cuya inauguraci\u00f3n est\u00e1 prevista para 2022, se encuentra al 20% de su ejecuci\u00f3n, seg\u00fan inform\u00f3 el martes el Comit\u00e9 Superior de la Fraternidad Humana (HCHF) en un comunicado.  El Comit\u00e9, que tambi\u00e9n supervisa el proyecto, dijo que se inspira en el Documento sobre la Fraternidad Humana de 2019.  Construida en la isla de Saadiyat, en Abu Dhabi, la capital de los Emiratos \u00c1rabes Unidos, el proyecto es seguido de cerca por el Papa Francisco y el Gran Im\u00e1n Ahmed el-Tayeb de al-Azhar, que respald\u00f3 el dise\u00f1o, dijo el HCHF.<\/p>\n<p>La Casa de la Familia Abraham deriva su nombre de la figura b\u00edblica del Antiguo Testamento, Abraham, reconocido y muy venerado por jud\u00edos, cristianos y musulmanes.<\/p>\n<p>Valores compartidos<\/p>\n<p>El dise\u00f1o de la Casa de la Familia Abrahamica, obra del arquitecto Sir David Adjaye, recoge los valores compartidos por el juda\u00edsmo, el cristianismo y el islam, a trav\u00e9s de tres edificios principales, que incluyen una mezquita, una iglesia y una sinagoga en un mismo lugar. \u00abComo tal, el complejo relata de forma innovadora la historia y tiende puentes entre las civilizaciones humanas y los mensajes celestiales\u00bb.<\/p>\n<p>Conozca al arquitecto de la Casa de la Familia Abrahamica<\/p>\n<p>Los nombres de las tres emblem\u00e1ticas casas de culto del complejo de la Casa de la Familia Abrahamica se han dado a conocer oficialmente como \u00abMezquita del Im\u00e1n AlTayeb\u00bb, \u00abIglesia de San Francisco\u00bb y \u00abSinagoga de Mois\u00e9s Ben Maim\u00f3n\u00bb. Mois\u00e9s Ben Maim\u00f3n fue un prol\u00edfico e influyente fil\u00f3sofo jud\u00edo sefard\u00ed de la Edad Media.<\/p>\n<p>Convivencia interconfesional armoniosa<\/p>\n<p>Adem\u00e1s de los 3 lugares de culto, el recinto incluye un centro cultural que pretende animar a las personas a ejemplificar la fraternidad y la solidaridad humanas dentro de una comunidad que aprecia los valores del respeto mutuo y la coexistencia pac\u00edfica, mientras se preserva el car\u00e1cter \u00fanico de cada fe.<\/p>\n<p>El dise\u00f1o de la Casa de la Familia Abrahamica fue desvelado por primera vez por el jeque Abdullah bin Zayed Al Nahyan, ministro de Asuntos Exteriores y Cooperaci\u00f3n Internacional de los EAU, en un encuentro mundial celebrado en Nueva York en 2019, durante la segunda reuni\u00f3n de la HCHF. IT dijo que el dise\u00f1o tambi\u00e9n fue presentado al Papa Francisco y al Gran Im\u00e1n durante una reuni\u00f3n con ellos en noviembre de ese a\u00f1o.<\/p>\n<p>\u00abLa Casa de la Familia Abrah\u00e1mica personifica la coexistencia armoniosa interreligiosa y preserva el car\u00e1cter \u00fanico de cada religi\u00f3n\u00bb, dijo Mohamed Khalifa Al Mubarak, Presidente del Departamento de Cultura de Abu Dhabi y miembro de la HCHF. Y a\u00f1adi\u00f3: \u00abPersonifica la visi\u00f3n de Abu Dhabi sobre la fraternidad humana e incorpora la coexistencia al ya diverso tejido cultural de los EAU\u00bb. Supervisar el desarrollo de este proyecto ic\u00f3nico es inspirador y refleja los esfuerzos de los EAU por hacer realidad los valores del Documento sobre la Fraternidad Humana y fomentar sus elevados principios\u00bb.<\/p>\n<p>El documento sobre la fraternidad humana<\/p>\n<p>Explic\u00f3 que los nombres de las tres casas de culto reconocen la labor del Gran Im\u00e1n, del Papa Francisco y de Mois\u00e9s Ben Maim\u00f3n, y \u00abaprovecha sus ense\u00f1anzas para forjar un mensaje de buena voluntad para las futuras generaciones de todo el mundo\u00bb.<\/p>\n<p>El \u00abDocumento sobre la Fraternidad Humana para la Paz Mundial y la Convivencia\u00bb, llamado simplemente Documento sobre la Fraternidad Humana, fue firmado el 4 de febrero de 2019 por el Papa Francisco y el Gran Im\u00e1n durante la visita del Papa a Abu Dhabi.<\/p>\n<p>Hito cultural<\/p>\n<p>Siguiendo el esp\u00edritu de este Documento, el complejo de la Casa de la Familia Abrahamica acoger\u00e1 a todos los visitantes que deseen rendir culto, aprender y dialogar. Adem\u00e1s, ofrecer\u00e1 una gran variedad de programas y actividades diarias y acoger\u00e1 conferencias internacionales y cumbres mundiales que presenten una convivencia armoniosa entre las comunidades. \u00abComo lugar de aprendizaje, di\u00e1logo y culto\u00bb, dijo la HCHF, \u00abla Casa de la Familia Abrahamica ser\u00e1 un hito cultural y un s\u00edmbolo mundial inspirador que personifica los valores compartidos de la coexistencia armoniosa y el entendimiento entre las tres confesiones abrah\u00e1micas del juda\u00edsmo, el cristianismo y el islam\u00bb.<\/p>\n<p>La ic\u00f3nica arquitectura geom\u00e9trica de tres cubos, que representan los distintos lugares de culto, evoca el car\u00e1cter com\u00fan unificado y la coexistencia mutua entre las tres religiones.  Al mismo tiempo, el dise\u00f1o refleja la arquitectura tradicional conservando los rasgos individuales de cada una de las tres religiones.<\/p>\n<p>Los supervisores del proyecto afirmaron que durante las fases de dise\u00f1o de las casas de culto se ha contado con la participaci\u00f3n de miembros de las comunidades religiosas de todo el mundo y se les ha consultado para garantizar la coherencia y la adhesi\u00f3n a los requisitos y ense\u00f1anzas de las respectivas religiones.<\/p>\n<p>Una vez finalizado, el complejo de la Casa de la Familia Abrahamica ofrecer\u00e1 a los seguidores de las respectivas religiones espacios suficientes para \u00abuna verdadera paz mental y del alma dentro de una atm\u00f3sfera en la que prevalezca un esp\u00edritu de intimidad\u00bb.  Seg\u00fan la HCHF, \u00abcada aspecto del dise\u00f1o cobra vida a trav\u00e9s de las caracter\u00edsticas arquitect\u00f3nicas y los detalles constructivos \u00fanicos de las fachadas, las vistas exteriores e interiores, las columnas y las ventanas y b\u00f3vedas que reflejan las caracter\u00edsticas \u00fanicas de cada una de las tres confesiones abrah\u00e1micas\u00bb.<\/p>\n<p>Conexi\u00f3n Prof\u00e9tica:<br \/>\n\u201cMuchos consideran la gran diversidad de creencias en las iglesias protestantes como prueba terminante de que nunca se procurar\u00e1 asegurar una uniformidad forzada. Pero desde hace a\u00f1os se viene notando entre las iglesias protestantes un poderoso y creciente sentimiento en favor de una uni\u00f3n basada en puntos comunes de doctrina. Para asegurar tal uni\u00f3n, debe necesariamente evitarse toda discusi\u00f3n de asuntos en los cuales no todos est\u00e1n de acuerdo, por importantes que sean desde el punto de vista b\u00edblico.\u201d <i>El Conflico de los Siglos<\/i>, p\u00e1g. 497.<\/p>\n<hr>\n<h3>Source References<\/h3>\n<ul>\n<li>\n<h5><a href=\"https:\/\/www.vaticannews.va\/en\/vatican-city\/news\/2021-06\/abu-dhabi-abrahamic-family-house-2022-human-fraternity.html\" target=\"_blank\" rel=\"noopener\">Abrahamic Family House in Abu Dhabi to open in 2022<\/a><\/h5>\n<\/li>\n<\/ul>\n<p><\/p>\n<!-- AddThis Advanced Settings generic via filter on the_content -->","protected":false},"excerpt":{"rendered":"<p>Vatican News, por Robin Gomes: La Casa de la Familia Abrah\u00e1mica, que encierra una sinagoga, una iglesia y una mezquita en un solo complejo, y cuya inauguraci\u00f3n est\u00e1 prevista para 2022, se encuentra al 20% de su ejecuci\u00f3n, seg\u00fan inform\u00f3&#8230;<!-- AddThis Advanced Settings generic via filter on wp_trim_excerpt --><\/p>\n","protected":false},"author":6,"featured_media":22821,"comment_status":"open","ping_status":"open","sticky":false,"template":"","format":"standard","meta":{"episode_type":"","audio_file":"","duration":"","filesize":"","date_recorded":"","explicit":"","block":"","filesize_raw":"","_FSMCFIC_featured_image_caption":"Image: jenny71 from pixabay.com","_FSMCFIC_featured_image_nocaption":"","_FSMCFIC_featured_image_hide":"","_links_to":"","_links_to_target":""},"categories":[722,32],"tags":[2736,2734,2733,2735,111],"featured_image_urls":{"medium":"https:\/\/ktfnews.com\/wp-content\/uploads\/2021\/10\/skyscraper-4069198-300x182.jpg","large":"https:\/\/ktfnews.com\/wp-content\/uploads\/2021\/10\/skyscraper-4069198-1024x620.jpg","thumbnail":"https:\/\/ktfnews.com\/wp-content\/uploads\/2021\/10\/skyscraper-4069198-150x150.jpg","medium_large":"https:\/\/ktfnews.com\/wp-content\/uploads\/2021\/10\/skyscraper-4069198-768x465.jpg","team-small":"https:\/\/ktfnews.com\/wp-content\/uploads\/2021\/10\/skyscraper-4069198-138x162.jpg","team-overview":"https:\/\/ktfnews.com\/wp-content\/uploads\/2021\/10\/skyscraper-4069198-200x279.jpg","team-big":"https:\/\/ktfnews.com\/wp-content\/uploads\/2021\/10\/skyscraper-4069198-540x270.jpg","two-columns":"https:\/\/ktfnews.com\/wp-content\/uploads\/2021\/10\/skyscraper-4069198-379x242.jpg","one-column":"https:\/\/ktfnews.com\/wp-content\/uploads\/2021\/10\/skyscraper-4069198-379x242.jpg","mini-square":"https:\/\/ktfnews.com\/wp-content\/uploads\/2021\/10\/skyscraper-4069198-70x70.jpg","portfolio-widget-mainpage":"https:\/\/ktfnews.com\/wp-content\/uploads\/2021\/10\/skyscraper-4069198-335x195.jpg","portfolio-single-ajax":"https:\/\/ktfnews.com\/wp-content\/uploads\/2021\/10\/skyscraper-4069198-670x280.jpg","portfolio-single-big":"https:\/\/ktfnews.com\/wp-content\/uploads\/2021\/10\/skyscraper-4069198-685x480.jpg","portfolio-single-small":"https:\/\/ktfnews.com\/wp-content\/uploads\/2021\/10\/skyscraper-4069198-685x280.jpg","portfolio-single-full-big":"https:\/\/ktfnews.com\/wp-content\/uploads\/2021\/10\/skyscraper-4069198-960x590.jpg","portfolio-single-full-small":"https:\/\/ktfnews.com\/wp-content\/uploads\/2021\/10\/skyscraper-4069198-960x250.jpg","gallery-post":"https:\/\/ktfnews.com\/wp-content\/uploads\/2021\/10\/skyscraper-4069198-182x126.jpg","gallery-post-smaller":"https:\/\/ktfnews.com\/wp-content\/uploads\/2021\/10\/skyscraper-4069198-158x100.jpg","gallery-standard":"https:\/\/ktfnews.com\/wp-content\/uploads\/2021\/10\/skyscraper-4069198-257x169.jpg","tooltip-preview":"https:\/\/ktfnews.com\/wp-content\/uploads\/2021\/10\/skyscraper-4069198-227x133.jpg","widget-content-slider":"https:\/\/ktfnews.com\/wp-content\/uploads\/2021\/10\/skyscraper-4069198-230x137.jpg","post-top-articles":"https:\/\/ktfnews.com\/wp-content\/uploads\/2021\/10\/skyscraper-4069198-130x100.jpg","post-single-wide":"https:\/\/ktfnews.com\/wp-content\/uploads\/2021\/10\/skyscraper-4069198-595x360.jpg","post-single-wide-nocrop":"https:\/\/ktfnews.com\/wp-content\/uploads\/2021\/10\/skyscraper-4069198-595x360.jpg","post-single-wide-mobile":"https:\/\/ktfnews.com\/wp-content\/uploads\/2021\/10\/skyscraper-4069198-320x190.jpg","post-single-wide-small":"https:\/\/ktfnews.com\/wp-content\/uploads\/2021\/10\/skyscraper-4069198-595x190.jpg","post-single-square":"https:\/\/ktfnews.com\/wp-content\/uploads\/2021\/10\/skyscraper-4069198-120x120.jpg","post-single-full-small":"https:\/\/ktfnews.com\/wp-content\/uploads\/2021\/10\/skyscraper-4069198-950x360.jpg","post-single-full-big":"https:\/\/ktfnews.com\/wp-content\/uploads\/2021\/10\/skyscraper-4069198-950x590.jpg","photo-blog":"https:\/\/ktfnews.com\/wp-content\/uploads\/2021\/10\/skyscraper-4069198-768x465.jpg"},"appp_media":null,"yoast_head":"<!-- This site is optimized with the Yoast SEO plugin v17.3 - https:\/\/yoast.com\/wordpress\/plugins\/seo\/ -->\n<meta name=\"robots\" content=\"index, follow, max-snippet:-1, max-image-preview:large, max-video-preview:-1\" \/>\n<link rel=\"canonical\" href=\"https:\/\/ktfnews.com\/abrahamic-family-house-in-abu-dhabi-to-open-in-2022\/\" \/>\n<meta property=\"og:locale\" content=\"es_ES\" \/>\n<meta property=\"og:type\" content=\"article\" \/>\n<meta property=\"og:title\" content=\"[:en]Abrahamic Family House in Abu Dhabi to open in 2022[:es]La Casa de la Familia de Abraham en Abu Dhabi Abrir\u00e1 sus Puertas en 2022[:] - KEEP the FAITH\" \/>\n<meta property=\"og:description\" content=\"Vatican News, por Robin Gomes: La Casa de la Familia Abrah\u00e1mica, que encierra una sinagoga, una iglesia y una mezquita en un solo complejo, y cuya inauguraci\u00f3n est\u00e1 prevista para 2022, se encuentra al 20% de su ejecuci\u00f3n, seg\u00fan inform\u00f3...\" \/>\n<meta property=\"og:url\" content=\"https:\/\/ktfnews.com\/abrahamic-family-house-in-abu-dhabi-to-open-in-2022\/\" \/>\n<meta property=\"og:site_name\" content=\"KEEP the FAITH\" \/>\n<meta property=\"article:publisher\" content=\"https:\/\/www.facebook.com\/ktfministry\" \/>\n<meta property=\"article:published_time\" content=\"2021-10-04T11:30:00+00:00\" \/>\n<meta property=\"article:modified_time\" content=\"2021-10-07T03:17:52+00:00\" \/>\n<meta property=\"og:image\" content=\"https:\/\/ktfnews.com\/wp-content\/uploads\/2021\/10\/skyscraper-4069198.jpg\" \/>\n\t<meta property=\"og:image:width\" content=\"1200\" \/>\n\t<meta property=\"og:image:height\" content=\"726\" \/>\n<meta name=\"twitter:card\" content=\"summary_large_image\" \/>\n<meta name=\"twitter:creator\" content=\"@ktfministry\" \/>\n<meta name=\"twitter:site\" content=\"@ktfministry\" \/>\n<meta name=\"twitter:label1\" content=\"Escrito por\" \/>\n\t<meta name=\"twitter:data1\" content=\"Pastor Hal Mayer\" \/>\n\t<meta name=\"twitter:label2\" content=\"Tiempo de lectura\" \/>\n\t<meta name=\"twitter:data2\" content=\"9 minutos\" \/>\n<script type=\"application\/ld+json\" class=\"yoast-schema-graph\">{\"@context\":\"https:\/\/schema.org\",\"@graph\":[{\"@type\":\"WebSite\",\"@id\":\"https:\/\/ktfnews.com\/#website\",\"url\":\"https:\/\/ktfnews.com\/\",\"name\":\"KEEP the FAITH\",\"description\":\"Preparing you for the final conflict between good and evil.\",\"potentialAction\":[{\"@type\":\"SearchAction\",\"target\":{\"@type\":\"EntryPoint\",\"urlTemplate\":\"https:\/\/ktfnews.com\/?s={search_term_string}\"},\"query-input\":\"required name=search_term_string\"}],\"inLanguage\":\"es\"},{\"@type\":\"ImageObject\",\"@id\":\"https:\/\/ktfnews.com\/abrahamic-family-house-in-abu-dhabi-to-open-in-2022\/#primaryimage\",\"inLanguage\":\"es\",\"url\":\"https:\/\/ktfnews.com\/wp-content\/uploads\/2021\/10\/skyscraper-4069198.jpg\",\"contentUrl\":\"https:\/\/ktfnews.com\/wp-content\/uploads\/2021\/10\/skyscraper-4069198.jpg\",\"width\":1200,\"height\":726},{\"@type\":\"WebPage\",\"@id\":\"https:\/\/ktfnews.com\/abrahamic-family-house-in-abu-dhabi-to-open-in-2022\/#webpage\",\"url\":\"https:\/\/ktfnews.com\/abrahamic-family-house-in-abu-dhabi-to-open-in-2022\/\",\"name\":\"[:en]Abrahamic Family House in Abu Dhabi to open in 2022[:es]La Casa de la Familia de Abraham en Abu Dhabi Abrir\\u00e1 sus Puertas en 2022[:] - KEEP the FAITH\",\"isPartOf\":{\"@id\":\"https:\/\/ktfnews.com\/#website\"},\"primaryImageOfPage\":{\"@id\":\"https:\/\/ktfnews.com\/abrahamic-family-house-in-abu-dhabi-to-open-in-2022\/#primaryimage\"},\"datePublished\":\"2021-10-04T11:30:00+00:00\",\"dateModified\":\"2021-10-07T03:17:52+00:00\",\"author\":{\"@id\":\"https:\/\/ktfnews.com\/#\/schema\/person\/ba4174513d9169cf8e229b7d8d60410d\"},\"breadcrumb\":{\"@id\":\"https:\/\/ktfnews.com\/abrahamic-family-house-in-abu-dhabi-to-open-in-2022\/#breadcrumb\"},\"inLanguage\":\"es\",\"potentialAction\":[{\"@type\":\"ReadAction\",\"target\":[\"https:\/\/ktfnews.com\/abrahamic-family-house-in-abu-dhabi-to-open-in-2022\/\"]}]},{\"@type\":\"BreadcrumbList\",\"@id\":\"https:\/\/ktfnews.com\/abrahamic-family-house-in-abu-dhabi-to-open-in-2022\/#breadcrumb\",\"itemListElement\":[{\"@type\":\"ListItem\",\"position\":1,\"name\":\"Home\",\"item\":\"https:\/\/ktfnews.com\/\"},{\"@type\":\"ListItem\",\"position\":2,\"name\":\"Briefings\",\"item\":\"https:\/\/ktfnews.com\/category\/briefings\/\"},{\"@type\":\"ListItem\",\"position\":3,\"name\":\"Prophetic Intelligence Briefings\",\"item\":\"https:\/\/ktfnews.com\/category\/briefings\/news\/\"},{\"@type\":\"ListItem\",\"position\":4,\"name\":\"Abrahamic Family House in Abu Dhabi to open in 2022\"}]},{\"@type\":\"Person\",\"@id\":\"https:\/\/ktfnews.com\/#\/schema\/person\/ba4174513d9169cf8e229b7d8d60410d\",\"name\":\"Pastor Hal Mayer\",\"image\":{\"@type\":\"ImageObject\",\"@id\":\"https:\/\/ktfnews.com\/#personlogo\",\"inLanguage\":\"es\",\"url\":\"https:\/\/secure.gravatar.com\/avatar\/051bac95ae650254c5a03467b9456599?s=96&d=mm&r=g\",\"contentUrl\":\"https:\/\/secure.gravatar.com\/avatar\/051bac95ae650254c5a03467b9456599?s=96&d=mm&r=g\",\"caption\":\"Pastor Hal Mayer\"},\"description\":\"Pastor Hal Mayer is speaker and director of Keep the Faith Ministry. For the last 20 years Pastor Mayer\\u2019s monthly prophetic analysis on CD and online has revealed the striking evidence of fulfilling prophecy to many thousands of subscribers all over the world. Pastor Mayer\\u2019s background in history and Bible prophecy give him unique insights and perspectives that have blessed many and helped them make a deeper commitment to the Lord. Keep the Faith Ministry helps those who want to keep abreast of fulfilling prophecy and who want to understand and navigate the unique and difficult circumstances of the end-times. Keep the Faith Ministry helps to prepare you for the second coming of Christ. Pastor Mayer is married to Betsy for more than 40 years. They have no children of their own. \\u201cThe times in which we live are thrilling, because the things prophesied in God\\u2019s word are actually coming to pass in this generation,\\u201d says Pastor Mayer. \\u201cIn a time when the distinctive end-time truths of God\\u2019s word are being censored, and life in this world is becoming more and more chaotic, Keep the Faith is a voice of strength and encouragement.\\u201d\",\"url\":\"https:\/\/ktfnews.com\/es\/author\/hal\/\"}]}<\/script>\n<!-- \/ Yoast SEO plugin. -->","yoast_head_json":{"robots":{"index":"index","follow":"follow","max-snippet":"max-snippet:-1","max-image-preview":"max-image-preview:large","max-video-preview":"max-video-preview:-1"},"canonical":"https:\/\/ktfnews.com\/abrahamic-family-house-in-abu-dhabi-to-open-in-2022\/","og_locale":"es_ES","og_type":"article","og_title":"[:en]Abrahamic Family House in Abu Dhabi to open in 2022[:es]La Casa de la Familia de Abraham en Abu Dhabi Abrir\u00e1 sus Puertas en 2022[:] - KEEP the FAITH","og_description":"Vatican News, por Robin Gomes: La Casa de la Familia Abrah\u00e1mica, que encierra una sinagoga, una iglesia y una mezquita en un solo complejo, y cuya inauguraci\u00f3n est\u00e1 prevista para 2022, se encuentra al 20% de su ejecuci\u00f3n, seg\u00fan inform\u00f3...","og_url":"https:\/\/ktfnews.com\/abrahamic-family-house-in-abu-dhabi-to-open-in-2022\/","og_site_name":"KEEP the FAITH","article_publisher":"https:\/\/www.facebook.com\/ktfministry","article_published_time":"2021-10-04T11:30:00+00:00","article_modified_time":"2021-10-07T03:17:52+00:00","og_image":[{"width":1200,"height":726,"url":"https:\/\/ktfnews.com\/wp-content\/uploads\/2021\/10\/skyscraper-4069198.jpg","type":"image\/jpeg"}],"twitter_card":"summary_large_image","twitter_creator":"@ktfministry","twitter_site":"@ktfministry","twitter_misc":{"Escrito por":"Pastor Hal Mayer","Tiempo de lectura":"9 minutos"},"schema":{"@context":"https:\/\/schema.org","@graph":[{"@type":"WebSite","@id":"https:\/\/ktfnews.com\/#website","url":"https:\/\/ktfnews.com\/","name":"KEEP the FAITH","description":"Preparing you for the final conflict between good and evil.","potentialAction":[{"@type":"SearchAction","target":{"@type":"EntryPoint","urlTemplate":"https:\/\/ktfnews.com\/?s={search_term_string}"},"query-input":"required name=search_term_string"}],"inLanguage":"es"},{"@type":"ImageObject","@id":"https:\/\/ktfnews.com\/abrahamic-family-house-in-abu-dhabi-to-open-in-2022\/#primaryimage","inLanguage":"es","url":"https:\/\/ktfnews.com\/wp-content\/uploads\/2021\/10\/skyscraper-4069198.jpg","contentUrl":"https:\/\/ktfnews.com\/wp-content\/uploads\/2021\/10\/skyscraper-4069198.jpg","width":1200,"height":726},{"@type":"WebPage","@id":"https:\/\/ktfnews.com\/abrahamic-family-house-in-abu-dhabi-to-open-in-2022\/#webpage","url":"https:\/\/ktfnews.com\/abrahamic-family-house-in-abu-dhabi-to-open-in-2022\/","name":"[:en]Abrahamic Family House in Abu Dhabi to open in 2022[:es]La Casa de la Familia de Abraham en Abu Dhabi Abrir\u00e1 sus Puertas en 2022[:] - KEEP the FAITH","isPartOf":{"@id":"https:\/\/ktfnews.com\/#website"},"primaryImageOfPage":{"@id":"https:\/\/ktfnews.com\/abrahamic-family-house-in-abu-dhabi-to-open-in-2022\/#primaryimage"},"datePublished":"2021-10-04T11:30:00+00:00","dateModified":"2021-10-07T03:17:52+00:00","author":{"@id":"https:\/\/ktfnews.com\/#\/schema\/person\/ba4174513d9169cf8e229b7d8d60410d"},"breadcrumb":{"@id":"https:\/\/ktfnews.com\/abrahamic-family-house-in-abu-dhabi-to-open-in-2022\/#breadcrumb"},"inLanguage":"es","potentialAction":[{"@type":"ReadAction","target":["https:\/\/ktfnews.com\/abrahamic-family-house-in-abu-dhabi-to-open-in-2022\/"]}]},{"@type":"BreadcrumbList","@id":"https:\/\/ktfnews.com\/abrahamic-family-house-in-abu-dhabi-to-open-in-2022\/#breadcrumb","itemListElement":[{"@type":"ListItem","position":1,"name":"Home","item":"https:\/\/ktfnews.com\/"},{"@type":"ListItem","position":2,"name":"Briefings","item":"https:\/\/ktfnews.com\/category\/briefings\/"},{"@type":"ListItem","position":3,"name":"Prophetic Intelligence Briefings","item":"https:\/\/ktfnews.com\/category\/briefings\/news\/"},{"@type":"ListItem","position":4,"name":"Abrahamic Family House in Abu Dhabi to open in 2022"}]},{"@type":"Person","@id":"https:\/\/ktfnews.com\/#\/schema\/person\/ba4174513d9169cf8e229b7d8d60410d","name":"Pastor Hal Mayer","image":{"@type":"ImageObject","@id":"https:\/\/ktfnews.com\/#personlogo","inLanguage":"es","url":"https:\/\/secure.gravatar.com\/avatar\/051bac95ae650254c5a03467b9456599?s=96&d=mm&r=g","contentUrl":"https:\/\/secure.gravatar.com\/avatar\/051bac95ae650254c5a03467b9456599?s=96&d=mm&r=g","caption":"Pastor Hal Mayer"},"description":"Pastor Hal Mayer is speaker and director of Keep the Faith Ministry. For the last 20 years Pastor Mayer\u2019s monthly prophetic analysis on CD and online has revealed the striking evidence of fulfilling prophecy to many thousands of subscribers all over the world. Pastor Mayer\u2019s background in history and Bible prophecy give him unique insights and perspectives that have blessed many and helped them make a deeper commitment to the Lord. Keep the Faith Ministry helps those who want to keep abreast of fulfilling prophecy and who want to understand and navigate the unique and difficult circumstances of the end-times. Keep the Faith Ministry helps to prepare you for the second coming of Christ. Pastor Mayer is married to Betsy for more than 40 years. They have no children of their own. \u201cThe times in which we live are thrilling, because the things prophesied in God\u2019s word are actually coming to pass in this generation,\u201d says Pastor Mayer. \u201cIn a time when the distinctive end-time truths of God\u2019s word are being censored, and life in this world is becoming more and more chaotic, Keep the Faith is a voice of strength and encouragement.\u201d","url":"https:\/\/ktfnews.com\/es\/author\/hal\/"}]}},"_links":{"self":[{"href":"https:\/\/ktfnews.com\/es\/wp-json\/wp\/v2\/posts\/22820"}],"collection":[{"href":"https:\/\/ktfnews.com\/es\/wp-json\/wp\/v2\/posts"}],"about":[{"href":"https:\/\/ktfnews.com\/es\/wp-json\/wp\/v2\/types\/post"}],"author":[{"embeddable":true,"href":"https:\/\/ktfnews.com\/es\/wp-json\/wp\/v2\/users\/6"}],"replies":[{"embeddable":true,"href":"https:\/\/ktfnews.com\/es\/wp-json\/wp\/v2\/comments?post=22820"}],"version-history":[{"count":2,"href":"https:\/\/ktfnews.com\/es\/wp-json\/wp\/v2\/posts\/22820\/revisions"}],"predecessor-version":[{"id":22866,"href":"https:\/\/ktfnews.com\/es\/wp-json\/wp\/v2\/posts\/22820\/revisions\/22866"}],"wp:featuredmedia":[{"embeddable":true,"href":"https:\/\/ktfnews.com\/es\/wp-json\/wp\/v2\/media\/22821"}],"wp:attachment":[{"href":"https:\/\/ktfnews.com\/es\/wp-json\/wp\/v2\/media?parent=22820"}],"wp:term":[{"taxonomy":"category","embeddable":true,"href":"https:\/\/ktfnews.com\/es\/wp-json\/wp\/v2\/categories?post=22820"},{"taxonomy":"post_tag","embeddable":true,"href":"https:\/\/ktfnews.com\/es\/wp-json\/wp\/v2\/tags?post=22820"}],"curies":[{"name":"wp","href":"https:\/\/api.w.org\/{rel}","templated":true}]}}