{"id":22476,"date":"2021-08-11T07:30:50","date_gmt":"2021-08-11T11:30:50","guid":{"rendered":"https:\/\/ktfnews.com\/?p=22476"},"modified":"2021-08-10T23:16:33","modified_gmt":"2021-08-11T03:16:33","slug":"anthony-fauci-political-operative","status":"publish","type":"post","link":"https:\/\/ktfnews.com\/es\/anthony-fauci-political-operative\/","title":{"rendered":"Anthony Fauci: Operativo Pol\u00edtico"},"content":{"rendered":"<p><i>CNS News<\/i>, \u00bfCu\u00e1ntas veces hemos escuchado el comentario de \u00abconf\u00eda en la ciencia\u00bb cuando se habla de los dictados de COVID-19 de nuestro gobierno? Parece que incluso en su estado de confusi\u00f3n; Biden puede decir a Estados Unidos que su pol\u00edtica de COVID se basa en \u00abla ciencia, no en la pol\u00edtica\u00bb. Pero uno de sus asesores, el Dr. Anthony Fauci, no s\u00f3lo es muy pol\u00edtico, sino tambi\u00e9n pol\u00e9mico. Entonces, \u00bfqui\u00e9n es Anthony Fauci?<\/p>\n<p>Anthony Fauci es \u00abun m\u00e9dico-cient\u00edfico e inmun\u00f3logo estadounidense que se desempe\u00f1a como director del Instituto Nacional de Alergias y Enfermedades Infecciosas de Estados Unidos y asesor m\u00e9dico principal del presidente\u00bb.<\/p>\n<p>No vemos que se describa a Fauci como un agente pol\u00edtico, aunque sus acciones sugieren lo contrario. Por ejemplo, Fauci se enorgulleci\u00f3 de anunciar a la junta ejecutiva de la Organizaci\u00f3n Mundial de la Salud que el presidente Joe Biden anular\u00e1 en breve la pol\u00edtica provida de la Ciudad de M\u00e9xico \u00abcomo parte de su compromiso m\u00e1s amplio de proteger la salud de las mujeres y avanzar en la igualdad de g\u00e9nero en casa y en todo el mundo\u00bb.<\/p>\n<p>Tambi\u00e9n hemos se\u00f1alado que, a lo largo de los a\u00f1os, Fauci ha estado asociado con el uso de c\u00e9lulas fetales en la investigaci\u00f3n del SIDA, as\u00ed como con la actual controversia que implica la investigaci\u00f3n de su agencia, financiada por los contribuyentes, con partes del cuerpo de un beb\u00e9. Como es habitual, las personas provida que se\u00f1alaron los defectos de las declaraciones de Fauci fueron tachadas de poco fiables, pero los hechos hablan por s\u00ed mismos.<\/p>\n<p>A pesar de su historial poco claro, el Dr. Fauci fue invitado al Vaticano para hablar sobre el coronavirus y las vacunas, acompa\u00f1ado por funcionarios de las empresas farmac\u00e9uticas Moderna y Pfizer. En retrospectiva, esto nos parece muy interesante porque el tema de la conferencia era \u00abExplorando la mente, el cuerpo y el alma&#8230;.C\u00f3mo la innovaci\u00f3n y los nuevos sistemas de administraci\u00f3n mejoran la salud humana\u00bb. Sin embargo, entre los ponentes se encontraban ejecutivos de empresas seculares con \u00e1nimo de lucro cuyo objetivo es el \u00e9xito financiero, que parece estar muy alejado del alimento espiritual para la mente o el alma.<\/p>\n<p>Steven Mosher, un respetado experto en China y sus t\u00e1cticas, expuso tambi\u00e9n a Fauci y el potencialmente peligroso esc\u00e1ndalo de la investigaci\u00f3n de ganancia de funci\u00f3n, diciendo en 2012 que Fauci estaba defendiendo la investigaci\u00f3n de ganancia de funci\u00f3n. A pesar del hecho, hubo una moratoria sobre dicha investigaci\u00f3n arriesgada.<\/p>\n<p>Entonces, \u00bfqu\u00e9 hicimos? Ense\u00f1amos a los cient\u00edficos chinos c\u00f3mo llevar a cabo la investigaci\u00f3n de ganancia de funci\u00f3n en nuestros propios laboratorios en Galveston y en la Universidad de Carolina del Norte &#8211; que es la investigaci\u00f3n financiada por Fauci. Y luego, para empeorar las cosas, enviamos dinero a China.<\/p>\n<p>Pero la parte m\u00e1s interesante de la historia reciente de Fauci es su salida de la Iglesia Cat\u00f3lica y sus razones para hacerlo. En 2020, aconsej\u00f3 a los cat\u00f3licos no recibir la Eucarist\u00eda y dijo que lo suger\u00eda \u00abcomo cat\u00f3lico\u00bb.<\/p>\n<p>Pero en una entrevista de 2003 con la revista Science, Fauci dijo \u00abA grandes rasgos y de forma gen\u00e9rica, no soy un asiduo a la iglesia. He evolucionado de ser una persona de religi\u00f3n cat\u00f3lica romana a alguien que intenta mantener un grado de espiritualidad. Me considero un humanista. Tengo fe en la bondad de la humanidad\u00bb.<\/p>\n<p>Y ahora, en 2021, la organizaci\u00f3n humanista ha concedido a Anthony Fauci el premio al Humanista del A\u00f1o. La Asociaci\u00f3n Humanista Americana define el humanismo como \u00abuna alternativa alegre a las religiones que creen en un dios sobrenatural y en la vida en un m\u00e1s all\u00e1. Los humanistas creen que \u00e9sta es la \u00fanica vida de la que tenemos un conocimiento cierto y que nos debemos a nosotros mismos y a los dem\u00e1s hacer de ella la mejor vida posible para nosotros y para todos aquellos con los que compartimos este fr\u00e1gil planeta.\u00bb<\/p>\n<p>El mero hecho de que una organizaci\u00f3n que niega a Dios haya elegido al Dr. Fauci como receptor de este premio dice todo lo que necesitamos saber sobre \u00e9l. El premio que recibi\u00f3 tambi\u00e9n ha sido otorgado a personas como el icono feminista Gloria Steinem, el fundador de la CNN Ted Turner, el defensor del control de la poblaci\u00f3n Werner Fornos, la ex presidenta de Planned Parenthood Federation of America Faye Wattleton, y la fundadora de Planned Parenthood Margaret Sanger, por nombrar s\u00f3lo algunos.<\/p>\n<p>Estar alineado con algunas de las peores personas contrarias a la vida subraya el problema del Dr. Fauci. Incluso Bill O&#8217;Reilly ha escrito sobre sus enga\u00f1os.<\/p>\n<p>El Dr. Anthony Fauci no es un defensor de la vida. Lamentablemente, tampoco es un amante de la verdad. Sin embargo, es nuestra tarea rezar por \u00e9l, recordando las palabras del sacerdote m\u00e1rtir San Maximiliano Kolbe:<\/p>\n<p>Nadie en el mundo puede cambiar la Verdad. Lo que podemos y debemos hacer es buscar la verdad y servirla cuando la hayamos encontrado. El verdadero conflicto es el conflicto interior. M\u00e1s all\u00e1 de los ej\u00e9rcitos de ocupaci\u00f3n y de las hecatombes de los campos de exterminio, hay dos enemigos irreconciliables en el fondo de cada alma: el bien y el mal, el pecado y el amor. \u00bfY de qu\u00e9 sirven las victorias en el campo de batalla si nosotros mismos somos derrotados en lo m\u00e1s \u00edntimo de nuestro ser?<\/p>\n<p>Nuestro comentario:<br \/>\nEsto fue escrito por un prominente cat\u00f3lico romano. Pero es obvio que Fauci y los mercaderes farmac\u00e9uticos de la tierra est\u00e1n confabulados con el Vaticano. <\/p>\n<p>Conexi\u00f3n Prof\u00e9tica:<br \/>\n\u201cLos mercaderes de estas cosas, que se han enriquecido a costa de ella, se parar\u00e1n lejos por el temor de su tormento, llorando y lamentando, y diciendo: !!Ay, ay, de la gran ciudad, que estaba vestida de lino fino, de p\u00farpura y de escarlata, y estaba adornada de oro, de piedras preciosas y de perlas! Porque en una hora han sido consumidas tantas riquezas. Y todo piloto, y todos los que viajan en naves, y marineros, y todos los que trabajan en el mar, se pararon lejos; y viendo el humo de su incendio, dieron voces, diciendo: \u00bfQu\u00e9 ciudad era semejante a esta gran ciudad? Y echaron polvo sobre sus cabezas, y dieron voces, llorando y lamentando, diciendo: !!Ay, ay de la gran ciudad, en la cual todos los que ten\u00edan naves en el mar se hab\u00edan enriquecido de sus riquezas; pues en una hora ha sido desolada!\u201d Apocalipsis 18:15-19.<\/p>\n<hr>\n<h3>Source References<\/h3>\n<ul>\n<li>\n<h5><a href=\"https:\/\/www.cnsnews.com\/commentary\/judie-brown\/anthony-fauci-political-operative\" target=\"_blank\">Anthony Fauci: Political Operative<\/a><\/h5>\n<\/li>\n<\/ul>\n<p><\/p>\n<!-- AddThis Advanced Settings generic via filter on the_content -->","protected":false},"excerpt":{"rendered":"<p>CNS News, \u00bfCu\u00e1ntas veces hemos escuchado el comentario de \u00abconf\u00eda en la ciencia\u00bb cuando se habla de los dictados de COVID-19 de nuestro gobierno? Parece que incluso en su estado de confusi\u00f3n; Biden puede decir a Estados Unidos que su&#8230;<!-- AddThis Advanced Settings generic via filter on wp_trim_excerpt --><\/p>\n","protected":false},"author":6,"featured_media":22478,"comment_status":"open","ping_status":"open","sticky":false,"template":"","format":"standard","meta":{"episode_type":"","audio_file":"","duration":"","filesize":"","date_recorded":"","explicit":"","block":"","filesize_raw":"","_FSMCFIC_featured_image_caption":"Image: D. Myles Cullen from Flickr.com","_FSMCFIC_featured_image_nocaption":null,"_FSMCFIC_featured_image_hide":null,"_links_to":"","_links_to_target":""},"categories":[722,32],"tags":[1892,2678,2719,103,420],"featured_image_urls":{"thumbnail":"https:\/\/ktfnews.com\/wp-content\/uploads\/2021\/08\/D.-Myles-Cullen-150x150.jpg","medium":"https:\/\/ktfnews.com\/wp-content\/uploads\/2021\/08\/D.-Myles-Cullen-300x200.jpg","medium_large":"https:\/\/ktfnews.com\/wp-content\/uploads\/2021\/08\/D.-Myles-Cullen-768x512.jpg","large":"https:\/\/ktfnews.com\/wp-content\/uploads\/2021\/08\/D.-Myles-Cullen-1024x682.jpg","team-small":"https:\/\/ktfnews.com\/wp-content\/uploads\/2021\/08\/D.-Myles-Cullen-138x162.jpg","team-overview":"https:\/\/ktfnews.com\/wp-content\/uploads\/2021\/08\/D.-Myles-Cullen-200x279.jpg","team-big":"https:\/\/ktfnews.com\/wp-content\/uploads\/2021\/08\/D.-Myles-Cullen-540x270.jpg","two-columns":"https:\/\/ktfnews.com\/wp-content\/uploads\/2021\/08\/D.-Myles-Cullen-379x242.jpg","one-column":"https:\/\/ktfnews.com\/wp-content\/uploads\/2021\/08\/D.-Myles-Cullen-379x242.jpg","mini-square":"https:\/\/ktfnews.com\/wp-content\/uploads\/2021\/08\/D.-Myles-Cullen-70x70.jpg","portfolio-widget-mainpage":"https:\/\/ktfnews.com\/wp-content\/uploads\/2021\/08\/D.-Myles-Cullen-335x195.jpg","portfolio-single-ajax":"https:\/\/ktfnews.com\/wp-content\/uploads\/2021\/08\/D.-Myles-Cullen-670x280.jpg","portfolio-single-big":"https:\/\/ktfnews.com\/wp-content\/uploads\/2021\/08\/D.-Myles-Cullen-685x480.jpg","portfolio-single-small":"https:\/\/ktfnews.com\/wp-content\/uploads\/2021\/08\/D.-Myles-Cullen-685x280.jpg","portfolio-single-full-big":"https:\/\/ktfnews.com\/wp-content\/uploads\/2021\/08\/D.-Myles-Cullen-960x590.jpg","portfolio-single-full-small":"https:\/\/ktfnews.com\/wp-content\/uploads\/2021\/08\/D.-Myles-Cullen-960x250.jpg","gallery-post":"https:\/\/ktfnews.com\/wp-content\/uploads\/2021\/08\/D.-Myles-Cullen-182x126.jpg","gallery-post-smaller":"https:\/\/ktfnews.com\/wp-content\/uploads\/2021\/08\/D.-Myles-Cullen-158x100.jpg","gallery-standard":"https:\/\/ktfnews.com\/wp-content\/uploads\/2021\/08\/D.-Myles-Cullen-257x169.jpg","tooltip-preview":"https:\/\/ktfnews.com\/wp-content\/uploads\/2021\/08\/D.-Myles-Cullen-227x133.jpg","widget-content-slider":"https:\/\/ktfnews.com\/wp-content\/uploads\/2021\/08\/D.-Myles-Cullen-230x137.jpg","post-top-articles":"https:\/\/ktfnews.com\/wp-content\/uploads\/2021\/08\/D.-Myles-Cullen-130x100.jpg","post-single-wide":"https:\/\/ktfnews.com\/wp-content\/uploads\/2021\/08\/D.-Myles-Cullen-595x360.jpg","post-single-wide-nocrop":"https:\/\/ktfnews.com\/wp-content\/uploads\/2021\/08\/D.-Myles-Cullen-595x396.jpg","post-single-wide-mobile":"https:\/\/ktfnews.com\/wp-content\/uploads\/2021\/08\/D.-Myles-Cullen-320x190.jpg","post-single-wide-small":"https:\/\/ktfnews.com\/wp-content\/uploads\/2021\/08\/D.-Myles-Cullen-595x190.jpg","post-single-square":"https:\/\/ktfnews.com\/wp-content\/uploads\/2021\/08\/D.-Myles-Cullen-120x120.jpg","post-single-full-small":"https:\/\/ktfnews.com\/wp-content\/uploads\/2021\/08\/D.-Myles-Cullen-950x360.jpg","post-single-full-big":"https:\/\/ktfnews.com\/wp-content\/uploads\/2021\/08\/D.-Myles-Cullen-950x590.jpg","photo-blog":"https:\/\/ktfnews.com\/wp-content\/uploads\/2021\/08\/D.-Myles-Cullen-768x512.jpg"},"appp_media":null,"yoast_head":"<!-- This site is optimized with the Yoast SEO plugin v17.3 - https:\/\/yoast.com\/wordpress\/plugins\/seo\/ -->\n<meta name=\"robots\" content=\"index, follow, max-snippet:-1, max-image-preview:large, max-video-preview:-1\" \/>\n<link rel=\"canonical\" href=\"https:\/\/ktfnews.com\/es\/anthony-fauci-political-operative\/\" \/>\n<meta property=\"og:locale\" content=\"es_ES\" \/>\n<meta property=\"og:type\" content=\"article\" \/>\n<meta property=\"og:title\" content=\"[:en]Anthony Fauci: Political Operative[:es]Anthony Fauci: Operativo Pol\u00edtico[:] - KEEP the FAITH\" \/>\n<meta property=\"og:description\" content=\"CNS News, \u00bfCu\u00e1ntas veces hemos escuchado el comentario de \u00abconf\u00eda en la ciencia\u00bb cuando se habla de los dictados de COVID-19 de nuestro gobierno? Parece que incluso en su estado de confusi\u00f3n; Biden puede decir a Estados Unidos que su...\" \/>\n<meta property=\"og:url\" content=\"https:\/\/ktfnews.com\/es\/anthony-fauci-political-operative\/\" \/>\n<meta property=\"og:site_name\" content=\"KEEP the FAITH\" \/>\n<meta property=\"article:publisher\" content=\"https:\/\/www.facebook.com\/ktfministry\" \/>\n<meta property=\"article:published_time\" content=\"2021-08-11T11:30:50+00:00\" \/>\n<meta property=\"article:modified_time\" content=\"2021-08-11T03:16:33+00:00\" \/>\n<meta property=\"og:image\" content=\"https:\/\/ktfnews.com\/wp-content\/uploads\/2021\/08\/D.-Myles-Cullen.jpg\" \/>\n\t<meta property=\"og:image:width\" content=\"1300\" \/>\n\t<meta property=\"og:image:height\" content=\"866\" \/>\n<meta name=\"twitter:card\" content=\"summary_large_image\" \/>\n<meta name=\"twitter:creator\" content=\"@ktfministry\" \/>\n<meta name=\"twitter:site\" content=\"@ktfministry\" \/>\n<meta name=\"twitter:label1\" content=\"Escrito por\" \/>\n\t<meta name=\"twitter:data1\" content=\"Pastor Hal Mayer\" \/>\n\t<meta name=\"twitter:label2\" content=\"Tiempo de lectura\" \/>\n\t<meta name=\"twitter:data2\" content=\"11 minutos\" \/>\n<script type=\"application\/ld+json\" class=\"yoast-schema-graph\">{\"@context\":\"https:\/\/schema.org\",\"@graph\":[{\"@type\":\"WebSite\",\"@id\":\"https:\/\/ktfnews.com\/#website\",\"url\":\"https:\/\/ktfnews.com\/\",\"name\":\"KEEP the FAITH\",\"description\":\"Preparing you for the final conflict between good and evil.\",\"potentialAction\":[{\"@type\":\"SearchAction\",\"target\":{\"@type\":\"EntryPoint\",\"urlTemplate\":\"https:\/\/ktfnews.com\/?s={search_term_string}\"},\"query-input\":\"required name=search_term_string\"}],\"inLanguage\":\"es\"},{\"@type\":\"ImageObject\",\"@id\":\"https:\/\/ktfnews.com\/es\/anthony-fauci-political-operative\/#primaryimage\",\"inLanguage\":\"es\",\"url\":\"https:\/\/ktfnews.com\/wp-content\/uploads\/2021\/08\/D.-Myles-Cullen.jpg\",\"contentUrl\":\"https:\/\/ktfnews.com\/wp-content\/uploads\/2021\/08\/D.-Myles-Cullen.jpg\",\"width\":1300,\"height\":866},{\"@type\":\"WebPage\",\"@id\":\"https:\/\/ktfnews.com\/es\/anthony-fauci-political-operative\/#webpage\",\"url\":\"https:\/\/ktfnews.com\/es\/anthony-fauci-political-operative\/\",\"name\":\"[:en]Anthony Fauci: Political Operative[:es]Anthony Fauci: Operativo Pol\\u00edtico[:] - KEEP the FAITH\",\"isPartOf\":{\"@id\":\"https:\/\/ktfnews.com\/#website\"},\"primaryImageOfPage\":{\"@id\":\"https:\/\/ktfnews.com\/es\/anthony-fauci-political-operative\/#primaryimage\"},\"datePublished\":\"2021-08-11T11:30:50+00:00\",\"dateModified\":\"2021-08-11T03:16:33+00:00\",\"author\":{\"@id\":\"https:\/\/ktfnews.com\/#\/schema\/person\/ba4174513d9169cf8e229b7d8d60410d\"},\"breadcrumb\":{\"@id\":\"https:\/\/ktfnews.com\/es\/anthony-fauci-political-operative\/#breadcrumb\"},\"inLanguage\":\"es\",\"potentialAction\":[{\"@type\":\"ReadAction\",\"target\":[\"https:\/\/ktfnews.com\/es\/anthony-fauci-political-operative\/\"]}]},{\"@type\":\"BreadcrumbList\",\"@id\":\"https:\/\/ktfnews.com\/es\/anthony-fauci-political-operative\/#breadcrumb\",\"itemListElement\":[{\"@type\":\"ListItem\",\"position\":1,\"name\":\"Home\",\"item\":\"https:\/\/ktfnews.com\/\"},{\"@type\":\"ListItem\",\"position\":2,\"name\":\"Briefings\",\"item\":\"https:\/\/ktfnews.com\/category\/briefings\/\"},{\"@type\":\"ListItem\",\"position\":3,\"name\":\"Anthony Fauci: Political Operative\"}]},{\"@type\":\"Person\",\"@id\":\"https:\/\/ktfnews.com\/#\/schema\/person\/ba4174513d9169cf8e229b7d8d60410d\",\"name\":\"Pastor Hal Mayer\",\"image\":{\"@type\":\"ImageObject\",\"@id\":\"https:\/\/ktfnews.com\/#personlogo\",\"inLanguage\":\"es\",\"url\":\"https:\/\/secure.gravatar.com\/avatar\/051bac95ae650254c5a03467b9456599?s=96&d=mm&r=g\",\"contentUrl\":\"https:\/\/secure.gravatar.com\/avatar\/051bac95ae650254c5a03467b9456599?s=96&d=mm&r=g\",\"caption\":\"Pastor Hal Mayer\"},\"description\":\"Pastor Hal Mayer is speaker and director of Keep the Faith Ministry. For the last 20 years Pastor Mayer\\u2019s monthly prophetic analysis on CD and online has revealed the striking evidence of fulfilling prophecy to many thousands of subscribers all over the world. Pastor Mayer\\u2019s background in history and Bible prophecy give him unique insights and perspectives that have blessed many and helped them make a deeper commitment to the Lord. Keep the Faith Ministry helps those who want to keep abreast of fulfilling prophecy and who want to understand and navigate the unique and difficult circumstances of the end-times. Keep the Faith Ministry helps to prepare you for the second coming of Christ. Pastor Mayer is married to Betsy for more than 40 years. They have no children of their own. \\u201cThe times in which we live are thrilling, because the things prophesied in God\\u2019s word are actually coming to pass in this generation,\\u201d says Pastor Mayer. \\u201cIn a time when the distinctive end-time truths of God\\u2019s word are being censored, and life in this world is becoming more and more chaotic, Keep the Faith is a voice of strength and encouragement.\\u201d\",\"url\":\"https:\/\/ktfnews.com\/es\/author\/hal\/\"}]}<\/script>\n<!-- \/ Yoast SEO plugin. -->","yoast_head_json":{"robots":{"index":"index","follow":"follow","max-snippet":"max-snippet:-1","max-image-preview":"max-image-preview:large","max-video-preview":"max-video-preview:-1"},"canonical":"https:\/\/ktfnews.com\/es\/anthony-fauci-political-operative\/","og_locale":"es_ES","og_type":"article","og_title":"[:en]Anthony Fauci: Political Operative[:es]Anthony Fauci: Operativo Pol\u00edtico[:] - KEEP the FAITH","og_description":"CNS News, \u00bfCu\u00e1ntas veces hemos escuchado el comentario de \u00abconf\u00eda en la ciencia\u00bb cuando se habla de los dictados de COVID-19 de nuestro gobierno? Parece que incluso en su estado de confusi\u00f3n; Biden puede decir a Estados Unidos que su...","og_url":"https:\/\/ktfnews.com\/es\/anthony-fauci-political-operative\/","og_site_name":"KEEP the FAITH","article_publisher":"https:\/\/www.facebook.com\/ktfministry","article_published_time":"2021-08-11T11:30:50+00:00","article_modified_time":"2021-08-11T03:16:33+00:00","og_image":[{"width":1300,"height":866,"url":"https:\/\/ktfnews.com\/wp-content\/uploads\/2021\/08\/D.-Myles-Cullen.jpg","type":"image\/jpeg"}],"twitter_card":"summary_large_image","twitter_creator":"@ktfministry","twitter_site":"@ktfministry","twitter_misc":{"Escrito por":"Pastor Hal Mayer","Tiempo de lectura":"11 minutos"},"schema":{"@context":"https:\/\/schema.org","@graph":[{"@type":"WebSite","@id":"https:\/\/ktfnews.com\/#website","url":"https:\/\/ktfnews.com\/","name":"KEEP the FAITH","description":"Preparing you for the final conflict between good and evil.","potentialAction":[{"@type":"SearchAction","target":{"@type":"EntryPoint","urlTemplate":"https:\/\/ktfnews.com\/?s={search_term_string}"},"query-input":"required name=search_term_string"}],"inLanguage":"es"},{"@type":"ImageObject","@id":"https:\/\/ktfnews.com\/es\/anthony-fauci-political-operative\/#primaryimage","inLanguage":"es","url":"https:\/\/ktfnews.com\/wp-content\/uploads\/2021\/08\/D.-Myles-Cullen.jpg","contentUrl":"https:\/\/ktfnews.com\/wp-content\/uploads\/2021\/08\/D.-Myles-Cullen.jpg","width":1300,"height":866},{"@type":"WebPage","@id":"https:\/\/ktfnews.com\/es\/anthony-fauci-political-operative\/#webpage","url":"https:\/\/ktfnews.com\/es\/anthony-fauci-political-operative\/","name":"[:en]Anthony Fauci: Political Operative[:es]Anthony Fauci: Operativo Pol\u00edtico[:] - KEEP the FAITH","isPartOf":{"@id":"https:\/\/ktfnews.com\/#website"},"primaryImageOfPage":{"@id":"https:\/\/ktfnews.com\/es\/anthony-fauci-political-operative\/#primaryimage"},"datePublished":"2021-08-11T11:30:50+00:00","dateModified":"2021-08-11T03:16:33+00:00","author":{"@id":"https:\/\/ktfnews.com\/#\/schema\/person\/ba4174513d9169cf8e229b7d8d60410d"},"breadcrumb":{"@id":"https:\/\/ktfnews.com\/es\/anthony-fauci-political-operative\/#breadcrumb"},"inLanguage":"es","potentialAction":[{"@type":"ReadAction","target":["https:\/\/ktfnews.com\/es\/anthony-fauci-political-operative\/"]}]},{"@type":"BreadcrumbList","@id":"https:\/\/ktfnews.com\/es\/anthony-fauci-political-operative\/#breadcrumb","itemListElement":[{"@type":"ListItem","position":1,"name":"Home","item":"https:\/\/ktfnews.com\/"},{"@type":"ListItem","position":2,"name":"Briefings","item":"https:\/\/ktfnews.com\/category\/briefings\/"},{"@type":"ListItem","position":3,"name":"Anthony Fauci: Political Operative"}]},{"@type":"Person","@id":"https:\/\/ktfnews.com\/#\/schema\/person\/ba4174513d9169cf8e229b7d8d60410d","name":"Pastor Hal Mayer","image":{"@type":"ImageObject","@id":"https:\/\/ktfnews.com\/#personlogo","inLanguage":"es","url":"https:\/\/secure.gravatar.com\/avatar\/051bac95ae650254c5a03467b9456599?s=96&d=mm&r=g","contentUrl":"https:\/\/secure.gravatar.com\/avatar\/051bac95ae650254c5a03467b9456599?s=96&d=mm&r=g","caption":"Pastor Hal Mayer"},"description":"Pastor Hal Mayer is speaker and director of Keep the Faith Ministry. For the last 20 years Pastor Mayer\u2019s monthly prophetic analysis on CD and online has revealed the striking evidence of fulfilling prophecy to many thousands of subscribers all over the world. Pastor Mayer\u2019s background in history and Bible prophecy give him unique insights and perspectives that have blessed many and helped them make a deeper commitment to the Lord. Keep the Faith Ministry helps those who want to keep abreast of fulfilling prophecy and who want to understand and navigate the unique and difficult circumstances of the end-times. Keep the Faith Ministry helps to prepare you for the second coming of Christ. Pastor Mayer is married to Betsy for more than 40 years. They have no children of their own. \u201cThe times in which we live are thrilling, because the things prophesied in God\u2019s word are actually coming to pass in this generation,\u201d says Pastor Mayer. \u201cIn a time when the distinctive end-time truths of God\u2019s word are being censored, and life in this world is becoming more and more chaotic, Keep the Faith is a voice of strength and encouragement.\u201d","url":"https:\/\/ktfnews.com\/es\/author\/hal\/"}]}},"_links":{"self":[{"href":"https:\/\/ktfnews.com\/es\/wp-json\/wp\/v2\/posts\/22476"}],"collection":[{"href":"https:\/\/ktfnews.com\/es\/wp-json\/wp\/v2\/posts"}],"about":[{"href":"https:\/\/ktfnews.com\/es\/wp-json\/wp\/v2\/types\/post"}],"author":[{"embeddable":true,"href":"https:\/\/ktfnews.com\/es\/wp-json\/wp\/v2\/users\/6"}],"replies":[{"embeddable":true,"href":"https:\/\/ktfnews.com\/es\/wp-json\/wp\/v2\/comments?post=22476"}],"version-history":[{"count":2,"href":"https:\/\/ktfnews.com\/es\/wp-json\/wp\/v2\/posts\/22476\/revisions"}],"predecessor-version":[{"id":22479,"href":"https:\/\/ktfnews.com\/es\/wp-json\/wp\/v2\/posts\/22476\/revisions\/22479"}],"wp:featuredmedia":[{"embeddable":true,"href":"https:\/\/ktfnews.com\/es\/wp-json\/wp\/v2\/media\/22478"}],"wp:attachment":[{"href":"https:\/\/ktfnews.com\/es\/wp-json\/wp\/v2\/media?parent=22476"}],"wp:term":[{"taxonomy":"category","embeddable":true,"href":"https:\/\/ktfnews.com\/es\/wp-json\/wp\/v2\/categories?post=22476"},{"taxonomy":"post_tag","embeddable":true,"href":"https:\/\/ktfnews.com\/es\/wp-json\/wp\/v2\/tags?post=22476"}],"curies":[{"name":"wp","href":"https:\/\/api.w.org\/{rel}","templated":true}]}}