{"id":22402,"date":"2021-07-30T07:30:54","date_gmt":"2021-07-30T11:30:54","guid":{"rendered":"https:\/\/ktfnews.com\/?p=22402"},"modified":"2021-07-30T00:42:08","modified_gmt":"2021-07-30T04:42:08","slug":"blm-fire-praising-cuba-condemning-us-cubans-protest-communist-regime","status":"publish","type":"post","link":"https:\/\/ktfnews.com\/es\/blm-fire-praising-cuba-condemning-us-cubans-protest-communist-regime\/","title":{"rendered":"BLM es Criticado por Alabar a Cuba y Condenar a EE.UU. Mientras los Cubanos Protestan Contra el R\u00e9gimen Comunista"},"content":{"rendered":"<p><i>The Christian Post<\/i>, por Emily Wood:  Black Lives Matter es objeto de cr\u00edticas por elogiar al gobierno de Cuba y criticar a Estados Unidos mientras el pa\u00eds insular se encuentra en plena agitaci\u00f3n pol\u00edtica y los cubanos exigen libertad tras a\u00f1os de represi\u00f3n comunista. <\/p>\n<p>Miles de cubanos indignados han protestado en las calles durante d\u00edas mientras luchan por la libertad de un r\u00e9gimen comunista y luchan contra la escasez de alimentos y la subida de precios.<\/p>\n<p>Black Lives Matter culp\u00f3 a Estados Unidos, lo que provoc\u00f3 cr\u00edticas a la organizaci\u00f3n activista. <\/p>\n<p>\u00abBlack Lives Matter condena el trato inhumano del gobierno federal de Estados Unidos a los cubanos, y le insta a levantar inmediatamente el embargo econ\u00f3mico\u00bb, subray\u00f3 BLM en un comunicado publicado el mi\u00e9rcoles. <\/p>\n<p>\u00abEsta pol\u00edtica cruel e inhumana, instituida con la intenci\u00f3n expl\u00edcita de desestabilizar el pa\u00eds y socavar el derecho de los cubanos a elegir su propio gobierno, est\u00e1 en el coraz\u00f3n de la crisis actual de Cuba\u00bb.<\/p>\n<p>La declaraci\u00f3n de BLM fue criticada en las redes sociales por muchos, incluido el senador republicano por Texas Ted Cruz, hijo de un inmigrante cubano. Calific\u00f3 la declaraci\u00f3n de \u00abvergonzosa\u00bb.<\/p>\n<p>\u00ab&#8230; El grupo Black Lives Matter (financiado por los principales actores de la Am\u00e9rica corporativa) fue fundado por marxistas declarados y &#8211; mientras millones de cubanos arriesgan sus vidas para levantarse por la libertad &#8211; BLM est\u00e1 con &#8230; la dictadura comunista\u00bb, tuite\u00f3 Cruz. <\/p>\n<p>El senador republicano Marco Rubio, un cubano-americano, tambi\u00e9n critic\u00f3 la alabanza de BLM al \u00abr\u00e9gimen comunista de Cuba\u00bb.<\/p>\n<p>\u00abLa red de extorsi\u00f3n conocida como la organizaci\u00f3n Black Lives Matter se tom\u00f3 un descanso hoy de sacudir a las corporaciones por millones y comprarse mansiones para compartir su apoyo al r\u00e9gimen comunista en #Cuba\u00bb, tuite\u00f3 Rubio.<\/p>\n<p>Hillel Neuer, un abogado internacional nacido en Canad\u00e1 y director ejecutivo de United Nations Watch, acus\u00f3 a BLM de ponerse del lado del opresor, se\u00f1alando c\u00f3mo \u00aben Cuba, un r\u00e9gimen represivo est\u00e1 disparando contra manifestantes pac\u00edficos.\u00bb<\/p>\n<p>El senador republicano de Missouri Josh Hawley declar\u00f3 c\u00f3mo BLM est\u00e1 apoyando a la \u00abbrutal y opresiva dictadura de Cuba\u00bb.<\/p>\n<p>BLM afirm\u00f3 que Estados Unidos \u00abha impuesto el dolor y el sufrimiento al pueblo de Cuba\u00bb desde la d\u00e9cada de 1960 al cortarle los alimentos, las medicinas y los suministros. <\/p>\n<p>BLM tambi\u00e9n aleg\u00f3 que el pueblo de Cuba \u00abest\u00e1 siendo castigado por el gobierno de Estados Unidos porque el pa\u00eds ha mantenido su compromiso con la soberan\u00eda y la autodeterminaci\u00f3n\u00bb, diciendo que los l\u00edderes estadounidenses trataron de \u00abaplastar esta Revoluci\u00f3n durante d\u00e9cadas\u00bb.<\/p>\n<p>La organizaci\u00f3n tambi\u00e9n elogi\u00f3 a Cuba por mostrar su solidaridad con \u00ablos pueblos afrodescendientes oprimidos\u00bb y \u00abproteger a los revolucionarios negros\u00bb.<\/p>\n<p>La organizaci\u00f3n activista dijo que el gobierno estadounidense \u00abinstig\u00f3 el sufrimiento\u00bb del pa\u00eds insular, de unos 11 millones de habitantes, debido al embargo econ\u00f3mico, que restringe las actividades comerciales entre Estados Unidos y Cuba. <\/p>\n<p>El presidente John F. Kennedy impuso el embargo en febrero de 1962 en respuesta a las acciones del gobierno cubano. <\/p>\n<p>\u00abAhora, esperamos que el presidente Biden ponga fin al embargo, algo que Barack Obama pidi\u00f3 en 2016\u00bb, dijo BLM. \u00abEste embargo es una flagrante violaci\u00f3n de los derechos humanos y debe llegar a su fin\u00bb.<\/p>\n<p>El presidente cubano, Miguel D\u00edaz-Canel, reconoci\u00f3 que el gobierno tiene parte de la culpa de la grave situaci\u00f3n del pa\u00eds, pero tambi\u00e9n culp\u00f3 a Estados Unidos por su \u00abcruel\u00bb embargo, inform\u00f3 NBC News. <\/p>\n<p>El gobierno de Biden no ha denunciado el r\u00e9gimen comunista opresivo de Cuba tras las protestas. <\/p>\n<p>\u00abEs realmente impactante ver que esos manifestantes mientras caminan por las calles de La Habana, est\u00e1n agitando banderas estadounidenses\u00bb, dijo Cruz en Fox News el jueves.<\/p>\n<p>\u00abLo mismo que agitaban los manifestantes en Hong Kong, porque la bandera estadounidense en todo el mundo es un s\u00edmbolo de libertad, y el liderazgo estadounidense deber\u00eda estar junto a los oprimidos y defender la libertad\u00bb.<\/p>\n<p>Cruz pidi\u00f3 a la administraci\u00f3n de Biden que haga un llamado a la \u00abmalvada\u00bb dictadura comunista de Cuba.<\/p>\n<p>\u00abLa gente que protesta en las calles de Cuba no est\u00e1 protestando por la mala gesti\u00f3n\u00bb, tuite\u00f3 Cruz. \u00abNo est\u00e1n cantando &#8216;gestionar mejor&#8217;. Est\u00e1n cantando &#8216;libertad&#8217;. Est\u00e1n cantando &#8216;libertad&#8217;. Pero Biden y Harris no est\u00e1n dispuestos a hablar claramente y decir que la dictadura comunista en Cuba es mala.\u00bb<\/p>\n<p>Rubio advirti\u00f3 que habr\u00eda un \u00abba\u00f1o de sangre [en Cuba] a 90 millas de nuestras costas\u00bb si Estados Unidos no moviliza una respuesta internacional.<\/p>\n<p>En el pasado, algunos han expresado su preocupaci\u00f3n por la admisi\u00f3n de la cofundadora de BLM de que ella y otro cofundador son \u00abmarxistas entrenados\u00bb. <\/p>\n<p>Conexi\u00f3n Prof\u00e9tica:<br \/>\n\u201cAl mismo tiempo la anarqu\u00eda trata de hacer desaparecer toda ley, no solo divina sino humana. La concentraci\u00f3n de la riqueza y el poder, las vastas combinaciones hechas para el enriquecimiento de unos pocos a expensas de la mayor\u00eda; la uni\u00f3n de las clases m\u00e1s pobres para organizar la defensa de sus intereses y derechos; el esp\u00edritu de inquietud, desorden y derramamiento de sangre; la propagaci\u00f3n mundial de las mismas ense\u00f1anzas que produjeron la Revoluci\u00f3n Francesa, tienden a envolver al mundo entero en una lucha similar a la que convulsion\u00f3 a Francia.\u201d <i>La Educaci\u00f3n<\/i>, p\u00e1g. 206.<\/p>\n<hr>\n<h3>Source References<\/h3>\n<ul>\n<li>\n<h5><a href=\"https:\/\/www.christianpost.com\/news\/blm-under-fire-for-defending-cuba-amid-protest-of-communist-govt.html\" target=\"_blank\">BLM under fire for praising Cuba, condemning US as Cubans protest communist regime33<\/a><\/h5>\n<\/li>\n<\/ul>\n<p><\/p>\n<!-- AddThis Advanced Settings generic via filter on the_content -->","protected":false},"excerpt":{"rendered":"<p>The Christian Post, por Emily Wood: Black Lives Matter es objeto de cr\u00edticas por elogiar al gobierno de Cuba y criticar a Estados Unidos mientras el pa\u00eds insular se encuentra en plena agitaci\u00f3n pol\u00edtica y los cubanos exigen libertad tras&#8230;<!-- AddThis Advanced Settings generic via filter on wp_trim_excerpt --><\/p>\n","protected":false},"author":6,"featured_media":22405,"comment_status":"open","ping_status":"open","sticky":false,"template":"","format":"standard","meta":{"episode_type":"","audio_file":"","duration":"","filesize":"","date_recorded":"","explicit":"","block":"","filesize_raw":"","_FSMCFIC_featured_image_caption":"Image: Wikimedia Commons","_FSMCFIC_featured_image_nocaption":null,"_FSMCFIC_featured_image_hide":null,"_links_to":"","_links_to_target":""},"categories":[722,32],"tags":[1892,2727,764,888,2698,420],"featured_image_urls":{"thumbnail":"https:\/\/ktfnews.com\/wp-content\/uploads\/2021\/07\/2021_Cuban_government_protest_in_Naples_Florida-150x150.jpg","medium":"https:\/\/ktfnews.com\/wp-content\/uploads\/2021\/07\/2021_Cuban_government_protest_in_Naples_Florida-300x169.jpg","medium_large":"https:\/\/ktfnews.com\/wp-content\/uploads\/2021\/07\/2021_Cuban_government_protest_in_Naples_Florida-768x432.jpg","large":"https:\/\/ktfnews.com\/wp-content\/uploads\/2021\/07\/2021_Cuban_government_protest_in_Naples_Florida-1024x576.jpg","team-small":"https:\/\/ktfnews.com\/wp-content\/uploads\/2021\/07\/2021_Cuban_government_protest_in_Naples_Florida-138x162.jpg","team-overview":"https:\/\/ktfnews.com\/wp-content\/uploads\/2021\/07\/2021_Cuban_government_protest_in_Naples_Florida-200x279.jpg","team-big":"https:\/\/ktfnews.com\/wp-content\/uploads\/2021\/07\/2021_Cuban_government_protest_in_Naples_Florida-540x270.jpg","two-columns":"https:\/\/ktfnews.com\/wp-content\/uploads\/2021\/07\/2021_Cuban_government_protest_in_Naples_Florida-379x242.jpg","one-column":"https:\/\/ktfnews.com\/wp-content\/uploads\/2021\/07\/2021_Cuban_government_protest_in_Naples_Florida-379x242.jpg","mini-square":"https:\/\/ktfnews.com\/wp-content\/uploads\/2021\/07\/2021_Cuban_government_protest_in_Naples_Florida-70x70.jpg","portfolio-widget-mainpage":"https:\/\/ktfnews.com\/wp-content\/uploads\/2021\/07\/2021_Cuban_government_protest_in_Naples_Florida-335x195.jpg","portfolio-single-ajax":"https:\/\/ktfnews.com\/wp-content\/uploads\/2021\/07\/2021_Cuban_government_protest_in_Naples_Florida-670x280.jpg","portfolio-single-big":"https:\/\/ktfnews.com\/wp-content\/uploads\/2021\/07\/2021_Cuban_government_protest_in_Naples_Florida-685x480.jpg","portfolio-single-small":"https:\/\/ktfnews.com\/wp-content\/uploads\/2021\/07\/2021_Cuban_government_protest_in_Naples_Florida-685x280.jpg","portfolio-single-full-big":"https:\/\/ktfnews.com\/wp-content\/uploads\/2021\/07\/2021_Cuban_government_protest_in_Naples_Florida-960x590.jpg","portfolio-single-full-small":"https:\/\/ktfnews.com\/wp-content\/uploads\/2021\/07\/2021_Cuban_government_protest_in_Naples_Florida-960x250.jpg","gallery-post":"https:\/\/ktfnews.com\/wp-content\/uploads\/2021\/07\/2021_Cuban_government_protest_in_Naples_Florida-182x126.jpg","gallery-post-smaller":"https:\/\/ktfnews.com\/wp-content\/uploads\/2021\/07\/2021_Cuban_government_protest_in_Naples_Florida-158x100.jpg","gallery-standard":"https:\/\/ktfnews.com\/wp-content\/uploads\/2021\/07\/2021_Cuban_government_protest_in_Naples_Florida-257x169.jpg","tooltip-preview":"https:\/\/ktfnews.com\/wp-content\/uploads\/2021\/07\/2021_Cuban_government_protest_in_Naples_Florida-227x133.jpg","widget-content-slider":"https:\/\/ktfnews.com\/wp-content\/uploads\/2021\/07\/2021_Cuban_government_protest_in_Naples_Florida-230x137.jpg","post-top-articles":"https:\/\/ktfnews.com\/wp-content\/uploads\/2021\/07\/2021_Cuban_government_protest_in_Naples_Florida-130x100.jpg","post-single-wide":"https:\/\/ktfnews.com\/wp-content\/uploads\/2021\/07\/2021_Cuban_government_protest_in_Naples_Florida-595x360.jpg","post-single-wide-nocrop":"https:\/\/ktfnews.com\/wp-content\/uploads\/2021\/07\/2021_Cuban_government_protest_in_Naples_Florida-595x335.jpg","post-single-wide-mobile":"https:\/\/ktfnews.com\/wp-content\/uploads\/2021\/07\/2021_Cuban_government_protest_in_Naples_Florida-320x190.jpg","post-single-wide-small":"https:\/\/ktfnews.com\/wp-content\/uploads\/2021\/07\/2021_Cuban_government_protest_in_Naples_Florida-595x190.jpg","post-single-square":"https:\/\/ktfnews.com\/wp-content\/uploads\/2021\/07\/2021_Cuban_government_protest_in_Naples_Florida-120x120.jpg","post-single-full-small":"https:\/\/ktfnews.com\/wp-content\/uploads\/2021\/07\/2021_Cuban_government_protest_in_Naples_Florida-950x360.jpg","post-single-full-big":"https:\/\/ktfnews.com\/wp-content\/uploads\/2021\/07\/2021_Cuban_government_protest_in_Naples_Florida-950x590.jpg","photo-blog":"https:\/\/ktfnews.com\/wp-content\/uploads\/2021\/07\/2021_Cuban_government_protest_in_Naples_Florida-768x432.jpg"},"appp_media":null,"yoast_head":"<!-- This site is optimized with the Yoast SEO plugin v17.3 - https:\/\/yoast.com\/wordpress\/plugins\/seo\/ -->\n<meta name=\"robots\" content=\"index, follow, max-snippet:-1, max-image-preview:large, max-video-preview:-1\" \/>\n<link rel=\"canonical\" href=\"https:\/\/ktfnews.com\/blm-fire-praising-cuba-condemning-us-cubans-protest-communist-regime\/\" \/>\n<meta property=\"og:locale\" content=\"es_ES\" \/>\n<meta property=\"og:type\" content=\"article\" \/>\n<meta property=\"og:title\" content=\"[:en]BLM under fire for praising Cuba, condemning US as Cubans protest communist regime[:es]BLM es Criticado por Alabar a Cuba y Condenar a EE.UU. Mientras los Cubanos Protestan Contra el R\u00e9gimen Comunista[:] - KEEP the FAITH\" \/>\n<meta property=\"og:description\" content=\"The Christian Post, por Emily Wood: Black Lives Matter es objeto de cr\u00edticas por elogiar al gobierno de Cuba y criticar a Estados Unidos mientras el pa\u00eds insular se encuentra en plena agitaci\u00f3n pol\u00edtica y los cubanos exigen libertad tras...\" \/>\n<meta property=\"og:url\" content=\"https:\/\/ktfnews.com\/blm-fire-praising-cuba-condemning-us-cubans-protest-communist-regime\/\" \/>\n<meta property=\"og:site_name\" content=\"KEEP the FAITH\" \/>\n<meta property=\"article:publisher\" content=\"https:\/\/www.facebook.com\/ktfministry\" \/>\n<meta property=\"article:published_time\" content=\"2021-07-30T11:30:54+00:00\" \/>\n<meta property=\"article:modified_time\" content=\"2021-07-30T04:42:08+00:00\" \/>\n<meta property=\"og:image\" content=\"https:\/\/ktfnews.com\/wp-content\/uploads\/2021\/07\/2021_Cuban_government_protest_in_Naples_Florida.jpg\" \/>\n\t<meta property=\"og:image:width\" content=\"1280\" \/>\n\t<meta property=\"og:image:height\" content=\"720\" \/>\n<meta name=\"twitter:card\" content=\"summary_large_image\" \/>\n<meta name=\"twitter:creator\" content=\"@ktfministry\" \/>\n<meta name=\"twitter:site\" content=\"@ktfministry\" \/>\n<meta name=\"twitter:label1\" content=\"Escrito por\" \/>\n\t<meta name=\"twitter:data1\" content=\"Pastor Hal Mayer\" \/>\n\t<meta name=\"twitter:label2\" content=\"Tiempo de lectura\" \/>\n\t<meta name=\"twitter:data2\" content=\"9 minutos\" \/>\n<script type=\"application\/ld+json\" class=\"yoast-schema-graph\">{\"@context\":\"https:\/\/schema.org\",\"@graph\":[{\"@type\":\"WebSite\",\"@id\":\"https:\/\/ktfnews.com\/#website\",\"url\":\"https:\/\/ktfnews.com\/\",\"name\":\"KEEP the FAITH\",\"description\":\"Preparing you for the final conflict between good and evil.\",\"potentialAction\":[{\"@type\":\"SearchAction\",\"target\":{\"@type\":\"EntryPoint\",\"urlTemplate\":\"https:\/\/ktfnews.com\/?s={search_term_string}\"},\"query-input\":\"required name=search_term_string\"}],\"inLanguage\":\"es\"},{\"@type\":\"ImageObject\",\"@id\":\"https:\/\/ktfnews.com\/blm-fire-praising-cuba-condemning-us-cubans-protest-communist-regime\/#primaryimage\",\"inLanguage\":\"es\",\"url\":\"https:\/\/ktfnews.com\/wp-content\/uploads\/2021\/07\/2021_Cuban_government_protest_in_Naples_Florida.jpg\",\"contentUrl\":\"https:\/\/ktfnews.com\/wp-content\/uploads\/2021\/07\/2021_Cuban_government_protest_in_Naples_Florida.jpg\",\"width\":1280,\"height\":720},{\"@type\":\"WebPage\",\"@id\":\"https:\/\/ktfnews.com\/blm-fire-praising-cuba-condemning-us-cubans-protest-communist-regime\/#webpage\",\"url\":\"https:\/\/ktfnews.com\/blm-fire-praising-cuba-condemning-us-cubans-protest-communist-regime\/\",\"name\":\"[:en]BLM under fire for praising Cuba, condemning US as Cubans protest communist regime[:es]BLM es Criticado por Alabar a Cuba y Condenar a EE.UU. Mientras los Cubanos Protestan Contra el R\\u00e9gimen Comunista[:] - KEEP the FAITH\",\"isPartOf\":{\"@id\":\"https:\/\/ktfnews.com\/#website\"},\"primaryImageOfPage\":{\"@id\":\"https:\/\/ktfnews.com\/blm-fire-praising-cuba-condemning-us-cubans-protest-communist-regime\/#primaryimage\"},\"datePublished\":\"2021-07-30T11:30:54+00:00\",\"dateModified\":\"2021-07-30T04:42:08+00:00\",\"author\":{\"@id\":\"https:\/\/ktfnews.com\/#\/schema\/person\/ba4174513d9169cf8e229b7d8d60410d\"},\"breadcrumb\":{\"@id\":\"https:\/\/ktfnews.com\/blm-fire-praising-cuba-condemning-us-cubans-protest-communist-regime\/#breadcrumb\"},\"inLanguage\":\"es\",\"potentialAction\":[{\"@type\":\"ReadAction\",\"target\":[\"https:\/\/ktfnews.com\/blm-fire-praising-cuba-condemning-us-cubans-protest-communist-regime\/\"]}]},{\"@type\":\"BreadcrumbList\",\"@id\":\"https:\/\/ktfnews.com\/blm-fire-praising-cuba-condemning-us-cubans-protest-communist-regime\/#breadcrumb\",\"itemListElement\":[{\"@type\":\"ListItem\",\"position\":1,\"name\":\"Home\",\"item\":\"https:\/\/ktfnews.com\/\"},{\"@type\":\"ListItem\",\"position\":2,\"name\":\"Briefings\",\"item\":\"https:\/\/ktfnews.com\/category\/briefings\/\"},{\"@type\":\"ListItem\",\"position\":3,\"name\":\"BLM under fire for praising Cuba, condemning US as Cubans protest communist regime\"}]},{\"@type\":\"Person\",\"@id\":\"https:\/\/ktfnews.com\/#\/schema\/person\/ba4174513d9169cf8e229b7d8d60410d\",\"name\":\"Pastor Hal Mayer\",\"image\":{\"@type\":\"ImageObject\",\"@id\":\"https:\/\/ktfnews.com\/#personlogo\",\"inLanguage\":\"es\",\"url\":\"https:\/\/secure.gravatar.com\/avatar\/051bac95ae650254c5a03467b9456599?s=96&d=mm&r=g\",\"contentUrl\":\"https:\/\/secure.gravatar.com\/avatar\/051bac95ae650254c5a03467b9456599?s=96&d=mm&r=g\",\"caption\":\"Pastor Hal Mayer\"},\"description\":\"Pastor Hal Mayer is speaker and director of Keep the Faith Ministry. For the last 20 years Pastor Mayer\\u2019s monthly prophetic analysis on CD and online has revealed the striking evidence of fulfilling prophecy to many thousands of subscribers all over the world. Pastor Mayer\\u2019s background in history and Bible prophecy give him unique insights and perspectives that have blessed many and helped them make a deeper commitment to the Lord. Keep the Faith Ministry helps those who want to keep abreast of fulfilling prophecy and who want to understand and navigate the unique and difficult circumstances of the end-times. Keep the Faith Ministry helps to prepare you for the second coming of Christ. Pastor Mayer is married to Betsy for more than 40 years. They have no children of their own. \\u201cThe times in which we live are thrilling, because the things prophesied in God\\u2019s word are actually coming to pass in this generation,\\u201d says Pastor Mayer. \\u201cIn a time when the distinctive end-time truths of God\\u2019s word are being censored, and life in this world is becoming more and more chaotic, Keep the Faith is a voice of strength and encouragement.\\u201d\",\"url\":\"https:\/\/ktfnews.com\/es\/author\/hal\/\"}]}<\/script>\n<!-- \/ Yoast SEO plugin. -->","yoast_head_json":{"robots":{"index":"index","follow":"follow","max-snippet":"max-snippet:-1","max-image-preview":"max-image-preview:large","max-video-preview":"max-video-preview:-1"},"canonical":"https:\/\/ktfnews.com\/blm-fire-praising-cuba-condemning-us-cubans-protest-communist-regime\/","og_locale":"es_ES","og_type":"article","og_title":"[:en]BLM under fire for praising Cuba, condemning US as Cubans protest communist regime[:es]BLM es Criticado por Alabar a Cuba y Condenar a EE.UU. Mientras los Cubanos Protestan Contra el R\u00e9gimen Comunista[:] - KEEP the FAITH","og_description":"The Christian Post, por Emily Wood: Black Lives Matter es objeto de cr\u00edticas por elogiar al gobierno de Cuba y criticar a Estados Unidos mientras el pa\u00eds insular se encuentra en plena agitaci\u00f3n pol\u00edtica y los cubanos exigen libertad tras...","og_url":"https:\/\/ktfnews.com\/blm-fire-praising-cuba-condemning-us-cubans-protest-communist-regime\/","og_site_name":"KEEP the FAITH","article_publisher":"https:\/\/www.facebook.com\/ktfministry","article_published_time":"2021-07-30T11:30:54+00:00","article_modified_time":"2021-07-30T04:42:08+00:00","og_image":[{"width":1280,"height":720,"url":"https:\/\/ktfnews.com\/wp-content\/uploads\/2021\/07\/2021_Cuban_government_protest_in_Naples_Florida.jpg","type":"image\/jpeg"}],"twitter_card":"summary_large_image","twitter_creator":"@ktfministry","twitter_site":"@ktfministry","twitter_misc":{"Escrito por":"Pastor Hal Mayer","Tiempo de lectura":"9 minutos"},"schema":{"@context":"https:\/\/schema.org","@graph":[{"@type":"WebSite","@id":"https:\/\/ktfnews.com\/#website","url":"https:\/\/ktfnews.com\/","name":"KEEP the FAITH","description":"Preparing you for the final conflict between good and evil.","potentialAction":[{"@type":"SearchAction","target":{"@type":"EntryPoint","urlTemplate":"https:\/\/ktfnews.com\/?s={search_term_string}"},"query-input":"required name=search_term_string"}],"inLanguage":"es"},{"@type":"ImageObject","@id":"https:\/\/ktfnews.com\/blm-fire-praising-cuba-condemning-us-cubans-protest-communist-regime\/#primaryimage","inLanguage":"es","url":"https:\/\/ktfnews.com\/wp-content\/uploads\/2021\/07\/2021_Cuban_government_protest_in_Naples_Florida.jpg","contentUrl":"https:\/\/ktfnews.com\/wp-content\/uploads\/2021\/07\/2021_Cuban_government_protest_in_Naples_Florida.jpg","width":1280,"height":720},{"@type":"WebPage","@id":"https:\/\/ktfnews.com\/blm-fire-praising-cuba-condemning-us-cubans-protest-communist-regime\/#webpage","url":"https:\/\/ktfnews.com\/blm-fire-praising-cuba-condemning-us-cubans-protest-communist-regime\/","name":"[:en]BLM under fire for praising Cuba, condemning US as Cubans protest communist regime[:es]BLM es Criticado por Alabar a Cuba y Condenar a EE.UU. Mientras los Cubanos Protestan Contra el R\u00e9gimen Comunista[:] - KEEP the FAITH","isPartOf":{"@id":"https:\/\/ktfnews.com\/#website"},"primaryImageOfPage":{"@id":"https:\/\/ktfnews.com\/blm-fire-praising-cuba-condemning-us-cubans-protest-communist-regime\/#primaryimage"},"datePublished":"2021-07-30T11:30:54+00:00","dateModified":"2021-07-30T04:42:08+00:00","author":{"@id":"https:\/\/ktfnews.com\/#\/schema\/person\/ba4174513d9169cf8e229b7d8d60410d"},"breadcrumb":{"@id":"https:\/\/ktfnews.com\/blm-fire-praising-cuba-condemning-us-cubans-protest-communist-regime\/#breadcrumb"},"inLanguage":"es","potentialAction":[{"@type":"ReadAction","target":["https:\/\/ktfnews.com\/blm-fire-praising-cuba-condemning-us-cubans-protest-communist-regime\/"]}]},{"@type":"BreadcrumbList","@id":"https:\/\/ktfnews.com\/blm-fire-praising-cuba-condemning-us-cubans-protest-communist-regime\/#breadcrumb","itemListElement":[{"@type":"ListItem","position":1,"name":"Home","item":"https:\/\/ktfnews.com\/"},{"@type":"ListItem","position":2,"name":"Briefings","item":"https:\/\/ktfnews.com\/category\/briefings\/"},{"@type":"ListItem","position":3,"name":"BLM under fire for praising Cuba, condemning US as Cubans protest communist regime"}]},{"@type":"Person","@id":"https:\/\/ktfnews.com\/#\/schema\/person\/ba4174513d9169cf8e229b7d8d60410d","name":"Pastor Hal Mayer","image":{"@type":"ImageObject","@id":"https:\/\/ktfnews.com\/#personlogo","inLanguage":"es","url":"https:\/\/secure.gravatar.com\/avatar\/051bac95ae650254c5a03467b9456599?s=96&d=mm&r=g","contentUrl":"https:\/\/secure.gravatar.com\/avatar\/051bac95ae650254c5a03467b9456599?s=96&d=mm&r=g","caption":"Pastor Hal Mayer"},"description":"Pastor Hal Mayer is speaker and director of Keep the Faith Ministry. For the last 20 years Pastor Mayer\u2019s monthly prophetic analysis on CD and online has revealed the striking evidence of fulfilling prophecy to many thousands of subscribers all over the world. Pastor Mayer\u2019s background in history and Bible prophecy give him unique insights and perspectives that have blessed many and helped them make a deeper commitment to the Lord. Keep the Faith Ministry helps those who want to keep abreast of fulfilling prophecy and who want to understand and navigate the unique and difficult circumstances of the end-times. Keep the Faith Ministry helps to prepare you for the second coming of Christ. Pastor Mayer is married to Betsy for more than 40 years. They have no children of their own. \u201cThe times in which we live are thrilling, because the things prophesied in God\u2019s word are actually coming to pass in this generation,\u201d says Pastor Mayer. \u201cIn a time when the distinctive end-time truths of God\u2019s word are being censored, and life in this world is becoming more and more chaotic, Keep the Faith is a voice of strength and encouragement.\u201d","url":"https:\/\/ktfnews.com\/es\/author\/hal\/"}]}},"_links":{"self":[{"href":"https:\/\/ktfnews.com\/es\/wp-json\/wp\/v2\/posts\/22402"}],"collection":[{"href":"https:\/\/ktfnews.com\/es\/wp-json\/wp\/v2\/posts"}],"about":[{"href":"https:\/\/ktfnews.com\/es\/wp-json\/wp\/v2\/types\/post"}],"author":[{"embeddable":true,"href":"https:\/\/ktfnews.com\/es\/wp-json\/wp\/v2\/users\/6"}],"replies":[{"embeddable":true,"href":"https:\/\/ktfnews.com\/es\/wp-json\/wp\/v2\/comments?post=22402"}],"version-history":[{"count":2,"href":"https:\/\/ktfnews.com\/es\/wp-json\/wp\/v2\/posts\/22402\/revisions"}],"predecessor-version":[{"id":22406,"href":"https:\/\/ktfnews.com\/es\/wp-json\/wp\/v2\/posts\/22402\/revisions\/22406"}],"wp:featuredmedia":[{"embeddable":true,"href":"https:\/\/ktfnews.com\/es\/wp-json\/wp\/v2\/media\/22405"}],"wp:attachment":[{"href":"https:\/\/ktfnews.com\/es\/wp-json\/wp\/v2\/media?parent=22402"}],"wp:term":[{"taxonomy":"category","embeddable":true,"href":"https:\/\/ktfnews.com\/es\/wp-json\/wp\/v2\/categories?post=22402"},{"taxonomy":"post_tag","embeddable":true,"href":"https:\/\/ktfnews.com\/es\/wp-json\/wp\/v2\/tags?post=22402"}],"curies":[{"name":"wp","href":"https:\/\/api.w.org\/{rel}","templated":true}]}}