{"id":22270,"date":"2021-07-06T07:30:05","date_gmt":"2021-07-06T11:30:05","guid":{"rendered":"https:\/\/ktfnews.com\/?p=22270"},"modified":"2021-07-12T00:44:15","modified_gmt":"2021-07-12T04:44:15","slug":"vaccine-deaths-now-exceeding-covid-deaths","status":"publish","type":"post","link":"https:\/\/ktfnews.com\/es\/vaccine-deaths-now-exceeding-covid-deaths\/","title":{"rendered":"\u00bfLas Muertes por Vacunas Superan Ahora las Muertes por COVID?"},"content":{"rendered":"<p><i>America\u2019s Frontline Doctors<\/i>, por Geoff Mitchell: Los CDC indican que las muertes semanales no clasificadas superan a las muertes por COVID. \u00bfSe deben estas muertes a las vacunas COVID?<\/p>\n<p>Desde que las vacunas COVID comenzaron a principios de 2021, ha habido informes anecd\u00f3ticos de muertes inesperadas despu\u00e9s de la vacunaci\u00f3n.  Los CDC y otros organismos siguen promoviendo la vacunaci\u00f3n y asegurando al p\u00fablico que las vacunas son seguras.  Algunos, citando la base de datos VAERS, afirman que ha habido demasiadas muertes imprevistas.  Ahora, en las \u00faltimas semanas, ha surgido nueva informaci\u00f3n importante, totalmente distinta del VAERS, en el propio sitio web del CDC.  En el sitio web del CDC se esconde el reconocimiento de m\u00e1s de 30.000 muertes excesivas, imprevistas y no diagnosticadas en estrecha relaci\u00f3n temporal con el programa de vacunaci\u00f3n COVID de Estados Unidos.<\/p>\n<p>\u00bfC\u00f3mo se puede confiar en las afirmaciones del CDC sobre la seguridad de las vacunas ante la revelaci\u00f3n por parte del propio CDC de m\u00e1s de 30.000 muertes en exceso y sin diagnosticar?<\/p>\n<p>Los nuevos datos han aparecido en una antigua base de datos del CDC que se actualiza semanalmente.  Se trata de una fuente de datos gubernamentales totalmente ajena al VAERS.  Este conjunto de datos no es nuevo.  Es una de al menos dos hojas de c\u00e1lculo\/bases de datos complementarias que clasifican las causas de muerte de los estadounidenses en una docena de categor\u00edas generales.  Estos datos se han recogido y registrado mucho antes de la pandemia, desde al menos 2014.<\/p>\n<p>Los datos en cuesti\u00f3n se pueden encontrar en el sitio web del CDC en:<\/p>\n<p><a href=\"https:\/\/data.cdc.gov\/NCHS\/Weekly-Provisional-Counts-of-Deaths-by-State-and-S\/muzy-jte6\" target=\"_blank\" rel=\"noopener\">Weekly Provisional Counts of Deaths by State and Select Causes, 2020-2021<\/a><\/p>\n<p>Se puede descargar el archivo en:<\/p>\n<p>Weekly_Provisional_Counts_of_Deaths_by_State_and_Select_Causes__2020-2021.csv<\/p>\n<p>Los datos complementarios pueden descargarse de la p\u00e1gina del CDC en:<\/p>\n<p><a href=\"https:\/\/data.cdc.gov\/NCHS\/Weekly-Counts-of-Deaths-by-State-and-Select-Causes\/3yf8-kanr\" target=\"_blank\" rel=\"noopener\">Weekly Counts of Deaths by State and Select Causes, 2014-2019<\/a><\/p>\n<p>Informaci\u00f3n compilada entre 2014-2019 (antes de que surgiera el COVID)<\/p>\n<p>Las muertes notificadas y registradas en estos conjuntos de datos se clasifican en una de las doce causas generales de muerte, como el c\u00e1ncer o las enfermedades card\u00edacas.  Cada una de estas causas generales de muerte est\u00e1 asociada a un c\u00f3digo CIE10 (Clasificaci\u00f3n Internacional de Enfermedades).  Durante d\u00e9cadas, los m\u00e9dicos, los hospitales y el gobierno han utilizado los c\u00f3digos CIE para clasificar los diagn\u00f3sticos y comunicarse entre s\u00ed con fines de facturaci\u00f3n, tratamiento e investigaci\u00f3n.  Lo m\u00e1s relevante para este an\u00e1lisis es la categor\u00eda \u00abS\u00edntomas, signos y hallazgos cl\u00ednicos y de laboratorio anormales, no clasificados en otra parte y asociados a los c\u00f3digos R00-R99 de la CIE10\u00bb.  Estas muertes se contabilizan en la columna \u00abO\u00bb en ambos conjuntos de datos.  En conjunto, estos dos grupos de datos presentan un registro de estas muertes estadounidenses, que de otro modo no se clasificar\u00edan, durante casi ocho a\u00f1os, a partir de 2014.  El c\u00f3digo CIE R99 se define como una \u00abcausa de mortalidad mal definida y desconocida\u00bb.  (\u00c9nfasis a\u00f1adido.) \u00bfSon las vacunas COVID la \u00abcausa desconocida\u00bb?<\/p>\n<p>Lo que es notable para el prop\u00f3sito de este an\u00e1lisis es que hasta las \u00faltimas semanas, excepto por una variaci\u00f3n estacional menor y predecible, estas muertes estadounidenses, que de otro modo no se clasifican, han permanecido notablemente estables durante los \u00faltimos siete a\u00f1os.  Entre 2014 y 2019, estas muertes no clasificadas han tenido un promedio de unas 624 muertes por semana, con un m\u00e1ximo de 827.  En las \u00faltimas semanas, el n\u00famero de estas muertes no clasificadas y no diagnosticadas en Estados Unidos se ha disparado, llegando a quintuplicarse en un momento dado, es decir, un 400%.<\/p>\n<p>Las muertes inesperadas, no diagnosticadas y no clasificadas en EE.UU. se han multiplicado por cinco o sea un 400% en la primera mitad de 2021. <\/p>\n<p>Aqu\u00ed est\u00e1 la parte pertinente de los datos brutos, suministrados por el CDC.  (\u00c9nfasis a\u00f1adido.) Se adjunta\/dispone de una versi\u00f3n comentada de la hoja de c\u00e1lculo real del CDC.<\/p>\n<p>Hace aproximadamente un mes, el 22 de mayo de 2021, el n\u00famero de muertes no clasificadas alcanz\u00f3 un m\u00e1ximo de 3.252 por semana.<\/p>\n<p>Aqu\u00ed est\u00e1n los datos relevantes del CDC representados en formato gr\u00e1fico lineal, primero como datos semanales y luego como datos acumulados.  Ambos gr\u00e1ficos demuestran la quintuplicaci\u00f3n de las muertes inesperadas y no diagnosticadas, sobre todo en el segundo trimestre de 2021.  El segundo gr\u00e1fico demuestra la acumulaci\u00f3n de esas muertes inesperadas que ahora suman m\u00e1s de 30.000 personas.  Este aumento masivo de las muertes no diagnosticadas e inexplicables reportadas por el CDC est\u00e1 temporalmente asociado con las vacunas COVID.  \u00bfSon estas muertes no diagnosticadas causadas por las vacunas?  \u00bfQui\u00e9n ha propuesto una explicaci\u00f3n alternativa plausible?<\/p>\n<p><img src=\"https:\/\/americasfrontlinedoctors.org\/wp-content\/uploads\/2021\/06\/excessunclassified.png\" alt=\"Graphic 1\" \/><\/p>\n<p><img src=\"https:\/\/americasfrontlinedoctors.org\/wp-content\/uploads\/2021\/06\/unclassified.png\" alt=\"Graphic 2\" \/><\/p>\n<p>Ambos gr\u00e1ficos muestran el exceso de muertes no clasificadas, es decir, el n\u00famero de muertes no clasificadas que supera el valor de referencia de 624 muertes por semana.<\/p>\n<p>Es pertinente se\u00f1alar que este exceso de muertes no clasificadas no refleja las muertes por COVID. Las muertes por COVID se contabilizan por separado (columnas \u00abR\u00bb y \u00abS\u00bb de la hoja de c\u00e1lculo del CDC) y estas cifras excesivas de muertes se dispararon despu\u00e9s de que las cifras de COVID estuvieran bajando.<\/p>\n<p>El Dr. Peter McCullough afirm\u00f3 recientemente en una entrevista, que el CDC y el CMS \u00abinternos\u00bb han informado de que las muertes por vacunas son mucho m\u00e1s altas de lo que se reconoce oficialmente.  Esto era coherente con un estudio anterior de Harvard que demostraba la falta de informaci\u00f3n en el VAERS.  El Dr. McCullough postul\u00f3 que las muertes por vacunas podr\u00edan ser tan altas como 50.000 y podr\u00edan superar las muertes por COVID.  Las pruebas presentadas aqu\u00ed y las del Dr. McCullough se corroboran mutuamente.  Si algunas de las muertes posteriores a la vacuna se califican err\u00f3neamente como otras causas, como ataques card\u00edacos o derrames cerebrales, las cifras de muertes posteriores a la vacuna podr\u00edan alcanzar f\u00e1cilmente las 50.000, m\u00e1s que las 30.000 reflejadas aqu\u00ed.  Este escritor no tiene conocimiento de que el Dr. McCullough haya informado o publicado estos datos del CDC.<\/p>\n<p>No soy el primero en informar sobre el dram\u00e1tico aumento del exceso de muertes revelado en el sitio web del CDC.  Aunque es un hecho relativamente nuevo en las \u00faltimas semanas, el aumento de las muertes no clasificadas ha sido se\u00f1alado al menos por Steven Hirsch, <a href=\"https:\/\/trialsitenews.com\/should-you-get-vaccinated\/\" target=\"_blank\" rel=\"noopener\">Should you get vaccinated?<\/a>, y Austin Walters, <a href=\"https:\/\/austingwalters.com\/covid19-vaccine-risks\/\" target=\"_blank\" rel=\"noopener\">COVID19 Vaccine Deaths &amp; Risks<\/a>.<\/p>\n<p>Aunque muchos han sospechado que las muertes por vacunas acabar\u00e1n superando a las muertes por COVID y algunos han apreciado que el CDC ha revelado (quiz\u00e1 sin saberlo) un aumento masivo del n\u00famero de muertes no clasificadas, este redactor no tiene constancia de que se haya publicado el siguiente hecho: durante cuatro semanas, el n\u00famero de muertes no clasificadas del CDC ha superado el n\u00famero de muertes por COVID en Estados Unidos.<\/p>\n<p>El propio CDC ha revelado el aumento masivo del n\u00famero de muertes no clasificadas en relaci\u00f3n con la administraci\u00f3n de la vacuna COVID en los EE.UU. La explicaci\u00f3n m\u00e1s plausible es que el exceso de muertes no clasificadas representa muertes por vacunas.  Si esto es cierto, entonces durante las \u00faltimas cuatro semanas (22\/05-12\/06) las muertes por vacunas han superado las muertes por COVID en los EE.UU. Esto se puede extrapolar directamente del conjunto de datos del CDC,<\/p>\n<p><a href=\"https:\/\/data.cdc.gov\/NCHS\/Weekly-Provisional-Counts-of-Deaths-by-State-and-S\/muzy-jte6\" target=\"_blank\" rel=\"noopener\">Weekly Provisional Counts of Deaths by State and Select Causes, 2020-2021<\/a><\/p>\n<p>La parte pertinente de la hoja de c\u00e1lculo de los CDC se reproduce a continuaci\u00f3n.  La columna de la derecha es la simple sustracci\u00f3n necesaria para calcular el exceso de muertes no clasificadas\/vacunas sobre las muertes COVID.<\/p>\n<p><img src=\"https:\/\/americasfrontlinedoctors.org\/wp-content\/uploads\/2021\/06\/unnamed-file.png\" alt=\"Graphic 3\" \/><\/p>\n<p>ADE &#8211; Conecte los puntos: Ante el exceso de 30.000 nuevas muertes en un per\u00edodo de seis meses, los encargados de la salud de los Estados Unidos deben preguntarse, \u00bfqu\u00e9 podr\u00eda haber causado esto, qu\u00e9 es nuevo en nuestro pa\u00eds en los \u00faltimos seis meses?  La \u00fanica respuesta real y bastante obvia es el lanzamiento de las vacunas COVID.  La causalidad de las vacunas COVID en el exceso de muertes documentado por el CDC es tanto m\u00e1s probable cuanto que las muertes por vacunas estaban previstas.  Algunos esperaban estas muertes debido a lo que se conoce como potenciaci\u00f3n dependiente de anticuerpos (ADE).  El ADE se produce cuando los anticuerpos generados durante una respuesta inmunitaria reconocen y se unen a un pat\u00f3geno, pero no son capaces de prevenir la infecci\u00f3n.  En cambio, estos anticuerpos act\u00faan permitiendo el acceso del pat\u00f3geno a las c\u00e9lulas y, de hecho, exacerban la respuesta inmunitaria.  El ejemplo m\u00e1s conocido de un ADE fue la vacuna contra el virus del dengue de 2016 en Filipinas.  El fen\u00f3meno tambi\u00e9n se ha observado en las vacunas contra el VRS y algunas vacunas contra el sarampi\u00f3n.  En este caso, en la pandemia actual, varios autores predijeron que las vacunas COVID estar\u00edan asociadas a ADE.  Por ejemplo, en septiembre de 2020, Lee et. al. advirtieron que \u00abse ha observado ADE en el SARS, el MERS y otras infecciones por virus respiratorios humanos, incluidos el VRS y el sarampi\u00f3n, lo que sugiere un riesgo real de ADE para las vacunas contra el SARS-CoV-2 y las intervenciones basadas en anticuerpos\u00bb. [i] Sin m\u00e1s informaci\u00f3n m\u00e9dica sobre los fallecidos, no podemos saber si estas 30.000 muertes representan o no un fen\u00f3meno de ADE.  Por lo tanto, hay que determinar si estas 30.000 muertes documentadas por el CDC son casos de ADE debidos a las vacunas, causados por las vacunas o, de alguna manera, totalmente ajenos a las vacunas.<\/p>\n<p>Pr\u00f3ximos pasos:  Los propios datos del CDC, publicados en su propio sitio web, demuestran que, durante las \u00faltimas cuatro semanas, el exceso de muertes no clasificadas [que se cree que representan muertes por vacunas] ha superado el n\u00famero de muertes por COVID en los EE.UU. El exceso semanal de muertes no clasificadas [por vacunas] sobre las muertes por COVID ha sido de 309, 777, 1315 y 1340 respectivamente.  La tendencia sigue aumentando en el momento de escribir este art\u00edculo.  La carga de la prueba recae en el CDC para demostrar que estas 30.000 muertes no fueron un aumento dependiente de anticuerpos de las vacunas COVID.  A menos que y hasta que el CDC pueda probar que estos 30.000 individuos fallecidos no recibieron las vacunas COVID, las vacunaciones deben ser detenidas.  El p\u00fablico debe exigir una explicaci\u00f3n de las 30.000 muertes estadounidenses no clasificadas documentadas por el CDC.  A la luz de las 30.000 muertes documentadas por el CDC, la afirmaci\u00f3n del Gobierno sobre la seguridad de las vacunas simplemente no es cre\u00edble.  Espec\u00edficamente, la vacunaci\u00f3n de los ni\u00f1os y la vacunaci\u00f3n obligatoria de los estudiantes universitarios y los trabajadores de la salud deben ser puestos en espera de una revisi\u00f3n exhaustiva y transparente de estas 30.000 muertes documentadas por el CDC.<\/p>\n<p>Navegando por la hoja de c\u00e1lculo del CDC<\/p>\n<p>Navegando por la hoja de c\u00e1lculo de los CDC &#8211; Weekly_Provisional_Counts_of_Deaths_by_State_and_Select_Causes__2020-2021.csv. (\u00faltima visitado el 27 de junio de 2021). <\/p>\n<p>Descargado del sitio web de los CDC en:<\/p>\n<p><a href=\"https:\/\/data.cdc.gov\/NCHS\/Weekly-Provisional-Counts-of-Deathsby-State-and-S\/muzy-jte6\" target=\"_blank\" rel=\"noopener\">Weekly Provisional Counts of Deaths by State and Select Causes, 2020-2021<\/a><\/p>\n<p>Las columnas y las filas est\u00e1n etiquetadas como en la hoja de c\u00e1lculo original del CDC. La columna \u00abV\u00bb es la columna de c\u00e1lculo a\u00f1adida, que calcula el exceso de muertes postuladas por la vacuna (muertes no clasificadas de la columna \u00abO\u00bb &#8211; COVID, columna \u00abR\u00bb muertes).<\/p>\n<p><img src=\"https:\/\/americasfrontlinedoctors.org\/wp-content\/uploads\/2021\/06\/Untitled.png\" alt=\"Graphic 4\" \/><\/p>\n<p>Nuestro comentario:<br \/>\nParece que la \u00abcura\u00bb no es una cura despu\u00e9s de todo. Si la gente llevara un estilo de vida correcto, no ser\u00eda tan vulnerable al virus, ni tampoco a la vacuna. Elige tu veneno. <\/p>\n<p>Conexi\u00f3n Prof\u00e9tica:<br \/>\n\u201cLa medicaci\u00f3n por medio de drogas, en la forma como se la practica actualmente, es una maldici\u00f3n. Hay que educar a la gente para que se aleje del empleo de drogas. Hay que usarlas cada vez menos y hay que confiar cada vez m\u00e1s en los recursos de la higiene; entonces la naturaleza responder\u00e1 a la acci\u00f3n de los m\u00e9dicos de Dios: aire puro, agua pura, ejercicio adecuado y una conciencia limpia. Los que insisten en el uso de t\u00e9, caf\u00e9 y carne sentir\u00e1n la necesidad de droga, pero muchos podr\u00edan recuperarse sin medicinas si obedecieran las leyes de la salud. Es necesario utilizar las drogas s\u00f3lo infrecuentemente. <i>Consejos sobre la Salud<\/i>, p\u00e1g. 258.<\/p>\n<hr \/>\n<h3>Source References<\/h3>\n<ul>\n<li>\n<h5><a href=\"https:\/\/americasfrontlinedoctors.org\/frontlinenews\/are-vaccine-deaths-now-exceeding-covid-deaths\/\" target=\"_blank\" rel=\"noopener\">Are vaccine deaths now exceeding COVID deaths?<\/a><\/h5>\n<\/li>\n<\/ul>\n<p><\/p>\n<!-- AddThis Advanced Settings generic via filter on the_content -->","protected":false},"excerpt":{"rendered":"<p>America\u2019s Frontline Doctors, por Geoff Mitchell: Los CDC indican que las muertes semanales no clasificadas superan a las muertes por COVID. \u00bfSe deben estas muertes a las vacunas COVID? Desde que las vacunas COVID comenzaron a principios de 2021, ha&#8230;<!-- AddThis Advanced Settings generic via filter on wp_trim_excerpt --><\/p>\n","protected":false},"author":6,"featured_media":22273,"comment_status":"open","ping_status":"open","sticky":false,"template":"","format":"standard","meta":{"episode_type":"","audio_file":"","duration":"","filesize":"","date_recorded":"","explicit":"","block":"","filesize_raw":"","_FSMCFIC_featured_image_caption":"Image: Gerd Altmann from Pixabay.com and americasfrontlinedoctors.org","_FSMCFIC_featured_image_nocaption":null,"_FSMCFIC_featured_image_hide":null,"_links_to":"","_links_to_target":""},"categories":[722,32],"tags":[638,2678,150,420,2700],"featured_image_urls":{"thumbnail":"https:\/\/ktfnews.com\/wp-content\/uploads\/2021\/07\/coronavirus-americasdoctors-150x150.jpg","medium":"https:\/\/ktfnews.com\/wp-content\/uploads\/2021\/07\/coronavirus-americasdoctors-300x161.jpg","medium_large":"https:\/\/ktfnews.com\/wp-content\/uploads\/2021\/07\/coronavirus-americasdoctors-768x411.jpg","large":"https:\/\/ktfnews.com\/wp-content\/uploads\/2021\/07\/coronavirus-americasdoctors-1024x548.jpg","team-small":"https:\/\/ktfnews.com\/wp-content\/uploads\/2021\/07\/coronavirus-americasdoctors-138x162.jpg","team-overview":"https:\/\/ktfnews.com\/wp-content\/uploads\/2021\/07\/coronavirus-americasdoctors-200x279.jpg","team-big":"https:\/\/ktfnews.com\/wp-content\/uploads\/2021\/07\/coronavirus-americasdoctors-540x270.jpg","two-columns":"https:\/\/ktfnews.com\/wp-content\/uploads\/2021\/07\/coronavirus-americasdoctors-379x242.jpg","one-column":"https:\/\/ktfnews.com\/wp-content\/uploads\/2021\/07\/coronavirus-americasdoctors-379x242.jpg","mini-square":"https:\/\/ktfnews.com\/wp-content\/uploads\/2021\/07\/coronavirus-americasdoctors-70x70.jpg","portfolio-widget-mainpage":"https:\/\/ktfnews.com\/wp-content\/uploads\/2021\/07\/coronavirus-americasdoctors-335x195.jpg","portfolio-single-ajax":"https:\/\/ktfnews.com\/wp-content\/uploads\/2021\/07\/coronavirus-americasdoctors-670x280.jpg","portfolio-single-big":"https:\/\/ktfnews.com\/wp-content\/uploads\/2021\/07\/coronavirus-americasdoctors-685x480.jpg","portfolio-single-small":"https:\/\/ktfnews.com\/wp-content\/uploads\/2021\/07\/coronavirus-americasdoctors-685x280.jpg","portfolio-single-full-big":"https:\/\/ktfnews.com\/wp-content\/uploads\/2021\/07\/coronavirus-americasdoctors-960x590.jpg","portfolio-single-full-small":"https:\/\/ktfnews.com\/wp-content\/uploads\/2021\/07\/coronavirus-americasdoctors-960x250.jpg","gallery-post":"https:\/\/ktfnews.com\/wp-content\/uploads\/2021\/07\/coronavirus-americasdoctors-182x126.jpg","gallery-post-smaller":"https:\/\/ktfnews.com\/wp-content\/uploads\/2021\/07\/coronavirus-americasdoctors-158x100.jpg","gallery-standard":"https:\/\/ktfnews.com\/wp-content\/uploads\/2021\/07\/coronavirus-americasdoctors-257x169.jpg","tooltip-preview":"https:\/\/ktfnews.com\/wp-content\/uploads\/2021\/07\/coronavirus-americasdoctors-227x133.jpg","widget-content-slider":"https:\/\/ktfnews.com\/wp-content\/uploads\/2021\/07\/coronavirus-americasdoctors-230x137.jpg","post-top-articles":"https:\/\/ktfnews.com\/wp-content\/uploads\/2021\/07\/coronavirus-americasdoctors-130x100.jpg","post-single-wide":"https:\/\/ktfnews.com\/wp-content\/uploads\/2021\/07\/coronavirus-americasdoctors-595x360.jpg","post-single-wide-nocrop":"https:\/\/ktfnews.com\/wp-content\/uploads\/2021\/07\/coronavirus-americasdoctors-595x318.jpg","post-single-wide-mobile":"https:\/\/ktfnews.com\/wp-content\/uploads\/2021\/07\/coronavirus-americasdoctors-320x190.jpg","post-single-wide-small":"https:\/\/ktfnews.com\/wp-content\/uploads\/2021\/07\/coronavirus-americasdoctors-595x190.jpg","post-single-square":"https:\/\/ktfnews.com\/wp-content\/uploads\/2021\/07\/coronavirus-americasdoctors-120x120.jpg","post-single-full-small":"https:\/\/ktfnews.com\/wp-content\/uploads\/2021\/07\/coronavirus-americasdoctors-950x360.jpg","post-single-full-big":"https:\/\/ktfnews.com\/wp-content\/uploads\/2021\/07\/coronavirus-americasdoctors-950x590.jpg","photo-blog":"https:\/\/ktfnews.com\/wp-content\/uploads\/2021\/07\/coronavirus-americasdoctors-768x411.jpg"},"appp_media":null,"yoast_head":"<!-- This site is optimized with the Yoast SEO plugin v17.3 - https:\/\/yoast.com\/wordpress\/plugins\/seo\/ -->\n<meta name=\"robots\" content=\"index, follow, max-snippet:-1, max-image-preview:large, max-video-preview:-1\" \/>\n<link rel=\"canonical\" href=\"https:\/\/ktfnews.com\/vaccine-deaths-now-exceeding-covid-deaths\/\" \/>\n<meta property=\"og:locale\" content=\"es_ES\" \/>\n<meta property=\"og:type\" content=\"article\" \/>\n<meta property=\"og:title\" content=\"[:en]Are vaccine deaths now exceeding COVID deaths?[:es]\u00bfLas Muertes por Vacunas Superan Ahora las Muertes por COVID?[:] - KEEP the FAITH\" \/>\n<meta property=\"og:description\" content=\"America\u2019s Frontline Doctors, por Geoff Mitchell: Los CDC indican que las muertes semanales no clasificadas superan a las muertes por COVID. \u00bfSe deben estas muertes a las vacunas COVID? Desde que las vacunas COVID comenzaron a principios de 2021, ha...\" \/>\n<meta property=\"og:url\" content=\"https:\/\/ktfnews.com\/vaccine-deaths-now-exceeding-covid-deaths\/\" \/>\n<meta property=\"og:site_name\" content=\"KEEP the FAITH\" \/>\n<meta property=\"article:publisher\" content=\"https:\/\/www.facebook.com\/ktfministry\" \/>\n<meta property=\"article:published_time\" content=\"2021-07-06T11:30:05+00:00\" \/>\n<meta property=\"article:modified_time\" content=\"2021-07-12T04:44:15+00:00\" \/>\n<meta property=\"og:image\" content=\"https:\/\/ktfnews.com\/wp-content\/uploads\/2021\/07\/coronavirus-americasdoctors.jpg\" \/>\n\t<meta property=\"og:image:width\" content=\"1280\" \/>\n\t<meta property=\"og:image:height\" content=\"685\" \/>\n<meta name=\"twitter:card\" content=\"summary_large_image\" \/>\n<meta name=\"twitter:creator\" content=\"@ktfministry\" \/>\n<meta name=\"twitter:site\" content=\"@ktfministry\" \/>\n<meta name=\"twitter:label1\" content=\"Escrito por\" \/>\n\t<meta name=\"twitter:data1\" content=\"Pastor Hal Mayer\" \/>\n\t<meta name=\"twitter:label2\" content=\"Tiempo de lectura\" \/>\n\t<meta name=\"twitter:data2\" content=\"19 minutos\" \/>\n<script type=\"application\/ld+json\" class=\"yoast-schema-graph\">{\"@context\":\"https:\/\/schema.org\",\"@graph\":[{\"@type\":\"WebSite\",\"@id\":\"https:\/\/ktfnews.com\/#website\",\"url\":\"https:\/\/ktfnews.com\/\",\"name\":\"KEEP the FAITH\",\"description\":\"Preparing you for the final conflict between good and evil.\",\"potentialAction\":[{\"@type\":\"SearchAction\",\"target\":{\"@type\":\"EntryPoint\",\"urlTemplate\":\"https:\/\/ktfnews.com\/?s={search_term_string}\"},\"query-input\":\"required name=search_term_string\"}],\"inLanguage\":\"es\"},{\"@type\":\"ImageObject\",\"@id\":\"https:\/\/ktfnews.com\/vaccine-deaths-now-exceeding-covid-deaths\/#primaryimage\",\"inLanguage\":\"es\",\"url\":\"https:\/\/ktfnews.com\/wp-content\/uploads\/2021\/07\/coronavirus-americasdoctors.jpg\",\"contentUrl\":\"https:\/\/ktfnews.com\/wp-content\/uploads\/2021\/07\/coronavirus-americasdoctors.jpg\",\"width\":1280,\"height\":685},{\"@type\":\"WebPage\",\"@id\":\"https:\/\/ktfnews.com\/vaccine-deaths-now-exceeding-covid-deaths\/#webpage\",\"url\":\"https:\/\/ktfnews.com\/vaccine-deaths-now-exceeding-covid-deaths\/\",\"name\":\"[:en]Are vaccine deaths now exceeding COVID deaths?[:es]\\u00bfLas Muertes por Vacunas Superan Ahora las Muertes por COVID?[:] - KEEP the FAITH\",\"isPartOf\":{\"@id\":\"https:\/\/ktfnews.com\/#website\"},\"primaryImageOfPage\":{\"@id\":\"https:\/\/ktfnews.com\/vaccine-deaths-now-exceeding-covid-deaths\/#primaryimage\"},\"datePublished\":\"2021-07-06T11:30:05+00:00\",\"dateModified\":\"2021-07-12T04:44:15+00:00\",\"author\":{\"@id\":\"https:\/\/ktfnews.com\/#\/schema\/person\/ba4174513d9169cf8e229b7d8d60410d\"},\"breadcrumb\":{\"@id\":\"https:\/\/ktfnews.com\/vaccine-deaths-now-exceeding-covid-deaths\/#breadcrumb\"},\"inLanguage\":\"es\",\"potentialAction\":[{\"@type\":\"ReadAction\",\"target\":[\"https:\/\/ktfnews.com\/vaccine-deaths-now-exceeding-covid-deaths\/\"]}]},{\"@type\":\"BreadcrumbList\",\"@id\":\"https:\/\/ktfnews.com\/vaccine-deaths-now-exceeding-covid-deaths\/#breadcrumb\",\"itemListElement\":[{\"@type\":\"ListItem\",\"position\":1,\"name\":\"Home\",\"item\":\"https:\/\/ktfnews.com\/\"},{\"@type\":\"ListItem\",\"position\":2,\"name\":\"Briefings\",\"item\":\"https:\/\/ktfnews.com\/category\/briefings\/\"},{\"@type\":\"ListItem\",\"position\":3,\"name\":\"Are vaccine deaths now exceeding COVID deaths?\"}]},{\"@type\":\"Person\",\"@id\":\"https:\/\/ktfnews.com\/#\/schema\/person\/ba4174513d9169cf8e229b7d8d60410d\",\"name\":\"Pastor Hal Mayer\",\"image\":{\"@type\":\"ImageObject\",\"@id\":\"https:\/\/ktfnews.com\/#personlogo\",\"inLanguage\":\"es\",\"url\":\"https:\/\/secure.gravatar.com\/avatar\/051bac95ae650254c5a03467b9456599?s=96&d=mm&r=g\",\"contentUrl\":\"https:\/\/secure.gravatar.com\/avatar\/051bac95ae650254c5a03467b9456599?s=96&d=mm&r=g\",\"caption\":\"Pastor Hal Mayer\"},\"description\":\"Pastor Hal Mayer is speaker and director of Keep the Faith Ministry. For the last 20 years Pastor Mayer\\u2019s monthly prophetic analysis on CD and online has revealed the striking evidence of fulfilling prophecy to many thousands of subscribers all over the world. Pastor Mayer\\u2019s background in history and Bible prophecy give him unique insights and perspectives that have blessed many and helped them make a deeper commitment to the Lord. Keep the Faith Ministry helps those who want to keep abreast of fulfilling prophecy and who want to understand and navigate the unique and difficult circumstances of the end-times. Keep the Faith Ministry helps to prepare you for the second coming of Christ. Pastor Mayer is married to Betsy for more than 40 years. They have no children of their own. \\u201cThe times in which we live are thrilling, because the things prophesied in God\\u2019s word are actually coming to pass in this generation,\\u201d says Pastor Mayer. \\u201cIn a time when the distinctive end-time truths of God\\u2019s word are being censored, and life in this world is becoming more and more chaotic, Keep the Faith is a voice of strength and encouragement.\\u201d\",\"url\":\"https:\/\/ktfnews.com\/es\/author\/hal\/\"}]}<\/script>\n<!-- \/ Yoast SEO plugin. -->","yoast_head_json":{"robots":{"index":"index","follow":"follow","max-snippet":"max-snippet:-1","max-image-preview":"max-image-preview:large","max-video-preview":"max-video-preview:-1"},"canonical":"https:\/\/ktfnews.com\/vaccine-deaths-now-exceeding-covid-deaths\/","og_locale":"es_ES","og_type":"article","og_title":"[:en]Are vaccine deaths now exceeding COVID deaths?[:es]\u00bfLas Muertes por Vacunas Superan Ahora las Muertes por COVID?[:] - KEEP the FAITH","og_description":"America\u2019s Frontline Doctors, por Geoff Mitchell: Los CDC indican que las muertes semanales no clasificadas superan a las muertes por COVID. \u00bfSe deben estas muertes a las vacunas COVID? Desde que las vacunas COVID comenzaron a principios de 2021, ha...","og_url":"https:\/\/ktfnews.com\/vaccine-deaths-now-exceeding-covid-deaths\/","og_site_name":"KEEP the FAITH","article_publisher":"https:\/\/www.facebook.com\/ktfministry","article_published_time":"2021-07-06T11:30:05+00:00","article_modified_time":"2021-07-12T04:44:15+00:00","og_image":[{"width":1280,"height":685,"url":"https:\/\/ktfnews.com\/wp-content\/uploads\/2021\/07\/coronavirus-americasdoctors.jpg","type":"image\/jpeg"}],"twitter_card":"summary_large_image","twitter_creator":"@ktfministry","twitter_site":"@ktfministry","twitter_misc":{"Escrito por":"Pastor Hal Mayer","Tiempo de lectura":"19 minutos"},"schema":{"@context":"https:\/\/schema.org","@graph":[{"@type":"WebSite","@id":"https:\/\/ktfnews.com\/#website","url":"https:\/\/ktfnews.com\/","name":"KEEP the FAITH","description":"Preparing you for the final conflict between good and evil.","potentialAction":[{"@type":"SearchAction","target":{"@type":"EntryPoint","urlTemplate":"https:\/\/ktfnews.com\/?s={search_term_string}"},"query-input":"required name=search_term_string"}],"inLanguage":"es"},{"@type":"ImageObject","@id":"https:\/\/ktfnews.com\/vaccine-deaths-now-exceeding-covid-deaths\/#primaryimage","inLanguage":"es","url":"https:\/\/ktfnews.com\/wp-content\/uploads\/2021\/07\/coronavirus-americasdoctors.jpg","contentUrl":"https:\/\/ktfnews.com\/wp-content\/uploads\/2021\/07\/coronavirus-americasdoctors.jpg","width":1280,"height":685},{"@type":"WebPage","@id":"https:\/\/ktfnews.com\/vaccine-deaths-now-exceeding-covid-deaths\/#webpage","url":"https:\/\/ktfnews.com\/vaccine-deaths-now-exceeding-covid-deaths\/","name":"[:en]Are vaccine deaths now exceeding COVID deaths?[:es]\u00bfLas Muertes por Vacunas Superan Ahora las Muertes por COVID?[:] - KEEP the FAITH","isPartOf":{"@id":"https:\/\/ktfnews.com\/#website"},"primaryImageOfPage":{"@id":"https:\/\/ktfnews.com\/vaccine-deaths-now-exceeding-covid-deaths\/#primaryimage"},"datePublished":"2021-07-06T11:30:05+00:00","dateModified":"2021-07-12T04:44:15+00:00","author":{"@id":"https:\/\/ktfnews.com\/#\/schema\/person\/ba4174513d9169cf8e229b7d8d60410d"},"breadcrumb":{"@id":"https:\/\/ktfnews.com\/vaccine-deaths-now-exceeding-covid-deaths\/#breadcrumb"},"inLanguage":"es","potentialAction":[{"@type":"ReadAction","target":["https:\/\/ktfnews.com\/vaccine-deaths-now-exceeding-covid-deaths\/"]}]},{"@type":"BreadcrumbList","@id":"https:\/\/ktfnews.com\/vaccine-deaths-now-exceeding-covid-deaths\/#breadcrumb","itemListElement":[{"@type":"ListItem","position":1,"name":"Home","item":"https:\/\/ktfnews.com\/"},{"@type":"ListItem","position":2,"name":"Briefings","item":"https:\/\/ktfnews.com\/category\/briefings\/"},{"@type":"ListItem","position":3,"name":"Are vaccine deaths now exceeding COVID deaths?"}]},{"@type":"Person","@id":"https:\/\/ktfnews.com\/#\/schema\/person\/ba4174513d9169cf8e229b7d8d60410d","name":"Pastor Hal Mayer","image":{"@type":"ImageObject","@id":"https:\/\/ktfnews.com\/#personlogo","inLanguage":"es","url":"https:\/\/secure.gravatar.com\/avatar\/051bac95ae650254c5a03467b9456599?s=96&d=mm&r=g","contentUrl":"https:\/\/secure.gravatar.com\/avatar\/051bac95ae650254c5a03467b9456599?s=96&d=mm&r=g","caption":"Pastor Hal Mayer"},"description":"Pastor Hal Mayer is speaker and director of Keep the Faith Ministry. For the last 20 years Pastor Mayer\u2019s monthly prophetic analysis on CD and online has revealed the striking evidence of fulfilling prophecy to many thousands of subscribers all over the world. Pastor Mayer\u2019s background in history and Bible prophecy give him unique insights and perspectives that have blessed many and helped them make a deeper commitment to the Lord. Keep the Faith Ministry helps those who want to keep abreast of fulfilling prophecy and who want to understand and navigate the unique and difficult circumstances of the end-times. Keep the Faith Ministry helps to prepare you for the second coming of Christ. Pastor Mayer is married to Betsy for more than 40 years. They have no children of their own. \u201cThe times in which we live are thrilling, because the things prophesied in God\u2019s word are actually coming to pass in this generation,\u201d says Pastor Mayer. \u201cIn a time when the distinctive end-time truths of God\u2019s word are being censored, and life in this world is becoming more and more chaotic, Keep the Faith is a voice of strength and encouragement.\u201d","url":"https:\/\/ktfnews.com\/es\/author\/hal\/"}]}},"_links":{"self":[{"href":"https:\/\/ktfnews.com\/es\/wp-json\/wp\/v2\/posts\/22270"}],"collection":[{"href":"https:\/\/ktfnews.com\/es\/wp-json\/wp\/v2\/posts"}],"about":[{"href":"https:\/\/ktfnews.com\/es\/wp-json\/wp\/v2\/types\/post"}],"author":[{"embeddable":true,"href":"https:\/\/ktfnews.com\/es\/wp-json\/wp\/v2\/users\/6"}],"replies":[{"embeddable":true,"href":"https:\/\/ktfnews.com\/es\/wp-json\/wp\/v2\/comments?post=22270"}],"version-history":[{"count":3,"href":"https:\/\/ktfnews.com\/es\/wp-json\/wp\/v2\/posts\/22270\/revisions"}],"predecessor-version":[{"id":22307,"href":"https:\/\/ktfnews.com\/es\/wp-json\/wp\/v2\/posts\/22270\/revisions\/22307"}],"wp:featuredmedia":[{"embeddable":true,"href":"https:\/\/ktfnews.com\/es\/wp-json\/wp\/v2\/media\/22273"}],"wp:attachment":[{"href":"https:\/\/ktfnews.com\/es\/wp-json\/wp\/v2\/media?parent=22270"}],"wp:term":[{"taxonomy":"category","embeddable":true,"href":"https:\/\/ktfnews.com\/es\/wp-json\/wp\/v2\/categories?post=22270"},{"taxonomy":"post_tag","embeddable":true,"href":"https:\/\/ktfnews.com\/es\/wp-json\/wp\/v2\/tags?post=22270"}],"curies":[{"name":"wp","href":"https:\/\/api.w.org\/{rel}","templated":true}]}}