{"id":22186,"date":"2021-06-23T07:30:40","date_gmt":"2021-06-23T11:30:40","guid":{"rendered":"https:\/\/ktfnews.com\/?p=22186"},"modified":"2021-06-23T19:05:58","modified_gmt":"2021-06-23T23:05:58","slug":"pope-ilo-urgent-need-economic-reform-protection-workers","status":"publish","type":"post","link":"https:\/\/ktfnews.com\/es\/pope-ilo-urgent-need-economic-reform-protection-workers\/","title":{"rendered":"El Papa a la OIT:\u201dUrgen las Reformas Econ\u00f3micas y la Protecci\u00f3n de Todos los Trabajadores\u201d"},"content":{"rendered":"<p><i>Vatican News<\/i>, por la redacci\u00f3n: Al abrir su videomensaje con motivo de la 109\u00aa reuni\u00f3n de la Organizaci\u00f3n Internacional del Trabajo, el Papa Francisco se\u00f1al\u00f3 que en los \u00faltimos meses, la organizaci\u00f3n ha hecho \u00abun trabajo encomiable al dedicar una atenci\u00f3n particular a nuestros hermanos y hermanas m\u00e1s vulnerables\u00bb.<\/p>\n<p>Buscar soluciones econ\u00f3micas para todos<\/p>\n<p>Durante esta persistente crisis, debemos seguir ejerciendo un \u00abcuidado especial\u00bb por el bien com\u00fan. El Papa se\u00f1al\u00f3 que en el \u00faltimo a\u00f1o \u00abhemos asistido a una p\u00e9rdida de empleo sin precedentes en todo el mundo\u00bb, por lo que la crisis es econ\u00f3mica a nivel global.<\/p>\n<p>Mientras se buscan soluciones para volver a una mayor actividad econ\u00f3mica post-pand\u00e9mica, el Papa Francisco pide que se evite cualquier forma de discriminaci\u00f3n, incluyendo el \u00abconsumismo\u00bb o el \u00abnacionalismo\u00bb. \u00abDebemos buscar soluciones que nos ayuden a construir un nuevo futuro del trabajo basado en condiciones laborales decentes y dignas\u00bb siempre \u00abpromoviendo el bien com\u00fan\u00bb.<\/p>\n<p>En este sentido, prosigui\u00f3 el Papa, estamos llamados a dar una respuesta prioritaria a los trabajadores que se encuentran en los m\u00e1rgenes del mercado laboral y que a\u00fan se ven afectados por la pandemia de Covid-19.<\/p>\n<p>Migrantes y trabajadores vulnerables<\/p>\n<p>Entre ellos est\u00e1n los migrantes, se\u00f1ala el Papa, que son v\u00edctimas de \u00abesta filosof\u00eda de la exclusi\u00f3n que nos hemos acostumbrado a imponer en nuestras sociedades\u00bb. Los migrantes, de hecho, junto con otros trabajadores vulnerables y sus familias \u00absuelen quedar excluidos del acceso a los programas nacionales de promoci\u00f3n de la salud, prevenci\u00f3n de enfermedades, tratamiento y atenci\u00f3n, as\u00ed como a los planes de protecci\u00f3n financiera y a los servicios psicosociales\u00bb. El Papa Francisco advirti\u00f3 que esta exclusi\u00f3n complica el tratamiento de la pandemia de Covid-19, aumentando el riesgo de brotes que suponen una amenaza adicional para la salud p\u00fablica.<\/p>\n<p>Principales preocupaciones<\/p>\n<p>El Papa Francisco pas\u00f3 a expresar algunas de sus principales preocupaciones. En primer lugar, comenz\u00f3, \u00abes misi\u00f3n fundamental de la Iglesia apelar a todos para que trabajen juntos\u00bb al servicio del bien com\u00fan \u00abcuyo objetivo es, sobre todo, construir y consolidar la paz y la confianza entre todos\u00bb.<\/p>\n<p>A\u00f1adi\u00f3 que los m\u00e1s vulnerables \u00abno pueden ser dejados de lado en el di\u00e1logo que debe reunir tambi\u00e9n a gobiernos, empresas y trabajadores\u00bb. <\/p>\n<p>La Iglesia como constructora de puentes<\/p>\n<p>En este sentido, continu\u00f3, \u00abes esencial que todas las confesiones y comunidades religiosas se comprometan juntas\u00bb. La Iglesia tiene una larga experiencia de participaci\u00f3n en estos di\u00e1logos&#8230; y se ofrece al mundo \u00abcomo constructora de puentes para ayudar a crearlos o facilitarlos\u00bb, dijo el Papa. No puede ser que quien tiene menos derechos o m\u00e1s derechos dialogue con quien no los tiene. El mismo nivel de derechos y obligaciones garantiza as\u00ed un di\u00e1logo serio.<\/p>\n<p>Protecci\u00f3n seg\u00fan la vulnerabilidad<\/p>\n<p>A continuaci\u00f3n, el Papa se\u00f1al\u00f3 que \u00abtambi\u00e9n es esencial para la misi\u00f3n de la Iglesia garantizar que todas las personas reciban la protecci\u00f3n que necesitan seg\u00fan su vulnerabilidad: enfermedad, edad, discapacidad, desplazamiento, marginaci\u00f3n o dependencia\u00bb. Los sistemas de protecci\u00f3n social, que a su vez se enfrentan a grandes riesgos, deben ser apoyados y ampliados para garantizar el acceso a los servicios de salud, la alimentaci\u00f3n y las necesidades humanas b\u00e1sicas, dijo el Papa.<\/p>\n<p>Respeto de los derechos fundamentales<\/p>\n<p>A\u00f1adi\u00f3 que \u00abla protecci\u00f3n de los trabajadores y de los m\u00e1s vulnerables debe garantizarse mediante el respeto de sus derechos fundamentales\u00bb, entre ellos el derecho a organizarse en sindicatos. Es decir, explic\u00f3 el Papa, \u00aborganizarse en sindicatos es un derecho\u00bb. Los m\u00e1s vulnerables \u00abno deben verse afectados negativamente por las medidas para acelerar una recuperaci\u00f3n centrada \u00fanicamente en los indicadores econ\u00f3micos\u00bb, dijo el Papa. A\u00f1adi\u00f3 que \u00abaqu\u00ed se necesita tambi\u00e9n una reforma del sistema econ\u00f3mico, una reforma profunda de la econom\u00eda. El modo de gestionar la econom\u00eda debe ser diferente, tambi\u00e9n debe cambiar\u00bb, dijo.<\/p>\n<p>Mientras buscamos remodelar nuestro futuro&#8230;<\/p>\n<p>\u00abEste virus se propaga pensando que la vida es mejor si es mejor para m\u00ed, y que todo est\u00e1 bien si est\u00e1 bien para m\u00ed, y as\u00ed empezamos y terminamos seleccionando a una persona en lugar de otra, rechazando a los pobres, sacrificando a los que se han quedado atr\u00e1s, en el llamado &#8216;altar del progreso&#8217;. Es una din\u00e1mica verdaderamente elitista, de construcci\u00f3n de nuevas \u00e9lites a costa de descartar a mucha gente y a muchos pueblos\u00bb.<\/p>\n<p>La Santa Sede y la OIT<\/p>\n<p>De cara al futuro, es fundamental que la Iglesia, y por tanto la acci\u00f3n de la Santa Sede con la OIT, apoye medidas que corrijan las situaciones injustas o incorrectas que condicionan las relaciones laborales y que las someten completamente a la idea de \u00abexclusi\u00f3n\u00bb, o que violan los derechos fundamentales de los trabajadores, dijo el Papa.<\/p>\n<p>Se\u00f1al\u00f3 que la pandemia nos ha recordado que \u00abno hay diferencias ni fronteras entre los que sufren\u00bb.<\/p>\n<p>\u00abTodos somos fr\u00e1giles y, al mismo tiempo, todos tenemos un gran valor. Esperamos que lo que est\u00e1 ocurriendo a nuestro alrededor nos sacuda hasta el fondo. Ha llegado el momento de eliminar las desigualdades, de curar la injusticia que est\u00e1 minando la salud de toda la familia humana\u00bb, dijo el Papa.<\/p>\n<p>Regulaci\u00f3n en el trabajo<\/p>\n<p>La Santa Sede est\u00e1 convencida de que el trabajo, y por tanto los trabajadores, pueden contar con garant\u00edas, apoyo y potenciaci\u00f3n si se les protege del \u00abjuego\u00bb de la desregulaci\u00f3n, dijo el Papa. Las normas jur\u00eddicas deben estar orientadas al crecimiento del empleo, al trabajo decente y a los derechos y deberes de la persona humana, a\u00f1adi\u00f3.<\/p>\n<p>Entender el trabajo<\/p>\n<p>Para promover esta acci\u00f3n com\u00fan, es necesario entender correctamente el trabajo, se\u00f1al\u00f3 el Papa. El primer elemento de esta comprensi\u00f3n implica entender el trabajo en todas sus formas, \u00abincluidas las formas de empleo no est\u00e1ndar\u00bb. El Papa se\u00f1al\u00f3 que el trabajo va m\u00e1s all\u00e1 de lo que tradicionalmente se conoce como \u00abempleo formal\u00bb. La falta de protecci\u00f3n social de los trabajadores de la econom\u00eda informal u oculta y de sus familias los hace especialmente vulnerables a los enfrentamientos y \u00abno pueden contar con la protecci\u00f3n que ofrecen los seguros sociales o los planes de asistencia social destinados a luchar contra la pobreza\u00bb.<\/p>\n<p>A continuaci\u00f3n, el Papa se refiri\u00f3 a las mujeres. \u00abLas mujeres de la econom\u00eda sumergida sienten el impacto de Covid-19 de muchas maneras, desde el aislamiento hasta la exposici\u00f3n extrema a los riesgos de salud\u00bb. Se\u00f1al\u00f3 que la falta de guarder\u00edas accesibles deja a los hijos de los trabajadores \u00abexpuestos a un mayor riesgo para la salud porque sus madres tienen que llevarlos al lugar de trabajo o dejarlos desatendidos en casa\u00bb. \u00abHay que garantizar que la asistencia social llegue a la econom\u00eda sumergida y preste especial atenci\u00f3n a las necesidades particulares de las mujeres y las ni\u00f1as\u00bb, dijo el Papa.<\/p>\n<p>Una dimensi\u00f3n del cuidado<\/p>\n<p>El segundo elemento para una correcta comprensi\u00f3n del trabajo es que debe incluir la dimensi\u00f3n del cuidado. \u00abEl trabajo que no cuida, que destruye la Creaci\u00f3n, que pone en peligro la supervivencia de las generaciones futuras, no respeta la dignidad de los trabajadores y no puede considerarse decente\u00bb, dijo el Papa. Mientras que \u00abel trabajo que cuida, que contribuye a la restauraci\u00f3n de la plena dignidad humana, ayudar\u00e1 a asegurar un futuro sostenible para las generaciones futuras\u00bb.<\/p>\n<p>Cada pueblo tiene su propia cultura, afirm\u00f3 el Papa. \u00abEs hora de liberarnos por fin de la herencia de la Ilustraci\u00f3n, que asociaba la palabra cultura a un determinado tipo de formaci\u00f3n intelectual y de pertenencia social. Cada pueblo tiene su propia cultura y hay que aceptarla como es, dijo el Papa.<\/p>\n<p>Buscar inspiraci\u00f3n en la caridad pol\u00edtica<\/p>\n<p>Dirigi\u00e9ndose a los participantes, el Papa Francisco pidi\u00f3 que los dirigentes pol\u00edticos y todos los que trabajan en los gobiernos \u00abbusquen siempre la inspiraci\u00f3n en esa forma de amor que es la caridad pol\u00edtica\u00bb. <\/p>\n<p>Record\u00f3 a los empresarios que su verdadera vocaci\u00f3n es \u00abproducir riqueza al servicio de todos\u00bb, las capacidades empresariales son un don de Dios y \u00abdeben estar siempre claramente orientadas al desarrollo de los dem\u00e1s y a la eliminaci\u00f3n de la pobreza, especialmente mediante la creaci\u00f3n de oportunidades de trabajo diversificadas\u00bb. A veces, al hablar de la propiedad privada se olvida que es un derecho secundario, que depende de este derecho primario, que es el destino universal de los bienes, dijo el Papa. <\/p>\n<p>A continuaci\u00f3n, el Papa pidi\u00f3 a los sindicalistas y a los dirigentes de las asociaciones de trabajadores que \u00abno se dejen \u00abencorsetar\u00bb, que se centren en las situaciones reales de los barrios y las comunidades en las que act\u00faan, mientras abordan cuestiones relacionadas con las pol\u00edticas econ\u00f3micas m\u00e1s amplias y las \u00abmacrorelaciones\u00bb\u00bb. Los sindicatos tambi\u00e9n deben vigilar los muros de la ciudad del trabajo, como un guardia que vigila y protege a los que est\u00e1n dentro de la ciudad del trabajo, pero que tambi\u00e9n vigila y protege a los que est\u00e1n fuera de los muros, dijo el Papa. <\/p>\n<p>Por \u00faltimo, el Papa Francisco record\u00f3 a todos los participantes que la Iglesia les apoya. \u00abElla camina junto a ustedes\u00bb, dijo.<\/p>\n<p>Nuestro comentario:<br \/>\nEl Papa Francisco vuelve a defender y promover los sindicatos que atan a las personas en fardos para ser quemados. <\/p>\n<p>Conexi\u00f3n Prof\u00e9tica:<br \/>\n\u201cDurante a\u00f1os me ha sido dada luz especial acerca de nuestro deber de no centralizar nuestra obra en las ciudades. El ruido y el bullicio que las llenan, las condiciones que en ellas crean los sindicatos y las huelgas, impedir\u00e1n nuestra obra. Ciertos individuos tratan de lograr que las personas de diferentes oficios se sindicalicen. Tal no es el plan de Dios, sino de una potencia que de ning\u00fan modo debemos reconocer. La palabra de Dios se cumple: Los malos parecen juntarse en haces para ser quemados.\u201d <i>Testimonios para la Iglesia<\/i>, p\u00e1g. 84.<\/p>\n<hr>\n<h3>Source References<\/h3>\n<ul>\n<li>\n<h5><a href=\"https:\/\/www.vaticannews.va\/en\/pope\/news\/2021-06\/pope-franci-video-message-international-labour-organisation.html\" target=\"_blank\">Pope to ILO: &#8216;Urgent need for economic reform and protection of all workers&#8217;<\/a><\/h5>\n<\/li>\n<\/ul>\n<p><\/p>\n<!-- AddThis Advanced Settings generic via filter on the_content -->","protected":false},"excerpt":{"rendered":"<p>Vatican News, por la redacci\u00f3n: Al abrir su videomensaje con motivo de la 109\u00aa reuni\u00f3n de la Organizaci\u00f3n Internacional del Trabajo, el Papa Francisco se\u00f1al\u00f3 que en los \u00faltimos meses, la organizaci\u00f3n ha hecho \u00abun trabajo encomiable al dedicar una&#8230;<!-- AddThis Advanced Settings generic via filter on wp_trim_excerpt --><\/p>\n","protected":false},"author":6,"featured_media":22188,"comment_status":"open","ping_status":"open","sticky":false,"template":"","format":"standard","meta":{"episode_type":"","audio_file":"","duration":"","filesize":"","date_recorded":"","explicit":"","block":"","filesize_raw":"","_FSMCFIC_featured_image_caption":"Image: Ziaur Chowdhury from Pixabay.com","_FSMCFIC_featured_image_nocaption":null,"_FSMCFIC_featured_image_hide":null,"_links_to":"","_links_to_target":""},"categories":[722,32],"tags":[2722,283,2048,1415,111],"featured_image_urls":{"thumbnail":"https:\/\/ktfnews.com\/wp-content\/uploads\/2021\/06\/hard-hat-4274430_1280-150x150.jpg","medium":"https:\/\/ktfnews.com\/wp-content\/uploads\/2021\/06\/hard-hat-4274430_1280-300x169.jpg","medium_large":"https:\/\/ktfnews.com\/wp-content\/uploads\/2021\/06\/hard-hat-4274430_1280-768x432.jpg","large":"https:\/\/ktfnews.com\/wp-content\/uploads\/2021\/06\/hard-hat-4274430_1280-1024x576.jpg","team-small":"https:\/\/ktfnews.com\/wp-content\/uploads\/2021\/06\/hard-hat-4274430_1280-138x162.jpg","team-overview":"https:\/\/ktfnews.com\/wp-content\/uploads\/2021\/06\/hard-hat-4274430_1280-200x279.jpg","team-big":"https:\/\/ktfnews.com\/wp-content\/uploads\/2021\/06\/hard-hat-4274430_1280-540x270.jpg","two-columns":"https:\/\/ktfnews.com\/wp-content\/uploads\/2021\/06\/hard-hat-4274430_1280-379x242.jpg","one-column":"https:\/\/ktfnews.com\/wp-content\/uploads\/2021\/06\/hard-hat-4274430_1280-379x242.jpg","mini-square":"https:\/\/ktfnews.com\/wp-content\/uploads\/2021\/06\/hard-hat-4274430_1280-70x70.jpg","portfolio-widget-mainpage":"https:\/\/ktfnews.com\/wp-content\/uploads\/2021\/06\/hard-hat-4274430_1280-335x195.jpg","portfolio-single-ajax":"https:\/\/ktfnews.com\/wp-content\/uploads\/2021\/06\/hard-hat-4274430_1280-670x280.jpg","portfolio-single-big":"https:\/\/ktfnews.com\/wp-content\/uploads\/2021\/06\/hard-hat-4274430_1280-685x480.jpg","portfolio-single-small":"https:\/\/ktfnews.com\/wp-content\/uploads\/2021\/06\/hard-hat-4274430_1280-685x280.jpg","portfolio-single-full-big":"https:\/\/ktfnews.com\/wp-content\/uploads\/2021\/06\/hard-hat-4274430_1280-960x590.jpg","portfolio-single-full-small":"https:\/\/ktfnews.com\/wp-content\/uploads\/2021\/06\/hard-hat-4274430_1280-960x250.jpg","gallery-post":"https:\/\/ktfnews.com\/wp-content\/uploads\/2021\/06\/hard-hat-4274430_1280-182x126.jpg","gallery-post-smaller":"https:\/\/ktfnews.com\/wp-content\/uploads\/2021\/06\/hard-hat-4274430_1280-158x100.jpg","gallery-standard":"https:\/\/ktfnews.com\/wp-content\/uploads\/2021\/06\/hard-hat-4274430_1280-257x169.jpg","tooltip-preview":"https:\/\/ktfnews.com\/wp-content\/uploads\/2021\/06\/hard-hat-4274430_1280-227x133.jpg","widget-content-slider":"https:\/\/ktfnews.com\/wp-content\/uploads\/2021\/06\/hard-hat-4274430_1280-230x137.jpg","post-top-articles":"https:\/\/ktfnews.com\/wp-content\/uploads\/2021\/06\/hard-hat-4274430_1280-130x100.jpg","post-single-wide":"https:\/\/ktfnews.com\/wp-content\/uploads\/2021\/06\/hard-hat-4274430_1280-595x360.jpg","post-single-wide-nocrop":"https:\/\/ktfnews.com\/wp-content\/uploads\/2021\/06\/hard-hat-4274430_1280-595x335.jpg","post-single-wide-mobile":"https:\/\/ktfnews.com\/wp-content\/uploads\/2021\/06\/hard-hat-4274430_1280-320x190.jpg","post-single-wide-small":"https:\/\/ktfnews.com\/wp-content\/uploads\/2021\/06\/hard-hat-4274430_1280-595x190.jpg","post-single-square":"https:\/\/ktfnews.com\/wp-content\/uploads\/2021\/06\/hard-hat-4274430_1280-120x120.jpg","post-single-full-small":"https:\/\/ktfnews.com\/wp-content\/uploads\/2021\/06\/hard-hat-4274430_1280-950x360.jpg","post-single-full-big":"https:\/\/ktfnews.com\/wp-content\/uploads\/2021\/06\/hard-hat-4274430_1280-950x590.jpg","photo-blog":"https:\/\/ktfnews.com\/wp-content\/uploads\/2021\/06\/hard-hat-4274430_1280-768x432.jpg"},"appp_media":null,"yoast_head":"<!-- This site is optimized with the Yoast SEO plugin v17.3 - https:\/\/yoast.com\/wordpress\/plugins\/seo\/ -->\n<meta name=\"robots\" content=\"index, follow, max-snippet:-1, max-image-preview:large, max-video-preview:-1\" \/>\n<link rel=\"canonical\" href=\"https:\/\/ktfnews.com\/es\/pope-ilo-urgent-need-economic-reform-protection-workers\/\" \/>\n<meta property=\"og:locale\" content=\"es_ES\" \/>\n<meta property=\"og:type\" content=\"article\" \/>\n<meta property=\"og:title\" content=\"[:en]Pope to ILO: &#039;Urgent need for economic reform and protection of all workers&#039;[:es]El Papa a la OIT:\u201dUrgen las Reformas Econ\u00f3micas y la Protecci\u00f3n de Todos los Trabajadores\u201d[:] - KEEP the FAITH\" \/>\n<meta property=\"og:description\" content=\"Vatican News, por la redacci\u00f3n: Al abrir su videomensaje con motivo de la 109\u00aa reuni\u00f3n de la Organizaci\u00f3n Internacional del Trabajo, el Papa Francisco se\u00f1al\u00f3 que en los \u00faltimos meses, la organizaci\u00f3n ha hecho \u00abun trabajo encomiable al dedicar una...\" \/>\n<meta property=\"og:url\" content=\"https:\/\/ktfnews.com\/es\/pope-ilo-urgent-need-economic-reform-protection-workers\/\" \/>\n<meta property=\"og:site_name\" content=\"KEEP the FAITH\" \/>\n<meta property=\"article:publisher\" content=\"https:\/\/www.facebook.com\/ktfministry\" \/>\n<meta property=\"article:published_time\" content=\"2021-06-23T11:30:40+00:00\" \/>\n<meta property=\"article:modified_time\" content=\"2021-06-23T23:05:58+00:00\" \/>\n<meta property=\"og:image\" content=\"https:\/\/ktfnews.com\/wp-content\/uploads\/2021\/06\/hard-hat-4274430_1280.jpg\" \/>\n\t<meta property=\"og:image:width\" content=\"1280\" \/>\n\t<meta property=\"og:image:height\" content=\"720\" \/>\n<meta name=\"twitter:card\" content=\"summary_large_image\" \/>\n<meta name=\"twitter:creator\" content=\"@ktfministry\" \/>\n<meta name=\"twitter:site\" content=\"@ktfministry\" \/>\n<meta name=\"twitter:label1\" content=\"Escrito por\" \/>\n\t<meta name=\"twitter:data1\" content=\"Pastor Hal Mayer\" \/>\n\t<meta name=\"twitter:label2\" content=\"Tiempo de lectura\" \/>\n\t<meta name=\"twitter:data2\" content=\"16 minutos\" \/>\n<script type=\"application\/ld+json\" class=\"yoast-schema-graph\">{\"@context\":\"https:\/\/schema.org\",\"@graph\":[{\"@type\":\"WebSite\",\"@id\":\"https:\/\/ktfnews.com\/#website\",\"url\":\"https:\/\/ktfnews.com\/\",\"name\":\"KEEP the FAITH\",\"description\":\"Preparing you for the final conflict between good and evil.\",\"potentialAction\":[{\"@type\":\"SearchAction\",\"target\":{\"@type\":\"EntryPoint\",\"urlTemplate\":\"https:\/\/ktfnews.com\/?s={search_term_string}\"},\"query-input\":\"required name=search_term_string\"}],\"inLanguage\":\"es\"},{\"@type\":\"ImageObject\",\"@id\":\"https:\/\/ktfnews.com\/es\/pope-ilo-urgent-need-economic-reform-protection-workers\/#primaryimage\",\"inLanguage\":\"es\",\"url\":\"https:\/\/ktfnews.com\/wp-content\/uploads\/2021\/06\/hard-hat-4274430_1280.jpg\",\"contentUrl\":\"https:\/\/ktfnews.com\/wp-content\/uploads\/2021\/06\/hard-hat-4274430_1280.jpg\",\"width\":1280,\"height\":720},{\"@type\":\"WebPage\",\"@id\":\"https:\/\/ktfnews.com\/es\/pope-ilo-urgent-need-economic-reform-protection-workers\/#webpage\",\"url\":\"https:\/\/ktfnews.com\/es\/pope-ilo-urgent-need-economic-reform-protection-workers\/\",\"name\":\"[:en]Pope to ILO: 'Urgent need for economic reform and protection of all workers'[:es]El Papa a la OIT:\\u201dUrgen las Reformas Econ\\u00f3micas y la Protecci\\u00f3n de Todos los Trabajadores\\u201d[:] - KEEP the FAITH\",\"isPartOf\":{\"@id\":\"https:\/\/ktfnews.com\/#website\"},\"primaryImageOfPage\":{\"@id\":\"https:\/\/ktfnews.com\/es\/pope-ilo-urgent-need-economic-reform-protection-workers\/#primaryimage\"},\"datePublished\":\"2021-06-23T11:30:40+00:00\",\"dateModified\":\"2021-06-23T23:05:58+00:00\",\"author\":{\"@id\":\"https:\/\/ktfnews.com\/#\/schema\/person\/ba4174513d9169cf8e229b7d8d60410d\"},\"breadcrumb\":{\"@id\":\"https:\/\/ktfnews.com\/es\/pope-ilo-urgent-need-economic-reform-protection-workers\/#breadcrumb\"},\"inLanguage\":\"es\",\"potentialAction\":[{\"@type\":\"ReadAction\",\"target\":[\"https:\/\/ktfnews.com\/es\/pope-ilo-urgent-need-economic-reform-protection-workers\/\"]}]},{\"@type\":\"BreadcrumbList\",\"@id\":\"https:\/\/ktfnews.com\/es\/pope-ilo-urgent-need-economic-reform-protection-workers\/#breadcrumb\",\"itemListElement\":[{\"@type\":\"ListItem\",\"position\":1,\"name\":\"Home\",\"item\":\"https:\/\/ktfnews.com\/\"},{\"@type\":\"ListItem\",\"position\":2,\"name\":\"Briefings\",\"item\":\"https:\/\/ktfnews.com\/category\/briefings\/\"},{\"@type\":\"ListItem\",\"position\":3,\"name\":\"Pope to ILO: &#8216;Urgent need for economic reform and protection of all workers'\"}]},{\"@type\":\"Person\",\"@id\":\"https:\/\/ktfnews.com\/#\/schema\/person\/ba4174513d9169cf8e229b7d8d60410d\",\"name\":\"Pastor Hal Mayer\",\"image\":{\"@type\":\"ImageObject\",\"@id\":\"https:\/\/ktfnews.com\/#personlogo\",\"inLanguage\":\"es\",\"url\":\"https:\/\/secure.gravatar.com\/avatar\/051bac95ae650254c5a03467b9456599?s=96&d=mm&r=g\",\"contentUrl\":\"https:\/\/secure.gravatar.com\/avatar\/051bac95ae650254c5a03467b9456599?s=96&d=mm&r=g\",\"caption\":\"Pastor Hal Mayer\"},\"description\":\"Pastor Hal Mayer is speaker and director of Keep the Faith Ministry. For the last 20 years Pastor Mayer\\u2019s monthly prophetic analysis on CD and online has revealed the striking evidence of fulfilling prophecy to many thousands of subscribers all over the world. Pastor Mayer\\u2019s background in history and Bible prophecy give him unique insights and perspectives that have blessed many and helped them make a deeper commitment to the Lord. Keep the Faith Ministry helps those who want to keep abreast of fulfilling prophecy and who want to understand and navigate the unique and difficult circumstances of the end-times. Keep the Faith Ministry helps to prepare you for the second coming of Christ. Pastor Mayer is married to Betsy for more than 40 years. They have no children of their own. \\u201cThe times in which we live are thrilling, because the things prophesied in God\\u2019s word are actually coming to pass in this generation,\\u201d says Pastor Mayer. \\u201cIn a time when the distinctive end-time truths of God\\u2019s word are being censored, and life in this world is becoming more and more chaotic, Keep the Faith is a voice of strength and encouragement.\\u201d\",\"url\":\"https:\/\/ktfnews.com\/es\/author\/hal\/\"}]}<\/script>\n<!-- \/ Yoast SEO plugin. -->","yoast_head_json":{"robots":{"index":"index","follow":"follow","max-snippet":"max-snippet:-1","max-image-preview":"max-image-preview:large","max-video-preview":"max-video-preview:-1"},"canonical":"https:\/\/ktfnews.com\/es\/pope-ilo-urgent-need-economic-reform-protection-workers\/","og_locale":"es_ES","og_type":"article","og_title":"[:en]Pope to ILO: 'Urgent need for economic reform and protection of all workers'[:es]El Papa a la OIT:\u201dUrgen las Reformas Econ\u00f3micas y la Protecci\u00f3n de Todos los Trabajadores\u201d[:] - KEEP the FAITH","og_description":"Vatican News, por la redacci\u00f3n: Al abrir su videomensaje con motivo de la 109\u00aa reuni\u00f3n de la Organizaci\u00f3n Internacional del Trabajo, el Papa Francisco se\u00f1al\u00f3 que en los \u00faltimos meses, la organizaci\u00f3n ha hecho \u00abun trabajo encomiable al dedicar una...","og_url":"https:\/\/ktfnews.com\/es\/pope-ilo-urgent-need-economic-reform-protection-workers\/","og_site_name":"KEEP the FAITH","article_publisher":"https:\/\/www.facebook.com\/ktfministry","article_published_time":"2021-06-23T11:30:40+00:00","article_modified_time":"2021-06-23T23:05:58+00:00","og_image":[{"width":1280,"height":720,"url":"https:\/\/ktfnews.com\/wp-content\/uploads\/2021\/06\/hard-hat-4274430_1280.jpg","type":"image\/jpeg"}],"twitter_card":"summary_large_image","twitter_creator":"@ktfministry","twitter_site":"@ktfministry","twitter_misc":{"Escrito por":"Pastor Hal Mayer","Tiempo de lectura":"16 minutos"},"schema":{"@context":"https:\/\/schema.org","@graph":[{"@type":"WebSite","@id":"https:\/\/ktfnews.com\/#website","url":"https:\/\/ktfnews.com\/","name":"KEEP the FAITH","description":"Preparing you for the final conflict between good and evil.","potentialAction":[{"@type":"SearchAction","target":{"@type":"EntryPoint","urlTemplate":"https:\/\/ktfnews.com\/?s={search_term_string}"},"query-input":"required name=search_term_string"}],"inLanguage":"es"},{"@type":"ImageObject","@id":"https:\/\/ktfnews.com\/es\/pope-ilo-urgent-need-economic-reform-protection-workers\/#primaryimage","inLanguage":"es","url":"https:\/\/ktfnews.com\/wp-content\/uploads\/2021\/06\/hard-hat-4274430_1280.jpg","contentUrl":"https:\/\/ktfnews.com\/wp-content\/uploads\/2021\/06\/hard-hat-4274430_1280.jpg","width":1280,"height":720},{"@type":"WebPage","@id":"https:\/\/ktfnews.com\/es\/pope-ilo-urgent-need-economic-reform-protection-workers\/#webpage","url":"https:\/\/ktfnews.com\/es\/pope-ilo-urgent-need-economic-reform-protection-workers\/","name":"[:en]Pope to ILO: 'Urgent need for economic reform and protection of all workers'[:es]El Papa a la OIT:\u201dUrgen las Reformas Econ\u00f3micas y la Protecci\u00f3n de Todos los Trabajadores\u201d[:] - KEEP the FAITH","isPartOf":{"@id":"https:\/\/ktfnews.com\/#website"},"primaryImageOfPage":{"@id":"https:\/\/ktfnews.com\/es\/pope-ilo-urgent-need-economic-reform-protection-workers\/#primaryimage"},"datePublished":"2021-06-23T11:30:40+00:00","dateModified":"2021-06-23T23:05:58+00:00","author":{"@id":"https:\/\/ktfnews.com\/#\/schema\/person\/ba4174513d9169cf8e229b7d8d60410d"},"breadcrumb":{"@id":"https:\/\/ktfnews.com\/es\/pope-ilo-urgent-need-economic-reform-protection-workers\/#breadcrumb"},"inLanguage":"es","potentialAction":[{"@type":"ReadAction","target":["https:\/\/ktfnews.com\/es\/pope-ilo-urgent-need-economic-reform-protection-workers\/"]}]},{"@type":"BreadcrumbList","@id":"https:\/\/ktfnews.com\/es\/pope-ilo-urgent-need-economic-reform-protection-workers\/#breadcrumb","itemListElement":[{"@type":"ListItem","position":1,"name":"Home","item":"https:\/\/ktfnews.com\/"},{"@type":"ListItem","position":2,"name":"Briefings","item":"https:\/\/ktfnews.com\/category\/briefings\/"},{"@type":"ListItem","position":3,"name":"Pope to ILO: &#8216;Urgent need for economic reform and protection of all workers'"}]},{"@type":"Person","@id":"https:\/\/ktfnews.com\/#\/schema\/person\/ba4174513d9169cf8e229b7d8d60410d","name":"Pastor Hal Mayer","image":{"@type":"ImageObject","@id":"https:\/\/ktfnews.com\/#personlogo","inLanguage":"es","url":"https:\/\/secure.gravatar.com\/avatar\/051bac95ae650254c5a03467b9456599?s=96&d=mm&r=g","contentUrl":"https:\/\/secure.gravatar.com\/avatar\/051bac95ae650254c5a03467b9456599?s=96&d=mm&r=g","caption":"Pastor Hal Mayer"},"description":"Pastor Hal Mayer is speaker and director of Keep the Faith Ministry. For the last 20 years Pastor Mayer\u2019s monthly prophetic analysis on CD and online has revealed the striking evidence of fulfilling prophecy to many thousands of subscribers all over the world. Pastor Mayer\u2019s background in history and Bible prophecy give him unique insights and perspectives that have blessed many and helped them make a deeper commitment to the Lord. Keep the Faith Ministry helps those who want to keep abreast of fulfilling prophecy and who want to understand and navigate the unique and difficult circumstances of the end-times. Keep the Faith Ministry helps to prepare you for the second coming of Christ. Pastor Mayer is married to Betsy for more than 40 years. They have no children of their own. \u201cThe times in which we live are thrilling, because the things prophesied in God\u2019s word are actually coming to pass in this generation,\u201d says Pastor Mayer. \u201cIn a time when the distinctive end-time truths of God\u2019s word are being censored, and life in this world is becoming more and more chaotic, Keep the Faith is a voice of strength and encouragement.\u201d","url":"https:\/\/ktfnews.com\/es\/author\/hal\/"}]}},"_links":{"self":[{"href":"https:\/\/ktfnews.com\/es\/wp-json\/wp\/v2\/posts\/22186"}],"collection":[{"href":"https:\/\/ktfnews.com\/es\/wp-json\/wp\/v2\/posts"}],"about":[{"href":"https:\/\/ktfnews.com\/es\/wp-json\/wp\/v2\/types\/post"}],"author":[{"embeddable":true,"href":"https:\/\/ktfnews.com\/es\/wp-json\/wp\/v2\/users\/6"}],"replies":[{"embeddable":true,"href":"https:\/\/ktfnews.com\/es\/wp-json\/wp\/v2\/comments?post=22186"}],"version-history":[{"count":3,"href":"https:\/\/ktfnews.com\/es\/wp-json\/wp\/v2\/posts\/22186\/revisions"}],"predecessor-version":[{"id":22195,"href":"https:\/\/ktfnews.com\/es\/wp-json\/wp\/v2\/posts\/22186\/revisions\/22195"}],"wp:featuredmedia":[{"embeddable":true,"href":"https:\/\/ktfnews.com\/es\/wp-json\/wp\/v2\/media\/22188"}],"wp:attachment":[{"href":"https:\/\/ktfnews.com\/es\/wp-json\/wp\/v2\/media?parent=22186"}],"wp:term":[{"taxonomy":"category","embeddable":true,"href":"https:\/\/ktfnews.com\/es\/wp-json\/wp\/v2\/categories?post=22186"},{"taxonomy":"post_tag","embeddable":true,"href":"https:\/\/ktfnews.com\/es\/wp-json\/wp\/v2\/tags?post=22186"}],"curies":[{"name":"wp","href":"https:\/\/api.w.org\/{rel}","templated":true}]}}