{"id":22118,"date":"2021-06-14T07:30:57","date_gmt":"2021-06-14T11:30:57","guid":{"rendered":"https:\/\/ktfnews.com\/?p=22118"},"modified":"2021-06-14T00:43:34","modified_gmt":"2021-06-14T04:43:34","slug":"pope-francis-meets-president-bulgaria","status":"publish","type":"post","link":"https:\/\/ktfnews.com\/es\/pope-francis-meets-president-bulgaria\/","title":{"rendered":"El Papa Francisco se Re\u00fane con el Presidente de Bulgaria"},"content":{"rendered":"<p><i>Vatican News<\/i>, por el editor: El Papa se reuni\u00f3 el jueves con el Sr. Ruman Georgiev Radev, presidente de la Rep\u00fablica de Bulgaria, junto con su esposa y su s\u00e9quito, seg\u00fan la Oficina de Prensa de la Santa Sede.<\/p>\n<p><video width=\"300\" height=\"150\">https:\/\/www.youtube.com\/watch?v=8Gmt2Swn02Q<\/video><\/p>\n<p>Conexi\u00f3n Prof\u00e9tica:<br \/>\n\u201cY los reyes de la tierra que han fornicado con ella, y con ella han vivido en deleites, llorar\u00e1n y har\u00e1n lamentaci\u00f3n sobre ella, cuando vean el humo de su incendio, par\u00e1ndose lejos por el temor de su tormento, diciendo: !!Ay, ay, de la gran ciudad de Babilonia, la ciudad fuerte; porque en una hora vino tu juicio!\u201d Apocalipsis 18:9-10.<\/p>\n<hr>\n<h3>Source References<\/h3>\n<ul>\n<li>\n<h5><a href=\"https:\/\/www.vaticannews.va\/en\/pope\/news\/2021-05\/pope-francis-audience-president-rumen-radev-bulgaria.html\" target=\"_blank\">Pope Francis meets with the President of Bulgaria<\/a><\/h5>\n<\/li>\n<\/ul>\n<p><\/p>\n<!-- AddThis Advanced Settings generic via filter on the_content -->","protected":false},"excerpt":{"rendered":"<p>Vatican News, por el editor: El Papa se reuni\u00f3 el jueves con el Sr. Ruman Georgiev Radev, presidente de la Rep\u00fablica de Bulgaria, junto con su esposa y su s\u00e9quito, seg\u00fan la Oficina de Prensa de la Santa Sede. https:\/\/www.youtube.com\/watch?v=8Gmt2Swn02Q&#8230;<!-- AddThis Advanced Settings generic via filter on wp_trim_excerpt --><\/p>\n","protected":false},"author":6,"featured_media":22119,"comment_status":"open","ping_status":"open","sticky":false,"template":"","format":"standard","meta":{"episode_type":"","audio_file":"","duration":"","filesize":"","date_recorded":"","explicit":"","block":"","filesize_raw":"","_FSMCFIC_featured_image_caption":"Image: Screenshot from Vatican News - English Youtube channel","_FSMCFIC_featured_image_nocaption":null,"_FSMCFIC_featured_image_hide":null,"_links_to":"","_links_to_target":""},"categories":[722,32],"tags":[1318,111,1172],"featured_image_urls":{"thumbnail":"https:\/\/ktfnews.com\/wp-content\/uploads\/2021\/06\/Pope-and-Bulgaria-150x150.png","medium":"https:\/\/ktfnews.com\/wp-content\/uploads\/2021\/06\/Pope-and-Bulgaria-300x163.png","medium_large":"https:\/\/ktfnews.com\/wp-content\/uploads\/2021\/06\/Pope-and-Bulgaria-768x418.png","large":"https:\/\/ktfnews.com\/wp-content\/uploads\/2021\/06\/Pope-and-Bulgaria-1024x557.png","team-small":"https:\/\/ktfnews.com\/wp-content\/uploads\/2021\/06\/Pope-and-Bulgaria-138x162.png","team-overview":"https:\/\/ktfnews.com\/wp-content\/uploads\/2021\/06\/Pope-and-Bulgaria-200x279.png","team-big":"https:\/\/ktfnews.com\/wp-content\/uploads\/2021\/06\/Pope-and-Bulgaria-540x270.png","two-columns":"https:\/\/ktfnews.com\/wp-content\/uploads\/2021\/06\/Pope-and-Bulgaria-379x242.png","one-column":"https:\/\/ktfnews.com\/wp-content\/uploads\/2021\/06\/Pope-and-Bulgaria-379x242.png","mini-square":"https:\/\/ktfnews.com\/wp-content\/uploads\/2021\/06\/Pope-and-Bulgaria-70x70.png","portfolio-widget-mainpage":"https:\/\/ktfnews.com\/wp-content\/uploads\/2021\/06\/Pope-and-Bulgaria-335x195.png","portfolio-single-ajax":"https:\/\/ktfnews.com\/wp-content\/uploads\/2021\/06\/Pope-and-Bulgaria-670x280.png","portfolio-single-big":"https:\/\/ktfnews.com\/wp-content\/uploads\/2021\/06\/Pope-and-Bulgaria-685x480.png","portfolio-single-small":"https:\/\/ktfnews.com\/wp-content\/uploads\/2021\/06\/Pope-and-Bulgaria-685x280.png","portfolio-single-full-big":"https:\/\/ktfnews.com\/wp-content\/uploads\/2021\/06\/Pope-and-Bulgaria-960x590.png","portfolio-single-full-small":"https:\/\/ktfnews.com\/wp-content\/uploads\/2021\/06\/Pope-and-Bulgaria-960x250.png","gallery-post":"https:\/\/ktfnews.com\/wp-content\/uploads\/2021\/06\/Pope-and-Bulgaria-182x126.png","gallery-post-smaller":"https:\/\/ktfnews.com\/wp-content\/uploads\/2021\/06\/Pope-and-Bulgaria-158x100.png","gallery-standard":"https:\/\/ktfnews.com\/wp-content\/uploads\/2021\/06\/Pope-and-Bulgaria-257x169.png","tooltip-preview":"https:\/\/ktfnews.com\/wp-content\/uploads\/2021\/06\/Pope-and-Bulgaria-227x133.png","widget-content-slider":"https:\/\/ktfnews.com\/wp-content\/uploads\/2021\/06\/Pope-and-Bulgaria-230x137.png","post-top-articles":"https:\/\/ktfnews.com\/wp-content\/uploads\/2021\/06\/Pope-and-Bulgaria-130x100.png","post-single-wide":"https:\/\/ktfnews.com\/wp-content\/uploads\/2021\/06\/Pope-and-Bulgaria-595x360.png","post-single-wide-nocrop":"https:\/\/ktfnews.com\/wp-content\/uploads\/2021\/06\/Pope-and-Bulgaria-595x324.png","post-single-wide-mobile":"https:\/\/ktfnews.com\/wp-content\/uploads\/2021\/06\/Pope-and-Bulgaria-320x190.png","post-single-wide-small":"https:\/\/ktfnews.com\/wp-content\/uploads\/2021\/06\/Pope-and-Bulgaria-595x190.png","post-single-square":"https:\/\/ktfnews.com\/wp-content\/uploads\/2021\/06\/Pope-and-Bulgaria-120x120.png","post-single-full-small":"https:\/\/ktfnews.com\/wp-content\/uploads\/2021\/06\/Pope-and-Bulgaria-950x360.png","post-single-full-big":"https:\/\/ktfnews.com\/wp-content\/uploads\/2021\/06\/Pope-and-Bulgaria-950x590.png","photo-blog":"https:\/\/ktfnews.com\/wp-content\/uploads\/2021\/06\/Pope-and-Bulgaria-768x418.png"},"appp_media":null,"yoast_head":"<!-- This site is optimized with the Yoast SEO plugin v17.3 - https:\/\/yoast.com\/wordpress\/plugins\/seo\/ -->\n<meta name=\"robots\" content=\"index, follow, max-snippet:-1, max-image-preview:large, max-video-preview:-1\" \/>\n<link rel=\"canonical\" href=\"https:\/\/ktfnews.com\/pope-francis-meets-president-bulgaria\/\" \/>\n<meta property=\"og:locale\" content=\"es_ES\" \/>\n<meta property=\"og:type\" content=\"article\" \/>\n<meta property=\"og:title\" content=\"[:en]Pope Francis meets with the President of Bulgaria[:es]El Papa Francisco se Re\u00fane con el Presidente de Bulgaria[:] - KEEP the FAITH\" \/>\n<meta property=\"og:description\" content=\"Vatican News, por el editor: El Papa se reuni\u00f3 el jueves con el Sr. Ruman Georgiev Radev, presidente de la Rep\u00fablica de Bulgaria, junto con su esposa y su s\u00e9quito, seg\u00fan la Oficina de Prensa de la Santa Sede. https:\/\/www.youtube.com\/watch?v=8Gmt2Swn02Q...\" \/>\n<meta property=\"og:url\" content=\"https:\/\/ktfnews.com\/pope-francis-meets-president-bulgaria\/\" \/>\n<meta property=\"og:site_name\" content=\"KEEP the FAITH\" \/>\n<meta property=\"article:publisher\" content=\"https:\/\/www.facebook.com\/ktfministry\" \/>\n<meta property=\"article:published_time\" content=\"2021-06-14T11:30:57+00:00\" \/>\n<meta property=\"article:modified_time\" content=\"2021-06-14T04:43:34+00:00\" \/>\n<meta property=\"og:image\" content=\"https:\/\/ktfnews.com\/wp-content\/uploads\/2021\/06\/Pope-and-Bulgaria.png\" \/>\n\t<meta property=\"og:image:width\" content=\"1200\" \/>\n\t<meta property=\"og:image:height\" content=\"653\" \/>\n<meta name=\"twitter:card\" content=\"summary_large_image\" \/>\n<meta name=\"twitter:creator\" content=\"@ktfministry\" \/>\n<meta name=\"twitter:site\" content=\"@ktfministry\" \/>\n<meta name=\"twitter:label1\" content=\"Escrito por\" \/>\n\t<meta name=\"twitter:data1\" content=\"Pastor Hal Mayer\" \/>\n\t<meta name=\"twitter:label2\" content=\"Tiempo de lectura\" \/>\n\t<meta name=\"twitter:data2\" content=\"1 minuto\" \/>\n<script type=\"application\/ld+json\" class=\"yoast-schema-graph\">{\"@context\":\"https:\/\/schema.org\",\"@graph\":[{\"@type\":\"WebSite\",\"@id\":\"https:\/\/ktfnews.com\/#website\",\"url\":\"https:\/\/ktfnews.com\/\",\"name\":\"KEEP the FAITH\",\"description\":\"Preparing you for the final conflict between good and evil.\",\"potentialAction\":[{\"@type\":\"SearchAction\",\"target\":{\"@type\":\"EntryPoint\",\"urlTemplate\":\"https:\/\/ktfnews.com\/?s={search_term_string}\"},\"query-input\":\"required name=search_term_string\"}],\"inLanguage\":\"es\"},{\"@type\":\"ImageObject\",\"@id\":\"https:\/\/ktfnews.com\/pope-francis-meets-president-bulgaria\/#primaryimage\",\"inLanguage\":\"es\",\"url\":\"https:\/\/ktfnews.com\/wp-content\/uploads\/2021\/06\/Pope-and-Bulgaria.png\",\"contentUrl\":\"https:\/\/ktfnews.com\/wp-content\/uploads\/2021\/06\/Pope-and-Bulgaria.png\",\"width\":1200,\"height\":653},{\"@type\":\"WebPage\",\"@id\":\"https:\/\/ktfnews.com\/pope-francis-meets-president-bulgaria\/#webpage\",\"url\":\"https:\/\/ktfnews.com\/pope-francis-meets-president-bulgaria\/\",\"name\":\"[:en]Pope Francis meets with the President of Bulgaria[:es]El Papa Francisco se Re\\u00fane con el Presidente de Bulgaria[:] - KEEP the FAITH\",\"isPartOf\":{\"@id\":\"https:\/\/ktfnews.com\/#website\"},\"primaryImageOfPage\":{\"@id\":\"https:\/\/ktfnews.com\/pope-francis-meets-president-bulgaria\/#primaryimage\"},\"datePublished\":\"2021-06-14T11:30:57+00:00\",\"dateModified\":\"2021-06-14T04:43:34+00:00\",\"author\":{\"@id\":\"https:\/\/ktfnews.com\/#\/schema\/person\/ba4174513d9169cf8e229b7d8d60410d\"},\"breadcrumb\":{\"@id\":\"https:\/\/ktfnews.com\/pope-francis-meets-president-bulgaria\/#breadcrumb\"},\"inLanguage\":\"es\",\"potentialAction\":[{\"@type\":\"ReadAction\",\"target\":[\"https:\/\/ktfnews.com\/pope-francis-meets-president-bulgaria\/\"]}]},{\"@type\":\"BreadcrumbList\",\"@id\":\"https:\/\/ktfnews.com\/pope-francis-meets-president-bulgaria\/#breadcrumb\",\"itemListElement\":[{\"@type\":\"ListItem\",\"position\":1,\"name\":\"Home\",\"item\":\"https:\/\/ktfnews.com\/\"},{\"@type\":\"ListItem\",\"position\":2,\"name\":\"Briefings\",\"item\":\"https:\/\/ktfnews.com\/category\/briefings\/\"},{\"@type\":\"ListItem\",\"position\":3,\"name\":\"Pope Francis meets with the President of Bulgaria\"}]},{\"@type\":\"Person\",\"@id\":\"https:\/\/ktfnews.com\/#\/schema\/person\/ba4174513d9169cf8e229b7d8d60410d\",\"name\":\"Pastor Hal Mayer\",\"image\":{\"@type\":\"ImageObject\",\"@id\":\"https:\/\/ktfnews.com\/#personlogo\",\"inLanguage\":\"es\",\"url\":\"https:\/\/secure.gravatar.com\/avatar\/051bac95ae650254c5a03467b9456599?s=96&d=mm&r=g\",\"contentUrl\":\"https:\/\/secure.gravatar.com\/avatar\/051bac95ae650254c5a03467b9456599?s=96&d=mm&r=g\",\"caption\":\"Pastor Hal Mayer\"},\"description\":\"Pastor Hal Mayer is speaker and director of Keep the Faith Ministry. For the last 20 years Pastor Mayer\\u2019s monthly prophetic analysis on CD and online has revealed the striking evidence of fulfilling prophecy to many thousands of subscribers all over the world. Pastor Mayer\\u2019s background in history and Bible prophecy give him unique insights and perspectives that have blessed many and helped them make a deeper commitment to the Lord. Keep the Faith Ministry helps those who want to keep abreast of fulfilling prophecy and who want to understand and navigate the unique and difficult circumstances of the end-times. Keep the Faith Ministry helps to prepare you for the second coming of Christ. Pastor Mayer is married to Betsy for more than 40 years. They have no children of their own. \\u201cThe times in which we live are thrilling, because the things prophesied in God\\u2019s word are actually coming to pass in this generation,\\u201d says Pastor Mayer. \\u201cIn a time when the distinctive end-time truths of God\\u2019s word are being censored, and life in this world is becoming more and more chaotic, Keep the Faith is a voice of strength and encouragement.\\u201d\",\"url\":\"https:\/\/ktfnews.com\/es\/author\/hal\/\"}]}<\/script>\n<!-- \/ Yoast SEO plugin. -->","yoast_head_json":{"robots":{"index":"index","follow":"follow","max-snippet":"max-snippet:-1","max-image-preview":"max-image-preview:large","max-video-preview":"max-video-preview:-1"},"canonical":"https:\/\/ktfnews.com\/pope-francis-meets-president-bulgaria\/","og_locale":"es_ES","og_type":"article","og_title":"[:en]Pope Francis meets with the President of Bulgaria[:es]El Papa Francisco se Re\u00fane con el Presidente de Bulgaria[:] - KEEP the FAITH","og_description":"Vatican News, por el editor: El Papa se reuni\u00f3 el jueves con el Sr. Ruman Georgiev Radev, presidente de la Rep\u00fablica de Bulgaria, junto con su esposa y su s\u00e9quito, seg\u00fan la Oficina de Prensa de la Santa Sede. https:\/\/www.youtube.com\/watch?v=8Gmt2Swn02Q...","og_url":"https:\/\/ktfnews.com\/pope-francis-meets-president-bulgaria\/","og_site_name":"KEEP the FAITH","article_publisher":"https:\/\/www.facebook.com\/ktfministry","article_published_time":"2021-06-14T11:30:57+00:00","article_modified_time":"2021-06-14T04:43:34+00:00","og_image":[{"width":1200,"height":653,"url":"https:\/\/ktfnews.com\/wp-content\/uploads\/2021\/06\/Pope-and-Bulgaria.png","type":"image\/png"}],"twitter_card":"summary_large_image","twitter_creator":"@ktfministry","twitter_site":"@ktfministry","twitter_misc":{"Escrito por":"Pastor Hal Mayer","Tiempo de lectura":"1 minuto"},"schema":{"@context":"https:\/\/schema.org","@graph":[{"@type":"WebSite","@id":"https:\/\/ktfnews.com\/#website","url":"https:\/\/ktfnews.com\/","name":"KEEP the FAITH","description":"Preparing you for the final conflict between good and evil.","potentialAction":[{"@type":"SearchAction","target":{"@type":"EntryPoint","urlTemplate":"https:\/\/ktfnews.com\/?s={search_term_string}"},"query-input":"required name=search_term_string"}],"inLanguage":"es"},{"@type":"ImageObject","@id":"https:\/\/ktfnews.com\/pope-francis-meets-president-bulgaria\/#primaryimage","inLanguage":"es","url":"https:\/\/ktfnews.com\/wp-content\/uploads\/2021\/06\/Pope-and-Bulgaria.png","contentUrl":"https:\/\/ktfnews.com\/wp-content\/uploads\/2021\/06\/Pope-and-Bulgaria.png","width":1200,"height":653},{"@type":"WebPage","@id":"https:\/\/ktfnews.com\/pope-francis-meets-president-bulgaria\/#webpage","url":"https:\/\/ktfnews.com\/pope-francis-meets-president-bulgaria\/","name":"[:en]Pope Francis meets with the President of Bulgaria[:es]El Papa Francisco se Re\u00fane con el Presidente de Bulgaria[:] - KEEP the FAITH","isPartOf":{"@id":"https:\/\/ktfnews.com\/#website"},"primaryImageOfPage":{"@id":"https:\/\/ktfnews.com\/pope-francis-meets-president-bulgaria\/#primaryimage"},"datePublished":"2021-06-14T11:30:57+00:00","dateModified":"2021-06-14T04:43:34+00:00","author":{"@id":"https:\/\/ktfnews.com\/#\/schema\/person\/ba4174513d9169cf8e229b7d8d60410d"},"breadcrumb":{"@id":"https:\/\/ktfnews.com\/pope-francis-meets-president-bulgaria\/#breadcrumb"},"inLanguage":"es","potentialAction":[{"@type":"ReadAction","target":["https:\/\/ktfnews.com\/pope-francis-meets-president-bulgaria\/"]}]},{"@type":"BreadcrumbList","@id":"https:\/\/ktfnews.com\/pope-francis-meets-president-bulgaria\/#breadcrumb","itemListElement":[{"@type":"ListItem","position":1,"name":"Home","item":"https:\/\/ktfnews.com\/"},{"@type":"ListItem","position":2,"name":"Briefings","item":"https:\/\/ktfnews.com\/category\/briefings\/"},{"@type":"ListItem","position":3,"name":"Pope Francis meets with the President of Bulgaria"}]},{"@type":"Person","@id":"https:\/\/ktfnews.com\/#\/schema\/person\/ba4174513d9169cf8e229b7d8d60410d","name":"Pastor Hal Mayer","image":{"@type":"ImageObject","@id":"https:\/\/ktfnews.com\/#personlogo","inLanguage":"es","url":"https:\/\/secure.gravatar.com\/avatar\/051bac95ae650254c5a03467b9456599?s=96&d=mm&r=g","contentUrl":"https:\/\/secure.gravatar.com\/avatar\/051bac95ae650254c5a03467b9456599?s=96&d=mm&r=g","caption":"Pastor Hal Mayer"},"description":"Pastor Hal Mayer is speaker and director of Keep the Faith Ministry. For the last 20 years Pastor Mayer\u2019s monthly prophetic analysis on CD and online has revealed the striking evidence of fulfilling prophecy to many thousands of subscribers all over the world. Pastor Mayer\u2019s background in history and Bible prophecy give him unique insights and perspectives that have blessed many and helped them make a deeper commitment to the Lord. Keep the Faith Ministry helps those who want to keep abreast of fulfilling prophecy and who want to understand and navigate the unique and difficult circumstances of the end-times. Keep the Faith Ministry helps to prepare you for the second coming of Christ. Pastor Mayer is married to Betsy for more than 40 years. They have no children of their own. \u201cThe times in which we live are thrilling, because the things prophesied in God\u2019s word are actually coming to pass in this generation,\u201d says Pastor Mayer. \u201cIn a time when the distinctive end-time truths of God\u2019s word are being censored, and life in this world is becoming more and more chaotic, Keep the Faith is a voice of strength and encouragement.\u201d","url":"https:\/\/ktfnews.com\/es\/author\/hal\/"}]}},"_links":{"self":[{"href":"https:\/\/ktfnews.com\/es\/wp-json\/wp\/v2\/posts\/22118"}],"collection":[{"href":"https:\/\/ktfnews.com\/es\/wp-json\/wp\/v2\/posts"}],"about":[{"href":"https:\/\/ktfnews.com\/es\/wp-json\/wp\/v2\/types\/post"}],"author":[{"embeddable":true,"href":"https:\/\/ktfnews.com\/es\/wp-json\/wp\/v2\/users\/6"}],"replies":[{"embeddable":true,"href":"https:\/\/ktfnews.com\/es\/wp-json\/wp\/v2\/comments?post=22118"}],"version-history":[{"count":2,"href":"https:\/\/ktfnews.com\/es\/wp-json\/wp\/v2\/posts\/22118\/revisions"}],"predecessor-version":[{"id":22127,"href":"https:\/\/ktfnews.com\/es\/wp-json\/wp\/v2\/posts\/22118\/revisions\/22127"}],"wp:featuredmedia":[{"embeddable":true,"href":"https:\/\/ktfnews.com\/es\/wp-json\/wp\/v2\/media\/22119"}],"wp:attachment":[{"href":"https:\/\/ktfnews.com\/es\/wp-json\/wp\/v2\/media?parent=22118"}],"wp:term":[{"taxonomy":"category","embeddable":true,"href":"https:\/\/ktfnews.com\/es\/wp-json\/wp\/v2\/categories?post=22118"},{"taxonomy":"post_tag","embeddable":true,"href":"https:\/\/ktfnews.com\/es\/wp-json\/wp\/v2\/tags?post=22118"}],"curies":[{"name":"wp","href":"https:\/\/api.w.org\/{rel}","templated":true}]}}