{"id":21797,"date":"2021-04-20T07:30:57","date_gmt":"2021-04-20T11:30:57","guid":{"rendered":"https:\/\/ktfnews.com\/?p=21797"},"modified":"2021-07-08T00:40:42","modified_gmt":"2021-07-08T04:40:42","slug":"pope-audience-saints-ceaselessly-give-us-hand","status":"publish","type":"post","link":"https:\/\/ktfnews.com\/es\/pope-audience-saints-ceaselessly-give-us-hand\/","title":{"rendered":"El Papa en la Audiencia: Los Santos No Dejan de \u00abDarnos una Mano\u00bb"},"content":{"rendered":"<p><i>Vatican News<\/i>, by Lydia O\u2019Kane: Tras las celebraciones de Pascua, el Papa Francisco continu\u00f3 el mi\u00e9rcoles su catequesis sobre la oraci\u00f3n cristiana durante la Audiencia General, centr\u00e1ndose esta semana en la Comuni\u00f3n de los Santos.<\/p>\n<p>Explic\u00f3 que siempre que rezamos, nunca estamos solos, sino que nos encontramos inmersos en una gran corriente de intercesi\u00f3n pasada, presente y futura por las necesidades de las personas y del mundo entero.<\/p>\n<p>El poder expansivo de la oraci\u00f3n<\/p>\n<p>Rezamos junto a todos los santos en la comuni\u00f3n del Cuerpo de Cristo que es la Iglesia, dijo el Papa, a\u00f1adiendo que esas buenas oraciones son \u00abexpansivas\u00bb, \u00abse propagan continuamente, con o sin ser publicadas en las redes sociales: desde las salas de los hospitales, desde los momentos de reuni\u00f3n festiva hasta aquellos en los que se sufre en silencio.\u00bb<\/p>\n<p>\u00abEl dolor de una persona es el dolor de todos, y la felicidad de una persona se transmite al alma de otra\u00bb, a\u00f1adi\u00f3.<\/p>\n<p>Intercesi\u00f3n de los santos<\/p>\n<p>El Papa Francisco se\u00f1al\u00f3 que \u00abla oraci\u00f3n siempre nace de nuevo: cada vez que unimos nuestras manos y abrimos nuestro coraz\u00f3n a Dios, nos encontramos en compa\u00f1\u00eda de santos an\u00f3nimos y santos reconocidos que rezan con nosotros y que interceden por nosotros como hermanos mayores que nos han precedido en esta misma aventura humana.\u00bb<\/p>\n<p>\u00abNo hay dolor en la Iglesia que se lleve en soledad -subray\u00f3-, no hay l\u00e1grimas derramadas en el olvido, porque todos respiran y participan de una sola gracia com\u00fan.\u00bb<\/p>\n<p>Gran nube de testigos<\/p>\n<p>El Papa describi\u00f3 a los santos como esa \u00abgran nube de testigos\u00bb conocidos y desconocidos que rezan sin cesar con nosotros y por nosotros para dar gloria a Dios. \u00abNuestra veneraci\u00f3n de los santos nos acerca a Jes\u00fas, el \u00fanico mediador entre el hombre y Dios\u00bb, dijo.<\/p>\n<p>Nunca es tarde para convertirse a la santidad<\/p>\n<p>El Papa Francisco continu\u00f3 diciendo que los santos \u00abnos recuerdan que incluso en nuestras vidas, por d\u00e9biles y marcadas por el pecado, la santidad puede desarrollarse. Nunca es demasiado tarde para convertirse al Se\u00f1or, que es bueno y grande en el amor\u00bb. Tambi\u00e9n en Cristo, continu\u00f3, \u00absentimos una misteriosa solidaridad con nuestros seres queridos que han muerto, por los que seguimos rezando\u00bb.<\/p>\n<p>En unas declaraciones improvisadas, el Papa se\u00f1al\u00f3 que \u00abla santidad es un camino de vida, un encuentro con Jes\u00fas, ya sea largo o corto, ya sea en un instante. Pero siempre es un testimonio; un santo es un testimonio, de un hombre, de una mujer, que se encontr\u00f3 con Jes\u00fas y sigui\u00f3 a Jes\u00fas.\u00bb Tambi\u00e9n destac\u00f3 que aqu\u00ed en la tierra se encuentran \u00ablos santos de al lado\u00bb.<\/p>\n<p>Dar una mano<\/p>\n<p>El Papa destac\u00f3 que la intercesi\u00f3n de los santos \u00abes su servicio m\u00e1s excelso al plan de Dios\u00bb y podemos y debemos \u00abpedirles que intercedan por nosotros y por el mundo entero.\u00bb<\/p>\n<p>Deteni\u00e9ndose en los seres queridos que han pasado de esta vida, el Papa Francisco dijo: \u00abHay una misteriosa solidaridad en Cristo entre los que ya han pasado a la otra vida y nosotros los peregrinos en esta: desde el Cielo, nuestros queridos difuntos siguen cuidando de nosotros. Ellos rezan por nosotros y nosotros por ellos\u00bb.<\/p>\n<p>El Papa subray\u00f3 que los santos est\u00e1n para \u00ab&#8216;darnos una mano&#8217; para obtener de Dios la gracia que necesitamos.\u00bb<\/p>\n<p>Domingo de la Divina Misericordia<\/p>\n<p>Al concluir su catequesis y dirigirse a los fieles de lengua polaca, el Papa record\u00f3 que el pr\u00f3ximo domingo la Iglesia celebrar\u00e1 la fiesta de la Divina Misericordia, instituida por San Juan Pablo II. El Papa Francisco dijo \u00abque la liturgia de este domingo parece trazar el camino de la misericordia que, mientras reconstruye la relaci\u00f3n de cada persona con Dios, suscita tambi\u00e9n entre los hombres nuevas relaciones de solidaridad fraterna.\u00bb El hombre, de hecho, recibe la misericordia de Dios, \u00abpero tambi\u00e9n est\u00e1 llamado a \u00abusar la misericordia\u00bb con los dem\u00e1s\u00bb. Pidamos, dijo el Papa, \u00abla gracia del perd\u00f3n y de trabajar el amor hacia el pr\u00f3jimo\u00bb.<\/p>\n<p>Conexi\u00f3n Prof\u00e9tica:<br \/>\n\u201cLa iglesia cat\u00f3lica le pone actualmente al mundo una cara apacible, y presenta disculpas por sus horribles crueldades. Se ha puesto vestiduras como las de Cristo; pero en realidad no ha cambiado. Todos los principios formulados por el papismo en edades pasadas subsisten en nuestros d\u00edas.\u201d <i>Great Controversy<\/i>, page 571.<\/p>\n<hr>\n<h3>Source References<\/h3>\n<ul>\n<li>\n<h5><a href=\"https:\/\/www.vaticannews.va\/en\/pope\/news\/2021-04\/general-audience.html\" target=\"_blank\">Pope at Audience: The Saints ceaselessly \u00abgive us a hand\u00bb<\/a><\/h5>\n<\/li>\n<\/ul>\n<p><\/p>\n<!-- AddThis Advanced Settings generic via filter on the_content -->","protected":false},"excerpt":{"rendered":"<p>Vatican News, by Lydia O\u2019Kane: Tras las celebraciones de Pascua, el Papa Francisco continu\u00f3 el mi\u00e9rcoles su catequesis sobre la oraci\u00f3n cristiana durante la Audiencia General, centr\u00e1ndose esta semana en la Comuni\u00f3n de los Santos. Explic\u00f3 que siempre que rezamos,&#8230;<!-- AddThis Advanced Settings generic via filter on wp_trim_excerpt --><\/p>\n","protected":false},"author":6,"featured_media":21799,"comment_status":"open","ping_status":"open","sticky":false,"template":"","format":"standard","meta":{"episode_type":"","audio_file":"","duration":"","filesize":"","date_recorded":"","explicit":"","block":"","filesize_raw":"","_FSMCFIC_featured_image_caption":"Image: Catholic Church England and Wales from Flickr.com","_FSMCFIC_featured_image_nocaption":null,"_FSMCFIC_featured_image_hide":null,"_links_to":"","_links_to_target":""},"categories":[722,32],"tags":[138,1342,2677,111,118],"featured_image_urls":{"thumbnail":"https:\/\/ktfnews.com\/wp-content\/uploads\/2021\/04\/PF-1-150x150.jpg","medium":"https:\/\/ktfnews.com\/wp-content\/uploads\/2021\/04\/PF-1-300x218.jpg","medium_large":"https:\/\/ktfnews.com\/wp-content\/uploads\/2021\/04\/PF-1-768x557.jpg","large":"https:\/\/ktfnews.com\/wp-content\/uploads\/2021\/04\/PF-1-1024x743.jpg","team-small":"https:\/\/ktfnews.com\/wp-content\/uploads\/2021\/04\/PF-1-138x162.jpg","team-overview":"https:\/\/ktfnews.com\/wp-content\/uploads\/2021\/04\/PF-1-200x279.jpg","team-big":"https:\/\/ktfnews.com\/wp-content\/uploads\/2021\/04\/PF-1-540x270.jpg","two-columns":"https:\/\/ktfnews.com\/wp-content\/uploads\/2021\/04\/PF-1-379x242.jpg","one-column":"https:\/\/ktfnews.com\/wp-content\/uploads\/2021\/04\/PF-1-379x242.jpg","mini-square":"https:\/\/ktfnews.com\/wp-content\/uploads\/2021\/04\/PF-1-70x70.jpg","portfolio-widget-mainpage":"https:\/\/ktfnews.com\/wp-content\/uploads\/2021\/04\/PF-1-335x195.jpg","portfolio-single-ajax":"https:\/\/ktfnews.com\/wp-content\/uploads\/2021\/04\/PF-1-670x280.jpg","portfolio-single-big":"https:\/\/ktfnews.com\/wp-content\/uploads\/2021\/04\/PF-1-685x480.jpg","portfolio-single-small":"https:\/\/ktfnews.com\/wp-content\/uploads\/2021\/04\/PF-1-685x280.jpg","portfolio-single-full-big":"https:\/\/ktfnews.com\/wp-content\/uploads\/2021\/04\/PF-1-960x590.jpg","portfolio-single-full-small":"https:\/\/ktfnews.com\/wp-content\/uploads\/2021\/04\/PF-1-960x250.jpg","gallery-post":"https:\/\/ktfnews.com\/wp-content\/uploads\/2021\/04\/PF-1-182x126.jpg","gallery-post-smaller":"https:\/\/ktfnews.com\/wp-content\/uploads\/2021\/04\/PF-1-158x100.jpg","gallery-standard":"https:\/\/ktfnews.com\/wp-content\/uploads\/2021\/04\/PF-1-257x169.jpg","tooltip-preview":"https:\/\/ktfnews.com\/wp-content\/uploads\/2021\/04\/PF-1-227x133.jpg","widget-content-slider":"https:\/\/ktfnews.com\/wp-content\/uploads\/2021\/04\/PF-1-230x137.jpg","post-top-articles":"https:\/\/ktfnews.com\/wp-content\/uploads\/2021\/04\/PF-1-130x100.jpg","post-single-wide":"https:\/\/ktfnews.com\/wp-content\/uploads\/2021\/04\/PF-1-595x360.jpg","post-single-wide-nocrop":"https:\/\/ktfnews.com\/wp-content\/uploads\/2021\/04\/PF-1-595x432.jpg","post-single-wide-mobile":"https:\/\/ktfnews.com\/wp-content\/uploads\/2021\/04\/PF-1-320x190.jpg","post-single-wide-small":"https:\/\/ktfnews.com\/wp-content\/uploads\/2021\/04\/PF-1-595x190.jpg","post-single-square":"https:\/\/ktfnews.com\/wp-content\/uploads\/2021\/04\/PF-1-120x120.jpg","post-single-full-small":"https:\/\/ktfnews.com\/wp-content\/uploads\/2021\/04\/PF-1-950x360.jpg","post-single-full-big":"https:\/\/ktfnews.com\/wp-content\/uploads\/2021\/04\/PF-1-950x590.jpg","photo-blog":"https:\/\/ktfnews.com\/wp-content\/uploads\/2021\/04\/PF-1-768x557.jpg"},"appp_media":null,"yoast_head":"<!-- This site is optimized with the Yoast SEO plugin v17.3 - https:\/\/yoast.com\/wordpress\/plugins\/seo\/ -->\n<meta name=\"robots\" content=\"index, follow, max-snippet:-1, max-image-preview:large, max-video-preview:-1\" \/>\n<link rel=\"canonical\" href=\"https:\/\/ktfnews.com\/pope-audience-saints-ceaselessly-give-us-hand\/\" \/>\n<meta property=\"og:locale\" content=\"es_ES\" \/>\n<meta property=\"og:type\" content=\"article\" \/>\n<meta property=\"og:title\" content=\"[:en]Pope at Audience: The Saints ceaselessly &quot;give us a hand&quot;[:es]El Papa en la Audiencia: Los Santos No Dejan de &quot;Darnos una Mano&quot;[:] - KEEP the FAITH\" \/>\n<meta property=\"og:description\" content=\"Vatican News, by Lydia O\u2019Kane: Tras las celebraciones de Pascua, el Papa Francisco continu\u00f3 el mi\u00e9rcoles su catequesis sobre la oraci\u00f3n cristiana durante la Audiencia General, centr\u00e1ndose esta semana en la Comuni\u00f3n de los Santos. Explic\u00f3 que siempre que rezamos,...\" \/>\n<meta property=\"og:url\" content=\"https:\/\/ktfnews.com\/pope-audience-saints-ceaselessly-give-us-hand\/\" \/>\n<meta property=\"og:site_name\" content=\"KEEP the FAITH\" \/>\n<meta property=\"article:publisher\" content=\"https:\/\/www.facebook.com\/ktfministry\" \/>\n<meta property=\"article:published_time\" content=\"2021-04-20T11:30:57+00:00\" \/>\n<meta property=\"article:modified_time\" content=\"2021-07-08T04:40:42+00:00\" \/>\n<meta property=\"og:image\" content=\"https:\/\/ktfnews.com\/wp-content\/uploads\/2021\/04\/PF-1.jpg\" \/>\n\t<meta property=\"og:image:width\" content=\"1200\" \/>\n\t<meta property=\"og:image:height\" content=\"871\" \/>\n<meta name=\"twitter:card\" content=\"summary_large_image\" \/>\n<meta name=\"twitter:creator\" content=\"@ktfministry\" \/>\n<meta name=\"twitter:site\" content=\"@ktfministry\" \/>\n<meta name=\"twitter:label1\" content=\"Escrito por\" \/>\n\t<meta name=\"twitter:data1\" content=\"Pastor Hal Mayer\" \/>\n\t<meta name=\"twitter:label2\" content=\"Tiempo de lectura\" \/>\n\t<meta name=\"twitter:data2\" content=\"7 minutos\" \/>\n<script type=\"application\/ld+json\" class=\"yoast-schema-graph\">{\"@context\":\"https:\/\/schema.org\",\"@graph\":[{\"@type\":\"WebSite\",\"@id\":\"https:\/\/ktfnews.com\/#website\",\"url\":\"https:\/\/ktfnews.com\/\",\"name\":\"KEEP the FAITH\",\"description\":\"Preparing you for the final conflict between good and evil.\",\"potentialAction\":[{\"@type\":\"SearchAction\",\"target\":{\"@type\":\"EntryPoint\",\"urlTemplate\":\"https:\/\/ktfnews.com\/?s={search_term_string}\"},\"query-input\":\"required name=search_term_string\"}],\"inLanguage\":\"es\"},{\"@type\":\"ImageObject\",\"@id\":\"https:\/\/ktfnews.com\/pope-audience-saints-ceaselessly-give-us-hand\/#primaryimage\",\"inLanguage\":\"es\",\"url\":\"https:\/\/ktfnews.com\/wp-content\/uploads\/2021\/04\/PF-1.jpg\",\"contentUrl\":\"https:\/\/ktfnews.com\/wp-content\/uploads\/2021\/04\/PF-1.jpg\",\"width\":1200,\"height\":871},{\"@type\":\"WebPage\",\"@id\":\"https:\/\/ktfnews.com\/pope-audience-saints-ceaselessly-give-us-hand\/#webpage\",\"url\":\"https:\/\/ktfnews.com\/pope-audience-saints-ceaselessly-give-us-hand\/\",\"name\":\"[:en]Pope at Audience: The Saints ceaselessly \\\"give us a hand\\\"[:es]El Papa en la Audiencia: Los Santos No Dejan de \\\"Darnos una Mano\\\"[:] - KEEP the FAITH\",\"isPartOf\":{\"@id\":\"https:\/\/ktfnews.com\/#website\"},\"primaryImageOfPage\":{\"@id\":\"https:\/\/ktfnews.com\/pope-audience-saints-ceaselessly-give-us-hand\/#primaryimage\"},\"datePublished\":\"2021-04-20T11:30:57+00:00\",\"dateModified\":\"2021-07-08T04:40:42+00:00\",\"author\":{\"@id\":\"https:\/\/ktfnews.com\/#\/schema\/person\/ba4174513d9169cf8e229b7d8d60410d\"},\"breadcrumb\":{\"@id\":\"https:\/\/ktfnews.com\/pope-audience-saints-ceaselessly-give-us-hand\/#breadcrumb\"},\"inLanguage\":\"es\",\"potentialAction\":[{\"@type\":\"ReadAction\",\"target\":[\"https:\/\/ktfnews.com\/pope-audience-saints-ceaselessly-give-us-hand\/\"]}]},{\"@type\":\"BreadcrumbList\",\"@id\":\"https:\/\/ktfnews.com\/pope-audience-saints-ceaselessly-give-us-hand\/#breadcrumb\",\"itemListElement\":[{\"@type\":\"ListItem\",\"position\":1,\"name\":\"Home\",\"item\":\"https:\/\/ktfnews.com\/\"},{\"@type\":\"ListItem\",\"position\":2,\"name\":\"Briefings\",\"item\":\"https:\/\/ktfnews.com\/category\/briefings\/\"},{\"@type\":\"ListItem\",\"position\":3,\"name\":\"Pope at Audience: The Saints ceaselessly &#8220;give us a hand&#8221;\"}]},{\"@type\":\"Person\",\"@id\":\"https:\/\/ktfnews.com\/#\/schema\/person\/ba4174513d9169cf8e229b7d8d60410d\",\"name\":\"Pastor Hal Mayer\",\"image\":{\"@type\":\"ImageObject\",\"@id\":\"https:\/\/ktfnews.com\/#personlogo\",\"inLanguage\":\"es\",\"url\":\"https:\/\/secure.gravatar.com\/avatar\/051bac95ae650254c5a03467b9456599?s=96&d=mm&r=g\",\"contentUrl\":\"https:\/\/secure.gravatar.com\/avatar\/051bac95ae650254c5a03467b9456599?s=96&d=mm&r=g\",\"caption\":\"Pastor Hal Mayer\"},\"description\":\"Pastor Hal Mayer is speaker and director of Keep the Faith Ministry. For the last 20 years Pastor Mayer\\u2019s monthly prophetic analysis on CD and online has revealed the striking evidence of fulfilling prophecy to many thousands of subscribers all over the world. Pastor Mayer\\u2019s background in history and Bible prophecy give him unique insights and perspectives that have blessed many and helped them make a deeper commitment to the Lord. Keep the Faith Ministry helps those who want to keep abreast of fulfilling prophecy and who want to understand and navigate the unique and difficult circumstances of the end-times. Keep the Faith Ministry helps to prepare you for the second coming of Christ. Pastor Mayer is married to Betsy for more than 40 years. They have no children of their own. \\u201cThe times in which we live are thrilling, because the things prophesied in God\\u2019s word are actually coming to pass in this generation,\\u201d says Pastor Mayer. \\u201cIn a time when the distinctive end-time truths of God\\u2019s word are being censored, and life in this world is becoming more and more chaotic, Keep the Faith is a voice of strength and encouragement.\\u201d\",\"url\":\"https:\/\/ktfnews.com\/es\/author\/hal\/\"}]}<\/script>\n<!-- \/ Yoast SEO plugin. -->","yoast_head_json":{"robots":{"index":"index","follow":"follow","max-snippet":"max-snippet:-1","max-image-preview":"max-image-preview:large","max-video-preview":"max-video-preview:-1"},"canonical":"https:\/\/ktfnews.com\/pope-audience-saints-ceaselessly-give-us-hand\/","og_locale":"es_ES","og_type":"article","og_title":"[:en]Pope at Audience: The Saints ceaselessly \"give us a hand\"[:es]El Papa en la Audiencia: Los Santos No Dejan de \"Darnos una Mano\"[:] - KEEP the FAITH","og_description":"Vatican News, by Lydia O\u2019Kane: Tras las celebraciones de Pascua, el Papa Francisco continu\u00f3 el mi\u00e9rcoles su catequesis sobre la oraci\u00f3n cristiana durante la Audiencia General, centr\u00e1ndose esta semana en la Comuni\u00f3n de los Santos. Explic\u00f3 que siempre que rezamos,...","og_url":"https:\/\/ktfnews.com\/pope-audience-saints-ceaselessly-give-us-hand\/","og_site_name":"KEEP the FAITH","article_publisher":"https:\/\/www.facebook.com\/ktfministry","article_published_time":"2021-04-20T11:30:57+00:00","article_modified_time":"2021-07-08T04:40:42+00:00","og_image":[{"width":1200,"height":871,"url":"https:\/\/ktfnews.com\/wp-content\/uploads\/2021\/04\/PF-1.jpg","type":"image\/jpeg"}],"twitter_card":"summary_large_image","twitter_creator":"@ktfministry","twitter_site":"@ktfministry","twitter_misc":{"Escrito por":"Pastor Hal Mayer","Tiempo de lectura":"7 minutos"},"schema":{"@context":"https:\/\/schema.org","@graph":[{"@type":"WebSite","@id":"https:\/\/ktfnews.com\/#website","url":"https:\/\/ktfnews.com\/","name":"KEEP the FAITH","description":"Preparing you for the final conflict between good and evil.","potentialAction":[{"@type":"SearchAction","target":{"@type":"EntryPoint","urlTemplate":"https:\/\/ktfnews.com\/?s={search_term_string}"},"query-input":"required name=search_term_string"}],"inLanguage":"es"},{"@type":"ImageObject","@id":"https:\/\/ktfnews.com\/pope-audience-saints-ceaselessly-give-us-hand\/#primaryimage","inLanguage":"es","url":"https:\/\/ktfnews.com\/wp-content\/uploads\/2021\/04\/PF-1.jpg","contentUrl":"https:\/\/ktfnews.com\/wp-content\/uploads\/2021\/04\/PF-1.jpg","width":1200,"height":871},{"@type":"WebPage","@id":"https:\/\/ktfnews.com\/pope-audience-saints-ceaselessly-give-us-hand\/#webpage","url":"https:\/\/ktfnews.com\/pope-audience-saints-ceaselessly-give-us-hand\/","name":"[:en]Pope at Audience: The Saints ceaselessly \"give us a hand\"[:es]El Papa en la Audiencia: Los Santos No Dejan de \"Darnos una Mano\"[:] - KEEP the FAITH","isPartOf":{"@id":"https:\/\/ktfnews.com\/#website"},"primaryImageOfPage":{"@id":"https:\/\/ktfnews.com\/pope-audience-saints-ceaselessly-give-us-hand\/#primaryimage"},"datePublished":"2021-04-20T11:30:57+00:00","dateModified":"2021-07-08T04:40:42+00:00","author":{"@id":"https:\/\/ktfnews.com\/#\/schema\/person\/ba4174513d9169cf8e229b7d8d60410d"},"breadcrumb":{"@id":"https:\/\/ktfnews.com\/pope-audience-saints-ceaselessly-give-us-hand\/#breadcrumb"},"inLanguage":"es","potentialAction":[{"@type":"ReadAction","target":["https:\/\/ktfnews.com\/pope-audience-saints-ceaselessly-give-us-hand\/"]}]},{"@type":"BreadcrumbList","@id":"https:\/\/ktfnews.com\/pope-audience-saints-ceaselessly-give-us-hand\/#breadcrumb","itemListElement":[{"@type":"ListItem","position":1,"name":"Home","item":"https:\/\/ktfnews.com\/"},{"@type":"ListItem","position":2,"name":"Briefings","item":"https:\/\/ktfnews.com\/category\/briefings\/"},{"@type":"ListItem","position":3,"name":"Pope at Audience: The Saints ceaselessly &#8220;give us a hand&#8221;"}]},{"@type":"Person","@id":"https:\/\/ktfnews.com\/#\/schema\/person\/ba4174513d9169cf8e229b7d8d60410d","name":"Pastor Hal Mayer","image":{"@type":"ImageObject","@id":"https:\/\/ktfnews.com\/#personlogo","inLanguage":"es","url":"https:\/\/secure.gravatar.com\/avatar\/051bac95ae650254c5a03467b9456599?s=96&d=mm&r=g","contentUrl":"https:\/\/secure.gravatar.com\/avatar\/051bac95ae650254c5a03467b9456599?s=96&d=mm&r=g","caption":"Pastor Hal Mayer"},"description":"Pastor Hal Mayer is speaker and director of Keep the Faith Ministry. For the last 20 years Pastor Mayer\u2019s monthly prophetic analysis on CD and online has revealed the striking evidence of fulfilling prophecy to many thousands of subscribers all over the world. Pastor Mayer\u2019s background in history and Bible prophecy give him unique insights and perspectives that have blessed many and helped them make a deeper commitment to the Lord. Keep the Faith Ministry helps those who want to keep abreast of fulfilling prophecy and who want to understand and navigate the unique and difficult circumstances of the end-times. Keep the Faith Ministry helps to prepare you for the second coming of Christ. Pastor Mayer is married to Betsy for more than 40 years. They have no children of their own. \u201cThe times in which we live are thrilling, because the things prophesied in God\u2019s word are actually coming to pass in this generation,\u201d says Pastor Mayer. \u201cIn a time when the distinctive end-time truths of God\u2019s word are being censored, and life in this world is becoming more and more chaotic, Keep the Faith is a voice of strength and encouragement.\u201d","url":"https:\/\/ktfnews.com\/es\/author\/hal\/"}]}},"_links":{"self":[{"href":"https:\/\/ktfnews.com\/es\/wp-json\/wp\/v2\/posts\/21797"}],"collection":[{"href":"https:\/\/ktfnews.com\/es\/wp-json\/wp\/v2\/posts"}],"about":[{"href":"https:\/\/ktfnews.com\/es\/wp-json\/wp\/v2\/types\/post"}],"author":[{"embeddable":true,"href":"https:\/\/ktfnews.com\/es\/wp-json\/wp\/v2\/users\/6"}],"replies":[{"embeddable":true,"href":"https:\/\/ktfnews.com\/es\/wp-json\/wp\/v2\/comments?post=21797"}],"version-history":[{"count":2,"href":"https:\/\/ktfnews.com\/es\/wp-json\/wp\/v2\/posts\/21797\/revisions"}],"predecessor-version":[{"id":21807,"href":"https:\/\/ktfnews.com\/es\/wp-json\/wp\/v2\/posts\/21797\/revisions\/21807"}],"wp:featuredmedia":[{"embeddable":true,"href":"https:\/\/ktfnews.com\/es\/wp-json\/wp\/v2\/media\/21799"}],"wp:attachment":[{"href":"https:\/\/ktfnews.com\/es\/wp-json\/wp\/v2\/media?parent=21797"}],"wp:term":[{"taxonomy":"category","embeddable":true,"href":"https:\/\/ktfnews.com\/es\/wp-json\/wp\/v2\/categories?post=21797"},{"taxonomy":"post_tag","embeddable":true,"href":"https:\/\/ktfnews.com\/es\/wp-json\/wp\/v2\/tags?post=21797"}],"curies":[{"name":"wp","href":"https:\/\/api.w.org\/{rel}","templated":true}]}}