{"id":21724,"date":"2021-04-07T07:30:00","date_gmt":"2021-04-07T11:30:00","guid":{"rendered":"https:\/\/ktfnews.com\/?p=21724"},"modified":"2021-04-06T18:25:56","modified_gmt":"2021-04-06T22:25:56","slug":"pro-life-pro-abortion-activism-labeled-domestic-violent-extremist-threat-us-intel-report","status":"publish","type":"post","link":"https:\/\/ktfnews.com\/es\/pro-life-pro-abortion-activism-labeled-domestic-violent-extremist-threat-us-intel-report\/","title":{"rendered":"El Activismo Provida y Pro-aborto es Calificado como Amenaza Extremista Dom\u00e9stica en un Informe de Inteligencia de EEUU"},"content":{"rendered":"<p><i>The Christian Post<\/i>, por Ryan Foley: Un informe desclasificado la semana pasada por el Departamento de Seguridad Nacional de Estados Unidos incluye a los activistas provida y proaborto en una lista de grupos violentos de extremistas dom\u00e9sticos.<\/p>\n<p>El informe del 1 de marzo, elaborado por el Director de Inteligencia Nacional, conclu\u00eda que \u00ablos extremistas violentos internos (EVI) motivados por una serie de ideolog\u00edas e impulsados por los recientes acontecimientos pol\u00edticos y sociales en Estados Unidos suponen una elevada amenaza para el territorio nacional en 2021\u00bb. El documento inclu\u00eda una lista de \u00abcategor\u00edas\u00bb de \u00abextremistas dom\u00e9sticos violentos\u00bb, pero no mencionaba ning\u00fan grupo u organizaci\u00f3n espec\u00edfica por su nombre.<\/p>\n<p>Los \u00abextremistas dom\u00e9sticos violentos relacionados con el aborto\u00bb, definidos como \u00abDVEs con agendas ideol\u00f3gicas en apoyo de las creencias pro-vida o pro-aborto\u00bb fueron listados como una de las categor\u00edas de extremistas dom\u00e9sticos violentos identificados por la comunidad de inteligencia. El informe sosten\u00eda que \u00abla mera defensa de posiciones pol\u00edticas o sociales, el activismo pol\u00edtico\u00bb y \u00abel uso de una ret\u00f3rica fuerte pueden no constituir extremismo violento, y pueden estar constitucionalmente protegidos\u00bb. <\/p>\n<p>En t\u00e9rminos m\u00e1s amplios, los \u00abextremistas de la violencia dom\u00e9stica\u00bb se defin\u00edan como \u00abactores radicados en Estados Unidos que llevan a cabo o amenazan con realizar actividades peligrosas para la vida humana en violaci\u00f3n de las leyes penales de Estados Unidos o de cualquier estado; que parecen tener la intenci\u00f3n de intimidar o coaccionar a una poblaci\u00f3n civil; y que influyen en el gobierno mediante la destrucci\u00f3n masiva, el asesinato o el secuestro\u00bb. <\/p>\n<p>Aunque los activistas provida suelen llevar a cabo su defensa de forma pac\u00edfica, se han producido casos de violencia contra proveedores, defensores y cl\u00ednicas de aborto.<\/p>\n<p>En 2015, Robert Dear abri\u00f3 fuego en un local de Planned Parenthood en Colorado Springs, Colorado, matando a tres personas e hiriendo a varias m\u00e1s. Dijo a la polic\u00eda \u00abno m\u00e1s partes de beb\u00e9s\u00bb, refiri\u00e9ndose a los v\u00eddeos encubiertos que documentaban a funcionarios de Planned Parenthood discutiendo la venta de \u00f3rganos, tejidos y extremidades de beb\u00e9s abortados.<\/p>\n<p>En 2009, el conocido abortista George Tiller fue asesinado mientras asist\u00eda a la iglesia en Kansas. Scott Roeder fue arrestado por el crimen y su ex esposa aleg\u00f3 que \u00ab\u00e9l era muy vocal sobre sus puntos de vista antiabortistas\u00bb, al tiempo que subray\u00f3 que nunca pens\u00f3 que \u00abllegar\u00eda tan lejos\u00bb.<\/p>\n<p>Incluso antes de que se revelara el motivo del tirador, los grupos provida se apresuraron a condenar el asesinato del proveedor de abortos. El grupo provida Susan B. Anthony List describi\u00f3 el asesinato de Tiller como un \u00abacto antivida\u00bb, y su presidenta Marjorie Dannenfelser afirm\u00f3 que \u00ablos derechos de un ser humano nunca pueden ser honrados disminuyendo o ignorando los derechos de otro\u00bb.<\/p>\n<p>Adem\u00e1s, alguien llamado Scott Roeder hab\u00eda dejado comentarios en el sitio web pro-vida Operaci\u00f3n Rescate, comparando a Tiller con un m\u00e9dico nazi de un campo de exterminio, que \u00abnecesita ser detenido antes de que \u00e9l y aquellos que lo protegen traigan el juicio sobre nuestra naci\u00f3n.\u00bb Operaci\u00f3n Rescate explic\u00f3 que Roeder \u00abnunca hab\u00eda sido miembro, colaborador o voluntario de la organizaci\u00f3n\u00bb, y que miles de personas publican diariamente en el foro p\u00fablico del sitio web.<\/p>\n<p>Otros ejemplos de violencia antiabortista son el atentado con bomba perpetrado en 1997 contra una cl\u00ednica abortista de la zona de Atlanta (Georgia) y el incendio provocado en 1999 en un Planned Parenthood de Dakota del Sur. Aunque los ataques contra activistas y cl\u00ednicas proabortistas han recibido una gran atenci\u00f3n de los medios de comunicaci\u00f3n, los manifestantes provida tambi\u00e9n han sido objeto de actos de violencia.<\/p>\n<p>En 2015, un partidario del aborto lanz\u00f3 un c\u00f3ctel molotov contra dos manifestantes provida reunidos frente a un Planned Parenthood en Texas. El agresor hab\u00eda testificado previamente contra el proyecto de ley 1 del Senado, una medida destinada a limitar los abortos despu\u00e9s de las 20 semanas de gestaci\u00f3n. Seg\u00fan World Net Daily, durante su testimonio afirm\u00f3 que \u00ablos embarazos no deseados se producen en las v\u00edctimas de violaciones desde los 9 hasta los 90 a\u00f1os\u00bb. <\/p>\n<p>En 2009, el activista provida Jim Pouillon fue asesinado mientras sosten\u00eda una pancarta provida con la imagen de un beb\u00e9 abortado frente a un instituto de su ciudad natal, Michigan. Un antiguo concejal declar\u00f3 que en los d\u00edas previos al asesinato, la madre del tirador le hab\u00eda llamado en m\u00faltiples ocasiones para quejarse de Pouillon en un tono que describi\u00f3 como \u00abmalvado\u00bb y \u00abdesagradable\u00bb.<\/p>\n<p>El ex congresista tambi\u00e9n dijo que ella le dijo que quer\u00eda \u00abenviar a sus hijos a ver a Jim\u00bb y coment\u00f3 despu\u00e9s del asesinato que \u00abhe resuelto el problema de la ciudad; mi hijo ha disparado a Jim Pouillon\u00bb. El juez que supervisaba el caso se neg\u00f3 a que el jurado escuchara el testimonio del ex congresista, que calific\u00f3 de \u00abhabladur\u00edas\u00bb. El entonces presidente Barack Obama, partidario declarado del aborto, conden\u00f3 el asesinato de Pouillon, diciendo que \u00absea cual sea el lado del debate p\u00fablico en el que te encuentres, la violencia nunca es la respuesta correcta\u00bb. <\/p>\n<p>Al igual que las cl\u00ednicas de aborto se han enfrentado a la violencia, tambi\u00e9n lo han hecho los centros de embarazo provida. En 2016, un centro de embarazo provida en Nuevo M\u00e9xico fue incendiado. En 2019, un evento provida en una universidad de Minnesota tuvo que ser evacuado por una amenaza de bomba.<\/p>\n<p>Aunque nadie result\u00f3 gravemente herido en el evento provida de Minnesota, el autor dej\u00f3 una \u00abbomba f\u00e9tida\u00bb que puede causar \u00abn\u00e1useas y dolores de cabeza\u00bb, \u00abirritaci\u00f3n de los ojos, p\u00e9rdida de olfato, edema pulmonar e incluso la muerte.\u00bb Las personas sentadas cerca de donde se encontraba la \u00abbomba f\u00e9tida\u00bb \u00abempezaron a sentirse mal, y tos\u00edan y se sent\u00edan mareadas\u00bb, mientras que \u00abal menos tres personas informaron de dolores de cabeza e irritaci\u00f3n en el pecho.\u00bb<\/p>\n<p>Nuestro comentario:<br \/>\nSi bien se observa que ambos lados de la controversia tienen defensores que son etiquetados como extremistas violentos, y la etiqueta pinta con una brocha ancha. Tendr\u00e1 que definirse m\u00e1s a medida que pase el tiempo. \u00bfLos que guardan todos los preceptos de la ley de Dios ser\u00e1n considerados eventualmente como extremistas violentos?<\/p>\n<p>Conexi\u00f3n Prof\u00e9tica:<br \/>\n\u201cY como el ministerio del Esp\u00edritu Santo es de importancia vital para la iglesia de Cristo, una de las tretas de Satan\u00e1s consiste precisamente en arrojar oprobio sobre la obra del Esp\u00edritu por medio de los errores de los extremistas y fan\u00e1ticos, y en hacer que el pueblo de Dios descuide esta fuente de fuerza que nuestro Se\u00f1or nos ha asegurado.\u201d <i>El Conflicto de los Siglos<\/i>, p\u00e1g. 10.<\/p>\n<hr>\n<h3>Source References<\/h3>\n<ul>\n<li>\n<h5><a href=\"https:\/\/www.christianpost.com\/news\/pro-life-pro-abortion-groups-included-in-list-of-extremist-orgs.html\" target=\"_blank\">Pro-life, pro-abortion activism labeled as domestic violent extremist threat in US intel report<\/a><\/h5>\n<\/li>\n<\/ul>\n<p><\/p>\n<!-- AddThis Advanced Settings generic via filter on the_content -->","protected":false},"excerpt":{"rendered":"<p>The Christian Post, por Ryan Foley: Un informe desclasificado la semana pasada por el Departamento de Seguridad Nacional de Estados Unidos incluye a los activistas provida y proaborto en una lista de grupos violentos de extremistas dom\u00e9sticos. El informe del&#8230;<!-- AddThis Advanced Settings generic via filter on wp_trim_excerpt --><\/p>\n","protected":false},"author":6,"featured_media":21726,"comment_status":"open","ping_status":"open","sticky":false,"template":"","format":"standard","meta":{"episode_type":"","audio_file":"","duration":"","filesize":"","date_recorded":"","explicit":"","block":"","filesize_raw":"","_FSMCFIC_featured_image_caption":"Image: James McNellis from Wikimedia Commons","_FSMCFIC_featured_image_nocaption":null,"_FSMCFIC_featured_image_hide":null,"_links_to":"","_links_to_target":""},"categories":[722,32],"tags":[77,1777,888,2645,420,706],"featured_image_urls":{"thumbnail":"https:\/\/ktfnews.com\/wp-content\/uploads\/2021\/04\/Abortion_Hurts_Women-150x150.jpg","medium":"https:\/\/ktfnews.com\/wp-content\/uploads\/2021\/04\/Abortion_Hurts_Women-300x188.jpg","medium_large":"https:\/\/ktfnews.com\/wp-content\/uploads\/2021\/04\/Abortion_Hurts_Women-768x480.jpg","large":"https:\/\/ktfnews.com\/wp-content\/uploads\/2021\/04\/Abortion_Hurts_Women-1024x640.jpg","team-small":"https:\/\/ktfnews.com\/wp-content\/uploads\/2021\/04\/Abortion_Hurts_Women-138x162.jpg","team-overview":"https:\/\/ktfnews.com\/wp-content\/uploads\/2021\/04\/Abortion_Hurts_Women-200x279.jpg","team-big":"https:\/\/ktfnews.com\/wp-content\/uploads\/2021\/04\/Abortion_Hurts_Women-540x270.jpg","two-columns":"https:\/\/ktfnews.com\/wp-content\/uploads\/2021\/04\/Abortion_Hurts_Women-379x242.jpg","one-column":"https:\/\/ktfnews.com\/wp-content\/uploads\/2021\/04\/Abortion_Hurts_Women-379x242.jpg","mini-square":"https:\/\/ktfnews.com\/wp-content\/uploads\/2021\/04\/Abortion_Hurts_Women-70x70.jpg","portfolio-widget-mainpage":"https:\/\/ktfnews.com\/wp-content\/uploads\/2021\/04\/Abortion_Hurts_Women-335x195.jpg","portfolio-single-ajax":"https:\/\/ktfnews.com\/wp-content\/uploads\/2021\/04\/Abortion_Hurts_Women-670x280.jpg","portfolio-single-big":"https:\/\/ktfnews.com\/wp-content\/uploads\/2021\/04\/Abortion_Hurts_Women-685x480.jpg","portfolio-single-small":"https:\/\/ktfnews.com\/wp-content\/uploads\/2021\/04\/Abortion_Hurts_Women-685x280.jpg","portfolio-single-full-big":"https:\/\/ktfnews.com\/wp-content\/uploads\/2021\/04\/Abortion_Hurts_Women-960x590.jpg","portfolio-single-full-small":"https:\/\/ktfnews.com\/wp-content\/uploads\/2021\/04\/Abortion_Hurts_Women-960x250.jpg","gallery-post":"https:\/\/ktfnews.com\/wp-content\/uploads\/2021\/04\/Abortion_Hurts_Women-182x126.jpg","gallery-post-smaller":"https:\/\/ktfnews.com\/wp-content\/uploads\/2021\/04\/Abortion_Hurts_Women-158x100.jpg","gallery-standard":"https:\/\/ktfnews.com\/wp-content\/uploads\/2021\/04\/Abortion_Hurts_Women-257x169.jpg","tooltip-preview":"https:\/\/ktfnews.com\/wp-content\/uploads\/2021\/04\/Abortion_Hurts_Women-227x133.jpg","widget-content-slider":"https:\/\/ktfnews.com\/wp-content\/uploads\/2021\/04\/Abortion_Hurts_Women-230x137.jpg","post-top-articles":"https:\/\/ktfnews.com\/wp-content\/uploads\/2021\/04\/Abortion_Hurts_Women-130x100.jpg","post-single-wide":"https:\/\/ktfnews.com\/wp-content\/uploads\/2021\/04\/Abortion_Hurts_Women-595x360.jpg","post-single-wide-nocrop":"https:\/\/ktfnews.com\/wp-content\/uploads\/2021\/04\/Abortion_Hurts_Women-595x372.jpg","post-single-wide-mobile":"https:\/\/ktfnews.com\/wp-content\/uploads\/2021\/04\/Abortion_Hurts_Women-320x190.jpg","post-single-wide-small":"https:\/\/ktfnews.com\/wp-content\/uploads\/2021\/04\/Abortion_Hurts_Women-595x190.jpg","post-single-square":"https:\/\/ktfnews.com\/wp-content\/uploads\/2021\/04\/Abortion_Hurts_Women-120x120.jpg","post-single-full-small":"https:\/\/ktfnews.com\/wp-content\/uploads\/2021\/04\/Abortion_Hurts_Women-950x360.jpg","post-single-full-big":"https:\/\/ktfnews.com\/wp-content\/uploads\/2021\/04\/Abortion_Hurts_Women-950x590.jpg","photo-blog":"https:\/\/ktfnews.com\/wp-content\/uploads\/2021\/04\/Abortion_Hurts_Women-768x480.jpg"},"appp_media":null,"yoast_head":"<!-- This site is optimized with the Yoast SEO plugin v17.3 - https:\/\/yoast.com\/wordpress\/plugins\/seo\/ -->\n<meta name=\"robots\" content=\"index, follow, max-snippet:-1, max-image-preview:large, max-video-preview:-1\" \/>\n<link rel=\"canonical\" href=\"https:\/\/ktfnews.com\/pro-life-pro-abortion-activism-labeled-domestic-violent-extremist-threat-us-intel-report\/\" \/>\n<meta property=\"og:locale\" content=\"es_ES\" \/>\n<meta property=\"og:type\" content=\"article\" \/>\n<meta property=\"og:title\" content=\"[:en]Pro-life, pro-abortion activism labeled as domestic violent extremist threat in US intel report[:es]El Activismo Provida y Pro-aborto es Calificado como Amenaza Extremista Dom\u00e9stica en un Informe de Inteligencia de EEUU[:] - KEEP the FAITH\" \/>\n<meta property=\"og:description\" content=\"The Christian Post, por Ryan Foley: Un informe desclasificado la semana pasada por el Departamento de Seguridad Nacional de Estados Unidos incluye a los activistas provida y proaborto en una lista de grupos violentos de extremistas dom\u00e9sticos. El informe del...\" \/>\n<meta property=\"og:url\" content=\"https:\/\/ktfnews.com\/pro-life-pro-abortion-activism-labeled-domestic-violent-extremist-threat-us-intel-report\/\" \/>\n<meta property=\"og:site_name\" content=\"KEEP the FAITH\" \/>\n<meta property=\"article:publisher\" content=\"https:\/\/www.facebook.com\/ktfministry\" \/>\n<meta property=\"article:published_time\" content=\"2021-04-07T11:30:00+00:00\" \/>\n<meta property=\"article:modified_time\" content=\"2021-04-06T22:25:56+00:00\" \/>\n<meta property=\"og:image\" content=\"https:\/\/ktfnews.com\/wp-content\/uploads\/2021\/04\/Abortion_Hurts_Women.jpg\" \/>\n\t<meta property=\"og:image:width\" content=\"1280\" \/>\n\t<meta property=\"og:image:height\" content=\"800\" \/>\n<meta name=\"twitter:card\" content=\"summary_large_image\" \/>\n<meta name=\"twitter:creator\" content=\"@ktfministry\" \/>\n<meta name=\"twitter:site\" content=\"@ktfministry\" \/>\n<meta name=\"twitter:label1\" content=\"Escrito por\" \/>\n\t<meta name=\"twitter:data1\" content=\"Pastor Hal Mayer\" \/>\n\t<meta name=\"twitter:label2\" content=\"Tiempo de lectura\" \/>\n\t<meta name=\"twitter:data2\" content=\"11 minutos\" \/>\n<script type=\"application\/ld+json\" class=\"yoast-schema-graph\">{\"@context\":\"https:\/\/schema.org\",\"@graph\":[{\"@type\":\"WebSite\",\"@id\":\"https:\/\/ktfnews.com\/#website\",\"url\":\"https:\/\/ktfnews.com\/\",\"name\":\"KEEP the FAITH\",\"description\":\"Preparing you for the final conflict between good and evil.\",\"potentialAction\":[{\"@type\":\"SearchAction\",\"target\":{\"@type\":\"EntryPoint\",\"urlTemplate\":\"https:\/\/ktfnews.com\/?s={search_term_string}\"},\"query-input\":\"required name=search_term_string\"}],\"inLanguage\":\"es\"},{\"@type\":\"ImageObject\",\"@id\":\"https:\/\/ktfnews.com\/pro-life-pro-abortion-activism-labeled-domestic-violent-extremist-threat-us-intel-report\/#primaryimage\",\"inLanguage\":\"es\",\"url\":\"https:\/\/ktfnews.com\/wp-content\/uploads\/2021\/04\/Abortion_Hurts_Women.jpg\",\"contentUrl\":\"https:\/\/ktfnews.com\/wp-content\/uploads\/2021\/04\/Abortion_Hurts_Women.jpg\",\"width\":1280,\"height\":800},{\"@type\":\"WebPage\",\"@id\":\"https:\/\/ktfnews.com\/pro-life-pro-abortion-activism-labeled-domestic-violent-extremist-threat-us-intel-report\/#webpage\",\"url\":\"https:\/\/ktfnews.com\/pro-life-pro-abortion-activism-labeled-domestic-violent-extremist-threat-us-intel-report\/\",\"name\":\"[:en]Pro-life, pro-abortion activism labeled as domestic violent extremist threat in US intel report[:es]El Activismo Provida y Pro-aborto es Calificado como Amenaza Extremista Dom\\u00e9stica en un Informe de Inteligencia de EEUU[:] - KEEP the FAITH\",\"isPartOf\":{\"@id\":\"https:\/\/ktfnews.com\/#website\"},\"primaryImageOfPage\":{\"@id\":\"https:\/\/ktfnews.com\/pro-life-pro-abortion-activism-labeled-domestic-violent-extremist-threat-us-intel-report\/#primaryimage\"},\"datePublished\":\"2021-04-07T11:30:00+00:00\",\"dateModified\":\"2021-04-06T22:25:56+00:00\",\"author\":{\"@id\":\"https:\/\/ktfnews.com\/#\/schema\/person\/ba4174513d9169cf8e229b7d8d60410d\"},\"breadcrumb\":{\"@id\":\"https:\/\/ktfnews.com\/pro-life-pro-abortion-activism-labeled-domestic-violent-extremist-threat-us-intel-report\/#breadcrumb\"},\"inLanguage\":\"es\",\"potentialAction\":[{\"@type\":\"ReadAction\",\"target\":[\"https:\/\/ktfnews.com\/pro-life-pro-abortion-activism-labeled-domestic-violent-extremist-threat-us-intel-report\/\"]}]},{\"@type\":\"BreadcrumbList\",\"@id\":\"https:\/\/ktfnews.com\/pro-life-pro-abortion-activism-labeled-domestic-violent-extremist-threat-us-intel-report\/#breadcrumb\",\"itemListElement\":[{\"@type\":\"ListItem\",\"position\":1,\"name\":\"Home\",\"item\":\"https:\/\/ktfnews.com\/\"},{\"@type\":\"ListItem\",\"position\":2,\"name\":\"Briefings\",\"item\":\"https:\/\/ktfnews.com\/category\/briefings\/\"},{\"@type\":\"ListItem\",\"position\":3,\"name\":\"Pro-life, pro-abortion activism labeled as domestic violent extremist threat in US intel report\"}]},{\"@type\":\"Person\",\"@id\":\"https:\/\/ktfnews.com\/#\/schema\/person\/ba4174513d9169cf8e229b7d8d60410d\",\"name\":\"Pastor Hal Mayer\",\"image\":{\"@type\":\"ImageObject\",\"@id\":\"https:\/\/ktfnews.com\/#personlogo\",\"inLanguage\":\"es\",\"url\":\"https:\/\/secure.gravatar.com\/avatar\/051bac95ae650254c5a03467b9456599?s=96&d=mm&r=g\",\"contentUrl\":\"https:\/\/secure.gravatar.com\/avatar\/051bac95ae650254c5a03467b9456599?s=96&d=mm&r=g\",\"caption\":\"Pastor Hal Mayer\"},\"description\":\"Pastor Hal Mayer is speaker and director of Keep the Faith Ministry. For the last 20 years Pastor Mayer\\u2019s monthly prophetic analysis on CD and online has revealed the striking evidence of fulfilling prophecy to many thousands of subscribers all over the world. Pastor Mayer\\u2019s background in history and Bible prophecy give him unique insights and perspectives that have blessed many and helped them make a deeper commitment to the Lord. Keep the Faith Ministry helps those who want to keep abreast of fulfilling prophecy and who want to understand and navigate the unique and difficult circumstances of the end-times. Keep the Faith Ministry helps to prepare you for the second coming of Christ. Pastor Mayer is married to Betsy for more than 40 years. They have no children of their own. \\u201cThe times in which we live are thrilling, because the things prophesied in God\\u2019s word are actually coming to pass in this generation,\\u201d says Pastor Mayer. \\u201cIn a time when the distinctive end-time truths of God\\u2019s word are being censored, and life in this world is becoming more and more chaotic, Keep the Faith is a voice of strength and encouragement.\\u201d\",\"url\":\"https:\/\/ktfnews.com\/es\/author\/hal\/\"}]}<\/script>\n<!-- \/ Yoast SEO plugin. -->","yoast_head_json":{"robots":{"index":"index","follow":"follow","max-snippet":"max-snippet:-1","max-image-preview":"max-image-preview:large","max-video-preview":"max-video-preview:-1"},"canonical":"https:\/\/ktfnews.com\/pro-life-pro-abortion-activism-labeled-domestic-violent-extremist-threat-us-intel-report\/","og_locale":"es_ES","og_type":"article","og_title":"[:en]Pro-life, pro-abortion activism labeled as domestic violent extremist threat in US intel report[:es]El Activismo Provida y Pro-aborto es Calificado como Amenaza Extremista Dom\u00e9stica en un Informe de Inteligencia de EEUU[:] - KEEP the FAITH","og_description":"The Christian Post, por Ryan Foley: Un informe desclasificado la semana pasada por el Departamento de Seguridad Nacional de Estados Unidos incluye a los activistas provida y proaborto en una lista de grupos violentos de extremistas dom\u00e9sticos. El informe del...","og_url":"https:\/\/ktfnews.com\/pro-life-pro-abortion-activism-labeled-domestic-violent-extremist-threat-us-intel-report\/","og_site_name":"KEEP the FAITH","article_publisher":"https:\/\/www.facebook.com\/ktfministry","article_published_time":"2021-04-07T11:30:00+00:00","article_modified_time":"2021-04-06T22:25:56+00:00","og_image":[{"width":1280,"height":800,"url":"https:\/\/ktfnews.com\/wp-content\/uploads\/2021\/04\/Abortion_Hurts_Women.jpg","type":"image\/jpeg"}],"twitter_card":"summary_large_image","twitter_creator":"@ktfministry","twitter_site":"@ktfministry","twitter_misc":{"Escrito por":"Pastor Hal Mayer","Tiempo de lectura":"11 minutos"},"schema":{"@context":"https:\/\/schema.org","@graph":[{"@type":"WebSite","@id":"https:\/\/ktfnews.com\/#website","url":"https:\/\/ktfnews.com\/","name":"KEEP the FAITH","description":"Preparing you for the final conflict between good and evil.","potentialAction":[{"@type":"SearchAction","target":{"@type":"EntryPoint","urlTemplate":"https:\/\/ktfnews.com\/?s={search_term_string}"},"query-input":"required name=search_term_string"}],"inLanguage":"es"},{"@type":"ImageObject","@id":"https:\/\/ktfnews.com\/pro-life-pro-abortion-activism-labeled-domestic-violent-extremist-threat-us-intel-report\/#primaryimage","inLanguage":"es","url":"https:\/\/ktfnews.com\/wp-content\/uploads\/2021\/04\/Abortion_Hurts_Women.jpg","contentUrl":"https:\/\/ktfnews.com\/wp-content\/uploads\/2021\/04\/Abortion_Hurts_Women.jpg","width":1280,"height":800},{"@type":"WebPage","@id":"https:\/\/ktfnews.com\/pro-life-pro-abortion-activism-labeled-domestic-violent-extremist-threat-us-intel-report\/#webpage","url":"https:\/\/ktfnews.com\/pro-life-pro-abortion-activism-labeled-domestic-violent-extremist-threat-us-intel-report\/","name":"[:en]Pro-life, pro-abortion activism labeled as domestic violent extremist threat in US intel report[:es]El Activismo Provida y Pro-aborto es Calificado como Amenaza Extremista Dom\u00e9stica en un Informe de Inteligencia de EEUU[:] - KEEP the FAITH","isPartOf":{"@id":"https:\/\/ktfnews.com\/#website"},"primaryImageOfPage":{"@id":"https:\/\/ktfnews.com\/pro-life-pro-abortion-activism-labeled-domestic-violent-extremist-threat-us-intel-report\/#primaryimage"},"datePublished":"2021-04-07T11:30:00+00:00","dateModified":"2021-04-06T22:25:56+00:00","author":{"@id":"https:\/\/ktfnews.com\/#\/schema\/person\/ba4174513d9169cf8e229b7d8d60410d"},"breadcrumb":{"@id":"https:\/\/ktfnews.com\/pro-life-pro-abortion-activism-labeled-domestic-violent-extremist-threat-us-intel-report\/#breadcrumb"},"inLanguage":"es","potentialAction":[{"@type":"ReadAction","target":["https:\/\/ktfnews.com\/pro-life-pro-abortion-activism-labeled-domestic-violent-extremist-threat-us-intel-report\/"]}]},{"@type":"BreadcrumbList","@id":"https:\/\/ktfnews.com\/pro-life-pro-abortion-activism-labeled-domestic-violent-extremist-threat-us-intel-report\/#breadcrumb","itemListElement":[{"@type":"ListItem","position":1,"name":"Home","item":"https:\/\/ktfnews.com\/"},{"@type":"ListItem","position":2,"name":"Briefings","item":"https:\/\/ktfnews.com\/category\/briefings\/"},{"@type":"ListItem","position":3,"name":"Pro-life, pro-abortion activism labeled as domestic violent extremist threat in US intel report"}]},{"@type":"Person","@id":"https:\/\/ktfnews.com\/#\/schema\/person\/ba4174513d9169cf8e229b7d8d60410d","name":"Pastor Hal Mayer","image":{"@type":"ImageObject","@id":"https:\/\/ktfnews.com\/#personlogo","inLanguage":"es","url":"https:\/\/secure.gravatar.com\/avatar\/051bac95ae650254c5a03467b9456599?s=96&d=mm&r=g","contentUrl":"https:\/\/secure.gravatar.com\/avatar\/051bac95ae650254c5a03467b9456599?s=96&d=mm&r=g","caption":"Pastor Hal Mayer"},"description":"Pastor Hal Mayer is speaker and director of Keep the Faith Ministry. For the last 20 years Pastor Mayer\u2019s monthly prophetic analysis on CD and online has revealed the striking evidence of fulfilling prophecy to many thousands of subscribers all over the world. Pastor Mayer\u2019s background in history and Bible prophecy give him unique insights and perspectives that have blessed many and helped them make a deeper commitment to the Lord. Keep the Faith Ministry helps those who want to keep abreast of fulfilling prophecy and who want to understand and navigate the unique and difficult circumstances of the end-times. Keep the Faith Ministry helps to prepare you for the second coming of Christ. Pastor Mayer is married to Betsy for more than 40 years. They have no children of their own. \u201cThe times in which we live are thrilling, because the things prophesied in God\u2019s word are actually coming to pass in this generation,\u201d says Pastor Mayer. \u201cIn a time when the distinctive end-time truths of God\u2019s word are being censored, and life in this world is becoming more and more chaotic, Keep the Faith is a voice of strength and encouragement.\u201d","url":"https:\/\/ktfnews.com\/es\/author\/hal\/"}]}},"_links":{"self":[{"href":"https:\/\/ktfnews.com\/es\/wp-json\/wp\/v2\/posts\/21724"}],"collection":[{"href":"https:\/\/ktfnews.com\/es\/wp-json\/wp\/v2\/posts"}],"about":[{"href":"https:\/\/ktfnews.com\/es\/wp-json\/wp\/v2\/types\/post"}],"author":[{"embeddable":true,"href":"https:\/\/ktfnews.com\/es\/wp-json\/wp\/v2\/users\/6"}],"replies":[{"embeddable":true,"href":"https:\/\/ktfnews.com\/es\/wp-json\/wp\/v2\/comments?post=21724"}],"version-history":[{"count":2,"href":"https:\/\/ktfnews.com\/es\/wp-json\/wp\/v2\/posts\/21724\/revisions"}],"predecessor-version":[{"id":21727,"href":"https:\/\/ktfnews.com\/es\/wp-json\/wp\/v2\/posts\/21724\/revisions\/21727"}],"wp:featuredmedia":[{"embeddable":true,"href":"https:\/\/ktfnews.com\/es\/wp-json\/wp\/v2\/media\/21726"}],"wp:attachment":[{"href":"https:\/\/ktfnews.com\/es\/wp-json\/wp\/v2\/media?parent=21724"}],"wp:term":[{"taxonomy":"category","embeddable":true,"href":"https:\/\/ktfnews.com\/es\/wp-json\/wp\/v2\/categories?post=21724"},{"taxonomy":"post_tag","embeddable":true,"href":"https:\/\/ktfnews.com\/es\/wp-json\/wp\/v2\/tags?post=21724"}],"curies":[{"name":"wp","href":"https:\/\/api.w.org\/{rel}","templated":true}]}}