{"id":21536,"date":"2021-03-08T07:30:24","date_gmt":"2021-03-08T12:30:24","guid":{"rendered":"https:\/\/ktfnews.com\/?p=21536"},"modified":"2021-03-07T19:19:14","modified_gmt":"2021-03-08T00:19:14","slug":"1st-march-sundays-will-rest-day-barbados","status":"publish","type":"post","link":"https:\/\/ktfnews.com\/es\/1st-march-sundays-will-rest-day-barbados\/","title":{"rendered":"A Partir del 1 de Marzo los \u00abDomingos\u00bb Ser\u00e1n un D\u00eda de Descanso en Barbados"},"content":{"rendered":"<p><i>News 784<\/i>: El domingo ser\u00e1 un d\u00eda de descanso en Barbados mientras el pa\u00eds se prepara para una reapertura gradual a partir del lunes 1 de marzo de 2021.<\/p>\n<p>En un discurso a la naci\u00f3n el pasado jueves por la noche, la primera ministra Mia Amor Mottley dijo que la reapertura gradual era el m\u00e9todo que se hab\u00eda aconsejado al Gobierno.<\/p>\n<p>La Primera Ministra declar\u00f3 que los supermercados abrir\u00e1n de lunes a s\u00e1bado, pero no habr\u00e1 actividad comercial los domingos en esos establecimientos, ni en las ferreter\u00edas ni en ninguna otra tienda por el momento.<\/p>\n<p>Las gasolineras, a\u00f1adi\u00f3, abrir\u00e1n los domingos, pero no sus minimercados.<\/p>\n<p>Dijo que adem\u00e1s del acceso existente de 6:00 am a 9:00 am a las playas y parques, se permitir\u00e1 a la gente hacer ejercicio y darse un ba\u00f1o de mar entre las 3:00 pm y las 6:00 pm, cada d\u00eda.<\/p>\n<p>Sin embargo, se\u00f1al\u00f3 que las tiendas de ropa, las boutiques, las peluquer\u00edas y las barber\u00edas no pod\u00edan funcionar a esa hora.<\/p>\n<p>La Sra. Mottley inst\u00f3 a los negocios que no reabrieran el lunes a que se tomaran las dos pr\u00f3ximas semanas para revisar sus protocolos y pr\u00e1cticas existentes, de modo que estuvieran preparados cuando les llegara el turno.<\/p>\n<p>Se\u00f1al\u00f3 que el funcionamiento de los gimnasios, los salones de masaje y los deportes de contacto en interiores y exteriores estar\u00edan prohibidos en este momento, as\u00ed como el uso de embarcaciones de recreo.<\/p>\n<p>El Primer Ministro se\u00f1al\u00f3 que los negocios que se reabrir\u00e1n a partir del 1 de marzo son:<\/p>\n<p>La construcci\u00f3n, todas las formas de agricultura y ganader\u00eda, la pesca, la industria manufacturera, la mec\u00e1nica y reparaci\u00f3n de autom\u00f3viles y otras categor\u00edas que se definir\u00e1n en la Directiva.<\/p>\n<p>Las ferreter\u00edas, las tiendas de electrodom\u00e9sticos, las tiendas de agricultura y jardiner\u00eda, las tiendas de fontaner\u00eda, las de electr\u00f3nica e inform\u00e1tica y las de telefon\u00eda.<\/p>\n<p>Los restaurantes y los establecimientos de comida r\u00e1pida podr\u00e1n tener servicio de entrega en la acera, drive-through y entrega a domicilio.<\/p>\n<p>Las oficinas administrativas, los servicios profesionales, las operaciones de recambios y reparaciones, y las entidades gubernamentales como los Tribunales de Justicia, el Registro, Correos, el Registro de la Propiedad, etc., volver\u00e1n a abrir, utilizando el personal f\u00edsico m\u00ednimo necesario para ofrecer un nivel satisfactorio de servicio al p\u00fablico.<\/p>\n<p>Las personas que puedan funcionar eficazmente desde su casa deber\u00e1n seguir haci\u00e9ndolo, pero las que sean necesarias en el lugar de trabajo para dispensar productos o servicios en esas \u00e1reas deber\u00e1n presentarse a trabajar.<\/p>\n<p>Los que trabajan en la administraci\u00f3n p\u00fablica seguir\u00e1n siendo guiados por sus secretarios permanentes, jefes de departamento o directores generales en las empresas estatales en cuanto a cu\u00e1l es su asistencia adecuada.<\/p>\n<p>Nuestro comentario:<br \/>\nLas leyes de cierre dominical son el preludio de las leyes de culto dominical. Obs\u00e9rvese que la reapertura de tiendas y negocios debido al COVID se utiliza como excusa para apoyar formalmente las leyes de cierre dominical.<\/p>\n<p>Conexi\u00f3n Prof\u00e9tica:<br \/>\n\u201cSatan\u00e1s interpreta a su manera los acontecimientos, y [los hombres influyentes] piensan, como \u00e9l quiere, que las calamidades que azotan la tierra son resultado de la profanaci\u00f3n del domingo. Creyendo aplacar la ira de Dios, esos hombres promulgan leyes para obligar a la gente a guardar el domingo. Piensan que al exaltar cada vez m\u00e1s ese falso d\u00eda de reposo. . . est\u00e1n sirviendo a Dios. Los que honran a Dios al guardar el verdadero d\u00eda de reposo son considerados desleales al Se\u00f1or, cuando realmente son los que as\u00ed los consideran los desleales, porque est\u00e1n pisoteando el d\u00eda de reposo instituido en el Ed\u00e9n.\u201d <i>Maranata<\/i>, p\u00e1g. 174<\/p>\n<hr>\n<h3>Source References<\/h3>\n<ul>\n<li>\n<h5><a href=\"https:\/\/news784.com\/2021\/02\/27\/as-of-1st-march-sundays-will-be-a-rest-day-in-barbados\/\" target=\"_blank\">As Of 1st March \u201cSunday\u2019s\u201d Will Be A Rest Day In Barbados<\/a><\/h5>\n<\/li>\n<\/ul>\n<p><\/p>\n<!-- AddThis Advanced Settings generic via filter on the_content -->","protected":false},"excerpt":{"rendered":"<p>News 784: El domingo ser\u00e1 un d\u00eda de descanso en Barbados mientras el pa\u00eds se prepara para una reapertura gradual a partir del lunes 1 de marzo de 2021. En un discurso a la naci\u00f3n el pasado jueves por la&#8230;<!-- AddThis Advanced Settings generic via filter on wp_trim_excerpt --><\/p>\n","protected":false},"author":6,"featured_media":21538,"comment_status":"open","ping_status":"open","sticky":false,"template":"","format":"standard","meta":{"episode_type":"","audio_file":"","duration":"","filesize":"","date_recorded":"","explicit":"","block":"","filesize_raw":"","_FSMCFIC_featured_image_caption":"Image: Timothy Sullivan (UNCTAD)","_FSMCFIC_featured_image_nocaption":null,"_FSMCFIC_featured_image_hide":null,"_links_to":"","_links_to_target":""},"categories":[722,32],"tags":[2022,1986,888,62,376,936],"featured_image_urls":{"thumbnail":"https:\/\/ktfnews.com\/wp-content\/uploads\/2021\/03\/Prime-Minister-Mia-Amor-Mottley-150x150.jpg","medium":"https:\/\/ktfnews.com\/wp-content\/uploads\/2021\/03\/Prime-Minister-Mia-Amor-Mottley-300x200.jpg","medium_large":"https:\/\/ktfnews.com\/wp-content\/uploads\/2021\/03\/Prime-Minister-Mia-Amor-Mottley-768x512.jpg","large":"https:\/\/ktfnews.com\/wp-content\/uploads\/2021\/03\/Prime-Minister-Mia-Amor-Mottley-1024x682.jpg","team-small":"https:\/\/ktfnews.com\/wp-content\/uploads\/2021\/03\/Prime-Minister-Mia-Amor-Mottley-138x162.jpg","team-overview":"https:\/\/ktfnews.com\/wp-content\/uploads\/2021\/03\/Prime-Minister-Mia-Amor-Mottley-200x279.jpg","team-big":"https:\/\/ktfnews.com\/wp-content\/uploads\/2021\/03\/Prime-Minister-Mia-Amor-Mottley-540x270.jpg","two-columns":"https:\/\/ktfnews.com\/wp-content\/uploads\/2021\/03\/Prime-Minister-Mia-Amor-Mottley-379x242.jpg","one-column":"https:\/\/ktfnews.com\/wp-content\/uploads\/2021\/03\/Prime-Minister-Mia-Amor-Mottley-379x242.jpg","mini-square":"https:\/\/ktfnews.com\/wp-content\/uploads\/2021\/03\/Prime-Minister-Mia-Amor-Mottley-70x70.jpg","portfolio-widget-mainpage":"https:\/\/ktfnews.com\/wp-content\/uploads\/2021\/03\/Prime-Minister-Mia-Amor-Mottley-335x195.jpg","portfolio-single-ajax":"https:\/\/ktfnews.com\/wp-content\/uploads\/2021\/03\/Prime-Minister-Mia-Amor-Mottley-670x280.jpg","portfolio-single-big":"https:\/\/ktfnews.com\/wp-content\/uploads\/2021\/03\/Prime-Minister-Mia-Amor-Mottley-685x480.jpg","portfolio-single-small":"https:\/\/ktfnews.com\/wp-content\/uploads\/2021\/03\/Prime-Minister-Mia-Amor-Mottley-685x280.jpg","portfolio-single-full-big":"https:\/\/ktfnews.com\/wp-content\/uploads\/2021\/03\/Prime-Minister-Mia-Amor-Mottley-960x590.jpg","portfolio-single-full-small":"https:\/\/ktfnews.com\/wp-content\/uploads\/2021\/03\/Prime-Minister-Mia-Amor-Mottley-960x250.jpg","gallery-post":"https:\/\/ktfnews.com\/wp-content\/uploads\/2021\/03\/Prime-Minister-Mia-Amor-Mottley-182x126.jpg","gallery-post-smaller":"https:\/\/ktfnews.com\/wp-content\/uploads\/2021\/03\/Prime-Minister-Mia-Amor-Mottley-158x100.jpg","gallery-standard":"https:\/\/ktfnews.com\/wp-content\/uploads\/2021\/03\/Prime-Minister-Mia-Amor-Mottley-257x169.jpg","tooltip-preview":"https:\/\/ktfnews.com\/wp-content\/uploads\/2021\/03\/Prime-Minister-Mia-Amor-Mottley-227x133.jpg","widget-content-slider":"https:\/\/ktfnews.com\/wp-content\/uploads\/2021\/03\/Prime-Minister-Mia-Amor-Mottley-230x137.jpg","post-top-articles":"https:\/\/ktfnews.com\/wp-content\/uploads\/2021\/03\/Prime-Minister-Mia-Amor-Mottley-130x100.jpg","post-single-wide":"https:\/\/ktfnews.com\/wp-content\/uploads\/2021\/03\/Prime-Minister-Mia-Amor-Mottley-595x360.jpg","post-single-wide-nocrop":"https:\/\/ktfnews.com\/wp-content\/uploads\/2021\/03\/Prime-Minister-Mia-Amor-Mottley-595x397.jpg","post-single-wide-mobile":"https:\/\/ktfnews.com\/wp-content\/uploads\/2021\/03\/Prime-Minister-Mia-Amor-Mottley-320x190.jpg","post-single-wide-small":"https:\/\/ktfnews.com\/wp-content\/uploads\/2021\/03\/Prime-Minister-Mia-Amor-Mottley-595x190.jpg","post-single-square":"https:\/\/ktfnews.com\/wp-content\/uploads\/2021\/03\/Prime-Minister-Mia-Amor-Mottley-120x120.jpg","post-single-full-small":"https:\/\/ktfnews.com\/wp-content\/uploads\/2021\/03\/Prime-Minister-Mia-Amor-Mottley-950x360.jpg","post-single-full-big":"https:\/\/ktfnews.com\/wp-content\/uploads\/2021\/03\/Prime-Minister-Mia-Amor-Mottley-950x590.jpg","photo-blog":"https:\/\/ktfnews.com\/wp-content\/uploads\/2021\/03\/Prime-Minister-Mia-Amor-Mottley-768x512.jpg"},"appp_media":null,"yoast_head":"<!-- This site is optimized with the Yoast SEO plugin v17.3 - https:\/\/yoast.com\/wordpress\/plugins\/seo\/ -->\n<meta name=\"robots\" content=\"index, follow, max-snippet:-1, max-image-preview:large, max-video-preview:-1\" \/>\n<link rel=\"canonical\" href=\"https:\/\/ktfnews.com\/1st-march-sundays-will-rest-day-barbados\/\" \/>\n<meta property=\"og:locale\" content=\"es_ES\" \/>\n<meta property=\"og:type\" content=\"article\" \/>\n<meta property=\"og:title\" content=\"[:en]As Of 1st March \u201cSunday\u2019s\u201d Will Be A Rest Day In Barbados[:es]A Partir del 1 de Marzo los &quot;Domingos&quot; Ser\u00e1n un D\u00eda de Descanso en Barbados[:] - KEEP the FAITH\" \/>\n<meta property=\"og:description\" content=\"News 784: El domingo ser\u00e1 un d\u00eda de descanso en Barbados mientras el pa\u00eds se prepara para una reapertura gradual a partir del lunes 1 de marzo de 2021. En un discurso a la naci\u00f3n el pasado jueves por la...\" \/>\n<meta property=\"og:url\" content=\"https:\/\/ktfnews.com\/1st-march-sundays-will-rest-day-barbados\/\" \/>\n<meta property=\"og:site_name\" content=\"KEEP the FAITH\" \/>\n<meta property=\"article:publisher\" content=\"https:\/\/www.facebook.com\/ktfministry\" \/>\n<meta property=\"article:published_time\" content=\"2021-03-08T12:30:24+00:00\" \/>\n<meta property=\"article:modified_time\" content=\"2021-03-08T00:19:14+00:00\" \/>\n<meta property=\"og:image\" content=\"https:\/\/ktfnews.com\/wp-content\/uploads\/2021\/03\/Prime-Minister-Mia-Amor-Mottley.jpg\" \/>\n\t<meta property=\"og:image:width\" content=\"1280\" \/>\n\t<meta property=\"og:image:height\" content=\"853\" \/>\n<meta name=\"twitter:card\" content=\"summary_large_image\" \/>\n<meta name=\"twitter:creator\" content=\"@ktfministry\" \/>\n<meta name=\"twitter:site\" content=\"@ktfministry\" \/>\n<meta name=\"twitter:label1\" content=\"Escrito por\" \/>\n\t<meta name=\"twitter:data1\" content=\"Pastor Hal Mayer\" \/>\n\t<meta name=\"twitter:label2\" content=\"Tiempo de lectura\" \/>\n\t<meta name=\"twitter:data2\" content=\"6 minutos\" \/>\n<script type=\"application\/ld+json\" class=\"yoast-schema-graph\">{\"@context\":\"https:\/\/schema.org\",\"@graph\":[{\"@type\":\"WebSite\",\"@id\":\"https:\/\/ktfnews.com\/#website\",\"url\":\"https:\/\/ktfnews.com\/\",\"name\":\"KEEP the FAITH\",\"description\":\"Preparing you for the final conflict between good and evil.\",\"potentialAction\":[{\"@type\":\"SearchAction\",\"target\":{\"@type\":\"EntryPoint\",\"urlTemplate\":\"https:\/\/ktfnews.com\/?s={search_term_string}\"},\"query-input\":\"required name=search_term_string\"}],\"inLanguage\":\"es\"},{\"@type\":\"ImageObject\",\"@id\":\"https:\/\/ktfnews.com\/1st-march-sundays-will-rest-day-barbados\/#primaryimage\",\"inLanguage\":\"es\",\"url\":\"https:\/\/ktfnews.com\/wp-content\/uploads\/2021\/03\/Prime-Minister-Mia-Amor-Mottley.jpg\",\"contentUrl\":\"https:\/\/ktfnews.com\/wp-content\/uploads\/2021\/03\/Prime-Minister-Mia-Amor-Mottley.jpg\",\"width\":1280,\"height\":853},{\"@type\":\"WebPage\",\"@id\":\"https:\/\/ktfnews.com\/1st-march-sundays-will-rest-day-barbados\/#webpage\",\"url\":\"https:\/\/ktfnews.com\/1st-march-sundays-will-rest-day-barbados\/\",\"name\":\"[:en]As Of 1st March \\u201cSunday\\u2019s\\u201d Will Be A Rest Day In Barbados[:es]A Partir del 1 de Marzo los \\\"Domingos\\\" Ser\\u00e1n un D\\u00eda de Descanso en Barbados[:] - KEEP the FAITH\",\"isPartOf\":{\"@id\":\"https:\/\/ktfnews.com\/#website\"},\"primaryImageOfPage\":{\"@id\":\"https:\/\/ktfnews.com\/1st-march-sundays-will-rest-day-barbados\/#primaryimage\"},\"datePublished\":\"2021-03-08T12:30:24+00:00\",\"dateModified\":\"2021-03-08T00:19:14+00:00\",\"author\":{\"@id\":\"https:\/\/ktfnews.com\/#\/schema\/person\/ba4174513d9169cf8e229b7d8d60410d\"},\"breadcrumb\":{\"@id\":\"https:\/\/ktfnews.com\/1st-march-sundays-will-rest-day-barbados\/#breadcrumb\"},\"inLanguage\":\"es\",\"potentialAction\":[{\"@type\":\"ReadAction\",\"target\":[\"https:\/\/ktfnews.com\/1st-march-sundays-will-rest-day-barbados\/\"]}]},{\"@type\":\"BreadcrumbList\",\"@id\":\"https:\/\/ktfnews.com\/1st-march-sundays-will-rest-day-barbados\/#breadcrumb\",\"itemListElement\":[{\"@type\":\"ListItem\",\"position\":1,\"name\":\"Home\",\"item\":\"https:\/\/ktfnews.com\/\"},{\"@type\":\"ListItem\",\"position\":2,\"name\":\"Briefings\",\"item\":\"https:\/\/ktfnews.com\/category\/briefings\/\"},{\"@type\":\"ListItem\",\"position\":3,\"name\":\"As Of 1st March \\u201cSunday\\u2019s\\u201d Will Be A Rest Day In Barbados\"}]},{\"@type\":\"Person\",\"@id\":\"https:\/\/ktfnews.com\/#\/schema\/person\/ba4174513d9169cf8e229b7d8d60410d\",\"name\":\"Pastor Hal Mayer\",\"image\":{\"@type\":\"ImageObject\",\"@id\":\"https:\/\/ktfnews.com\/#personlogo\",\"inLanguage\":\"es\",\"url\":\"https:\/\/secure.gravatar.com\/avatar\/051bac95ae650254c5a03467b9456599?s=96&d=mm&r=g\",\"contentUrl\":\"https:\/\/secure.gravatar.com\/avatar\/051bac95ae650254c5a03467b9456599?s=96&d=mm&r=g\",\"caption\":\"Pastor Hal Mayer\"},\"description\":\"Pastor Hal Mayer is speaker and director of Keep the Faith Ministry. For the last 20 years Pastor Mayer\\u2019s monthly prophetic analysis on CD and online has revealed the striking evidence of fulfilling prophecy to many thousands of subscribers all over the world. Pastor Mayer\\u2019s background in history and Bible prophecy give him unique insights and perspectives that have blessed many and helped them make a deeper commitment to the Lord. Keep the Faith Ministry helps those who want to keep abreast of fulfilling prophecy and who want to understand and navigate the unique and difficult circumstances of the end-times. Keep the Faith Ministry helps to prepare you for the second coming of Christ. Pastor Mayer is married to Betsy for more than 40 years. They have no children of their own. \\u201cThe times in which we live are thrilling, because the things prophesied in God\\u2019s word are actually coming to pass in this generation,\\u201d says Pastor Mayer. \\u201cIn a time when the distinctive end-time truths of God\\u2019s word are being censored, and life in this world is becoming more and more chaotic, Keep the Faith is a voice of strength and encouragement.\\u201d\",\"url\":\"https:\/\/ktfnews.com\/es\/author\/hal\/\"}]}<\/script>\n<!-- \/ Yoast SEO plugin. -->","yoast_head_json":{"robots":{"index":"index","follow":"follow","max-snippet":"max-snippet:-1","max-image-preview":"max-image-preview:large","max-video-preview":"max-video-preview:-1"},"canonical":"https:\/\/ktfnews.com\/1st-march-sundays-will-rest-day-barbados\/","og_locale":"es_ES","og_type":"article","og_title":"[:en]As Of 1st March \u201cSunday\u2019s\u201d Will Be A Rest Day In Barbados[:es]A Partir del 1 de Marzo los \"Domingos\" Ser\u00e1n un D\u00eda de Descanso en Barbados[:] - KEEP the FAITH","og_description":"News 784: El domingo ser\u00e1 un d\u00eda de descanso en Barbados mientras el pa\u00eds se prepara para una reapertura gradual a partir del lunes 1 de marzo de 2021. En un discurso a la naci\u00f3n el pasado jueves por la...","og_url":"https:\/\/ktfnews.com\/1st-march-sundays-will-rest-day-barbados\/","og_site_name":"KEEP the FAITH","article_publisher":"https:\/\/www.facebook.com\/ktfministry","article_published_time":"2021-03-08T12:30:24+00:00","article_modified_time":"2021-03-08T00:19:14+00:00","og_image":[{"width":1280,"height":853,"url":"https:\/\/ktfnews.com\/wp-content\/uploads\/2021\/03\/Prime-Minister-Mia-Amor-Mottley.jpg","type":"image\/jpeg"}],"twitter_card":"summary_large_image","twitter_creator":"@ktfministry","twitter_site":"@ktfministry","twitter_misc":{"Escrito por":"Pastor Hal Mayer","Tiempo de lectura":"6 minutos"},"schema":{"@context":"https:\/\/schema.org","@graph":[{"@type":"WebSite","@id":"https:\/\/ktfnews.com\/#website","url":"https:\/\/ktfnews.com\/","name":"KEEP the FAITH","description":"Preparing you for the final conflict between good and evil.","potentialAction":[{"@type":"SearchAction","target":{"@type":"EntryPoint","urlTemplate":"https:\/\/ktfnews.com\/?s={search_term_string}"},"query-input":"required name=search_term_string"}],"inLanguage":"es"},{"@type":"ImageObject","@id":"https:\/\/ktfnews.com\/1st-march-sundays-will-rest-day-barbados\/#primaryimage","inLanguage":"es","url":"https:\/\/ktfnews.com\/wp-content\/uploads\/2021\/03\/Prime-Minister-Mia-Amor-Mottley.jpg","contentUrl":"https:\/\/ktfnews.com\/wp-content\/uploads\/2021\/03\/Prime-Minister-Mia-Amor-Mottley.jpg","width":1280,"height":853},{"@type":"WebPage","@id":"https:\/\/ktfnews.com\/1st-march-sundays-will-rest-day-barbados\/#webpage","url":"https:\/\/ktfnews.com\/1st-march-sundays-will-rest-day-barbados\/","name":"[:en]As Of 1st March \u201cSunday\u2019s\u201d Will Be A Rest Day In Barbados[:es]A Partir del 1 de Marzo los \"Domingos\" Ser\u00e1n un D\u00eda de Descanso en Barbados[:] - KEEP the FAITH","isPartOf":{"@id":"https:\/\/ktfnews.com\/#website"},"primaryImageOfPage":{"@id":"https:\/\/ktfnews.com\/1st-march-sundays-will-rest-day-barbados\/#primaryimage"},"datePublished":"2021-03-08T12:30:24+00:00","dateModified":"2021-03-08T00:19:14+00:00","author":{"@id":"https:\/\/ktfnews.com\/#\/schema\/person\/ba4174513d9169cf8e229b7d8d60410d"},"breadcrumb":{"@id":"https:\/\/ktfnews.com\/1st-march-sundays-will-rest-day-barbados\/#breadcrumb"},"inLanguage":"es","potentialAction":[{"@type":"ReadAction","target":["https:\/\/ktfnews.com\/1st-march-sundays-will-rest-day-barbados\/"]}]},{"@type":"BreadcrumbList","@id":"https:\/\/ktfnews.com\/1st-march-sundays-will-rest-day-barbados\/#breadcrumb","itemListElement":[{"@type":"ListItem","position":1,"name":"Home","item":"https:\/\/ktfnews.com\/"},{"@type":"ListItem","position":2,"name":"Briefings","item":"https:\/\/ktfnews.com\/category\/briefings\/"},{"@type":"ListItem","position":3,"name":"As Of 1st March \u201cSunday\u2019s\u201d Will Be A Rest Day In Barbados"}]},{"@type":"Person","@id":"https:\/\/ktfnews.com\/#\/schema\/person\/ba4174513d9169cf8e229b7d8d60410d","name":"Pastor Hal Mayer","image":{"@type":"ImageObject","@id":"https:\/\/ktfnews.com\/#personlogo","inLanguage":"es","url":"https:\/\/secure.gravatar.com\/avatar\/051bac95ae650254c5a03467b9456599?s=96&d=mm&r=g","contentUrl":"https:\/\/secure.gravatar.com\/avatar\/051bac95ae650254c5a03467b9456599?s=96&d=mm&r=g","caption":"Pastor Hal Mayer"},"description":"Pastor Hal Mayer is speaker and director of Keep the Faith Ministry. For the last 20 years Pastor Mayer\u2019s monthly prophetic analysis on CD and online has revealed the striking evidence of fulfilling prophecy to many thousands of subscribers all over the world. Pastor Mayer\u2019s background in history and Bible prophecy give him unique insights and perspectives that have blessed many and helped them make a deeper commitment to the Lord. Keep the Faith Ministry helps those who want to keep abreast of fulfilling prophecy and who want to understand and navigate the unique and difficult circumstances of the end-times. Keep the Faith Ministry helps to prepare you for the second coming of Christ. Pastor Mayer is married to Betsy for more than 40 years. They have no children of their own. \u201cThe times in which we live are thrilling, because the things prophesied in God\u2019s word are actually coming to pass in this generation,\u201d says Pastor Mayer. \u201cIn a time when the distinctive end-time truths of God\u2019s word are being censored, and life in this world is becoming more and more chaotic, Keep the Faith is a voice of strength and encouragement.\u201d","url":"https:\/\/ktfnews.com\/es\/author\/hal\/"}]}},"_links":{"self":[{"href":"https:\/\/ktfnews.com\/es\/wp-json\/wp\/v2\/posts\/21536"}],"collection":[{"href":"https:\/\/ktfnews.com\/es\/wp-json\/wp\/v2\/posts"}],"about":[{"href":"https:\/\/ktfnews.com\/es\/wp-json\/wp\/v2\/types\/post"}],"author":[{"embeddable":true,"href":"https:\/\/ktfnews.com\/es\/wp-json\/wp\/v2\/users\/6"}],"replies":[{"embeddable":true,"href":"https:\/\/ktfnews.com\/es\/wp-json\/wp\/v2\/comments?post=21536"}],"version-history":[{"count":2,"href":"https:\/\/ktfnews.com\/es\/wp-json\/wp\/v2\/posts\/21536\/revisions"}],"predecessor-version":[{"id":21539,"href":"https:\/\/ktfnews.com\/es\/wp-json\/wp\/v2\/posts\/21536\/revisions\/21539"}],"wp:featuredmedia":[{"embeddable":true,"href":"https:\/\/ktfnews.com\/es\/wp-json\/wp\/v2\/media\/21538"}],"wp:attachment":[{"href":"https:\/\/ktfnews.com\/es\/wp-json\/wp\/v2\/media?parent=21536"}],"wp:term":[{"taxonomy":"category","embeddable":true,"href":"https:\/\/ktfnews.com\/es\/wp-json\/wp\/v2\/categories?post=21536"},{"taxonomy":"post_tag","embeddable":true,"href":"https:\/\/ktfnews.com\/es\/wp-json\/wp\/v2\/tags?post=21536"}],"curies":[{"name":"wp","href":"https:\/\/api.w.org\/{rel}","templated":true}]}}