{"id":21342,"date":"2021-02-04T07:30:27","date_gmt":"2021-02-04T12:30:27","guid":{"rendered":"https:\/\/ktfnews.com\/?p=21342"},"modified":"2021-02-04T21:09:09","modified_gmt":"2021-02-05T02:09:09","slug":"french-parliament-considers-internment-camps-muslims","status":"publish","type":"post","link":"https:\/\/ktfnews.com\/es\/french-parliament-considers-internment-camps-muslims\/","title":{"rendered":"El Parlamento Franc\u00e9s Estudia la Posibilidad de Crear \u00abCampos de Internaci\u00f3n\u00bb para Musulmanes"},"content":{"rendered":"<p><i>TRT World<\/i>: Un pol\u00edtico de extrema derecha en la Asamblea Nacional de Francia ha presentado un proyecto de ley que dar\u00eda lugar a \u00abcampos de internaci\u00f3n\u00bb para los musulmanes.<\/p>\n<p>La propuesta de ley presentada por Guillaume Peltier, antiguo miembro del partido de extrema derecha Agrupaci\u00f3n Nacional liderado por Marie Le Pen, que posteriormente se uni\u00f3 a Los Republicanos, un partido liberal-conservador de Francia, ha sido criticada por activistas de derechos humanos.<\/p>\n<p>Si el proyecto se convirtiera en ley, dar\u00eda lugar a la \u00abinternaci\u00f3n\u00bb de los ciudadanos franceses que figuran en las llamadas listas de vigilancia de la radicalizaci\u00f3n y los enviar\u00eda oficialmente a \u00abcentros de detenci\u00f3n administrativa\u00bb.<\/p>\n<p>Un defensor de los derechos humanos franc\u00e9s advirti\u00f3 que los escalofriantes comentarios de Peltier sobre la radicalizaci\u00f3n ni siquiera se definen en el proyecto de ley y que los legisladores han tenido problemas para encontrar una definici\u00f3n pr\u00e1ctica en el pasado.<\/p>\n<p>Las recientes redadas policiales en hogares musulmanes ponen en duda que las autoridades francesas puedan aplicar la ley de forma responsable o que conduzca a una pendiente resbaladiza que haga que los musulmanes que no est\u00e9n de acuerdo con el gobierno sean etiquetados como radicales y extremistas.<\/p>\n<p>Seg\u00fan Peltier, Francia ya controla a m\u00e1s de 22.000 personas que est\u00e1n en una lista de vigilancia de la radicalizaci\u00f3n.<\/p>\n<p>Francia no recoge estad\u00edsticas sobre el origen religioso de las personas que vigila, pero el discurso de Peltier no dej\u00f3 lugar a dudas de que cree que la nueva ley est\u00e1 dirigida a los musulmanes.<\/p>\n<p>Todav\u00eda no est\u00e1 claro cu\u00e1ndo y si el proyecto se convertir\u00e1 en ley, sin embargo, las recientes medidas francesas contra su poblaci\u00f3n musulmana han provocado la condena internacional.<\/p>\n<p>El ministro del Interior del pa\u00eds, Gerald Darmanin, anunci\u00f3 recientemente que el Estado comenzar\u00e1 a vigilar y controlar 76 lugares de culto musulmanes, de los cuales 16 estar\u00e1n en la regi\u00f3n de Par\u00eds y el resto en otras partes de Francia. Se prev\u00e9 el cierre de algunas mezquitas.<\/p>\n<p>Las medidas se han descrito como \u00abmasivas y sin precedentes\u00bb.<\/p>\n<p>Darmanin tambi\u00e9n ha anunciado planes para cerrar el grupo de informaci\u00f3n contra la islamofobia del pa\u00eds, lo que Human Rights Watch ha condenado como una medida que \u00abcorre el riesgo de estigmatizar a\u00fan m\u00e1s a los musulmanes en Francia.\u00bb<\/p>\n<p>El enviado de EE.UU. para la libertad religiosa, Sam Brownback, dijo recientemente sobre la situaci\u00f3n en Francia \u00abEstoy preocupado, por supuesto, por lo que est\u00e1 pasando en Francia\u00bb, refiri\u00e9ndose a las medidas cada vez m\u00e1s draconianas que est\u00e1n tomando los funcionarios franceses.<\/p>\n<p>\u00abPuede haber un di\u00e1logo constructivo que puede, creo, ser \u00fatil\u00bb, pero \u00abcuando se es demasiado represivo, la situaci\u00f3n puede empeorar\u00bb, advirti\u00f3.<\/p>\n<p>Recientemente, Francia fue testigo de varios atentados en el espacio de unas pocas semanas tras la reedici\u00f3n de una caricatura despectiva del profeta Mahoma bajo el pretexto de la libertad de expresi\u00f3n.<\/p>\n<p>Nuestro comentario:<br \/>\n\u00bfSe utilizar\u00e1n los campos de internaci\u00f3n contra los guardadores del s\u00e1bado cuando los hayan demonizado lo suficiente?<\/p>\n<p>Conexi\u00f3n Prof\u00e9tica:<br \/>\n\u201cPero muchos seres humanos de todas las naciones y de todas clases, grandes y peque\u00f1os ricos y pobres, negros y blancos, ser\u00e1n arrojados en la m\u00e1s injusta y cruel servidumbre. Los amados de Dios pasar\u00e1n d\u00edas penosos, encadenados, encerrados en c\u00e1rceles, sentenciados a muerte, algunos abandonados adrede para morir de hambre y sed en sombr\u00edos y repugnantes calabozos. Ning\u00fan o\u00eddo humano escuchar\u00e1 sus lamentos; ninguna mano humana se aprontar\u00e1 a socorrerlos.\u201d <i>El Conflicto de los Siglos<\/i>, p\u00e1g.684.<\/p>\n<hr>\n<h3>Source References<\/h3>\n<ul>\n<li>\n<h5><a href=\"https:\/\/www.trtworld.com\/magazine\/french-parliament-considers-internment-camps-for-muslims-42202\" target=\"_blank\">French Parliament considers \u2018internment camps\u2019 for Muslims<\/a><\/h5>\n<\/li>\n<\/ul>\n<p><\/p>\n<!-- AddThis Advanced Settings generic via filter on the_content -->","protected":false},"excerpt":{"rendered":"<p>TRT World: Un pol\u00edtico de extrema derecha en la Asamblea Nacional de Francia ha presentado un proyecto de ley que dar\u00eda lugar a \u00abcampos de internaci\u00f3n\u00bb para los musulmanes. La propuesta de ley presentada por Guillaume Peltier, antiguo miembro del&#8230;<!-- AddThis Advanced Settings generic via filter on wp_trim_excerpt --><\/p>\n","protected":false},"author":6,"featured_media":21343,"comment_status":"open","ping_status":"open","sticky":false,"template":"","format":"standard","meta":{"episode_type":"","audio_file":"","duration":"","filesize":"","date_recorded":"","explicit":"","block":"","filesize_raw":"","_FSMCFIC_featured_image_caption":"Image: Karsten Winegeart on Unsplash.com","_FSMCFIC_featured_image_nocaption":null,"_FSMCFIC_featured_image_hide":null,"_links_to":"","_links_to_target":""},"categories":[722,32],"tags":[2569,888,377,887,1823,920,476,950],"featured_image_urls":{"thumbnail":"https:\/\/ktfnews.com\/wp-content\/uploads\/2021\/02\/karsten-winegeart-odeopNXzGNk-unsplash-150x150.jpg","medium":"https:\/\/ktfnews.com\/wp-content\/uploads\/2021\/02\/karsten-winegeart-odeopNXzGNk-unsplash-300x200.jpg","medium_large":"https:\/\/ktfnews.com\/wp-content\/uploads\/2021\/02\/karsten-winegeart-odeopNXzGNk-unsplash-768x513.jpg","large":"https:\/\/ktfnews.com\/wp-content\/uploads\/2021\/02\/karsten-winegeart-odeopNXzGNk-unsplash-1024x683.jpg","team-small":"https:\/\/ktfnews.com\/wp-content\/uploads\/2021\/02\/karsten-winegeart-odeopNXzGNk-unsplash-138x162.jpg","team-overview":"https:\/\/ktfnews.com\/wp-content\/uploads\/2021\/02\/karsten-winegeart-odeopNXzGNk-unsplash-200x279.jpg","team-big":"https:\/\/ktfnews.com\/wp-content\/uploads\/2021\/02\/karsten-winegeart-odeopNXzGNk-unsplash-540x270.jpg","two-columns":"https:\/\/ktfnews.com\/wp-content\/uploads\/2021\/02\/karsten-winegeart-odeopNXzGNk-unsplash-379x242.jpg","one-column":"https:\/\/ktfnews.com\/wp-content\/uploads\/2021\/02\/karsten-winegeart-odeopNXzGNk-unsplash-379x242.jpg","mini-square":"https:\/\/ktfnews.com\/wp-content\/uploads\/2021\/02\/karsten-winegeart-odeopNXzGNk-unsplash-70x70.jpg","portfolio-widget-mainpage":"https:\/\/ktfnews.com\/wp-content\/uploads\/2021\/02\/karsten-winegeart-odeopNXzGNk-unsplash-335x195.jpg","portfolio-single-ajax":"https:\/\/ktfnews.com\/wp-content\/uploads\/2021\/02\/karsten-winegeart-odeopNXzGNk-unsplash-670x280.jpg","portfolio-single-big":"https:\/\/ktfnews.com\/wp-content\/uploads\/2021\/02\/karsten-winegeart-odeopNXzGNk-unsplash-685x480.jpg","portfolio-single-small":"https:\/\/ktfnews.com\/wp-content\/uploads\/2021\/02\/karsten-winegeart-odeopNXzGNk-unsplash-685x280.jpg","portfolio-single-full-big":"https:\/\/ktfnews.com\/wp-content\/uploads\/2021\/02\/karsten-winegeart-odeopNXzGNk-unsplash-960x590.jpg","portfolio-single-full-small":"https:\/\/ktfnews.com\/wp-content\/uploads\/2021\/02\/karsten-winegeart-odeopNXzGNk-unsplash-960x250.jpg","gallery-post":"https:\/\/ktfnews.com\/wp-content\/uploads\/2021\/02\/karsten-winegeart-odeopNXzGNk-unsplash-182x126.jpg","gallery-post-smaller":"https:\/\/ktfnews.com\/wp-content\/uploads\/2021\/02\/karsten-winegeart-odeopNXzGNk-unsplash-158x100.jpg","gallery-standard":"https:\/\/ktfnews.com\/wp-content\/uploads\/2021\/02\/karsten-winegeart-odeopNXzGNk-unsplash-257x169.jpg","tooltip-preview":"https:\/\/ktfnews.com\/wp-content\/uploads\/2021\/02\/karsten-winegeart-odeopNXzGNk-unsplash-227x133.jpg","widget-content-slider":"https:\/\/ktfnews.com\/wp-content\/uploads\/2021\/02\/karsten-winegeart-odeopNXzGNk-unsplash-230x137.jpg","post-top-articles":"https:\/\/ktfnews.com\/wp-content\/uploads\/2021\/02\/karsten-winegeart-odeopNXzGNk-unsplash-130x100.jpg","post-single-wide":"https:\/\/ktfnews.com\/wp-content\/uploads\/2021\/02\/karsten-winegeart-odeopNXzGNk-unsplash-595x360.jpg","post-single-wide-nocrop":"https:\/\/ktfnews.com\/wp-content\/uploads\/2021\/02\/karsten-winegeart-odeopNXzGNk-unsplash-595x397.jpg","post-single-wide-mobile":"https:\/\/ktfnews.com\/wp-content\/uploads\/2021\/02\/karsten-winegeart-odeopNXzGNk-unsplash-320x190.jpg","post-single-wide-small":"https:\/\/ktfnews.com\/wp-content\/uploads\/2021\/02\/karsten-winegeart-odeopNXzGNk-unsplash-595x190.jpg","post-single-square":"https:\/\/ktfnews.com\/wp-content\/uploads\/2021\/02\/karsten-winegeart-odeopNXzGNk-unsplash-120x120.jpg","post-single-full-small":"https:\/\/ktfnews.com\/wp-content\/uploads\/2021\/02\/karsten-winegeart-odeopNXzGNk-unsplash-950x360.jpg","post-single-full-big":"https:\/\/ktfnews.com\/wp-content\/uploads\/2021\/02\/karsten-winegeart-odeopNXzGNk-unsplash-950x590.jpg","photo-blog":"https:\/\/ktfnews.com\/wp-content\/uploads\/2021\/02\/karsten-winegeart-odeopNXzGNk-unsplash-768x513.jpg"},"appp_media":null,"yoast_head":"<!-- This site is optimized with the Yoast SEO plugin v17.3 - https:\/\/yoast.com\/wordpress\/plugins\/seo\/ -->\n<meta name=\"robots\" content=\"index, follow, max-snippet:-1, max-image-preview:large, max-video-preview:-1\" \/>\n<link rel=\"canonical\" href=\"https:\/\/ktfnews.com\/es\/french-parliament-considers-internment-camps-muslims\/\" \/>\n<meta property=\"og:locale\" content=\"es_ES\" \/>\n<meta property=\"og:type\" content=\"article\" \/>\n<meta property=\"og:title\" content=\"[:en]French Parliament considers \u2018internment camps\u2019 for Muslims[:es]El Parlamento Franc\u00e9s Estudia la Posibilidad de Crear &quot;Campos de Internaci\u00f3n&quot; para Musulmanes[:] - KEEP the FAITH\" \/>\n<meta property=\"og:description\" content=\"TRT World: Un pol\u00edtico de extrema derecha en la Asamblea Nacional de Francia ha presentado un proyecto de ley que dar\u00eda lugar a \u00abcampos de internaci\u00f3n\u00bb para los musulmanes. La propuesta de ley presentada por Guillaume Peltier, antiguo miembro del...\" \/>\n<meta property=\"og:url\" content=\"https:\/\/ktfnews.com\/es\/french-parliament-considers-internment-camps-muslims\/\" \/>\n<meta property=\"og:site_name\" content=\"KEEP the FAITH\" \/>\n<meta property=\"article:publisher\" content=\"https:\/\/www.facebook.com\/ktfministry\" \/>\n<meta property=\"article:published_time\" content=\"2021-02-04T12:30:27+00:00\" \/>\n<meta property=\"article:modified_time\" content=\"2021-02-05T02:09:09+00:00\" \/>\n<meta property=\"og:image\" content=\"https:\/\/ktfnews.com\/wp-content\/uploads\/2021\/02\/karsten-winegeart-odeopNXzGNk-unsplash.jpg\" \/>\n\t<meta property=\"og:image:width\" content=\"1296\" \/>\n\t<meta property=\"og:image:height\" content=\"865\" \/>\n<meta name=\"twitter:card\" content=\"summary_large_image\" \/>\n<meta name=\"twitter:creator\" content=\"@ktfministry\" \/>\n<meta name=\"twitter:site\" content=\"@ktfministry\" \/>\n<meta name=\"twitter:label1\" content=\"Escrito por\" \/>\n\t<meta name=\"twitter:data1\" content=\"Pastor Hal Mayer\" \/>\n\t<meta name=\"twitter:label2\" content=\"Tiempo de lectura\" \/>\n\t<meta name=\"twitter:data2\" content=\"6 minutos\" \/>\n<script type=\"application\/ld+json\" class=\"yoast-schema-graph\">{\"@context\":\"https:\/\/schema.org\",\"@graph\":[{\"@type\":\"WebSite\",\"@id\":\"https:\/\/ktfnews.com\/#website\",\"url\":\"https:\/\/ktfnews.com\/\",\"name\":\"KEEP the FAITH\",\"description\":\"Preparing you for the final conflict between good and evil.\",\"potentialAction\":[{\"@type\":\"SearchAction\",\"target\":{\"@type\":\"EntryPoint\",\"urlTemplate\":\"https:\/\/ktfnews.com\/?s={search_term_string}\"},\"query-input\":\"required name=search_term_string\"}],\"inLanguage\":\"es\"},{\"@type\":\"ImageObject\",\"@id\":\"https:\/\/ktfnews.com\/es\/french-parliament-considers-internment-camps-muslims\/#primaryimage\",\"inLanguage\":\"es\",\"url\":\"https:\/\/ktfnews.com\/wp-content\/uploads\/2021\/02\/karsten-winegeart-odeopNXzGNk-unsplash.jpg\",\"contentUrl\":\"https:\/\/ktfnews.com\/wp-content\/uploads\/2021\/02\/karsten-winegeart-odeopNXzGNk-unsplash.jpg\",\"width\":1296,\"height\":865},{\"@type\":\"WebPage\",\"@id\":\"https:\/\/ktfnews.com\/es\/french-parliament-considers-internment-camps-muslims\/#webpage\",\"url\":\"https:\/\/ktfnews.com\/es\/french-parliament-considers-internment-camps-muslims\/\",\"name\":\"[:en]French Parliament considers \\u2018internment camps\\u2019 for Muslims[:es]El Parlamento Franc\\u00e9s Estudia la Posibilidad de Crear \\\"Campos de Internaci\\u00f3n\\\" para Musulmanes[:] - KEEP the FAITH\",\"isPartOf\":{\"@id\":\"https:\/\/ktfnews.com\/#website\"},\"primaryImageOfPage\":{\"@id\":\"https:\/\/ktfnews.com\/es\/french-parliament-considers-internment-camps-muslims\/#primaryimage\"},\"datePublished\":\"2021-02-04T12:30:27+00:00\",\"dateModified\":\"2021-02-05T02:09:09+00:00\",\"author\":{\"@id\":\"https:\/\/ktfnews.com\/#\/schema\/person\/ba4174513d9169cf8e229b7d8d60410d\"},\"breadcrumb\":{\"@id\":\"https:\/\/ktfnews.com\/es\/french-parliament-considers-internment-camps-muslims\/#breadcrumb\"},\"inLanguage\":\"es\",\"potentialAction\":[{\"@type\":\"ReadAction\",\"target\":[\"https:\/\/ktfnews.com\/es\/french-parliament-considers-internment-camps-muslims\/\"]}]},{\"@type\":\"BreadcrumbList\",\"@id\":\"https:\/\/ktfnews.com\/es\/french-parliament-considers-internment-camps-muslims\/#breadcrumb\",\"itemListElement\":[{\"@type\":\"ListItem\",\"position\":1,\"name\":\"Home\",\"item\":\"https:\/\/ktfnews.com\/\"},{\"@type\":\"ListItem\",\"position\":2,\"name\":\"Briefings\",\"item\":\"https:\/\/ktfnews.com\/category\/briefings\/\"},{\"@type\":\"ListItem\",\"position\":3,\"name\":\"French Parliament considers \\u2018internment camps\\u2019 for Muslims\"}]},{\"@type\":\"Person\",\"@id\":\"https:\/\/ktfnews.com\/#\/schema\/person\/ba4174513d9169cf8e229b7d8d60410d\",\"name\":\"Pastor Hal Mayer\",\"image\":{\"@type\":\"ImageObject\",\"@id\":\"https:\/\/ktfnews.com\/#personlogo\",\"inLanguage\":\"es\",\"url\":\"https:\/\/secure.gravatar.com\/avatar\/051bac95ae650254c5a03467b9456599?s=96&d=mm&r=g\",\"contentUrl\":\"https:\/\/secure.gravatar.com\/avatar\/051bac95ae650254c5a03467b9456599?s=96&d=mm&r=g\",\"caption\":\"Pastor Hal Mayer\"},\"description\":\"Pastor Hal Mayer is speaker and director of Keep the Faith Ministry. For the last 20 years Pastor Mayer\\u2019s monthly prophetic analysis on CD and online has revealed the striking evidence of fulfilling prophecy to many thousands of subscribers all over the world. Pastor Mayer\\u2019s background in history and Bible prophecy give him unique insights and perspectives that have blessed many and helped them make a deeper commitment to the Lord. Keep the Faith Ministry helps those who want to keep abreast of fulfilling prophecy and who want to understand and navigate the unique and difficult circumstances of the end-times. Keep the Faith Ministry helps to prepare you for the second coming of Christ. Pastor Mayer is married to Betsy for more than 40 years. They have no children of their own. \\u201cThe times in which we live are thrilling, because the things prophesied in God\\u2019s word are actually coming to pass in this generation,\\u201d says Pastor Mayer. \\u201cIn a time when the distinctive end-time truths of God\\u2019s word are being censored, and life in this world is becoming more and more chaotic, Keep the Faith is a voice of strength and encouragement.\\u201d\",\"url\":\"https:\/\/ktfnews.com\/es\/author\/hal\/\"}]}<\/script>\n<!-- \/ Yoast SEO plugin. -->","yoast_head_json":{"robots":{"index":"index","follow":"follow","max-snippet":"max-snippet:-1","max-image-preview":"max-image-preview:large","max-video-preview":"max-video-preview:-1"},"canonical":"https:\/\/ktfnews.com\/es\/french-parliament-considers-internment-camps-muslims\/","og_locale":"es_ES","og_type":"article","og_title":"[:en]French Parliament considers \u2018internment camps\u2019 for Muslims[:es]El Parlamento Franc\u00e9s Estudia la Posibilidad de Crear \"Campos de Internaci\u00f3n\" para Musulmanes[:] - KEEP the FAITH","og_description":"TRT World: Un pol\u00edtico de extrema derecha en la Asamblea Nacional de Francia ha presentado un proyecto de ley que dar\u00eda lugar a \u00abcampos de internaci\u00f3n\u00bb para los musulmanes. La propuesta de ley presentada por Guillaume Peltier, antiguo miembro del...","og_url":"https:\/\/ktfnews.com\/es\/french-parliament-considers-internment-camps-muslims\/","og_site_name":"KEEP the FAITH","article_publisher":"https:\/\/www.facebook.com\/ktfministry","article_published_time":"2021-02-04T12:30:27+00:00","article_modified_time":"2021-02-05T02:09:09+00:00","og_image":[{"width":1296,"height":865,"url":"https:\/\/ktfnews.com\/wp-content\/uploads\/2021\/02\/karsten-winegeart-odeopNXzGNk-unsplash.jpg","type":"image\/jpeg"}],"twitter_card":"summary_large_image","twitter_creator":"@ktfministry","twitter_site":"@ktfministry","twitter_misc":{"Escrito por":"Pastor Hal Mayer","Tiempo de lectura":"6 minutos"},"schema":{"@context":"https:\/\/schema.org","@graph":[{"@type":"WebSite","@id":"https:\/\/ktfnews.com\/#website","url":"https:\/\/ktfnews.com\/","name":"KEEP the FAITH","description":"Preparing you for the final conflict between good and evil.","potentialAction":[{"@type":"SearchAction","target":{"@type":"EntryPoint","urlTemplate":"https:\/\/ktfnews.com\/?s={search_term_string}"},"query-input":"required name=search_term_string"}],"inLanguage":"es"},{"@type":"ImageObject","@id":"https:\/\/ktfnews.com\/es\/french-parliament-considers-internment-camps-muslims\/#primaryimage","inLanguage":"es","url":"https:\/\/ktfnews.com\/wp-content\/uploads\/2021\/02\/karsten-winegeart-odeopNXzGNk-unsplash.jpg","contentUrl":"https:\/\/ktfnews.com\/wp-content\/uploads\/2021\/02\/karsten-winegeart-odeopNXzGNk-unsplash.jpg","width":1296,"height":865},{"@type":"WebPage","@id":"https:\/\/ktfnews.com\/es\/french-parliament-considers-internment-camps-muslims\/#webpage","url":"https:\/\/ktfnews.com\/es\/french-parliament-considers-internment-camps-muslims\/","name":"[:en]French Parliament considers \u2018internment camps\u2019 for Muslims[:es]El Parlamento Franc\u00e9s Estudia la Posibilidad de Crear \"Campos de Internaci\u00f3n\" para Musulmanes[:] - KEEP the FAITH","isPartOf":{"@id":"https:\/\/ktfnews.com\/#website"},"primaryImageOfPage":{"@id":"https:\/\/ktfnews.com\/es\/french-parliament-considers-internment-camps-muslims\/#primaryimage"},"datePublished":"2021-02-04T12:30:27+00:00","dateModified":"2021-02-05T02:09:09+00:00","author":{"@id":"https:\/\/ktfnews.com\/#\/schema\/person\/ba4174513d9169cf8e229b7d8d60410d"},"breadcrumb":{"@id":"https:\/\/ktfnews.com\/es\/french-parliament-considers-internment-camps-muslims\/#breadcrumb"},"inLanguage":"es","potentialAction":[{"@type":"ReadAction","target":["https:\/\/ktfnews.com\/es\/french-parliament-considers-internment-camps-muslims\/"]}]},{"@type":"BreadcrumbList","@id":"https:\/\/ktfnews.com\/es\/french-parliament-considers-internment-camps-muslims\/#breadcrumb","itemListElement":[{"@type":"ListItem","position":1,"name":"Home","item":"https:\/\/ktfnews.com\/"},{"@type":"ListItem","position":2,"name":"Briefings","item":"https:\/\/ktfnews.com\/category\/briefings\/"},{"@type":"ListItem","position":3,"name":"French Parliament considers \u2018internment camps\u2019 for Muslims"}]},{"@type":"Person","@id":"https:\/\/ktfnews.com\/#\/schema\/person\/ba4174513d9169cf8e229b7d8d60410d","name":"Pastor Hal Mayer","image":{"@type":"ImageObject","@id":"https:\/\/ktfnews.com\/#personlogo","inLanguage":"es","url":"https:\/\/secure.gravatar.com\/avatar\/051bac95ae650254c5a03467b9456599?s=96&d=mm&r=g","contentUrl":"https:\/\/secure.gravatar.com\/avatar\/051bac95ae650254c5a03467b9456599?s=96&d=mm&r=g","caption":"Pastor Hal Mayer"},"description":"Pastor Hal Mayer is speaker and director of Keep the Faith Ministry. For the last 20 years Pastor Mayer\u2019s monthly prophetic analysis on CD and online has revealed the striking evidence of fulfilling prophecy to many thousands of subscribers all over the world. Pastor Mayer\u2019s background in history and Bible prophecy give him unique insights and perspectives that have blessed many and helped them make a deeper commitment to the Lord. Keep the Faith Ministry helps those who want to keep abreast of fulfilling prophecy and who want to understand and navigate the unique and difficult circumstances of the end-times. Keep the Faith Ministry helps to prepare you for the second coming of Christ. Pastor Mayer is married to Betsy for more than 40 years. They have no children of their own. \u201cThe times in which we live are thrilling, because the things prophesied in God\u2019s word are actually coming to pass in this generation,\u201d says Pastor Mayer. \u201cIn a time when the distinctive end-time truths of God\u2019s word are being censored, and life in this world is becoming more and more chaotic, Keep the Faith is a voice of strength and encouragement.\u201d","url":"https:\/\/ktfnews.com\/es\/author\/hal\/"}]}},"_links":{"self":[{"href":"https:\/\/ktfnews.com\/es\/wp-json\/wp\/v2\/posts\/21342"}],"collection":[{"href":"https:\/\/ktfnews.com\/es\/wp-json\/wp\/v2\/posts"}],"about":[{"href":"https:\/\/ktfnews.com\/es\/wp-json\/wp\/v2\/types\/post"}],"author":[{"embeddable":true,"href":"https:\/\/ktfnews.com\/es\/wp-json\/wp\/v2\/users\/6"}],"replies":[{"embeddable":true,"href":"https:\/\/ktfnews.com\/es\/wp-json\/wp\/v2\/comments?post=21342"}],"version-history":[{"count":2,"href":"https:\/\/ktfnews.com\/es\/wp-json\/wp\/v2\/posts\/21342\/revisions"}],"predecessor-version":[{"id":21356,"href":"https:\/\/ktfnews.com\/es\/wp-json\/wp\/v2\/posts\/21342\/revisions\/21356"}],"wp:featuredmedia":[{"embeddable":true,"href":"https:\/\/ktfnews.com\/es\/wp-json\/wp\/v2\/media\/21343"}],"wp:attachment":[{"href":"https:\/\/ktfnews.com\/es\/wp-json\/wp\/v2\/media?parent=21342"}],"wp:term":[{"taxonomy":"category","embeddable":true,"href":"https:\/\/ktfnews.com\/es\/wp-json\/wp\/v2\/categories?post=21342"},{"taxonomy":"post_tag","embeddable":true,"href":"https:\/\/ktfnews.com\/es\/wp-json\/wp\/v2\/tags?post=21342"}],"curies":[{"name":"wp","href":"https:\/\/api.w.org\/{rel}","templated":true}]}}