{"id":21295,"date":"2021-01-29T07:30:02","date_gmt":"2021-01-29T12:30:02","guid":{"rendered":"https:\/\/ktfnews.com\/?p=21295"},"modified":"2021-01-28T21:14:55","modified_gmt":"2021-01-29T02:14:55","slug":"jesuit-fr-leo-odonovan-deliver-invocation-biden-inauguration","status":"publish","type":"post","link":"https:\/\/ktfnews.com\/es\/jesuit-fr-leo-odonovan-deliver-invocation-biden-inauguration\/","title":{"rendered":"El Jesuita P. Leo O&#8217;Donovan Pronunciar\u00e1 la Invocaci\u00f3n en la Asunci\u00f3n de Biden"},"content":{"rendered":"<p><i>National Catholic Reporter<\/i>, por Christopher White: El jesuita P. Leo O&#8217;Donovan, ex presidente de la Universidad de Georgetown, pronunciar\u00e1 la invocaci\u00f3n en la asunci\u00f3n presidencial de Joe Biden el 20 de enero.<\/p>\n<p>O&#8217;Donovan confirm\u00f3 a NCR que Biden lo hab\u00eda llamado personalmente y lo hab\u00eda invitado a ofrecer la oraci\u00f3n en la asunci\u00f3n del cargo, que marcar\u00e1 la elecci\u00f3n del segundo presidente cat\u00f3lico de la naci\u00f3n, y que hab\u00eda aceptado.<\/p>\n<p>O&#8217;Donovan es un viejo amigo de la familia Biden. En 2015, presidi\u00f3 la misa de funeral del hijo mayor de Biden, Beau, despu\u00e9s de que \u00e9ste muriera de c\u00e1ncer cerebral a los 46 a\u00f1os.<\/p>\n<p>Se sabe que Biden tiene una estrecha relaci\u00f3n con varios sacerdotes jesuitas y, mientras era vicepresidente, asist\u00eda ocasionalmente a la misa en la iglesia cat\u00f3lica de la Sant\u00edsima Trinidad en Georgetown. En 1992, cuando el hijo de Biden, Hunter, cursaba el \u00faltimo a\u00f1o en Georgetown, O&#8217;Donovan invit\u00f3 al entonces senador de Delaware a dar una conferencia en la universidad jesuita sobre su fe y su vida p\u00fablica. Biden le dijo a O&#8217;Donovan en ese momento que era la \u00abtarea m\u00e1s dif\u00edcil que hab\u00eda tenido\u00bb.<\/p>\n<p>M\u00e1s recientemente, apenas unos d\u00edas despu\u00e9s de su elecci\u00f3n presidencial, el 12 de noviembre, Biden apareci\u00f3 en una recaudaci\u00f3n de fondos virtual para el Servicio Jesuita a Refugiados, donde O&#8217;Donovan sirve ahora como director de misi\u00f3n. En esa ocasi\u00f3n, Biden anunci\u00f3 que elevar\u00eda el objetivo de admisi\u00f3n anual de nuevos refugiados en Estados Unidos a 125.000, lo que supondr\u00eda un fuerte incremento respecto al tope de 15.000 individuos establecido por la administraci\u00f3n Trump.<\/p>\n<p>Anteriormente, en 2018, Biden escribi\u00f3 el pr\u00f3logo del libro de O&#8217;Donovan, Blessed Are the Refugees: Bienaventurados los Ni\u00f1os Inmigrantes.<\/p>\n<p>Los cat\u00f3licos tienen una larga historia de participaci\u00f3n en las oraciones de los actos inaugurales. En 1937, el padre John Ryan ofreci\u00f3 la bendici\u00f3n en la toma de posesi\u00f3n del presidente Franklin D. Roosevelt. El cardenal Richard Cushing de Boston ofreci\u00f3 la invocaci\u00f3n en la toma de posesi\u00f3n del primer presidente cat\u00f3lico de la naci\u00f3n, John F. Kennedy, en 1961. M\u00e1s recientemente, en 2017, el cardenal Timothy Dolan de Nueva York ofreci\u00f3 una lectura de las Escrituras en la toma de posesi\u00f3n del presidente Donald Trump.<\/p>\n<p>Aunque todav\u00eda no se han anunciado otros detalles espec\u00edficos de la alineaci\u00f3n de oradores en los actos de asunci\u00f3n, el equipo de transici\u00f3n de Biden-Harris anunci\u00f3 el mes pasado que primero habr\u00e1 una ceremonia en honor a las vidas perdidas por el COVID-19, que incluir\u00e1 el toque de campanas de la iglesia en todo Washington, D.C.<\/p>\n<p>Conexi\u00f3n Prof\u00e9tica:<br \/>\n\u201cEra un principio fundamental de la orden, que el fin justifica los medios. Seg\u00fan dicho principio, la mentira, el robo, el perjurio y el asesinato, no s\u00f3lo eran perdonables, sino dignos de ser recomendados, siempre que sirvieran los intereses de la iglesia. Con muy diversos disfraces se introduc\u00edan los jesu\u00edtas en los puestos del estado, elev\u00e1ndose hasta la categor\u00eda de consejeros de los reyes, y dirigiendo la pol\u00edtica de las naciones.\u201d <i>El Conflicto de los Siglos<\/i>, p\u00e1g. 249.<\/p>\n<hr>\n<h3>Source References<\/h3>\n<ul>\n<li>\n<h5><a href=\"https:\/\/www.ncronline.org\/news\/people\/jesuit-fr-leo-odonovan-deliver-invocation-biden-inauguration\" target=\"_blank\">Jesuit Fr. Leo O&#8217;Donovan to deliver invocation at Biden inauguration<\/a><\/h5>\n<\/li>\n<\/ul>\n<p><\/p>\n<!-- AddThis Advanced Settings generic via filter on the_content -->","protected":false},"excerpt":{"rendered":"<p>National Catholic Reporter, por Christopher White: El jesuita P. Leo O&#8217;Donovan, ex presidente de la Universidad de Georgetown, pronunciar\u00e1 la invocaci\u00f3n en la asunci\u00f3n presidencial de Joe Biden el 20 de enero. O&#8217;Donovan confirm\u00f3 a NCR que Biden lo hab\u00eda&#8230;<!-- AddThis Advanced Settings generic via filter on wp_trim_excerpt --><\/p>\n","protected":false},"author":6,"featured_media":21297,"comment_status":"open","ping_status":"open","sticky":false,"template":"","format":"standard","meta":{"episode_type":"","audio_file":"","duration":"","filesize":"","date_recorded":"","explicit":"","block":"","filesize_raw":"","_FSMCFIC_featured_image_caption":"Image: Screenshot from Wall Street Journal YouTube channel. 2021 Inauguration of Joe Biden and Kamala Harris.","_FSMCFIC_featured_image_nocaption":null,"_FSMCFIC_featured_image_hide":null,"_links_to":"","_links_to_target":""},"categories":[722,32],"tags":[138,2065,1252,578,1017,834,118,1467,420],"featured_image_urls":{"thumbnail":"https:\/\/ktfnews.com\/wp-content\/uploads\/2021\/01\/Jesuit-Fr.-Leo-ODonovan-150x150.png","medium":"https:\/\/ktfnews.com\/wp-content\/uploads\/2021\/01\/Jesuit-Fr.-Leo-ODonovan-300x188.png","medium_large":"https:\/\/ktfnews.com\/wp-content\/uploads\/2021\/01\/Jesuit-Fr.-Leo-ODonovan-768x480.png","large":"https:\/\/ktfnews.com\/wp-content\/uploads\/2021\/01\/Jesuit-Fr.-Leo-ODonovan-1024x640.png","team-small":"https:\/\/ktfnews.com\/wp-content\/uploads\/2021\/01\/Jesuit-Fr.-Leo-ODonovan-138x162.png","team-overview":"https:\/\/ktfnews.com\/wp-content\/uploads\/2021\/01\/Jesuit-Fr.-Leo-ODonovan-200x279.png","team-big":"https:\/\/ktfnews.com\/wp-content\/uploads\/2021\/01\/Jesuit-Fr.-Leo-ODonovan-540x270.png","two-columns":"https:\/\/ktfnews.com\/wp-content\/uploads\/2021\/01\/Jesuit-Fr.-Leo-ODonovan-379x242.png","one-column":"https:\/\/ktfnews.com\/wp-content\/uploads\/2021\/01\/Jesuit-Fr.-Leo-ODonovan-379x242.png","mini-square":"https:\/\/ktfnews.com\/wp-content\/uploads\/2021\/01\/Jesuit-Fr.-Leo-ODonovan-70x70.png","portfolio-widget-mainpage":"https:\/\/ktfnews.com\/wp-content\/uploads\/2021\/01\/Jesuit-Fr.-Leo-ODonovan-335x195.png","portfolio-single-ajax":"https:\/\/ktfnews.com\/wp-content\/uploads\/2021\/01\/Jesuit-Fr.-Leo-ODonovan-670x280.png","portfolio-single-big":"https:\/\/ktfnews.com\/wp-content\/uploads\/2021\/01\/Jesuit-Fr.-Leo-ODonovan-685x480.png","portfolio-single-small":"https:\/\/ktfnews.com\/wp-content\/uploads\/2021\/01\/Jesuit-Fr.-Leo-ODonovan-685x280.png","portfolio-single-full-big":"https:\/\/ktfnews.com\/wp-content\/uploads\/2021\/01\/Jesuit-Fr.-Leo-ODonovan-960x590.png","portfolio-single-full-small":"https:\/\/ktfnews.com\/wp-content\/uploads\/2021\/01\/Jesuit-Fr.-Leo-ODonovan-960x250.png","gallery-post":"https:\/\/ktfnews.com\/wp-content\/uploads\/2021\/01\/Jesuit-Fr.-Leo-ODonovan-182x126.png","gallery-post-smaller":"https:\/\/ktfnews.com\/wp-content\/uploads\/2021\/01\/Jesuit-Fr.-Leo-ODonovan-158x100.png","gallery-standard":"https:\/\/ktfnews.com\/wp-content\/uploads\/2021\/01\/Jesuit-Fr.-Leo-ODonovan-257x169.png","tooltip-preview":"https:\/\/ktfnews.com\/wp-content\/uploads\/2021\/01\/Jesuit-Fr.-Leo-ODonovan-227x133.png","widget-content-slider":"https:\/\/ktfnews.com\/wp-content\/uploads\/2021\/01\/Jesuit-Fr.-Leo-ODonovan-230x137.png","post-top-articles":"https:\/\/ktfnews.com\/wp-content\/uploads\/2021\/01\/Jesuit-Fr.-Leo-ODonovan-130x100.png","post-single-wide":"https:\/\/ktfnews.com\/wp-content\/uploads\/2021\/01\/Jesuit-Fr.-Leo-ODonovan-595x360.png","post-single-wide-nocrop":"https:\/\/ktfnews.com\/wp-content\/uploads\/2021\/01\/Jesuit-Fr.-Leo-ODonovan-595x372.png","post-single-wide-mobile":"https:\/\/ktfnews.com\/wp-content\/uploads\/2021\/01\/Jesuit-Fr.-Leo-ODonovan-320x190.png","post-single-wide-small":"https:\/\/ktfnews.com\/wp-content\/uploads\/2021\/01\/Jesuit-Fr.-Leo-ODonovan-595x190.png","post-single-square":"https:\/\/ktfnews.com\/wp-content\/uploads\/2021\/01\/Jesuit-Fr.-Leo-ODonovan-120x120.png","post-single-full-small":"https:\/\/ktfnews.com\/wp-content\/uploads\/2021\/01\/Jesuit-Fr.-Leo-ODonovan-950x360.png","post-single-full-big":"https:\/\/ktfnews.com\/wp-content\/uploads\/2021\/01\/Jesuit-Fr.-Leo-ODonovan-950x590.png","photo-blog":"https:\/\/ktfnews.com\/wp-content\/uploads\/2021\/01\/Jesuit-Fr.-Leo-ODonovan-768x480.png"},"appp_media":null,"yoast_head":"<!-- This site is optimized with the Yoast SEO plugin v17.3 - https:\/\/yoast.com\/wordpress\/plugins\/seo\/ -->\n<meta name=\"robots\" content=\"index, follow, max-snippet:-1, max-image-preview:large, max-video-preview:-1\" \/>\n<link rel=\"canonical\" href=\"https:\/\/ktfnews.com\/es\/jesuit-fr-leo-odonovan-deliver-invocation-biden-inauguration\/\" \/>\n<meta property=\"og:locale\" content=\"es_ES\" \/>\n<meta property=\"og:type\" content=\"article\" \/>\n<meta property=\"og:title\" content=\"[:en]Jesuit Fr. Leo O&#039;Donovan to deliver invocation at Biden inauguration[:es]El Jesuita P. Leo O&#039;Donovan Pronunciar\u00e1 la Invocaci\u00f3n en la Asunci\u00f3n de Biden[:] - KEEP the FAITH\" \/>\n<meta property=\"og:description\" content=\"National Catholic Reporter, por Christopher White: El jesuita P. Leo O&#8217;Donovan, ex presidente de la Universidad de Georgetown, pronunciar\u00e1 la invocaci\u00f3n en la asunci\u00f3n presidencial de Joe Biden el 20 de enero. O&#8217;Donovan confirm\u00f3 a NCR que Biden lo hab\u00eda...\" \/>\n<meta property=\"og:url\" content=\"https:\/\/ktfnews.com\/es\/jesuit-fr-leo-odonovan-deliver-invocation-biden-inauguration\/\" \/>\n<meta property=\"og:site_name\" content=\"KEEP the FAITH\" \/>\n<meta property=\"article:publisher\" content=\"https:\/\/www.facebook.com\/ktfministry\" \/>\n<meta property=\"article:published_time\" content=\"2021-01-29T12:30:02+00:00\" \/>\n<meta property=\"article:modified_time\" content=\"2021-01-29T02:14:55+00:00\" \/>\n<meta property=\"og:image\" content=\"https:\/\/ktfnews.com\/wp-content\/uploads\/2021\/01\/Jesuit-Fr.-Leo-ODonovan.png\" \/>\n\t<meta property=\"og:image:width\" content=\"1584\" \/>\n\t<meta property=\"og:image:height\" content=\"990\" \/>\n<meta name=\"twitter:card\" content=\"summary_large_image\" \/>\n<meta name=\"twitter:creator\" content=\"@ktfministry\" \/>\n<meta name=\"twitter:site\" content=\"@ktfministry\" \/>\n<meta name=\"twitter:label1\" content=\"Escrito por\" \/>\n\t<meta name=\"twitter:data1\" content=\"Pastor Hal Mayer\" \/>\n\t<meta name=\"twitter:label2\" content=\"Tiempo de lectura\" \/>\n\t<meta name=\"twitter:data2\" content=\"5 minutos\" \/>\n<script type=\"application\/ld+json\" class=\"yoast-schema-graph\">{\"@context\":\"https:\/\/schema.org\",\"@graph\":[{\"@type\":\"WebSite\",\"@id\":\"https:\/\/ktfnews.com\/#website\",\"url\":\"https:\/\/ktfnews.com\/\",\"name\":\"KEEP the FAITH\",\"description\":\"Preparing you for the final conflict between good and evil.\",\"potentialAction\":[{\"@type\":\"SearchAction\",\"target\":{\"@type\":\"EntryPoint\",\"urlTemplate\":\"https:\/\/ktfnews.com\/?s={search_term_string}\"},\"query-input\":\"required name=search_term_string\"}],\"inLanguage\":\"es\"},{\"@type\":\"ImageObject\",\"@id\":\"https:\/\/ktfnews.com\/es\/jesuit-fr-leo-odonovan-deliver-invocation-biden-inauguration\/#primaryimage\",\"inLanguage\":\"es\",\"url\":\"https:\/\/ktfnews.com\/wp-content\/uploads\/2021\/01\/Jesuit-Fr.-Leo-ODonovan.png\",\"contentUrl\":\"https:\/\/ktfnews.com\/wp-content\/uploads\/2021\/01\/Jesuit-Fr.-Leo-ODonovan.png\",\"width\":1584,\"height\":990},{\"@type\":\"WebPage\",\"@id\":\"https:\/\/ktfnews.com\/es\/jesuit-fr-leo-odonovan-deliver-invocation-biden-inauguration\/#webpage\",\"url\":\"https:\/\/ktfnews.com\/es\/jesuit-fr-leo-odonovan-deliver-invocation-biden-inauguration\/\",\"name\":\"[:en]Jesuit Fr. Leo O'Donovan to deliver invocation at Biden inauguration[:es]El Jesuita P. Leo O'Donovan Pronunciar\\u00e1 la Invocaci\\u00f3n en la Asunci\\u00f3n de Biden[:] - KEEP the FAITH\",\"isPartOf\":{\"@id\":\"https:\/\/ktfnews.com\/#website\"},\"primaryImageOfPage\":{\"@id\":\"https:\/\/ktfnews.com\/es\/jesuit-fr-leo-odonovan-deliver-invocation-biden-inauguration\/#primaryimage\"},\"datePublished\":\"2021-01-29T12:30:02+00:00\",\"dateModified\":\"2021-01-29T02:14:55+00:00\",\"author\":{\"@id\":\"https:\/\/ktfnews.com\/#\/schema\/person\/ba4174513d9169cf8e229b7d8d60410d\"},\"breadcrumb\":{\"@id\":\"https:\/\/ktfnews.com\/es\/jesuit-fr-leo-odonovan-deliver-invocation-biden-inauguration\/#breadcrumb\"},\"inLanguage\":\"es\",\"potentialAction\":[{\"@type\":\"ReadAction\",\"target\":[\"https:\/\/ktfnews.com\/es\/jesuit-fr-leo-odonovan-deliver-invocation-biden-inauguration\/\"]}]},{\"@type\":\"BreadcrumbList\",\"@id\":\"https:\/\/ktfnews.com\/es\/jesuit-fr-leo-odonovan-deliver-invocation-biden-inauguration\/#breadcrumb\",\"itemListElement\":[{\"@type\":\"ListItem\",\"position\":1,\"name\":\"Home\",\"item\":\"https:\/\/ktfnews.com\/\"},{\"@type\":\"ListItem\",\"position\":2,\"name\":\"Briefings\",\"item\":\"https:\/\/ktfnews.com\/category\/briefings\/\"},{\"@type\":\"ListItem\",\"position\":3,\"name\":\"Prophetic Intelligence Briefings\",\"item\":\"https:\/\/ktfnews.com\/category\/briefings\/news\/\"},{\"@type\":\"ListItem\",\"position\":4,\"name\":\"Jesuit Fr. Leo O&#8217;Donovan to deliver invocation at Biden inauguration\"}]},{\"@type\":\"Person\",\"@id\":\"https:\/\/ktfnews.com\/#\/schema\/person\/ba4174513d9169cf8e229b7d8d60410d\",\"name\":\"Pastor Hal Mayer\",\"image\":{\"@type\":\"ImageObject\",\"@id\":\"https:\/\/ktfnews.com\/#personlogo\",\"inLanguage\":\"es\",\"url\":\"https:\/\/secure.gravatar.com\/avatar\/051bac95ae650254c5a03467b9456599?s=96&d=mm&r=g\",\"contentUrl\":\"https:\/\/secure.gravatar.com\/avatar\/051bac95ae650254c5a03467b9456599?s=96&d=mm&r=g\",\"caption\":\"Pastor Hal Mayer\"},\"description\":\"Pastor Hal Mayer is speaker and director of Keep the Faith Ministry. For the last 20 years Pastor Mayer\\u2019s monthly prophetic analysis on CD and online has revealed the striking evidence of fulfilling prophecy to many thousands of subscribers all over the world. Pastor Mayer\\u2019s background in history and Bible prophecy give him unique insights and perspectives that have blessed many and helped them make a deeper commitment to the Lord. Keep the Faith Ministry helps those who want to keep abreast of fulfilling prophecy and who want to understand and navigate the unique and difficult circumstances of the end-times. Keep the Faith Ministry helps to prepare you for the second coming of Christ. Pastor Mayer is married to Betsy for more than 40 years. They have no children of their own. \\u201cThe times in which we live are thrilling, because the things prophesied in God\\u2019s word are actually coming to pass in this generation,\\u201d says Pastor Mayer. \\u201cIn a time when the distinctive end-time truths of God\\u2019s word are being censored, and life in this world is becoming more and more chaotic, Keep the Faith is a voice of strength and encouragement.\\u201d\",\"url\":\"https:\/\/ktfnews.com\/es\/author\/hal\/\"}]}<\/script>\n<!-- \/ Yoast SEO plugin. -->","yoast_head_json":{"robots":{"index":"index","follow":"follow","max-snippet":"max-snippet:-1","max-image-preview":"max-image-preview:large","max-video-preview":"max-video-preview:-1"},"canonical":"https:\/\/ktfnews.com\/es\/jesuit-fr-leo-odonovan-deliver-invocation-biden-inauguration\/","og_locale":"es_ES","og_type":"article","og_title":"[:en]Jesuit Fr. Leo O'Donovan to deliver invocation at Biden inauguration[:es]El Jesuita P. Leo O'Donovan Pronunciar\u00e1 la Invocaci\u00f3n en la Asunci\u00f3n de Biden[:] - KEEP the FAITH","og_description":"National Catholic Reporter, por Christopher White: El jesuita P. Leo O&#8217;Donovan, ex presidente de la Universidad de Georgetown, pronunciar\u00e1 la invocaci\u00f3n en la asunci\u00f3n presidencial de Joe Biden el 20 de enero. O&#8217;Donovan confirm\u00f3 a NCR que Biden lo hab\u00eda...","og_url":"https:\/\/ktfnews.com\/es\/jesuit-fr-leo-odonovan-deliver-invocation-biden-inauguration\/","og_site_name":"KEEP the FAITH","article_publisher":"https:\/\/www.facebook.com\/ktfministry","article_published_time":"2021-01-29T12:30:02+00:00","article_modified_time":"2021-01-29T02:14:55+00:00","og_image":[{"width":1584,"height":990,"url":"https:\/\/ktfnews.com\/wp-content\/uploads\/2021\/01\/Jesuit-Fr.-Leo-ODonovan.png","type":"image\/png"}],"twitter_card":"summary_large_image","twitter_creator":"@ktfministry","twitter_site":"@ktfministry","twitter_misc":{"Escrito por":"Pastor Hal Mayer","Tiempo de lectura":"5 minutos"},"schema":{"@context":"https:\/\/schema.org","@graph":[{"@type":"WebSite","@id":"https:\/\/ktfnews.com\/#website","url":"https:\/\/ktfnews.com\/","name":"KEEP the FAITH","description":"Preparing you for the final conflict between good and evil.","potentialAction":[{"@type":"SearchAction","target":{"@type":"EntryPoint","urlTemplate":"https:\/\/ktfnews.com\/?s={search_term_string}"},"query-input":"required name=search_term_string"}],"inLanguage":"es"},{"@type":"ImageObject","@id":"https:\/\/ktfnews.com\/es\/jesuit-fr-leo-odonovan-deliver-invocation-biden-inauguration\/#primaryimage","inLanguage":"es","url":"https:\/\/ktfnews.com\/wp-content\/uploads\/2021\/01\/Jesuit-Fr.-Leo-ODonovan.png","contentUrl":"https:\/\/ktfnews.com\/wp-content\/uploads\/2021\/01\/Jesuit-Fr.-Leo-ODonovan.png","width":1584,"height":990},{"@type":"WebPage","@id":"https:\/\/ktfnews.com\/es\/jesuit-fr-leo-odonovan-deliver-invocation-biden-inauguration\/#webpage","url":"https:\/\/ktfnews.com\/es\/jesuit-fr-leo-odonovan-deliver-invocation-biden-inauguration\/","name":"[:en]Jesuit Fr. Leo O'Donovan to deliver invocation at Biden inauguration[:es]El Jesuita P. Leo O'Donovan Pronunciar\u00e1 la Invocaci\u00f3n en la Asunci\u00f3n de Biden[:] - KEEP the FAITH","isPartOf":{"@id":"https:\/\/ktfnews.com\/#website"},"primaryImageOfPage":{"@id":"https:\/\/ktfnews.com\/es\/jesuit-fr-leo-odonovan-deliver-invocation-biden-inauguration\/#primaryimage"},"datePublished":"2021-01-29T12:30:02+00:00","dateModified":"2021-01-29T02:14:55+00:00","author":{"@id":"https:\/\/ktfnews.com\/#\/schema\/person\/ba4174513d9169cf8e229b7d8d60410d"},"breadcrumb":{"@id":"https:\/\/ktfnews.com\/es\/jesuit-fr-leo-odonovan-deliver-invocation-biden-inauguration\/#breadcrumb"},"inLanguage":"es","potentialAction":[{"@type":"ReadAction","target":["https:\/\/ktfnews.com\/es\/jesuit-fr-leo-odonovan-deliver-invocation-biden-inauguration\/"]}]},{"@type":"BreadcrumbList","@id":"https:\/\/ktfnews.com\/es\/jesuit-fr-leo-odonovan-deliver-invocation-biden-inauguration\/#breadcrumb","itemListElement":[{"@type":"ListItem","position":1,"name":"Home","item":"https:\/\/ktfnews.com\/"},{"@type":"ListItem","position":2,"name":"Briefings","item":"https:\/\/ktfnews.com\/category\/briefings\/"},{"@type":"ListItem","position":3,"name":"Prophetic Intelligence Briefings","item":"https:\/\/ktfnews.com\/category\/briefings\/news\/"},{"@type":"ListItem","position":4,"name":"Jesuit Fr. Leo O&#8217;Donovan to deliver invocation at Biden inauguration"}]},{"@type":"Person","@id":"https:\/\/ktfnews.com\/#\/schema\/person\/ba4174513d9169cf8e229b7d8d60410d","name":"Pastor Hal Mayer","image":{"@type":"ImageObject","@id":"https:\/\/ktfnews.com\/#personlogo","inLanguage":"es","url":"https:\/\/secure.gravatar.com\/avatar\/051bac95ae650254c5a03467b9456599?s=96&d=mm&r=g","contentUrl":"https:\/\/secure.gravatar.com\/avatar\/051bac95ae650254c5a03467b9456599?s=96&d=mm&r=g","caption":"Pastor Hal Mayer"},"description":"Pastor Hal Mayer is speaker and director of Keep the Faith Ministry. For the last 20 years Pastor Mayer\u2019s monthly prophetic analysis on CD and online has revealed the striking evidence of fulfilling prophecy to many thousands of subscribers all over the world. Pastor Mayer\u2019s background in history and Bible prophecy give him unique insights and perspectives that have blessed many and helped them make a deeper commitment to the Lord. Keep the Faith Ministry helps those who want to keep abreast of fulfilling prophecy and who want to understand and navigate the unique and difficult circumstances of the end-times. Keep the Faith Ministry helps to prepare you for the second coming of Christ. Pastor Mayer is married to Betsy for more than 40 years. They have no children of their own. \u201cThe times in which we live are thrilling, because the things prophesied in God\u2019s word are actually coming to pass in this generation,\u201d says Pastor Mayer. \u201cIn a time when the distinctive end-time truths of God\u2019s word are being censored, and life in this world is becoming more and more chaotic, Keep the Faith is a voice of strength and encouragement.\u201d","url":"https:\/\/ktfnews.com\/es\/author\/hal\/"}]}},"_links":{"self":[{"href":"https:\/\/ktfnews.com\/es\/wp-json\/wp\/v2\/posts\/21295"}],"collection":[{"href":"https:\/\/ktfnews.com\/es\/wp-json\/wp\/v2\/posts"}],"about":[{"href":"https:\/\/ktfnews.com\/es\/wp-json\/wp\/v2\/types\/post"}],"author":[{"embeddable":true,"href":"https:\/\/ktfnews.com\/es\/wp-json\/wp\/v2\/users\/6"}],"replies":[{"embeddable":true,"href":"https:\/\/ktfnews.com\/es\/wp-json\/wp\/v2\/comments?post=21295"}],"version-history":[{"count":2,"href":"https:\/\/ktfnews.com\/es\/wp-json\/wp\/v2\/posts\/21295\/revisions"}],"predecessor-version":[{"id":21308,"href":"https:\/\/ktfnews.com\/es\/wp-json\/wp\/v2\/posts\/21295\/revisions\/21308"}],"wp:featuredmedia":[{"embeddable":true,"href":"https:\/\/ktfnews.com\/es\/wp-json\/wp\/v2\/media\/21297"}],"wp:attachment":[{"href":"https:\/\/ktfnews.com\/es\/wp-json\/wp\/v2\/media?parent=21295"}],"wp:term":[{"taxonomy":"category","embeddable":true,"href":"https:\/\/ktfnews.com\/es\/wp-json\/wp\/v2\/categories?post=21295"},{"taxonomy":"post_tag","embeddable":true,"href":"https:\/\/ktfnews.com\/es\/wp-json\/wp\/v2\/tags?post=21295"}],"curies":[{"name":"wp","href":"https:\/\/api.w.org\/{rel}","templated":true}]}}