{"id":21280,"date":"2021-01-27T07:30:44","date_gmt":"2021-01-27T12:30:44","guid":{"rendered":"https:\/\/ktfnews.com\/?p=21280"},"modified":"2021-01-27T15:36:13","modified_gmt":"2021-01-27T20:36:13","slug":"world-food-program-head-warns-potential-famines-biblical-proportions-2021","status":"publish","type":"post","link":"https:\/\/ktfnews.com\/es\/world-food-program-head-warns-potential-famines-biblical-proportions-2021\/","title":{"rendered":"Director del Programa Mundial de Alimentos Advierte de Posibles Hambrunas de Proporciones B\u00edblicas\u00bb en 2021"},"content":{"rendered":"<p><i>The Christian Post<\/i>, por Samuel Smith: El director del Programa Mundial de Alimentos (PMA) cree que en 2021 podr\u00edan producirse \u00abhambrunas de proporciones b\u00edblicas\u00bb, ya que las luchas econ\u00f3micas de la COVID-19 podr\u00edan obstaculizar las respuestas mundiales a la escasez de alimentos causada por los conflictos militares, el aumento del extremismo isl\u00e1mico y las plagas de langostas. <\/p>\n<p>En una entrevista concedida a finales del a\u00f1o pasado a The Christian Post durante una visita a Washington D.C., el director ejecutivo del PMA, David Beasley, ex gobernador republicano de Carolina del Sur, expres\u00f3 su preocupaci\u00f3n por los problemas de financiaci\u00f3n que podr\u00edan presentarse en 2021. <\/p>\n<p>A pesar de haber recibido niveles hist\u00f3ricos de financiaci\u00f3n y de haber conducido a la rama de asistencia alimentaria de las Naciones Unidas a un Premio Nobel de la Paz desde que tom\u00f3 el tim\u00f3n en abril de 2017, Beasley, de 63 a\u00f1os, advirti\u00f3 que las realidades fiscales de la pandemia del COVID-19 podr\u00edan llevar a una disminuci\u00f3n de la financiaci\u00f3n en un momento en que hasta 270 millones podr\u00edan verse al borde de la inanici\u00f3n. <\/p>\n<p>\u00abCuando me incorpor\u00e9 al PMA, el n\u00famero de personas al borde de la inanici\u00f3n frente al hambre general era de 80 millones de personas\u00bb, explic\u00f3. \u00abHay un t\u00e9rmino t\u00e9cnico para eso. Pero eran 80 millones marchando hacia la inanici\u00f3n. Esa cifra se dispar\u00f3, subi\u00f3 a 135 millones a finales de [2019] principalmente por los conflictos provocados por el hombre, agravados adem\u00e1s por los extremos clim\u00e1ticos y los gobiernos desestabilizados o fr\u00e1giles\u00bb. Adem\u00e1s, llega el COVID y la cifra que preve\u00edamos en funci\u00f3n del deterioro econ\u00f3mico y debido a las decisiones del COVID es ahora de 270 millones de personas que van hacia el borde de la inanici\u00f3n.\u00bb<\/p>\n<p>El pasado mes de abril, cuando los gobiernos de todo el mundo estaban promulgando pol\u00edticas para responder a la pandemia, Beasley declar\u00f3 ante el Consejo de Seguridad de la ONU que el d\u00e9ficit de financiaci\u00f3n provocado por la pandemia podr\u00eda causar \u00abm\u00faltiples hambrunas de proporciones b\u00edblicas en unos pocos meses\u00bb.<\/p>\n<p>\u00abCreo que podr\u00eda ser mucho mayor. Depende de c\u00f3mo se definan las proporciones b\u00edblicas\u00bb, dijo Beasley a CP. \u00abEn el sentido gen\u00e9rico, 2021 va a ser catastr\u00f3fico a menos que recibamos un apoyo financiero extraordinario. Ya coment\u00e9 a finales de 2019 que 2020 iba a ser el peor a\u00f1o humanitario desde la Segunda Guerra Mundial. Expon\u00eda las razones. Luego, antes de que llegara 2020, las langostas del desierto se sumaron a eso, y entonces entr\u00f3 en escena el COVID.\u00bb<\/p>\n<p>\u00abSi no recibimos el apoyo que necesitamos y no se toman ciertas medidas internacionales, habr\u00e1 hambrunas de proporciones b\u00edblicas y desestabilizaci\u00f3n y migraci\u00f3n\u00bb, a\u00f1adi\u00f3. \u00abLa comunidad internacional respondi\u00f3 de forma muy significativa en 2020. Eso ha sido muy bueno y hemos podido evitar la hambruna este a\u00f1o\u00bb.<\/p>\n<p>El director subray\u00f3 que el problema para 2021 radica en que los presupuestos de los gobiernos para 2020 se fijaron en gran medida en 2019 sobre la base de fuertes indicadores econ\u00f3micos antes de que llegara la pandemia. El PMA recibe su financiaci\u00f3n en contribuciones de los gobiernos del mundo, as\u00ed como en donaciones individuales. En 2019, asisti\u00f3 a m\u00e1s de 97 millones de personas en 88 pa\u00edses.  <\/p>\n<p>\u00abCon unas perspectivas econ\u00f3micas s\u00f3lidas y unos indicadores de rendimiento excelentes, tuvimos una buena presupuesto\u00bb, dijo. \u00abEso era una buena noticia. Entonces, llega el COVID. Los pa\u00edses ricos aprobaron paquetes de est\u00edmulo econ\u00f3mico -entre 11 y 17 billones de d\u00f3lares de paquetes de est\u00edmulo econ\u00f3mico- para ayudar a reactivar la econom\u00eda y mantener las cosas en marcha sin tener una gran depresi\u00f3n econ\u00f3mica por culpa de los cierres y las paradas.\u00bb<\/p>\n<p>Beasley dijo que le preocupaban algunas de las decisiones que algunos gobiernos estaban tomando en respuesta a la COVID. <\/p>\n<p>\u00abLos dirigentes de aquella \u00e9poca tomaban decisiones sobre el COVID en el vac\u00edo, sin comprender el efecto domin\u00f3 econ\u00f3mico que se produce cuando se bloquea todo, sin comprender la log\u00edstica del suministro y todas estas din\u00e1micas diferentes\u00bb, dijo. <\/p>\n<p>\u00abNo se pueden tomar decisiones sobre el COVID en el vac\u00edo. Tenemos que trabajar juntos y podemos minimizar la muerte y la desestabilizaci\u00f3n y la migraci\u00f3n.\u00bb<\/p>\n<p>En noviembre, Beasley se reuni\u00f3 con legisladores estadounidenses y funcionarios de la Casa Blanca y del Departamento de Estado para hablar de la situaci\u00f3n mundial, y dijo que \u00abhay muchas cosas malas ah\u00ed afuera en este momento\u00bb.<\/p>\n<p>\u00abA pesar de lo que se puede leer en la prensa sobre el retroceso de Estados Unidos en su compromiso multilateral, en cuanto al Programa Mundial de Alimentos, Estados Unidos est\u00e1 dando un gran paso adelante\u00bb, asegur\u00f3 Beasley. \u00abCuando enciendes la televisi\u00f3n y lees cualquier noticia, parece que los republicanos y los dem\u00f3cratas se pelean por cualquier cosa. Pero cuando vengo a la ciudad y les pido que se re\u00fanan, dejan sus diferencias y sus armas y hacen las paces en este asunto. Lo llamo el milagro&#8230; porque los republicanos y los dem\u00f3cratas se unen\u00bb.<\/p>\n<p>El ex legislador dijo que Jes\u00fas utiliz\u00f3 la comida como \u00abarma de paz en muchos contextos diferentes\u00bb.<\/p>\n<p>\u00abDecimos que usamos la comida como arma de paz en todo el mundo, e incluso hemos usado la comida en Washington\u00bb, dijo. \u00abSi funciona aqu\u00ed, funcionar\u00e1 en todas partes\u00bb. <\/p>\n<p>Cuando Beasley asumi\u00f3 el cargo en 2017, el presupuesto anual de la agencia era de unos 5.900 millones de d\u00f3lares, con algo menos de 2.000 millones procedentes de Estados Unidos. <\/p>\n<p>\u00abTambi\u00e9n pude conseguir financiaci\u00f3n de Alemania, el Reino Unido y otros\u00bb, dijo. <\/p>\n<p>Tras asistir a cerca de 100 millones de personas que padecen inseguridad alimentaria aguda y hambre en 2019, el PMA ha recibido el Premio Nobel de la Paz 2020 por sus esfuerzos para combatir el hambre y generar mejores condiciones para la paz en las zonas afectadas por conflictos. <\/p>\n<p>Seg\u00fan el Comit\u00e9 Noruego del Nobel, el PMA act\u00faa \u00abcomo fuerza motriz en los esfuerzos para prevenir el uso del hambre como arma de guerra y conflicto.\u00bb<\/p>\n<p>Beasley record\u00f3 el d\u00eda en que le informaron de que el PMA hab\u00eda ganado el Premio Nobel. <\/p>\n<p>\u00abPocas veces me quedo sin palabras. Ese fue uno de los pocos momentos\u00bb, dijo. \u00abEse d\u00eda estaba en N\u00edger. Acab\u00e1bamos de estar sobre el terreno en una zona bastante dura, con grupos extremistas por todas partes. Est\u00e1bamos trabajando en cuestiones de acceso. Cuando no tenemos acceso, utilizan la comida como arma de reclutamiento. Alguien irrumpe en la puerta y dice \u00ab\u00a1Hemos ganado! Yo dec\u00eda: &#8216;Tienes que estar bromeando'\u00bb.<\/p>\n<p>Como el hambre se utiliza a menudo como arma de guerra, Beasley cree que \u00abpodemos acabar con el hambre\u00bb si \u00abpodemos acabar con las guerras\u00bb.<\/p>\n<p>Otro factor importante del hambre en 2020 ha sido la infestaci\u00f3n r\u00e9cord de langostas del desierto, que destruyen los cultivos, en varios pa\u00edses de \u00c1frica Oriental y Oriente Medio. <\/p>\n<p>La Organizaci\u00f3n de las Naciones Unidas para la Agricultura y la Alimentaci\u00f3n advirti\u00f3 el mes pasado que \u00abya se est\u00e1n formando nuevas nubes de langostas que amenazan con volver a invadir el norte de Kenia\u00bb, mientras que \u00abla cr\u00eda tambi\u00e9n est\u00e1 en marcha a ambos lados del Mar Rojo, lo que supone una nueva amenaza para Eritrea, Arabia Saud\u00ed, Sud\u00e1n y Yemen\u00bb.<\/p>\n<p>\u00abHemos hecho mucho trabajo y queda mucho por hacer. Hay mucha distracci\u00f3n por cosas obvias. Estamos avanzando, pero a\u00fan no hemos salido del atolladero\u00bb, dijo Beasley sobre la respuesta del PMA a la langosta. \u00abEl COVID realmente ha [retrasado] ese progreso. Todo el dinero que \u00edbamos a destinar a las langostas del desierto, te puedes imaginar, todo el mundo est\u00e1 luchando por cada d\u00f3lar ahora. Pero las langostas no est\u00e1n resueltas y se est\u00e1n moviendo\u00bb.<\/p>\n<p>Con millones de personas al borde de la inanici\u00f3n, Beasley cit\u00f3 el pasaje de \u00abel m\u00e1s peque\u00f1o de ellos\u00bb de Mateo 25 para afirmar que \u00abJes\u00fas est\u00e1 haciendo un punto claro aqu\u00ed\u00bb.<\/p>\n<p>\u00abTodo ser humano est\u00e1 hecho a imagen de Dios. Todo ser humano ha sido creado a imagen del Todopoderoso\u00bb, dijo. \u00abPero cuando negamos ese apoyo y amor humano, entonces estamos negando al Todopoderoso. Considero que todos son iguales y semejantes. Todo el mundo en la Tierra tiene derecho a [comer]\u00bb.<\/p>\n<p>Conexi\u00f3n Prof\u00e9tica:<br \/>\n\u00ab&#8230;Y habr\u00e1 hambres&#8230;\u00bb Mateo 24:7.<\/p>\n<hr>\n<h3>Source References<\/h3>\n<ul>\n<li>\n<h5><a href=\"https:\/\/www.christianpost.com\/news\/world-food-program-warns-of-famines-of-biblical-proportions.html\" target=\"_blank\">World Food Program head warns of potential famines of &#8216;biblical proportions&#8217; in 2021<\/a><\/h5>\n<\/li>\n<\/ul>\n<p><\/p>\n<!-- AddThis Advanced Settings generic via filter on the_content -->","protected":false},"excerpt":{"rendered":"<p>The Christian Post, por Samuel Smith: El director del Programa Mundial de Alimentos (PMA) cree que en 2021 podr\u00edan producirse \u00abhambrunas de proporciones b\u00edblicas\u00bb, ya que las luchas econ\u00f3micas de la COVID-19 podr\u00edan obstaculizar las respuestas mundiales a la escasez&#8230;<!-- AddThis Advanced Settings generic via filter on wp_trim_excerpt --><\/p>\n","protected":false},"author":6,"featured_media":21282,"comment_status":"open","ping_status":"open","sticky":false,"template":"","format":"standard","meta":{"episode_type":"","audio_file":"","duration":"","filesize":"","date_recorded":"","explicit":"","block":"","filesize_raw":"","_FSMCFIC_featured_image_caption":"Image: sille23 from Pixabay.com","_FSMCFIC_featured_image_nocaption":null,"_FSMCFIC_featured_image_hide":null,"_links_to":"","_links_to_target":""},"categories":[722,32],"tags":[223,2193,2678,578,1241,1198,2671,1769],"featured_image_urls":{"thumbnail":"https:\/\/ktfnews.com\/wp-content\/uploads\/2021\/01\/famine-3544048_1280-150x150.jpg","medium":"https:\/\/ktfnews.com\/wp-content\/uploads\/2021\/01\/famine-3544048_1280-300x200.jpg","medium_large":"https:\/\/ktfnews.com\/wp-content\/uploads\/2021\/01\/famine-3544048_1280-768x512.jpg","large":"https:\/\/ktfnews.com\/wp-content\/uploads\/2021\/01\/famine-3544048_1280-1024x682.jpg","team-small":"https:\/\/ktfnews.com\/wp-content\/uploads\/2021\/01\/famine-3544048_1280-138x162.jpg","team-overview":"https:\/\/ktfnews.com\/wp-content\/uploads\/2021\/01\/famine-3544048_1280-200x279.jpg","team-big":"https:\/\/ktfnews.com\/wp-content\/uploads\/2021\/01\/famine-3544048_1280-540x270.jpg","two-columns":"https:\/\/ktfnews.com\/wp-content\/uploads\/2021\/01\/famine-3544048_1280-379x242.jpg","one-column":"https:\/\/ktfnews.com\/wp-content\/uploads\/2021\/01\/famine-3544048_1280-379x242.jpg","mini-square":"https:\/\/ktfnews.com\/wp-content\/uploads\/2021\/01\/famine-3544048_1280-70x70.jpg","portfolio-widget-mainpage":"https:\/\/ktfnews.com\/wp-content\/uploads\/2021\/01\/famine-3544048_1280-335x195.jpg","portfolio-single-ajax":"https:\/\/ktfnews.com\/wp-content\/uploads\/2021\/01\/famine-3544048_1280-670x280.jpg","portfolio-single-big":"https:\/\/ktfnews.com\/wp-content\/uploads\/2021\/01\/famine-3544048_1280-685x480.jpg","portfolio-single-small":"https:\/\/ktfnews.com\/wp-content\/uploads\/2021\/01\/famine-3544048_1280-685x280.jpg","portfolio-single-full-big":"https:\/\/ktfnews.com\/wp-content\/uploads\/2021\/01\/famine-3544048_1280-960x590.jpg","portfolio-single-full-small":"https:\/\/ktfnews.com\/wp-content\/uploads\/2021\/01\/famine-3544048_1280-960x250.jpg","gallery-post":"https:\/\/ktfnews.com\/wp-content\/uploads\/2021\/01\/famine-3544048_1280-182x126.jpg","gallery-post-smaller":"https:\/\/ktfnews.com\/wp-content\/uploads\/2021\/01\/famine-3544048_1280-158x100.jpg","gallery-standard":"https:\/\/ktfnews.com\/wp-content\/uploads\/2021\/01\/famine-3544048_1280-257x169.jpg","tooltip-preview":"https:\/\/ktfnews.com\/wp-content\/uploads\/2021\/01\/famine-3544048_1280-227x133.jpg","widget-content-slider":"https:\/\/ktfnews.com\/wp-content\/uploads\/2021\/01\/famine-3544048_1280-230x137.jpg","post-top-articles":"https:\/\/ktfnews.com\/wp-content\/uploads\/2021\/01\/famine-3544048_1280-130x100.jpg","post-single-wide":"https:\/\/ktfnews.com\/wp-content\/uploads\/2021\/01\/famine-3544048_1280-595x360.jpg","post-single-wide-nocrop":"https:\/\/ktfnews.com\/wp-content\/uploads\/2021\/01\/famine-3544048_1280-595x397.jpg","post-single-wide-mobile":"https:\/\/ktfnews.com\/wp-content\/uploads\/2021\/01\/famine-3544048_1280-320x190.jpg","post-single-wide-small":"https:\/\/ktfnews.com\/wp-content\/uploads\/2021\/01\/famine-3544048_1280-595x190.jpg","post-single-square":"https:\/\/ktfnews.com\/wp-content\/uploads\/2021\/01\/famine-3544048_1280-120x120.jpg","post-single-full-small":"https:\/\/ktfnews.com\/wp-content\/uploads\/2021\/01\/famine-3544048_1280-950x360.jpg","post-single-full-big":"https:\/\/ktfnews.com\/wp-content\/uploads\/2021\/01\/famine-3544048_1280-950x590.jpg","photo-blog":"https:\/\/ktfnews.com\/wp-content\/uploads\/2021\/01\/famine-3544048_1280-768x512.jpg"},"appp_media":null,"yoast_head":"<!-- This site is optimized with the Yoast SEO plugin v17.3 - https:\/\/yoast.com\/wordpress\/plugins\/seo\/ -->\n<meta name=\"robots\" content=\"index, follow, max-snippet:-1, max-image-preview:large, max-video-preview:-1\" \/>\n<link rel=\"canonical\" href=\"https:\/\/ktfnews.com\/de\/world-food-program-head-warns-potential-famines-biblical-proportions-2021\/\" \/>\n<meta property=\"og:locale\" content=\"es_ES\" \/>\n<meta property=\"og:type\" content=\"article\" \/>\n<meta property=\"og:title\" content=\"[:en]World Food Program head warns of potential famines of &#039;biblical proportions&#039; in 2021[:es]Director del Programa Mundial de Alimentos Advierte de Posibles Hambrunas de Proporciones B\u00edblicas&quot; en 2021[:] - KEEP the FAITH\" \/>\n<meta property=\"og:description\" content=\"The Christian Post, por Samuel Smith: El director del Programa Mundial de Alimentos (PMA) cree que en 2021 podr\u00edan producirse \u00abhambrunas de proporciones b\u00edblicas\u00bb, ya que las luchas econ\u00f3micas de la COVID-19 podr\u00edan obstaculizar las respuestas mundiales a la escasez...\" \/>\n<meta property=\"og:url\" content=\"https:\/\/ktfnews.com\/de\/world-food-program-head-warns-potential-famines-biblical-proportions-2021\/\" \/>\n<meta property=\"og:site_name\" content=\"KEEP the FAITH\" \/>\n<meta property=\"article:publisher\" content=\"https:\/\/www.facebook.com\/ktfministry\" \/>\n<meta property=\"article:published_time\" content=\"2021-01-27T12:30:44+00:00\" \/>\n<meta property=\"article:modified_time\" content=\"2021-01-27T20:36:13+00:00\" \/>\n<meta property=\"og:image\" content=\"https:\/\/ktfnews.com\/wp-content\/uploads\/2021\/01\/famine-3544048_1280.jpg\" \/>\n\t<meta property=\"og:image:width\" content=\"1280\" \/>\n\t<meta property=\"og:image:height\" content=\"853\" \/>\n<meta name=\"twitter:card\" content=\"summary_large_image\" \/>\n<meta name=\"twitter:creator\" content=\"@ktfministry\" \/>\n<meta name=\"twitter:site\" content=\"@ktfministry\" \/>\n<meta name=\"twitter:label1\" content=\"Escrito por\" \/>\n\t<meta name=\"twitter:data1\" content=\"Pastor Hal Mayer\" \/>\n\t<meta name=\"twitter:label2\" content=\"Tiempo de lectura\" \/>\n\t<meta name=\"twitter:data2\" content=\"14 minutos\" \/>\n<script type=\"application\/ld+json\" class=\"yoast-schema-graph\">{\"@context\":\"https:\/\/schema.org\",\"@graph\":[{\"@type\":\"WebSite\",\"@id\":\"https:\/\/ktfnews.com\/#website\",\"url\":\"https:\/\/ktfnews.com\/\",\"name\":\"KEEP the FAITH\",\"description\":\"Preparing you for the final conflict between good and evil.\",\"potentialAction\":[{\"@type\":\"SearchAction\",\"target\":{\"@type\":\"EntryPoint\",\"urlTemplate\":\"https:\/\/ktfnews.com\/?s={search_term_string}\"},\"query-input\":\"required name=search_term_string\"}],\"inLanguage\":\"es\"},{\"@type\":\"ImageObject\",\"@id\":\"https:\/\/ktfnews.com\/de\/world-food-program-head-warns-potential-famines-biblical-proportions-2021\/#primaryimage\",\"inLanguage\":\"es\",\"url\":\"https:\/\/ktfnews.com\/wp-content\/uploads\/2021\/01\/famine-3544048_1280.jpg\",\"contentUrl\":\"https:\/\/ktfnews.com\/wp-content\/uploads\/2021\/01\/famine-3544048_1280.jpg\",\"width\":1280,\"height\":853},{\"@type\":\"WebPage\",\"@id\":\"https:\/\/ktfnews.com\/de\/world-food-program-head-warns-potential-famines-biblical-proportions-2021\/#webpage\",\"url\":\"https:\/\/ktfnews.com\/de\/world-food-program-head-warns-potential-famines-biblical-proportions-2021\/\",\"name\":\"[:en]World Food Program head warns of potential famines of 'biblical proportions' in 2021[:es]Director del Programa Mundial de Alimentos Advierte de Posibles Hambrunas de Proporciones B\\u00edblicas\\\" en 2021[:] - KEEP the FAITH\",\"isPartOf\":{\"@id\":\"https:\/\/ktfnews.com\/#website\"},\"primaryImageOfPage\":{\"@id\":\"https:\/\/ktfnews.com\/de\/world-food-program-head-warns-potential-famines-biblical-proportions-2021\/#primaryimage\"},\"datePublished\":\"2021-01-27T12:30:44+00:00\",\"dateModified\":\"2021-01-27T20:36:13+00:00\",\"author\":{\"@id\":\"https:\/\/ktfnews.com\/#\/schema\/person\/ba4174513d9169cf8e229b7d8d60410d\"},\"breadcrumb\":{\"@id\":\"https:\/\/ktfnews.com\/de\/world-food-program-head-warns-potential-famines-biblical-proportions-2021\/#breadcrumb\"},\"inLanguage\":\"es\",\"potentialAction\":[{\"@type\":\"ReadAction\",\"target\":[\"https:\/\/ktfnews.com\/de\/world-food-program-head-warns-potential-famines-biblical-proportions-2021\/\"]}]},{\"@type\":\"BreadcrumbList\",\"@id\":\"https:\/\/ktfnews.com\/de\/world-food-program-head-warns-potential-famines-biblical-proportions-2021\/#breadcrumb\",\"itemListElement\":[{\"@type\":\"ListItem\",\"position\":1,\"name\":\"Home\",\"item\":\"https:\/\/ktfnews.com\/\"},{\"@type\":\"ListItem\",\"position\":2,\"name\":\"Briefings\",\"item\":\"https:\/\/ktfnews.com\/category\/briefings\/\"},{\"@type\":\"ListItem\",\"position\":3,\"name\":\"World Food Program head warns of potential famines of &#8216;biblical proportions&#8217; in 2021\"}]},{\"@type\":\"Person\",\"@id\":\"https:\/\/ktfnews.com\/#\/schema\/person\/ba4174513d9169cf8e229b7d8d60410d\",\"name\":\"Pastor Hal Mayer\",\"image\":{\"@type\":\"ImageObject\",\"@id\":\"https:\/\/ktfnews.com\/#personlogo\",\"inLanguage\":\"es\",\"url\":\"https:\/\/secure.gravatar.com\/avatar\/051bac95ae650254c5a03467b9456599?s=96&d=mm&r=g\",\"contentUrl\":\"https:\/\/secure.gravatar.com\/avatar\/051bac95ae650254c5a03467b9456599?s=96&d=mm&r=g\",\"caption\":\"Pastor Hal Mayer\"},\"description\":\"Pastor Hal Mayer is speaker and director of Keep the Faith Ministry. For the last 20 years Pastor Mayer\\u2019s monthly prophetic analysis on CD and online has revealed the striking evidence of fulfilling prophecy to many thousands of subscribers all over the world. Pastor Mayer\\u2019s background in history and Bible prophecy give him unique insights and perspectives that have blessed many and helped them make a deeper commitment to the Lord. Keep the Faith Ministry helps those who want to keep abreast of fulfilling prophecy and who want to understand and navigate the unique and difficult circumstances of the end-times. Keep the Faith Ministry helps to prepare you for the second coming of Christ. Pastor Mayer is married to Betsy for more than 40 years. They have no children of their own. \\u201cThe times in which we live are thrilling, because the things prophesied in God\\u2019s word are actually coming to pass in this generation,\\u201d says Pastor Mayer. \\u201cIn a time when the distinctive end-time truths of God\\u2019s word are being censored, and life in this world is becoming more and more chaotic, Keep the Faith is a voice of strength and encouragement.\\u201d\",\"url\":\"https:\/\/ktfnews.com\/es\/author\/hal\/\"}]}<\/script>\n<!-- \/ Yoast SEO plugin. -->","yoast_head_json":{"robots":{"index":"index","follow":"follow","max-snippet":"max-snippet:-1","max-image-preview":"max-image-preview:large","max-video-preview":"max-video-preview:-1"},"canonical":"https:\/\/ktfnews.com\/de\/world-food-program-head-warns-potential-famines-biblical-proportions-2021\/","og_locale":"es_ES","og_type":"article","og_title":"[:en]World Food Program head warns of potential famines of 'biblical proportions' in 2021[:es]Director del Programa Mundial de Alimentos Advierte de Posibles Hambrunas de Proporciones B\u00edblicas\" en 2021[:] - KEEP the FAITH","og_description":"The Christian Post, por Samuel Smith: El director del Programa Mundial de Alimentos (PMA) cree que en 2021 podr\u00edan producirse \u00abhambrunas de proporciones b\u00edblicas\u00bb, ya que las luchas econ\u00f3micas de la COVID-19 podr\u00edan obstaculizar las respuestas mundiales a la escasez...","og_url":"https:\/\/ktfnews.com\/de\/world-food-program-head-warns-potential-famines-biblical-proportions-2021\/","og_site_name":"KEEP the FAITH","article_publisher":"https:\/\/www.facebook.com\/ktfministry","article_published_time":"2021-01-27T12:30:44+00:00","article_modified_time":"2021-01-27T20:36:13+00:00","og_image":[{"width":1280,"height":853,"url":"https:\/\/ktfnews.com\/wp-content\/uploads\/2021\/01\/famine-3544048_1280.jpg","type":"image\/jpeg"}],"twitter_card":"summary_large_image","twitter_creator":"@ktfministry","twitter_site":"@ktfministry","twitter_misc":{"Escrito por":"Pastor Hal Mayer","Tiempo de lectura":"14 minutos"},"schema":{"@context":"https:\/\/schema.org","@graph":[{"@type":"WebSite","@id":"https:\/\/ktfnews.com\/#website","url":"https:\/\/ktfnews.com\/","name":"KEEP the FAITH","description":"Preparing you for the final conflict between good and evil.","potentialAction":[{"@type":"SearchAction","target":{"@type":"EntryPoint","urlTemplate":"https:\/\/ktfnews.com\/?s={search_term_string}"},"query-input":"required name=search_term_string"}],"inLanguage":"es"},{"@type":"ImageObject","@id":"https:\/\/ktfnews.com\/de\/world-food-program-head-warns-potential-famines-biblical-proportions-2021\/#primaryimage","inLanguage":"es","url":"https:\/\/ktfnews.com\/wp-content\/uploads\/2021\/01\/famine-3544048_1280.jpg","contentUrl":"https:\/\/ktfnews.com\/wp-content\/uploads\/2021\/01\/famine-3544048_1280.jpg","width":1280,"height":853},{"@type":"WebPage","@id":"https:\/\/ktfnews.com\/de\/world-food-program-head-warns-potential-famines-biblical-proportions-2021\/#webpage","url":"https:\/\/ktfnews.com\/de\/world-food-program-head-warns-potential-famines-biblical-proportions-2021\/","name":"[:en]World Food Program head warns of potential famines of 'biblical proportions' in 2021[:es]Director del Programa Mundial de Alimentos Advierte de Posibles Hambrunas de Proporciones B\u00edblicas\" en 2021[:] - KEEP the FAITH","isPartOf":{"@id":"https:\/\/ktfnews.com\/#website"},"primaryImageOfPage":{"@id":"https:\/\/ktfnews.com\/de\/world-food-program-head-warns-potential-famines-biblical-proportions-2021\/#primaryimage"},"datePublished":"2021-01-27T12:30:44+00:00","dateModified":"2021-01-27T20:36:13+00:00","author":{"@id":"https:\/\/ktfnews.com\/#\/schema\/person\/ba4174513d9169cf8e229b7d8d60410d"},"breadcrumb":{"@id":"https:\/\/ktfnews.com\/de\/world-food-program-head-warns-potential-famines-biblical-proportions-2021\/#breadcrumb"},"inLanguage":"es","potentialAction":[{"@type":"ReadAction","target":["https:\/\/ktfnews.com\/de\/world-food-program-head-warns-potential-famines-biblical-proportions-2021\/"]}]},{"@type":"BreadcrumbList","@id":"https:\/\/ktfnews.com\/de\/world-food-program-head-warns-potential-famines-biblical-proportions-2021\/#breadcrumb","itemListElement":[{"@type":"ListItem","position":1,"name":"Home","item":"https:\/\/ktfnews.com\/"},{"@type":"ListItem","position":2,"name":"Briefings","item":"https:\/\/ktfnews.com\/category\/briefings\/"},{"@type":"ListItem","position":3,"name":"World Food Program head warns of potential famines of &#8216;biblical proportions&#8217; in 2021"}]},{"@type":"Person","@id":"https:\/\/ktfnews.com\/#\/schema\/person\/ba4174513d9169cf8e229b7d8d60410d","name":"Pastor Hal Mayer","image":{"@type":"ImageObject","@id":"https:\/\/ktfnews.com\/#personlogo","inLanguage":"es","url":"https:\/\/secure.gravatar.com\/avatar\/051bac95ae650254c5a03467b9456599?s=96&d=mm&r=g","contentUrl":"https:\/\/secure.gravatar.com\/avatar\/051bac95ae650254c5a03467b9456599?s=96&d=mm&r=g","caption":"Pastor Hal Mayer"},"description":"Pastor Hal Mayer is speaker and director of Keep the Faith Ministry. For the last 20 years Pastor Mayer\u2019s monthly prophetic analysis on CD and online has revealed the striking evidence of fulfilling prophecy to many thousands of subscribers all over the world. Pastor Mayer\u2019s background in history and Bible prophecy give him unique insights and perspectives that have blessed many and helped them make a deeper commitment to the Lord. Keep the Faith Ministry helps those who want to keep abreast of fulfilling prophecy and who want to understand and navigate the unique and difficult circumstances of the end-times. Keep the Faith Ministry helps to prepare you for the second coming of Christ. Pastor Mayer is married to Betsy for more than 40 years. They have no children of their own. \u201cThe times in which we live are thrilling, because the things prophesied in God\u2019s word are actually coming to pass in this generation,\u201d says Pastor Mayer. \u201cIn a time when the distinctive end-time truths of God\u2019s word are being censored, and life in this world is becoming more and more chaotic, Keep the Faith is a voice of strength and encouragement.\u201d","url":"https:\/\/ktfnews.com\/es\/author\/hal\/"}]}},"_links":{"self":[{"href":"https:\/\/ktfnews.com\/es\/wp-json\/wp\/v2\/posts\/21280"}],"collection":[{"href":"https:\/\/ktfnews.com\/es\/wp-json\/wp\/v2\/posts"}],"about":[{"href":"https:\/\/ktfnews.com\/es\/wp-json\/wp\/v2\/types\/post"}],"author":[{"embeddable":true,"href":"https:\/\/ktfnews.com\/es\/wp-json\/wp\/v2\/users\/6"}],"replies":[{"embeddable":true,"href":"https:\/\/ktfnews.com\/es\/wp-json\/wp\/v2\/comments?post=21280"}],"version-history":[{"count":3,"href":"https:\/\/ktfnews.com\/es\/wp-json\/wp\/v2\/posts\/21280\/revisions"}],"predecessor-version":[{"id":21294,"href":"https:\/\/ktfnews.com\/es\/wp-json\/wp\/v2\/posts\/21280\/revisions\/21294"}],"wp:featuredmedia":[{"embeddable":true,"href":"https:\/\/ktfnews.com\/es\/wp-json\/wp\/v2\/media\/21282"}],"wp:attachment":[{"href":"https:\/\/ktfnews.com\/es\/wp-json\/wp\/v2\/media?parent=21280"}],"wp:term":[{"taxonomy":"category","embeddable":true,"href":"https:\/\/ktfnews.com\/es\/wp-json\/wp\/v2\/categories?post=21280"},{"taxonomy":"post_tag","embeddable":true,"href":"https:\/\/ktfnews.com\/es\/wp-json\/wp\/v2\/tags?post=21280"}],"curies":[{"name":"wp","href":"https:\/\/api.w.org\/{rel}","templated":true}]}}