{"id":21274,"date":"2021-01-26T07:30:37","date_gmt":"2021-01-26T12:30:37","guid":{"rendered":"https:\/\/ktfnews.com\/?p=21274"},"modified":"2021-01-25T21:26:02","modified_gmt":"2021-01-26T02:26:02","slug":"rep-zeldin-neither-gov-cuomo-govt-official-power-detain-people-deem-health-risks","status":"publish","type":"post","link":"https:\/\/ktfnews.com\/es\/rep-zeldin-neither-gov-cuomo-govt-official-power-detain-people-deem-health-risks\/","title":{"rendered":"El Representante Zeldin: \u00abNi el Gobernador Cuomo ni Ning\u00fan Funcionario del Gobierno\u00bb Deber\u00edan Tener Poder para Detener a las Personas que Consideren un Riesgo para la Salud"},"content":{"rendered":"<p><i>CNS News<\/i>, por Craig Bannister: Un proyecto de ley presentado en la Asamblea del Estado de Nueva York privar\u00eda a los ciudadanos de derechos a los que no est\u00e1n dispuestos a renunciar, dijo el domingo el representante Lee Zeldin (republicano) en una declaraci\u00f3n en la que condenaba la ley propuesta.<\/p>\n<p>El proyecto de ley A416, presentado por el asamble\u00edsta dem\u00f3crata del estado de Nueva York, N. Nick Perry, dar\u00eda al gobernador Andrew Cuomo (dem\u00f3crata) la autoridad para retirar o detener a alguien que se considere una amenaza para la salud p\u00fablica en medio de la preocupaci\u00f3n por la pandemia de coronavirus &#8211; incluso si no presentan s\u00edntomas &#8211; informa la Christian Broadcast Network (CBN):<\/p>\n<p>Un proyecto de ley presentado por un asamble\u00edsta del estado de Nueva York otorgar\u00eda al gobernador Andrew Cuomo (dem\u00f3crata) la autoridad para retirar o detener a alguien que se considere una amenaza para la salud p\u00fablica en medio de la preocupaci\u00f3n por la pandemia de coronavirus\u00bb. <\/p>\n<p>\u00abEl proyecto de ley A416 de la Asamblea establece que un individuo o grupo de personas dudosas \u00abser\u00e1n detenidas en un centro m\u00e9dico u otro centro o local apropiado designado por el gobernador\u00bb.<\/p>\n<p>\u00abIncluso aquellos que no tengan una enfermedad pueden ser confinados si han tenido &#8216;contacto&#8217; con alguien que pudiera estar enfermo, a pesar de no tener s\u00edntomas\u00bb.<\/p>\n<p>El proyecto de ley es un \u00abasalto directo a nuestra garant\u00eda constitucional del debido proceso\u00bb, dijo el representante Zeldin en su declaraci\u00f3n, advirtiendo que el proyecto de ley \u00abotorgar\u00eda a los funcionarios, como el gobernador Andrew Cuomo y los funcionarios de salud del estado, la autoridad para retirar y detener a las personas que consideren una amenaza para la salud p\u00fablica, detenerlas hasta 3 d\u00edas h\u00e1biles sin una audiencia judicial y exigir &#8216;un curso apropiado de tratamiento, medicaci\u00f3n preventiva o vacunaci\u00f3n&#8217;.\u00bb<\/p>\n<p>\u00abEste proyecto de ley pretende despojarnos de libertades que no estamos dispuestos a ceder\u00bb, dijo Zeldin. \u00abEsta impactante legislaci\u00f3n no s\u00f3lo es enormemente perturbadora en su valor nominal, sino que es un asalto directo a nuestra garant\u00eda constitucional del debido proceso\u00bb.<\/p>\n<p>\u00abNi el gobernador Cuomo ni ning\u00fan funcionario del gobierno deber\u00eda ser el juez y el jurado con un poder como este, especialmente de forma unilateral y sin cuestionar\u00bb, dijo Zeldin.<\/p>\n<p>Se espera que la Asamblea aborde la medida el mi\u00e9rcoles.<\/p>\n<p>Nuestro comentario:<br \/>\n\u00bfSe detendr\u00e1 a los observadores del s\u00e1bado al final de los tiempos porque se les considera un riesgo espiritual?<\/p>\n<p>Conexi\u00f3n Prof\u00e9tica:<br \/>\n\u201cAlgunos ser\u00e1n encarcelados porque se negar\u00e1n a profanar el d\u00eda de reposo del Se\u00f1or.-PC 118 (1907).\u201d <i>Eventos de los \u00daltimos D\u00edas<\/i>, p\u00e1g. 153.<\/p>\n<hr>\n<h3>Source References<\/h3>\n<ul>\n<li>\n<h5><a href=\"https:\/\/www.cnsnews.com\/blog\/craig-bannister\/rep-zeldin-neither-gov-cuomo-nor-any-govt-official-should-have-power-detain\" target=\"_blank\">Rep. Zeldin: \u2018Neither Gov. Cuomo Nor Any Gov\u2019t Official\u2019 Should Have Power to Detain People They Deem Health Risks<\/a><\/h5>\n<\/li>\n<\/ul>\n<p><\/p>\n<!-- AddThis Advanced Settings generic via filter on the_content -->","protected":false},"excerpt":{"rendered":"<p>CNS News, por Craig Bannister: Un proyecto de ley presentado en la Asamblea del Estado de Nueva York privar\u00eda a los ciudadanos de derechos a los que no est\u00e1n dispuestos a renunciar, dijo el domingo el representante Lee Zeldin (republicano)&#8230;<!-- AddThis Advanced Settings generic via filter on wp_trim_excerpt --><\/p>\n","protected":false},"author":6,"featured_media":21276,"comment_status":"open","ping_status":"open","sticky":false,"template":"","format":"standard","meta":{"episode_type":"","audio_file":"","duration":"","filesize":"","date_recorded":"","explicit":"","block":"","filesize_raw":"","_FSMCFIC_featured_image_caption":"Image: U.S. Institute of Peace from Wikimedia Commons","_FSMCFIC_featured_image_nocaption":null,"_FSMCFIC_featured_image_hide":null,"_links_to":"","_links_to_target":""},"categories":[722,32],"tags":[1541,2670,888,42,1883,62,1010,2671,605],"featured_image_urls":{"thumbnail":"https:\/\/ktfnews.com\/wp-content\/uploads\/2021\/01\/Rep.-Zeldin_1-150x150.jpg","medium":"https:\/\/ktfnews.com\/wp-content\/uploads\/2021\/01\/Rep.-Zeldin_1-300x206.jpg","medium_large":"https:\/\/ktfnews.com\/wp-content\/uploads\/2021\/01\/Rep.-Zeldin_1-768x528.jpg","large":"https:\/\/ktfnews.com\/wp-content\/uploads\/2021\/01\/Rep.-Zeldin_1-1024x704.jpg","team-small":"https:\/\/ktfnews.com\/wp-content\/uploads\/2021\/01\/Rep.-Zeldin_1-138x162.jpg","team-overview":"https:\/\/ktfnews.com\/wp-content\/uploads\/2021\/01\/Rep.-Zeldin_1-200x279.jpg","team-big":"https:\/\/ktfnews.com\/wp-content\/uploads\/2021\/01\/Rep.-Zeldin_1-540x270.jpg","two-columns":"https:\/\/ktfnews.com\/wp-content\/uploads\/2021\/01\/Rep.-Zeldin_1-379x242.jpg","one-column":"https:\/\/ktfnews.com\/wp-content\/uploads\/2021\/01\/Rep.-Zeldin_1-379x242.jpg","mini-square":"https:\/\/ktfnews.com\/wp-content\/uploads\/2021\/01\/Rep.-Zeldin_1-70x70.jpg","portfolio-widget-mainpage":"https:\/\/ktfnews.com\/wp-content\/uploads\/2021\/01\/Rep.-Zeldin_1-335x195.jpg","portfolio-single-ajax":"https:\/\/ktfnews.com\/wp-content\/uploads\/2021\/01\/Rep.-Zeldin_1-670x280.jpg","portfolio-single-big":"https:\/\/ktfnews.com\/wp-content\/uploads\/2021\/01\/Rep.-Zeldin_1-685x480.jpg","portfolio-single-small":"https:\/\/ktfnews.com\/wp-content\/uploads\/2021\/01\/Rep.-Zeldin_1-685x280.jpg","portfolio-single-full-big":"https:\/\/ktfnews.com\/wp-content\/uploads\/2021\/01\/Rep.-Zeldin_1-960x590.jpg","portfolio-single-full-small":"https:\/\/ktfnews.com\/wp-content\/uploads\/2021\/01\/Rep.-Zeldin_1-960x250.jpg","gallery-post":"https:\/\/ktfnews.com\/wp-content\/uploads\/2021\/01\/Rep.-Zeldin_1-182x126.jpg","gallery-post-smaller":"https:\/\/ktfnews.com\/wp-content\/uploads\/2021\/01\/Rep.-Zeldin_1-158x100.jpg","gallery-standard":"https:\/\/ktfnews.com\/wp-content\/uploads\/2021\/01\/Rep.-Zeldin_1-257x169.jpg","tooltip-preview":"https:\/\/ktfnews.com\/wp-content\/uploads\/2021\/01\/Rep.-Zeldin_1-227x133.jpg","widget-content-slider":"https:\/\/ktfnews.com\/wp-content\/uploads\/2021\/01\/Rep.-Zeldin_1-230x137.jpg","post-top-articles":"https:\/\/ktfnews.com\/wp-content\/uploads\/2021\/01\/Rep.-Zeldin_1-130x100.jpg","post-single-wide":"https:\/\/ktfnews.com\/wp-content\/uploads\/2021\/01\/Rep.-Zeldin_1-595x360.jpg","post-single-wide-nocrop":"https:\/\/ktfnews.com\/wp-content\/uploads\/2021\/01\/Rep.-Zeldin_1-595x409.jpg","post-single-wide-mobile":"https:\/\/ktfnews.com\/wp-content\/uploads\/2021\/01\/Rep.-Zeldin_1-320x190.jpg","post-single-wide-small":"https:\/\/ktfnews.com\/wp-content\/uploads\/2021\/01\/Rep.-Zeldin_1-595x190.jpg","post-single-square":"https:\/\/ktfnews.com\/wp-content\/uploads\/2021\/01\/Rep.-Zeldin_1-120x120.jpg","post-single-full-small":"https:\/\/ktfnews.com\/wp-content\/uploads\/2021\/01\/Rep.-Zeldin_1-950x360.jpg","post-single-full-big":"https:\/\/ktfnews.com\/wp-content\/uploads\/2021\/01\/Rep.-Zeldin_1-950x590.jpg","photo-blog":"https:\/\/ktfnews.com\/wp-content\/uploads\/2021\/01\/Rep.-Zeldin_1-768x528.jpg"},"appp_media":null,"yoast_head":"<!-- This site is optimized with the Yoast SEO plugin v17.3 - https:\/\/yoast.com\/wordpress\/plugins\/seo\/ -->\n<meta name=\"robots\" content=\"index, follow, max-snippet:-1, max-image-preview:large, max-video-preview:-1\" \/>\n<link rel=\"canonical\" href=\"https:\/\/ktfnews.com\/es\/rep-zeldin-neither-gov-cuomo-govt-official-power-detain-people-deem-health-risks\/\" \/>\n<meta property=\"og:locale\" content=\"es_ES\" \/>\n<meta property=\"og:type\" content=\"article\" \/>\n<meta property=\"og:title\" content=\"[:en]Rep. Zeldin: \u2018Neither Gov. Cuomo nor Any Gov\u2019t Official\u2019 Should Have Power to Detain People They Deem Health Risks[:es]El Representante Zeldin: &quot;Ni el Gobernador Cuomo ni Ning\u00fan Funcionario del Gobierno&quot; Deber\u00edan Tener Poder para Detener a las Personas que Consideren un Riesgo para la Salud[:] - KEEP the FAITH\" \/>\n<meta property=\"og:description\" content=\"CNS News, por Craig Bannister: Un proyecto de ley presentado en la Asamblea del Estado de Nueva York privar\u00eda a los ciudadanos de derechos a los que no est\u00e1n dispuestos a renunciar, dijo el domingo el representante Lee Zeldin (republicano)...\" \/>\n<meta property=\"og:url\" content=\"https:\/\/ktfnews.com\/es\/rep-zeldin-neither-gov-cuomo-govt-official-power-detain-people-deem-health-risks\/\" \/>\n<meta property=\"og:site_name\" content=\"KEEP the FAITH\" \/>\n<meta property=\"article:publisher\" content=\"https:\/\/www.facebook.com\/ktfministry\" \/>\n<meta property=\"article:published_time\" content=\"2021-01-26T12:30:37+00:00\" \/>\n<meta property=\"article:modified_time\" content=\"2021-01-26T02:26:02+00:00\" \/>\n<meta property=\"og:image\" content=\"https:\/\/ktfnews.com\/wp-content\/uploads\/2021\/01\/Rep.-Zeldin_1.jpg\" \/>\n\t<meta property=\"og:image:width\" content=\"1224\" \/>\n\t<meta property=\"og:image:height\" content=\"842\" \/>\n<meta name=\"twitter:card\" content=\"summary_large_image\" \/>\n<meta name=\"twitter:creator\" content=\"@ktfministry\" \/>\n<meta name=\"twitter:site\" content=\"@ktfministry\" \/>\n<meta name=\"twitter:label1\" content=\"Escrito por\" \/>\n\t<meta name=\"twitter:data1\" content=\"Pastor Hal Mayer\" \/>\n\t<meta name=\"twitter:label2\" content=\"Tiempo de lectura\" \/>\n\t<meta name=\"twitter:data2\" content=\"4 minutos\" \/>\n<script type=\"application\/ld+json\" class=\"yoast-schema-graph\">{\"@context\":\"https:\/\/schema.org\",\"@graph\":[{\"@type\":\"WebSite\",\"@id\":\"https:\/\/ktfnews.com\/#website\",\"url\":\"https:\/\/ktfnews.com\/\",\"name\":\"KEEP the FAITH\",\"description\":\"Preparing you for the final conflict between good and evil.\",\"potentialAction\":[{\"@type\":\"SearchAction\",\"target\":{\"@type\":\"EntryPoint\",\"urlTemplate\":\"https:\/\/ktfnews.com\/?s={search_term_string}\"},\"query-input\":\"required name=search_term_string\"}],\"inLanguage\":\"es\"},{\"@type\":\"ImageObject\",\"@id\":\"https:\/\/ktfnews.com\/es\/rep-zeldin-neither-gov-cuomo-govt-official-power-detain-people-deem-health-risks\/#primaryimage\",\"inLanguage\":\"es\",\"url\":\"https:\/\/ktfnews.com\/wp-content\/uploads\/2021\/01\/Rep.-Zeldin_1.jpg\",\"contentUrl\":\"https:\/\/ktfnews.com\/wp-content\/uploads\/2021\/01\/Rep.-Zeldin_1.jpg\",\"width\":1224,\"height\":842},{\"@type\":\"WebPage\",\"@id\":\"https:\/\/ktfnews.com\/es\/rep-zeldin-neither-gov-cuomo-govt-official-power-detain-people-deem-health-risks\/#webpage\",\"url\":\"https:\/\/ktfnews.com\/es\/rep-zeldin-neither-gov-cuomo-govt-official-power-detain-people-deem-health-risks\/\",\"name\":\"[:en]Rep. Zeldin: \\u2018Neither Gov. Cuomo nor Any Gov\\u2019t Official\\u2019 Should Have Power to Detain People They Deem Health Risks[:es]El Representante Zeldin: \\\"Ni el Gobernador Cuomo ni Ning\\u00fan Funcionario del Gobierno\\\" Deber\\u00edan Tener Poder para Detener a las Personas que Consideren un Riesgo para la Salud[:] - KEEP the FAITH\",\"isPartOf\":{\"@id\":\"https:\/\/ktfnews.com\/#website\"},\"primaryImageOfPage\":{\"@id\":\"https:\/\/ktfnews.com\/es\/rep-zeldin-neither-gov-cuomo-govt-official-power-detain-people-deem-health-risks\/#primaryimage\"},\"datePublished\":\"2021-01-26T12:30:37+00:00\",\"dateModified\":\"2021-01-26T02:26:02+00:00\",\"author\":{\"@id\":\"https:\/\/ktfnews.com\/#\/schema\/person\/ba4174513d9169cf8e229b7d8d60410d\"},\"breadcrumb\":{\"@id\":\"https:\/\/ktfnews.com\/es\/rep-zeldin-neither-gov-cuomo-govt-official-power-detain-people-deem-health-risks\/#breadcrumb\"},\"inLanguage\":\"es\",\"potentialAction\":[{\"@type\":\"ReadAction\",\"target\":[\"https:\/\/ktfnews.com\/es\/rep-zeldin-neither-gov-cuomo-govt-official-power-detain-people-deem-health-risks\/\"]}]},{\"@type\":\"BreadcrumbList\",\"@id\":\"https:\/\/ktfnews.com\/es\/rep-zeldin-neither-gov-cuomo-govt-official-power-detain-people-deem-health-risks\/#breadcrumb\",\"itemListElement\":[{\"@type\":\"ListItem\",\"position\":1,\"name\":\"Home\",\"item\":\"https:\/\/ktfnews.com\/\"},{\"@type\":\"ListItem\",\"position\":2,\"name\":\"Briefings\",\"item\":\"https:\/\/ktfnews.com\/category\/briefings\/\"},{\"@type\":\"ListItem\",\"position\":3,\"name\":\"Rep. Zeldin: \\u2018Neither Gov. Cuomo nor Any Gov\\u2019t Official\\u2019 Should Have Power to Detain People They Deem Health Risks\"}]},{\"@type\":\"Person\",\"@id\":\"https:\/\/ktfnews.com\/#\/schema\/person\/ba4174513d9169cf8e229b7d8d60410d\",\"name\":\"Pastor Hal Mayer\",\"image\":{\"@type\":\"ImageObject\",\"@id\":\"https:\/\/ktfnews.com\/#personlogo\",\"inLanguage\":\"es\",\"url\":\"https:\/\/secure.gravatar.com\/avatar\/051bac95ae650254c5a03467b9456599?s=96&d=mm&r=g\",\"contentUrl\":\"https:\/\/secure.gravatar.com\/avatar\/051bac95ae650254c5a03467b9456599?s=96&d=mm&r=g\",\"caption\":\"Pastor Hal Mayer\"},\"description\":\"Pastor Hal Mayer is speaker and director of Keep the Faith Ministry. For the last 20 years Pastor Mayer\\u2019s monthly prophetic analysis on CD and online has revealed the striking evidence of fulfilling prophecy to many thousands of subscribers all over the world. Pastor Mayer\\u2019s background in history and Bible prophecy give him unique insights and perspectives that have blessed many and helped them make a deeper commitment to the Lord. Keep the Faith Ministry helps those who want to keep abreast of fulfilling prophecy and who want to understand and navigate the unique and difficult circumstances of the end-times. Keep the Faith Ministry helps to prepare you for the second coming of Christ. Pastor Mayer is married to Betsy for more than 40 years. They have no children of their own. \\u201cThe times in which we live are thrilling, because the things prophesied in God\\u2019s word are actually coming to pass in this generation,\\u201d says Pastor Mayer. \\u201cIn a time when the distinctive end-time truths of God\\u2019s word are being censored, and life in this world is becoming more and more chaotic, Keep the Faith is a voice of strength and encouragement.\\u201d\",\"url\":\"https:\/\/ktfnews.com\/es\/author\/hal\/\"}]}<\/script>\n<!-- \/ Yoast SEO plugin. -->","yoast_head_json":{"robots":{"index":"index","follow":"follow","max-snippet":"max-snippet:-1","max-image-preview":"max-image-preview:large","max-video-preview":"max-video-preview:-1"},"canonical":"https:\/\/ktfnews.com\/es\/rep-zeldin-neither-gov-cuomo-govt-official-power-detain-people-deem-health-risks\/","og_locale":"es_ES","og_type":"article","og_title":"[:en]Rep. Zeldin: \u2018Neither Gov. Cuomo nor Any Gov\u2019t Official\u2019 Should Have Power to Detain People They Deem Health Risks[:es]El Representante Zeldin: \"Ni el Gobernador Cuomo ni Ning\u00fan Funcionario del Gobierno\" Deber\u00edan Tener Poder para Detener a las Personas que Consideren un Riesgo para la Salud[:] - KEEP the FAITH","og_description":"CNS News, por Craig Bannister: Un proyecto de ley presentado en la Asamblea del Estado de Nueva York privar\u00eda a los ciudadanos de derechos a los que no est\u00e1n dispuestos a renunciar, dijo el domingo el representante Lee Zeldin (republicano)...","og_url":"https:\/\/ktfnews.com\/es\/rep-zeldin-neither-gov-cuomo-govt-official-power-detain-people-deem-health-risks\/","og_site_name":"KEEP the FAITH","article_publisher":"https:\/\/www.facebook.com\/ktfministry","article_published_time":"2021-01-26T12:30:37+00:00","article_modified_time":"2021-01-26T02:26:02+00:00","og_image":[{"width":1224,"height":842,"url":"https:\/\/ktfnews.com\/wp-content\/uploads\/2021\/01\/Rep.-Zeldin_1.jpg","type":"image\/jpeg"}],"twitter_card":"summary_large_image","twitter_creator":"@ktfministry","twitter_site":"@ktfministry","twitter_misc":{"Escrito por":"Pastor Hal Mayer","Tiempo de lectura":"4 minutos"},"schema":{"@context":"https:\/\/schema.org","@graph":[{"@type":"WebSite","@id":"https:\/\/ktfnews.com\/#website","url":"https:\/\/ktfnews.com\/","name":"KEEP the FAITH","description":"Preparing you for the final conflict between good and evil.","potentialAction":[{"@type":"SearchAction","target":{"@type":"EntryPoint","urlTemplate":"https:\/\/ktfnews.com\/?s={search_term_string}"},"query-input":"required name=search_term_string"}],"inLanguage":"es"},{"@type":"ImageObject","@id":"https:\/\/ktfnews.com\/es\/rep-zeldin-neither-gov-cuomo-govt-official-power-detain-people-deem-health-risks\/#primaryimage","inLanguage":"es","url":"https:\/\/ktfnews.com\/wp-content\/uploads\/2021\/01\/Rep.-Zeldin_1.jpg","contentUrl":"https:\/\/ktfnews.com\/wp-content\/uploads\/2021\/01\/Rep.-Zeldin_1.jpg","width":1224,"height":842},{"@type":"WebPage","@id":"https:\/\/ktfnews.com\/es\/rep-zeldin-neither-gov-cuomo-govt-official-power-detain-people-deem-health-risks\/#webpage","url":"https:\/\/ktfnews.com\/es\/rep-zeldin-neither-gov-cuomo-govt-official-power-detain-people-deem-health-risks\/","name":"[:en]Rep. Zeldin: \u2018Neither Gov. Cuomo nor Any Gov\u2019t Official\u2019 Should Have Power to Detain People They Deem Health Risks[:es]El Representante Zeldin: \"Ni el Gobernador Cuomo ni Ning\u00fan Funcionario del Gobierno\" Deber\u00edan Tener Poder para Detener a las Personas que Consideren un Riesgo para la Salud[:] - KEEP the FAITH","isPartOf":{"@id":"https:\/\/ktfnews.com\/#website"},"primaryImageOfPage":{"@id":"https:\/\/ktfnews.com\/es\/rep-zeldin-neither-gov-cuomo-govt-official-power-detain-people-deem-health-risks\/#primaryimage"},"datePublished":"2021-01-26T12:30:37+00:00","dateModified":"2021-01-26T02:26:02+00:00","author":{"@id":"https:\/\/ktfnews.com\/#\/schema\/person\/ba4174513d9169cf8e229b7d8d60410d"},"breadcrumb":{"@id":"https:\/\/ktfnews.com\/es\/rep-zeldin-neither-gov-cuomo-govt-official-power-detain-people-deem-health-risks\/#breadcrumb"},"inLanguage":"es","potentialAction":[{"@type":"ReadAction","target":["https:\/\/ktfnews.com\/es\/rep-zeldin-neither-gov-cuomo-govt-official-power-detain-people-deem-health-risks\/"]}]},{"@type":"BreadcrumbList","@id":"https:\/\/ktfnews.com\/es\/rep-zeldin-neither-gov-cuomo-govt-official-power-detain-people-deem-health-risks\/#breadcrumb","itemListElement":[{"@type":"ListItem","position":1,"name":"Home","item":"https:\/\/ktfnews.com\/"},{"@type":"ListItem","position":2,"name":"Briefings","item":"https:\/\/ktfnews.com\/category\/briefings\/"},{"@type":"ListItem","position":3,"name":"Rep. Zeldin: \u2018Neither Gov. Cuomo nor Any Gov\u2019t Official\u2019 Should Have Power to Detain People They Deem Health Risks"}]},{"@type":"Person","@id":"https:\/\/ktfnews.com\/#\/schema\/person\/ba4174513d9169cf8e229b7d8d60410d","name":"Pastor Hal Mayer","image":{"@type":"ImageObject","@id":"https:\/\/ktfnews.com\/#personlogo","inLanguage":"es","url":"https:\/\/secure.gravatar.com\/avatar\/051bac95ae650254c5a03467b9456599?s=96&d=mm&r=g","contentUrl":"https:\/\/secure.gravatar.com\/avatar\/051bac95ae650254c5a03467b9456599?s=96&d=mm&r=g","caption":"Pastor Hal Mayer"},"description":"Pastor Hal Mayer is speaker and director of Keep the Faith Ministry. For the last 20 years Pastor Mayer\u2019s monthly prophetic analysis on CD and online has revealed the striking evidence of fulfilling prophecy to many thousands of subscribers all over the world. Pastor Mayer\u2019s background in history and Bible prophecy give him unique insights and perspectives that have blessed many and helped them make a deeper commitment to the Lord. Keep the Faith Ministry helps those who want to keep abreast of fulfilling prophecy and who want to understand and navigate the unique and difficult circumstances of the end-times. Keep the Faith Ministry helps to prepare you for the second coming of Christ. Pastor Mayer is married to Betsy for more than 40 years. They have no children of their own. \u201cThe times in which we live are thrilling, because the things prophesied in God\u2019s word are actually coming to pass in this generation,\u201d says Pastor Mayer. \u201cIn a time when the distinctive end-time truths of God\u2019s word are being censored, and life in this world is becoming more and more chaotic, Keep the Faith is a voice of strength and encouragement.\u201d","url":"https:\/\/ktfnews.com\/es\/author\/hal\/"}]}},"_links":{"self":[{"href":"https:\/\/ktfnews.com\/es\/wp-json\/wp\/v2\/posts\/21274"}],"collection":[{"href":"https:\/\/ktfnews.com\/es\/wp-json\/wp\/v2\/posts"}],"about":[{"href":"https:\/\/ktfnews.com\/es\/wp-json\/wp\/v2\/types\/post"}],"author":[{"embeddable":true,"href":"https:\/\/ktfnews.com\/es\/wp-json\/wp\/v2\/users\/6"}],"replies":[{"embeddable":true,"href":"https:\/\/ktfnews.com\/es\/wp-json\/wp\/v2\/comments?post=21274"}],"version-history":[{"count":2,"href":"https:\/\/ktfnews.com\/es\/wp-json\/wp\/v2\/posts\/21274\/revisions"}],"predecessor-version":[{"id":21277,"href":"https:\/\/ktfnews.com\/es\/wp-json\/wp\/v2\/posts\/21274\/revisions\/21277"}],"wp:featuredmedia":[{"embeddable":true,"href":"https:\/\/ktfnews.com\/es\/wp-json\/wp\/v2\/media\/21276"}],"wp:attachment":[{"href":"https:\/\/ktfnews.com\/es\/wp-json\/wp\/v2\/media?parent=21274"}],"wp:term":[{"taxonomy":"category","embeddable":true,"href":"https:\/\/ktfnews.com\/es\/wp-json\/wp\/v2\/categories?post=21274"},{"taxonomy":"post_tag","embeddable":true,"href":"https:\/\/ktfnews.com\/es\/wp-json\/wp\/v2\/tags?post=21274"}],"curies":[{"name":"wp","href":"https:\/\/api.w.org\/{rel}","templated":true}]}}