{"id":21169,"date":"2021-01-07T07:30:55","date_gmt":"2021-01-07T12:30:55","guid":{"rendered":"https:\/\/ktfnews.com\/?p=21169"},"modified":"2021-01-06T21:13:36","modified_gmt":"2021-01-07T02:13:36","slug":"exposing-others-risk-crime-arent-prosecuting-reckless-covid-19-conduct","status":"publish","type":"post","link":"https:\/\/ktfnews.com\/es\/exposing-others-risk-crime-arent-prosecuting-reckless-covid-19-conduct\/","title":{"rendered":"Exponer a Otros al Riesgo es un Crimen. \u00bfPor Qu\u00e9 No Llevamos a Juicio la Conducta Imprudente de COVID-19?"},"content":{"rendered":"<p><i>USA Today<\/i>, por Geoffrey S. Corn y Rachel E. VanLandingham: No podemos encerrar el coronavirus en una celda y tirar la llave, por mucho que nos gustar\u00eda. Pero deber\u00edamos considerar darle a nuestro sistema de justicia la oportunidad de prevenir algunas de las imprudencias relacionadas con el COVID que seguimos viendo a nuestro alrededor, haciendo lo que se supone que hace el derecho penal: disuadir el comportamiento perjudicial.<\/p>\n<p>Primero, seamos francos. Cualquier propuesta para aprovechar el poder de las leyes penales para hacer frente a la crisis de COVID-19 conlleva riesgos obvios, sobre todo la aplicaci\u00f3n arbitraria o discriminatoria que contribuir\u00eda al escepticismo sobre la legitimidad de los esfuerzos del gobierno para controlar el virus. Este escepticismo ya existe como resultado de las desigualdades raciales, y las sanciones podr\u00edan exacerbarlo.<\/p>\n<p>Por ejemplo, sancionar el hecho de no llevar una m\u00e1scara otorga a la polic\u00eda una amplia discreci\u00f3n para decidir qui\u00e9n debe ser citado, lo que abre la puerta a una aplicaci\u00f3n de la ley potencialmente abusiva. A\u00fan as\u00ed, \u00bfestas leg\u00edtimas preocupaciones sist\u00e9micas justifican el ignorar completamente la sanci\u00f3n penal como un medio para responder al comportamiento peligroso?<\/p>\n<p>Las leyes penales pueden prevenir el da\u00f1o<\/p>\n<p>Cuando se aplica cuidadosa y justamente, el derecho penal &#8211; un reflejo de la condena moral colectiva de la sociedad por su comportamiento &#8211; tiene como objetivo disuadir y prevenir la conducta da\u00f1ina. Considere el aumento de la aplicaci\u00f3n de las sanciones penales por conducir en estado de embriaguez en las \u00faltimas d\u00e9cadas del siglo XX. Cuando los individuos se enfrentaron a la posibilidad real de ser arrestados por conducir bajo los efectos del alcohol, la conducci\u00f3n en estado de ebriedad disminuy\u00f3. Si bien la magnitud de esa onza de prevenci\u00f3n depende de factores como la rapidez de la tramitaci\u00f3n de los casos en los tribunales, el punto es v\u00e1lido: El derecho penal, cuando se aplica, puede prevenir los da\u00f1os.<\/p>\n<p>Es hora de preguntarse si estamos en un punto similar con la pandemia. Los Estados Unidos ya han superado las 319.000 muertes relacionadas con el COVID, sin embargo, demasiados estadounidenses siguen ignorando medidas de seguridad simples y potencialmente salvadoras de vidas con pleno conocimiento de que su conducta crea un riesgo injustificado para los dem\u00e1s. Lamentablemente, este riesgo no s\u00f3lo propaga la ansiedad y la enfermedad, sino que a veces tambi\u00e9n tiene consecuencias mortales. No deber\u00eda haber impunidad para una conducta tan imprudente.<\/p>\n<p>Un estudiante americano fue encarcelado en las Islas Caim\u00e1n la semana pasada por violar las estrictas reglas COVID-19 del territorio brit\u00e1nico. Los Estados Unidos deben empezar a tratar la exposici\u00f3n temeraria de otros a tal riesgo como lo que es: un crimen. Ya sea que se le acuse de violar las normas de salud p\u00fablica, de poner en peligro de manera imprudente o incluso de agresi\u00f3n criminal, el resultado final es que en alg\u00fan momento la gente debe rendir cuentas por su indiferencia hacia la salud y la seguridad de los dem\u00e1s con los que interact\u00faa. Y con la capacidad en evoluci\u00f3n de establecer un v\u00ednculo probatorio real entre esa indiferencia temeraria y la muerte resultante de COVID-19, incluso la perspectiva de un enjuiciamiento por homicidio involuntario no est\u00e1 descartada.<\/p>\n<p>Probar un crimen tan grave puede parecer inveros\u00edmil, pero no es un salto tan grande como algunos pueden suponer. Un ejemplo es un informe reciente sobre los trabajadores de un asilo de ancianos en el estado de Washington cuya decisi\u00f3n de asistir a una boda parece estar directamente relacionada con la muerte de algunos de sus pacientes. Como en el caso de la conducci\u00f3n en estado de embriaguez, en el que los fiscales pueden probar que la muerte de la v\u00edctima era una consecuencia razonablemente previsible de la imprudencia del acusado, el homicidio involuntario es un cargo apropiado.<\/p>\n<p>El enjuiciamiento penal por conducta temeraria sirve para disuadir a otros de poner en riesgo al resto de nosotros. Reconocemos que el enjuiciamiento de esos casos no ser\u00eda ni rutinario ni f\u00e1cil, y que ser\u00eda dif\u00edcil probar un v\u00ednculo causal entre la conducta imprudente de un acusado y la posterior muerte de COVID-19. No obstante, \u00bfjustifica este reto que sigamos encogi\u00e9ndonos de hombros ante una conducta tan descarada y a sabiendas tan arriesgada, es decir, imprudente?  \u00bfDeber\u00edan aquellos que imprudentemente ponen en peligro al resto de nosotros como resultado de este comportamiento hacerlo con impunidad?<\/p>\n<p>La libertad no es una licencia para ser imprudente <\/p>\n<p>Creemos que ha llegado el momento de que los fiscales examinen detenidamente estas cuestiones y la forma en que el ejercicio de su autoridad de enjuiciamiento puede contribuir al esfuerzo general de mitigar este riesgo de pandemia.<\/p>\n<p>En \u00faltima instancia, la cuesti\u00f3n no es si tal enjuiciamiento presentar\u00eda desaf\u00edos. En cambio, los estadounidenses deben preguntarse esto: \u00bfSigue siendo aceptable permitir que aquellos de nosotros que son plenamente conscientes del riesgo que infligen a los dem\u00e1s al ignorar las medidas de seguridad de COVID-19 sigan actuando con impunidad?<\/p>\n<p>La libertad individual es un valor americano muy apreciado, pero no da derecho a los individuos a poner en riesgo a otros a sabiendas. Como explic\u00f3 la Corte Suprema hace m\u00e1s de un siglo en un caso que impugnaba el castigo penal por negarse a aplicar una vacuna obligatoria contra la viruela, \u00abLa sociedad basada en la regla de que cada uno es una ley para s\u00ed mismo pronto se enfrentar\u00eda al desorden y la anarqu\u00eda\u00bb. La verdadera libertad para todos no podr\u00eda existir bajo la aplicaci\u00f3n de un principio que reconociera el derecho de cada persona a utilizar la suya propia, ya sea con respecto a su persona o a su propiedad, independientemente del da\u00f1o que pueda causarse a los dem\u00e1s\u00bb.<\/p>\n<p>Quienes confunden la libertad protegida con la irresponsabilidad, quienes optan por ignorar las medidas de seguridad p\u00fablica y ponen a otros en peligro, merecen enfrentar las consecuencias de su imprudencia. Es de esperar que la persecuci\u00f3n de esos casos disuada a otros con inclinaciones similares de hacer lo mismo, salvando as\u00ed vidas preciosas.  <\/p>\n<p>Nuestro Comentario:<br \/>\n\u00bfSe convertir\u00e1 la observancia del s\u00e1bado, cuando est\u00e1 prohibido por la ley, en una imprudencia perjudicial para los dem\u00e1s?<\/p>\n<p>Conexi\u00f3n Prof\u00e9tica:<br \/>\n\u201cEste argumento parecer\u00e1 concluyente y finalmente se expedir\u00e1 contra todos los que santifiquen el s\u00e1bado un decreto que los declare merecedores de las penas m\u00e1s severas y autorice al pueblo para que, pasado cierto tiempo, los mate. El romanismo en el Viejo Mundo y el protestantismo ap\u00f3stata en la Am\u00e9rica del Norte actuar\u00e1n de la misma manera contra los que honren todos los preceptos divinos.\u201d <i>El Conflicto de los Siglos<\/i>, p\u00e1g. 673.<\/p>\n<hr>\n<h3>Source References<\/h3>\n<ul>\n<li>\n<h5><a href=\"https:\/\/www.usatoday.com\/story\/opinion\/2020\/12\/22\/prosecute-covid-recklessness-prevent-future-deaths-column\/3983037001\/\" target=\"_blank\">Exposing others to risk is a crime. Why aren&#8217;t we prosecuting reckless COVID-19 conduct?<\/a><\/h5>\n<\/li>\n<\/ul>\n<p><\/p>\n<!-- AddThis Advanced Settings generic via filter on the_content -->","protected":false},"excerpt":{"rendered":"<p>USA Today, por Geoffrey S. Corn y Rachel E. VanLandingham: No podemos encerrar el coronavirus en una celda y tirar la llave, por mucho que nos gustar\u00eda. Pero deber\u00edamos considerar darle a nuestro sistema de justicia la oportunidad de prevenir&#8230;<!-- AddThis Advanced Settings generic via filter on wp_trim_excerpt --><\/p>\n","protected":false},"author":6,"featured_media":21171,"comment_status":"open","ping_status":"open","sticky":false,"template":"","format":"standard","meta":{"episode_type":"","audio_file":"","duration":"","filesize":"","date_recorded":"","explicit":"","block":"","filesize_raw":"","_FSMCFIC_featured_image_caption":"Image: Gerd Altmann from Pixabay.com","_FSMCFIC_featured_image_nocaption":null,"_FSMCFIC_featured_image_hide":null,"_links_to":"","_links_to_target":""},"categories":[722,32],"tags":[2670,2678,1294,2251,1751,2671,420],"featured_image_urls":{"thumbnail":"https:\/\/ktfnews.com\/wp-content\/uploads\/2021\/01\/mask-4787642_1280-150x150.jpg","medium":"https:\/\/ktfnews.com\/wp-content\/uploads\/2021\/01\/mask-4787642_1280-300x200.jpg","medium_large":"https:\/\/ktfnews.com\/wp-content\/uploads\/2021\/01\/mask-4787642_1280-768x512.jpg","large":"https:\/\/ktfnews.com\/wp-content\/uploads\/2021\/01\/mask-4787642_1280-1024x682.jpg","team-small":"https:\/\/ktfnews.com\/wp-content\/uploads\/2021\/01\/mask-4787642_1280-138x162.jpg","team-overview":"https:\/\/ktfnews.com\/wp-content\/uploads\/2021\/01\/mask-4787642_1280-200x279.jpg","team-big":"https:\/\/ktfnews.com\/wp-content\/uploads\/2021\/01\/mask-4787642_1280-540x270.jpg","two-columns":"https:\/\/ktfnews.com\/wp-content\/uploads\/2021\/01\/mask-4787642_1280-379x242.jpg","one-column":"https:\/\/ktfnews.com\/wp-content\/uploads\/2021\/01\/mask-4787642_1280-379x242.jpg","mini-square":"https:\/\/ktfnews.com\/wp-content\/uploads\/2021\/01\/mask-4787642_1280-70x70.jpg","portfolio-widget-mainpage":"https:\/\/ktfnews.com\/wp-content\/uploads\/2021\/01\/mask-4787642_1280-335x195.jpg","portfolio-single-ajax":"https:\/\/ktfnews.com\/wp-content\/uploads\/2021\/01\/mask-4787642_1280-670x280.jpg","portfolio-single-big":"https:\/\/ktfnews.com\/wp-content\/uploads\/2021\/01\/mask-4787642_1280-685x480.jpg","portfolio-single-small":"https:\/\/ktfnews.com\/wp-content\/uploads\/2021\/01\/mask-4787642_1280-685x280.jpg","portfolio-single-full-big":"https:\/\/ktfnews.com\/wp-content\/uploads\/2021\/01\/mask-4787642_1280-960x590.jpg","portfolio-single-full-small":"https:\/\/ktfnews.com\/wp-content\/uploads\/2021\/01\/mask-4787642_1280-960x250.jpg","gallery-post":"https:\/\/ktfnews.com\/wp-content\/uploads\/2021\/01\/mask-4787642_1280-182x126.jpg","gallery-post-smaller":"https:\/\/ktfnews.com\/wp-content\/uploads\/2021\/01\/mask-4787642_1280-158x100.jpg","gallery-standard":"https:\/\/ktfnews.com\/wp-content\/uploads\/2021\/01\/mask-4787642_1280-257x169.jpg","tooltip-preview":"https:\/\/ktfnews.com\/wp-content\/uploads\/2021\/01\/mask-4787642_1280-227x133.jpg","widget-content-slider":"https:\/\/ktfnews.com\/wp-content\/uploads\/2021\/01\/mask-4787642_1280-230x137.jpg","post-top-articles":"https:\/\/ktfnews.com\/wp-content\/uploads\/2021\/01\/mask-4787642_1280-130x100.jpg","post-single-wide":"https:\/\/ktfnews.com\/wp-content\/uploads\/2021\/01\/mask-4787642_1280-595x360.jpg","post-single-wide-nocrop":"https:\/\/ktfnews.com\/wp-content\/uploads\/2021\/01\/mask-4787642_1280-595x397.jpg","post-single-wide-mobile":"https:\/\/ktfnews.com\/wp-content\/uploads\/2021\/01\/mask-4787642_1280-320x190.jpg","post-single-wide-small":"https:\/\/ktfnews.com\/wp-content\/uploads\/2021\/01\/mask-4787642_1280-595x190.jpg","post-single-square":"https:\/\/ktfnews.com\/wp-content\/uploads\/2021\/01\/mask-4787642_1280-120x120.jpg","post-single-full-small":"https:\/\/ktfnews.com\/wp-content\/uploads\/2021\/01\/mask-4787642_1280-950x360.jpg","post-single-full-big":"https:\/\/ktfnews.com\/wp-content\/uploads\/2021\/01\/mask-4787642_1280-950x590.jpg","photo-blog":"https:\/\/ktfnews.com\/wp-content\/uploads\/2021\/01\/mask-4787642_1280-768x512.jpg"},"appp_media":null,"yoast_head":"<!-- This site is optimized with the Yoast SEO plugin v17.3 - https:\/\/yoast.com\/wordpress\/plugins\/seo\/ -->\n<meta name=\"robots\" content=\"index, follow, max-snippet:-1, max-image-preview:large, max-video-preview:-1\" \/>\n<link rel=\"canonical\" href=\"https:\/\/ktfnews.com\/exposing-others-risk-crime-arent-prosecuting-reckless-covid-19-conduct\/\" \/>\n<meta property=\"og:locale\" content=\"es_ES\" \/>\n<meta property=\"og:type\" content=\"article\" \/>\n<meta property=\"og:title\" content=\"[:en]Exposing others to risk is a crime. Why aren&#039;t we prosecuting reckless COVID-19 conduct?[:es]Exponer a Otros al Riesgo es un Crimen. \u00bfPor Qu\u00e9 No Llevamos a Juicio la Conducta Imprudente de COVID-19?[:] - KEEP the FAITH\" \/>\n<meta property=\"og:description\" content=\"USA Today, por Geoffrey S. Corn y Rachel E. VanLandingham: No podemos encerrar el coronavirus en una celda y tirar la llave, por mucho que nos gustar\u00eda. Pero deber\u00edamos considerar darle a nuestro sistema de justicia la oportunidad de prevenir...\" \/>\n<meta property=\"og:url\" content=\"https:\/\/ktfnews.com\/exposing-others-risk-crime-arent-prosecuting-reckless-covid-19-conduct\/\" \/>\n<meta property=\"og:site_name\" content=\"KEEP the FAITH\" \/>\n<meta property=\"article:publisher\" content=\"https:\/\/www.facebook.com\/ktfministry\" \/>\n<meta property=\"article:published_time\" content=\"2021-01-07T12:30:55+00:00\" \/>\n<meta property=\"article:modified_time\" content=\"2021-01-07T02:13:36+00:00\" \/>\n<meta property=\"og:image\" content=\"https:\/\/ktfnews.com\/wp-content\/uploads\/2021\/01\/mask-4787642_1280.jpg\" \/>\n\t<meta property=\"og:image:width\" content=\"1280\" \/>\n\t<meta property=\"og:image:height\" content=\"853\" \/>\n<meta name=\"twitter:card\" content=\"summary_large_image\" \/>\n<meta name=\"twitter:creator\" content=\"@ktfministry\" \/>\n<meta name=\"twitter:site\" content=\"@ktfministry\" \/>\n<meta name=\"twitter:label1\" content=\"Escrito por\" \/>\n\t<meta name=\"twitter:data1\" content=\"Pastor Hal Mayer\" \/>\n\t<meta name=\"twitter:label2\" content=\"Tiempo de lectura\" \/>\n\t<meta name=\"twitter:data2\" content=\"11 minutos\" \/>\n<script type=\"application\/ld+json\" class=\"yoast-schema-graph\">{\"@context\":\"https:\/\/schema.org\",\"@graph\":[{\"@type\":\"WebSite\",\"@id\":\"https:\/\/ktfnews.com\/#website\",\"url\":\"https:\/\/ktfnews.com\/\",\"name\":\"KEEP the FAITH\",\"description\":\"Preparing you for the final conflict between good and evil.\",\"potentialAction\":[{\"@type\":\"SearchAction\",\"target\":{\"@type\":\"EntryPoint\",\"urlTemplate\":\"https:\/\/ktfnews.com\/?s={search_term_string}\"},\"query-input\":\"required name=search_term_string\"}],\"inLanguage\":\"es\"},{\"@type\":\"ImageObject\",\"@id\":\"https:\/\/ktfnews.com\/exposing-others-risk-crime-arent-prosecuting-reckless-covid-19-conduct\/#primaryimage\",\"inLanguage\":\"es\",\"url\":\"https:\/\/ktfnews.com\/wp-content\/uploads\/2021\/01\/mask-4787642_1280.jpg\",\"contentUrl\":\"https:\/\/ktfnews.com\/wp-content\/uploads\/2021\/01\/mask-4787642_1280.jpg\",\"width\":1280,\"height\":853},{\"@type\":\"WebPage\",\"@id\":\"https:\/\/ktfnews.com\/exposing-others-risk-crime-arent-prosecuting-reckless-covid-19-conduct\/#webpage\",\"url\":\"https:\/\/ktfnews.com\/exposing-others-risk-crime-arent-prosecuting-reckless-covid-19-conduct\/\",\"name\":\"[:en]Exposing others to risk is a crime. Why aren't we prosecuting reckless COVID-19 conduct?[:es]Exponer a Otros al Riesgo es un Crimen. \\u00bfPor Qu\\u00e9 No Llevamos a Juicio la Conducta Imprudente de COVID-19?[:] - KEEP the FAITH\",\"isPartOf\":{\"@id\":\"https:\/\/ktfnews.com\/#website\"},\"primaryImageOfPage\":{\"@id\":\"https:\/\/ktfnews.com\/exposing-others-risk-crime-arent-prosecuting-reckless-covid-19-conduct\/#primaryimage\"},\"datePublished\":\"2021-01-07T12:30:55+00:00\",\"dateModified\":\"2021-01-07T02:13:36+00:00\",\"author\":{\"@id\":\"https:\/\/ktfnews.com\/#\/schema\/person\/ba4174513d9169cf8e229b7d8d60410d\"},\"breadcrumb\":{\"@id\":\"https:\/\/ktfnews.com\/exposing-others-risk-crime-arent-prosecuting-reckless-covid-19-conduct\/#breadcrumb\"},\"inLanguage\":\"es\",\"potentialAction\":[{\"@type\":\"ReadAction\",\"target\":[\"https:\/\/ktfnews.com\/exposing-others-risk-crime-arent-prosecuting-reckless-covid-19-conduct\/\"]}]},{\"@type\":\"BreadcrumbList\",\"@id\":\"https:\/\/ktfnews.com\/exposing-others-risk-crime-arent-prosecuting-reckless-covid-19-conduct\/#breadcrumb\",\"itemListElement\":[{\"@type\":\"ListItem\",\"position\":1,\"name\":\"Home\",\"item\":\"https:\/\/ktfnews.com\/\"},{\"@type\":\"ListItem\",\"position\":2,\"name\":\"Briefings\",\"item\":\"https:\/\/ktfnews.com\/category\/briefings\/\"},{\"@type\":\"ListItem\",\"position\":3,\"name\":\"Exposing others to risk is a crime. Why aren&#8217;t we prosecuting reckless COVID-19 conduct?\"}]},{\"@type\":\"Person\",\"@id\":\"https:\/\/ktfnews.com\/#\/schema\/person\/ba4174513d9169cf8e229b7d8d60410d\",\"name\":\"Pastor Hal Mayer\",\"image\":{\"@type\":\"ImageObject\",\"@id\":\"https:\/\/ktfnews.com\/#personlogo\",\"inLanguage\":\"es\",\"url\":\"https:\/\/secure.gravatar.com\/avatar\/051bac95ae650254c5a03467b9456599?s=96&d=mm&r=g\",\"contentUrl\":\"https:\/\/secure.gravatar.com\/avatar\/051bac95ae650254c5a03467b9456599?s=96&d=mm&r=g\",\"caption\":\"Pastor Hal Mayer\"},\"description\":\"Pastor Hal Mayer is speaker and director of Keep the Faith Ministry. For the last 20 years Pastor Mayer\\u2019s monthly prophetic analysis on CD and online has revealed the striking evidence of fulfilling prophecy to many thousands of subscribers all over the world. Pastor Mayer\\u2019s background in history and Bible prophecy give him unique insights and perspectives that have blessed many and helped them make a deeper commitment to the Lord. Keep the Faith Ministry helps those who want to keep abreast of fulfilling prophecy and who want to understand and navigate the unique and difficult circumstances of the end-times. Keep the Faith Ministry helps to prepare you for the second coming of Christ. Pastor Mayer is married to Betsy for more than 40 years. They have no children of their own. \\u201cThe times in which we live are thrilling, because the things prophesied in God\\u2019s word are actually coming to pass in this generation,\\u201d says Pastor Mayer. \\u201cIn a time when the distinctive end-time truths of God\\u2019s word are being censored, and life in this world is becoming more and more chaotic, Keep the Faith is a voice of strength and encouragement.\\u201d\",\"url\":\"https:\/\/ktfnews.com\/es\/author\/hal\/\"}]}<\/script>\n<!-- \/ Yoast SEO plugin. -->","yoast_head_json":{"robots":{"index":"index","follow":"follow","max-snippet":"max-snippet:-1","max-image-preview":"max-image-preview:large","max-video-preview":"max-video-preview:-1"},"canonical":"https:\/\/ktfnews.com\/exposing-others-risk-crime-arent-prosecuting-reckless-covid-19-conduct\/","og_locale":"es_ES","og_type":"article","og_title":"[:en]Exposing others to risk is a crime. Why aren't we prosecuting reckless COVID-19 conduct?[:es]Exponer a Otros al Riesgo es un Crimen. \u00bfPor Qu\u00e9 No Llevamos a Juicio la Conducta Imprudente de COVID-19?[:] - KEEP the FAITH","og_description":"USA Today, por Geoffrey S. Corn y Rachel E. VanLandingham: No podemos encerrar el coronavirus en una celda y tirar la llave, por mucho que nos gustar\u00eda. Pero deber\u00edamos considerar darle a nuestro sistema de justicia la oportunidad de prevenir...","og_url":"https:\/\/ktfnews.com\/exposing-others-risk-crime-arent-prosecuting-reckless-covid-19-conduct\/","og_site_name":"KEEP the FAITH","article_publisher":"https:\/\/www.facebook.com\/ktfministry","article_published_time":"2021-01-07T12:30:55+00:00","article_modified_time":"2021-01-07T02:13:36+00:00","og_image":[{"width":1280,"height":853,"url":"https:\/\/ktfnews.com\/wp-content\/uploads\/2021\/01\/mask-4787642_1280.jpg","type":"image\/jpeg"}],"twitter_card":"summary_large_image","twitter_creator":"@ktfministry","twitter_site":"@ktfministry","twitter_misc":{"Escrito por":"Pastor Hal Mayer","Tiempo de lectura":"11 minutos"},"schema":{"@context":"https:\/\/schema.org","@graph":[{"@type":"WebSite","@id":"https:\/\/ktfnews.com\/#website","url":"https:\/\/ktfnews.com\/","name":"KEEP the FAITH","description":"Preparing you for the final conflict between good and evil.","potentialAction":[{"@type":"SearchAction","target":{"@type":"EntryPoint","urlTemplate":"https:\/\/ktfnews.com\/?s={search_term_string}"},"query-input":"required name=search_term_string"}],"inLanguage":"es"},{"@type":"ImageObject","@id":"https:\/\/ktfnews.com\/exposing-others-risk-crime-arent-prosecuting-reckless-covid-19-conduct\/#primaryimage","inLanguage":"es","url":"https:\/\/ktfnews.com\/wp-content\/uploads\/2021\/01\/mask-4787642_1280.jpg","contentUrl":"https:\/\/ktfnews.com\/wp-content\/uploads\/2021\/01\/mask-4787642_1280.jpg","width":1280,"height":853},{"@type":"WebPage","@id":"https:\/\/ktfnews.com\/exposing-others-risk-crime-arent-prosecuting-reckless-covid-19-conduct\/#webpage","url":"https:\/\/ktfnews.com\/exposing-others-risk-crime-arent-prosecuting-reckless-covid-19-conduct\/","name":"[:en]Exposing others to risk is a crime. Why aren't we prosecuting reckless COVID-19 conduct?[:es]Exponer a Otros al Riesgo es un Crimen. \u00bfPor Qu\u00e9 No Llevamos a Juicio la Conducta Imprudente de COVID-19?[:] - KEEP the FAITH","isPartOf":{"@id":"https:\/\/ktfnews.com\/#website"},"primaryImageOfPage":{"@id":"https:\/\/ktfnews.com\/exposing-others-risk-crime-arent-prosecuting-reckless-covid-19-conduct\/#primaryimage"},"datePublished":"2021-01-07T12:30:55+00:00","dateModified":"2021-01-07T02:13:36+00:00","author":{"@id":"https:\/\/ktfnews.com\/#\/schema\/person\/ba4174513d9169cf8e229b7d8d60410d"},"breadcrumb":{"@id":"https:\/\/ktfnews.com\/exposing-others-risk-crime-arent-prosecuting-reckless-covid-19-conduct\/#breadcrumb"},"inLanguage":"es","potentialAction":[{"@type":"ReadAction","target":["https:\/\/ktfnews.com\/exposing-others-risk-crime-arent-prosecuting-reckless-covid-19-conduct\/"]}]},{"@type":"BreadcrumbList","@id":"https:\/\/ktfnews.com\/exposing-others-risk-crime-arent-prosecuting-reckless-covid-19-conduct\/#breadcrumb","itemListElement":[{"@type":"ListItem","position":1,"name":"Home","item":"https:\/\/ktfnews.com\/"},{"@type":"ListItem","position":2,"name":"Briefings","item":"https:\/\/ktfnews.com\/category\/briefings\/"},{"@type":"ListItem","position":3,"name":"Exposing others to risk is a crime. Why aren&#8217;t we prosecuting reckless COVID-19 conduct?"}]},{"@type":"Person","@id":"https:\/\/ktfnews.com\/#\/schema\/person\/ba4174513d9169cf8e229b7d8d60410d","name":"Pastor Hal Mayer","image":{"@type":"ImageObject","@id":"https:\/\/ktfnews.com\/#personlogo","inLanguage":"es","url":"https:\/\/secure.gravatar.com\/avatar\/051bac95ae650254c5a03467b9456599?s=96&d=mm&r=g","contentUrl":"https:\/\/secure.gravatar.com\/avatar\/051bac95ae650254c5a03467b9456599?s=96&d=mm&r=g","caption":"Pastor Hal Mayer"},"description":"Pastor Hal Mayer is speaker and director of Keep the Faith Ministry. For the last 20 years Pastor Mayer\u2019s monthly prophetic analysis on CD and online has revealed the striking evidence of fulfilling prophecy to many thousands of subscribers all over the world. Pastor Mayer\u2019s background in history and Bible prophecy give him unique insights and perspectives that have blessed many and helped them make a deeper commitment to the Lord. Keep the Faith Ministry helps those who want to keep abreast of fulfilling prophecy and who want to understand and navigate the unique and difficult circumstances of the end-times. Keep the Faith Ministry helps to prepare you for the second coming of Christ. Pastor Mayer is married to Betsy for more than 40 years. They have no children of their own. \u201cThe times in which we live are thrilling, because the things prophesied in God\u2019s word are actually coming to pass in this generation,\u201d says Pastor Mayer. \u201cIn a time when the distinctive end-time truths of God\u2019s word are being censored, and life in this world is becoming more and more chaotic, Keep the Faith is a voice of strength and encouragement.\u201d","url":"https:\/\/ktfnews.com\/es\/author\/hal\/"}]}},"_links":{"self":[{"href":"https:\/\/ktfnews.com\/es\/wp-json\/wp\/v2\/posts\/21169"}],"collection":[{"href":"https:\/\/ktfnews.com\/es\/wp-json\/wp\/v2\/posts"}],"about":[{"href":"https:\/\/ktfnews.com\/es\/wp-json\/wp\/v2\/types\/post"}],"author":[{"embeddable":true,"href":"https:\/\/ktfnews.com\/es\/wp-json\/wp\/v2\/users\/6"}],"replies":[{"embeddable":true,"href":"https:\/\/ktfnews.com\/es\/wp-json\/wp\/v2\/comments?post=21169"}],"version-history":[{"count":2,"href":"https:\/\/ktfnews.com\/es\/wp-json\/wp\/v2\/posts\/21169\/revisions"}],"predecessor-version":[{"id":21172,"href":"https:\/\/ktfnews.com\/es\/wp-json\/wp\/v2\/posts\/21169\/revisions\/21172"}],"wp:featuredmedia":[{"embeddable":true,"href":"https:\/\/ktfnews.com\/es\/wp-json\/wp\/v2\/media\/21171"}],"wp:attachment":[{"href":"https:\/\/ktfnews.com\/es\/wp-json\/wp\/v2\/media?parent=21169"}],"wp:term":[{"taxonomy":"category","embeddable":true,"href":"https:\/\/ktfnews.com\/es\/wp-json\/wp\/v2\/categories?post=21169"},{"taxonomy":"post_tag","embeddable":true,"href":"https:\/\/ktfnews.com\/es\/wp-json\/wp\/v2\/tags?post=21169"}],"curies":[{"name":"wp","href":"https:\/\/api.w.org\/{rel}","templated":true}]}}